{"id":57260,"date":"2020-04-06T11:14:13","date_gmt":"2020-04-06T15:14:13","guid":{"rendered":"https:\/\/recursing-golick.147-182-135-0.plesk.page\/?p=57260"},"modified":"2020-04-07T22:09:49","modified_gmt":"2020-04-08T02:09:49","slug":"en-espagne-des-benevoles-fabriquent-et-livrent-des-masques-faciaux","status":"publish","type":"post","link":"https:\/\/interamerica.org\/fr\/2020\/04\/en-espagne-des-benevoles-fabriquent-et-livrent-des-masques-faciaux\/","title":{"rendered":"En Espagne, des b\u00e9n\u00e9voles fabriquent et livrent des masques faciaux."},"content":{"rendered":"<p>Le 3 avril 2020 | Valence, Espagne | Marcos Paseggi\u00a0d\u2019<em>Adventist Review<\/em><\/p>\n<p>Un groupe de b\u00e9n\u00e9voles de l\u2019Agence de d\u00e9veloppement et de secours adventiste (ADRA) d\u2019Espagne ainsi qu\u2019un nouveau groupe du nom de <em>Covidmakers<\/em> utilisent des imprimantes et de la technologie 3D pour fabriquer des \u00e9crans (ou masques) faciaux, qui sont ensuite offerts aux h\u00f4pitaux, aux \u00e9tablissements de soins de sant\u00e9 et aux r\u00e9sidences pour personnes \u00e2g\u00e9es du Camp de Morvedre, en Valence.<\/p>\n<p>Selon une publication du 31 mars dernier de <em>Revista Adventista Espa\u00f1a<\/em>\u00a0(<em>Adventist Review Espagne<\/em>), les dirigeants locaux d\u2019ADRA ont rapport\u00e9 que, depuis le 26 mars, des b\u00e9n\u00e9voles ont distribu\u00e9 leurs 220 premiers \u00e9crans faciaux dans les diff\u00e9rents \u00e9tablissements, y compris l\u2019H\u00f4pital de Sagunto, situ\u00e9 pr\u00e8s du Coll\u00e8ge adventiste de Sagunto.<\/p>\n<p>Les b\u00e9n\u00e9voles qui travaillent sur ce projet ont dit fabriquer deux types d\u2019\u00e9crans faciaux. Le premier est plus simple alors que l\u2019autre est de qualit\u00e9 sup\u00e9rieure, destin\u00e9 aux travailleurs de la sant\u00e9 de premi\u00e8re ligne qui se battent directement contre la COVID-19. Selon les dirigeants, des montures de base sont d\u2019abord fabriqu\u00e9es \u00e0 l\u2019aide des imprimantes 3D. Ensuite, les \u00e9crans sont assembl\u00e9s par le m\u00eame groupe. Les b\u00e9n\u00e9voles livrent aussi les \u00e9crans dans les \u00e9tablissements m\u00e9dicaux de la r\u00e9gion.<\/p>\n<div style=\"width: 832px\" class=\"wp-caption aligncenter\"><img fetchpriority=\"high\" decoding=\"async\" class=\"\" src=\"https:\/\/recursing-golick.147-182-135-0.plesk.page\/wp-content\/uploads\/2020\/04\/spain-masks1.jpeg\" alt=\"\" width=\"822\" height=\"462\" \/><p class=\"wp-caption-text\">Une professionnelle de la sant\u00e9 sourit derri\u00e8re son masque apr\u00e8s avoir re\u00e7u une vingtaine d\u2019\u00e9crans faciaux fabriqu\u00e9s par des b\u00e9n\u00e9voles. Tous les masques sont offerts aux travailleurs de premi\u00e8re ligne dans les \u00e9tablissements de soins de sant\u00e9 du Camp de Morvedre, dans la province espagnole de Valence. Une photo de Pedro Llorca d\u2019ADRA Camp de Morvedre.<\/p><\/div>\n<p>\u00ab\u00a0Les gens qui travaillent en \u00e9tablissement de soins de sant\u00e9 ont re\u00e7u un \u00e9cran facial, m\u00eame s\u2019ils ne prennent pas directement soin de patients souffrant de la COVID-19, ont rapport\u00e9 les coordonnateurs du projet. Les \u00e9crans faciaux de base ont \u00e9t\u00e9 livr\u00e9s aux personnes qui travaillent dans l\u2019administration, en poste de soins infirmiers g\u00e9n\u00e9raux ou au triage. Les \u00e9crans faciaux de qualit\u00e9 sup\u00e9rieure ont \u00e9t\u00e9 envoy\u00e9s aux sp\u00e9cialistes en endoscopie, aux travailleurs des unit\u00e9s de soins intensifs et aux pneumologues.\u00a0\u00bb<\/p>\n<p>Les b\u00e9n\u00e9voles travaillent \u00e9galement \u00e0 la conversion de masques de plong\u00e9e, qui seront, ils esp\u00e8rent, utiles pour les patients dont l\u2019\u00e9tat de sant\u00e9 n\u2019est pas trop s\u00e9v\u00e8re. D\u2019autres personnes de la population environnante sont \u00e9galement en train de coudre des jaquettes et des bonnets d\u2019h\u00f4pital.<\/p>\n<p>\u00ab\u00a0Nous demandons \u00e0 tous ceux qui peuvent offrir des fournitures de base ou de l\u2019aide en logistique de contacter notre bureau r\u00e9gional, ont dit les dirigeants d\u2019ADRA. Nous avons \u00e9galement besoin d\u2019aide pour assembler les masques. Les b\u00e9n\u00e9voles sont donc pri\u00e9s de venir nous rencontrer.\u00a0\u00bb<\/p>\n<p><strong>D\u2019autres projets<\/strong><\/p>\n<p>Plusieurs heures au sud-ouest de Sagunto, \u00e0 El Puerto, dans la province de Cadix, le bureau r\u00e9gional d\u2019ADRA travaille avec le gouvernement local pour offrir un toit et des services essentiels aux sans-abri de la ville. Les b\u00e9n\u00e9voles distribuent \u00e9galement de la nourriture aux personnes dans le besoin.<\/p>\n<div style=\"width: 638px\" class=\"wp-caption aligncenter\"><img decoding=\"async\" class=\"\" src=\"https:\/\/recursing-golick.147-182-135-0.plesk.page\/wp-content\/uploads\/2020\/04\/spain-masks2.jpeg\" alt=\"\" width=\"628\" height=\"593\" \/><p class=\"wp-caption-text\">Les b\u00e9n\u00e9voles assemblent des \u00e9crans faciaux \u00e0 distribuer dans les \u00e9tablissements de soins de sant\u00e9 et les r\u00e9sidences pour personnes \u00e2g\u00e9es du Camp de Morvedre, dans la province espagnole de Valence. Ce sont ADRA et d\u2019autres b\u00e9n\u00e9voles qui fabriquent les montures \u00e0 partir d\u2019imprimantes 3D. Une photo de Pedro Llorca d\u2019ADRA Camp de Morvedre.<\/p><\/div>\n<p>Carmen Lara, coordonnatrice des services sociaux de la ville, a remerci\u00e9 ADRA publiquement pour son soutien, qui, selon elle, permettra tr\u00e8s bient\u00f4t l\u2019ouverture d\u2019un nouveau refuge pour sans-abri.<\/p>\n<p>Les dirigeants r\u00e9gionaux d\u2019ADRA ont rapport\u00e9 que les sans-abri et les personnes d\u00e9favoris\u00e9es y auront acc\u00e8s \u00e0 des douches chaudes, un endroit pour dormir ainsi que trois repas par jour.<\/p>\n<p>L\u2019\u00e9tablissement municipal qui a \u00e9t\u00e9 adapt\u00e9 en refuge pour sans-abri \u00e9tait utilis\u00e9 par ADRA comme entrep\u00f4t de la nourriture qui \u00e9tait r\u00e9guli\u00e8rement distribu\u00e9e aux familles dans le besoin.<\/p>\n<p>Les dirigeants d\u2019ADRA ont rapport\u00e9 que cette nourriture serait d\u00e9plac\u00e9e dans un autre b\u00e2timent et que le gouvernement municipal allait couvrir les frais li\u00e9s au d\u00e9m\u00e9nagement.<\/p>\n<p>\u00ab\u00a0De notre nouvelle adresse, nous continuerons de distribuer des sacs de nourriture aux familles dans le besoin\u00a0\u00bb, ont-ils dit.<\/p>\n<p>Pedro Llorca et Esther Az\u00f3n ont contribu\u00e9 \u00e0 ce projet.<\/p>\n<p>Traduction : Marie-Mich\u00e8le Robitaille<\/p>\n","protected":false},"excerpt":{"rendered":"<p>Le 3 avril 2020 | Valence, Espagne | Marcos Paseggi\u00a0d\u2019Adventist Review Un groupe de b\u00e9n\u00e9voles de l\u2019Agence de d\u00e9veloppement et de secours adventiste (ADRA) d\u2019Espagne ainsi qu\u2019un nouveau groupe du&#8230;<\/p>\n","protected":false},"author":3,"featured_media":57068,"comment_status":"open","ping_status":"closed","sticky":false,"template":"","format":"standard","meta":{"_acf_changed":false,"footnotes":""},"categories":[18,19],"tags":[],"class_list":["post-57260","post","type-post","status-publish","format-standard","has-post-thumbnail","hentry","category-nouvelles-de-leglise-mondiale","category-rss-francais"],"acf":[],"yoast_head":"<!-- This site is optimized with the Yoast SEO plugin v27.3 - https:\/\/yoast.com\/product\/yoast-seo-wordpress\/ -->\n<title>En Espagne, des b\u00e9n\u00e9voles fabriquent et livrent des masques faciaux. - \u00c9glise Adventiste Du Septieme Jour - Inter Am\u00e9rique Division<\/title>\n<meta name=\"robots\" content=\"index, follow, max-snippet:-1, max-image-preview:large, max-video-preview:-1\" \/>\n<link rel=\"canonical\" href=\"https:\/\/interamerica.org\/fr\/2020\/04\/en-espagne-des-benevoles-fabriquent-et-livrent-des-masques-faciaux\/\" \/>\n<meta property=\"og:locale\" content=\"fr_FR\" \/>\n<meta property=\"og:type\" content=\"article\" \/>\n<meta property=\"og:title\" content=\"En Espagne, des b\u00e9n\u00e9voles fabriquent et livrent des masques faciaux. - \u00c9glise Adventiste Du Septieme Jour - Inter Am\u00e9rique Division\" \/>\n<meta property=\"og:description\" content=\"Le 3 avril 2020 | Valence, Espagne | Marcos Paseggi\u00a0d\u2019Adventist Review Un groupe de b\u00e9n\u00e9voles de l\u2019Agence de d\u00e9veloppement et de secours adventiste (ADRA) d\u2019Espagne ainsi qu\u2019un nouveau groupe du...\" \/>\n<meta property=\"og:url\" content=\"https:\/\/interamerica.org\/fr\/2020\/04\/en-espagne-des-benevoles-fabriquent-et-livrent-des-masques-faciaux\/\" \/>\n<meta property=\"og:site_name\" content=\"\u00c9glise Adventiste Du Septieme Jour - Inter Am\u00e9rique Division\" \/>\n<meta property=\"article:published_time\" content=\"2020-04-06T15:14:13+00:00\" \/>\n<meta property=\"article:modified_time\" content=\"2020-04-08T02:09:49+00:00\" \/>\n<meta property=\"og:image\" content=\"https:\/\/interamerica.org\/wp-content\/uploads\/2020\/04\/in-spain-volunteers-help-to-print-and-deliver-face-shields-1280.jpg\" \/>\n\t<meta property=\"og:image:width\" content=\"1280\" \/>\n\t<meta property=\"og:image:height\" content=\"800\" \/>\n\t<meta property=\"og:image:type\" content=\"image\/jpeg\" \/>\n<meta name=\"author\" content=\"libna\" \/>\n<meta name=\"twitter:card\" content=\"summary_large_image\" \/>\n<meta name=\"twitter:label1\" content=\"\u00c9crit par\" \/>\n\t<meta name=\"twitter:data1\" content=\"libna\" \/>\n\t<meta name=\"twitter:label2\" content=\"Dur\u00e9e de lecture estim\u00e9e\" \/>\n\t<meta name=\"twitter:data2\" content=\"4 minutes\" \/>\n<script type=\"application\/ld+json\" class=\"yoast-schema-graph\">{\"@context\":\"https:\\\/\\\/schema.org\",\"@graph\":[{\"@type\":\"Article\",\"@id\":\"https:\\\/\\\/interamerica.org\\\/fr\\\/2020\\\/04\\\/en-espagne-des-benevoles-fabriquent-et-livrent-des-masques-faciaux\\\/#article\",\"isPartOf\":{\"@id\":\"https:\\\/\\\/interamerica.org\\\/fr\\\/2020\\\/04\\\/en-espagne-des-benevoles-fabriquent-et-livrent-des-masques-faciaux\\\/\"},\"author\":{\"name\":\"libna\",\"@id\":\"https:\\\/\\\/interamerica.org\\\/fr\\\/#\\\/schema\\\/person\\\/29998f2bc2d8bd0d38662909289b54f1\"},\"headline\":\"En Espagne, des b\u00e9n\u00e9voles fabriquent et livrent des masques faciaux.\",\"datePublished\":\"2020-04-06T15:14:13+00:00\",\"dateModified\":\"2020-04-08T02:09:49+00:00\",\"mainEntityOfPage\":{\"@id\":\"https:\\\/\\\/interamerica.org\\\/fr\\\/2020\\\/04\\\/en-espagne-des-benevoles-fabriquent-et-livrent-des-masques-faciaux\\\/\"},\"wordCount\":794,\"commentCount\":0,\"image\":{\"@id\":\"https:\\\/\\\/interamerica.org\\\/fr\\\/2020\\\/04\\\/en-espagne-des-benevoles-fabriquent-et-livrent-des-masques-faciaux\\\/#primaryimage\"},\"thumbnailUrl\":\"https:\\\/\\\/interamerica.org\\\/wp-content\\\/uploads\\\/2020\\\/04\\\/in-spain-volunteers-help-to-print-and-deliver-face-shields-1280.jpg\",\"articleSection\":[\"Nouvelles de l'\u00c9glise mondiale\",\"RSS Fran\u00e7ais\"],\"inLanguage\":\"fr-FR\",\"potentialAction\":[{\"@type\":\"CommentAction\",\"name\":\"Comment\",\"target\":[\"https:\\\/\\\/interamerica.org\\\/fr\\\/2020\\\/04\\\/en-espagne-des-benevoles-fabriquent-et-livrent-des-masques-faciaux\\\/#respond\"]}]},{\"@type\":\"WebPage\",\"@id\":\"https:\\\/\\\/interamerica.org\\\/fr\\\/2020\\\/04\\\/en-espagne-des-benevoles-fabriquent-et-livrent-des-masques-faciaux\\\/\",\"url\":\"https:\\\/\\\/interamerica.org\\\/fr\\\/2020\\\/04\\\/en-espagne-des-benevoles-fabriquent-et-livrent-des-masques-faciaux\\\/\",\"name\":\"En Espagne, des b\u00e9n\u00e9voles fabriquent et livrent des masques faciaux. - \u00c9glise Adventiste Du Septieme Jour - Inter Am\u00e9rique Division\",\"isPartOf\":{\"@id\":\"https:\\\/\\\/interamerica.org\\\/fr\\\/#website\"},\"primaryImageOfPage\":{\"@id\":\"https:\\\/\\\/interamerica.org\\\/fr\\\/2020\\\/04\\\/en-espagne-des-benevoles-fabriquent-et-livrent-des-masques-faciaux\\\/#primaryimage\"},\"image\":{\"@id\":\"https:\\\/\\\/interamerica.org\\\/fr\\\/2020\\\/04\\\/en-espagne-des-benevoles-fabriquent-et-livrent-des-masques-faciaux\\\/#primaryimage\"},\"thumbnailUrl\":\"https:\\\/\\\/interamerica.org\\\/wp-content\\\/uploads\\\/2020\\\/04\\\/in-spain-volunteers-help-to-print-and-deliver-face-shields-1280.jpg\",\"datePublished\":\"2020-04-06T15:14:13+00:00\",\"dateModified\":\"2020-04-08T02:09:49+00:00\",\"author\":{\"@id\":\"https:\\\/\\\/interamerica.org\\\/fr\\\/#\\\/schema\\\/person\\\/29998f2bc2d8bd0d38662909289b54f1\"},\"breadcrumb\":{\"@id\":\"https:\\\/\\\/interamerica.org\\\/fr\\\/2020\\\/04\\\/en-espagne-des-benevoles-fabriquent-et-livrent-des-masques-faciaux\\\/#breadcrumb\"},\"inLanguage\":\"fr-FR\",\"potentialAction\":[{\"@type\":\"ReadAction\",\"target\":[\"https:\\\/\\\/interamerica.org\\\/fr\\\/2020\\\/04\\\/en-espagne-des-benevoles-fabriquent-et-livrent-des-masques-faciaux\\\/\"]}]},{\"@type\":\"ImageObject\",\"inLanguage\":\"fr-FR\",\"@id\":\"https:\\\/\\\/interamerica.org\\\/fr\\\/2020\\\/04\\\/en-espagne-des-benevoles-fabriquent-et-livrent-des-masques-faciaux\\\/#primaryimage\",\"url\":\"https:\\\/\\\/interamerica.org\\\/wp-content\\\/uploads\\\/2020\\\/04\\\/in-spain-volunteers-help-to-print-and-deliver-face-shields-1280.jpg\",\"contentUrl\":\"https:\\\/\\\/interamerica.org\\\/wp-content\\\/uploads\\\/2020\\\/04\\\/in-spain-volunteers-help-to-print-and-deliver-face-shields-1280.jpg\",\"width\":1280,\"height\":800},{\"@type\":\"BreadcrumbList\",\"@id\":\"https:\\\/\\\/interamerica.org\\\/fr\\\/2020\\\/04\\\/en-espagne-des-benevoles-fabriquent-et-livrent-des-masques-faciaux\\\/#breadcrumb\",\"itemListElement\":[{\"@type\":\"ListItem\",\"position\":1,\"name\":\"Home\",\"item\":\"https:\\\/\\\/interamerica.org\\\/fr\\\/\"},{\"@type\":\"ListItem\",\"position\":2,\"name\":\"En Espagne, des b\u00e9n\u00e9voles fabriquent et livrent des masques faciaux.\"}]},{\"@type\":\"WebSite\",\"@id\":\"https:\\\/\\\/interamerica.org\\\/fr\\\/#website\",\"url\":\"https:\\\/\\\/interamerica.org\\\/fr\\\/\",\"name\":\"\u00c9glise Adventiste Du Septieme Jour - Inter Am\u00e9rique Division\",\"description\":\"\",\"potentialAction\":[{\"@type\":\"SearchAction\",\"target\":{\"@type\":\"EntryPoint\",\"urlTemplate\":\"https:\\\/\\\/interamerica.org\\\/fr\\\/?s={search_term_string}\"},\"query-input\":{\"@type\":\"PropertyValueSpecification\",\"valueRequired\":true,\"valueName\":\"search_term_string\"}}],\"inLanguage\":\"fr-FR\"},{\"@type\":\"Person\",\"@id\":\"https:\\\/\\\/interamerica.org\\\/fr\\\/#\\\/schema\\\/person\\\/29998f2bc2d8bd0d38662909289b54f1\",\"name\":\"libna\",\"image\":{\"@type\":\"ImageObject\",\"inLanguage\":\"fr-FR\",\"@id\":\"https:\\\/\\\/secure.gravatar.com\\\/avatar\\\/7c5bd30ae4b47a9ba3c856590957fd1d96dc588bf3ac05719d247e126840331f?s=96&d=mm&r=g\",\"url\":\"https:\\\/\\\/secure.gravatar.com\\\/avatar\\\/7c5bd30ae4b47a9ba3c856590957fd1d96dc588bf3ac05719d247e126840331f?s=96&d=mm&r=g\",\"contentUrl\":\"https:\\\/\\\/secure.gravatar.com\\\/avatar\\\/7c5bd30ae4b47a9ba3c856590957fd1d96dc588bf3ac05719d247e126840331f?s=96&d=mm&r=g\",\"caption\":\"libna\"}}]}<\/script>\n<!-- \/ Yoast SEO plugin. -->","yoast_head_json":{"title":"En Espagne, des b\u00e9n\u00e9voles fabriquent et livrent des masques faciaux. - \u00c9glise Adventiste Du Septieme Jour - Inter Am\u00e9rique Division","robots":{"index":"index","follow":"follow","max-snippet":"max-snippet:-1","max-image-preview":"max-image-preview:large","max-video-preview":"max-video-preview:-1"},"canonical":"https:\/\/interamerica.org\/fr\/2020\/04\/en-espagne-des-benevoles-fabriquent-et-livrent-des-masques-faciaux\/","og_locale":"fr_FR","og_type":"article","og_title":"En Espagne, des b\u00e9n\u00e9voles fabriquent et livrent des masques faciaux. - \u00c9glise Adventiste Du Septieme Jour - Inter Am\u00e9rique Division","og_description":"Le 3 avril 2020 | Valence, Espagne | Marcos Paseggi\u00a0d\u2019Adventist Review Un groupe de b\u00e9n\u00e9voles de l\u2019Agence de d\u00e9veloppement et de secours adventiste (ADRA) d\u2019Espagne ainsi qu\u2019un nouveau groupe du...","og_url":"https:\/\/interamerica.org\/fr\/2020\/04\/en-espagne-des-benevoles-fabriquent-et-livrent-des-masques-faciaux\/","og_site_name":"\u00c9glise Adventiste Du Septieme Jour - Inter Am\u00e9rique Division","article_published_time":"2020-04-06T15:14:13+00:00","article_modified_time":"2020-04-08T02:09:49+00:00","og_image":[{"width":1280,"height":800,"url":"https:\/\/interamerica.org\/wp-content\/uploads\/2020\/04\/in-spain-volunteers-help-to-print-and-deliver-face-shields-1280.jpg","type":"image\/jpeg"}],"author":"libna","twitter_card":"summary_large_image","twitter_misc":{"\u00c9crit par":"libna","Dur\u00e9e de lecture estim\u00e9e":"4 minutes"},"schema":{"@context":"https:\/\/schema.org","@graph":[{"@type":"Article","@id":"https:\/\/interamerica.org\/fr\/2020\/04\/en-espagne-des-benevoles-fabriquent-et-livrent-des-masques-faciaux\/#article","isPartOf":{"@id":"https:\/\/interamerica.org\/fr\/2020\/04\/en-espagne-des-benevoles-fabriquent-et-livrent-des-masques-faciaux\/"},"author":{"name":"libna","@id":"https:\/\/interamerica.org\/fr\/#\/schema\/person\/29998f2bc2d8bd0d38662909289b54f1"},"headline":"En Espagne, des b\u00e9n\u00e9voles fabriquent et livrent des masques faciaux.","datePublished":"2020-04-06T15:14:13+00:00","dateModified":"2020-04-08T02:09:49+00:00","mainEntityOfPage":{"@id":"https:\/\/interamerica.org\/fr\/2020\/04\/en-espagne-des-benevoles-fabriquent-et-livrent-des-masques-faciaux\/"},"wordCount":794,"commentCount":0,"image":{"@id":"https:\/\/interamerica.org\/fr\/2020\/04\/en-espagne-des-benevoles-fabriquent-et-livrent-des-masques-faciaux\/#primaryimage"},"thumbnailUrl":"https:\/\/interamerica.org\/wp-content\/uploads\/2020\/04\/in-spain-volunteers-help-to-print-and-deliver-face-shields-1280.jpg","articleSection":["Nouvelles de l'\u00c9glise mondiale","RSS Fran\u00e7ais"],"inLanguage":"fr-FR","potentialAction":[{"@type":"CommentAction","name":"Comment","target":["https:\/\/interamerica.org\/fr\/2020\/04\/en-espagne-des-benevoles-fabriquent-et-livrent-des-masques-faciaux\/#respond"]}]},{"@type":"WebPage","@id":"https:\/\/interamerica.org\/fr\/2020\/04\/en-espagne-des-benevoles-fabriquent-et-livrent-des-masques-faciaux\/","url":"https:\/\/interamerica.org\/fr\/2020\/04\/en-espagne-des-benevoles-fabriquent-et-livrent-des-masques-faciaux\/","name":"En Espagne, des b\u00e9n\u00e9voles fabriquent et livrent des masques faciaux. - \u00c9glise Adventiste Du Septieme Jour - Inter Am\u00e9rique Division","isPartOf":{"@id":"https:\/\/interamerica.org\/fr\/#website"},"primaryImageOfPage":{"@id":"https:\/\/interamerica.org\/fr\/2020\/04\/en-espagne-des-benevoles-fabriquent-et-livrent-des-masques-faciaux\/#primaryimage"},"image":{"@id":"https:\/\/interamerica.org\/fr\/2020\/04\/en-espagne-des-benevoles-fabriquent-et-livrent-des-masques-faciaux\/#primaryimage"},"thumbnailUrl":"https:\/\/interamerica.org\/wp-content\/uploads\/2020\/04\/in-spain-volunteers-help-to-print-and-deliver-face-shields-1280.jpg","datePublished":"2020-04-06T15:14:13+00:00","dateModified":"2020-04-08T02:09:49+00:00","author":{"@id":"https:\/\/interamerica.org\/fr\/#\/schema\/person\/29998f2bc2d8bd0d38662909289b54f1"},"breadcrumb":{"@id":"https:\/\/interamerica.org\/fr\/2020\/04\/en-espagne-des-benevoles-fabriquent-et-livrent-des-masques-faciaux\/#breadcrumb"},"inLanguage":"fr-FR","potentialAction":[{"@type":"ReadAction","target":["https:\/\/interamerica.org\/fr\/2020\/04\/en-espagne-des-benevoles-fabriquent-et-livrent-des-masques-faciaux\/"]}]},{"@type":"ImageObject","inLanguage":"fr-FR","@id":"https:\/\/interamerica.org\/fr\/2020\/04\/en-espagne-des-benevoles-fabriquent-et-livrent-des-masques-faciaux\/#primaryimage","url":"https:\/\/interamerica.org\/wp-content\/uploads\/2020\/04\/in-spain-volunteers-help-to-print-and-deliver-face-shields-1280.jpg","contentUrl":"https:\/\/interamerica.org\/wp-content\/uploads\/2020\/04\/in-spain-volunteers-help-to-print-and-deliver-face-shields-1280.jpg","width":1280,"height":800},{"@type":"BreadcrumbList","@id":"https:\/\/interamerica.org\/fr\/2020\/04\/en-espagne-des-benevoles-fabriquent-et-livrent-des-masques-faciaux\/#breadcrumb","itemListElement":[{"@type":"ListItem","position":1,"name":"Home","item":"https:\/\/interamerica.org\/fr\/"},{"@type":"ListItem","position":2,"name":"En Espagne, des b\u00e9n\u00e9voles fabriquent et livrent des masques faciaux."}]},{"@type":"WebSite","@id":"https:\/\/interamerica.org\/fr\/#website","url":"https:\/\/interamerica.org\/fr\/","name":"\u00c9glise Adventiste Du Septieme Jour - Inter Am\u00e9rique Division","description":"","potentialAction":[{"@type":"SearchAction","target":{"@type":"EntryPoint","urlTemplate":"https:\/\/interamerica.org\/fr\/?s={search_term_string}"},"query-input":{"@type":"PropertyValueSpecification","valueRequired":true,"valueName":"search_term_string"}}],"inLanguage":"fr-FR"},{"@type":"Person","@id":"https:\/\/interamerica.org\/fr\/#\/schema\/person\/29998f2bc2d8bd0d38662909289b54f1","name":"libna","image":{"@type":"ImageObject","inLanguage":"fr-FR","@id":"https:\/\/secure.gravatar.com\/avatar\/7c5bd30ae4b47a9ba3c856590957fd1d96dc588bf3ac05719d247e126840331f?s=96&d=mm&r=g","url":"https:\/\/secure.gravatar.com\/avatar\/7c5bd30ae4b47a9ba3c856590957fd1d96dc588bf3ac05719d247e126840331f?s=96&d=mm&r=g","contentUrl":"https:\/\/secure.gravatar.com\/avatar\/7c5bd30ae4b47a9ba3c856590957fd1d96dc588bf3ac05719d247e126840331f?s=96&d=mm&r=g","caption":"libna"}}]}},"_links":{"self":[{"href":"https:\/\/interamerica.org\/fr\/wp-json\/wp\/v2\/posts\/57260","targetHints":{"allow":["GET"]}}],"collection":[{"href":"https:\/\/interamerica.org\/fr\/wp-json\/wp\/v2\/posts"}],"about":[{"href":"https:\/\/interamerica.org\/fr\/wp-json\/wp\/v2\/types\/post"}],"author":[{"embeddable":true,"href":"https:\/\/interamerica.org\/fr\/wp-json\/wp\/v2\/users\/3"}],"replies":[{"embeddable":true,"href":"https:\/\/interamerica.org\/fr\/wp-json\/wp\/v2\/comments?post=57260"}],"version-history":[{"count":0,"href":"https:\/\/interamerica.org\/fr\/wp-json\/wp\/v2\/posts\/57260\/revisions"}],"wp:featuredmedia":[{"embeddable":true,"href":"https:\/\/interamerica.org\/fr\/wp-json\/wp\/v2\/media\/57068"}],"wp:attachment":[{"href":"https:\/\/interamerica.org\/fr\/wp-json\/wp\/v2\/media?parent=57260"}],"wp:term":[{"taxonomy":"category","embeddable":true,"href":"https:\/\/interamerica.org\/fr\/wp-json\/wp\/v2\/categories?post=57260"},{"taxonomy":"post_tag","embeddable":true,"href":"https:\/\/interamerica.org\/fr\/wp-json\/wp\/v2\/tags?post=57260"}],"curies":[{"name":"wp","href":"https:\/\/api.w.org\/{rel}","templated":true}]}}