{"id":57262,"date":"2020-04-07T18:30:54","date_gmt":"2020-04-07T22:30:54","guid":{"rendered":"https:\/\/recursing-golick.147-182-135-0.plesk.page\/?p=57262"},"modified":"2020-04-09T11:12:18","modified_gmt":"2020-04-09T15:12:18","slug":"une-eglise-adventiste-dans-le-nord-de-la-colombie-diffuse-son-tout-premier-programme-de-24-heures-en-direct","status":"publish","type":"post","link":"https:\/\/interamerica.org\/fr\/2020\/04\/une-eglise-adventiste-dans-le-nord-de-la-colombie-diffuse-son-tout-premier-programme-de-24-heures-en-direct\/","title":{"rendered":"Une \u00e9glise adventiste dans le Nord de la Colombie diffuse son tout premier programme de 24 heures en direct"},"content":{"rendered":"<p><div id=\"attachment_57117\" style=\"width: 931px\" class=\"wp-caption aligncenter\"><img fetchpriority=\"high\" decoding=\"async\" aria-describedby=\"caption-attachment-57117\" class=\" wp-image-57116\" src=\"https:\/\/recursing-golick.147-182-135-0.plesk.page\/wp-content\/uploads\/2020\/04\/nocu-fb-24hours-mar2020-1024x445.jpg\" alt=\"\" width=\"921\" height=\"400\" srcset=\"https:\/\/interamerica.org\/wp-content\/uploads\/2020\/04\/nocu-fb-24hours-mar2020-1024x445.jpg 1024w, https:\/\/interamerica.org\/wp-content\/uploads\/2020\/04\/nocu-fb-24hours-mar2020-300x130.jpg 300w, https:\/\/interamerica.org\/wp-content\/uploads\/2020\/04\/nocu-fb-24hours-mar2020-768x334.jpg 768w, https:\/\/interamerica.org\/wp-content\/uploads\/2020\/04\/nocu-fb-24hours-mar2020.jpg 1280w\" sizes=\"(max-width: 921px) 100vw, 921px\" \/><p id=\"caption-attachment-57117\" class=\"wp-caption-text\">L\u2019\u00e9quipe de dirigeants et de membres du personnel adventistes du septi\u00e8me jour du Centre Hope Media de Colombie participent \u00e0 la conclusion de la retransmission en direct de 24 heures d\u2019esp\u00e9rance, qui a eu lieu du 20 mars au 21 mars 2020, depuis Medellin, en Colombie. [Photo : Union du Nord de la Colombie]<\/p><\/div>7 Avril 2020 | Medellin, Colombie | Daniela Arrieta \/ P\u00f4le Actualit\u00e9s de la DIA<\/p>\n<p>Confront\u00e9s \u00e0 la r\u00e9cente fermeture, suite aux ordres de distanciation sociale, de ses 1595 congr\u00e9gations dans l\u2019ensemble du territoire de l\u2019\u00c9glise adventiste du septi\u00e8me jour dans le Nord de la Colombie, les dirigeants de l\u2019\u00e9glise ont fait \u00e9quipe pour faire passer ses membres aux services de culte en streaming avec un programme sp\u00e9cial de 24 heures diffus\u00e9 en direct. Le programme qui a d\u00e9but\u00e9 vendredi 20 mars au soir et s\u2019est termin\u00e9 samedi soir 21 mars, a \u00e9t\u00e9 diffus\u00e9 en direct par la radio en ligne de l\u2019\u00e9glise, Radio Esperanza Colombia, et le Centre Hope Media, pour sa cha\u00eene de YoutTube en ligne.<\/p>\n<p>\u00ab Dans une p\u00e9riode si compliqu\u00e9e pour notre \u00e9glise, o\u00f9 les \u00e9glises ne peuvent pas \u00eatre ouvertes aux membres, nous avons voulu que les membres ressentent que l\u2019\u00e9glise est avec eux dans leurs foyers, leur proposant toutes les activit\u00e9s auxquelles ils prennent part chaque sabbat, \u00bb a d\u00e9clar\u00e9 Luis Gabriel Moreno, directeur de la communication pour l\u2019\u00c9glise adventiste dans le Nord de la Colombie. \u00ab Notre mission dans le d\u00e9partement de la communication est de t\u00e9moigner \u00e0 travers tous les canaux de communication disponibles pour proclamer le message du salut. \u00bb<\/p>\n<p><div id=\"attachment_57120\" style=\"width: 815px\" class=\"wp-caption aligncenter\"><img decoding=\"async\" aria-describedby=\"caption-attachment-57120\" class=\" wp-image-57119\" src=\"https:\/\/recursing-golick.147-182-135-0.plesk.page\/wp-content\/uploads\/2020\/04\/nocu-radio-24hours-mar2020.jpg\" alt=\"\" width=\"805\" height=\"604\" srcset=\"https:\/\/interamerica.org\/wp-content\/uploads\/2020\/04\/nocu-radio-24hours-mar2020.jpg 900w, https:\/\/interamerica.org\/wp-content\/uploads\/2020\/04\/nocu-radio-24hours-mar2020-300x225.jpg 300w, https:\/\/interamerica.org\/wp-content\/uploads\/2020\/04\/nocu-radio-24hours-mar2020-768x576.jpg 768w\" sizes=\"(max-width: 805px) 100vw, 805px\" \/><p id=\"caption-attachment-57120\" class=\"wp-caption-text\">Henry Salgado, directeur de Radio Esperanza Colombia (Radio Esp\u00e9rance Colombie), \u00e0 la console principale pendant le programme sp\u00e9cial en direct. [Photo : Union du Nord de la Colombie]<\/p><\/div>Henry Salgado, directeur de Radio Esp\u00e9rance Colombie, a d\u00e9clar\u00e9 qu\u2019\u00e0 l\u2019\u00e9poque o\u00f9 les \u00e9glises et les \u00e9coles fermaient rapidement, il a pens\u00e9 imm\u00e9diatement qu\u2019il devait y avoir un moyen de continuer \u00e0 exercer un minist\u00e8re aupr\u00e8s des membres d\u2019\u00e9glise. La station de radio couvre 18 districts municipaux avec plus de cinq millions d\u2019habitants dans l\u2019\u00e9tat d\u2019Antioquia, mais elle diffuse \u00e9galement ses programmes en ligne. \u00ab Dieu a mis dans mon c\u0153ur un plan pour 24 heures de transmission et \u00e0 peu pr\u00e8s au m\u00eame moment, pasteur Moreno a \u00e9galement eu la m\u00eame id\u00e9e, \u00bb a d\u00e9clar\u00e9 Henry Salgado.<\/p>\n<p>C\u2019est la premi\u00e8re fois que l\u2019\u00c9glise adventiste dans le Nord de la Colombie organisait un programme sp\u00e9cial en direct pendant 24 heures d\u2019affil\u00e9e, un programme qui n\u2019avait jamais suscit\u00e9 une telle r\u00e9action en ligne, ont indiqu\u00e9 les dirigeants de l\u2019\u00e9glise. La page Facebook de l\u2019union a enregistr\u00e9 plus de 100000 partages alors qu\u2019il y en a eu plus de 12000 sur YouTube.<\/p>\n<p>Le pr\u00e9sident de l\u2019\u00c9glise adventiste dans le Nord de la Colombie, pasteur Edgar Redondo, a remerci\u00e9 les dirigeants et les jeunes professionnels qui ont travaill\u00e9 ensemble pour maintenir l\u2019\u00e9glise unie et inform\u00e9e en ces jours o\u00f9 tout change rapidement avec les r\u00e8gles li\u00e9es \u00e0 la quarantaine.<\/p>\n<p><div id=\"attachment_57111\" style=\"width: 810px\" class=\"wp-caption aligncenter\"><img decoding=\"async\" aria-describedby=\"caption-attachment-57111\" class=\"wp-image-57110\" src=\"https:\/\/recursing-golick.147-182-135-0.plesk.page\/wp-content\/uploads\/2020\/04\/edgar-redondo-nocu-24-hours-mar2020.jpg\" alt=\"\" width=\"800\" height=\"600\" srcset=\"https:\/\/interamerica.org\/wp-content\/uploads\/2020\/04\/edgar-redondo-nocu-24-hours-mar2020.jpg 900w, https:\/\/interamerica.org\/wp-content\/uploads\/2020\/04\/edgar-redondo-nocu-24-hours-mar2020-300x225.jpg 300w, https:\/\/interamerica.org\/wp-content\/uploads\/2020\/04\/edgar-redondo-nocu-24-hours-mar2020-768x576.jpg 768w\" sizes=\"(max-width: 800px) 100vw, 800px\" \/><p id=\"caption-attachment-57111\" class=\"wp-caption-text\">Pasteur Edgar Redondo, pr\u00e9sident de l\u2019\u00c9glise adventiste dans le Nord de la Colombie, pr\u00eache sur la proph\u00e9tie lors du programme en direct diffus\u00e9 sur Facebook Live et sur YouTube depuis les studios de Hope Media Colombie \u00e0 Medellin, en Colombie. [Photo : Union du Nord de la Colombie]<\/p><\/div>Le programme de 24 heures comprenait l\u2019accueil du sabbat avec des segments pour les enfants et les jeunes, une \u00e9cole du sabbat, deux sermons, des programmes pour les adultes et la famille, des moments de louange et d\u2019adoration, des conseils sur la sant\u00e9, de la musique sp\u00e9ciale, des informations, une session de pri\u00e8re et bien plus encore.<\/p>\n<p>\u00ab Gr\u00e2ce \u00e0 ce marathon, je n\u2019ai pas arr\u00eat\u00e9 de regarder pendant une minute, \u00bb a expliqu\u00e9 Eli Yojana Ram\u00edrez sur Facebook. \u00ab C\u2019\u00e9tait une vraie b\u00e9n\u00e9diction. J\u2019avais l\u2019impression d\u2019\u00eatre \u00e0 l\u2019\u00e9glise en train d\u2019adorer. \u00bb<\/p>\n<p>L\u2019\u00c9glise adventiste dans le Nord de la Colombie continue de proposer des services sp\u00e9ciaux en ligne pour l\u2019accueil du sabbat le vendredi soir, pour le culte du sabbat ainsi que pour les programmes de jeunesse adventiste, et bien plus encore, ont d\u00e9clar\u00e9 les organisateurs.<\/p>\n<p>Il y a plus de 132000 adventistes du septi\u00e8me jour dans le Nord de la Colombie. L\u2019\u00e9glise supervise huit f\u00e9d\u00e9rations et missions et g\u00e8re l\u2019Universit\u00e9 Adventiste de Colombie ainsi que 26 \u00e9coles primaires et secondaires.<\/p>\n<p><div id=\"attachment_57114\" style=\"width: 814px\" class=\"wp-caption aligncenter\"><img loading=\"lazy\" decoding=\"async\" aria-describedby=\"caption-attachment-57114\" class=\"wp-image-57113\" src=\"https:\/\/recursing-golick.147-182-135-0.plesk.page\/wp-content\/uploads\/2020\/04\/nocu-esperanza-24hours-mar2020.jpg\" alt=\"\" width=\"804\" height=\"603\" srcset=\"https:\/\/interamerica.org\/wp-content\/uploads\/2020\/04\/nocu-esperanza-24hours-mar2020.jpg 900w, https:\/\/interamerica.org\/wp-content\/uploads\/2020\/04\/nocu-esperanza-24hours-mar2020-300x225.jpg 300w, https:\/\/interamerica.org\/wp-content\/uploads\/2020\/04\/nocu-esperanza-24hours-mar2020-768x576.jpg 768w\" sizes=\"(max-width: 804px) 100vw, 804px\" \/><p id=\"caption-attachment-57114\" class=\"wp-caption-text\">Le Minist\u00e8re Musical Famille de la Foi loue Dieu lors de la retransmission en direct le 21 mars depuis le studio de Radio Esp\u00e9rance Colombie \u00e0 Medell\u00edn, en Colombie. [Photo : Union du Nord de la Colombie]<\/p><\/div>Pour voir le programme de 24 heures en ligne, cliquez <a href=\"https:\/\/urldefense.proofpoint.com\/v2\/url?u=https-3A__www.facebook.com_480853582260028_posts_1137172656628114_-3Fd-3Dn&amp;d=DwMFaQ&amp;c=tjPg1sbLxZ1bjgTYa5hhdw&amp;r=QRxhZ6zzWfakIxmZLcYU5ZN_w8zIA8rJMh2h-7AoibY&amp;m=NcKihE7IG94IjVoaIAOZi7pGtKuRBn1rKyMB53WnzwM&amp;s=PAKN2F0eIgt3ZenHndyq_WNFdymSppLFfWeLVeXOMb8&amp;e=\" data-saferedirecturl=\"https:\/\/www.google.com\/url?q=https:\/\/urldefense.proofpoint.com\/v2\/url?u%3Dhttps-3A__www.facebook.com_480853582260028_posts_1137172656628114_-3Fd-3Dn%26d%3DDwMFaQ%26c%3DtjPg1sbLxZ1bjgTYa5hhdw%26r%3DQRxhZ6zzWfakIxmZLcYU5ZN_w8zIA8rJMh2h-7AoibY%26m%3DNcKihE7IG94IjVoaIAOZi7pGtKuRBn1rKyMB53WnzwM%26s%3DPAKN2F0eIgt3ZenHndyq_WNFdymSppLFfWeLVeXOMb8%26e%3D&amp;source=gmail&amp;ust=1586374335127000&amp;usg=AFQjCNHEjuj_QReuDRN9I07fSn-llchXKQ\">ICI<\/a><\/p>\n<p>Pour en savoir plus sur les initiatives et les activit\u00e9s de l\u2019\u00c9glise adventiste du septi\u00e8me jour dans le Nord de la Colombie, visitez le site <a href=\"https:\/\/urldefense.proofpoint.com\/v2\/url?u=https-3A__www.unioncolombiana.org.co_es_noticias_1_union-2Dcolombiana-2Ddel-2Dnorte_&amp;d=DwMFaQ&amp;c=tjPg1sbLxZ1bjgTYa5hhdw&amp;r=QRxhZ6zzWfakIxmZLcYU5ZN_w8zIA8rJMh2h-7AoibY&amp;m=NcKihE7IG94IjVoaIAOZi7pGtKuRBn1rKyMB53WnzwM&amp;s=ypHPj4LHPyTUtClYWoJpCyiJxVc27jpHKUFEip8t-mg&amp;e=\" data-saferedirecturl=\"https:\/\/www.google.com\/url?q=https:\/\/urldefense.proofpoint.com\/v2\/url?u%3Dhttps-3A__www.unioncolombiana.org.co_es_noticias_1_union-2Dcolombiana-2Ddel-2Dnorte_%26d%3DDwMFaQ%26c%3DtjPg1sbLxZ1bjgTYa5hhdw%26r%3DQRxhZ6zzWfakIxmZLcYU5ZN_w8zIA8rJMh2h-7AoibY%26m%3DNcKihE7IG94IjVoaIAOZi7pGtKuRBn1rKyMB53WnzwM%26s%3DypHPj4LHPyTUtClYWoJpCyiJxVc27jpHKUFEip8t-mg%26e%3D&amp;source=gmail&amp;ust=1586374335127000&amp;usg=AFQjCNEVKmCKYEoJ5wJVqdOQLVNbz7ayeg\">unioncolombiana.org.co<\/a><\/p>\n<p>Traduction: Patrick Luciathe<\/p>\n","protected":false},"excerpt":{"rendered":"<p>7 Avril 2020 | Medellin, Colombie | Daniela Arrieta \/ P\u00f4le Actualit\u00e9s de la DIA Confront\u00e9s \u00e0 la r\u00e9cente fermeture, suite aux ordres de distanciation sociale, de ses 1595 congr\u00e9gations&#8230;<\/p>\n","protected":false},"author":3,"featured_media":57247,"comment_status":"open","ping_status":"closed","sticky":false,"template":"","format":"standard","meta":{"_acf_changed":false,"footnotes":""},"categories":[21,19],"tags":[],"class_list":["post-57262","post","type-post","status-publish","format-standard","has-post-thumbnail","hentry","category-nouvelles-du-territoire","category-rss-francais"],"acf":[],"yoast_head":"<!-- This site is optimized with the Yoast SEO plugin v27.3 - https:\/\/yoast.com\/product\/yoast-seo-wordpress\/ -->\n<title>Une \u00e9glise adventiste dans le Nord de la Colombie diffuse son tout premier programme de 24 heures en direct - \u00c9glise Adventiste Du Septieme Jour - Inter Am\u00e9rique Division<\/title>\n<meta name=\"robots\" content=\"index, follow, max-snippet:-1, max-image-preview:large, max-video-preview:-1\" \/>\n<link rel=\"canonical\" href=\"https:\/\/interamerica.org\/fr\/2020\/04\/une-eglise-adventiste-dans-le-nord-de-la-colombie-diffuse-son-tout-premier-programme-de-24-heures-en-direct\/\" \/>\n<meta property=\"og:locale\" content=\"fr_FR\" \/>\n<meta property=\"og:type\" content=\"article\" \/>\n<meta property=\"og:title\" content=\"Une \u00e9glise adventiste dans le Nord de la Colombie diffuse son tout premier programme de 24 heures en direct - \u00c9glise Adventiste Du Septieme Jour - Inter Am\u00e9rique Division\" \/>\n<meta property=\"og:description\" content=\"7 Avril 2020 | Medellin, Colombie | Daniela Arrieta \/ P\u00f4le Actualit\u00e9s de la DIA Confront\u00e9s \u00e0 la r\u00e9cente fermeture, suite aux ordres de distanciation sociale, de ses 1595 congr\u00e9gations...\" \/>\n<meta property=\"og:url\" content=\"https:\/\/interamerica.org\/fr\/2020\/04\/une-eglise-adventiste-dans-le-nord-de-la-colombie-diffuse-son-tout-premier-programme-de-24-heures-en-direct\/\" \/>\n<meta property=\"og:site_name\" content=\"\u00c9glise Adventiste Du Septieme Jour - Inter Am\u00e9rique Division\" \/>\n<meta property=\"article:published_time\" content=\"2020-04-07T22:30:54+00:00\" \/>\n<meta property=\"article:modified_time\" content=\"2020-04-09T15:12:18+00:00\" \/>\n<meta property=\"og:image\" content=\"https:\/\/interamerica.org\/wp-content\/uploads\/2020\/04\/nocu-radio-24hours-mar2020-1280.jpg\" \/>\n\t<meta property=\"og:image:width\" content=\"1280\" \/>\n\t<meta property=\"og:image:height\" content=\"800\" \/>\n\t<meta property=\"og:image:type\" content=\"image\/jpeg\" \/>\n<meta name=\"author\" content=\"libna\" \/>\n<meta name=\"twitter:card\" content=\"summary_large_image\" \/>\n<meta name=\"twitter:label1\" content=\"\u00c9crit par\" \/>\n\t<meta name=\"twitter:data1\" content=\"libna\" \/>\n\t<meta name=\"twitter:label2\" content=\"Dur\u00e9e de lecture estim\u00e9e\" \/>\n\t<meta name=\"twitter:data2\" content=\"4 minutes\" \/>\n<script type=\"application\/ld+json\" class=\"yoast-schema-graph\">{\"@context\":\"https:\\\/\\\/schema.org\",\"@graph\":[{\"@type\":\"Article\",\"@id\":\"https:\\\/\\\/interamerica.org\\\/fr\\\/2020\\\/04\\\/une-eglise-adventiste-dans-le-nord-de-la-colombie-diffuse-son-tout-premier-programme-de-24-heures-en-direct\\\/#article\",\"isPartOf\":{\"@id\":\"https:\\\/\\\/interamerica.org\\\/fr\\\/2020\\\/04\\\/une-eglise-adventiste-dans-le-nord-de-la-colombie-diffuse-son-tout-premier-programme-de-24-heures-en-direct\\\/\"},\"author\":{\"name\":\"libna\",\"@id\":\"https:\\\/\\\/interamerica.org\\\/fr\\\/#\\\/schema\\\/person\\\/29998f2bc2d8bd0d38662909289b54f1\"},\"headline\":\"Une \u00e9glise adventiste dans le Nord de la Colombie diffuse son tout premier programme de 24 heures en direct\",\"datePublished\":\"2020-04-07T22:30:54+00:00\",\"dateModified\":\"2020-04-09T15:12:18+00:00\",\"mainEntityOfPage\":{\"@id\":\"https:\\\/\\\/interamerica.org\\\/fr\\\/2020\\\/04\\\/une-eglise-adventiste-dans-le-nord-de-la-colombie-diffuse-son-tout-premier-programme-de-24-heures-en-direct\\\/\"},\"wordCount\":892,\"commentCount\":0,\"image\":{\"@id\":\"https:\\\/\\\/interamerica.org\\\/fr\\\/2020\\\/04\\\/une-eglise-adventiste-dans-le-nord-de-la-colombie-diffuse-son-tout-premier-programme-de-24-heures-en-direct\\\/#primaryimage\"},\"thumbnailUrl\":\"https:\\\/\\\/interamerica.org\\\/wp-content\\\/uploads\\\/2020\\\/04\\\/nocu-radio-24hours-mar2020-1280.jpg\",\"articleSection\":[\"Nouvelles du territoire\",\"RSS Fran\u00e7ais\"],\"inLanguage\":\"fr-FR\",\"potentialAction\":[{\"@type\":\"CommentAction\",\"name\":\"Comment\",\"target\":[\"https:\\\/\\\/interamerica.org\\\/fr\\\/2020\\\/04\\\/une-eglise-adventiste-dans-le-nord-de-la-colombie-diffuse-son-tout-premier-programme-de-24-heures-en-direct\\\/#respond\"]}]},{\"@type\":\"WebPage\",\"@id\":\"https:\\\/\\\/interamerica.org\\\/fr\\\/2020\\\/04\\\/une-eglise-adventiste-dans-le-nord-de-la-colombie-diffuse-son-tout-premier-programme-de-24-heures-en-direct\\\/\",\"url\":\"https:\\\/\\\/interamerica.org\\\/fr\\\/2020\\\/04\\\/une-eglise-adventiste-dans-le-nord-de-la-colombie-diffuse-son-tout-premier-programme-de-24-heures-en-direct\\\/\",\"name\":\"Une \u00e9glise adventiste dans le Nord de la Colombie diffuse son tout premier programme de 24 heures en direct - \u00c9glise Adventiste Du Septieme Jour - Inter Am\u00e9rique Division\",\"isPartOf\":{\"@id\":\"https:\\\/\\\/interamerica.org\\\/fr\\\/#website\"},\"primaryImageOfPage\":{\"@id\":\"https:\\\/\\\/interamerica.org\\\/fr\\\/2020\\\/04\\\/une-eglise-adventiste-dans-le-nord-de-la-colombie-diffuse-son-tout-premier-programme-de-24-heures-en-direct\\\/#primaryimage\"},\"image\":{\"@id\":\"https:\\\/\\\/interamerica.org\\\/fr\\\/2020\\\/04\\\/une-eglise-adventiste-dans-le-nord-de-la-colombie-diffuse-son-tout-premier-programme-de-24-heures-en-direct\\\/#primaryimage\"},\"thumbnailUrl\":\"https:\\\/\\\/interamerica.org\\\/wp-content\\\/uploads\\\/2020\\\/04\\\/nocu-radio-24hours-mar2020-1280.jpg\",\"datePublished\":\"2020-04-07T22:30:54+00:00\",\"dateModified\":\"2020-04-09T15:12:18+00:00\",\"author\":{\"@id\":\"https:\\\/\\\/interamerica.org\\\/fr\\\/#\\\/schema\\\/person\\\/29998f2bc2d8bd0d38662909289b54f1\"},\"breadcrumb\":{\"@id\":\"https:\\\/\\\/interamerica.org\\\/fr\\\/2020\\\/04\\\/une-eglise-adventiste-dans-le-nord-de-la-colombie-diffuse-son-tout-premier-programme-de-24-heures-en-direct\\\/#breadcrumb\"},\"inLanguage\":\"fr-FR\",\"potentialAction\":[{\"@type\":\"ReadAction\",\"target\":[\"https:\\\/\\\/interamerica.org\\\/fr\\\/2020\\\/04\\\/une-eglise-adventiste-dans-le-nord-de-la-colombie-diffuse-son-tout-premier-programme-de-24-heures-en-direct\\\/\"]}]},{\"@type\":\"ImageObject\",\"inLanguage\":\"fr-FR\",\"@id\":\"https:\\\/\\\/interamerica.org\\\/fr\\\/2020\\\/04\\\/une-eglise-adventiste-dans-le-nord-de-la-colombie-diffuse-son-tout-premier-programme-de-24-heures-en-direct\\\/#primaryimage\",\"url\":\"https:\\\/\\\/interamerica.org\\\/wp-content\\\/uploads\\\/2020\\\/04\\\/nocu-radio-24hours-mar2020-1280.jpg\",\"contentUrl\":\"https:\\\/\\\/interamerica.org\\\/wp-content\\\/uploads\\\/2020\\\/04\\\/nocu-radio-24hours-mar2020-1280.jpg\",\"width\":1280,\"height\":800},{\"@type\":\"BreadcrumbList\",\"@id\":\"https:\\\/\\\/interamerica.org\\\/fr\\\/2020\\\/04\\\/une-eglise-adventiste-dans-le-nord-de-la-colombie-diffuse-son-tout-premier-programme-de-24-heures-en-direct\\\/#breadcrumb\",\"itemListElement\":[{\"@type\":\"ListItem\",\"position\":1,\"name\":\"Home\",\"item\":\"https:\\\/\\\/interamerica.org\\\/fr\\\/\"},{\"@type\":\"ListItem\",\"position\":2,\"name\":\"Une \u00e9glise adventiste dans le Nord de la Colombie diffuse son tout premier programme de 24 heures en direct\"}]},{\"@type\":\"WebSite\",\"@id\":\"https:\\\/\\\/interamerica.org\\\/fr\\\/#website\",\"url\":\"https:\\\/\\\/interamerica.org\\\/fr\\\/\",\"name\":\"\u00c9glise Adventiste Du Septieme Jour - Inter Am\u00e9rique Division\",\"description\":\"\",\"potentialAction\":[{\"@type\":\"SearchAction\",\"target\":{\"@type\":\"EntryPoint\",\"urlTemplate\":\"https:\\\/\\\/interamerica.org\\\/fr\\\/?s={search_term_string}\"},\"query-input\":{\"@type\":\"PropertyValueSpecification\",\"valueRequired\":true,\"valueName\":\"search_term_string\"}}],\"inLanguage\":\"fr-FR\"},{\"@type\":\"Person\",\"@id\":\"https:\\\/\\\/interamerica.org\\\/fr\\\/#\\\/schema\\\/person\\\/29998f2bc2d8bd0d38662909289b54f1\",\"name\":\"libna\",\"image\":{\"@type\":\"ImageObject\",\"inLanguage\":\"fr-FR\",\"@id\":\"https:\\\/\\\/secure.gravatar.com\\\/avatar\\\/7c5bd30ae4b47a9ba3c856590957fd1d96dc588bf3ac05719d247e126840331f?s=96&d=mm&r=g\",\"url\":\"https:\\\/\\\/secure.gravatar.com\\\/avatar\\\/7c5bd30ae4b47a9ba3c856590957fd1d96dc588bf3ac05719d247e126840331f?s=96&d=mm&r=g\",\"contentUrl\":\"https:\\\/\\\/secure.gravatar.com\\\/avatar\\\/7c5bd30ae4b47a9ba3c856590957fd1d96dc588bf3ac05719d247e126840331f?s=96&d=mm&r=g\",\"caption\":\"libna\"}}]}<\/script>\n<!-- \/ Yoast SEO plugin. -->","yoast_head_json":{"title":"Une \u00e9glise adventiste dans le Nord de la Colombie diffuse son tout premier programme de 24 heures en direct - \u00c9glise Adventiste Du Septieme Jour - Inter Am\u00e9rique Division","robots":{"index":"index","follow":"follow","max-snippet":"max-snippet:-1","max-image-preview":"max-image-preview:large","max-video-preview":"max-video-preview:-1"},"canonical":"https:\/\/interamerica.org\/fr\/2020\/04\/une-eglise-adventiste-dans-le-nord-de-la-colombie-diffuse-son-tout-premier-programme-de-24-heures-en-direct\/","og_locale":"fr_FR","og_type":"article","og_title":"Une \u00e9glise adventiste dans le Nord de la Colombie diffuse son tout premier programme de 24 heures en direct - \u00c9glise Adventiste Du Septieme Jour - Inter Am\u00e9rique Division","og_description":"7 Avril 2020 | Medellin, Colombie | Daniela Arrieta \/ P\u00f4le Actualit\u00e9s de la DIA Confront\u00e9s \u00e0 la r\u00e9cente fermeture, suite aux ordres de distanciation sociale, de ses 1595 congr\u00e9gations...","og_url":"https:\/\/interamerica.org\/fr\/2020\/04\/une-eglise-adventiste-dans-le-nord-de-la-colombie-diffuse-son-tout-premier-programme-de-24-heures-en-direct\/","og_site_name":"\u00c9glise Adventiste Du Septieme Jour - Inter Am\u00e9rique Division","article_published_time":"2020-04-07T22:30:54+00:00","article_modified_time":"2020-04-09T15:12:18+00:00","og_image":[{"width":1280,"height":800,"url":"https:\/\/interamerica.org\/wp-content\/uploads\/2020\/04\/nocu-radio-24hours-mar2020-1280.jpg","type":"image\/jpeg"}],"author":"libna","twitter_card":"summary_large_image","twitter_misc":{"\u00c9crit par":"libna","Dur\u00e9e de lecture estim\u00e9e":"4 minutes"},"schema":{"@context":"https:\/\/schema.org","@graph":[{"@type":"Article","@id":"https:\/\/interamerica.org\/fr\/2020\/04\/une-eglise-adventiste-dans-le-nord-de-la-colombie-diffuse-son-tout-premier-programme-de-24-heures-en-direct\/#article","isPartOf":{"@id":"https:\/\/interamerica.org\/fr\/2020\/04\/une-eglise-adventiste-dans-le-nord-de-la-colombie-diffuse-son-tout-premier-programme-de-24-heures-en-direct\/"},"author":{"name":"libna","@id":"https:\/\/interamerica.org\/fr\/#\/schema\/person\/29998f2bc2d8bd0d38662909289b54f1"},"headline":"Une \u00e9glise adventiste dans le Nord de la Colombie diffuse son tout premier programme de 24 heures en direct","datePublished":"2020-04-07T22:30:54+00:00","dateModified":"2020-04-09T15:12:18+00:00","mainEntityOfPage":{"@id":"https:\/\/interamerica.org\/fr\/2020\/04\/une-eglise-adventiste-dans-le-nord-de-la-colombie-diffuse-son-tout-premier-programme-de-24-heures-en-direct\/"},"wordCount":892,"commentCount":0,"image":{"@id":"https:\/\/interamerica.org\/fr\/2020\/04\/une-eglise-adventiste-dans-le-nord-de-la-colombie-diffuse-son-tout-premier-programme-de-24-heures-en-direct\/#primaryimage"},"thumbnailUrl":"https:\/\/interamerica.org\/wp-content\/uploads\/2020\/04\/nocu-radio-24hours-mar2020-1280.jpg","articleSection":["Nouvelles du territoire","RSS Fran\u00e7ais"],"inLanguage":"fr-FR","potentialAction":[{"@type":"CommentAction","name":"Comment","target":["https:\/\/interamerica.org\/fr\/2020\/04\/une-eglise-adventiste-dans-le-nord-de-la-colombie-diffuse-son-tout-premier-programme-de-24-heures-en-direct\/#respond"]}]},{"@type":"WebPage","@id":"https:\/\/interamerica.org\/fr\/2020\/04\/une-eglise-adventiste-dans-le-nord-de-la-colombie-diffuse-son-tout-premier-programme-de-24-heures-en-direct\/","url":"https:\/\/interamerica.org\/fr\/2020\/04\/une-eglise-adventiste-dans-le-nord-de-la-colombie-diffuse-son-tout-premier-programme-de-24-heures-en-direct\/","name":"Une \u00e9glise adventiste dans le Nord de la Colombie diffuse son tout premier programme de 24 heures en direct - \u00c9glise Adventiste Du Septieme Jour - Inter Am\u00e9rique Division","isPartOf":{"@id":"https:\/\/interamerica.org\/fr\/#website"},"primaryImageOfPage":{"@id":"https:\/\/interamerica.org\/fr\/2020\/04\/une-eglise-adventiste-dans-le-nord-de-la-colombie-diffuse-son-tout-premier-programme-de-24-heures-en-direct\/#primaryimage"},"image":{"@id":"https:\/\/interamerica.org\/fr\/2020\/04\/une-eglise-adventiste-dans-le-nord-de-la-colombie-diffuse-son-tout-premier-programme-de-24-heures-en-direct\/#primaryimage"},"thumbnailUrl":"https:\/\/interamerica.org\/wp-content\/uploads\/2020\/04\/nocu-radio-24hours-mar2020-1280.jpg","datePublished":"2020-04-07T22:30:54+00:00","dateModified":"2020-04-09T15:12:18+00:00","author":{"@id":"https:\/\/interamerica.org\/fr\/#\/schema\/person\/29998f2bc2d8bd0d38662909289b54f1"},"breadcrumb":{"@id":"https:\/\/interamerica.org\/fr\/2020\/04\/une-eglise-adventiste-dans-le-nord-de-la-colombie-diffuse-son-tout-premier-programme-de-24-heures-en-direct\/#breadcrumb"},"inLanguage":"fr-FR","potentialAction":[{"@type":"ReadAction","target":["https:\/\/interamerica.org\/fr\/2020\/04\/une-eglise-adventiste-dans-le-nord-de-la-colombie-diffuse-son-tout-premier-programme-de-24-heures-en-direct\/"]}]},{"@type":"ImageObject","inLanguage":"fr-FR","@id":"https:\/\/interamerica.org\/fr\/2020\/04\/une-eglise-adventiste-dans-le-nord-de-la-colombie-diffuse-son-tout-premier-programme-de-24-heures-en-direct\/#primaryimage","url":"https:\/\/interamerica.org\/wp-content\/uploads\/2020\/04\/nocu-radio-24hours-mar2020-1280.jpg","contentUrl":"https:\/\/interamerica.org\/wp-content\/uploads\/2020\/04\/nocu-radio-24hours-mar2020-1280.jpg","width":1280,"height":800},{"@type":"BreadcrumbList","@id":"https:\/\/interamerica.org\/fr\/2020\/04\/une-eglise-adventiste-dans-le-nord-de-la-colombie-diffuse-son-tout-premier-programme-de-24-heures-en-direct\/#breadcrumb","itemListElement":[{"@type":"ListItem","position":1,"name":"Home","item":"https:\/\/interamerica.org\/fr\/"},{"@type":"ListItem","position":2,"name":"Une \u00e9glise adventiste dans le Nord de la Colombie diffuse son tout premier programme de 24 heures en direct"}]},{"@type":"WebSite","@id":"https:\/\/interamerica.org\/fr\/#website","url":"https:\/\/interamerica.org\/fr\/","name":"\u00c9glise Adventiste Du Septieme Jour - Inter Am\u00e9rique Division","description":"","potentialAction":[{"@type":"SearchAction","target":{"@type":"EntryPoint","urlTemplate":"https:\/\/interamerica.org\/fr\/?s={search_term_string}"},"query-input":{"@type":"PropertyValueSpecification","valueRequired":true,"valueName":"search_term_string"}}],"inLanguage":"fr-FR"},{"@type":"Person","@id":"https:\/\/interamerica.org\/fr\/#\/schema\/person\/29998f2bc2d8bd0d38662909289b54f1","name":"libna","image":{"@type":"ImageObject","inLanguage":"fr-FR","@id":"https:\/\/secure.gravatar.com\/avatar\/7c5bd30ae4b47a9ba3c856590957fd1d96dc588bf3ac05719d247e126840331f?s=96&d=mm&r=g","url":"https:\/\/secure.gravatar.com\/avatar\/7c5bd30ae4b47a9ba3c856590957fd1d96dc588bf3ac05719d247e126840331f?s=96&d=mm&r=g","contentUrl":"https:\/\/secure.gravatar.com\/avatar\/7c5bd30ae4b47a9ba3c856590957fd1d96dc588bf3ac05719d247e126840331f?s=96&d=mm&r=g","caption":"libna"}}]}},"_links":{"self":[{"href":"https:\/\/interamerica.org\/fr\/wp-json\/wp\/v2\/posts\/57262","targetHints":{"allow":["GET"]}}],"collection":[{"href":"https:\/\/interamerica.org\/fr\/wp-json\/wp\/v2\/posts"}],"about":[{"href":"https:\/\/interamerica.org\/fr\/wp-json\/wp\/v2\/types\/post"}],"author":[{"embeddable":true,"href":"https:\/\/interamerica.org\/fr\/wp-json\/wp\/v2\/users\/3"}],"replies":[{"embeddable":true,"href":"https:\/\/interamerica.org\/fr\/wp-json\/wp\/v2\/comments?post=57262"}],"version-history":[{"count":0,"href":"https:\/\/interamerica.org\/fr\/wp-json\/wp\/v2\/posts\/57262\/revisions"}],"wp:featuredmedia":[{"embeddable":true,"href":"https:\/\/interamerica.org\/fr\/wp-json\/wp\/v2\/media\/57247"}],"wp:attachment":[{"href":"https:\/\/interamerica.org\/fr\/wp-json\/wp\/v2\/media?parent=57262"}],"wp:term":[{"taxonomy":"category","embeddable":true,"href":"https:\/\/interamerica.org\/fr\/wp-json\/wp\/v2\/categories?post=57262"},{"taxonomy":"post_tag","embeddable":true,"href":"https:\/\/interamerica.org\/fr\/wp-json\/wp\/v2\/tags?post=57262"}],"curies":[{"name":"wp","href":"https:\/\/api.w.org\/{rel}","templated":true}]}}