{"id":57284,"date":"2020-04-08T22:27:38","date_gmt":"2020-04-09T02:27:38","guid":{"rendered":"https:\/\/recursing-golick.147-182-135-0.plesk.page\/?p=57284"},"modified":"2020-04-10T14:05:13","modified_gmt":"2020-04-10T18:05:13","slug":"10-personnes-atteintes-du-covid-19-partagent-ce-quelles-ont-appris-a-propos-de-dieu-et-des-autres","status":"publish","type":"post","link":"https:\/\/interamerica.org\/fr\/2020\/04\/10-personnes-atteintes-du-covid-19-partagent-ce-quelles-ont-appris-a-propos-de-dieu-et-des-autres\/","title":{"rendered":"10 personnes atteintes du COVID-19 partagent ce qu\u2019elles ont appris \u00e0 propos de Dieu et des autres"},"content":{"rendered":"<p><span class=\"byline-news\">7 Avril 2020 | St. Albans, Royaume-Uni | Par : Norel Iacob, pour la Division Trans-Europ\u00e9enne et <\/span><em><span class=\"byline-news\">Adventist Review<\/span><\/em><\/p>\n<p><span class=\"cap\">I<\/span>ls vivent dans cinq pays europ\u00e9ens diff\u00e9rents et ne pourraient pas \u00eatre plus diff\u00e9rents en termes d\u2019\u00e2ge, de centres d\u2019int\u00e9r\u00eats ou de pr\u00e9disposition. Cela n\u2019a fait aucune diff\u00e9rence. Les 10 personnes interrog\u00e9es ici ont toutes \u00e9t\u00e9 infect\u00e9es par le COVID-19. Certaines \u00e9taient terrifi\u00e9es. D\u2019autres ont dit qu\u2019elles n\u2019avaient pas peur. Elles ont toutes v\u00e9cu une exp\u00e9rience qui, sans exception, a marqu\u00e9 leur vie.<\/p>\n<p><strong>Timothy<\/strong><\/p>\n<p>Timothy (34 ans) est un p\u00e8re divorc\u00e9. Il vit \u00e0 Bracknell, en Angleterre, \u00e0 environ 15 kilom\u00e8tres du ch\u00e2teau de Windsor. Il a dit que sa principale souffrance pendant la quarantaine n\u2019\u00e9tait pas tant la maladie, aussi douloureuse qu\u2019elle ait \u00e9t\u00e9, mais le fait qu\u2019il ne pouvait pas voir sa fille. \u00ab Elle vit dans la maison avec son grand-p\u00e8re du c\u00f4t\u00e9 maternel. Le grand-p\u00e8re a des probl\u00e8mes de sant\u00e9. Si le virus arrivait chez lui, il serait en grand danger. \u00bb<\/p>\n<p>Timothy est un officier de police, un de ceux qui, d\u2019une mani\u00e8re g\u00e9n\u00e9rale, ne peuvent pas rester \u00e0 l\u2019\u00e9cart pendant la pand\u00e9mie. Il a dit \u00eatre constamment tourment\u00e9 \u00e0 l\u2019id\u00e9e qu\u2019il doive rester isol\u00e9 \u00e0 cause de son infection, au lieu d\u2019\u00eatre avec ses coll\u00e8gues au travail, s\u2019impliquant partout o\u00f9 cela est possible, afin de participer \u00e0 la r\u00e9ponse \u00e0 la crise. Quand je lui ai demand\u00e9 si et pour quoi il prie ces jours-ci, sa r\u00e9ponse est venue naturellement : \u00ab Que cela disparaisse en faisant un minimum de victimes. \u00bb<\/p>\n<p><strong>Tina<\/strong><\/p>\n<p>Puis j\u2019ai parl\u00e9 \u00e0 Tina (37 ans). Elle est tr\u00e8s attach\u00e9e \u00e0 son travail de cr\u00e9ation en tant qu\u2019auteure et conf\u00e9renci\u00e8re. Elle est heureuse de vivre en Allemagne, en particulier parce que, depuis le 18 mars, date \u00e0 laquelle on lui a diagnostiqu\u00e9 la maladie du COVID-19, elle se sent prise en charge de mani\u00e8re \u00ab parfaite \u00bb par l\u2019\u00e9tat allemand et par ses voisins.<\/p>\n<p>La maladie ne lui a pas fait peur, a-t-elle dit, m\u00eame si elle \u00e9tait tr\u00e8s malade &#8211; elle a eu des probl\u00e8mes respiratoires pendant deux semaines et s\u2019est sentie terriblement faible. Mais alors qu\u2019elle commen\u00e7ait \u00e0 se remettre, une pens\u00e9e s\u2019est install\u00e9e profond\u00e9ment dans son esprit &#8211; \u00e0 tel point qu\u2019elle a commenc\u00e9 \u00e0 prier \u00e0 ce sujet. Elle a dit qu\u2019elle aimerait que les gens puissent demeurer aussi attentifs et attentionn\u00e9s au sujet des autres qu\u2019ils le sont maintenant, apr\u00e8s que le coronavirus ait cess\u00e9 d\u2019\u00eatre une menace.<\/p>\n<p><strong>Pedro, Susana, et Adaia<\/strong><\/p>\n<p>Pedro (46 ans) est normalement plein d\u2019\u00e9nergie et a un c\u0153ur qui semble immunis\u00e9 contre le vieillissement. Il vit intens\u00e9ment et a un profond amour pour sa femme, Susana, et leurs deux enfants, Adaia (19 ans) et Johan (18 ans). Pedro est heureux d\u2019avoir l\u2019opportunit\u00e9 de travailler comme pasteur.<\/p>\n<p>Susana a \u00e9t\u00e9 la premi\u00e8re \u00e0 \u00eatre infect\u00e9e. Ensuite cela a \u00e9t\u00e9 le tour de Pedro, puis d\u2019Adaia. Johan est actuellement isol\u00e9 dans sa chambre sans aucun sympt\u00f4me. \u00ab Je pensais que je souffrais d\u2019une forme b\u00e9nigne de la maladie, mais les sympt\u00f4mes se sont aggrav\u00e9s apr\u00e8s sept jours, \u00bb a dit Pedro. Juste au moment o\u00f9 il se pr\u00e9parait mentalement au r\u00e9tablissement, il a r\u00e9alis\u00e9 que son \u00e9tat se d\u00e9t\u00e9riorait. \u00ab Il y a eu des moments de grave inqui\u00e9tude, notamment une nuit o\u00f9 j\u2019ai commenc\u00e9 \u00e0 ressentir que je n\u2019avais plus d\u2019oxyg\u00e8ne, que je ne pouvais plus respirer. \u00bb Sa seule r\u00e9ponse, d\u00e9sesp\u00e9r\u00e9e, a \u00e9t\u00e9 : \u00ab Dieu, me voici, je suis entre tes mains. \u00bb<\/p>\n<p>J\u2019ai essay\u00e9 de parler \u00e0 Pedro le week-end dernier, mais son \u00e9tat g\u00e9n\u00e9ral ne le permettait pas. Il a perdu plus de 7 kilos. J\u2019avais demand\u00e9 \u00e0 Pedro quelle \u00e9tait sa priorit\u00e9 dans la pri\u00e8re. Il m\u2019a \u00e9crit la r\u00e9ponse suivante : \u00ab Je prie pour mes parents ; ils ont 80 ans et vivent seuls dans le sud de l\u2019Espagne. \u00bb<\/p>\n<p>J\u2019ai \u00e9galement demand\u00e9 \u00e0 Adaia comment cette situation familiale avait affect\u00e9 sa vie. \u00ab Ma relation avec Dieu s\u2019approfondit, \u00bb a-t-elle r\u00e9pondu. \u00ab La fa\u00e7on dont je vois la Bible et la fa\u00e7on dont je parle \u00e0 mes amis n\u2019est plus la m\u00eame, et je pense que je grandis en tant que personne. \u00bb Elle a ajout\u00e9 : \u00ab Dieu ne punit pas. Il fait tout avec amour et il n\u2019est pas l\u2019auteur de nos catastrophes. \u00bb<\/p>\n<p><strong>Giusi<\/strong><\/p>\n<p>Giusi est une femme italienne dynamique. \u00c0 56 ans, elle est m\u00e8re c\u00e9libataire de deux enfants adultes, \u00e2g\u00e9s de 29 et 23 ans. Giusi est assistante sociale et m\u00e9diatrice, mais elle est \u00e9galement conseill\u00e8re en relation d\u2019aide dans un hospice pour les patients atteints de cancer en phase terminale et elle participe \u00e0 des initiatives de relation d\u2019aide pour les mineurs, les victimes de violence domestique et les victimes d\u2019agression sexuelle.<\/p>\n<p>Elle a ressenti les premiers sympt\u00f4mes du COVID-19 le 14 mars, elle a redout\u00e9 instinctivement la perspective d\u2019une hospitalisation, mais pas la maladie. Elle dit : \u00ab Je n\u2019avais pas peur ; Je n\u2019ai jamais pens\u00e9 \u00e0 demander \u00e0 Dieu : \u00ab Pourquoi moi ? \u00bb La raison c\u2019est que j\u2019ai toujours eu \u00e0 l\u2019esprit la question : \u00ab Pourquoi pas moi ? \u00bb Je crois que le fait d\u2019\u00eatre chr\u00e9tien ne signifie pas que de telles situations nous \u00e9viteront, mais plut\u00f4t qu\u2019il vous faudra les affronter avec une attitude pratique, convaincus que Dieu est avec vous pendant la temp\u00eate. \u00bb<\/p>\n<p><strong>Maurizio et Luisa<\/strong><br \/>\nMaurizio (59 ans) travaille \u00e0 l\u2019h\u00f4pital de Bergame, en Italie, avec sa femme, Luisa (56 ans). Il a ressenti les premiers sympt\u00f4mes le 4 mars. Tout d\u2019abord, de la fi\u00e8vre. Puis il y a eu la dyspn\u00e9e &#8211; une difficult\u00e9 \u00e0 respirer qui s\u2019est aggrav\u00e9e continuellement. Le 11 mars, il a d\u00fb appeler une ambulance. Il n\u2019a jamais pu dire au revoir \u00e0 sa femme et \u00e0 son fils de 15 ans, et il est parti avec une seule crainte dans son \u00e2me \u2013 le risque de ne plus jamais les revoir.<\/p>\n<p>Ce qu\u2019il a vu \u00e0 l\u2019int\u00e9rieur de l\u2019h\u00f4pital, a d\u00e9clar\u00e9 Maurizio, \u00e9tait \u00ab une pure terreur. \u00bb Avec des masques \u00e0 oxyg\u00e8ne sur le visage et faisant la queue, les gens craignaient ce que le personnel m\u00e9dical pourrait leur dire dans les heures qui suivraient.<\/p>\n<p>Heureusement, Maurizio fait partie de ceux qui ont \u00e9t\u00e9 renvoy\u00e9s chez eux. Il est chez lui mais isol\u00e9. Il a encore des difficult\u00e9s \u00e0 respirer et la nuit, il utilise toujours le masque \u00e0 oxyg\u00e8ne. \u00ab Ne sous-estimez pas le virus ; il peut affecter n\u2019importe qui &#8211; personne ne devrait jouer au super-h\u00e9ros. Respectez la distanciation sociale ! \u00bb a dit Maurizio. Et il a conclu : \u00ab Quelque chose a chang\u00e9 au-dedans de moi. \u00bb<\/p>\n<p>Luisa a d\u00e9clar\u00e9 : \u00ab La chose la plus difficile et la plus triste \u00e9tait que je ne pouvais pas voir mon mari avant son retour de l\u2019h\u00f4pital apr\u00e8s 13 jours. \u00bb Entre temps, elle a \u00e9galement \u00e9t\u00e9 test\u00e9e positive. Elle ne sait pas si elle a contract\u00e9 le virus \u00e0 l\u2019h\u00f4pital ou par le biais de son mari &#8211; ou de quelqu&rsquo;un d\u2019autre. Beaucoup de gens autour d\u2019elle sont tomb\u00e9s malades. La source pourrait \u00eatre n\u2019importe lequel d\u2019entre eux.<\/p>\n<p>Luisa a \u00e9galement d\u00e9clar\u00e9 qu\u2019elle veut garder son \u00e9tat d\u2019esprit d\u2019aujourd\u2019hui pendant le restant de sa vie, et ne jamais se plaindre que les visites de membres de sa famille ou d\u2019amis lui ont pris trop de son temps. \u00ab Cette exp\u00e9rience m\u2019a permis de comprendre l\u2019importance et la beaut\u00e9 du temps pass\u00e9 avec des \u00eatres chers, \u00bb a-t-elle d\u00e9clar\u00e9.<\/p>\n<p><strong>Rebecka et Thomas<\/strong><\/p>\n<p>En Su\u00e8de, j\u2019ai parl\u00e9 avec une femme roumaine &#8211; Rebecka. Elle a 52 ans et est mari\u00e9e \u00e0 un su\u00e9dois. Son mari, Thomas, a 67 ans. Ils vivent \u00e0 Malmb\u00e4ck. Rebecka pense avoir contract\u00e9 le virus dans le train. \u00c0 son tour, elle a infect\u00e9 Thomas.<\/p>\n<p>Apr\u00e8s avoir eu une fi\u00e8vre sup\u00e9rieure \u00e0 40 degr\u00e9s, et avoir compl\u00e8tement perdu ses forces, Rebecka a \u00e9t\u00e9 transport\u00e9e en urgence en ambulance \u00e0 J\u00f6nk\u00f6ping. \u00ab Je ne pouvais simplement pas trop r\u00e9fl\u00e9chir, \u00bb a-t-elle d\u00e9clar\u00e9. \u00ab Je n\u2019ai pas pu manger pendant plusieurs jours, j\u2019ai continu\u00e9 \u00e0 avoir de la fi\u00e8vre, une toux et je me sentais mal. \u00bb<\/p>\n<p>Apr\u00e8s avoir commenc\u00e9 \u00e0 r\u00e9cup\u00e9rer, Rebecka a d\u00e9clar\u00e9 : \u00ab vous avez le temps de r\u00e9fl\u00e9chir ; vous avez le temps de penser davantage \u00e0 Dieu et de prier davantage pour la famille, les proches, pour le monde. Malheureusement, je pense que nous, les humains, allons bient\u00f4t oublier ce que nous avons travers\u00e9 mais j\u2019esp\u00e8re vraiment que je pourrai garder ceci \u2013 que sans Dieu, je ne suis rien. \u00bb<\/p>\n<p>Au moment o\u00f9 Rebecka a quitt\u00e9 l\u2019h\u00f4pital, Thomas se sentait d\u00e9j\u00e0 tr\u00e8s malade. \u00ab De la fi\u00e8vre, une toux et d\u00e8s que vous vous levez, vous commencez \u00e0 haleter. C\u2019\u00e9tait tr\u00e8s douloureux. \u00bb Il a ajout\u00e9 : \u00ab J\u2019avais l\u2019impression que la toux ne s\u2019arr\u00eaterait jamais. \u00bb Il n\u2019avait pas peur mais dit que la maladie a consum\u00e9 toutes ses ressources. Thomas estime qu\u2019il n\u2019aurait pas r\u00e9ussi sans l\u2019aide de Dieu. \u00ab Je compterai davantage sur Dieu \u00e0 l\u2019avenir, \u00bb a-t-il conclu.<\/p>\n<p><em>La<\/em><a href=\"https:\/\/semneletimpului.ro\/sanatate\/epidemie\/video-am-vorbit-cu-10-pacienti-cu-covid-19.html\" target=\"_blank\" rel=\"noopener noreferrer\"><em>version originale<\/em><\/a><em> de ce r\u00e9cit a \u00e9t\u00e9 publi\u00e9e en roumain par <\/em><a href=\"https:\/\/semneletimpului.ro\/\" target=\"_blank\" rel=\"noopener noreferrer\"><em>Semnelle Timpului<\/em><\/a><em>, la version roumaine de <\/em>Signes des Temps<em>, et publi\u00e9e en anglais sur le <\/em><a href=\"https:\/\/ted.adventist.org\/news\" target=\"_blank\" rel=\"noopener noreferrer\"><em>site d&rsquo;informations<\/em><\/a><em>de la Division Trans Europ\u00e9enne.<\/em><\/p>\n<p>Traduction: Patrick Luciathe<\/p>\n","protected":false},"excerpt":{"rendered":"<p>7 Avril 2020 | St. Albans, Royaume-Uni | Par : Norel Iacob, pour la Division Trans-Europ\u00e9enne et Adventist Review Ils vivent dans cinq pays europ\u00e9ens diff\u00e9rents et ne pourraient pas&#8230;<\/p>\n","protected":false},"author":3,"featured_media":57275,"comment_status":"open","ping_status":"closed","sticky":false,"template":"","format":"standard","meta":{"_acf_changed":false,"footnotes":""},"categories":[18,19],"tags":[],"class_list":["post-57284","post","type-post","status-publish","format-standard","has-post-thumbnail","hentry","category-nouvelles-de-leglise-mondiale","category-rss-francais"],"acf":[],"yoast_head":"<!-- This site is optimized with the Yoast SEO plugin v27.3 - https:\/\/yoast.com\/product\/yoast-seo-wordpress\/ -->\n<title>10 personnes atteintes du COVID-19 partagent ce qu\u2019elles ont appris \u00e0 propos de Dieu et des autres - \u00c9glise Adventiste Du Septieme Jour - Inter Am\u00e9rique Division<\/title>\n<meta name=\"robots\" content=\"index, follow, max-snippet:-1, max-image-preview:large, max-video-preview:-1\" \/>\n<link rel=\"canonical\" href=\"https:\/\/interamerica.org\/fr\/2020\/04\/10-personnes-atteintes-du-covid-19-partagent-ce-quelles-ont-appris-a-propos-de-dieu-et-des-autres\/\" \/>\n<meta property=\"og:locale\" content=\"fr_FR\" \/>\n<meta property=\"og:type\" content=\"article\" \/>\n<meta property=\"og:title\" content=\"10 personnes atteintes du COVID-19 partagent ce qu\u2019elles ont appris \u00e0 propos de Dieu et des autres - \u00c9glise Adventiste Du Septieme Jour - Inter Am\u00e9rique Division\" \/>\n<meta property=\"og:description\" content=\"7 Avril 2020 | St. Albans, Royaume-Uni | Par : Norel Iacob, pour la Division Trans-Europ\u00e9enne et Adventist Review Ils vivent dans cinq pays europ\u00e9ens diff\u00e9rents et ne pourraient pas...\" \/>\n<meta property=\"og:url\" content=\"https:\/\/interamerica.org\/fr\/2020\/04\/10-personnes-atteintes-du-covid-19-partagent-ce-quelles-ont-appris-a-propos-de-dieu-et-des-autres\/\" \/>\n<meta property=\"og:site_name\" content=\"\u00c9glise Adventiste Du Septieme Jour - Inter Am\u00e9rique Division\" \/>\n<meta property=\"article:published_time\" content=\"2020-04-09T02:27:38+00:00\" \/>\n<meta property=\"article:modified_time\" content=\"2020-04-10T18:05:13+00:00\" \/>\n<meta property=\"og:image\" content=\"https:\/\/interamerica.org\/wp-content\/uploads\/2020\/04\/10-people-with-covid-19-share-what-they-learned-about-god-and-others.jpg\" \/>\n\t<meta property=\"og:image:width\" content=\"1000\" \/>\n\t<meta property=\"og:image:height\" content=\"500\" \/>\n\t<meta property=\"og:image:type\" content=\"image\/jpeg\" \/>\n<meta name=\"author\" content=\"libna\" \/>\n<meta name=\"twitter:card\" content=\"summary_large_image\" \/>\n<meta name=\"twitter:label1\" content=\"\u00c9crit par\" \/>\n\t<meta name=\"twitter:data1\" content=\"libna\" \/>\n\t<meta name=\"twitter:label2\" content=\"Dur\u00e9e de lecture estim\u00e9e\" \/>\n\t<meta name=\"twitter:data2\" content=\"8 minutes\" \/>\n<script type=\"application\/ld+json\" class=\"yoast-schema-graph\">{\"@context\":\"https:\\\/\\\/schema.org\",\"@graph\":[{\"@type\":\"Article\",\"@id\":\"https:\\\/\\\/interamerica.org\\\/fr\\\/2020\\\/04\\\/10-personnes-atteintes-du-covid-19-partagent-ce-quelles-ont-appris-a-propos-de-dieu-et-des-autres\\\/#article\",\"isPartOf\":{\"@id\":\"https:\\\/\\\/interamerica.org\\\/fr\\\/2020\\\/04\\\/10-personnes-atteintes-du-covid-19-partagent-ce-quelles-ont-appris-a-propos-de-dieu-et-des-autres\\\/\"},\"author\":{\"name\":\"libna\",\"@id\":\"https:\\\/\\\/interamerica.org\\\/fr\\\/#\\\/schema\\\/person\\\/29998f2bc2d8bd0d38662909289b54f1\"},\"headline\":\"10 personnes atteintes du COVID-19 partagent ce qu\u2019elles ont appris \u00e0 propos de Dieu et des autres\",\"datePublished\":\"2020-04-09T02:27:38+00:00\",\"dateModified\":\"2020-04-10T18:05:13+00:00\",\"mainEntityOfPage\":{\"@id\":\"https:\\\/\\\/interamerica.org\\\/fr\\\/2020\\\/04\\\/10-personnes-atteintes-du-covid-19-partagent-ce-quelles-ont-appris-a-propos-de-dieu-et-des-autres\\\/\"},\"wordCount\":1655,\"commentCount\":0,\"image\":{\"@id\":\"https:\\\/\\\/interamerica.org\\\/fr\\\/2020\\\/04\\\/10-personnes-atteintes-du-covid-19-partagent-ce-quelles-ont-appris-a-propos-de-dieu-et-des-autres\\\/#primaryimage\"},\"thumbnailUrl\":\"https:\\\/\\\/interamerica.org\\\/wp-content\\\/uploads\\\/2020\\\/04\\\/10-people-with-covid-19-share-what-they-learned-about-god-and-others.jpg\",\"articleSection\":[\"Nouvelles de l'\u00c9glise mondiale\",\"RSS Fran\u00e7ais\"],\"inLanguage\":\"fr-FR\",\"potentialAction\":[{\"@type\":\"CommentAction\",\"name\":\"Comment\",\"target\":[\"https:\\\/\\\/interamerica.org\\\/fr\\\/2020\\\/04\\\/10-personnes-atteintes-du-covid-19-partagent-ce-quelles-ont-appris-a-propos-de-dieu-et-des-autres\\\/#respond\"]}]},{\"@type\":\"WebPage\",\"@id\":\"https:\\\/\\\/interamerica.org\\\/fr\\\/2020\\\/04\\\/10-personnes-atteintes-du-covid-19-partagent-ce-quelles-ont-appris-a-propos-de-dieu-et-des-autres\\\/\",\"url\":\"https:\\\/\\\/interamerica.org\\\/fr\\\/2020\\\/04\\\/10-personnes-atteintes-du-covid-19-partagent-ce-quelles-ont-appris-a-propos-de-dieu-et-des-autres\\\/\",\"name\":\"10 personnes atteintes du COVID-19 partagent ce qu\u2019elles ont appris \u00e0 propos de Dieu et des autres - \u00c9glise Adventiste Du Septieme Jour - Inter Am\u00e9rique Division\",\"isPartOf\":{\"@id\":\"https:\\\/\\\/interamerica.org\\\/fr\\\/#website\"},\"primaryImageOfPage\":{\"@id\":\"https:\\\/\\\/interamerica.org\\\/fr\\\/2020\\\/04\\\/10-personnes-atteintes-du-covid-19-partagent-ce-quelles-ont-appris-a-propos-de-dieu-et-des-autres\\\/#primaryimage\"},\"image\":{\"@id\":\"https:\\\/\\\/interamerica.org\\\/fr\\\/2020\\\/04\\\/10-personnes-atteintes-du-covid-19-partagent-ce-quelles-ont-appris-a-propos-de-dieu-et-des-autres\\\/#primaryimage\"},\"thumbnailUrl\":\"https:\\\/\\\/interamerica.org\\\/wp-content\\\/uploads\\\/2020\\\/04\\\/10-people-with-covid-19-share-what-they-learned-about-god-and-others.jpg\",\"datePublished\":\"2020-04-09T02:27:38+00:00\",\"dateModified\":\"2020-04-10T18:05:13+00:00\",\"author\":{\"@id\":\"https:\\\/\\\/interamerica.org\\\/fr\\\/#\\\/schema\\\/person\\\/29998f2bc2d8bd0d38662909289b54f1\"},\"breadcrumb\":{\"@id\":\"https:\\\/\\\/interamerica.org\\\/fr\\\/2020\\\/04\\\/10-personnes-atteintes-du-covid-19-partagent-ce-quelles-ont-appris-a-propos-de-dieu-et-des-autres\\\/#breadcrumb\"},\"inLanguage\":\"fr-FR\",\"potentialAction\":[{\"@type\":\"ReadAction\",\"target\":[\"https:\\\/\\\/interamerica.org\\\/fr\\\/2020\\\/04\\\/10-personnes-atteintes-du-covid-19-partagent-ce-quelles-ont-appris-a-propos-de-dieu-et-des-autres\\\/\"]}]},{\"@type\":\"ImageObject\",\"inLanguage\":\"fr-FR\",\"@id\":\"https:\\\/\\\/interamerica.org\\\/fr\\\/2020\\\/04\\\/10-personnes-atteintes-du-covid-19-partagent-ce-quelles-ont-appris-a-propos-de-dieu-et-des-autres\\\/#primaryimage\",\"url\":\"https:\\\/\\\/interamerica.org\\\/wp-content\\\/uploads\\\/2020\\\/04\\\/10-people-with-covid-19-share-what-they-learned-about-god-and-others.jpg\",\"contentUrl\":\"https:\\\/\\\/interamerica.org\\\/wp-content\\\/uploads\\\/2020\\\/04\\\/10-people-with-covid-19-share-what-they-learned-about-god-and-others.jpg\",\"width\":1000,\"height\":500},{\"@type\":\"BreadcrumbList\",\"@id\":\"https:\\\/\\\/interamerica.org\\\/fr\\\/2020\\\/04\\\/10-personnes-atteintes-du-covid-19-partagent-ce-quelles-ont-appris-a-propos-de-dieu-et-des-autres\\\/#breadcrumb\",\"itemListElement\":[{\"@type\":\"ListItem\",\"position\":1,\"name\":\"Home\",\"item\":\"https:\\\/\\\/interamerica.org\\\/fr\\\/\"},{\"@type\":\"ListItem\",\"position\":2,\"name\":\"10 personnes atteintes du COVID-19 partagent ce qu\u2019elles ont appris \u00e0 propos de Dieu et des autres\"}]},{\"@type\":\"WebSite\",\"@id\":\"https:\\\/\\\/interamerica.org\\\/fr\\\/#website\",\"url\":\"https:\\\/\\\/interamerica.org\\\/fr\\\/\",\"name\":\"\u00c9glise Adventiste Du Septieme Jour - Inter Am\u00e9rique Division\",\"description\":\"\",\"potentialAction\":[{\"@type\":\"SearchAction\",\"target\":{\"@type\":\"EntryPoint\",\"urlTemplate\":\"https:\\\/\\\/interamerica.org\\\/fr\\\/?s={search_term_string}\"},\"query-input\":{\"@type\":\"PropertyValueSpecification\",\"valueRequired\":true,\"valueName\":\"search_term_string\"}}],\"inLanguage\":\"fr-FR\"},{\"@type\":\"Person\",\"@id\":\"https:\\\/\\\/interamerica.org\\\/fr\\\/#\\\/schema\\\/person\\\/29998f2bc2d8bd0d38662909289b54f1\",\"name\":\"libna\",\"image\":{\"@type\":\"ImageObject\",\"inLanguage\":\"fr-FR\",\"@id\":\"https:\\\/\\\/secure.gravatar.com\\\/avatar\\\/7c5bd30ae4b47a9ba3c856590957fd1d96dc588bf3ac05719d247e126840331f?s=96&d=mm&r=g\",\"url\":\"https:\\\/\\\/secure.gravatar.com\\\/avatar\\\/7c5bd30ae4b47a9ba3c856590957fd1d96dc588bf3ac05719d247e126840331f?s=96&d=mm&r=g\",\"contentUrl\":\"https:\\\/\\\/secure.gravatar.com\\\/avatar\\\/7c5bd30ae4b47a9ba3c856590957fd1d96dc588bf3ac05719d247e126840331f?s=96&d=mm&r=g\",\"caption\":\"libna\"}}]}<\/script>\n<!-- \/ Yoast SEO plugin. -->","yoast_head_json":{"title":"10 personnes atteintes du COVID-19 partagent ce qu\u2019elles ont appris \u00e0 propos de Dieu et des autres - \u00c9glise Adventiste Du Septieme Jour - Inter Am\u00e9rique Division","robots":{"index":"index","follow":"follow","max-snippet":"max-snippet:-1","max-image-preview":"max-image-preview:large","max-video-preview":"max-video-preview:-1"},"canonical":"https:\/\/interamerica.org\/fr\/2020\/04\/10-personnes-atteintes-du-covid-19-partagent-ce-quelles-ont-appris-a-propos-de-dieu-et-des-autres\/","og_locale":"fr_FR","og_type":"article","og_title":"10 personnes atteintes du COVID-19 partagent ce qu\u2019elles ont appris \u00e0 propos de Dieu et des autres - \u00c9glise Adventiste Du Septieme Jour - Inter Am\u00e9rique Division","og_description":"7 Avril 2020 | St. Albans, Royaume-Uni | Par : Norel Iacob, pour la Division Trans-Europ\u00e9enne et Adventist Review Ils vivent dans cinq pays europ\u00e9ens diff\u00e9rents et ne pourraient pas...","og_url":"https:\/\/interamerica.org\/fr\/2020\/04\/10-personnes-atteintes-du-covid-19-partagent-ce-quelles-ont-appris-a-propos-de-dieu-et-des-autres\/","og_site_name":"\u00c9glise Adventiste Du Septieme Jour - Inter Am\u00e9rique Division","article_published_time":"2020-04-09T02:27:38+00:00","article_modified_time":"2020-04-10T18:05:13+00:00","og_image":[{"width":1000,"height":500,"url":"https:\/\/interamerica.org\/wp-content\/uploads\/2020\/04\/10-people-with-covid-19-share-what-they-learned-about-god-and-others.jpg","type":"image\/jpeg"}],"author":"libna","twitter_card":"summary_large_image","twitter_misc":{"\u00c9crit par":"libna","Dur\u00e9e de lecture estim\u00e9e":"8 minutes"},"schema":{"@context":"https:\/\/schema.org","@graph":[{"@type":"Article","@id":"https:\/\/interamerica.org\/fr\/2020\/04\/10-personnes-atteintes-du-covid-19-partagent-ce-quelles-ont-appris-a-propos-de-dieu-et-des-autres\/#article","isPartOf":{"@id":"https:\/\/interamerica.org\/fr\/2020\/04\/10-personnes-atteintes-du-covid-19-partagent-ce-quelles-ont-appris-a-propos-de-dieu-et-des-autres\/"},"author":{"name":"libna","@id":"https:\/\/interamerica.org\/fr\/#\/schema\/person\/29998f2bc2d8bd0d38662909289b54f1"},"headline":"10 personnes atteintes du COVID-19 partagent ce qu\u2019elles ont appris \u00e0 propos de Dieu et des autres","datePublished":"2020-04-09T02:27:38+00:00","dateModified":"2020-04-10T18:05:13+00:00","mainEntityOfPage":{"@id":"https:\/\/interamerica.org\/fr\/2020\/04\/10-personnes-atteintes-du-covid-19-partagent-ce-quelles-ont-appris-a-propos-de-dieu-et-des-autres\/"},"wordCount":1655,"commentCount":0,"image":{"@id":"https:\/\/interamerica.org\/fr\/2020\/04\/10-personnes-atteintes-du-covid-19-partagent-ce-quelles-ont-appris-a-propos-de-dieu-et-des-autres\/#primaryimage"},"thumbnailUrl":"https:\/\/interamerica.org\/wp-content\/uploads\/2020\/04\/10-people-with-covid-19-share-what-they-learned-about-god-and-others.jpg","articleSection":["Nouvelles de l'\u00c9glise mondiale","RSS Fran\u00e7ais"],"inLanguage":"fr-FR","potentialAction":[{"@type":"CommentAction","name":"Comment","target":["https:\/\/interamerica.org\/fr\/2020\/04\/10-personnes-atteintes-du-covid-19-partagent-ce-quelles-ont-appris-a-propos-de-dieu-et-des-autres\/#respond"]}]},{"@type":"WebPage","@id":"https:\/\/interamerica.org\/fr\/2020\/04\/10-personnes-atteintes-du-covid-19-partagent-ce-quelles-ont-appris-a-propos-de-dieu-et-des-autres\/","url":"https:\/\/interamerica.org\/fr\/2020\/04\/10-personnes-atteintes-du-covid-19-partagent-ce-quelles-ont-appris-a-propos-de-dieu-et-des-autres\/","name":"10 personnes atteintes du COVID-19 partagent ce qu\u2019elles ont appris \u00e0 propos de Dieu et des autres - \u00c9glise Adventiste Du Septieme Jour - Inter Am\u00e9rique Division","isPartOf":{"@id":"https:\/\/interamerica.org\/fr\/#website"},"primaryImageOfPage":{"@id":"https:\/\/interamerica.org\/fr\/2020\/04\/10-personnes-atteintes-du-covid-19-partagent-ce-quelles-ont-appris-a-propos-de-dieu-et-des-autres\/#primaryimage"},"image":{"@id":"https:\/\/interamerica.org\/fr\/2020\/04\/10-personnes-atteintes-du-covid-19-partagent-ce-quelles-ont-appris-a-propos-de-dieu-et-des-autres\/#primaryimage"},"thumbnailUrl":"https:\/\/interamerica.org\/wp-content\/uploads\/2020\/04\/10-people-with-covid-19-share-what-they-learned-about-god-and-others.jpg","datePublished":"2020-04-09T02:27:38+00:00","dateModified":"2020-04-10T18:05:13+00:00","author":{"@id":"https:\/\/interamerica.org\/fr\/#\/schema\/person\/29998f2bc2d8bd0d38662909289b54f1"},"breadcrumb":{"@id":"https:\/\/interamerica.org\/fr\/2020\/04\/10-personnes-atteintes-du-covid-19-partagent-ce-quelles-ont-appris-a-propos-de-dieu-et-des-autres\/#breadcrumb"},"inLanguage":"fr-FR","potentialAction":[{"@type":"ReadAction","target":["https:\/\/interamerica.org\/fr\/2020\/04\/10-personnes-atteintes-du-covid-19-partagent-ce-quelles-ont-appris-a-propos-de-dieu-et-des-autres\/"]}]},{"@type":"ImageObject","inLanguage":"fr-FR","@id":"https:\/\/interamerica.org\/fr\/2020\/04\/10-personnes-atteintes-du-covid-19-partagent-ce-quelles-ont-appris-a-propos-de-dieu-et-des-autres\/#primaryimage","url":"https:\/\/interamerica.org\/wp-content\/uploads\/2020\/04\/10-people-with-covid-19-share-what-they-learned-about-god-and-others.jpg","contentUrl":"https:\/\/interamerica.org\/wp-content\/uploads\/2020\/04\/10-people-with-covid-19-share-what-they-learned-about-god-and-others.jpg","width":1000,"height":500},{"@type":"BreadcrumbList","@id":"https:\/\/interamerica.org\/fr\/2020\/04\/10-personnes-atteintes-du-covid-19-partagent-ce-quelles-ont-appris-a-propos-de-dieu-et-des-autres\/#breadcrumb","itemListElement":[{"@type":"ListItem","position":1,"name":"Home","item":"https:\/\/interamerica.org\/fr\/"},{"@type":"ListItem","position":2,"name":"10 personnes atteintes du COVID-19 partagent ce qu\u2019elles ont appris \u00e0 propos de Dieu et des autres"}]},{"@type":"WebSite","@id":"https:\/\/interamerica.org\/fr\/#website","url":"https:\/\/interamerica.org\/fr\/","name":"\u00c9glise Adventiste Du Septieme Jour - Inter Am\u00e9rique Division","description":"","potentialAction":[{"@type":"SearchAction","target":{"@type":"EntryPoint","urlTemplate":"https:\/\/interamerica.org\/fr\/?s={search_term_string}"},"query-input":{"@type":"PropertyValueSpecification","valueRequired":true,"valueName":"search_term_string"}}],"inLanguage":"fr-FR"},{"@type":"Person","@id":"https:\/\/interamerica.org\/fr\/#\/schema\/person\/29998f2bc2d8bd0d38662909289b54f1","name":"libna","image":{"@type":"ImageObject","inLanguage":"fr-FR","@id":"https:\/\/secure.gravatar.com\/avatar\/7c5bd30ae4b47a9ba3c856590957fd1d96dc588bf3ac05719d247e126840331f?s=96&d=mm&r=g","url":"https:\/\/secure.gravatar.com\/avatar\/7c5bd30ae4b47a9ba3c856590957fd1d96dc588bf3ac05719d247e126840331f?s=96&d=mm&r=g","contentUrl":"https:\/\/secure.gravatar.com\/avatar\/7c5bd30ae4b47a9ba3c856590957fd1d96dc588bf3ac05719d247e126840331f?s=96&d=mm&r=g","caption":"libna"}}]}},"_links":{"self":[{"href":"https:\/\/interamerica.org\/fr\/wp-json\/wp\/v2\/posts\/57284","targetHints":{"allow":["GET"]}}],"collection":[{"href":"https:\/\/interamerica.org\/fr\/wp-json\/wp\/v2\/posts"}],"about":[{"href":"https:\/\/interamerica.org\/fr\/wp-json\/wp\/v2\/types\/post"}],"author":[{"embeddable":true,"href":"https:\/\/interamerica.org\/fr\/wp-json\/wp\/v2\/users\/3"}],"replies":[{"embeddable":true,"href":"https:\/\/interamerica.org\/fr\/wp-json\/wp\/v2\/comments?post=57284"}],"version-history":[{"count":0,"href":"https:\/\/interamerica.org\/fr\/wp-json\/wp\/v2\/posts\/57284\/revisions"}],"wp:featuredmedia":[{"embeddable":true,"href":"https:\/\/interamerica.org\/fr\/wp-json\/wp\/v2\/media\/57275"}],"wp:attachment":[{"href":"https:\/\/interamerica.org\/fr\/wp-json\/wp\/v2\/media?parent=57284"}],"wp:term":[{"taxonomy":"category","embeddable":true,"href":"https:\/\/interamerica.org\/fr\/wp-json\/wp\/v2\/categories?post=57284"},{"taxonomy":"post_tag","embeddable":true,"href":"https:\/\/interamerica.org\/fr\/wp-json\/wp\/v2\/tags?post=57284"}],"curies":[{"name":"wp","href":"https:\/\/api.w.org\/{rel}","templated":true}]}}