{"id":57285,"date":"2020-04-04T08:16:01","date_gmt":"2020-04-04T12:16:01","guid":{"rendered":"https:\/\/recursing-golick.147-182-135-0.plesk.page\/?p=57285"},"modified":"2020-04-09T11:39:47","modified_gmt":"2020-04-09T15:39:47","slug":"un-pasteur-dindonesie-decede-du-coronavirus","status":"publish","type":"post","link":"https:\/\/interamerica.org\/fr\/2020\/04\/un-pasteur-dindonesie-decede-du-coronavirus\/","title":{"rendered":"Un pasteur d\u2019Indon\u00e9sie d\u00e9c\u00e9d\u00e9 du coronavirus"},"content":{"rendered":"<p>Le 3 avril 2020 | Indon\u00e9sie | D\u00e9partement de l\u2019information de la Division sud-asiatique-Pacifique et <em>Adventist Review<\/em><\/p>\n<p>Il a \u00e9t\u00e9 confirm\u00e9 qu\u2019un pasteur adventiste du septi\u00e8me jour de Jakarta, en Indon\u00e9sie, est d\u00e9c\u00e9d\u00e9 des complications de la COVID-19. L\u2019information a \u00e9t\u00e9 attest\u00e9e par les autorit\u00e9s sanitaires locales une semaine apr\u00e8s sa mort, le 23 mars dernier. Les agents locaux ont rapport\u00e9 qu\u2019il \u00e9tait sous investigation pendant son isolement \u00e0 l\u2019h\u00f4pital. Aucun nom ou renseignement personnel n\u2019\u00e9tait disponible au moment de mettre sous presse.<\/p>\n<p>Ce d\u00e9c\u00e8s est consid\u00e9r\u00e9 comme le premier \u00e9tant d\u00fb \u00e0 la COVID-19 sur le territoire de la Division sud-asiatique-Pacifique des adventistes du septi\u00e8me jour. Des rapports ant\u00e9rieurs d\u2019<em>Adventist Review<\/em> avaient confirm\u00e9 que la pand\u00e9mie de COVID-19 avait caus\u00e9 la mort d\u2019<a href=\"https:\/\/www.adventistreview.org\/church-news\/story14489-coronavirus-claims-first-adventist\">un membre de l\u2019\u00c9glise adventiste en Chine<\/a>, d\u2019<a href=\"https:\/\/www.adventistreview.org\/church-news\/story14604-one-adventist-member-dies-of-coronavirus-in-the-united-kingdom\">un autre au Royaume-Uni<\/a> et de <a href=\"https:\/\/www.adventistreview.org\/church-news\/story14615-at-least-3-adventists-dead-53-infected-with-covid-19-in-spain\">plusieurs en Espagne<\/a>.<\/p>\n<p>Jusqu\u2019\u00e0 maintenant, le gouvernement indon\u00e9sien n\u2019a ordonn\u00e9 le confinement d\u2019aucune de ses villes. Par contre, il recommande fortement la distanciation sociale entre les personnes. Les autorit\u00e9s sanitaires locales ont \u00e9galement r\u00e9it\u00e9r\u00e9 l\u2019obligation de ceux qui pr\u00e9sentent des signes ou des sympt\u00f4mes de COVID-19 de rester \u00e0 la maison et d\u2019entamer une quarantaine de 14 jours pour \u00e9viter la propagation de la maladie.<\/p>\n<p>David Panjaitan, directeur des communications de l\u2019\u00c9glise adventiste de la r\u00e9gion occidentale de l\u2019Indon\u00e9sie, a dit que le gouvernement a \u00e9galement mis en \u0153uvre des mesures de travail obligatoire de la maison et qu\u2019il a interdit les rassemblements sociaux, y compris les services religieux, dans certaines parties de l\u2019Indon\u00e9sie de l\u2019Ouest, particuli\u00e8rement \u00e0 Jakarta, et ce jusqu\u2019au 19 avril.<\/p>\n<p>Le r\u00f4le de l\u2019\u00e9vang\u00e9lisation virtuelle<\/p>\n<p>L\u2019arriv\u00e9e de la COVID-19 a pouss\u00e9 les membres de l\u2019\u00c9glise adventiste \u00e0 inventer des moyens cr\u00e9atifs de poursuivre leur mission en ligne.<\/p>\n<p>Davantage d\u2019\u00e9glises locales et de groupes adventistes sont apparus sur internet presque chaque jour pour \u00e9tudier la Bible, prier \u00e0 la cha\u00eene ou simplement avoir des discussions.<\/p>\n<p>Le 21 mars, le d\u00e9partement de jeunesse de la Division sud-asiatique-Pacifique a lanc\u00e9 une s\u00e9ance de pri\u00e8re d\u2019une heure diffus\u00e9e en continu. Le programme a pr\u00e9sent\u00e9 des histoires de foi, de compassion et de pers\u00e9v\u00e9rance, particuli\u00e8rement pertinentes en ces temps de crise.<\/p>\n<p>Dans l\u2019un de ces segments, Ron Genebago, directeur de jeunesse de la Division sud-asiatique-Pacifique, a invit\u00e9 tout le monde \u00e0 prendre le temps de prier et de communier avec le Seigneur durant la lutte contre cette maladie.<\/p>\n<p>\u00ab\u00a0C\u2019est maintenant, plus que jamais, le bon temps pour nous tous de prier, a-t-il dit. En priant ensemble, nous nous rappelons que, par la pri\u00e8re, des choses impossibles se produisent, ce qui nous am\u00e8ne \u00e0 prendre conscience que notre Dieu nous \u00e9coute lors des moments difficiles comme des moments plus heureux.\u00a0\u00bb<\/p>\n<p>Cent jours de pri\u00e8re<\/p>\n<p>L\u2019\u00c9glise adventiste du septi\u00e8me jour mondiale a lanc\u00e9 un programme de 100 jours de pri\u00e8re (<em><a href=\"https:\/\/www.revivalandreformation.org\/100days\">100 Days of Prayer<\/a><\/em>) du 27 mars au 4 juillet. Les dirigeants r\u00e9gionaux de l\u2019\u00c9glise ont rapport\u00e9 que l\u2019initiative constituait un encouragement pour les membres, qui croient que, lors des derniers jours, le Saint-Esprit sera donn\u00e9 comme un cadeau \u00e0 l\u2019\u00c9glise.<\/p>\n<p>Les dirigeants ont dit que le programme \u00ab\u00a0arrivait juste au bon moment, alors que les gens sont paralys\u00e9s par la peur du coronavirus. Voil\u00e0 quelque chose qui rappelle \u00e0 tout le monde que, par la pri\u00e8re, nous reconnaissons qu\u2019il s\u2019agit l\u00e0 du seul moyen par lequel nous pouvons obtenir la force et la direction dont nous avons besoin pour surmonter cette crise.\u00a0\u00bb<\/p>\n<p>Les dirigeants ont \u00e9galement appel\u00e9 les membres \u00e0 tirer le meilleur de cette occasion\u00a0: \u00ab\u00a0Bien que la distanciation sociale nous emp\u00eache de nous rassembler physiquement pour prier, ces 100 jours de pri\u00e8re peuvent se faire \u00e0 distance dans nos foyers respectifs, en famille ou entre amis.\u00a0\u00bb<\/p>\n<p><em>La <\/em><em><a href=\"http:\/\/adventist.asia\/news\/coronavirus-claims-life-of-adventist-pastor-in-indonesia\/\">version originale<\/a><\/em><em> de cet article a \u00e9t\u00e9 publi\u00e9e sur le <\/em><em><a href=\"http:\/\/adventist.asia\/news\/\">site de nouvelles<\/a><\/em><em> de la Division sud-asiatique-Pacifique.<\/em><\/p>\n<p>Traduction : Marie-Mich\u00e8le Robitaille<\/p>\n","protected":false},"excerpt":{"rendered":"<p>Le 3 avril 2020 | Indon\u00e9sie | D\u00e9partement de l\u2019information de la Division sud-asiatique-Pacifique et Adventist Review Il a \u00e9t\u00e9 confirm\u00e9 qu\u2019un pasteur adventiste du septi\u00e8me jour de Jakarta, en&#8230;<\/p>\n","protected":false},"author":3,"featured_media":57080,"comment_status":"open","ping_status":"closed","sticky":false,"template":"","format":"standard","meta":{"_acf_changed":false,"footnotes":""},"categories":[18,19],"tags":[],"class_list":["post-57285","post","type-post","status-publish","format-standard","has-post-thumbnail","hentry","category-nouvelles-de-leglise-mondiale","category-rss-francais"],"acf":[],"yoast_head":"<!-- This site is optimized with the Yoast SEO plugin v27.3 - https:\/\/yoast.com\/product\/yoast-seo-wordpress\/ -->\n<title>Un pasteur d\u2019Indon\u00e9sie d\u00e9c\u00e9d\u00e9 du coronavirus - \u00c9glise Adventiste Du Septieme Jour - Inter Am\u00e9rique Division<\/title>\n<meta name=\"robots\" content=\"index, follow, max-snippet:-1, max-image-preview:large, max-video-preview:-1\" \/>\n<link rel=\"canonical\" href=\"https:\/\/interamerica.org\/fr\/2020\/04\/un-pasteur-dindonesie-decede-du-coronavirus\/\" \/>\n<meta property=\"og:locale\" content=\"fr_FR\" \/>\n<meta property=\"og:type\" content=\"article\" \/>\n<meta property=\"og:title\" content=\"Un pasteur d\u2019Indon\u00e9sie d\u00e9c\u00e9d\u00e9 du coronavirus - \u00c9glise Adventiste Du Septieme Jour - Inter Am\u00e9rique Division\" \/>\n<meta property=\"og:description\" content=\"Le 3 avril 2020 | Indon\u00e9sie | D\u00e9partement de l\u2019information de la Division sud-asiatique-Pacifique et Adventist Review Il a \u00e9t\u00e9 confirm\u00e9 qu\u2019un pasteur adventiste du septi\u00e8me jour de Jakarta, en...\" \/>\n<meta property=\"og:url\" content=\"https:\/\/interamerica.org\/fr\/2020\/04\/un-pasteur-dindonesie-decede-du-coronavirus\/\" \/>\n<meta property=\"og:site_name\" content=\"\u00c9glise Adventiste Du Septieme Jour - Inter Am\u00e9rique Division\" \/>\n<meta property=\"article:published_time\" content=\"2020-04-04T12:16:01+00:00\" \/>\n<meta property=\"article:modified_time\" content=\"2020-04-09T15:39:47+00:00\" \/>\n<meta property=\"og:image\" content=\"https:\/\/interamerica.org\/wp-content\/uploads\/2020\/04\/candle-david-tomaseti-aazlf5fguws-unsplash-1280.jpg\" \/>\n\t<meta property=\"og:image:width\" content=\"1280\" \/>\n\t<meta property=\"og:image:height\" content=\"800\" \/>\n\t<meta property=\"og:image:type\" content=\"image\/jpeg\" \/>\n<meta name=\"author\" content=\"libna\" \/>\n<meta name=\"twitter:card\" content=\"summary_large_image\" \/>\n<meta name=\"twitter:label1\" content=\"\u00c9crit par\" \/>\n\t<meta name=\"twitter:data1\" content=\"libna\" \/>\n\t<meta name=\"twitter:label2\" content=\"Dur\u00e9e de lecture estim\u00e9e\" \/>\n\t<meta name=\"twitter:data2\" content=\"3 minutes\" \/>\n<script type=\"application\/ld+json\" class=\"yoast-schema-graph\">{\"@context\":\"https:\\\/\\\/schema.org\",\"@graph\":[{\"@type\":\"Article\",\"@id\":\"https:\\\/\\\/interamerica.org\\\/fr\\\/2020\\\/04\\\/un-pasteur-dindonesie-decede-du-coronavirus\\\/#article\",\"isPartOf\":{\"@id\":\"https:\\\/\\\/interamerica.org\\\/fr\\\/2020\\\/04\\\/un-pasteur-dindonesie-decede-du-coronavirus\\\/\"},\"author\":{\"name\":\"libna\",\"@id\":\"https:\\\/\\\/interamerica.org\\\/fr\\\/#\\\/schema\\\/person\\\/29998f2bc2d8bd0d38662909289b54f1\"},\"headline\":\"Un pasteur d\u2019Indon\u00e9sie d\u00e9c\u00e9d\u00e9 du coronavirus\",\"datePublished\":\"2020-04-04T12:16:01+00:00\",\"dateModified\":\"2020-04-09T15:39:47+00:00\",\"mainEntityOfPage\":{\"@id\":\"https:\\\/\\\/interamerica.org\\\/fr\\\/2020\\\/04\\\/un-pasteur-dindonesie-decede-du-coronavirus\\\/\"},\"wordCount\":702,\"commentCount\":0,\"image\":{\"@id\":\"https:\\\/\\\/interamerica.org\\\/fr\\\/2020\\\/04\\\/un-pasteur-dindonesie-decede-du-coronavirus\\\/#primaryimage\"},\"thumbnailUrl\":\"https:\\\/\\\/interamerica.org\\\/wp-content\\\/uploads\\\/2020\\\/04\\\/candle-david-tomaseti-aazlf5fguws-unsplash-1280.jpg\",\"articleSection\":[\"Nouvelles de l'\u00c9glise mondiale\",\"RSS Fran\u00e7ais\"],\"inLanguage\":\"fr-FR\",\"potentialAction\":[{\"@type\":\"CommentAction\",\"name\":\"Comment\",\"target\":[\"https:\\\/\\\/interamerica.org\\\/fr\\\/2020\\\/04\\\/un-pasteur-dindonesie-decede-du-coronavirus\\\/#respond\"]}]},{\"@type\":\"WebPage\",\"@id\":\"https:\\\/\\\/interamerica.org\\\/fr\\\/2020\\\/04\\\/un-pasteur-dindonesie-decede-du-coronavirus\\\/\",\"url\":\"https:\\\/\\\/interamerica.org\\\/fr\\\/2020\\\/04\\\/un-pasteur-dindonesie-decede-du-coronavirus\\\/\",\"name\":\"Un pasteur d\u2019Indon\u00e9sie d\u00e9c\u00e9d\u00e9 du coronavirus - \u00c9glise Adventiste Du Septieme Jour - Inter Am\u00e9rique Division\",\"isPartOf\":{\"@id\":\"https:\\\/\\\/interamerica.org\\\/fr\\\/#website\"},\"primaryImageOfPage\":{\"@id\":\"https:\\\/\\\/interamerica.org\\\/fr\\\/2020\\\/04\\\/un-pasteur-dindonesie-decede-du-coronavirus\\\/#primaryimage\"},\"image\":{\"@id\":\"https:\\\/\\\/interamerica.org\\\/fr\\\/2020\\\/04\\\/un-pasteur-dindonesie-decede-du-coronavirus\\\/#primaryimage\"},\"thumbnailUrl\":\"https:\\\/\\\/interamerica.org\\\/wp-content\\\/uploads\\\/2020\\\/04\\\/candle-david-tomaseti-aazlf5fguws-unsplash-1280.jpg\",\"datePublished\":\"2020-04-04T12:16:01+00:00\",\"dateModified\":\"2020-04-09T15:39:47+00:00\",\"author\":{\"@id\":\"https:\\\/\\\/interamerica.org\\\/fr\\\/#\\\/schema\\\/person\\\/29998f2bc2d8bd0d38662909289b54f1\"},\"breadcrumb\":{\"@id\":\"https:\\\/\\\/interamerica.org\\\/fr\\\/2020\\\/04\\\/un-pasteur-dindonesie-decede-du-coronavirus\\\/#breadcrumb\"},\"inLanguage\":\"fr-FR\",\"potentialAction\":[{\"@type\":\"ReadAction\",\"target\":[\"https:\\\/\\\/interamerica.org\\\/fr\\\/2020\\\/04\\\/un-pasteur-dindonesie-decede-du-coronavirus\\\/\"]}]},{\"@type\":\"ImageObject\",\"inLanguage\":\"fr-FR\",\"@id\":\"https:\\\/\\\/interamerica.org\\\/fr\\\/2020\\\/04\\\/un-pasteur-dindonesie-decede-du-coronavirus\\\/#primaryimage\",\"url\":\"https:\\\/\\\/interamerica.org\\\/wp-content\\\/uploads\\\/2020\\\/04\\\/candle-david-tomaseti-aazlf5fguws-unsplash-1280.jpg\",\"contentUrl\":\"https:\\\/\\\/interamerica.org\\\/wp-content\\\/uploads\\\/2020\\\/04\\\/candle-david-tomaseti-aazlf5fguws-unsplash-1280.jpg\",\"width\":1280,\"height\":800,\"caption\":\"[Photo: david-tomaseti\\\/unsplash]\"},{\"@type\":\"BreadcrumbList\",\"@id\":\"https:\\\/\\\/interamerica.org\\\/fr\\\/2020\\\/04\\\/un-pasteur-dindonesie-decede-du-coronavirus\\\/#breadcrumb\",\"itemListElement\":[{\"@type\":\"ListItem\",\"position\":1,\"name\":\"Home\",\"item\":\"https:\\\/\\\/interamerica.org\\\/fr\\\/\"},{\"@type\":\"ListItem\",\"position\":2,\"name\":\"Un pasteur d\u2019Indon\u00e9sie d\u00e9c\u00e9d\u00e9 du coronavirus\"}]},{\"@type\":\"WebSite\",\"@id\":\"https:\\\/\\\/interamerica.org\\\/fr\\\/#website\",\"url\":\"https:\\\/\\\/interamerica.org\\\/fr\\\/\",\"name\":\"\u00c9glise Adventiste Du Septieme Jour - Inter Am\u00e9rique Division\",\"description\":\"\",\"potentialAction\":[{\"@type\":\"SearchAction\",\"target\":{\"@type\":\"EntryPoint\",\"urlTemplate\":\"https:\\\/\\\/interamerica.org\\\/fr\\\/?s={search_term_string}\"},\"query-input\":{\"@type\":\"PropertyValueSpecification\",\"valueRequired\":true,\"valueName\":\"search_term_string\"}}],\"inLanguage\":\"fr-FR\"},{\"@type\":\"Person\",\"@id\":\"https:\\\/\\\/interamerica.org\\\/fr\\\/#\\\/schema\\\/person\\\/29998f2bc2d8bd0d38662909289b54f1\",\"name\":\"libna\",\"image\":{\"@type\":\"ImageObject\",\"inLanguage\":\"fr-FR\",\"@id\":\"https:\\\/\\\/secure.gravatar.com\\\/avatar\\\/7c5bd30ae4b47a9ba3c856590957fd1d96dc588bf3ac05719d247e126840331f?s=96&d=mm&r=g\",\"url\":\"https:\\\/\\\/secure.gravatar.com\\\/avatar\\\/7c5bd30ae4b47a9ba3c856590957fd1d96dc588bf3ac05719d247e126840331f?s=96&d=mm&r=g\",\"contentUrl\":\"https:\\\/\\\/secure.gravatar.com\\\/avatar\\\/7c5bd30ae4b47a9ba3c856590957fd1d96dc588bf3ac05719d247e126840331f?s=96&d=mm&r=g\",\"caption\":\"libna\"}}]}<\/script>\n<!-- \/ Yoast SEO plugin. -->","yoast_head_json":{"title":"Un pasteur d\u2019Indon\u00e9sie d\u00e9c\u00e9d\u00e9 du coronavirus - \u00c9glise Adventiste Du Septieme Jour - Inter Am\u00e9rique Division","robots":{"index":"index","follow":"follow","max-snippet":"max-snippet:-1","max-image-preview":"max-image-preview:large","max-video-preview":"max-video-preview:-1"},"canonical":"https:\/\/interamerica.org\/fr\/2020\/04\/un-pasteur-dindonesie-decede-du-coronavirus\/","og_locale":"fr_FR","og_type":"article","og_title":"Un pasteur d\u2019Indon\u00e9sie d\u00e9c\u00e9d\u00e9 du coronavirus - \u00c9glise Adventiste Du Septieme Jour - Inter Am\u00e9rique Division","og_description":"Le 3 avril 2020 | Indon\u00e9sie | D\u00e9partement de l\u2019information de la Division sud-asiatique-Pacifique et Adventist Review Il a \u00e9t\u00e9 confirm\u00e9 qu\u2019un pasteur adventiste du septi\u00e8me jour de Jakarta, en...","og_url":"https:\/\/interamerica.org\/fr\/2020\/04\/un-pasteur-dindonesie-decede-du-coronavirus\/","og_site_name":"\u00c9glise Adventiste Du Septieme Jour - Inter Am\u00e9rique Division","article_published_time":"2020-04-04T12:16:01+00:00","article_modified_time":"2020-04-09T15:39:47+00:00","og_image":[{"width":1280,"height":800,"url":"https:\/\/interamerica.org\/wp-content\/uploads\/2020\/04\/candle-david-tomaseti-aazlf5fguws-unsplash-1280.jpg","type":"image\/jpeg"}],"author":"libna","twitter_card":"summary_large_image","twitter_misc":{"\u00c9crit par":"libna","Dur\u00e9e de lecture estim\u00e9e":"3 minutes"},"schema":{"@context":"https:\/\/schema.org","@graph":[{"@type":"Article","@id":"https:\/\/interamerica.org\/fr\/2020\/04\/un-pasteur-dindonesie-decede-du-coronavirus\/#article","isPartOf":{"@id":"https:\/\/interamerica.org\/fr\/2020\/04\/un-pasteur-dindonesie-decede-du-coronavirus\/"},"author":{"name":"libna","@id":"https:\/\/interamerica.org\/fr\/#\/schema\/person\/29998f2bc2d8bd0d38662909289b54f1"},"headline":"Un pasteur d\u2019Indon\u00e9sie d\u00e9c\u00e9d\u00e9 du coronavirus","datePublished":"2020-04-04T12:16:01+00:00","dateModified":"2020-04-09T15:39:47+00:00","mainEntityOfPage":{"@id":"https:\/\/interamerica.org\/fr\/2020\/04\/un-pasteur-dindonesie-decede-du-coronavirus\/"},"wordCount":702,"commentCount":0,"image":{"@id":"https:\/\/interamerica.org\/fr\/2020\/04\/un-pasteur-dindonesie-decede-du-coronavirus\/#primaryimage"},"thumbnailUrl":"https:\/\/interamerica.org\/wp-content\/uploads\/2020\/04\/candle-david-tomaseti-aazlf5fguws-unsplash-1280.jpg","articleSection":["Nouvelles de l'\u00c9glise mondiale","RSS Fran\u00e7ais"],"inLanguage":"fr-FR","potentialAction":[{"@type":"CommentAction","name":"Comment","target":["https:\/\/interamerica.org\/fr\/2020\/04\/un-pasteur-dindonesie-decede-du-coronavirus\/#respond"]}]},{"@type":"WebPage","@id":"https:\/\/interamerica.org\/fr\/2020\/04\/un-pasteur-dindonesie-decede-du-coronavirus\/","url":"https:\/\/interamerica.org\/fr\/2020\/04\/un-pasteur-dindonesie-decede-du-coronavirus\/","name":"Un pasteur d\u2019Indon\u00e9sie d\u00e9c\u00e9d\u00e9 du coronavirus - \u00c9glise Adventiste Du Septieme Jour - Inter Am\u00e9rique Division","isPartOf":{"@id":"https:\/\/interamerica.org\/fr\/#website"},"primaryImageOfPage":{"@id":"https:\/\/interamerica.org\/fr\/2020\/04\/un-pasteur-dindonesie-decede-du-coronavirus\/#primaryimage"},"image":{"@id":"https:\/\/interamerica.org\/fr\/2020\/04\/un-pasteur-dindonesie-decede-du-coronavirus\/#primaryimage"},"thumbnailUrl":"https:\/\/interamerica.org\/wp-content\/uploads\/2020\/04\/candle-david-tomaseti-aazlf5fguws-unsplash-1280.jpg","datePublished":"2020-04-04T12:16:01+00:00","dateModified":"2020-04-09T15:39:47+00:00","author":{"@id":"https:\/\/interamerica.org\/fr\/#\/schema\/person\/29998f2bc2d8bd0d38662909289b54f1"},"breadcrumb":{"@id":"https:\/\/interamerica.org\/fr\/2020\/04\/un-pasteur-dindonesie-decede-du-coronavirus\/#breadcrumb"},"inLanguage":"fr-FR","potentialAction":[{"@type":"ReadAction","target":["https:\/\/interamerica.org\/fr\/2020\/04\/un-pasteur-dindonesie-decede-du-coronavirus\/"]}]},{"@type":"ImageObject","inLanguage":"fr-FR","@id":"https:\/\/interamerica.org\/fr\/2020\/04\/un-pasteur-dindonesie-decede-du-coronavirus\/#primaryimage","url":"https:\/\/interamerica.org\/wp-content\/uploads\/2020\/04\/candle-david-tomaseti-aazlf5fguws-unsplash-1280.jpg","contentUrl":"https:\/\/interamerica.org\/wp-content\/uploads\/2020\/04\/candle-david-tomaseti-aazlf5fguws-unsplash-1280.jpg","width":1280,"height":800,"caption":"[Photo: david-tomaseti\/unsplash]"},{"@type":"BreadcrumbList","@id":"https:\/\/interamerica.org\/fr\/2020\/04\/un-pasteur-dindonesie-decede-du-coronavirus\/#breadcrumb","itemListElement":[{"@type":"ListItem","position":1,"name":"Home","item":"https:\/\/interamerica.org\/fr\/"},{"@type":"ListItem","position":2,"name":"Un pasteur d\u2019Indon\u00e9sie d\u00e9c\u00e9d\u00e9 du coronavirus"}]},{"@type":"WebSite","@id":"https:\/\/interamerica.org\/fr\/#website","url":"https:\/\/interamerica.org\/fr\/","name":"\u00c9glise Adventiste Du Septieme Jour - Inter Am\u00e9rique Division","description":"","potentialAction":[{"@type":"SearchAction","target":{"@type":"EntryPoint","urlTemplate":"https:\/\/interamerica.org\/fr\/?s={search_term_string}"},"query-input":{"@type":"PropertyValueSpecification","valueRequired":true,"valueName":"search_term_string"}}],"inLanguage":"fr-FR"},{"@type":"Person","@id":"https:\/\/interamerica.org\/fr\/#\/schema\/person\/29998f2bc2d8bd0d38662909289b54f1","name":"libna","image":{"@type":"ImageObject","inLanguage":"fr-FR","@id":"https:\/\/secure.gravatar.com\/avatar\/7c5bd30ae4b47a9ba3c856590957fd1d96dc588bf3ac05719d247e126840331f?s=96&d=mm&r=g","url":"https:\/\/secure.gravatar.com\/avatar\/7c5bd30ae4b47a9ba3c856590957fd1d96dc588bf3ac05719d247e126840331f?s=96&d=mm&r=g","contentUrl":"https:\/\/secure.gravatar.com\/avatar\/7c5bd30ae4b47a9ba3c856590957fd1d96dc588bf3ac05719d247e126840331f?s=96&d=mm&r=g","caption":"libna"}}]}},"_links":{"self":[{"href":"https:\/\/interamerica.org\/fr\/wp-json\/wp\/v2\/posts\/57285","targetHints":{"allow":["GET"]}}],"collection":[{"href":"https:\/\/interamerica.org\/fr\/wp-json\/wp\/v2\/posts"}],"about":[{"href":"https:\/\/interamerica.org\/fr\/wp-json\/wp\/v2\/types\/post"}],"author":[{"embeddable":true,"href":"https:\/\/interamerica.org\/fr\/wp-json\/wp\/v2\/users\/3"}],"replies":[{"embeddable":true,"href":"https:\/\/interamerica.org\/fr\/wp-json\/wp\/v2\/comments?post=57285"}],"version-history":[{"count":0,"href":"https:\/\/interamerica.org\/fr\/wp-json\/wp\/v2\/posts\/57285\/revisions"}],"wp:featuredmedia":[{"embeddable":true,"href":"https:\/\/interamerica.org\/fr\/wp-json\/wp\/v2\/media\/57080"}],"wp:attachment":[{"href":"https:\/\/interamerica.org\/fr\/wp-json\/wp\/v2\/media?parent=57285"}],"wp:term":[{"taxonomy":"category","embeddable":true,"href":"https:\/\/interamerica.org\/fr\/wp-json\/wp\/v2\/categories?post=57285"},{"taxonomy":"post_tag","embeddable":true,"href":"https:\/\/interamerica.org\/fr\/wp-json\/wp\/v2\/tags?post=57285"}],"curies":[{"name":"wp","href":"https:\/\/api.w.org\/{rel}","templated":true}]}}