{"id":57386,"date":"2020-04-10T10:00:41","date_gmt":"2020-04-10T14:00:41","guid":{"rendered":"https:\/\/recursing-golick.147-182-135-0.plesk.page\/?p=57386"},"modified":"2020-04-10T18:37:53","modified_gmt":"2020-04-10T22:37:53","slug":"regardez-autour-de-vous-pendant-un-moment","status":"publish","type":"post","link":"https:\/\/interamerica.org\/fr\/2020\/04\/regardez-autour-de-vous-pendant-un-moment\/","title":{"rendered":"Regardez autour de vous pendant un moment"},"content":{"rendered":"<p>8 Avril 2020 | Miami, Floride, \u00c9tats-Unis | Par : Hiram Ruiz, Division Inter Am\u00e9ricaine<\/p>\n<p>Vous souvenez-vous de ce que dit le Psaume 32 : 8 ? \u00ab Je t\u2019instruirai et te montrerai la voie que tu dois suivre ; Je te conseillerai, j\u2019aurai le regard sur toi. \u00bb Regardez autour de vous un instant. De quoi disposez-vous ? Que pouvez-vous faire avec ce que vous avez ?<\/p>\n<p>Le 23 mars, quelques jours seulement apr\u00e8s le lancement de notre service virtuel des Minist\u00e8res des Campus Publics (PCM), j\u2019ai vu une jeune femme pleurer lors d\u2019une \u00e9mission o\u00f9 nous \u00e9tions entour\u00e9s d\u2019\u00e9tudiants d\u2019universit\u00e9 et de professionnels comme vous. Elle nous a dit : \u00ab Je me sentais vraiment seule, je ressentais beaucoup de pression, je craignais de ne pas pouvoir faire face \u00e0 ce que les jours \u00e0 venir me r\u00e9servaient. Mais c\u2019est alors que j\u2019ai lu un message au sujet de l\u2019\u00e9glise PCM en ligne, et puis voil\u00e0, je suis ici. Je veux vous remercier pour ce que vous faites. C\u2019est devenu mon refuge, mon oasis au milieu de tout ce qui se passe autour de moi, ce que d\u2019apr\u00e8s moi, je ne serais pas en mesure d\u2019affronter. \u00bb<\/p>\n<p>Elle a essuy\u00e9 ses larmes et nous a dit : \u00ab Merci pour les chants, merci pour le message d\u2019aujourd\u2019hui, merci pour vos sourires, merci d\u2019avoir pri\u00e9 pour nous, merci de me laisser parler. \u00bb<\/p>\n<p>Quelques minutes plus tard, j\u2019ai pri\u00e9 pour elle et pour tous ceux qui assistaient \u00e0 notre service virtuel (une moyenne quotidienne de 55 points de rencontre), et son visage a chang\u00e9. Sa douleur l\u2019a quitt\u00e9e et laiss\u00e9 place \u00e0 des yeux vifs, un grand sourire et un sentiment de calme et de paix.<\/p>\n<p>Alors que vous regardez autour de vous pour d\u00e9cider quoi faire, permettez-moi de partager avec vous quelques suggestions. N\u2019oubliez pas que nous sommes pr\u00e8s de 20000 \u00e9tudiants d\u2019universit\u00e9 impliqu\u00e9s dans ce minist\u00e8re \u00e0 diff\u00e9rents titres, m\u00eame au milieu de tout ce qui se passe actuellement.<\/p>\n<p>Premi\u00e8rement, je vous invite \u00e0 remercier Dieu parce que vous lisez ces lignes. Pensez aux paroles du Psaume 63 : 3. Plus de gens que vous ne pourriez l\u2019imaginer ne liront jamais ces lignes. Vous ne les trouverez plus o\u00f9 ils \u00e9taient. Ils sont devenus juste un souvenir, car la mort les a emport\u00e9s.<\/p>\n<p>Deuxi\u00e8mement, regardez autour de vous alors que vous lisez Jean 4 :35. Pensez-vous que cette moisson fait r\u00e9f\u00e9rence \u00e0 vos proches, \u00e0 vos amis ou \u00e0 vos locataires ?<\/p>\n<p>Permettez-moi de sugg\u00e9rer quelque chose que vous pouvez faire pour eux. Je vais partager avec vous l\u2019exp\u00e9rience d\u2019Eric Garc\u00eda, du Salvador. Le 20 mars, en pleine pand\u00e9mie, il a cr\u00e9\u00e9 un groupe Zoom, pour r\u00e9unir ses amis afin de chanter et de prier. En quelques jours seulement, cela s\u2019est transform\u00e9 en \u00e9glise virtuelle PCM, avec des participants de 16 pays d\u2019Inter-Am\u00e9rique, d\u2019Am\u00e9rique du Sud et du monde entier. Le groupe se r\u00e9unit tous les jours de la semaine \u00e0 20 h 00 (heure de l\u2019est des \u00c9tats-Unis) et le samedi \u00e0 11 h 30. Il y a maintenant plus de douze groupes qui se r\u00e9unissent dans divers pays de notre division. Le 2 avril, pasteur Elie Henry, pr\u00e9sident de l\u2019\u00c9glise adventiste en Inter Am\u00e9rique a pr\u00e9sent\u00e9 le sermon du culte dans lequel il a parl\u00e9 d\u2019un Dieu qui \u00e9coute, voit, conna\u00eet et agit en notre faveur.<\/p>\n<p>Enrique Chuc Mac, un dirigeant PCM au Guatemala, a racont\u00e9 qu\u2019il \u00e9tait sorti pour faire des courses lorsqu\u2019il a vu un sans-abri. Il lui a achet\u00e9 de la nourriture, suivant l\u2019exemple de J\u00e9sus dans Matthieu 14 : 13,14. Il a failli \u00eatre arr\u00eat\u00e9, car il n\u2019\u00e9tait pas cens\u00e9 faire un d\u00e9tour dans son parcours pour aller faire ses achats. Mais la gratitude du sans-abri a \u00e9clips\u00e9 cette difficult\u00e9.<\/p>\n<p>Pourquoi ne pas prier pour un ami de l\u2019\u00e9glise ? Envoyez-lui un message ou appelez-le pour prendre de ses nouvelles pendant le confinement, pour savoir ce qu\u2019il fait pour maintenir sa sant\u00e9 et celle des autres ? Demandez-lui quel verset de la Bible l\u2019a aid\u00e9 \u00e0 tenir le coup pendant cette p\u00e9riode. Ensuite, vous pouvez lui dire que vous voulez prier pour lui, et demandez-lui s\u2019il a une requ\u00eate de pri\u00e8re. Priez et dites-lui au revoir. Si c\u2019est possible, r\u00e9p\u00e9tez cela avec autant de personnes que vous pouvez ou souhaitez atteindre. Si votre ami n\u2019est pas chr\u00e9tien, vous pouvez demander s\u2019il y a quelque chose qui l\u2019avait aid\u00e9 pendant cette p\u00e9riode. Dites-lui comment Dieu vous a aid\u00e9 \u00e0 surmonter la situation, et que vous aimeriez demander \u00e0 Dieu de l\u2019aider aussi. \u00bb Vous pouvez lire le Psaume 57 : 1.<\/p>\n<p>Rappelez-vous \u00e9galement vos professeurs. Alors que vous \u00e9tudiez en ligne, envoyez un SMS \u00e0 votre professeur, le remerciant pour le travail qu\u2019il accomplit en enseignant ce cours. Vous pouvez lui dire : \u00ab Professeur, je ne sais pas si vous croyez en Dieu ou pas, moi je crois, et je lui demanderai de vous fortifier, vous et votre famille, et que tout cela finisse par se terminer et que vous puissiez continuer de bien vous porter.<\/p>\n<p>Vous souvenez-vous d\u2019une personne qui vous a approch\u00e9 juste parce qu\u2019il savait que vous \u00e9tiez chr\u00e9tien et qu\u2019il avait besoin de vos conseils ? C\u2019est maintenant le moment de lui parler \u00e0 nouveau. Vous pouvez partager un chant qui parle de la protection de Dieu. Faites-lui savoir que vous vous \u00eates souvenu de lui et que vous souhaitez l\u2019encourager. Dites-lui de ne pas h\u00e9siter \u00e0 vous appeler s\u2019il a besoin de parler. Parlez \u00e0 cet ami que, pour une raison quelconque, vous n\u2019aviez pas pu contacter auparavant. Passer du temps \u00e0 \u00e9couter une autre personne n\u2019a pas de prix.<\/p>\n<p>N\u2019oubliez pas qu\u2019aujourd\u2019hui c\u2019est le moment de dire aux autres que nous sommes ici pour \u00eatre leur famille. Dieu prendra soin de vous ! Il est temps de faire preuve de compassion les uns envers les autres, comme cela est indiqu\u00e9 dans Matthieu 9 : 36-38.<br \/>\nEllen G. White nous rappelle ceci : \u00ab Que les jeunes ne soient pas ignor\u00e9s ; qu\u2019ils prennent part au travail et \u00e0 la responsabilit\u00e9. Qu\u2019ils puissent ressentir qu\u2019ils ont un r\u00f4le \u00e0 jouer pour aider les autres et \u00eatre pour eux une b\u00e9n\u00e9diction. \u00bb (<em>Testimonies for the church<\/em>, vol. 6, p. 435).<\/p>\n<p><em>Hiram Ruiz est directeur des Minist\u00e8res de l\u2019Aum\u00f4nerie et des Campus Publics pour la Division Inter Am\u00e9ricaine des adventistes du septi\u00e8me jour.<\/em><\/p>\n<p>Traduction: Patrick Luciathe<\/p>\n","protected":false},"excerpt":{"rendered":"<p>8 Avril 2020 | Miami, Floride, \u00c9tats-Unis | Par : Hiram Ruiz, Division Inter Am\u00e9ricaine Vous souvenez-vous de ce que dit le Psaume 32 : 8 ? \u00ab Je t\u2019instruirai&#8230;<\/p>\n","protected":false},"author":3,"featured_media":57378,"comment_status":"open","ping_status":"closed","sticky":false,"template":"","format":"standard","meta":{"_acf_changed":false,"footnotes":""},"categories":[20,19],"tags":[],"class_list":["post-57386","post","type-post","status-publish","format-standard","has-post-thumbnail","hentry","category-nouvelles-du-siege-de-la-division","category-rss-francais"],"acf":[],"yoast_head":"<!-- This site is optimized with the Yoast SEO plugin v27.3 - https:\/\/yoast.com\/product\/yoast-seo-wordpress\/ -->\n<title>Regardez autour de vous pendant un moment - \u00c9glise Adventiste Du Septieme Jour - Inter Am\u00e9rique Division<\/title>\n<meta name=\"robots\" content=\"index, follow, max-snippet:-1, max-image-preview:large, max-video-preview:-1\" \/>\n<link rel=\"canonical\" href=\"https:\/\/interamerica.org\/fr\/2020\/04\/regardez-autour-de-vous-pendant-un-moment\/\" \/>\n<meta property=\"og:locale\" content=\"fr_FR\" \/>\n<meta property=\"og:type\" content=\"article\" \/>\n<meta property=\"og:title\" content=\"Regardez autour de vous pendant un moment - \u00c9glise Adventiste Du Septieme Jour - Inter Am\u00e9rique Division\" \/>\n<meta property=\"og:description\" content=\"8 Avril 2020 | Miami, Floride, \u00c9tats-Unis | Par : Hiram Ruiz, Division Inter Am\u00e9ricaine Vous souvenez-vous de ce que dit le Psaume 32 : 8 ? \u00ab Je t\u2019instruirai...\" \/>\n<meta property=\"og:url\" content=\"https:\/\/interamerica.org\/fr\/2020\/04\/regardez-autour-de-vous-pendant-un-moment\/\" \/>\n<meta property=\"og:site_name\" content=\"\u00c9glise Adventiste Du Septieme Jour - Inter Am\u00e9rique Division\" \/>\n<meta property=\"article:published_time\" content=\"2020-04-10T14:00:41+00:00\" \/>\n<meta property=\"article:modified_time\" content=\"2020-04-10T22:37:53+00:00\" \/>\n<meta property=\"og:image\" content=\"https:\/\/interamerica.org\/wp-content\/uploads\/2020\/04\/chad-madden-pply6uwsmp0-unsplash-1-1280.jpg\" \/>\n\t<meta property=\"og:image:width\" content=\"1280\" \/>\n\t<meta property=\"og:image:height\" content=\"800\" \/>\n\t<meta property=\"og:image:type\" content=\"image\/jpeg\" \/>\n<meta name=\"author\" content=\"libna\" \/>\n<meta name=\"twitter:card\" content=\"summary_large_image\" \/>\n<meta name=\"twitter:label1\" content=\"\u00c9crit par\" \/>\n\t<meta name=\"twitter:data1\" content=\"libna\" \/>\n\t<meta name=\"twitter:label2\" content=\"Dur\u00e9e de lecture estim\u00e9e\" \/>\n\t<meta name=\"twitter:data2\" content=\"5 minutes\" \/>\n<script type=\"application\/ld+json\" class=\"yoast-schema-graph\">{\"@context\":\"https:\\\/\\\/schema.org\",\"@graph\":[{\"@type\":\"Article\",\"@id\":\"https:\\\/\\\/interamerica.org\\\/fr\\\/2020\\\/04\\\/regardez-autour-de-vous-pendant-un-moment\\\/#article\",\"isPartOf\":{\"@id\":\"https:\\\/\\\/interamerica.org\\\/fr\\\/2020\\\/04\\\/regardez-autour-de-vous-pendant-un-moment\\\/\"},\"author\":{\"name\":\"libna\",\"@id\":\"https:\\\/\\\/interamerica.org\\\/fr\\\/#\\\/schema\\\/person\\\/29998f2bc2d8bd0d38662909289b54f1\"},\"headline\":\"Regardez autour de vous pendant un moment\",\"datePublished\":\"2020-04-10T14:00:41+00:00\",\"dateModified\":\"2020-04-10T22:37:53+00:00\",\"mainEntityOfPage\":{\"@id\":\"https:\\\/\\\/interamerica.org\\\/fr\\\/2020\\\/04\\\/regardez-autour-de-vous-pendant-un-moment\\\/\"},\"wordCount\":1106,\"commentCount\":0,\"image\":{\"@id\":\"https:\\\/\\\/interamerica.org\\\/fr\\\/2020\\\/04\\\/regardez-autour-de-vous-pendant-un-moment\\\/#primaryimage\"},\"thumbnailUrl\":\"https:\\\/\\\/interamerica.org\\\/wp-content\\\/uploads\\\/2020\\\/04\\\/chad-madden-pply6uwsmp0-unsplash-1-1280.jpg\",\"articleSection\":[\"Nouvelles du si\u00e8ge de la division\",\"RSS Fran\u00e7ais\"],\"inLanguage\":\"fr-FR\",\"potentialAction\":[{\"@type\":\"CommentAction\",\"name\":\"Comment\",\"target\":[\"https:\\\/\\\/interamerica.org\\\/fr\\\/2020\\\/04\\\/regardez-autour-de-vous-pendant-un-moment\\\/#respond\"]}]},{\"@type\":\"WebPage\",\"@id\":\"https:\\\/\\\/interamerica.org\\\/fr\\\/2020\\\/04\\\/regardez-autour-de-vous-pendant-un-moment\\\/\",\"url\":\"https:\\\/\\\/interamerica.org\\\/fr\\\/2020\\\/04\\\/regardez-autour-de-vous-pendant-un-moment\\\/\",\"name\":\"Regardez autour de vous pendant un moment - \u00c9glise Adventiste Du Septieme Jour - Inter Am\u00e9rique Division\",\"isPartOf\":{\"@id\":\"https:\\\/\\\/interamerica.org\\\/fr\\\/#website\"},\"primaryImageOfPage\":{\"@id\":\"https:\\\/\\\/interamerica.org\\\/fr\\\/2020\\\/04\\\/regardez-autour-de-vous-pendant-un-moment\\\/#primaryimage\"},\"image\":{\"@id\":\"https:\\\/\\\/interamerica.org\\\/fr\\\/2020\\\/04\\\/regardez-autour-de-vous-pendant-un-moment\\\/#primaryimage\"},\"thumbnailUrl\":\"https:\\\/\\\/interamerica.org\\\/wp-content\\\/uploads\\\/2020\\\/04\\\/chad-madden-pply6uwsmp0-unsplash-1-1280.jpg\",\"datePublished\":\"2020-04-10T14:00:41+00:00\",\"dateModified\":\"2020-04-10T22:37:53+00:00\",\"author\":{\"@id\":\"https:\\\/\\\/interamerica.org\\\/fr\\\/#\\\/schema\\\/person\\\/29998f2bc2d8bd0d38662909289b54f1\"},\"breadcrumb\":{\"@id\":\"https:\\\/\\\/interamerica.org\\\/fr\\\/2020\\\/04\\\/regardez-autour-de-vous-pendant-un-moment\\\/#breadcrumb\"},\"inLanguage\":\"fr-FR\",\"potentialAction\":[{\"@type\":\"ReadAction\",\"target\":[\"https:\\\/\\\/interamerica.org\\\/fr\\\/2020\\\/04\\\/regardez-autour-de-vous-pendant-un-moment\\\/\"]}]},{\"@type\":\"ImageObject\",\"inLanguage\":\"fr-FR\",\"@id\":\"https:\\\/\\\/interamerica.org\\\/fr\\\/2020\\\/04\\\/regardez-autour-de-vous-pendant-un-moment\\\/#primaryimage\",\"url\":\"https:\\\/\\\/interamerica.org\\\/wp-content\\\/uploads\\\/2020\\\/04\\\/chad-madden-pply6uwsmp0-unsplash-1-1280.jpg\",\"contentUrl\":\"https:\\\/\\\/interamerica.org\\\/wp-content\\\/uploads\\\/2020\\\/04\\\/chad-madden-pply6uwsmp0-unsplash-1-1280.jpg\",\"width\":1280,\"height\":800},{\"@type\":\"BreadcrumbList\",\"@id\":\"https:\\\/\\\/interamerica.org\\\/fr\\\/2020\\\/04\\\/regardez-autour-de-vous-pendant-un-moment\\\/#breadcrumb\",\"itemListElement\":[{\"@type\":\"ListItem\",\"position\":1,\"name\":\"Home\",\"item\":\"https:\\\/\\\/interamerica.org\\\/fr\\\/\"},{\"@type\":\"ListItem\",\"position\":2,\"name\":\"Regardez autour de vous pendant un moment\"}]},{\"@type\":\"WebSite\",\"@id\":\"https:\\\/\\\/interamerica.org\\\/fr\\\/#website\",\"url\":\"https:\\\/\\\/interamerica.org\\\/fr\\\/\",\"name\":\"\u00c9glise Adventiste Du Septieme Jour - Inter Am\u00e9rique Division\",\"description\":\"\",\"potentialAction\":[{\"@type\":\"SearchAction\",\"target\":{\"@type\":\"EntryPoint\",\"urlTemplate\":\"https:\\\/\\\/interamerica.org\\\/fr\\\/?s={search_term_string}\"},\"query-input\":{\"@type\":\"PropertyValueSpecification\",\"valueRequired\":true,\"valueName\":\"search_term_string\"}}],\"inLanguage\":\"fr-FR\"},{\"@type\":\"Person\",\"@id\":\"https:\\\/\\\/interamerica.org\\\/fr\\\/#\\\/schema\\\/person\\\/29998f2bc2d8bd0d38662909289b54f1\",\"name\":\"libna\",\"image\":{\"@type\":\"ImageObject\",\"inLanguage\":\"fr-FR\",\"@id\":\"https:\\\/\\\/secure.gravatar.com\\\/avatar\\\/7c5bd30ae4b47a9ba3c856590957fd1d96dc588bf3ac05719d247e126840331f?s=96&d=mm&r=g\",\"url\":\"https:\\\/\\\/secure.gravatar.com\\\/avatar\\\/7c5bd30ae4b47a9ba3c856590957fd1d96dc588bf3ac05719d247e126840331f?s=96&d=mm&r=g\",\"contentUrl\":\"https:\\\/\\\/secure.gravatar.com\\\/avatar\\\/7c5bd30ae4b47a9ba3c856590957fd1d96dc588bf3ac05719d247e126840331f?s=96&d=mm&r=g\",\"caption\":\"libna\"}}]}<\/script>\n<!-- \/ Yoast SEO plugin. -->","yoast_head_json":{"title":"Regardez autour de vous pendant un moment - \u00c9glise Adventiste Du Septieme Jour - Inter Am\u00e9rique Division","robots":{"index":"index","follow":"follow","max-snippet":"max-snippet:-1","max-image-preview":"max-image-preview:large","max-video-preview":"max-video-preview:-1"},"canonical":"https:\/\/interamerica.org\/fr\/2020\/04\/regardez-autour-de-vous-pendant-un-moment\/","og_locale":"fr_FR","og_type":"article","og_title":"Regardez autour de vous pendant un moment - \u00c9glise Adventiste Du Septieme Jour - Inter Am\u00e9rique Division","og_description":"8 Avril 2020 | Miami, Floride, \u00c9tats-Unis | Par : Hiram Ruiz, Division Inter Am\u00e9ricaine Vous souvenez-vous de ce que dit le Psaume 32 : 8 ? \u00ab Je t\u2019instruirai...","og_url":"https:\/\/interamerica.org\/fr\/2020\/04\/regardez-autour-de-vous-pendant-un-moment\/","og_site_name":"\u00c9glise Adventiste Du Septieme Jour - Inter Am\u00e9rique Division","article_published_time":"2020-04-10T14:00:41+00:00","article_modified_time":"2020-04-10T22:37:53+00:00","og_image":[{"width":1280,"height":800,"url":"https:\/\/interamerica.org\/wp-content\/uploads\/2020\/04\/chad-madden-pply6uwsmp0-unsplash-1-1280.jpg","type":"image\/jpeg"}],"author":"libna","twitter_card":"summary_large_image","twitter_misc":{"\u00c9crit par":"libna","Dur\u00e9e de lecture estim\u00e9e":"5 minutes"},"schema":{"@context":"https:\/\/schema.org","@graph":[{"@type":"Article","@id":"https:\/\/interamerica.org\/fr\/2020\/04\/regardez-autour-de-vous-pendant-un-moment\/#article","isPartOf":{"@id":"https:\/\/interamerica.org\/fr\/2020\/04\/regardez-autour-de-vous-pendant-un-moment\/"},"author":{"name":"libna","@id":"https:\/\/interamerica.org\/fr\/#\/schema\/person\/29998f2bc2d8bd0d38662909289b54f1"},"headline":"Regardez autour de vous pendant un moment","datePublished":"2020-04-10T14:00:41+00:00","dateModified":"2020-04-10T22:37:53+00:00","mainEntityOfPage":{"@id":"https:\/\/interamerica.org\/fr\/2020\/04\/regardez-autour-de-vous-pendant-un-moment\/"},"wordCount":1106,"commentCount":0,"image":{"@id":"https:\/\/interamerica.org\/fr\/2020\/04\/regardez-autour-de-vous-pendant-un-moment\/#primaryimage"},"thumbnailUrl":"https:\/\/interamerica.org\/wp-content\/uploads\/2020\/04\/chad-madden-pply6uwsmp0-unsplash-1-1280.jpg","articleSection":["Nouvelles du si\u00e8ge de la division","RSS Fran\u00e7ais"],"inLanguage":"fr-FR","potentialAction":[{"@type":"CommentAction","name":"Comment","target":["https:\/\/interamerica.org\/fr\/2020\/04\/regardez-autour-de-vous-pendant-un-moment\/#respond"]}]},{"@type":"WebPage","@id":"https:\/\/interamerica.org\/fr\/2020\/04\/regardez-autour-de-vous-pendant-un-moment\/","url":"https:\/\/interamerica.org\/fr\/2020\/04\/regardez-autour-de-vous-pendant-un-moment\/","name":"Regardez autour de vous pendant un moment - \u00c9glise Adventiste Du Septieme Jour - Inter Am\u00e9rique Division","isPartOf":{"@id":"https:\/\/interamerica.org\/fr\/#website"},"primaryImageOfPage":{"@id":"https:\/\/interamerica.org\/fr\/2020\/04\/regardez-autour-de-vous-pendant-un-moment\/#primaryimage"},"image":{"@id":"https:\/\/interamerica.org\/fr\/2020\/04\/regardez-autour-de-vous-pendant-un-moment\/#primaryimage"},"thumbnailUrl":"https:\/\/interamerica.org\/wp-content\/uploads\/2020\/04\/chad-madden-pply6uwsmp0-unsplash-1-1280.jpg","datePublished":"2020-04-10T14:00:41+00:00","dateModified":"2020-04-10T22:37:53+00:00","author":{"@id":"https:\/\/interamerica.org\/fr\/#\/schema\/person\/29998f2bc2d8bd0d38662909289b54f1"},"breadcrumb":{"@id":"https:\/\/interamerica.org\/fr\/2020\/04\/regardez-autour-de-vous-pendant-un-moment\/#breadcrumb"},"inLanguage":"fr-FR","potentialAction":[{"@type":"ReadAction","target":["https:\/\/interamerica.org\/fr\/2020\/04\/regardez-autour-de-vous-pendant-un-moment\/"]}]},{"@type":"ImageObject","inLanguage":"fr-FR","@id":"https:\/\/interamerica.org\/fr\/2020\/04\/regardez-autour-de-vous-pendant-un-moment\/#primaryimage","url":"https:\/\/interamerica.org\/wp-content\/uploads\/2020\/04\/chad-madden-pply6uwsmp0-unsplash-1-1280.jpg","contentUrl":"https:\/\/interamerica.org\/wp-content\/uploads\/2020\/04\/chad-madden-pply6uwsmp0-unsplash-1-1280.jpg","width":1280,"height":800},{"@type":"BreadcrumbList","@id":"https:\/\/interamerica.org\/fr\/2020\/04\/regardez-autour-de-vous-pendant-un-moment\/#breadcrumb","itemListElement":[{"@type":"ListItem","position":1,"name":"Home","item":"https:\/\/interamerica.org\/fr\/"},{"@type":"ListItem","position":2,"name":"Regardez autour de vous pendant un moment"}]},{"@type":"WebSite","@id":"https:\/\/interamerica.org\/fr\/#website","url":"https:\/\/interamerica.org\/fr\/","name":"\u00c9glise Adventiste Du Septieme Jour - Inter Am\u00e9rique Division","description":"","potentialAction":[{"@type":"SearchAction","target":{"@type":"EntryPoint","urlTemplate":"https:\/\/interamerica.org\/fr\/?s={search_term_string}"},"query-input":{"@type":"PropertyValueSpecification","valueRequired":true,"valueName":"search_term_string"}}],"inLanguage":"fr-FR"},{"@type":"Person","@id":"https:\/\/interamerica.org\/fr\/#\/schema\/person\/29998f2bc2d8bd0d38662909289b54f1","name":"libna","image":{"@type":"ImageObject","inLanguage":"fr-FR","@id":"https:\/\/secure.gravatar.com\/avatar\/7c5bd30ae4b47a9ba3c856590957fd1d96dc588bf3ac05719d247e126840331f?s=96&d=mm&r=g","url":"https:\/\/secure.gravatar.com\/avatar\/7c5bd30ae4b47a9ba3c856590957fd1d96dc588bf3ac05719d247e126840331f?s=96&d=mm&r=g","contentUrl":"https:\/\/secure.gravatar.com\/avatar\/7c5bd30ae4b47a9ba3c856590957fd1d96dc588bf3ac05719d247e126840331f?s=96&d=mm&r=g","caption":"libna"}}]}},"_links":{"self":[{"href":"https:\/\/interamerica.org\/fr\/wp-json\/wp\/v2\/posts\/57386","targetHints":{"allow":["GET"]}}],"collection":[{"href":"https:\/\/interamerica.org\/fr\/wp-json\/wp\/v2\/posts"}],"about":[{"href":"https:\/\/interamerica.org\/fr\/wp-json\/wp\/v2\/types\/post"}],"author":[{"embeddable":true,"href":"https:\/\/interamerica.org\/fr\/wp-json\/wp\/v2\/users\/3"}],"replies":[{"embeddable":true,"href":"https:\/\/interamerica.org\/fr\/wp-json\/wp\/v2\/comments?post=57386"}],"version-history":[{"count":0,"href":"https:\/\/interamerica.org\/fr\/wp-json\/wp\/v2\/posts\/57386\/revisions"}],"wp:featuredmedia":[{"embeddable":true,"href":"https:\/\/interamerica.org\/fr\/wp-json\/wp\/v2\/media\/57378"}],"wp:attachment":[{"href":"https:\/\/interamerica.org\/fr\/wp-json\/wp\/v2\/media?parent=57386"}],"wp:term":[{"taxonomy":"category","embeddable":true,"href":"https:\/\/interamerica.org\/fr\/wp-json\/wp\/v2\/categories?post=57386"},{"taxonomy":"post_tag","embeddable":true,"href":"https:\/\/interamerica.org\/fr\/wp-json\/wp\/v2\/tags?post=57386"}],"curies":[{"name":"wp","href":"https:\/\/api.w.org\/{rel}","templated":true}]}}