{"id":57450,"date":"2020-04-13T20:39:50","date_gmt":"2020-04-14T00:39:50","guid":{"rendered":"https:\/\/recursing-golick.147-182-135-0.plesk.page\/?p=57450"},"modified":"2020-04-14T11:49:14","modified_gmt":"2020-04-14T15:49:14","slug":"je-soupirais-apres-le-clair-de-lune-tout-comme-jattendais-que-la-vie-reprenne-son-cours-normal","status":"publish","type":"post","link":"https:\/\/interamerica.org\/fr\/2020\/04\/je-soupirais-apres-le-clair-de-lune-tout-comme-jattendais-que-la-vie-reprenne-son-cours-normal\/","title":{"rendered":"\u00ab Je soupirais apr\u00e8s le clair de lune tout comme j\u2019attendais que la vie reprenne son cours normal \u00bb"},"content":{"rendered":"<p>13 Avril 2020 | Sainte-Croix, \u00celes Vierges am\u00e9ricaines | Annette Walwyn Michael<\/p>\n<p>Je me d\u00e9tendais sur ma terrasse un sabbat apr\u00e8s-midi ensoleill\u00e9. C\u2019est \u00e0 ce moment que j\u2019ai vu la lune dans le ciel clair de l\u2019Est. Oui, la lune ! &#8211; une lune p\u00e2le, une lune de jour, promesse d\u2019une nuit bien \u00e9clair\u00e9e par la lune plus tard, beaucoup plus tard.<\/p>\n<p>Alors que je regardais la p\u00e2le lune de jour, comme un enfant \u00e0 une expo-sciences, j\u2019ai commenc\u00e9 \u00e0 me demander : comment se fait-il que la lune apparaisse pendant la journ\u00e9e ? Ce luminaire n\u2019a-t-il pas \u00e9t\u00e9 cr\u00e9\u00e9 pour \u00ab pr\u00e9sider \u00e0 la nuit ? \u00bb (Gen\u00e8se 1:16). Pourquoi n\u2019avais-je pas \u00e9tudi\u00e9 l\u2019astrophysique ? \u00c9tait-il trop tard pour m\u2019inscrire ? J\u2019avais besoin de r\u00e9ponses.<\/p>\n<p>Et combien j\u2019attendais envie de voir le clair de lune plus tard dans le ciel noir. C\u2019est vrai, le soleil ne s\u2019\u00e9tait pas encore couch\u00e9 et une douce brise soufflait. C\u2019\u00e9tait un jour parfait. Pourtant, quelque part, j\u2019attendais le clair de lune tout comme je soupirais apr\u00e8s le moment o\u00f9 la vie reprendrait son cours normal et o\u00f9, les masques et la distanciation sociale \u00e9tant derri\u00e8re nous, nous pourrions \u00e0 nouveau embrasser nos proches. Nous pourrions saluer nos voisins par-dessus la cl\u00f4ture derri\u00e8re la maison, sans compter les deux m\u00e8tres de distance que l\u2019on devrait laisser entre nous. J\u2019avais envie que les \u00e9glises rouvrent, que les \u00e9l\u00e8ves en uniformes impeccables attendent \u00e0 nouveau que les bus scolaires les am\u00e8nent \u00e0 l&rsquo;\u00e9cole, je soupirais apr\u00e8s le moment o\u00f9 le manque de respirateurs ne serait pas le th\u00e8me principal des informations du soir et o\u00f9 les combinaisons de protection dans les salles d\u2019h\u00f4pital ne seraient plus la routine en raison du coronavirus. Je soupirais apr\u00e8s ce moment-l\u00e0.<\/p>\n<p>Je soupirais apr\u00e8s le clair de lune, apr\u00e8s une vie normale comme avant. Puis j\u2019ai pens\u00e9 \u00e0 l\u2019horloge c\u00e9leste de Dieu. Cette horloge est toujours r\u00e9gl\u00e9e sur \u00ab normal. \u00bb Malgr\u00e9 les catastrophes qui ont lieu autour de nous, le soleil se l\u00e8ve et se couche toujours avec une r\u00e9confortante r\u00e9gularit\u00e9. La ros\u00e9e \u00e9tincelante adoucit toujours l\u2019herbe qui attend tous les soirs. Des vagues s\u2019\u00e9crasent encore sur les rives de sable blanc, les manguiers fleurissent toujours en mars et la lune r\u00e9appara\u00eet toujours avec une r\u00e9gularit\u00e9 sur laquelle on peut compter. Dieu est toujours sur le tr\u00f4ne. All\u00e9luia !<\/p>\n<p>Je ne sais toujours pas pendant combien de temps le Coronavirus COVID-19 ravagera le globe, ni pendant combien de temps cette pand\u00e9mie nous maintiendra \u00e0 genoux, mais je crois vraiment que je peux compter sur un Dieu qui sait. Et je suis convaincue qu\u2019en son temps, \u00ab se l\u00e8vera le Soleil de Justice et la gu\u00e9rison sera sous ses ailes. \u00bb Malachie 4: 2.<\/p>\n<p><em>Annette Walwyn Michael <\/em><em>est membre de l\u2019\u00c9glise Adventiste Centrale \u00e0 Sainte-Croix, dans les \u00celes Vierges am\u00e9ricaines ; elle est l\u2019\u00e9pouse d\u2019un pasteur \u00e0 la retraite.<\/em><\/p>\n<p>Traduction: Patrick Luciathe<\/p>\n","protected":false},"excerpt":{"rendered":"<p>13 Avril 2020 | Sainte-Croix, \u00celes Vierges am\u00e9ricaines | Annette Walwyn Michael Je me d\u00e9tendais sur ma terrasse un sabbat apr\u00e8s-midi ensoleill\u00e9. C\u2019est \u00e0 ce moment que j\u2019ai vu la&#8230;<\/p>\n","protected":false},"author":3,"featured_media":57427,"comment_status":"open","ping_status":"closed","sticky":false,"template":"","format":"standard","meta":{"_acf_changed":false,"footnotes":""},"categories":[21,19],"tags":[],"class_list":["post-57450","post","type-post","status-publish","format-standard","has-post-thumbnail","hentry","category-nouvelles-du-territoire","category-rss-francais"],"acf":[],"yoast_head":"<!-- This site is optimized with the Yoast SEO plugin v27.3 - https:\/\/yoast.com\/product\/yoast-seo-wordpress\/ -->\n<title>\u00ab Je soupirais apr\u00e8s le clair de lune tout comme j\u2019attendais que la vie reprenne son cours normal \u00bb - \u00c9glise Adventiste Du Septieme Jour - Inter Am\u00e9rique Division<\/title>\n<meta name=\"robots\" content=\"index, follow, max-snippet:-1, max-image-preview:large, max-video-preview:-1\" \/>\n<link rel=\"canonical\" href=\"https:\/\/interamerica.org\/fr\/2020\/04\/je-soupirais-apres-le-clair-de-lune-tout-comme-jattendais-que-la-vie-reprenne-son-cours-normal\/\" \/>\n<meta property=\"og:locale\" content=\"fr_FR\" \/>\n<meta property=\"og:type\" content=\"article\" \/>\n<meta property=\"og:title\" content=\"\u00ab Je soupirais apr\u00e8s le clair de lune tout comme j\u2019attendais que la vie reprenne son cours normal \u00bb - \u00c9glise Adventiste Du Septieme Jour - Inter Am\u00e9rique Division\" \/>\n<meta property=\"og:description\" content=\"13 Avril 2020 | Sainte-Croix, \u00celes Vierges am\u00e9ricaines | Annette Walwyn Michael Je me d\u00e9tendais sur ma terrasse un sabbat apr\u00e8s-midi ensoleill\u00e9. C\u2019est \u00e0 ce moment que j\u2019ai vu la...\" \/>\n<meta property=\"og:url\" content=\"https:\/\/interamerica.org\/fr\/2020\/04\/je-soupirais-apres-le-clair-de-lune-tout-comme-jattendais-que-la-vie-reprenne-son-cours-normal\/\" \/>\n<meta property=\"og:site_name\" content=\"\u00c9glise Adventiste Du Septieme Jour - Inter Am\u00e9rique Division\" \/>\n<meta property=\"article:published_time\" content=\"2020-04-14T00:39:50+00:00\" \/>\n<meta property=\"article:modified_time\" content=\"2020-04-14T15:49:14+00:00\" \/>\n<meta property=\"og:image\" content=\"https:\/\/interamerica.org\/wp-content\/uploads\/2020\/04\/moon2-crescent-3997318-1920-1280.jpg\" \/>\n\t<meta property=\"og:image:width\" content=\"1280\" \/>\n\t<meta property=\"og:image:height\" content=\"800\" \/>\n\t<meta property=\"og:image:type\" content=\"image\/jpeg\" \/>\n<meta name=\"author\" content=\"libna\" \/>\n<meta name=\"twitter:card\" content=\"summary_large_image\" \/>\n<meta name=\"twitter:label1\" content=\"\u00c9crit par\" \/>\n\t<meta name=\"twitter:data1\" content=\"libna\" \/>\n\t<meta name=\"twitter:label2\" content=\"Dur\u00e9e de lecture estim\u00e9e\" \/>\n\t<meta name=\"twitter:data2\" content=\"3 minutes\" \/>\n<script type=\"application\/ld+json\" class=\"yoast-schema-graph\">{\"@context\":\"https:\\\/\\\/schema.org\",\"@graph\":[{\"@type\":\"Article\",\"@id\":\"https:\\\/\\\/interamerica.org\\\/fr\\\/2020\\\/04\\\/je-soupirais-apres-le-clair-de-lune-tout-comme-jattendais-que-la-vie-reprenne-son-cours-normal\\\/#article\",\"isPartOf\":{\"@id\":\"https:\\\/\\\/interamerica.org\\\/fr\\\/2020\\\/04\\\/je-soupirais-apres-le-clair-de-lune-tout-comme-jattendais-que-la-vie-reprenne-son-cours-normal\\\/\"},\"author\":{\"name\":\"libna\",\"@id\":\"https:\\\/\\\/interamerica.org\\\/fr\\\/#\\\/schema\\\/person\\\/29998f2bc2d8bd0d38662909289b54f1\"},\"headline\":\"\u00ab Je soupirais apr\u00e8s le clair de lune tout comme j\u2019attendais que la vie reprenne son cours normal \u00bb\",\"datePublished\":\"2020-04-14T00:39:50+00:00\",\"dateModified\":\"2020-04-14T15:49:14+00:00\",\"mainEntityOfPage\":{\"@id\":\"https:\\\/\\\/interamerica.org\\\/fr\\\/2020\\\/04\\\/je-soupirais-apres-le-clair-de-lune-tout-comme-jattendais-que-la-vie-reprenne-son-cours-normal\\\/\"},\"wordCount\":535,\"commentCount\":0,\"image\":{\"@id\":\"https:\\\/\\\/interamerica.org\\\/fr\\\/2020\\\/04\\\/je-soupirais-apres-le-clair-de-lune-tout-comme-jattendais-que-la-vie-reprenne-son-cours-normal\\\/#primaryimage\"},\"thumbnailUrl\":\"https:\\\/\\\/interamerica.org\\\/wp-content\\\/uploads\\\/2020\\\/04\\\/moon2-crescent-3997318-1920-1280.jpg\",\"articleSection\":[\"Nouvelles du territoire\",\"RSS Fran\u00e7ais\"],\"inLanguage\":\"fr-FR\",\"potentialAction\":[{\"@type\":\"CommentAction\",\"name\":\"Comment\",\"target\":[\"https:\\\/\\\/interamerica.org\\\/fr\\\/2020\\\/04\\\/je-soupirais-apres-le-clair-de-lune-tout-comme-jattendais-que-la-vie-reprenne-son-cours-normal\\\/#respond\"]}]},{\"@type\":\"WebPage\",\"@id\":\"https:\\\/\\\/interamerica.org\\\/fr\\\/2020\\\/04\\\/je-soupirais-apres-le-clair-de-lune-tout-comme-jattendais-que-la-vie-reprenne-son-cours-normal\\\/\",\"url\":\"https:\\\/\\\/interamerica.org\\\/fr\\\/2020\\\/04\\\/je-soupirais-apres-le-clair-de-lune-tout-comme-jattendais-que-la-vie-reprenne-son-cours-normal\\\/\",\"name\":\"\u00ab Je soupirais apr\u00e8s le clair de lune tout comme j\u2019attendais que la vie reprenne son cours normal \u00bb - \u00c9glise Adventiste Du Septieme Jour - Inter Am\u00e9rique Division\",\"isPartOf\":{\"@id\":\"https:\\\/\\\/interamerica.org\\\/fr\\\/#website\"},\"primaryImageOfPage\":{\"@id\":\"https:\\\/\\\/interamerica.org\\\/fr\\\/2020\\\/04\\\/je-soupirais-apres-le-clair-de-lune-tout-comme-jattendais-que-la-vie-reprenne-son-cours-normal\\\/#primaryimage\"},\"image\":{\"@id\":\"https:\\\/\\\/interamerica.org\\\/fr\\\/2020\\\/04\\\/je-soupirais-apres-le-clair-de-lune-tout-comme-jattendais-que-la-vie-reprenne-son-cours-normal\\\/#primaryimage\"},\"thumbnailUrl\":\"https:\\\/\\\/interamerica.org\\\/wp-content\\\/uploads\\\/2020\\\/04\\\/moon2-crescent-3997318-1920-1280.jpg\",\"datePublished\":\"2020-04-14T00:39:50+00:00\",\"dateModified\":\"2020-04-14T15:49:14+00:00\",\"author\":{\"@id\":\"https:\\\/\\\/interamerica.org\\\/fr\\\/#\\\/schema\\\/person\\\/29998f2bc2d8bd0d38662909289b54f1\"},\"breadcrumb\":{\"@id\":\"https:\\\/\\\/interamerica.org\\\/fr\\\/2020\\\/04\\\/je-soupirais-apres-le-clair-de-lune-tout-comme-jattendais-que-la-vie-reprenne-son-cours-normal\\\/#breadcrumb\"},\"inLanguage\":\"fr-FR\",\"potentialAction\":[{\"@type\":\"ReadAction\",\"target\":[\"https:\\\/\\\/interamerica.org\\\/fr\\\/2020\\\/04\\\/je-soupirais-apres-le-clair-de-lune-tout-comme-jattendais-que-la-vie-reprenne-son-cours-normal\\\/\"]}]},{\"@type\":\"ImageObject\",\"inLanguage\":\"fr-FR\",\"@id\":\"https:\\\/\\\/interamerica.org\\\/fr\\\/2020\\\/04\\\/je-soupirais-apres-le-clair-de-lune-tout-comme-jattendais-que-la-vie-reprenne-son-cours-normal\\\/#primaryimage\",\"url\":\"https:\\\/\\\/interamerica.org\\\/wp-content\\\/uploads\\\/2020\\\/04\\\/moon2-crescent-3997318-1920-1280.jpg\",\"contentUrl\":\"https:\\\/\\\/interamerica.org\\\/wp-content\\\/uploads\\\/2020\\\/04\\\/moon2-crescent-3997318-1920-1280.jpg\",\"width\":1280,\"height\":800,\"caption\":\"Photo: Pixabay\"},{\"@type\":\"BreadcrumbList\",\"@id\":\"https:\\\/\\\/interamerica.org\\\/fr\\\/2020\\\/04\\\/je-soupirais-apres-le-clair-de-lune-tout-comme-jattendais-que-la-vie-reprenne-son-cours-normal\\\/#breadcrumb\",\"itemListElement\":[{\"@type\":\"ListItem\",\"position\":1,\"name\":\"Home\",\"item\":\"https:\\\/\\\/interamerica.org\\\/fr\\\/\"},{\"@type\":\"ListItem\",\"position\":2,\"name\":\"\u00ab Je soupirais apr\u00e8s le clair de lune tout comme j\u2019attendais que la vie reprenne son cours normal \u00bb\"}]},{\"@type\":\"WebSite\",\"@id\":\"https:\\\/\\\/interamerica.org\\\/fr\\\/#website\",\"url\":\"https:\\\/\\\/interamerica.org\\\/fr\\\/\",\"name\":\"\u00c9glise Adventiste Du Septieme Jour - Inter Am\u00e9rique Division\",\"description\":\"\",\"potentialAction\":[{\"@type\":\"SearchAction\",\"target\":{\"@type\":\"EntryPoint\",\"urlTemplate\":\"https:\\\/\\\/interamerica.org\\\/fr\\\/?s={search_term_string}\"},\"query-input\":{\"@type\":\"PropertyValueSpecification\",\"valueRequired\":true,\"valueName\":\"search_term_string\"}}],\"inLanguage\":\"fr-FR\"},{\"@type\":\"Person\",\"@id\":\"https:\\\/\\\/interamerica.org\\\/fr\\\/#\\\/schema\\\/person\\\/29998f2bc2d8bd0d38662909289b54f1\",\"name\":\"libna\",\"image\":{\"@type\":\"ImageObject\",\"inLanguage\":\"fr-FR\",\"@id\":\"https:\\\/\\\/secure.gravatar.com\\\/avatar\\\/7c5bd30ae4b47a9ba3c856590957fd1d96dc588bf3ac05719d247e126840331f?s=96&d=mm&r=g\",\"url\":\"https:\\\/\\\/secure.gravatar.com\\\/avatar\\\/7c5bd30ae4b47a9ba3c856590957fd1d96dc588bf3ac05719d247e126840331f?s=96&d=mm&r=g\",\"contentUrl\":\"https:\\\/\\\/secure.gravatar.com\\\/avatar\\\/7c5bd30ae4b47a9ba3c856590957fd1d96dc588bf3ac05719d247e126840331f?s=96&d=mm&r=g\",\"caption\":\"libna\"}}]}<\/script>\n<!-- \/ Yoast SEO plugin. -->","yoast_head_json":{"title":"\u00ab Je soupirais apr\u00e8s le clair de lune tout comme j\u2019attendais que la vie reprenne son cours normal \u00bb - \u00c9glise Adventiste Du Septieme Jour - Inter Am\u00e9rique Division","robots":{"index":"index","follow":"follow","max-snippet":"max-snippet:-1","max-image-preview":"max-image-preview:large","max-video-preview":"max-video-preview:-1"},"canonical":"https:\/\/interamerica.org\/fr\/2020\/04\/je-soupirais-apres-le-clair-de-lune-tout-comme-jattendais-que-la-vie-reprenne-son-cours-normal\/","og_locale":"fr_FR","og_type":"article","og_title":"\u00ab Je soupirais apr\u00e8s le clair de lune tout comme j\u2019attendais que la vie reprenne son cours normal \u00bb - \u00c9glise Adventiste Du Septieme Jour - Inter Am\u00e9rique Division","og_description":"13 Avril 2020 | Sainte-Croix, \u00celes Vierges am\u00e9ricaines | Annette Walwyn Michael Je me d\u00e9tendais sur ma terrasse un sabbat apr\u00e8s-midi ensoleill\u00e9. C\u2019est \u00e0 ce moment que j\u2019ai vu la...","og_url":"https:\/\/interamerica.org\/fr\/2020\/04\/je-soupirais-apres-le-clair-de-lune-tout-comme-jattendais-que-la-vie-reprenne-son-cours-normal\/","og_site_name":"\u00c9glise Adventiste Du Septieme Jour - Inter Am\u00e9rique Division","article_published_time":"2020-04-14T00:39:50+00:00","article_modified_time":"2020-04-14T15:49:14+00:00","og_image":[{"width":1280,"height":800,"url":"https:\/\/interamerica.org\/wp-content\/uploads\/2020\/04\/moon2-crescent-3997318-1920-1280.jpg","type":"image\/jpeg"}],"author":"libna","twitter_card":"summary_large_image","twitter_misc":{"\u00c9crit par":"libna","Dur\u00e9e de lecture estim\u00e9e":"3 minutes"},"schema":{"@context":"https:\/\/schema.org","@graph":[{"@type":"Article","@id":"https:\/\/interamerica.org\/fr\/2020\/04\/je-soupirais-apres-le-clair-de-lune-tout-comme-jattendais-que-la-vie-reprenne-son-cours-normal\/#article","isPartOf":{"@id":"https:\/\/interamerica.org\/fr\/2020\/04\/je-soupirais-apres-le-clair-de-lune-tout-comme-jattendais-que-la-vie-reprenne-son-cours-normal\/"},"author":{"name":"libna","@id":"https:\/\/interamerica.org\/fr\/#\/schema\/person\/29998f2bc2d8bd0d38662909289b54f1"},"headline":"\u00ab Je soupirais apr\u00e8s le clair de lune tout comme j\u2019attendais que la vie reprenne son cours normal \u00bb","datePublished":"2020-04-14T00:39:50+00:00","dateModified":"2020-04-14T15:49:14+00:00","mainEntityOfPage":{"@id":"https:\/\/interamerica.org\/fr\/2020\/04\/je-soupirais-apres-le-clair-de-lune-tout-comme-jattendais-que-la-vie-reprenne-son-cours-normal\/"},"wordCount":535,"commentCount":0,"image":{"@id":"https:\/\/interamerica.org\/fr\/2020\/04\/je-soupirais-apres-le-clair-de-lune-tout-comme-jattendais-que-la-vie-reprenne-son-cours-normal\/#primaryimage"},"thumbnailUrl":"https:\/\/interamerica.org\/wp-content\/uploads\/2020\/04\/moon2-crescent-3997318-1920-1280.jpg","articleSection":["Nouvelles du territoire","RSS Fran\u00e7ais"],"inLanguage":"fr-FR","potentialAction":[{"@type":"CommentAction","name":"Comment","target":["https:\/\/interamerica.org\/fr\/2020\/04\/je-soupirais-apres-le-clair-de-lune-tout-comme-jattendais-que-la-vie-reprenne-son-cours-normal\/#respond"]}]},{"@type":"WebPage","@id":"https:\/\/interamerica.org\/fr\/2020\/04\/je-soupirais-apres-le-clair-de-lune-tout-comme-jattendais-que-la-vie-reprenne-son-cours-normal\/","url":"https:\/\/interamerica.org\/fr\/2020\/04\/je-soupirais-apres-le-clair-de-lune-tout-comme-jattendais-que-la-vie-reprenne-son-cours-normal\/","name":"\u00ab Je soupirais apr\u00e8s le clair de lune tout comme j\u2019attendais que la vie reprenne son cours normal \u00bb - \u00c9glise Adventiste Du Septieme Jour - Inter Am\u00e9rique Division","isPartOf":{"@id":"https:\/\/interamerica.org\/fr\/#website"},"primaryImageOfPage":{"@id":"https:\/\/interamerica.org\/fr\/2020\/04\/je-soupirais-apres-le-clair-de-lune-tout-comme-jattendais-que-la-vie-reprenne-son-cours-normal\/#primaryimage"},"image":{"@id":"https:\/\/interamerica.org\/fr\/2020\/04\/je-soupirais-apres-le-clair-de-lune-tout-comme-jattendais-que-la-vie-reprenne-son-cours-normal\/#primaryimage"},"thumbnailUrl":"https:\/\/interamerica.org\/wp-content\/uploads\/2020\/04\/moon2-crescent-3997318-1920-1280.jpg","datePublished":"2020-04-14T00:39:50+00:00","dateModified":"2020-04-14T15:49:14+00:00","author":{"@id":"https:\/\/interamerica.org\/fr\/#\/schema\/person\/29998f2bc2d8bd0d38662909289b54f1"},"breadcrumb":{"@id":"https:\/\/interamerica.org\/fr\/2020\/04\/je-soupirais-apres-le-clair-de-lune-tout-comme-jattendais-que-la-vie-reprenne-son-cours-normal\/#breadcrumb"},"inLanguage":"fr-FR","potentialAction":[{"@type":"ReadAction","target":["https:\/\/interamerica.org\/fr\/2020\/04\/je-soupirais-apres-le-clair-de-lune-tout-comme-jattendais-que-la-vie-reprenne-son-cours-normal\/"]}]},{"@type":"ImageObject","inLanguage":"fr-FR","@id":"https:\/\/interamerica.org\/fr\/2020\/04\/je-soupirais-apres-le-clair-de-lune-tout-comme-jattendais-que-la-vie-reprenne-son-cours-normal\/#primaryimage","url":"https:\/\/interamerica.org\/wp-content\/uploads\/2020\/04\/moon2-crescent-3997318-1920-1280.jpg","contentUrl":"https:\/\/interamerica.org\/wp-content\/uploads\/2020\/04\/moon2-crescent-3997318-1920-1280.jpg","width":1280,"height":800,"caption":"Photo: Pixabay"},{"@type":"BreadcrumbList","@id":"https:\/\/interamerica.org\/fr\/2020\/04\/je-soupirais-apres-le-clair-de-lune-tout-comme-jattendais-que-la-vie-reprenne-son-cours-normal\/#breadcrumb","itemListElement":[{"@type":"ListItem","position":1,"name":"Home","item":"https:\/\/interamerica.org\/fr\/"},{"@type":"ListItem","position":2,"name":"\u00ab Je soupirais apr\u00e8s le clair de lune tout comme j\u2019attendais que la vie reprenne son cours normal \u00bb"}]},{"@type":"WebSite","@id":"https:\/\/interamerica.org\/fr\/#website","url":"https:\/\/interamerica.org\/fr\/","name":"\u00c9glise Adventiste Du Septieme Jour - Inter Am\u00e9rique Division","description":"","potentialAction":[{"@type":"SearchAction","target":{"@type":"EntryPoint","urlTemplate":"https:\/\/interamerica.org\/fr\/?s={search_term_string}"},"query-input":{"@type":"PropertyValueSpecification","valueRequired":true,"valueName":"search_term_string"}}],"inLanguage":"fr-FR"},{"@type":"Person","@id":"https:\/\/interamerica.org\/fr\/#\/schema\/person\/29998f2bc2d8bd0d38662909289b54f1","name":"libna","image":{"@type":"ImageObject","inLanguage":"fr-FR","@id":"https:\/\/secure.gravatar.com\/avatar\/7c5bd30ae4b47a9ba3c856590957fd1d96dc588bf3ac05719d247e126840331f?s=96&d=mm&r=g","url":"https:\/\/secure.gravatar.com\/avatar\/7c5bd30ae4b47a9ba3c856590957fd1d96dc588bf3ac05719d247e126840331f?s=96&d=mm&r=g","contentUrl":"https:\/\/secure.gravatar.com\/avatar\/7c5bd30ae4b47a9ba3c856590957fd1d96dc588bf3ac05719d247e126840331f?s=96&d=mm&r=g","caption":"libna"}}]}},"_links":{"self":[{"href":"https:\/\/interamerica.org\/fr\/wp-json\/wp\/v2\/posts\/57450","targetHints":{"allow":["GET"]}}],"collection":[{"href":"https:\/\/interamerica.org\/fr\/wp-json\/wp\/v2\/posts"}],"about":[{"href":"https:\/\/interamerica.org\/fr\/wp-json\/wp\/v2\/types\/post"}],"author":[{"embeddable":true,"href":"https:\/\/interamerica.org\/fr\/wp-json\/wp\/v2\/users\/3"}],"replies":[{"embeddable":true,"href":"https:\/\/interamerica.org\/fr\/wp-json\/wp\/v2\/comments?post=57450"}],"version-history":[{"count":0,"href":"https:\/\/interamerica.org\/fr\/wp-json\/wp\/v2\/posts\/57450\/revisions"}],"wp:featuredmedia":[{"embeddable":true,"href":"https:\/\/interamerica.org\/fr\/wp-json\/wp\/v2\/media\/57427"}],"wp:attachment":[{"href":"https:\/\/interamerica.org\/fr\/wp-json\/wp\/v2\/media?parent=57450"}],"wp:term":[{"taxonomy":"category","embeddable":true,"href":"https:\/\/interamerica.org\/fr\/wp-json\/wp\/v2\/categories?post=57450"},{"taxonomy":"post_tag","embeddable":true,"href":"https:\/\/interamerica.org\/fr\/wp-json\/wp\/v2\/tags?post=57450"}],"curies":[{"name":"wp","href":"https:\/\/api.w.org\/{rel}","templated":true}]}}