{"id":57573,"date":"2020-04-14T22:07:34","date_gmt":"2020-04-15T02:07:34","guid":{"rendered":"https:\/\/recursing-golick.147-182-135-0.plesk.page\/?p=57573"},"modified":"2020-04-17T13:18:05","modified_gmt":"2020-04-17T17:18:05","slug":"le-quinquennat-se-termine-sur-une-note-positive-pour-les-finances-de-leglise-adventiste-en-depit-de-lincertitude-economique-actuelle-dit-le-tresorier","status":"publish","type":"post","link":"https:\/\/interamerica.org\/fr\/2020\/04\/le-quinquennat-se-termine-sur-une-note-positive-pour-les-finances-de-leglise-adventiste-en-depit-de-lincertitude-economique-actuelle-dit-le-tresorier\/","title":{"rendered":"Le quinquennat se termine sur une note positive pour les finances de l\u2019\u00c9glise adventiste en d\u00e9pit de l\u2019incertitude \u00e9conomique actuelle, dit le tr\u00e9sorier"},"content":{"rendered":"<p><span class=\"byline-news\">14 Avril 2020 | Silver Spring, Maryland, \u00c9tats-Unis | Adventist Review et Adventist News Network<\/span><\/p>\n<p><span class=\"cap\">J<\/span>uan Prestol-Pues\u00e1n, tr\u00e9sorier de la Conf\u00e9rence G\u00e9n\u00e9rale des adventistes du septi\u00e8me jour, a d\u00e9but\u00e9 son rapport financier pour la Rencontre de Printemps 2020 en abordant les r\u00e9alit\u00e9s \u00e9conomiques difficiles actuelles. Dans le m\u00eame temps, il a r\u00e9it\u00e9r\u00e9 le fait que l\u2019\u00e9glise continue de compter sur Dieu pour sa direction et sa puissance pour nous soutenir au milieu d\u2019une crise mondiale sans pr\u00e9c\u00e9dent. Face \u00e0 l\u2019incertitude, les dirigeants de l\u2019\u00c9glise \u00ab choisissent de rester positifs, pleins d\u2019espoir et r\u00e9silients, \u00bb a d\u00e9clar\u00e9 Juan Prestol-Pues\u00e1n.<\/p>\n<p><strong>Les r\u00e9sultats d\u2019exploitation pour l\u2019ann\u00e9e 2019<\/strong><\/p>\n<p>Prestol-Pues\u00e1n \u00e9tait heureux d\u2019annoncer que l\u2019exercice de l\u2019ann\u00e9e fiscale 2019 s\u2019est termin\u00e9 de mani\u00e8re positive. Comme <a href=\"https:\/\/news.adventist.org\/en\/all-news\/news\/go\/2019-10-14\/despite-uncertainty-adventist-church-finances-are-on-target-treasurer-says\/\" target=\"_blank\" rel=\"noopener noreferrer\"> indiqu\u00e9 pr\u00e9c\u00e9demment<\/a> lors du Concile Annuel de l\u2019ann\u00e9e derni\u00e8re, la Tr\u00e9sorerie de la Conf\u00e9rence G\u00e9n\u00e9rale avait projet\u00e9 un r\u00e9sultat financier \u00e0 l\u2019\u00e9quilibre ou meilleur tant que trois param\u00e8tres demeureraient constants : 1) que le niveau brut de la d\u00eeme et des offrandes reste conforme au budget ou soit meilleur ; 2) que la fluctuation des taux de change des devises importantes demeure dans des limites sp\u00e9cifiques ; et 3) que l\u2019on maintienne la r\u00e9duction des d\u00e9penses et des allocations.<\/p>\n<p>Les revenus de placement de l\u2019\u00e9glise ont \u00e9t\u00e9 meilleurs que pr\u00e9vu et ont entra\u00een\u00e9 une augmentation de l\u2019actif net jusqu\u2019\u00e0 la fin de l\u2019ann\u00e9e. \u00ab L\u2019augmentation de l\u2019actif net a \u00e9t\u00e9 de 2599228,39 dollars, le fonds de roulement et les liquidit\u00e9s ont l\u00e9g\u00e8rement augment\u00e9 et les entr\u00e9es de dotations d\u2019amortissement ont \u00e9t\u00e9 enregistr\u00e9es pour les ann\u00e9es 2018 et 2019. Nous sommes heureux d\u2019annoncer que les fonds de r\u00e9serve qui avaient \u00e9t\u00e9 mis de c\u00f4t\u00e9 pour \u00e9quilibrer, si n\u00e9cessaire, le budget de 2019, n\u2019a pas \u00e9t\u00e9 touch\u00e9, \u00bb a expliqu\u00e9 Juan Prestol-Pues\u00e1n.<\/p>\n<p><strong>Recommandations de la Planification Strat\u00e9gique et de la Budg\u00e9tisation<\/strong><\/p>\n<p>L\u2019ordre du jour est ensuite pass\u00e9 au rapport sur le plafond d\u2019exploitation de 2019. Comme le sous-tr\u00e9sorier Ray Wahlen l\u2019a indiqu\u00e9, \u00ab le rapport sur le plafond d\u2019exploitation couvre deux \u00e9l\u00e9ments principaux : le plafond d\u2019exploitation lui-m\u00eame (2% de la d\u00eeme mondiale brute) et les d\u00e9penses d\u2019exploitation du si\u00e8ge de la Conf\u00e9rence G\u00e9n\u00e9rale qui doivent rester sous cette limite. \u00bb Selon le Manuel des R\u00e8glements de la Conf\u00e9rence G\u00e9n\u00e9rale, le si\u00e8ge de l\u2019\u00e9glise mondiale est autoris\u00e9 \u00e0 d\u00e9penser jusqu\u2019\u00e0 2% du montant de la d\u00eeme mondiale pour son fonctionnement.<\/p>\n<p>Bien que l\u2019\u00e9glise mondiale ait connu une baisse de la d\u00eeme d\u2019un montant de 120 millions de dollars US en 2019, gr\u00e2ce \u00e0 un travail minutieux et \u00e0 la b\u00e9n\u00e9diction du Seigneur, les d\u00e9penses d\u2019exploitation de l\u2019\u00c9glise sont rest\u00e9es en de\u00e7\u00e0 du budget. \u00ab Les d\u00e9penses d\u2019exploitation r\u00e9elles \u00e9taient d\u2019environ 44,1 millions de dollars US, soit pr\u00e8s de 4 millions de dollars US en dessous du plafond d\u2019exploitation calcul\u00e9 pour la fin de l\u2019ann\u00e9e, \u00bb a indiqu\u00e9 Ray Wahlen. \u00ab Nous louons le Seigneur et nous le remercions de nous avoir permis de fonctionner dans le cadre de cette restriction. Avec une restriction normale, il n\u2019est pas trop difficile de rester sous le plafond pendant les ann\u00e9es o\u00f9 la d\u00eeme augmente, mais cela peut \u00eatre tr\u00e8s difficile lorsque la d\u00eeme diminue. \u00bb<\/p>\n<p><strong>D\u00e9cision recommand\u00e9e sur des postes retenus<\/strong><\/p>\n<p>En r\u00e9f\u00e9rence \u00e0 la d\u00e9cision sur l\u2019\u00e9quilibre au niveau de la d\u00eeme vot\u00e9e lors du Concile Annuel de 2019, une recommandation a \u00e9t\u00e9 pr\u00e9sent\u00e9e au Comit\u00e9 Ex\u00e9cutif pour la r\u00e9duction de trois positions \u00e9lectives au si\u00e8ge de la Conf\u00e9rence G\u00e9n\u00e9rale qui sont actuellement pourvues et qui prendront fin le 1er ao\u00fbt 2020.<\/p>\n<p>Cette d\u00e9cision est une exception au vote pris par le Comit\u00e9 Ex\u00e9cutif de la Conf\u00e9rence G\u00e9n\u00e9rale le 19 mars 2020, qui prolonge les mandats actuels jusqu\u2019\u00e0 la session de la Conf\u00e9rence G\u00e9n\u00e9rale de 2021. Le Comit\u00e9 de Planification Strat\u00e9gique et de Budg\u00e9tisation de la Conf\u00e9rence G\u00e9n\u00e9rale a re\u00e7u une information compl\u00e8te au sujet de l\u2019ensemble des r\u00e9ductions de personnel propos\u00e9es \u00e0 compter du 1er ao\u00fbt 2020. Le comit\u00e9 avait \u00e9galement vot\u00e9 d\u2019\u00e9liminer trois autres postes \u00e9lectifs qui avaient \u00e9t\u00e9 budg\u00e9tis\u00e9s mais pas encore pourvus. La recommandation g\u00e9n\u00e9rale de r\u00e9duire les six postes \u00e9lectifs a \u00e9t\u00e9 accept\u00e9e \u00e0 l\u2019unanimit\u00e9 par les membres du Comit\u00e9 Ex\u00e9cutif.<\/p>\n<p>En terminant, Juan Prestol-Pues\u00e1n a exprim\u00e9 sa gratitude envers Dieu pour le fait qu\u2019il ait pourvu au cours des cinq derni\u00e8res ann\u00e9es, et a remerci\u00e9 les tr\u00e9soriers des \u00e9glises locales, le personnel de la tr\u00e9sorerie qui sert les entit\u00e9s de l\u2019\u00c9glise \u00e0 travers le monde, le personnel de la tr\u00e9sorerie et de la comptabilit\u00e9 de la Conf\u00e9rence G\u00e9n\u00e9rale et les membres fid\u00e8les qui ont rendu le rapport financier possible. Il a rappel\u00e9 que, selon les paroles du <a class=\"rtBibleRef\" href=\"https:\/\/biblia.com\/bible\/nkjv\/Ps%20121.1-8\" target=\"_blank\" rel=\"noopener noreferrer\" data-reference=\"Ps 121.1-8\" data-version=\"nkjv\" data-purpose=\"bible-reference\">Psaume 121:1-8<\/a>, \u00ab Le secours nous vient de l\u2019\u00c9ternel. Il ne sommeille ni ne dort. L\u2019\u00c9ternel est celui qui nous garde, L\u2019\u00c9ternel est notre ombre; et il gardera notre d\u00e9part et notre arriv\u00e9e, d\u00e8s maintenant et \u00e0 jamais. \u00bb<\/p>\n<p>Traduction: Patrick Luciathe<\/p>\n","protected":false},"excerpt":{"rendered":"<p>14 Avril 2020 | Silver Spring, Maryland, \u00c9tats-Unis | Adventist Review et Adventist News Network Juan Prestol-Pues\u00e1n, tr\u00e9sorier de la Conf\u00e9rence G\u00e9n\u00e9rale des adventistes du septi\u00e8me jour, a d\u00e9but\u00e9 son&#8230;<\/p>\n","protected":false},"author":3,"featured_media":22224,"comment_status":"open","ping_status":"closed","sticky":false,"template":"","format":"standard","meta":{"_acf_changed":false,"footnotes":""},"categories":[18,19],"tags":[],"class_list":["post-57573","post","type-post","status-publish","format-standard","has-post-thumbnail","hentry","category-nouvelles-de-leglise-mondiale","category-rss-francais"],"acf":[],"yoast_head":"<!-- This site is optimized with the Yoast SEO plugin v27.3 - https:\/\/yoast.com\/product\/yoast-seo-wordpress\/ -->\n<title>Le quinquennat se termine sur une note positive pour les finances de l\u2019\u00c9glise adventiste en d\u00e9pit de l\u2019incertitude \u00e9conomique actuelle, dit le tr\u00e9sorier - \u00c9glise Adventiste Du Septieme Jour - Inter Am\u00e9rique Division<\/title>\n<meta name=\"robots\" content=\"index, follow, max-snippet:-1, max-image-preview:large, max-video-preview:-1\" \/>\n<link rel=\"canonical\" href=\"https:\/\/interamerica.org\/fr\/2020\/04\/le-quinquennat-se-termine-sur-une-note-positive-pour-les-finances-de-leglise-adventiste-en-depit-de-lincertitude-economique-actuelle-dit-le-tresorier\/\" \/>\n<meta property=\"og:locale\" content=\"fr_FR\" \/>\n<meta property=\"og:type\" content=\"article\" \/>\n<meta property=\"og:title\" content=\"Le quinquennat se termine sur une note positive pour les finances de l\u2019\u00c9glise adventiste en d\u00e9pit de l\u2019incertitude \u00e9conomique actuelle, dit le tr\u00e9sorier - \u00c9glise Adventiste Du Septieme Jour - Inter Am\u00e9rique Division\" \/>\n<meta property=\"og:description\" content=\"14 Avril 2020 | Silver Spring, Maryland, \u00c9tats-Unis | Adventist Review et Adventist News Network Juan Prestol-Pues\u00e1n, tr\u00e9sorier de la Conf\u00e9rence G\u00e9n\u00e9rale des adventistes du septi\u00e8me jour, a d\u00e9but\u00e9 son...\" \/>\n<meta property=\"og:url\" content=\"https:\/\/interamerica.org\/fr\/2020\/04\/le-quinquennat-se-termine-sur-une-note-positive-pour-les-finances-de-leglise-adventiste-en-depit-de-lincertitude-economique-actuelle-dit-le-tresorier\/\" \/>\n<meta property=\"og:site_name\" content=\"\u00c9glise Adventiste Du Septieme Jour - Inter Am\u00e9rique Division\" \/>\n<meta property=\"article:published_time\" content=\"2020-04-15T02:07:34+00:00\" \/>\n<meta property=\"article:modified_time\" content=\"2020-04-17T17:18:05+00:00\" \/>\n<meta property=\"og:image\" content=\"https:\/\/interamerica.org\/wp-content\/uploads\/2017\/06\/csm_gc-building-wide_1a81b0744b.jpg\" \/>\n\t<meta property=\"og:image:width\" content=\"400\" \/>\n\t<meta property=\"og:image:height\" content=\"244\" \/>\n\t<meta property=\"og:image:type\" content=\"image\/jpeg\" \/>\n<meta name=\"author\" content=\"libna\" \/>\n<meta name=\"twitter:card\" content=\"summary_large_image\" \/>\n<meta name=\"twitter:label1\" content=\"\u00c9crit par\" \/>\n\t<meta name=\"twitter:data1\" content=\"libna\" \/>\n\t<meta name=\"twitter:label2\" content=\"Dur\u00e9e de lecture estim\u00e9e\" \/>\n\t<meta name=\"twitter:data2\" content=\"5 minutes\" \/>\n<script type=\"application\/ld+json\" class=\"yoast-schema-graph\">{\"@context\":\"https:\\\/\\\/schema.org\",\"@graph\":[{\"@type\":\"Article\",\"@id\":\"https:\\\/\\\/interamerica.org\\\/fr\\\/2020\\\/04\\\/le-quinquennat-se-termine-sur-une-note-positive-pour-les-finances-de-leglise-adventiste-en-depit-de-lincertitude-economique-actuelle-dit-le-tresorier\\\/#article\",\"isPartOf\":{\"@id\":\"https:\\\/\\\/interamerica.org\\\/fr\\\/2020\\\/04\\\/le-quinquennat-se-termine-sur-une-note-positive-pour-les-finances-de-leglise-adventiste-en-depit-de-lincertitude-economique-actuelle-dit-le-tresorier\\\/\"},\"author\":{\"name\":\"libna\",\"@id\":\"https:\\\/\\\/interamerica.org\\\/fr\\\/#\\\/schema\\\/person\\\/29998f2bc2d8bd0d38662909289b54f1\"},\"headline\":\"Le quinquennat se termine sur une note positive pour les finances de l\u2019\u00c9glise adventiste en d\u00e9pit de l\u2019incertitude \u00e9conomique actuelle, dit le tr\u00e9sorier\",\"datePublished\":\"2020-04-15T02:07:34+00:00\",\"dateModified\":\"2020-04-17T17:18:05+00:00\",\"mainEntityOfPage\":{\"@id\":\"https:\\\/\\\/interamerica.org\\\/fr\\\/2020\\\/04\\\/le-quinquennat-se-termine-sur-une-note-positive-pour-les-finances-de-leglise-adventiste-en-depit-de-lincertitude-economique-actuelle-dit-le-tresorier\\\/\"},\"wordCount\":958,\"commentCount\":0,\"image\":{\"@id\":\"https:\\\/\\\/interamerica.org\\\/fr\\\/2020\\\/04\\\/le-quinquennat-se-termine-sur-une-note-positive-pour-les-finances-de-leglise-adventiste-en-depit-de-lincertitude-economique-actuelle-dit-le-tresorier\\\/#primaryimage\"},\"thumbnailUrl\":\"https:\\\/\\\/interamerica.org\\\/wp-content\\\/uploads\\\/2017\\\/06\\\/csm_gc-building-wide_1a81b0744b.jpg\",\"articleSection\":[\"Nouvelles de l'\u00c9glise mondiale\",\"RSS Fran\u00e7ais\"],\"inLanguage\":\"fr-FR\",\"potentialAction\":[{\"@type\":\"CommentAction\",\"name\":\"Comment\",\"target\":[\"https:\\\/\\\/interamerica.org\\\/fr\\\/2020\\\/04\\\/le-quinquennat-se-termine-sur-une-note-positive-pour-les-finances-de-leglise-adventiste-en-depit-de-lincertitude-economique-actuelle-dit-le-tresorier\\\/#respond\"]}]},{\"@type\":\"WebPage\",\"@id\":\"https:\\\/\\\/interamerica.org\\\/fr\\\/2020\\\/04\\\/le-quinquennat-se-termine-sur-une-note-positive-pour-les-finances-de-leglise-adventiste-en-depit-de-lincertitude-economique-actuelle-dit-le-tresorier\\\/\",\"url\":\"https:\\\/\\\/interamerica.org\\\/fr\\\/2020\\\/04\\\/le-quinquennat-se-termine-sur-une-note-positive-pour-les-finances-de-leglise-adventiste-en-depit-de-lincertitude-economique-actuelle-dit-le-tresorier\\\/\",\"name\":\"Le quinquennat se termine sur une note positive pour les finances de l\u2019\u00c9glise adventiste en d\u00e9pit de l\u2019incertitude \u00e9conomique actuelle, dit le tr\u00e9sorier - \u00c9glise Adventiste Du Septieme Jour - Inter Am\u00e9rique Division\",\"isPartOf\":{\"@id\":\"https:\\\/\\\/interamerica.org\\\/fr\\\/#website\"},\"primaryImageOfPage\":{\"@id\":\"https:\\\/\\\/interamerica.org\\\/fr\\\/2020\\\/04\\\/le-quinquennat-se-termine-sur-une-note-positive-pour-les-finances-de-leglise-adventiste-en-depit-de-lincertitude-economique-actuelle-dit-le-tresorier\\\/#primaryimage\"},\"image\":{\"@id\":\"https:\\\/\\\/interamerica.org\\\/fr\\\/2020\\\/04\\\/le-quinquennat-se-termine-sur-une-note-positive-pour-les-finances-de-leglise-adventiste-en-depit-de-lincertitude-economique-actuelle-dit-le-tresorier\\\/#primaryimage\"},\"thumbnailUrl\":\"https:\\\/\\\/interamerica.org\\\/wp-content\\\/uploads\\\/2017\\\/06\\\/csm_gc-building-wide_1a81b0744b.jpg\",\"datePublished\":\"2020-04-15T02:07:34+00:00\",\"dateModified\":\"2020-04-17T17:18:05+00:00\",\"author\":{\"@id\":\"https:\\\/\\\/interamerica.org\\\/fr\\\/#\\\/schema\\\/person\\\/29998f2bc2d8bd0d38662909289b54f1\"},\"breadcrumb\":{\"@id\":\"https:\\\/\\\/interamerica.org\\\/fr\\\/2020\\\/04\\\/le-quinquennat-se-termine-sur-une-note-positive-pour-les-finances-de-leglise-adventiste-en-depit-de-lincertitude-economique-actuelle-dit-le-tresorier\\\/#breadcrumb\"},\"inLanguage\":\"fr-FR\",\"potentialAction\":[{\"@type\":\"ReadAction\",\"target\":[\"https:\\\/\\\/interamerica.org\\\/fr\\\/2020\\\/04\\\/le-quinquennat-se-termine-sur-une-note-positive-pour-les-finances-de-leglise-adventiste-en-depit-de-lincertitude-economique-actuelle-dit-le-tresorier\\\/\"]}]},{\"@type\":\"ImageObject\",\"inLanguage\":\"fr-FR\",\"@id\":\"https:\\\/\\\/interamerica.org\\\/fr\\\/2020\\\/04\\\/le-quinquennat-se-termine-sur-une-note-positive-pour-les-finances-de-leglise-adventiste-en-depit-de-lincertitude-economique-actuelle-dit-le-tresorier\\\/#primaryimage\",\"url\":\"https:\\\/\\\/interamerica.org\\\/wp-content\\\/uploads\\\/2017\\\/06\\\/csm_gc-building-wide_1a81b0744b.jpg\",\"contentUrl\":\"https:\\\/\\\/interamerica.org\\\/wp-content\\\/uploads\\\/2017\\\/06\\\/csm_gc-building-wide_1a81b0744b.jpg\",\"width\":400,\"height\":244},{\"@type\":\"BreadcrumbList\",\"@id\":\"https:\\\/\\\/interamerica.org\\\/fr\\\/2020\\\/04\\\/le-quinquennat-se-termine-sur-une-note-positive-pour-les-finances-de-leglise-adventiste-en-depit-de-lincertitude-economique-actuelle-dit-le-tresorier\\\/#breadcrumb\",\"itemListElement\":[{\"@type\":\"ListItem\",\"position\":1,\"name\":\"Home\",\"item\":\"https:\\\/\\\/interamerica.org\\\/fr\\\/\"},{\"@type\":\"ListItem\",\"position\":2,\"name\":\"Le quinquennat se termine sur une note positive pour les finances de l\u2019\u00c9glise adventiste en d\u00e9pit de l\u2019incertitude \u00e9conomique actuelle, dit le tr\u00e9sorier\"}]},{\"@type\":\"WebSite\",\"@id\":\"https:\\\/\\\/interamerica.org\\\/fr\\\/#website\",\"url\":\"https:\\\/\\\/interamerica.org\\\/fr\\\/\",\"name\":\"\u00c9glise Adventiste Du Septieme Jour - Inter Am\u00e9rique Division\",\"description\":\"\",\"potentialAction\":[{\"@type\":\"SearchAction\",\"target\":{\"@type\":\"EntryPoint\",\"urlTemplate\":\"https:\\\/\\\/interamerica.org\\\/fr\\\/?s={search_term_string}\"},\"query-input\":{\"@type\":\"PropertyValueSpecification\",\"valueRequired\":true,\"valueName\":\"search_term_string\"}}],\"inLanguage\":\"fr-FR\"},{\"@type\":\"Person\",\"@id\":\"https:\\\/\\\/interamerica.org\\\/fr\\\/#\\\/schema\\\/person\\\/29998f2bc2d8bd0d38662909289b54f1\",\"name\":\"libna\",\"image\":{\"@type\":\"ImageObject\",\"inLanguage\":\"fr-FR\",\"@id\":\"https:\\\/\\\/secure.gravatar.com\\\/avatar\\\/7c5bd30ae4b47a9ba3c856590957fd1d96dc588bf3ac05719d247e126840331f?s=96&d=mm&r=g\",\"url\":\"https:\\\/\\\/secure.gravatar.com\\\/avatar\\\/7c5bd30ae4b47a9ba3c856590957fd1d96dc588bf3ac05719d247e126840331f?s=96&d=mm&r=g\",\"contentUrl\":\"https:\\\/\\\/secure.gravatar.com\\\/avatar\\\/7c5bd30ae4b47a9ba3c856590957fd1d96dc588bf3ac05719d247e126840331f?s=96&d=mm&r=g\",\"caption\":\"libna\"}}]}<\/script>\n<!-- \/ Yoast SEO plugin. -->","yoast_head_json":{"title":"Le quinquennat se termine sur une note positive pour les finances de l\u2019\u00c9glise adventiste en d\u00e9pit de l\u2019incertitude \u00e9conomique actuelle, dit le tr\u00e9sorier - \u00c9glise Adventiste Du Septieme Jour - Inter Am\u00e9rique Division","robots":{"index":"index","follow":"follow","max-snippet":"max-snippet:-1","max-image-preview":"max-image-preview:large","max-video-preview":"max-video-preview:-1"},"canonical":"https:\/\/interamerica.org\/fr\/2020\/04\/le-quinquennat-se-termine-sur-une-note-positive-pour-les-finances-de-leglise-adventiste-en-depit-de-lincertitude-economique-actuelle-dit-le-tresorier\/","og_locale":"fr_FR","og_type":"article","og_title":"Le quinquennat se termine sur une note positive pour les finances de l\u2019\u00c9glise adventiste en d\u00e9pit de l\u2019incertitude \u00e9conomique actuelle, dit le tr\u00e9sorier - \u00c9glise Adventiste Du Septieme Jour - Inter Am\u00e9rique Division","og_description":"14 Avril 2020 | Silver Spring, Maryland, \u00c9tats-Unis | Adventist Review et Adventist News Network Juan Prestol-Pues\u00e1n, tr\u00e9sorier de la Conf\u00e9rence G\u00e9n\u00e9rale des adventistes du septi\u00e8me jour, a d\u00e9but\u00e9 son...","og_url":"https:\/\/interamerica.org\/fr\/2020\/04\/le-quinquennat-se-termine-sur-une-note-positive-pour-les-finances-de-leglise-adventiste-en-depit-de-lincertitude-economique-actuelle-dit-le-tresorier\/","og_site_name":"\u00c9glise Adventiste Du Septieme Jour - Inter Am\u00e9rique Division","article_published_time":"2020-04-15T02:07:34+00:00","article_modified_time":"2020-04-17T17:18:05+00:00","og_image":[{"width":400,"height":244,"url":"https:\/\/interamerica.org\/wp-content\/uploads\/2017\/06\/csm_gc-building-wide_1a81b0744b.jpg","type":"image\/jpeg"}],"author":"libna","twitter_card":"summary_large_image","twitter_misc":{"\u00c9crit par":"libna","Dur\u00e9e de lecture estim\u00e9e":"5 minutes"},"schema":{"@context":"https:\/\/schema.org","@graph":[{"@type":"Article","@id":"https:\/\/interamerica.org\/fr\/2020\/04\/le-quinquennat-se-termine-sur-une-note-positive-pour-les-finances-de-leglise-adventiste-en-depit-de-lincertitude-economique-actuelle-dit-le-tresorier\/#article","isPartOf":{"@id":"https:\/\/interamerica.org\/fr\/2020\/04\/le-quinquennat-se-termine-sur-une-note-positive-pour-les-finances-de-leglise-adventiste-en-depit-de-lincertitude-economique-actuelle-dit-le-tresorier\/"},"author":{"name":"libna","@id":"https:\/\/interamerica.org\/fr\/#\/schema\/person\/29998f2bc2d8bd0d38662909289b54f1"},"headline":"Le quinquennat se termine sur une note positive pour les finances de l\u2019\u00c9glise adventiste en d\u00e9pit de l\u2019incertitude \u00e9conomique actuelle, dit le tr\u00e9sorier","datePublished":"2020-04-15T02:07:34+00:00","dateModified":"2020-04-17T17:18:05+00:00","mainEntityOfPage":{"@id":"https:\/\/interamerica.org\/fr\/2020\/04\/le-quinquennat-se-termine-sur-une-note-positive-pour-les-finances-de-leglise-adventiste-en-depit-de-lincertitude-economique-actuelle-dit-le-tresorier\/"},"wordCount":958,"commentCount":0,"image":{"@id":"https:\/\/interamerica.org\/fr\/2020\/04\/le-quinquennat-se-termine-sur-une-note-positive-pour-les-finances-de-leglise-adventiste-en-depit-de-lincertitude-economique-actuelle-dit-le-tresorier\/#primaryimage"},"thumbnailUrl":"https:\/\/interamerica.org\/wp-content\/uploads\/2017\/06\/csm_gc-building-wide_1a81b0744b.jpg","articleSection":["Nouvelles de l'\u00c9glise mondiale","RSS Fran\u00e7ais"],"inLanguage":"fr-FR","potentialAction":[{"@type":"CommentAction","name":"Comment","target":["https:\/\/interamerica.org\/fr\/2020\/04\/le-quinquennat-se-termine-sur-une-note-positive-pour-les-finances-de-leglise-adventiste-en-depit-de-lincertitude-economique-actuelle-dit-le-tresorier\/#respond"]}]},{"@type":"WebPage","@id":"https:\/\/interamerica.org\/fr\/2020\/04\/le-quinquennat-se-termine-sur-une-note-positive-pour-les-finances-de-leglise-adventiste-en-depit-de-lincertitude-economique-actuelle-dit-le-tresorier\/","url":"https:\/\/interamerica.org\/fr\/2020\/04\/le-quinquennat-se-termine-sur-une-note-positive-pour-les-finances-de-leglise-adventiste-en-depit-de-lincertitude-economique-actuelle-dit-le-tresorier\/","name":"Le quinquennat se termine sur une note positive pour les finances de l\u2019\u00c9glise adventiste en d\u00e9pit de l\u2019incertitude \u00e9conomique actuelle, dit le tr\u00e9sorier - \u00c9glise Adventiste Du Septieme Jour - Inter Am\u00e9rique Division","isPartOf":{"@id":"https:\/\/interamerica.org\/fr\/#website"},"primaryImageOfPage":{"@id":"https:\/\/interamerica.org\/fr\/2020\/04\/le-quinquennat-se-termine-sur-une-note-positive-pour-les-finances-de-leglise-adventiste-en-depit-de-lincertitude-economique-actuelle-dit-le-tresorier\/#primaryimage"},"image":{"@id":"https:\/\/interamerica.org\/fr\/2020\/04\/le-quinquennat-se-termine-sur-une-note-positive-pour-les-finances-de-leglise-adventiste-en-depit-de-lincertitude-economique-actuelle-dit-le-tresorier\/#primaryimage"},"thumbnailUrl":"https:\/\/interamerica.org\/wp-content\/uploads\/2017\/06\/csm_gc-building-wide_1a81b0744b.jpg","datePublished":"2020-04-15T02:07:34+00:00","dateModified":"2020-04-17T17:18:05+00:00","author":{"@id":"https:\/\/interamerica.org\/fr\/#\/schema\/person\/29998f2bc2d8bd0d38662909289b54f1"},"breadcrumb":{"@id":"https:\/\/interamerica.org\/fr\/2020\/04\/le-quinquennat-se-termine-sur-une-note-positive-pour-les-finances-de-leglise-adventiste-en-depit-de-lincertitude-economique-actuelle-dit-le-tresorier\/#breadcrumb"},"inLanguage":"fr-FR","potentialAction":[{"@type":"ReadAction","target":["https:\/\/interamerica.org\/fr\/2020\/04\/le-quinquennat-se-termine-sur-une-note-positive-pour-les-finances-de-leglise-adventiste-en-depit-de-lincertitude-economique-actuelle-dit-le-tresorier\/"]}]},{"@type":"ImageObject","inLanguage":"fr-FR","@id":"https:\/\/interamerica.org\/fr\/2020\/04\/le-quinquennat-se-termine-sur-une-note-positive-pour-les-finances-de-leglise-adventiste-en-depit-de-lincertitude-economique-actuelle-dit-le-tresorier\/#primaryimage","url":"https:\/\/interamerica.org\/wp-content\/uploads\/2017\/06\/csm_gc-building-wide_1a81b0744b.jpg","contentUrl":"https:\/\/interamerica.org\/wp-content\/uploads\/2017\/06\/csm_gc-building-wide_1a81b0744b.jpg","width":400,"height":244},{"@type":"BreadcrumbList","@id":"https:\/\/interamerica.org\/fr\/2020\/04\/le-quinquennat-se-termine-sur-une-note-positive-pour-les-finances-de-leglise-adventiste-en-depit-de-lincertitude-economique-actuelle-dit-le-tresorier\/#breadcrumb","itemListElement":[{"@type":"ListItem","position":1,"name":"Home","item":"https:\/\/interamerica.org\/fr\/"},{"@type":"ListItem","position":2,"name":"Le quinquennat se termine sur une note positive pour les finances de l\u2019\u00c9glise adventiste en d\u00e9pit de l\u2019incertitude \u00e9conomique actuelle, dit le tr\u00e9sorier"}]},{"@type":"WebSite","@id":"https:\/\/interamerica.org\/fr\/#website","url":"https:\/\/interamerica.org\/fr\/","name":"\u00c9glise Adventiste Du Septieme Jour - Inter Am\u00e9rique Division","description":"","potentialAction":[{"@type":"SearchAction","target":{"@type":"EntryPoint","urlTemplate":"https:\/\/interamerica.org\/fr\/?s={search_term_string}"},"query-input":{"@type":"PropertyValueSpecification","valueRequired":true,"valueName":"search_term_string"}}],"inLanguage":"fr-FR"},{"@type":"Person","@id":"https:\/\/interamerica.org\/fr\/#\/schema\/person\/29998f2bc2d8bd0d38662909289b54f1","name":"libna","image":{"@type":"ImageObject","inLanguage":"fr-FR","@id":"https:\/\/secure.gravatar.com\/avatar\/7c5bd30ae4b47a9ba3c856590957fd1d96dc588bf3ac05719d247e126840331f?s=96&d=mm&r=g","url":"https:\/\/secure.gravatar.com\/avatar\/7c5bd30ae4b47a9ba3c856590957fd1d96dc588bf3ac05719d247e126840331f?s=96&d=mm&r=g","contentUrl":"https:\/\/secure.gravatar.com\/avatar\/7c5bd30ae4b47a9ba3c856590957fd1d96dc588bf3ac05719d247e126840331f?s=96&d=mm&r=g","caption":"libna"}}]}},"_links":{"self":[{"href":"https:\/\/interamerica.org\/fr\/wp-json\/wp\/v2\/posts\/57573","targetHints":{"allow":["GET"]}}],"collection":[{"href":"https:\/\/interamerica.org\/fr\/wp-json\/wp\/v2\/posts"}],"about":[{"href":"https:\/\/interamerica.org\/fr\/wp-json\/wp\/v2\/types\/post"}],"author":[{"embeddable":true,"href":"https:\/\/interamerica.org\/fr\/wp-json\/wp\/v2\/users\/3"}],"replies":[{"embeddable":true,"href":"https:\/\/interamerica.org\/fr\/wp-json\/wp\/v2\/comments?post=57573"}],"version-history":[{"count":0,"href":"https:\/\/interamerica.org\/fr\/wp-json\/wp\/v2\/posts\/57573\/revisions"}],"wp:featuredmedia":[{"embeddable":true,"href":"https:\/\/interamerica.org\/fr\/wp-json\/wp\/v2\/media\/22224"}],"wp:attachment":[{"href":"https:\/\/interamerica.org\/fr\/wp-json\/wp\/v2\/media?parent=57573"}],"wp:term":[{"taxonomy":"category","embeddable":true,"href":"https:\/\/interamerica.org\/fr\/wp-json\/wp\/v2\/categories?post=57573"},{"taxonomy":"post_tag","embeddable":true,"href":"https:\/\/interamerica.org\/fr\/wp-json\/wp\/v2\/tags?post=57573"}],"curies":[{"name":"wp","href":"https:\/\/api.w.org\/{rel}","templated":true}]}}