{"id":57722,"date":"2020-04-18T12:57:59","date_gmt":"2020-04-18T16:57:59","guid":{"rendered":"https:\/\/recursing-golick.147-182-135-0.plesk.page\/?p=57722"},"modified":"2020-04-19T20:39:21","modified_gmt":"2020-04-20T00:39:21","slug":"bon-nest-pas-lennemi-de-parfait-renforcer-notre-boite-a-outils-contre-le-covid-19","status":"publish","type":"post","link":"https:\/\/interamerica.org\/fr\/2020\/04\/bon-nest-pas-lennemi-de-parfait-renforcer-notre-boite-a-outils-contre-le-covid-19\/","title":{"rendered":"Bon n\u2019est pas l\u2019ennemi de parfait : renforcer notre bo\u00eete \u00e0 outils contre le COVID-19"},"content":{"rendered":"<p><span class=\"byline-news\">17 Avril 2020 | Silver Spring, Maryland, \u00c9tats-Unis | Par : Becky St. Clair, pour Adventist News Network<\/span><\/p>\n<p><span class=\"cap\">L<\/span>e dimanche de P\u00e2ques, 12 avril 2020 <a href=\"https:\/\/awr.org\/health\/\" target=\"_blank\" rel=\"noopener noreferrer\">AWR360 Health<\/a> a pr\u00e9sent\u00e9 un symposium en ligne sur la sant\u00e9 en partenariat avec des repr\u00e9sentants des minist\u00e8res adventistes de la sant\u00e9 de la Conf\u00e9rence G\u00e9n\u00e9rale des adventistes du septi\u00e8me jour et de la Division Nord-Am\u00e9ricaine, Your Best Pathway to Health (Votre meilleur chemin vers la sant\u00e9), l\u2019Institut Weimar, Lifestyle Health Education et d\u2019autres.<\/p>\n<p>Le programme mettait l\u2019accent sur les enseignements tir\u00e9s de la pand\u00e9mie de grippe de 1918 et sur la mani\u00e8re dont ils pourraient s\u2019appliquer \u00e0 la pand\u00e9mie actuelle de coronavirus. Le programme \u00e9tait pr\u00e9sent\u00e9 par Lela Lewis, directrice m\u00e9dicale \u00e0 AWR360 Health. Plusieurs professionnels de sant\u00e9 sont intervenus et plus de 4300 personnes se sont connect\u00e9es via YouTube et Facebook.<\/p>\n<p>Pour remonter un peu dans l\u2019histoire, la pand\u00e9mie de grippe (H1N1) de 1918 a caus\u00e9 environ 675000 d\u00e9c\u00e8s aux \u00c9tats-Unis et peut-\u00eatre plus de 50 millions de morts dans le monde. Les chiffres actuels de mortalit\u00e9 pour le COVID-19 sont loin d\u2019avoir la m\u00eame ampleur, se situant \u00e0 un peu plus de 138000 morts \u00e0 travers le monde, et environ 28000 morts aux \u00c9tats-Unis, au moment de la r\u00e9daction de cet article.<\/p>\n<p>La raison d\u2019un tel niveau de d\u00e9vastation caus\u00e9 par le virus H1N1 de 1918 n\u2019est pas encore enti\u00e8rement comprise. Chose unique, ce virus a provoqu\u00e9 un taux de mortalit\u00e9 \u00e9lev\u00e9 chez les personnes \u00e2g\u00e9es de 20 \u00e0 40 ans qui \u00e9taient par ailleurs en bonne sant\u00e9. Aucun vaccin n\u2019\u00e9tait disponible pour prot\u00e9ger contre la grippe et il n\u2019y avait aucun antibiotique pour traiter une infection secondaire ; les traitements se limitaient \u00e0 \u00ab l\u2019isolement, la quarantaine, une bonne hygi\u00e8ne personnelle, l\u2019utilisation de d\u00e9sinfectants et des restrictions concernant les rassemblements publics, m\u00eame s\u2019ils \u00e9taient appliqu\u00e9s de mani\u00e8re in\u00e9gale. \u00bb<\/p>\n<p>Cela semble familier ?<\/p>\n<p>\u00ab \u00c0 l\u2019\u00e9poque, les camps militaires aux \u00c9tats-Unis \u00e9taient consid\u00e9r\u00e9s comme offrant la meilleure qualit\u00e9 de traitement sanitaires, \u00bb a expliqu\u00e9 Neil Nedley, pr\u00e9sident de l\u2019Institut Weimar, qui a fait une pr\u00e9sentation qui \u00e9tablissait une comparaison entre les taux de mortalit\u00e9 dans les camps militaires et ceux des sanatoriums adventistes tout au long de la pand\u00e9mie de 1918.<\/p>\n<p>Alors que l\u2019arm\u00e9e am\u00e9ricaine suivait les m\u00e9thodes m\u00e9dicales traditionnelles de traitement, les m\u00e9decins et les infirmi\u00e8res des sanatoriums suivaient l\u2019exemple de John Kellogg, en utilisant des fomentations chaudes et froides &#8211; les d\u00e9buts de ce que nous appelons la th\u00e9rapie hydrothermale. Le taux de mortalit\u00e9 par le H1N1 dans les camps militaires \u00e9tait de 6,7 pourcents. Le taux de mortalit\u00e9 des personnes trait\u00e9es dans les sanatoriums en utilisant les m\u00e9thodes de Kellogg \u00e9tait de 1,34 pourcents.<\/p>\n<p>\u00ab En fait, sur les 90 \u00e9tudiants du dortoir du s\u00e9minaire chez qui on avait diagnostiqu\u00e9 la pr\u00e9sence du virus H1N1 et qui avaient \u00e9t\u00e9 trait\u00e9s en utilisant les fomentations de Kellogg, aucun n\u2019a d\u00e9velopp\u00e9 de pneumonie et aucun n\u2019est mort, \u00bb a indiqu\u00e9 Neil Nedley.<\/p>\n<p>Suite \u00e0 cela, un responsable de sant\u00e9 de la ville a d\u00e9clar\u00e9 : \u00ab Ce record est remarquable. Cela fait apparaitre les m\u00e9thodes ordinaires de lutte contre la grippe comme \u00e9tant irrationnelles. \u00bb<\/p>\n<p>Mais la th\u00e9rapie hydrothermale \u00e9tait-elle r\u00e9ellement la raison expliquant ces diff\u00e9rences drastiques dans les taux de mortalit\u00e9 ?<\/p>\n<p>\u00ab Il y a encore beaucoup de questions importantes auxquelles il faut r\u00e9pondre, \u00bb a d\u00e9clar\u00e9 Zeno L. Charles-Marcel, directeur adjoint des minist\u00e8res de la sant\u00e9 pour l\u2019\u00c9glise adventiste du septi\u00e8me jour. \u00ab Les diagnostics \u00e9taient-ils pr\u00e9cis ? Les ressources disponibles l\u00e0 o\u00f9 les gens \u00e9taient trait\u00e9s \u00e9taient-elles les m\u00eames ou \u00e9taient-elles vraiment diff\u00e9rentes ? Les patients \u00e9taient-ils trait\u00e9s en int\u00e9rieur ou \u00e0 l\u2019ext\u00e9rieur ? Et, bien s\u00fbr, cela arriverait-il avec le COVID-19 ? \u00bb<\/p>\n<p>Bien que ce nouveau coronavirus ait \u00e9t\u00e9 relativement peu \u00e9tudi\u00e9 avant 2020, les professionnels de la sant\u00e9 du monde entier collectent et communiquent des donn\u00e9es importantes depuis pr\u00e8s de six mois. Et beaucoup de donn\u00e9es se concentrent sur les syst\u00e8mes immunitaires.<\/p>\n<p>Roger Seheult, pneumologue et m\u00e9decin des soins intensifs, a soulign\u00e9 que les humains naissent avec deux syst\u00e8mes immunitaires \u2013 le syst\u00e8me inn\u00e9 et le syst\u00e8me adaptatif.<\/p>\n<p>\u00ab Le syst\u00e8me immunitaire inn\u00e9 vous donne de la fi\u00e8vre et d\u00e9vore les sch\u00e9mas mol\u00e9culaires qui semblent anormaux, puis pr\u00e9sente les sch\u00e9mas au syst\u00e8me adaptatif afin qu\u2019il puisse le reconna\u00eetre \u00e0 l\u2019avenir, \u00bb a-t-il expliqu\u00e9.<\/p>\n<p>On sait que le SRAS et le MERS suppriment la r\u00e9action immunitaire inn\u00e9e, ce qui leur permet de passer en surmultipli\u00e9e. Cela conduit certains chercheurs \u00e0 croire que le COVID-19 peut \u00ab saper les r\u00e9ponses antivirales IFN, entra\u00eenant une r\u00e9plication virale incontr\u00f4l\u00e9e, \u00bb a dit Roger Seheult.<\/p>\n<p>Il a poursuivi en disant : \u00ab Le SRAS peut progresser parce que le syst\u00e8me immunitaire inn\u00e9 n\u2019est pas assez fort. Le renforcement de ce syst\u00e8me pourrait \u00eatre un bon moyen de lutter contre le COVID-19. \u00bb<\/p>\n<p>Ensuite une liste de m\u00e9thodes pour renforcer son syst\u00e8me immunitaire a \u00e9t\u00e9 donn\u00e9e : manger sainement ; \u00e9viter le sucre ; passer du temps \u00e0 l\u2019ext\u00e9rieur ; dormir plus de sept heures par nuit et boire beaucoup d\u2019eau.<\/p>\n<p>C\u2019est cette derni\u00e8re partie qui fait parler la communaut\u00e9 m\u00e9dicale : l\u2019eau &#8211; et en particulier la th\u00e9rapie hydrothermale, la version moderne actuelle des fomentations chaudes et froides de Kellogg.<\/p>\n<p>\u00ab Bien que nous voulions voir ce traitement r\u00e9ussir chez les personnes infect\u00e9es, nous voulons \u00e9galement \u00e9viter que qui que ce soit d\u2019autre tombe malade en premier lieu, \u00bb a ajout\u00e9 Charles-Marcel Zeno. \u00ab Il nous faut \u00e9toffer notre bo\u00eete \u00e0 outils, nous avons donc des options non seulement pour la d\u00e9fense mais aussi pour l\u2019attaque. \u00bb<\/p>\n<p>Eric Nelson, professeur adjoint au D\u00e9partement de Chirurgie de la Facult\u00e9 de M\u00e9decine de l\u2019Universit\u00e9 du Tennessee \u00e0 Chattanooga, a r\u00e9cemment re\u00e7u l\u2019autorisation d\u2019\u00e9tudier la phase 3 du COVID-19, en utilisant le traitement de type fomentation pour les patients infect\u00e9s.<\/p>\n<p>Ce traitement consiste \u00e0 envelopper le patient dans des compresses chauffantes et \u00e0 placer une serviette froide sur la t\u00eate du patient. Tout cela est maintenu en place pendant 25 minutes, pendant lesquelles la temp\u00e9rature de la peau et la temp\u00e9rature syst\u00e9mique du patient sont continuellement surveill\u00e9es. Lorsque la chaleur est enlev\u00e9e, le patient subit imm\u00e9diatement une friction rapide avec des chiffons froids et humides. C\u2019est ce qu\u2019on appelle le \u00ab verrouillage thermique \u00bb car il comprime les vaisseaux sanguins dilat\u00e9s si rapidement que la chaleur est emprisonn\u00e9e \u00e0 l\u2019int\u00e9rieur du corps, \u00e9levant la temp\u00e9rature centrale du corps \u00e0 environ 40 degr\u00e9s Celcius.<\/p>\n<p>\u00ab Notre objectif \u00e0 travers cet essai est d\u2019activer les avantages immuno-modulateurs pr\u00e9sum\u00e9s de la th\u00e9rapie hydrothermale, \u00bb a d\u00e9clar\u00e9 Eric Nelson. \u00ab Je crois que les changements soudains de temp\u00e9rature induisent au moins une d\u00e9margination des globules blancs, et peut-\u00eatre que cela leur permet de se redistribuer dans tout le corps. \u00bb<\/p>\n<p>L\u2019augmentation de la temp\u00e9rature interne du patient suit un mod\u00e8le \u00e9tabli par Julius Wagner-Jauregg, qui a remport\u00e9 le prix Nobel de Physiologie, ou M\u00e9decine, en 1927 pour son travail sur le traitement de la neurosyphilis en introduisant le paludisme chez le patient. Cela a augment\u00e9 la temp\u00e9rature interne du patient, provoquant chez lui une fi\u00e8vre, qui \u00e0 son tour a gu\u00e9ri ou att\u00e9nu\u00e9 la paralysie et tu\u00e9 l\u2019infection.<\/p>\n<p>\u00ab COVID-19 est le virus parfait pour tester cela, \u00bb a d\u00e9clar\u00e9 Roger Seheult. \u00ab \u00c9tant donn\u00e9 que le SRAS semble supprimer les fi\u00e8vres plus qu\u2019\u00e0 la normale, augmenter la temp\u00e9rature corporelle en utilisant tous les outils disponibles pourrait aider au traitement et arr\u00eater la propagation du COVID-19. \u00bb<\/p>\n<p>Un traitement \/ une intervention r\u00e9ussie pour le COVID-19, tel que d\u00e9crit par Roger Seheult, doit :<\/p>\n<ul>\n<li>\u00eatre compl\u00e9mentaire aux soins m\u00e9dicaux actuels<\/li>\n<li>\u00eatre extensible \u00e0 des millions de personnes imm\u00e9diatement<\/li>\n<li>ne pas n\u00e9cessiter de test ou de pharmacie<\/li>\n<li>\u00eatre facilement accessible (pensez aux prisons ou aux camps de r\u00e9fugi\u00e9s et aux pays n\u2019ayant pas acc\u00e8s au type de soins de sant\u00e9 disponibles aux \u00c9tats-Unis)<\/li>\n<li>avoir des effets secondaires minimes<\/li>\n<\/ul>\n<p>\u00ab La th\u00e9rapie hydrothermale r\u00e9pond \u00e0 chacun de ces crit\u00e8res, \u00bb a soulign\u00e9 Roger Seheult. \u00ab Il semble tr\u00e8s plausible que nous puissions tirer un certain avantage de cette m\u00e9thode de traitement, et si nous r\u00e9ussissons, nous pourrions faire passer le nombre de personnes qui ont besoin d\u2019une hospitalisation de 20 pourcents \u00e0 15 pourcents. C\u2019est significatif. \u00bb<\/p>\n<p>Les fomentations de base peuvent \u00eatre effectu\u00e9es \u00e0 domicile pour les personnes en bonne sant\u00e9 ou les individus qui commencent \u00e0 ressentir des sympt\u00f4mes, a d\u00e9clar\u00e9 John Kelly, pr\u00e9sident de la soci\u00e9t\u00e9 Oak Haven, une institution g\u00e9r\u00e9e par des adventistes, et fondateur de l\u2019American College of Lifestyle Medicine (Universit\u00e9 Am\u00e9ricaine de M\u00e9decine de Mode de Vie). Utiliser une serviette tremp\u00e9e dans de l\u2019eau chaude (en faisant attention \u00e0 ne pas br\u00fbler la peau) recouverte d\u2019une compresse chauffante, boire de l\u2019eau ti\u00e8de puis frictionner avec un chiffon froid et humide, ou prendre une douche froide apr\u00e8s un entra\u00eenement cardio sont tous des moyens de convertir ce traitement hospitalier en rem\u00e8de \u00e0 domicile.<\/p>\n<p>\u00ab Tout le monde est dans un contre la montre pour trouver un vaccin &#8211; un rem\u00e8de m\u00e9dicinal, \u00bb a d\u00e9clar\u00e9 Charles-Marcel Zeno. \u00ab Nous avons cette m\u00e9thode et une raison plausible et scientifiquement d\u00e9montrable de penser qu\u2019elle fonctionne. C\u2019est un risque utile, cela peut aider et cela est relativement peu risqu\u00e9. Des recherches sont n\u00e9cessaires, mais l\u2019hydroth\u00e9rapie ne fera probablement pas de mal, et cela peut aider. Qu\u2019avons-nous \u00e0 perdre ? \u00bb<\/p>\n<p>Vers la fin de la pr\u00e9sentation, Mark Finley, qui est assistant du pr\u00e9sident au si\u00e8ge de l\u2019\u00c9glise adventiste du septi\u00e8me jour, a adress\u00e9 un message d\u2019encouragement \u00e0 ceux qui se battent au front &#8211; les m\u00e9decins, les infirmi\u00e8res et les chercheurs qui mettent leur vie en danger pour sauver la n\u00f4tre.<\/p>\n<p>\u00ab On m\u2019a demand\u00e9 \u00e0 plusieurs reprises : o\u00f9 Dieu est-il dans tout cela ? \u00bb a dit Mark Finley. \u00ab Je r\u00e9ponds qu\u2019il est dans c\u0153ur de tous les m\u00e9decins et infirmi\u00e8res qui exercent leur minist\u00e8re dans l\u2019amour en premi\u00e8re ligne. Il est au c\u0153ur de chaque voisin aimant qui fait preuve d\u2019amour dans sa communaut\u00e9. Je vous salue tous. \u00bb<\/p>\n<p>Le symposium s\u2019est achev\u00e9 avec une br\u00e8ve s\u00e9ance de questions-r\u00e9ponses et Angeline Brauer, directrice des minist\u00e8res de la Sant\u00e9 de la Division Nord-Am\u00e9ricaine, a cl\u00f4tur\u00e9 la session avec une pri\u00e8re.<\/p>\n<p>\u00ab Nous avons entendu des choses sur l\u2019histoire, la recherche moderne, les m\u00e9canismes d\u2019action potentiels pour affronter le COVID-19, et nous avons de meilleures questions \u00e0 poser, \u00bb a conclu Angeline Brauer. \u00ab Je crois que nous avons une option viable \u00e0 consid\u00e9rer, et je crois aussi que nous pouvons trouver de l\u2019espoir dans ce que nous avons entendu aujourd\u2019hui. \u00bb<\/p>\n<p><em>La <\/em><a href=\"https:\/\/news.adventist.org\/en\/all-news\/news\/go\/2020-04-15\/good-is-not-the-enemy-of-perfect-enhancing-our-toolkit-against-covid-19\/\" target=\"_blank\" rel=\"noopener noreferrer\"><em>version originale<\/em><\/a><em> de ce r\u00e9cit a \u00e9t\u00e9 publi\u00e9e par <\/em><a href=\"https:\/\/news.adventist.org\/en\/\" target=\"_blank\" rel=\"noopener noreferrer\"><em>Adventist News Network<\/em><\/a><em>.<\/em><\/p>\n<p>Traduction: Patrick Luciathe<\/p>\n","protected":false},"excerpt":{"rendered":"<p>17 Avril 2020 | Silver Spring, Maryland, \u00c9tats-Unis | Par : Becky St. Clair, pour Adventist News Network Le dimanche de P\u00e2ques, 12 avril 2020 AWR360 Health a pr\u00e9sent\u00e9 un&#8230;<\/p>\n","protected":false},"author":3,"featured_media":57696,"comment_status":"open","ping_status":"closed","sticky":false,"template":"","format":"standard","meta":{"_acf_changed":false,"footnotes":""},"categories":[19],"tags":[],"class_list":["post-57722","post","type-post","status-publish","format-standard","has-post-thumbnail","hentry","category-rss-francais"],"acf":[],"yoast_head":"<!-- This site is optimized with the Yoast SEO plugin v27.3 - https:\/\/yoast.com\/product\/yoast-seo-wordpress\/ -->\n<title>Bon n\u2019est pas l\u2019ennemi de parfait : renforcer notre bo\u00eete \u00e0 outils contre le COVID-19 - \u00c9glise Adventiste Du Septieme Jour - Inter Am\u00e9rique Division<\/title>\n<meta name=\"robots\" content=\"index, follow, max-snippet:-1, max-image-preview:large, max-video-preview:-1\" \/>\n<link rel=\"canonical\" href=\"https:\/\/interamerica.org\/fr\/2020\/04\/bon-nest-pas-lennemi-de-parfait-renforcer-notre-boite-a-outils-contre-le-covid-19\/\" \/>\n<meta property=\"og:locale\" content=\"fr_FR\" \/>\n<meta property=\"og:type\" content=\"article\" \/>\n<meta property=\"og:title\" content=\"Bon n\u2019est pas l\u2019ennemi de parfait : renforcer notre bo\u00eete \u00e0 outils contre le COVID-19 - \u00c9glise Adventiste Du Septieme Jour - Inter Am\u00e9rique Division\" \/>\n<meta property=\"og:description\" content=\"17 Avril 2020 | Silver Spring, Maryland, \u00c9tats-Unis | Par : Becky St. Clair, pour Adventist News Network Le dimanche de P\u00e2ques, 12 avril 2020 AWR360 Health a pr\u00e9sent\u00e9 un...\" \/>\n<meta property=\"og:url\" content=\"https:\/\/interamerica.org\/fr\/2020\/04\/bon-nest-pas-lennemi-de-parfait-renforcer-notre-boite-a-outils-contre-le-covid-19\/\" \/>\n<meta property=\"og:site_name\" content=\"\u00c9glise Adventiste Du Septieme Jour - Inter Am\u00e9rique Division\" \/>\n<meta property=\"article:published_time\" content=\"2020-04-18T16:57:59+00:00\" \/>\n<meta property=\"article:modified_time\" content=\"2020-04-20T00:39:21+00:00\" \/>\n<meta property=\"og:image\" content=\"https:\/\/interamerica.org\/wp-content\/uploads\/2020\/04\/csm-gc-good-is-not-the-enemy-of-perfect-enhancing-our-toolkit-against-covid-19-04ed374ced-1280.jpg\" \/>\n\t<meta property=\"og:image:width\" content=\"1280\" \/>\n\t<meta property=\"og:image:height\" content=\"800\" \/>\n\t<meta property=\"og:image:type\" content=\"image\/jpeg\" \/>\n<meta name=\"author\" content=\"libna\" \/>\n<meta name=\"twitter:card\" content=\"summary_large_image\" \/>\n<meta name=\"twitter:label1\" content=\"\u00c9crit par\" \/>\n\t<meta name=\"twitter:data1\" content=\"libna\" \/>\n\t<meta name=\"twitter:label2\" content=\"Dur\u00e9e de lecture estim\u00e9e\" \/>\n\t<meta name=\"twitter:data2\" content=\"10 minutes\" \/>\n<script type=\"application\/ld+json\" class=\"yoast-schema-graph\">{\"@context\":\"https:\\\/\\\/schema.org\",\"@graph\":[{\"@type\":\"Article\",\"@id\":\"https:\\\/\\\/interamerica.org\\\/fr\\\/2020\\\/04\\\/bon-nest-pas-lennemi-de-parfait-renforcer-notre-boite-a-outils-contre-le-covid-19\\\/#article\",\"isPartOf\":{\"@id\":\"https:\\\/\\\/interamerica.org\\\/fr\\\/2020\\\/04\\\/bon-nest-pas-lennemi-de-parfait-renforcer-notre-boite-a-outils-contre-le-covid-19\\\/\"},\"author\":{\"name\":\"libna\",\"@id\":\"https:\\\/\\\/interamerica.org\\\/fr\\\/#\\\/schema\\\/person\\\/29998f2bc2d8bd0d38662909289b54f1\"},\"headline\":\"Bon n\u2019est pas l\u2019ennemi de parfait : renforcer notre bo\u00eete \u00e0 outils contre le COVID-19\",\"datePublished\":\"2020-04-18T16:57:59+00:00\",\"dateModified\":\"2020-04-20T00:39:21+00:00\",\"mainEntityOfPage\":{\"@id\":\"https:\\\/\\\/interamerica.org\\\/fr\\\/2020\\\/04\\\/bon-nest-pas-lennemi-de-parfait-renforcer-notre-boite-a-outils-contre-le-covid-19\\\/\"},\"wordCount\":1930,\"commentCount\":0,\"image\":{\"@id\":\"https:\\\/\\\/interamerica.org\\\/fr\\\/2020\\\/04\\\/bon-nest-pas-lennemi-de-parfait-renforcer-notre-boite-a-outils-contre-le-covid-19\\\/#primaryimage\"},\"thumbnailUrl\":\"https:\\\/\\\/interamerica.org\\\/wp-content\\\/uploads\\\/2020\\\/04\\\/csm-gc-good-is-not-the-enemy-of-perfect-enhancing-our-toolkit-against-covid-19-04ed374ced-1280.jpg\",\"articleSection\":[\"RSS Fran\u00e7ais\"],\"inLanguage\":\"fr-FR\",\"potentialAction\":[{\"@type\":\"CommentAction\",\"name\":\"Comment\",\"target\":[\"https:\\\/\\\/interamerica.org\\\/fr\\\/2020\\\/04\\\/bon-nest-pas-lennemi-de-parfait-renforcer-notre-boite-a-outils-contre-le-covid-19\\\/#respond\"]}]},{\"@type\":\"WebPage\",\"@id\":\"https:\\\/\\\/interamerica.org\\\/fr\\\/2020\\\/04\\\/bon-nest-pas-lennemi-de-parfait-renforcer-notre-boite-a-outils-contre-le-covid-19\\\/\",\"url\":\"https:\\\/\\\/interamerica.org\\\/fr\\\/2020\\\/04\\\/bon-nest-pas-lennemi-de-parfait-renforcer-notre-boite-a-outils-contre-le-covid-19\\\/\",\"name\":\"Bon n\u2019est pas l\u2019ennemi de parfait : renforcer notre bo\u00eete \u00e0 outils contre le COVID-19 - \u00c9glise Adventiste Du Septieme Jour - Inter Am\u00e9rique Division\",\"isPartOf\":{\"@id\":\"https:\\\/\\\/interamerica.org\\\/fr\\\/#website\"},\"primaryImageOfPage\":{\"@id\":\"https:\\\/\\\/interamerica.org\\\/fr\\\/2020\\\/04\\\/bon-nest-pas-lennemi-de-parfait-renforcer-notre-boite-a-outils-contre-le-covid-19\\\/#primaryimage\"},\"image\":{\"@id\":\"https:\\\/\\\/interamerica.org\\\/fr\\\/2020\\\/04\\\/bon-nest-pas-lennemi-de-parfait-renforcer-notre-boite-a-outils-contre-le-covid-19\\\/#primaryimage\"},\"thumbnailUrl\":\"https:\\\/\\\/interamerica.org\\\/wp-content\\\/uploads\\\/2020\\\/04\\\/csm-gc-good-is-not-the-enemy-of-perfect-enhancing-our-toolkit-against-covid-19-04ed374ced-1280.jpg\",\"datePublished\":\"2020-04-18T16:57:59+00:00\",\"dateModified\":\"2020-04-20T00:39:21+00:00\",\"author\":{\"@id\":\"https:\\\/\\\/interamerica.org\\\/fr\\\/#\\\/schema\\\/person\\\/29998f2bc2d8bd0d38662909289b54f1\"},\"breadcrumb\":{\"@id\":\"https:\\\/\\\/interamerica.org\\\/fr\\\/2020\\\/04\\\/bon-nest-pas-lennemi-de-parfait-renforcer-notre-boite-a-outils-contre-le-covid-19\\\/#breadcrumb\"},\"inLanguage\":\"fr-FR\",\"potentialAction\":[{\"@type\":\"ReadAction\",\"target\":[\"https:\\\/\\\/interamerica.org\\\/fr\\\/2020\\\/04\\\/bon-nest-pas-lennemi-de-parfait-renforcer-notre-boite-a-outils-contre-le-covid-19\\\/\"]}]},{\"@type\":\"ImageObject\",\"inLanguage\":\"fr-FR\",\"@id\":\"https:\\\/\\\/interamerica.org\\\/fr\\\/2020\\\/04\\\/bon-nest-pas-lennemi-de-parfait-renforcer-notre-boite-a-outils-contre-le-covid-19\\\/#primaryimage\",\"url\":\"https:\\\/\\\/interamerica.org\\\/wp-content\\\/uploads\\\/2020\\\/04\\\/csm-gc-good-is-not-the-enemy-of-perfect-enhancing-our-toolkit-against-covid-19-04ed374ced-1280.jpg\",\"contentUrl\":\"https:\\\/\\\/interamerica.org\\\/wp-content\\\/uploads\\\/2020\\\/04\\\/csm-gc-good-is-not-the-enemy-of-perfect-enhancing-our-toolkit-against-covid-19-04ed374ced-1280.jpg\",\"width\":1280,\"height\":800},{\"@type\":\"BreadcrumbList\",\"@id\":\"https:\\\/\\\/interamerica.org\\\/fr\\\/2020\\\/04\\\/bon-nest-pas-lennemi-de-parfait-renforcer-notre-boite-a-outils-contre-le-covid-19\\\/#breadcrumb\",\"itemListElement\":[{\"@type\":\"ListItem\",\"position\":1,\"name\":\"Home\",\"item\":\"https:\\\/\\\/interamerica.org\\\/fr\\\/\"},{\"@type\":\"ListItem\",\"position\":2,\"name\":\"Bon n\u2019est pas l\u2019ennemi de parfait : renforcer notre bo\u00eete \u00e0 outils contre le COVID-19\"}]},{\"@type\":\"WebSite\",\"@id\":\"https:\\\/\\\/interamerica.org\\\/fr\\\/#website\",\"url\":\"https:\\\/\\\/interamerica.org\\\/fr\\\/\",\"name\":\"\u00c9glise Adventiste Du Septieme Jour - Inter Am\u00e9rique Division\",\"description\":\"\",\"potentialAction\":[{\"@type\":\"SearchAction\",\"target\":{\"@type\":\"EntryPoint\",\"urlTemplate\":\"https:\\\/\\\/interamerica.org\\\/fr\\\/?s={search_term_string}\"},\"query-input\":{\"@type\":\"PropertyValueSpecification\",\"valueRequired\":true,\"valueName\":\"search_term_string\"}}],\"inLanguage\":\"fr-FR\"},{\"@type\":\"Person\",\"@id\":\"https:\\\/\\\/interamerica.org\\\/fr\\\/#\\\/schema\\\/person\\\/29998f2bc2d8bd0d38662909289b54f1\",\"name\":\"libna\",\"image\":{\"@type\":\"ImageObject\",\"inLanguage\":\"fr-FR\",\"@id\":\"https:\\\/\\\/secure.gravatar.com\\\/avatar\\\/7c5bd30ae4b47a9ba3c856590957fd1d96dc588bf3ac05719d247e126840331f?s=96&d=mm&r=g\",\"url\":\"https:\\\/\\\/secure.gravatar.com\\\/avatar\\\/7c5bd30ae4b47a9ba3c856590957fd1d96dc588bf3ac05719d247e126840331f?s=96&d=mm&r=g\",\"contentUrl\":\"https:\\\/\\\/secure.gravatar.com\\\/avatar\\\/7c5bd30ae4b47a9ba3c856590957fd1d96dc588bf3ac05719d247e126840331f?s=96&d=mm&r=g\",\"caption\":\"libna\"}}]}<\/script>\n<!-- \/ Yoast SEO plugin. -->","yoast_head_json":{"title":"Bon n\u2019est pas l\u2019ennemi de parfait : renforcer notre bo\u00eete \u00e0 outils contre le COVID-19 - \u00c9glise Adventiste Du Septieme Jour - Inter Am\u00e9rique Division","robots":{"index":"index","follow":"follow","max-snippet":"max-snippet:-1","max-image-preview":"max-image-preview:large","max-video-preview":"max-video-preview:-1"},"canonical":"https:\/\/interamerica.org\/fr\/2020\/04\/bon-nest-pas-lennemi-de-parfait-renforcer-notre-boite-a-outils-contre-le-covid-19\/","og_locale":"fr_FR","og_type":"article","og_title":"Bon n\u2019est pas l\u2019ennemi de parfait : renforcer notre bo\u00eete \u00e0 outils contre le COVID-19 - \u00c9glise Adventiste Du Septieme Jour - Inter Am\u00e9rique Division","og_description":"17 Avril 2020 | Silver Spring, Maryland, \u00c9tats-Unis | Par : Becky St. Clair, pour Adventist News Network Le dimanche de P\u00e2ques, 12 avril 2020 AWR360 Health a pr\u00e9sent\u00e9 un...","og_url":"https:\/\/interamerica.org\/fr\/2020\/04\/bon-nest-pas-lennemi-de-parfait-renforcer-notre-boite-a-outils-contre-le-covid-19\/","og_site_name":"\u00c9glise Adventiste Du Septieme Jour - Inter Am\u00e9rique Division","article_published_time":"2020-04-18T16:57:59+00:00","article_modified_time":"2020-04-20T00:39:21+00:00","og_image":[{"width":1280,"height":800,"url":"https:\/\/interamerica.org\/wp-content\/uploads\/2020\/04\/csm-gc-good-is-not-the-enemy-of-perfect-enhancing-our-toolkit-against-covid-19-04ed374ced-1280.jpg","type":"image\/jpeg"}],"author":"libna","twitter_card":"summary_large_image","twitter_misc":{"\u00c9crit par":"libna","Dur\u00e9e de lecture estim\u00e9e":"10 minutes"},"schema":{"@context":"https:\/\/schema.org","@graph":[{"@type":"Article","@id":"https:\/\/interamerica.org\/fr\/2020\/04\/bon-nest-pas-lennemi-de-parfait-renforcer-notre-boite-a-outils-contre-le-covid-19\/#article","isPartOf":{"@id":"https:\/\/interamerica.org\/fr\/2020\/04\/bon-nest-pas-lennemi-de-parfait-renforcer-notre-boite-a-outils-contre-le-covid-19\/"},"author":{"name":"libna","@id":"https:\/\/interamerica.org\/fr\/#\/schema\/person\/29998f2bc2d8bd0d38662909289b54f1"},"headline":"Bon n\u2019est pas l\u2019ennemi de parfait : renforcer notre bo\u00eete \u00e0 outils contre le COVID-19","datePublished":"2020-04-18T16:57:59+00:00","dateModified":"2020-04-20T00:39:21+00:00","mainEntityOfPage":{"@id":"https:\/\/interamerica.org\/fr\/2020\/04\/bon-nest-pas-lennemi-de-parfait-renforcer-notre-boite-a-outils-contre-le-covid-19\/"},"wordCount":1930,"commentCount":0,"image":{"@id":"https:\/\/interamerica.org\/fr\/2020\/04\/bon-nest-pas-lennemi-de-parfait-renforcer-notre-boite-a-outils-contre-le-covid-19\/#primaryimage"},"thumbnailUrl":"https:\/\/interamerica.org\/wp-content\/uploads\/2020\/04\/csm-gc-good-is-not-the-enemy-of-perfect-enhancing-our-toolkit-against-covid-19-04ed374ced-1280.jpg","articleSection":["RSS Fran\u00e7ais"],"inLanguage":"fr-FR","potentialAction":[{"@type":"CommentAction","name":"Comment","target":["https:\/\/interamerica.org\/fr\/2020\/04\/bon-nest-pas-lennemi-de-parfait-renforcer-notre-boite-a-outils-contre-le-covid-19\/#respond"]}]},{"@type":"WebPage","@id":"https:\/\/interamerica.org\/fr\/2020\/04\/bon-nest-pas-lennemi-de-parfait-renforcer-notre-boite-a-outils-contre-le-covid-19\/","url":"https:\/\/interamerica.org\/fr\/2020\/04\/bon-nest-pas-lennemi-de-parfait-renforcer-notre-boite-a-outils-contre-le-covid-19\/","name":"Bon n\u2019est pas l\u2019ennemi de parfait : renforcer notre bo\u00eete \u00e0 outils contre le COVID-19 - \u00c9glise Adventiste Du Septieme Jour - Inter Am\u00e9rique Division","isPartOf":{"@id":"https:\/\/interamerica.org\/fr\/#website"},"primaryImageOfPage":{"@id":"https:\/\/interamerica.org\/fr\/2020\/04\/bon-nest-pas-lennemi-de-parfait-renforcer-notre-boite-a-outils-contre-le-covid-19\/#primaryimage"},"image":{"@id":"https:\/\/interamerica.org\/fr\/2020\/04\/bon-nest-pas-lennemi-de-parfait-renforcer-notre-boite-a-outils-contre-le-covid-19\/#primaryimage"},"thumbnailUrl":"https:\/\/interamerica.org\/wp-content\/uploads\/2020\/04\/csm-gc-good-is-not-the-enemy-of-perfect-enhancing-our-toolkit-against-covid-19-04ed374ced-1280.jpg","datePublished":"2020-04-18T16:57:59+00:00","dateModified":"2020-04-20T00:39:21+00:00","author":{"@id":"https:\/\/interamerica.org\/fr\/#\/schema\/person\/29998f2bc2d8bd0d38662909289b54f1"},"breadcrumb":{"@id":"https:\/\/interamerica.org\/fr\/2020\/04\/bon-nest-pas-lennemi-de-parfait-renforcer-notre-boite-a-outils-contre-le-covid-19\/#breadcrumb"},"inLanguage":"fr-FR","potentialAction":[{"@type":"ReadAction","target":["https:\/\/interamerica.org\/fr\/2020\/04\/bon-nest-pas-lennemi-de-parfait-renforcer-notre-boite-a-outils-contre-le-covid-19\/"]}]},{"@type":"ImageObject","inLanguage":"fr-FR","@id":"https:\/\/interamerica.org\/fr\/2020\/04\/bon-nest-pas-lennemi-de-parfait-renforcer-notre-boite-a-outils-contre-le-covid-19\/#primaryimage","url":"https:\/\/interamerica.org\/wp-content\/uploads\/2020\/04\/csm-gc-good-is-not-the-enemy-of-perfect-enhancing-our-toolkit-against-covid-19-04ed374ced-1280.jpg","contentUrl":"https:\/\/interamerica.org\/wp-content\/uploads\/2020\/04\/csm-gc-good-is-not-the-enemy-of-perfect-enhancing-our-toolkit-against-covid-19-04ed374ced-1280.jpg","width":1280,"height":800},{"@type":"BreadcrumbList","@id":"https:\/\/interamerica.org\/fr\/2020\/04\/bon-nest-pas-lennemi-de-parfait-renforcer-notre-boite-a-outils-contre-le-covid-19\/#breadcrumb","itemListElement":[{"@type":"ListItem","position":1,"name":"Home","item":"https:\/\/interamerica.org\/fr\/"},{"@type":"ListItem","position":2,"name":"Bon n\u2019est pas l\u2019ennemi de parfait : renforcer notre bo\u00eete \u00e0 outils contre le COVID-19"}]},{"@type":"WebSite","@id":"https:\/\/interamerica.org\/fr\/#website","url":"https:\/\/interamerica.org\/fr\/","name":"\u00c9glise Adventiste Du Septieme Jour - Inter Am\u00e9rique Division","description":"","potentialAction":[{"@type":"SearchAction","target":{"@type":"EntryPoint","urlTemplate":"https:\/\/interamerica.org\/fr\/?s={search_term_string}"},"query-input":{"@type":"PropertyValueSpecification","valueRequired":true,"valueName":"search_term_string"}}],"inLanguage":"fr-FR"},{"@type":"Person","@id":"https:\/\/interamerica.org\/fr\/#\/schema\/person\/29998f2bc2d8bd0d38662909289b54f1","name":"libna","image":{"@type":"ImageObject","inLanguage":"fr-FR","@id":"https:\/\/secure.gravatar.com\/avatar\/7c5bd30ae4b47a9ba3c856590957fd1d96dc588bf3ac05719d247e126840331f?s=96&d=mm&r=g","url":"https:\/\/secure.gravatar.com\/avatar\/7c5bd30ae4b47a9ba3c856590957fd1d96dc588bf3ac05719d247e126840331f?s=96&d=mm&r=g","contentUrl":"https:\/\/secure.gravatar.com\/avatar\/7c5bd30ae4b47a9ba3c856590957fd1d96dc588bf3ac05719d247e126840331f?s=96&d=mm&r=g","caption":"libna"}}]}},"_links":{"self":[{"href":"https:\/\/interamerica.org\/fr\/wp-json\/wp\/v2\/posts\/57722","targetHints":{"allow":["GET"]}}],"collection":[{"href":"https:\/\/interamerica.org\/fr\/wp-json\/wp\/v2\/posts"}],"about":[{"href":"https:\/\/interamerica.org\/fr\/wp-json\/wp\/v2\/types\/post"}],"author":[{"embeddable":true,"href":"https:\/\/interamerica.org\/fr\/wp-json\/wp\/v2\/users\/3"}],"replies":[{"embeddable":true,"href":"https:\/\/interamerica.org\/fr\/wp-json\/wp\/v2\/comments?post=57722"}],"version-history":[{"count":0,"href":"https:\/\/interamerica.org\/fr\/wp-json\/wp\/v2\/posts\/57722\/revisions"}],"wp:featuredmedia":[{"embeddable":true,"href":"https:\/\/interamerica.org\/fr\/wp-json\/wp\/v2\/media\/57696"}],"wp:attachment":[{"href":"https:\/\/interamerica.org\/fr\/wp-json\/wp\/v2\/media?parent=57722"}],"wp:term":[{"taxonomy":"category","embeddable":true,"href":"https:\/\/interamerica.org\/fr\/wp-json\/wp\/v2\/categories?post=57722"},{"taxonomy":"post_tag","embeddable":true,"href":"https:\/\/interamerica.org\/fr\/wp-json\/wp\/v2\/tags?post=57722"}],"curies":[{"name":"wp","href":"https:\/\/api.w.org\/{rel}","templated":true}]}}