{"id":57831,"date":"2020-04-20T17:08:28","date_gmt":"2020-04-20T21:08:28","guid":{"rendered":"https:\/\/recursing-golick.147-182-135-0.plesk.page\/?p=57831"},"modified":"2020-04-22T10:39:29","modified_gmt":"2020-04-22T14:39:29","slug":"affectation-de-15-m-aux-banques-alimentaires-adventistes-par-la-division-nord-americaine","status":"publish","type":"post","link":"https:\/\/interamerica.org\/fr\/2020\/04\/affectation-de-15-m-aux-banques-alimentaires-adventistes-par-la-division-nord-americaine\/","title":{"rendered":"Affectation de 1,5 M$ aux banques alimentaires adventistes par la Division nord-am\u00e9ricaine"},"content":{"rendered":"<p>Le 20 avril 2020 | Columbia, Baltimore, \u00c9tats-Unis | Kimberly Luste Maran et le minist\u00e8re des Services communautaires de la Division nord-am\u00e9ricaine<\/p>\n<p>Les entit\u00e9s des Services communautaires adventistes (ACS pour <em>Adventist Community Services<\/em>) de la Division nord-am\u00e9ricaine (DNA) continuent d\u2019offrir de l\u2019aide et de r\u00e9pondre aux besoins de la population en temps de pand\u00e9mie de COVID-19.<\/p>\n<p>En effet, les ACS de la DNA sont d\u00e9termin\u00e9s \u00e0 soutenir les op\u00e9rations des banques alimentaires des ACS des 60 f\u00e9d\u00e9rations du territoire de la DNA (qui couvre les Bermudes, le Canada, Guam, la Micron\u00e9sie et les \u00c9tats-Unis). Pour offrir un tel soutien, le minist\u00e8re des ACS de la DNA investit 1,5 million de dollars am\u00e9ricains en allouant une subvention de 25\u00a0000 dollars am\u00e9ricains \u00e0 chacune des f\u00e9d\u00e9rations pour le financement de ses efforts humanitaires.<\/p>\n<p>Au cours des vingt derni\u00e8res ann\u00e9es, les ACS de la DNA ont \u00e9tabli 1\u00a0358 centres d\u2019ACS sur le territoire de la Division, la plupart de ces centres offrant des services d\u2019approvisionnement, principalement par le biais de banques alimentaires. Les fonds actuels sont affect\u00e9s \u00e0 l\u2019achat de nourriture et d\u2019\u00e9quipement de protection individuelle pour les b\u00e9n\u00e9voles.<\/p>\n<div style=\"width: 551px\" class=\"wp-caption aligncenter\"><img fetchpriority=\"high\" decoding=\"async\" class=\"\" src=\"https:\/\/recursing-golick.147-182-135-0.plesk.page\/wp-content\/uploads\/2020\/04\/acs.jpg\" alt=\"\" width=\"541\" height=\"722\" \/><p class=\"wp-caption-text\">Des b\u00e9n\u00e9voles \u00e9pluchent des \u00e9pis de ma\u00efs, pr\u00e9parant des denr\u00e9es \u00e0 la banque alimentaire des Services communautaires adventistes de la F\u00e9d\u00e9ration d\u2019Allegheny East en Pennsylvanie, aux \u00c9tats-Unis. Une photo des Services communautaires adventistes de la Division nord-am\u00e9ricaine.<\/p><\/div>\n<p>D\u2019apr\u00e8s Sung Kwon, directeur des ACS de la DNA, les entreprises de fabrication, surtout dans l\u2019industrie alimentaire, sont incapables de fonctionner \u00e0 plein r\u00e9gime. De plus, le nombre de personnes qui ont demand\u00e9 des prestations d\u2019assurance-ch\u00f4mage, aux \u00c9tats-Unis seulement, a atteint les 10 millions. L\u2019industrie des transports n\u2019est pas non plus en mesure de fonctionner normalement et l\u2019importation de produits demeure limit\u00e9e.<\/p>\n<p>\u00ab\u00a0Ces complications ont pouss\u00e9 la direction des ACS de la DNA \u00e0 concentrer ses efforts d\u2019aide sur la p\u00e9nurie alimentaire. Avec la hausse du taux de ch\u00f4mage, les gens devront se tourner de plus en plus vers la nourriture offerte gratuitement par les banques alimentaires, a expliqu\u00e9 le pasteur Kwon. Nous ferons notre part pour servir les gens tout en minimisant les risques que courront nos b\u00e9n\u00e9voles des ACS et les membres de nos \u00e9glises.\u00a0\u00bb<\/p>\n<p>\u00ab\u00a0Il est important que les minist\u00e8res qui desservent les personnes vuln\u00e9rables continuent leurs activit\u00e9s en temps de pand\u00e9mie mondiale, a dit Bonita Shields, vice-pr\u00e9sidente des minist\u00e8res de la DNA, car c\u2019est l\u00e0 o\u00f9 elles sont le plus fragiles et o\u00f9 elles ont particuli\u00e8rement besoin de l\u2019espoir et de l\u2019assurance qu\u2019offrent ces minist\u00e8res.\u00a0\u00bb<\/p>\n<p>\u00c9tant donn\u00e9 la pand\u00e9mie de COVID-19, les stocks alimentaires sont limit\u00e9s. Il n\u2019est donc pas facile pour les minist\u00e8res alimentaires des ACS d\u2019obtenir des dons de denr\u00e9es, ce qui exerce une pression sur ceux qui continuent de servir et d\u2019aider les familles et les personnes que la crise n\u2019affecte pas que par le manque de nourriture.<\/p>\n<div style=\"width: 814px\" class=\"wp-caption aligncenter\"><img decoding=\"async\" class=\"\" src=\"https:\/\/recursing-golick.147-182-135-0.plesk.page\/wp-content\/uploads\/2020\/04\/acs2.jpg\" alt=\"\" width=\"804\" height=\"603\" \/><p class=\"wp-caption-text\">Un b\u00e9n\u00e9vole des Services communautaires adventistes du Texas, aux \u00c9tats-Unis, pr\u00e9pare la distribution de produits de nettoyage. Une photo des Services communautaires adventistes de la Division nord-am\u00e9ricaine.<\/p><\/div>\n<p>La banque alimentaire des ACS d\u2019Escanaba, au Michigan, l\u2019une des rares banques alimentaires de la p\u00e9ninsule sup\u00e9rieure, est l\u2019un des nombreux endroits qui esp\u00e8re obtenir davantage d\u2019aide. Ce minist\u00e8re adventiste fait la livraison de nourriture dans divers comt\u00e9s pour atteindre les gens dans le besoin. Sa directrice, Robin Wycoff, a rapport\u00e9 que plus de 1\u00a0200 familles avaient demand\u00e9 de la nourriture la semaine pr\u00e9c\u00e9dente. \u00ab\u00a0C\u2019\u00e9tait un jour incroyable et triste en m\u00eame temps, a-t-elle dit, car nous avons servi \u00e9norm\u00e9ment de gens, mais avons d\u00fb en refuser tout autant \u00e9tant donn\u00e9 que nous avons manqu\u00e9 de nourriture.\u00a0\u00bb<\/p>\n<p>\u00c0 certains endroits, les b\u00e9n\u00e9voles ont besoin d\u2019\u00e9quipement de protection, actuellement rare, pour aider dans les centres. Comme ces b\u00e9n\u00e9voles veulent absolument continuer de servir, le besoin de protection pour les maintenir en sant\u00e9 est accru. De plus, les centres d\u2019ACS doivent assumer des co\u00fbts additionnels relatifs aux articles de s\u00e9curit\u00e9, comme les gants, les masques, les lingettes humides, les essuie-tout et les produits d\u00e9sinfectants.<\/p>\n<p>\u00ab\u00a0Nous devons garder tout le monde dans nos pens\u00e9es et nos pri\u00e8res en passant ensemble au travers de cette \u00e9preuve, offrant et recevant la gr\u00e2ce n\u00e9cessaire \u00e0 nos interactions avec nos familles, nos b\u00e9n\u00e9voles, notre communaut\u00e9 et le monde, a soulign\u00e9 le pasteur Kwon. Les ACS demeurent d\u00e9termin\u00e9s \u00e0 continuer de prendre les mesures pr\u00e9ventives pour tous, mais surtout pour nos membres d\u2019\u00e9glise vuln\u00e9rables et \u00e2g\u00e9s ainsi que pour nos b\u00e9n\u00e9voles. Malgr\u00e9 l\u2019interruption sans pr\u00e9c\u00e9dent entra\u00een\u00e9e par la COVID-19, je suis reconnaissant pour les membres de l\u2019\u00c9glise et les b\u00e9n\u00e9voles des ACS, qui ne cessent de servir leur communaut\u00e9.\u00a0\u00bb<\/p>\n<p>Puis il a ajout\u00e9, \u00ab\u00a0Si vous souhaitez contribuer au maintien de la s\u00e9curit\u00e9 et de la protection de nos b\u00e9n\u00e9voles, veuillez consid\u00e9rer faire un don de bienfaisance afin que nous puissions continuer de remplir notre mission qui consiste \u00e0 \u201cServir les communaut\u00e9s au nom du Christ\u201d.\u00a0\u00bb<\/p>\n<div style=\"width: 809px\" class=\"wp-caption aligncenter\"><img decoding=\"async\" class=\"\" src=\"https:\/\/recursing-golick.147-182-135-0.plesk.page\/wp-content\/uploads\/2020\/04\/acs3.jpg\" alt=\"\" width=\"799\" height=\"388\" \/><p class=\"wp-caption-text\">\u00c0 Tacoma, dans l\u2019\u00c9tat am\u00e9ricain de Washington, une b\u00e9n\u00e9vole des Services communautaires adventistes se pr\u00e9pare \u00e0 installer des affiches avant le d\u00e9but de l\u2019op\u00e9ration de service au volant. Une photo des Services communautaires adventistes de la Division nord-am\u00e9ricaine.<\/p><\/div>\n<p>Des articles sur les difficult\u00e9s que la crise de la COVID-19 a caus\u00e9es aux centres et aux banques alimentaires de partout sur le territoire de la Division ainsi que les moyens qu\u2019ont pris ces organismes pour s\u2019adapter et r\u00e9pondre \u00e0 la demande de leur communaut\u00e9 sont disponibles sur le <a href=\"http:\/\/www.communityservices.org\/news\/2020\/4\/2\/acs-food-pantries\">site de nouvelles des ACS de la DNA<\/a>. Avide de partager ces histoires de difficult\u00e9s, mais aussi de miracles et de b\u00e9n\u00e9dictions, le personnel des ACS de la DNA met r\u00e9guli\u00e8rement ce site \u00e0 jour.<\/p>\n<p><em>La <a href=\"https:\/\/www.nadadventist.org\/news\/nad-adventist-community-services-commits-15-million-local-conference-food-pantries-covid-19\">version originale<\/a> de cet article a \u00e9t\u00e9 publi\u00e9e sur le <a href=\"https:\/\/www.nadadventist.org\/news\">site de nouvelles<\/a> de la Division nord-am\u00e9ricaine.<\/em><\/p>\n<p>Traduction : Marie-Mich\u00e8le Robitaille<\/p>\n","protected":false},"excerpt":{"rendered":"<p>Le 20 avril 2020 | Columbia, Baltimore, \u00c9tats-Unis | Kimberly Luste Maran et le minist\u00e8re des Services communautaires de la Division nord-am\u00e9ricaine Les entit\u00e9s des Services communautaires adventistes (ACS pour&#8230;<\/p>\n","protected":false},"author":3,"featured_media":57755,"comment_status":"open","ping_status":"closed","sticky":false,"template":"","format":"standard","meta":{"_acf_changed":false,"footnotes":""},"categories":[18,19],"tags":[],"class_list":["post-57831","post","type-post","status-publish","format-standard","has-post-thumbnail","hentry","category-nouvelles-de-leglise-mondiale","category-rss-francais"],"acf":[],"yoast_head":"<!-- This site is optimized with the Yoast SEO plugin v27.3 - https:\/\/yoast.com\/product\/yoast-seo-wordpress\/ -->\n<title>Affectation de 1,5 M$ aux banques alimentaires adventistes par la Division nord-am\u00e9ricaine - \u00c9glise Adventiste Du Septieme Jour - Inter Am\u00e9rique Division<\/title>\n<meta name=\"robots\" content=\"index, follow, max-snippet:-1, max-image-preview:large, max-video-preview:-1\" \/>\n<link rel=\"canonical\" href=\"https:\/\/interamerica.org\/fr\/2020\/04\/affectation-de-15-m-aux-banques-alimentaires-adventistes-par-la-division-nord-americaine\/\" \/>\n<meta property=\"og:locale\" content=\"fr_FR\" \/>\n<meta property=\"og:type\" content=\"article\" \/>\n<meta property=\"og:title\" content=\"Affectation de 1,5 M$ aux banques alimentaires adventistes par la Division nord-am\u00e9ricaine - \u00c9glise Adventiste Du Septieme Jour - Inter Am\u00e9rique Division\" \/>\n<meta property=\"og:description\" content=\"Le 20 avril 2020 | Columbia, Baltimore, \u00c9tats-Unis | Kimberly Luste Maran et le minist\u00e8re des Services communautaires de la Division nord-am\u00e9ricaine Les entit\u00e9s des Services communautaires adventistes (ACS pour...\" \/>\n<meta property=\"og:url\" content=\"https:\/\/interamerica.org\/fr\/2020\/04\/affectation-de-15-m-aux-banques-alimentaires-adventistes-par-la-division-nord-americaine\/\" \/>\n<meta property=\"og:site_name\" content=\"\u00c9glise Adventiste Du Septieme Jour - Inter Am\u00e9rique Division\" \/>\n<meta property=\"article:published_time\" content=\"2020-04-20T21:08:28+00:00\" \/>\n<meta property=\"article:modified_time\" content=\"2020-04-22T14:39:29+00:00\" \/>\n<meta property=\"og:image\" content=\"https:\/\/interamerica.org\/wp-content\/uploads\/2020\/04\/church-division-earmarks-million-to-support-adventist-food-pantries.jpg\" \/>\n\t<meta property=\"og:image:width\" content=\"1000\" \/>\n\t<meta property=\"og:image:height\" content=\"500\" \/>\n\t<meta property=\"og:image:type\" content=\"image\/jpeg\" \/>\n<meta name=\"author\" content=\"libna\" \/>\n<meta name=\"twitter:card\" content=\"summary_large_image\" \/>\n<meta name=\"twitter:label1\" content=\"\u00c9crit par\" \/>\n\t<meta name=\"twitter:data1\" content=\"libna\" \/>\n\t<meta name=\"twitter:label2\" content=\"Dur\u00e9e de lecture estim\u00e9e\" \/>\n\t<meta name=\"twitter:data2\" content=\"5 minutes\" \/>\n<script type=\"application\/ld+json\" class=\"yoast-schema-graph\">{\"@context\":\"https:\\\/\\\/schema.org\",\"@graph\":[{\"@type\":\"Article\",\"@id\":\"https:\\\/\\\/interamerica.org\\\/fr\\\/2020\\\/04\\\/affectation-de-15-m-aux-banques-alimentaires-adventistes-par-la-division-nord-americaine\\\/#article\",\"isPartOf\":{\"@id\":\"https:\\\/\\\/interamerica.org\\\/fr\\\/2020\\\/04\\\/affectation-de-15-m-aux-banques-alimentaires-adventistes-par-la-division-nord-americaine\\\/\"},\"author\":{\"name\":\"libna\",\"@id\":\"https:\\\/\\\/interamerica.org\\\/fr\\\/#\\\/schema\\\/person\\\/29998f2bc2d8bd0d38662909289b54f1\"},\"headline\":\"Affectation de 1,5 M$ aux banques alimentaires adventistes par la Division nord-am\u00e9ricaine\",\"datePublished\":\"2020-04-20T21:08:28+00:00\",\"dateModified\":\"2020-04-22T14:39:29+00:00\",\"mainEntityOfPage\":{\"@id\":\"https:\\\/\\\/interamerica.org\\\/fr\\\/2020\\\/04\\\/affectation-de-15-m-aux-banques-alimentaires-adventistes-par-la-division-nord-americaine\\\/\"},\"wordCount\":1099,\"commentCount\":0,\"image\":{\"@id\":\"https:\\\/\\\/interamerica.org\\\/fr\\\/2020\\\/04\\\/affectation-de-15-m-aux-banques-alimentaires-adventistes-par-la-division-nord-americaine\\\/#primaryimage\"},\"thumbnailUrl\":\"https:\\\/\\\/interamerica.org\\\/wp-content\\\/uploads\\\/2020\\\/04\\\/church-division-earmarks-million-to-support-adventist-food-pantries.jpg\",\"articleSection\":[\"Nouvelles de l'\u00c9glise mondiale\",\"RSS Fran\u00e7ais\"],\"inLanguage\":\"fr-FR\",\"potentialAction\":[{\"@type\":\"CommentAction\",\"name\":\"Comment\",\"target\":[\"https:\\\/\\\/interamerica.org\\\/fr\\\/2020\\\/04\\\/affectation-de-15-m-aux-banques-alimentaires-adventistes-par-la-division-nord-americaine\\\/#respond\"]}]},{\"@type\":\"WebPage\",\"@id\":\"https:\\\/\\\/interamerica.org\\\/fr\\\/2020\\\/04\\\/affectation-de-15-m-aux-banques-alimentaires-adventistes-par-la-division-nord-americaine\\\/\",\"url\":\"https:\\\/\\\/interamerica.org\\\/fr\\\/2020\\\/04\\\/affectation-de-15-m-aux-banques-alimentaires-adventistes-par-la-division-nord-americaine\\\/\",\"name\":\"Affectation de 1,5 M$ aux banques alimentaires adventistes par la Division nord-am\u00e9ricaine - \u00c9glise Adventiste Du Septieme Jour - Inter Am\u00e9rique Division\",\"isPartOf\":{\"@id\":\"https:\\\/\\\/interamerica.org\\\/fr\\\/#website\"},\"primaryImageOfPage\":{\"@id\":\"https:\\\/\\\/interamerica.org\\\/fr\\\/2020\\\/04\\\/affectation-de-15-m-aux-banques-alimentaires-adventistes-par-la-division-nord-americaine\\\/#primaryimage\"},\"image\":{\"@id\":\"https:\\\/\\\/interamerica.org\\\/fr\\\/2020\\\/04\\\/affectation-de-15-m-aux-banques-alimentaires-adventistes-par-la-division-nord-americaine\\\/#primaryimage\"},\"thumbnailUrl\":\"https:\\\/\\\/interamerica.org\\\/wp-content\\\/uploads\\\/2020\\\/04\\\/church-division-earmarks-million-to-support-adventist-food-pantries.jpg\",\"datePublished\":\"2020-04-20T21:08:28+00:00\",\"dateModified\":\"2020-04-22T14:39:29+00:00\",\"author\":{\"@id\":\"https:\\\/\\\/interamerica.org\\\/fr\\\/#\\\/schema\\\/person\\\/29998f2bc2d8bd0d38662909289b54f1\"},\"breadcrumb\":{\"@id\":\"https:\\\/\\\/interamerica.org\\\/fr\\\/2020\\\/04\\\/affectation-de-15-m-aux-banques-alimentaires-adventistes-par-la-division-nord-americaine\\\/#breadcrumb\"},\"inLanguage\":\"fr-FR\",\"potentialAction\":[{\"@type\":\"ReadAction\",\"target\":[\"https:\\\/\\\/interamerica.org\\\/fr\\\/2020\\\/04\\\/affectation-de-15-m-aux-banques-alimentaires-adventistes-par-la-division-nord-americaine\\\/\"]}]},{\"@type\":\"ImageObject\",\"inLanguage\":\"fr-FR\",\"@id\":\"https:\\\/\\\/interamerica.org\\\/fr\\\/2020\\\/04\\\/affectation-de-15-m-aux-banques-alimentaires-adventistes-par-la-division-nord-americaine\\\/#primaryimage\",\"url\":\"https:\\\/\\\/interamerica.org\\\/wp-content\\\/uploads\\\/2020\\\/04\\\/church-division-earmarks-million-to-support-adventist-food-pantries.jpg\",\"contentUrl\":\"https:\\\/\\\/interamerica.org\\\/wp-content\\\/uploads\\\/2020\\\/04\\\/church-division-earmarks-million-to-support-adventist-food-pantries.jpg\",\"width\":1000,\"height\":500},{\"@type\":\"BreadcrumbList\",\"@id\":\"https:\\\/\\\/interamerica.org\\\/fr\\\/2020\\\/04\\\/affectation-de-15-m-aux-banques-alimentaires-adventistes-par-la-division-nord-americaine\\\/#breadcrumb\",\"itemListElement\":[{\"@type\":\"ListItem\",\"position\":1,\"name\":\"Home\",\"item\":\"https:\\\/\\\/interamerica.org\\\/fr\\\/\"},{\"@type\":\"ListItem\",\"position\":2,\"name\":\"Affectation de 1,5 M$ aux banques alimentaires adventistes par la Division nord-am\u00e9ricaine\"}]},{\"@type\":\"WebSite\",\"@id\":\"https:\\\/\\\/interamerica.org\\\/fr\\\/#website\",\"url\":\"https:\\\/\\\/interamerica.org\\\/fr\\\/\",\"name\":\"\u00c9glise Adventiste Du Septieme Jour - Inter Am\u00e9rique Division\",\"description\":\"\",\"potentialAction\":[{\"@type\":\"SearchAction\",\"target\":{\"@type\":\"EntryPoint\",\"urlTemplate\":\"https:\\\/\\\/interamerica.org\\\/fr\\\/?s={search_term_string}\"},\"query-input\":{\"@type\":\"PropertyValueSpecification\",\"valueRequired\":true,\"valueName\":\"search_term_string\"}}],\"inLanguage\":\"fr-FR\"},{\"@type\":\"Person\",\"@id\":\"https:\\\/\\\/interamerica.org\\\/fr\\\/#\\\/schema\\\/person\\\/29998f2bc2d8bd0d38662909289b54f1\",\"name\":\"libna\",\"image\":{\"@type\":\"ImageObject\",\"inLanguage\":\"fr-FR\",\"@id\":\"https:\\\/\\\/secure.gravatar.com\\\/avatar\\\/7c5bd30ae4b47a9ba3c856590957fd1d96dc588bf3ac05719d247e126840331f?s=96&d=mm&r=g\",\"url\":\"https:\\\/\\\/secure.gravatar.com\\\/avatar\\\/7c5bd30ae4b47a9ba3c856590957fd1d96dc588bf3ac05719d247e126840331f?s=96&d=mm&r=g\",\"contentUrl\":\"https:\\\/\\\/secure.gravatar.com\\\/avatar\\\/7c5bd30ae4b47a9ba3c856590957fd1d96dc588bf3ac05719d247e126840331f?s=96&d=mm&r=g\",\"caption\":\"libna\"}}]}<\/script>\n<!-- \/ Yoast SEO plugin. -->","yoast_head_json":{"title":"Affectation de 1,5 M$ aux banques alimentaires adventistes par la Division nord-am\u00e9ricaine - \u00c9glise Adventiste Du Septieme Jour - Inter Am\u00e9rique Division","robots":{"index":"index","follow":"follow","max-snippet":"max-snippet:-1","max-image-preview":"max-image-preview:large","max-video-preview":"max-video-preview:-1"},"canonical":"https:\/\/interamerica.org\/fr\/2020\/04\/affectation-de-15-m-aux-banques-alimentaires-adventistes-par-la-division-nord-americaine\/","og_locale":"fr_FR","og_type":"article","og_title":"Affectation de 1,5 M$ aux banques alimentaires adventistes par la Division nord-am\u00e9ricaine - \u00c9glise Adventiste Du Septieme Jour - Inter Am\u00e9rique Division","og_description":"Le 20 avril 2020 | Columbia, Baltimore, \u00c9tats-Unis | Kimberly Luste Maran et le minist\u00e8re des Services communautaires de la Division nord-am\u00e9ricaine Les entit\u00e9s des Services communautaires adventistes (ACS pour...","og_url":"https:\/\/interamerica.org\/fr\/2020\/04\/affectation-de-15-m-aux-banques-alimentaires-adventistes-par-la-division-nord-americaine\/","og_site_name":"\u00c9glise Adventiste Du Septieme Jour - Inter Am\u00e9rique Division","article_published_time":"2020-04-20T21:08:28+00:00","article_modified_time":"2020-04-22T14:39:29+00:00","og_image":[{"width":1000,"height":500,"url":"https:\/\/interamerica.org\/wp-content\/uploads\/2020\/04\/church-division-earmarks-million-to-support-adventist-food-pantries.jpg","type":"image\/jpeg"}],"author":"libna","twitter_card":"summary_large_image","twitter_misc":{"\u00c9crit par":"libna","Dur\u00e9e de lecture estim\u00e9e":"5 minutes"},"schema":{"@context":"https:\/\/schema.org","@graph":[{"@type":"Article","@id":"https:\/\/interamerica.org\/fr\/2020\/04\/affectation-de-15-m-aux-banques-alimentaires-adventistes-par-la-division-nord-americaine\/#article","isPartOf":{"@id":"https:\/\/interamerica.org\/fr\/2020\/04\/affectation-de-15-m-aux-banques-alimentaires-adventistes-par-la-division-nord-americaine\/"},"author":{"name":"libna","@id":"https:\/\/interamerica.org\/fr\/#\/schema\/person\/29998f2bc2d8bd0d38662909289b54f1"},"headline":"Affectation de 1,5 M$ aux banques alimentaires adventistes par la Division nord-am\u00e9ricaine","datePublished":"2020-04-20T21:08:28+00:00","dateModified":"2020-04-22T14:39:29+00:00","mainEntityOfPage":{"@id":"https:\/\/interamerica.org\/fr\/2020\/04\/affectation-de-15-m-aux-banques-alimentaires-adventistes-par-la-division-nord-americaine\/"},"wordCount":1099,"commentCount":0,"image":{"@id":"https:\/\/interamerica.org\/fr\/2020\/04\/affectation-de-15-m-aux-banques-alimentaires-adventistes-par-la-division-nord-americaine\/#primaryimage"},"thumbnailUrl":"https:\/\/interamerica.org\/wp-content\/uploads\/2020\/04\/church-division-earmarks-million-to-support-adventist-food-pantries.jpg","articleSection":["Nouvelles de l'\u00c9glise mondiale","RSS Fran\u00e7ais"],"inLanguage":"fr-FR","potentialAction":[{"@type":"CommentAction","name":"Comment","target":["https:\/\/interamerica.org\/fr\/2020\/04\/affectation-de-15-m-aux-banques-alimentaires-adventistes-par-la-division-nord-americaine\/#respond"]}]},{"@type":"WebPage","@id":"https:\/\/interamerica.org\/fr\/2020\/04\/affectation-de-15-m-aux-banques-alimentaires-adventistes-par-la-division-nord-americaine\/","url":"https:\/\/interamerica.org\/fr\/2020\/04\/affectation-de-15-m-aux-banques-alimentaires-adventistes-par-la-division-nord-americaine\/","name":"Affectation de 1,5 M$ aux banques alimentaires adventistes par la Division nord-am\u00e9ricaine - \u00c9glise Adventiste Du Septieme Jour - Inter Am\u00e9rique Division","isPartOf":{"@id":"https:\/\/interamerica.org\/fr\/#website"},"primaryImageOfPage":{"@id":"https:\/\/interamerica.org\/fr\/2020\/04\/affectation-de-15-m-aux-banques-alimentaires-adventistes-par-la-division-nord-americaine\/#primaryimage"},"image":{"@id":"https:\/\/interamerica.org\/fr\/2020\/04\/affectation-de-15-m-aux-banques-alimentaires-adventistes-par-la-division-nord-americaine\/#primaryimage"},"thumbnailUrl":"https:\/\/interamerica.org\/wp-content\/uploads\/2020\/04\/church-division-earmarks-million-to-support-adventist-food-pantries.jpg","datePublished":"2020-04-20T21:08:28+00:00","dateModified":"2020-04-22T14:39:29+00:00","author":{"@id":"https:\/\/interamerica.org\/fr\/#\/schema\/person\/29998f2bc2d8bd0d38662909289b54f1"},"breadcrumb":{"@id":"https:\/\/interamerica.org\/fr\/2020\/04\/affectation-de-15-m-aux-banques-alimentaires-adventistes-par-la-division-nord-americaine\/#breadcrumb"},"inLanguage":"fr-FR","potentialAction":[{"@type":"ReadAction","target":["https:\/\/interamerica.org\/fr\/2020\/04\/affectation-de-15-m-aux-banques-alimentaires-adventistes-par-la-division-nord-americaine\/"]}]},{"@type":"ImageObject","inLanguage":"fr-FR","@id":"https:\/\/interamerica.org\/fr\/2020\/04\/affectation-de-15-m-aux-banques-alimentaires-adventistes-par-la-division-nord-americaine\/#primaryimage","url":"https:\/\/interamerica.org\/wp-content\/uploads\/2020\/04\/church-division-earmarks-million-to-support-adventist-food-pantries.jpg","contentUrl":"https:\/\/interamerica.org\/wp-content\/uploads\/2020\/04\/church-division-earmarks-million-to-support-adventist-food-pantries.jpg","width":1000,"height":500},{"@type":"BreadcrumbList","@id":"https:\/\/interamerica.org\/fr\/2020\/04\/affectation-de-15-m-aux-banques-alimentaires-adventistes-par-la-division-nord-americaine\/#breadcrumb","itemListElement":[{"@type":"ListItem","position":1,"name":"Home","item":"https:\/\/interamerica.org\/fr\/"},{"@type":"ListItem","position":2,"name":"Affectation de 1,5 M$ aux banques alimentaires adventistes par la Division nord-am\u00e9ricaine"}]},{"@type":"WebSite","@id":"https:\/\/interamerica.org\/fr\/#website","url":"https:\/\/interamerica.org\/fr\/","name":"\u00c9glise Adventiste Du Septieme Jour - Inter Am\u00e9rique Division","description":"","potentialAction":[{"@type":"SearchAction","target":{"@type":"EntryPoint","urlTemplate":"https:\/\/interamerica.org\/fr\/?s={search_term_string}"},"query-input":{"@type":"PropertyValueSpecification","valueRequired":true,"valueName":"search_term_string"}}],"inLanguage":"fr-FR"},{"@type":"Person","@id":"https:\/\/interamerica.org\/fr\/#\/schema\/person\/29998f2bc2d8bd0d38662909289b54f1","name":"libna","image":{"@type":"ImageObject","inLanguage":"fr-FR","@id":"https:\/\/secure.gravatar.com\/avatar\/7c5bd30ae4b47a9ba3c856590957fd1d96dc588bf3ac05719d247e126840331f?s=96&d=mm&r=g","url":"https:\/\/secure.gravatar.com\/avatar\/7c5bd30ae4b47a9ba3c856590957fd1d96dc588bf3ac05719d247e126840331f?s=96&d=mm&r=g","contentUrl":"https:\/\/secure.gravatar.com\/avatar\/7c5bd30ae4b47a9ba3c856590957fd1d96dc588bf3ac05719d247e126840331f?s=96&d=mm&r=g","caption":"libna"}}]}},"_links":{"self":[{"href":"https:\/\/interamerica.org\/fr\/wp-json\/wp\/v2\/posts\/57831","targetHints":{"allow":["GET"]}}],"collection":[{"href":"https:\/\/interamerica.org\/fr\/wp-json\/wp\/v2\/posts"}],"about":[{"href":"https:\/\/interamerica.org\/fr\/wp-json\/wp\/v2\/types\/post"}],"author":[{"embeddable":true,"href":"https:\/\/interamerica.org\/fr\/wp-json\/wp\/v2\/users\/3"}],"replies":[{"embeddable":true,"href":"https:\/\/interamerica.org\/fr\/wp-json\/wp\/v2\/comments?post=57831"}],"version-history":[{"count":0,"href":"https:\/\/interamerica.org\/fr\/wp-json\/wp\/v2\/posts\/57831\/revisions"}],"wp:featuredmedia":[{"embeddable":true,"href":"https:\/\/interamerica.org\/fr\/wp-json\/wp\/v2\/media\/57755"}],"wp:attachment":[{"href":"https:\/\/interamerica.org\/fr\/wp-json\/wp\/v2\/media?parent=57831"}],"wp:term":[{"taxonomy":"category","embeddable":true,"href":"https:\/\/interamerica.org\/fr\/wp-json\/wp\/v2\/categories?post=57831"},{"taxonomy":"post_tag","embeddable":true,"href":"https:\/\/interamerica.org\/fr\/wp-json\/wp\/v2\/tags?post=57831"}],"curies":[{"name":"wp","href":"https:\/\/api.w.org\/{rel}","templated":true}]}}