{"id":57887,"date":"2020-04-21T22:05:00","date_gmt":"2020-04-22T02:05:00","guid":{"rendered":"https:\/\/recursing-golick.147-182-135-0.plesk.page\/?p=57887"},"modified":"2020-04-22T08:18:49","modified_gmt":"2020-04-22T12:18:49","slug":"distribution-de-nourriture-a-des-centaines-de-familles-vulnerables-par-adra-colombie","status":"publish","type":"post","link":"https:\/\/interamerica.org\/fr\/2020\/04\/distribution-de-nourriture-a-des-centaines-de-familles-vulnerables-par-adra-colombie\/","title":{"rendered":"Distribution de nourriture \u00e0 des centaines de familles vuln\u00e9rables par ADRA Colombie"},"content":{"rendered":"<div style=\"width: 810px\" class=\"wp-caption aligncenter\"><img fetchpriority=\"high\" decoding=\"async\" class=\"\" src=\"https:\/\/recursing-golick.147-182-135-0.plesk.page\/wp-content\/uploads\/2020\/04\/adra-colombia-car-distribution-1-1024x640.jpg\" alt=\"\" width=\"800\" height=\"500\" \/><p class=\"wp-caption-text\">Des membres de l\u2019\u00c9quipe de secours adventiste GARSA contribuent \u00e0 la distribution de nourriture d\u2019ADRA Colombie qui a eu lieu du 4 au 14 avril derniers \u00e0 C\u00facuta, en Colombie. Des dizaines d\u2019adventistes ont fait don de leurs r\u00e9coltes et de denr\u00e9es alimentaires pour nourrir des familles vuln\u00e9rables affect\u00e9es par le ch\u00f4mage qu\u2019a entra\u00een\u00e9 la pand\u00e9mie. Une photo d\u2019ADRA Colombie.<\/p><\/div>\n<p>Le 21 avril 2020 | Medell\u00edn, Colombie | Daniel Arrieta\/D\u00e9partement de l\u2019information de la Division interam\u00e9ricaine<\/p>\n<p>Des adventistes du septi\u00e8me jour de tout le nord de la Colombie ont r\u00e9serv\u00e9 de leurs r\u00e9coltes, ressources et biens pour en faire des dons \u00e0 des centaines de familles aux besoins les plus criants de C\u00facuta, ville pr\u00e8s de la fronti\u00e8re avec le Venezuela qui compte de nombreuses familles \u00e0 faible revenu. Plus de neuf tonnes de nourriture ont \u00e9t\u00e9 recueillies et distribu\u00e9es \u00e0 500 familles entre le 4 et le 14 avril derniers. L\u2019activit\u00e9 a \u00e9t\u00e9 coordonn\u00e9e par l\u2019Agence de d\u00e9veloppement et de secours adventiste (ADRA) en Colombie.<\/p>\n<p>D\u2019apr\u00e8s les dirigeants de l\u2019\u00c9glise, une grande partie des dons provenant des r\u00e9coltes venaient d\u2019adventistes propri\u00e9taires de plantations \u00e0 la grandeur du pays. D\u2019autres dons et fonds d\u2019ADRA Colombie ont \u00e9galement fait partie du projet.<\/p>\n<p>\u00ab\u00a0Nous \u00e9tions si heureux lorsque des membres de l\u2019\u00c9glise du district municipal d\u2019Arauca ont envoy\u00e9 autant de produits de leurs r\u00e9coltes pour aider des gens dont les besoins sont pressants\u00a0\u00bb, a dit Cesar Saldarriaga, coordonnateur d\u2019ADRA dans la r\u00e9gion du nord-est \u00e0 C\u00facuta.<\/p>\n<div style=\"width: 518px\" class=\"wp-caption aligncenter\"><img decoding=\"async\" class=\"\" src=\"https:\/\/recursing-golick.147-182-135-0.plesk.page\/wp-content\/uploads\/2020\/04\/adra-colombia-food-distribution2-1.jpg\" alt=\"\" width=\"508\" height=\"609\" \/><p class=\"wp-caption-text\">Un b\u00e9n\u00e9vole d\u2019ADRA remet de la nourriture \u00e0 une personne dans le besoin de C\u00facuta. Une photo d\u2019ADRA Colombie.<\/p><\/div>\n<p>Jair Fl\u00f3rez, directeur d\u2019ADRA Colombie, qui a coordonn\u00e9 plusieurs projets avec ADRA au profit des communaut\u00e9s d\u00e9munies du pays en collaboration avec le gouvernement, a dit qu\u2019un r\u00e9cent sondage gouvernemental men\u00e9 entre novembre 2019 et janvier 2020 a r\u00e9v\u00e9l\u00e9 que 46,6\u00a0% des habitants de 23 villes et r\u00e9gions m\u00e9tropolitaines du pays sont priv\u00e9s d\u2019un revenu stable. Ils vivent plut\u00f4t au jour le jour de produits qu\u2019ils vendent dans la rue.<\/p>\n<p>\u00ab\u00a0Nous savons que ces statistiques comprennent de nombreux membres de l\u2019\u00c9glise et de la population qui ont besoin d\u2019aide humanitaire durant les mesures d\u2019isolement r\u00e9cemment d\u00e9cr\u00e9t\u00e9es par le gouvernement national\u00a0\u00bb, a dit M.\u00a0Fl\u00f3rez.<\/p>\n<p>Il a \u00e9galement expliqu\u00e9 que, plus t\u00f4t le mois dernier, l\u2019\u00c9glise adventiste a mis sur pied un comit\u00e9 sp\u00e9cial de 15 personnes charg\u00e9es de s\u2019occuper de l\u2019urgence sanitaire et de surveiller le d\u00e9veloppement de la pand\u00e9mie dans le pays.<\/p>\n<div style=\"width: 809px\" class=\"wp-caption aligncenter\"><img decoding=\"async\" class=\"\" src=\"https:\/\/recursing-golick.147-182-135-0.plesk.page\/wp-content\/uploads\/2020\/04\/adra-colombia-plantains-1.jpg\" alt=\"\" width=\"799\" height=\"600\" \/><p class=\"wp-caption-text\">Un b\u00e9n\u00e9vole d\u2019ADRA Colombie et de nombreux sacs de plantains offerts par un membre d\u2019\u00e9glise propri\u00e9taire d\u2019une plantation pour les familles d\u00e9munies de C\u00facuta, en Colombie. Une photo d\u2019ADRA Colombie.<\/p><\/div>\n<p>\u00ab\u00a0Depuis l\u2019arriv\u00e9e du virus en Colombie, le gouvernement a \u00e9mis pr\u00e8s de 37 r\u00e8gles relatives \u00e0 la distribution de biens que nous avons bien l\u2019intention de suivre pour prot\u00e9ger la population ainsi que nos membres\u00a0\u00bb, a-t-il ajout\u00e9.<\/p>\n<p>C\u2019est donc munis de tout l\u2019\u00e9quipement de protection requis que les b\u00e9n\u00e9voles d\u2019ADRA ont distribu\u00e9 de la nourriture, d\u2019autres produits, des bons d\u2019achat de supermarch\u00e9s ainsi que des dons en argent.<\/p>\n<p>Le pasteur Mauricio Buitrago, directeur des minist\u00e8res de la Sant\u00e9 de l\u2019\u00c9glise nord-colombienne, a remerci\u00e9 les membres qui se sont r\u00e9unis pour b\u00e9nir d\u2019autres personnes pendant la pand\u00e9mie. \u00ab\u00a0Nous rendons \u00e0 Dieu tout l\u2019honneur et toute la gloire, car c\u2019est lui qui a fourni les ressources afin que nous puissions aider plus de familles \u00e0 ce moment-ci. Nous sommes l\u00e0 pour aider les autres.\u00a0\u00bb<\/p>\n<p>D\u2019apr\u00e8s le slogan du projet, \u00ab\u00a0Restez \u00e0 la maison\u00a0\u00bb, ADRA Colombie compte continuer, au cours des prochaines semaines, d\u2019appeler les membres de l\u2019\u00c9glise \u00e0 participer \u00e0 cet effort d\u2019aide aux familles n\u00e9cessiteuses.<\/p>\n<div style=\"width: 810px\" class=\"wp-caption aligncenter\"><img loading=\"lazy\" decoding=\"async\" class=\"\" src=\"https:\/\/recursing-golick.147-182-135-0.plesk.page\/wp-content\/uploads\/2020\/04\/adra-colombia-warehouse-1024x640.jpg\" alt=\"\" width=\"800\" height=\"500\" \/><p class=\"wp-caption-text\">Des membres d\u2019\u00e9glise b\u00e9n\u00e9voles trient de la nourriture avant d\u2019assembler des paniers pour plus de 500 familles dans le besoin \u00e0 C\u00facuta, en Colombie. Une photo d\u2019ADRA Colombie.<\/p><\/div>\n<p>\u00ab\u00a0Nous savons que cet \u00e9tat d\u2019urgence durera plus longtemps que la p\u00e9riode pour laquelle l\u2019\u00c9glise est pr\u00e9par\u00e9e, a dit M.\u00a0Fl\u00f3rez. Mais avec ADRA et l\u2019\u00c9glise, nous sommes d\u00e9termin\u00e9s \u00e0 continuer de chercher des ressources afin de soutenir les familles les plus vuln\u00e9rables.\u00a0\u00bb<\/p>\n<p>Traduction : Marie-Mich\u00e8le Robitaille<\/p>\n","protected":false},"excerpt":{"rendered":"<p>Le 21 avril 2020 | Medell\u00edn, Colombie | Daniel Arrieta\/D\u00e9partement de l\u2019information de la Division interam\u00e9ricaine Des adventistes du septi\u00e8me jour de tout le nord de la Colombie ont r\u00e9serv\u00e9&#8230;<\/p>\n","protected":false},"author":3,"featured_media":57893,"comment_status":"open","ping_status":"closed","sticky":false,"template":"","format":"standard","meta":{"_acf_changed":false,"footnotes":""},"categories":[21,19],"tags":[],"class_list":["post-57887","post","type-post","status-publish","format-standard","has-post-thumbnail","hentry","category-nouvelles-du-territoire","category-rss-francais"],"acf":[],"yoast_head":"<!-- This site is optimized with the Yoast SEO plugin v27.3 - https:\/\/yoast.com\/product\/yoast-seo-wordpress\/ -->\n<title>Distribution de nourriture \u00e0 des centaines de familles vuln\u00e9rables par ADRA Colombie - \u00c9glise Adventiste Du Septieme Jour - Inter Am\u00e9rique Division<\/title>\n<meta name=\"robots\" content=\"index, follow, max-snippet:-1, max-image-preview:large, max-video-preview:-1\" \/>\n<link rel=\"canonical\" href=\"https:\/\/interamerica.org\/fr\/2020\/04\/distribution-de-nourriture-a-des-centaines-de-familles-vulnerables-par-adra-colombie\/\" \/>\n<meta property=\"og:locale\" content=\"fr_FR\" \/>\n<meta property=\"og:type\" content=\"article\" \/>\n<meta property=\"og:title\" content=\"Distribution de nourriture \u00e0 des centaines de familles vuln\u00e9rables par ADRA Colombie - \u00c9glise Adventiste Du Septieme Jour - Inter Am\u00e9rique Division\" \/>\n<meta property=\"og:description\" content=\"Le 21 avril 2020 | Medell\u00edn, Colombie | Daniel Arrieta\/D\u00e9partement de l\u2019information de la Division interam\u00e9ricaine Des adventistes du septi\u00e8me jour de tout le nord de la Colombie ont r\u00e9serv\u00e9...\" \/>\n<meta property=\"og:url\" content=\"https:\/\/interamerica.org\/fr\/2020\/04\/distribution-de-nourriture-a-des-centaines-de-familles-vulnerables-par-adra-colombie\/\" \/>\n<meta property=\"og:site_name\" content=\"\u00c9glise Adventiste Du Septieme Jour - Inter Am\u00e9rique Division\" \/>\n<meta property=\"article:published_time\" content=\"2020-04-22T02:05:00+00:00\" \/>\n<meta property=\"article:modified_time\" content=\"2020-04-22T12:18:49+00:00\" \/>\n<meta property=\"og:image\" content=\"https:\/\/interamerica.org\/wp-content\/uploads\/2020\/04\/adra-colombia-car-distribution-1280.jpg\" \/>\n\t<meta property=\"og:image:width\" content=\"1050\" \/>\n\t<meta property=\"og:image:height\" content=\"656\" \/>\n\t<meta property=\"og:image:type\" content=\"image\/jpeg\" \/>\n<meta name=\"author\" content=\"libna\" \/>\n<meta name=\"twitter:card\" content=\"summary_large_image\" \/>\n<meta name=\"twitter:label1\" content=\"\u00c9crit par\" \/>\n\t<meta name=\"twitter:data1\" content=\"libna\" \/>\n\t<meta name=\"twitter:label2\" content=\"Dur\u00e9e de lecture estim\u00e9e\" \/>\n\t<meta name=\"twitter:data2\" content=\"4 minutes\" \/>\n<script type=\"application\/ld+json\" class=\"yoast-schema-graph\">{\"@context\":\"https:\\\/\\\/schema.org\",\"@graph\":[{\"@type\":\"Article\",\"@id\":\"https:\\\/\\\/interamerica.org\\\/fr\\\/2020\\\/04\\\/distribution-de-nourriture-a-des-centaines-de-familles-vulnerables-par-adra-colombie\\\/#article\",\"isPartOf\":{\"@id\":\"https:\\\/\\\/interamerica.org\\\/fr\\\/2020\\\/04\\\/distribution-de-nourriture-a-des-centaines-de-familles-vulnerables-par-adra-colombie\\\/\"},\"author\":{\"name\":\"libna\",\"@id\":\"https:\\\/\\\/interamerica.org\\\/fr\\\/#\\\/schema\\\/person\\\/29998f2bc2d8bd0d38662909289b54f1\"},\"headline\":\"Distribution de nourriture \u00e0 des centaines de familles vuln\u00e9rables par ADRA Colombie\",\"datePublished\":\"2020-04-22T02:05:00+00:00\",\"dateModified\":\"2020-04-22T12:18:49+00:00\",\"mainEntityOfPage\":{\"@id\":\"https:\\\/\\\/interamerica.org\\\/fr\\\/2020\\\/04\\\/distribution-de-nourriture-a-des-centaines-de-familles-vulnerables-par-adra-colombie\\\/\"},\"wordCount\":810,\"commentCount\":0,\"image\":{\"@id\":\"https:\\\/\\\/interamerica.org\\\/fr\\\/2020\\\/04\\\/distribution-de-nourriture-a-des-centaines-de-familles-vulnerables-par-adra-colombie\\\/#primaryimage\"},\"thumbnailUrl\":\"https:\\\/\\\/interamerica.org\\\/wp-content\\\/uploads\\\/2020\\\/04\\\/adra-colombia-car-distribution-1280.jpg\",\"articleSection\":[\"Nouvelles du territoire\",\"RSS Fran\u00e7ais\"],\"inLanguage\":\"fr-FR\",\"potentialAction\":[{\"@type\":\"CommentAction\",\"name\":\"Comment\",\"target\":[\"https:\\\/\\\/interamerica.org\\\/fr\\\/2020\\\/04\\\/distribution-de-nourriture-a-des-centaines-de-familles-vulnerables-par-adra-colombie\\\/#respond\"]}]},{\"@type\":\"WebPage\",\"@id\":\"https:\\\/\\\/interamerica.org\\\/fr\\\/2020\\\/04\\\/distribution-de-nourriture-a-des-centaines-de-familles-vulnerables-par-adra-colombie\\\/\",\"url\":\"https:\\\/\\\/interamerica.org\\\/fr\\\/2020\\\/04\\\/distribution-de-nourriture-a-des-centaines-de-familles-vulnerables-par-adra-colombie\\\/\",\"name\":\"Distribution de nourriture \u00e0 des centaines de familles vuln\u00e9rables par ADRA Colombie - \u00c9glise Adventiste Du Septieme Jour - Inter Am\u00e9rique Division\",\"isPartOf\":{\"@id\":\"https:\\\/\\\/interamerica.org\\\/fr\\\/#website\"},\"primaryImageOfPage\":{\"@id\":\"https:\\\/\\\/interamerica.org\\\/fr\\\/2020\\\/04\\\/distribution-de-nourriture-a-des-centaines-de-familles-vulnerables-par-adra-colombie\\\/#primaryimage\"},\"image\":{\"@id\":\"https:\\\/\\\/interamerica.org\\\/fr\\\/2020\\\/04\\\/distribution-de-nourriture-a-des-centaines-de-familles-vulnerables-par-adra-colombie\\\/#primaryimage\"},\"thumbnailUrl\":\"https:\\\/\\\/interamerica.org\\\/wp-content\\\/uploads\\\/2020\\\/04\\\/adra-colombia-car-distribution-1280.jpg\",\"datePublished\":\"2020-04-22T02:05:00+00:00\",\"dateModified\":\"2020-04-22T12:18:49+00:00\",\"author\":{\"@id\":\"https:\\\/\\\/interamerica.org\\\/fr\\\/#\\\/schema\\\/person\\\/29998f2bc2d8bd0d38662909289b54f1\"},\"breadcrumb\":{\"@id\":\"https:\\\/\\\/interamerica.org\\\/fr\\\/2020\\\/04\\\/distribution-de-nourriture-a-des-centaines-de-familles-vulnerables-par-adra-colombie\\\/#breadcrumb\"},\"inLanguage\":\"fr-FR\",\"potentialAction\":[{\"@type\":\"ReadAction\",\"target\":[\"https:\\\/\\\/interamerica.org\\\/fr\\\/2020\\\/04\\\/distribution-de-nourriture-a-des-centaines-de-familles-vulnerables-par-adra-colombie\\\/\"]}]},{\"@type\":\"ImageObject\",\"inLanguage\":\"fr-FR\",\"@id\":\"https:\\\/\\\/interamerica.org\\\/fr\\\/2020\\\/04\\\/distribution-de-nourriture-a-des-centaines-de-familles-vulnerables-par-adra-colombie\\\/#primaryimage\",\"url\":\"https:\\\/\\\/interamerica.org\\\/wp-content\\\/uploads\\\/2020\\\/04\\\/adra-colombia-car-distribution-1280.jpg\",\"contentUrl\":\"https:\\\/\\\/interamerica.org\\\/wp-content\\\/uploads\\\/2020\\\/04\\\/adra-colombia-car-distribution-1280.jpg\",\"width\":1050,\"height\":656},{\"@type\":\"BreadcrumbList\",\"@id\":\"https:\\\/\\\/interamerica.org\\\/fr\\\/2020\\\/04\\\/distribution-de-nourriture-a-des-centaines-de-familles-vulnerables-par-adra-colombie\\\/#breadcrumb\",\"itemListElement\":[{\"@type\":\"ListItem\",\"position\":1,\"name\":\"Home\",\"item\":\"https:\\\/\\\/interamerica.org\\\/fr\\\/\"},{\"@type\":\"ListItem\",\"position\":2,\"name\":\"Distribution de nourriture \u00e0 des centaines de familles vuln\u00e9rables par ADRA Colombie\"}]},{\"@type\":\"WebSite\",\"@id\":\"https:\\\/\\\/interamerica.org\\\/fr\\\/#website\",\"url\":\"https:\\\/\\\/interamerica.org\\\/fr\\\/\",\"name\":\"\u00c9glise Adventiste Du Septieme Jour - Inter Am\u00e9rique Division\",\"description\":\"\",\"potentialAction\":[{\"@type\":\"SearchAction\",\"target\":{\"@type\":\"EntryPoint\",\"urlTemplate\":\"https:\\\/\\\/interamerica.org\\\/fr\\\/?s={search_term_string}\"},\"query-input\":{\"@type\":\"PropertyValueSpecification\",\"valueRequired\":true,\"valueName\":\"search_term_string\"}}],\"inLanguage\":\"fr-FR\"},{\"@type\":\"Person\",\"@id\":\"https:\\\/\\\/interamerica.org\\\/fr\\\/#\\\/schema\\\/person\\\/29998f2bc2d8bd0d38662909289b54f1\",\"name\":\"libna\",\"image\":{\"@type\":\"ImageObject\",\"inLanguage\":\"fr-FR\",\"@id\":\"https:\\\/\\\/secure.gravatar.com\\\/avatar\\\/7c5bd30ae4b47a9ba3c856590957fd1d96dc588bf3ac05719d247e126840331f?s=96&d=mm&r=g\",\"url\":\"https:\\\/\\\/secure.gravatar.com\\\/avatar\\\/7c5bd30ae4b47a9ba3c856590957fd1d96dc588bf3ac05719d247e126840331f?s=96&d=mm&r=g\",\"contentUrl\":\"https:\\\/\\\/secure.gravatar.com\\\/avatar\\\/7c5bd30ae4b47a9ba3c856590957fd1d96dc588bf3ac05719d247e126840331f?s=96&d=mm&r=g\",\"caption\":\"libna\"}}]}<\/script>\n<!-- \/ Yoast SEO plugin. -->","yoast_head_json":{"title":"Distribution de nourriture \u00e0 des centaines de familles vuln\u00e9rables par ADRA Colombie - \u00c9glise Adventiste Du Septieme Jour - Inter Am\u00e9rique Division","robots":{"index":"index","follow":"follow","max-snippet":"max-snippet:-1","max-image-preview":"max-image-preview:large","max-video-preview":"max-video-preview:-1"},"canonical":"https:\/\/interamerica.org\/fr\/2020\/04\/distribution-de-nourriture-a-des-centaines-de-familles-vulnerables-par-adra-colombie\/","og_locale":"fr_FR","og_type":"article","og_title":"Distribution de nourriture \u00e0 des centaines de familles vuln\u00e9rables par ADRA Colombie - \u00c9glise Adventiste Du Septieme Jour - Inter Am\u00e9rique Division","og_description":"Le 21 avril 2020 | Medell\u00edn, Colombie | Daniel Arrieta\/D\u00e9partement de l\u2019information de la Division interam\u00e9ricaine Des adventistes du septi\u00e8me jour de tout le nord de la Colombie ont r\u00e9serv\u00e9...","og_url":"https:\/\/interamerica.org\/fr\/2020\/04\/distribution-de-nourriture-a-des-centaines-de-familles-vulnerables-par-adra-colombie\/","og_site_name":"\u00c9glise Adventiste Du Septieme Jour - Inter Am\u00e9rique Division","article_published_time":"2020-04-22T02:05:00+00:00","article_modified_time":"2020-04-22T12:18:49+00:00","og_image":[{"width":1050,"height":656,"url":"https:\/\/interamerica.org\/wp-content\/uploads\/2020\/04\/adra-colombia-car-distribution-1280.jpg","type":"image\/jpeg"}],"author":"libna","twitter_card":"summary_large_image","twitter_misc":{"\u00c9crit par":"libna","Dur\u00e9e de lecture estim\u00e9e":"4 minutes"},"schema":{"@context":"https:\/\/schema.org","@graph":[{"@type":"Article","@id":"https:\/\/interamerica.org\/fr\/2020\/04\/distribution-de-nourriture-a-des-centaines-de-familles-vulnerables-par-adra-colombie\/#article","isPartOf":{"@id":"https:\/\/interamerica.org\/fr\/2020\/04\/distribution-de-nourriture-a-des-centaines-de-familles-vulnerables-par-adra-colombie\/"},"author":{"name":"libna","@id":"https:\/\/interamerica.org\/fr\/#\/schema\/person\/29998f2bc2d8bd0d38662909289b54f1"},"headline":"Distribution de nourriture \u00e0 des centaines de familles vuln\u00e9rables par ADRA Colombie","datePublished":"2020-04-22T02:05:00+00:00","dateModified":"2020-04-22T12:18:49+00:00","mainEntityOfPage":{"@id":"https:\/\/interamerica.org\/fr\/2020\/04\/distribution-de-nourriture-a-des-centaines-de-familles-vulnerables-par-adra-colombie\/"},"wordCount":810,"commentCount":0,"image":{"@id":"https:\/\/interamerica.org\/fr\/2020\/04\/distribution-de-nourriture-a-des-centaines-de-familles-vulnerables-par-adra-colombie\/#primaryimage"},"thumbnailUrl":"https:\/\/interamerica.org\/wp-content\/uploads\/2020\/04\/adra-colombia-car-distribution-1280.jpg","articleSection":["Nouvelles du territoire","RSS Fran\u00e7ais"],"inLanguage":"fr-FR","potentialAction":[{"@type":"CommentAction","name":"Comment","target":["https:\/\/interamerica.org\/fr\/2020\/04\/distribution-de-nourriture-a-des-centaines-de-familles-vulnerables-par-adra-colombie\/#respond"]}]},{"@type":"WebPage","@id":"https:\/\/interamerica.org\/fr\/2020\/04\/distribution-de-nourriture-a-des-centaines-de-familles-vulnerables-par-adra-colombie\/","url":"https:\/\/interamerica.org\/fr\/2020\/04\/distribution-de-nourriture-a-des-centaines-de-familles-vulnerables-par-adra-colombie\/","name":"Distribution de nourriture \u00e0 des centaines de familles vuln\u00e9rables par ADRA Colombie - \u00c9glise Adventiste Du Septieme Jour - Inter Am\u00e9rique Division","isPartOf":{"@id":"https:\/\/interamerica.org\/fr\/#website"},"primaryImageOfPage":{"@id":"https:\/\/interamerica.org\/fr\/2020\/04\/distribution-de-nourriture-a-des-centaines-de-familles-vulnerables-par-adra-colombie\/#primaryimage"},"image":{"@id":"https:\/\/interamerica.org\/fr\/2020\/04\/distribution-de-nourriture-a-des-centaines-de-familles-vulnerables-par-adra-colombie\/#primaryimage"},"thumbnailUrl":"https:\/\/interamerica.org\/wp-content\/uploads\/2020\/04\/adra-colombia-car-distribution-1280.jpg","datePublished":"2020-04-22T02:05:00+00:00","dateModified":"2020-04-22T12:18:49+00:00","author":{"@id":"https:\/\/interamerica.org\/fr\/#\/schema\/person\/29998f2bc2d8bd0d38662909289b54f1"},"breadcrumb":{"@id":"https:\/\/interamerica.org\/fr\/2020\/04\/distribution-de-nourriture-a-des-centaines-de-familles-vulnerables-par-adra-colombie\/#breadcrumb"},"inLanguage":"fr-FR","potentialAction":[{"@type":"ReadAction","target":["https:\/\/interamerica.org\/fr\/2020\/04\/distribution-de-nourriture-a-des-centaines-de-familles-vulnerables-par-adra-colombie\/"]}]},{"@type":"ImageObject","inLanguage":"fr-FR","@id":"https:\/\/interamerica.org\/fr\/2020\/04\/distribution-de-nourriture-a-des-centaines-de-familles-vulnerables-par-adra-colombie\/#primaryimage","url":"https:\/\/interamerica.org\/wp-content\/uploads\/2020\/04\/adra-colombia-car-distribution-1280.jpg","contentUrl":"https:\/\/interamerica.org\/wp-content\/uploads\/2020\/04\/adra-colombia-car-distribution-1280.jpg","width":1050,"height":656},{"@type":"BreadcrumbList","@id":"https:\/\/interamerica.org\/fr\/2020\/04\/distribution-de-nourriture-a-des-centaines-de-familles-vulnerables-par-adra-colombie\/#breadcrumb","itemListElement":[{"@type":"ListItem","position":1,"name":"Home","item":"https:\/\/interamerica.org\/fr\/"},{"@type":"ListItem","position":2,"name":"Distribution de nourriture \u00e0 des centaines de familles vuln\u00e9rables par ADRA Colombie"}]},{"@type":"WebSite","@id":"https:\/\/interamerica.org\/fr\/#website","url":"https:\/\/interamerica.org\/fr\/","name":"\u00c9glise Adventiste Du Septieme Jour - Inter Am\u00e9rique Division","description":"","potentialAction":[{"@type":"SearchAction","target":{"@type":"EntryPoint","urlTemplate":"https:\/\/interamerica.org\/fr\/?s={search_term_string}"},"query-input":{"@type":"PropertyValueSpecification","valueRequired":true,"valueName":"search_term_string"}}],"inLanguage":"fr-FR"},{"@type":"Person","@id":"https:\/\/interamerica.org\/fr\/#\/schema\/person\/29998f2bc2d8bd0d38662909289b54f1","name":"libna","image":{"@type":"ImageObject","inLanguage":"fr-FR","@id":"https:\/\/secure.gravatar.com\/avatar\/7c5bd30ae4b47a9ba3c856590957fd1d96dc588bf3ac05719d247e126840331f?s=96&d=mm&r=g","url":"https:\/\/secure.gravatar.com\/avatar\/7c5bd30ae4b47a9ba3c856590957fd1d96dc588bf3ac05719d247e126840331f?s=96&d=mm&r=g","contentUrl":"https:\/\/secure.gravatar.com\/avatar\/7c5bd30ae4b47a9ba3c856590957fd1d96dc588bf3ac05719d247e126840331f?s=96&d=mm&r=g","caption":"libna"}}]}},"_links":{"self":[{"href":"https:\/\/interamerica.org\/fr\/wp-json\/wp\/v2\/posts\/57887","targetHints":{"allow":["GET"]}}],"collection":[{"href":"https:\/\/interamerica.org\/fr\/wp-json\/wp\/v2\/posts"}],"about":[{"href":"https:\/\/interamerica.org\/fr\/wp-json\/wp\/v2\/types\/post"}],"author":[{"embeddable":true,"href":"https:\/\/interamerica.org\/fr\/wp-json\/wp\/v2\/users\/3"}],"replies":[{"embeddable":true,"href":"https:\/\/interamerica.org\/fr\/wp-json\/wp\/v2\/comments?post=57887"}],"version-history":[{"count":0,"href":"https:\/\/interamerica.org\/fr\/wp-json\/wp\/v2\/posts\/57887\/revisions"}],"wp:featuredmedia":[{"embeddable":true,"href":"https:\/\/interamerica.org\/fr\/wp-json\/wp\/v2\/media\/57893"}],"wp:attachment":[{"href":"https:\/\/interamerica.org\/fr\/wp-json\/wp\/v2\/media?parent=57887"}],"wp:term":[{"taxonomy":"category","embeddable":true,"href":"https:\/\/interamerica.org\/fr\/wp-json\/wp\/v2\/categories?post=57887"},{"taxonomy":"post_tag","embeddable":true,"href":"https:\/\/interamerica.org\/fr\/wp-json\/wp\/v2\/tags?post=57887"}],"curies":[{"name":"wp","href":"https:\/\/api.w.org\/{rel}","templated":true}]}}