{"id":57955,"date":"2020-04-22T21:55:45","date_gmt":"2020-04-23T01:55:45","guid":{"rendered":"https:\/\/recursing-golick.147-182-135-0.plesk.page\/?p=57955"},"modified":"2020-04-23T11:22:49","modified_gmt":"2020-04-23T15:22:49","slug":"sensibilisation-sur-la-pandemie-et-partage-despoir-en-haiti","status":"publish","type":"post","link":"https:\/\/interamerica.org\/fr\/2020\/04\/sensibilisation-sur-la-pandemie-et-partage-despoir-en-haiti\/","title":{"rendered":"Sensibilisation sur la pand\u00e9mie et partage d\u2019espoir en Ha\u00efti"},"content":{"rendered":"<div style=\"width: 812px\" class=\"wp-caption aligncenter\"><img fetchpriority=\"high\" decoding=\"async\" class=\"\" src=\"https:\/\/recursing-golick.147-182-135-0.plesk.page\/wp-content\/uploads\/2020\/04\/haiti-masks-pamphlets-1024x640.jpg\" alt=\"\" width=\"802\" height=\"501\" \/><p class=\"wp-caption-text\">Le 18 avril dernier, des jeunes de l\u2019\u00e9glise adventiste Horeb de Port-au-Prince, en Ha\u00efti, montrent \u00e0 des passants l\u2019importance de la bonne hygi\u00e8ne et leur remettent des pamphlets et des prospectus dans le cadre de la lutte contre la propagation du coronavirus. Le groupe s\u2019est concentr\u00e9 sur huit lieux pr\u00e9cis des rues principales de la Route des Dalles pour sensibiliser davantage de gens sur la hausse des cas de coronavirus au pays. Une photo de Pierre Robenson Saint-Louis.<\/p><\/div>\n<p>Le 22 avril 2020 | Port-au-Prince, Ha\u00efti | Jean Carmy F\u00e9lixon et le d\u00e9partement de l\u2019Information de la Division interam\u00e9ricaine<\/p>\n<p>Le weekend dernier, un groupe de jeunes de l\u2019\u00e9glise adventiste Horeb s\u2019est promen\u00e9 dans les rues principales de la Route des Dalles dans Port-au-Prince, capitale ha\u00eftienne, pour sensibiliser les passants sur les mesures pr\u00e9ventives n\u00e9cessaires \u00e0 la lutte contre la pand\u00e9mie de coronavirus.<\/p>\n<p>Les jeunes ont \u00e9galement distribu\u00e9 des prospectus du minist\u00e8re de la Sant\u00e9 publique, pr\u00e9sent\u00e9 les mesures pr\u00e9ventives, expliqu\u00e9 comment bien se laver les mains et distribu\u00e9 des masques ainsi que 500 copies du livre missionnaire de l\u2019ann\u00e9e, <em>Esp\u00e9rance au milieu du chaos<\/em>, de l\u2019\u00e9vang\u00e9liste adventiste Mark Finley.<\/p>\n<p>Les \u00e9glises, les \u00e9coles et la plupart des entreprises \u00e9tant ferm\u00e9es, les jeunes ont rev\u00eatu leurs uniformes d\u2019Explorateurs et de Chefs-Guides ainsi que des gants et des masques avant de passer quelques heures, le samedi 18 avril, sur huit diff\u00e9rents sites.<\/p>\n<div style=\"width: 809px\" class=\"wp-caption aligncenter\"><img decoding=\"async\" class=\"\" src=\"https:\/\/recursing-golick.147-182-135-0.plesk.page\/wp-content\/uploads\/2020\/04\/haiti-motorbike.jpg\" alt=\"\" width=\"799\" height=\"599\" \/><p class=\"wp-caption-text\">Un motocycliste tient le livre Esp\u00e9rance au milieu du chaos, de l\u2019\u00e9vang\u00e9liste adventiste Mark Finley, qui lui a \u00e9t\u00e9 offert par les jeunes de l\u2019\u00e9glise adventiste Horeb de Port-au-Prince. Ces derniers ont \u00e9galement distribu\u00e9 des prospectus sur la bonne hygi\u00e8ne et les mesures de distanciation sociale pour limiter la propagation du coronavirus. Une photo de Jean Carmy F\u00e9lixon.<\/p><\/div>\n<p>En date du 21 avril, le gouvernement ha\u00eftien rapportait un total de 57 cas positifs connus de coronavirus et trois d\u00e9c\u00e8s.<\/p>\n<p>\u00ab\u00a0Les jeunes voulaient vraiment donner de l\u2019espoir aux membres de leur communaut\u00e9 en ces temps de crise\u00a0\u00bb, a dit Caleb D\u00e9sir, ancien responsable du minist\u00e8re de jeunesse de l\u2019\u00e9glise adventiste Horeb qui a propos\u00e9 l\u2019id\u00e9e au groupe de jeunes. L\u2019initiative a \u00e9t\u00e9 financ\u00e9e par les membres de l\u2019\u00e9glise qui ont particip\u00e9 \u00e0 l\u2019achat des livres missionnaires et des masques pour l\u2019activit\u00e9 d\u2019apr\u00e8s-midi.<\/p>\n<p>Louandijie Charles, l\u2019une des jeunes participantes de l\u2019activit\u00e9, a racont\u00e9 qu\u2019un jeune homme d\u2019une autre confession chr\u00e9tienne \u00e9tait tellement impressionn\u00e9 par l\u2019initiative qu\u2019il voulait acheter les livres missionnaires et les ressources sur la sant\u00e9 pour son propre groupe de jeunes afin qu\u2019ils fassent la m\u00eame chose dans leur communaut\u00e9. \u00ab\u00a0Il \u00e9tait si enthousiaste et d\u00e9termin\u00e9 que nous lui avons donn\u00e9 tous les renseignements n\u00e9cessaires.\u00a0\u00bb<\/p>\n<p>Arafat Duclaire, pasteur de l\u2019\u00e9glise adventiste Horeb, a \u00e9galement dit que \u00ab\u00a0Les gens \u00e9taient si heureux de l\u2019initiative et ils ont demand\u00e9 des produits nettoyants, des masques et d\u2019autres articles servant \u00e0 contrer la pand\u00e9mie. Nous voyions que les gens \u00e9taient tr\u00e8s inquiets \u00e0 cause de l\u2019incertitude du coronavirus, alors nous avons fait ce que nous avons pu avec les ressources limit\u00e9es dont nous disposions.\u00a0\u00bb<\/p>\n<div style=\"width: 811px\" class=\"wp-caption aligncenter\"><img decoding=\"async\" class=\"\" src=\"https:\/\/recursing-golick.147-182-135-0.plesk.page\/wp-content\/uploads\/2020\/04\/haiti-pamphlet-kid.jpg\" alt=\"\" width=\"801\" height=\"601\" \/><p class=\"wp-caption-text\">Un gar\u00e7on se voit offrir du d\u00e9sinfectant \u00e0 mains et enseigner les mesures pr\u00e9ventives d\u2019hygi\u00e8ne pour lutter contre la propagation de la maladie \u00e0 coronavirus, la COVID-19. Une photo de Jean Carmy F\u00e9lixon.<\/p><\/div>\n<p>En p\u00e9riode de grande incertitude, de violence et d\u2019agitation politique, il \u00e9tait important pour les membres de cette \u00e9glise de partager de l\u2019espoir en des temps aussi difficiles. L\u2019\u00e9glise adventiste d\u2019Horeb compte plus de 700 fid\u00e8les.<\/p>\n<p>Traduction : Marie-Mich\u00e8le Robitaille<\/p>\n","protected":false},"excerpt":{"rendered":"<p>Le 22 avril 2020 | Port-au-Prince, Ha\u00efti | Jean Carmy F\u00e9lixon et le d\u00e9partement de l\u2019Information de la Division interam\u00e9ricaine Le weekend dernier, un groupe de jeunes de l\u2019\u00e9glise adventiste&#8230;<\/p>\n","protected":false},"author":3,"featured_media":57833,"comment_status":"open","ping_status":"closed","sticky":false,"template":"","format":"standard","meta":{"_acf_changed":false,"footnotes":""},"categories":[21,19],"tags":[],"class_list":["post-57955","post","type-post","status-publish","format-standard","has-post-thumbnail","hentry","category-nouvelles-du-territoire","category-rss-francais"],"acf":[],"yoast_head":"<!-- This site is optimized with the Yoast SEO plugin v27.3 - https:\/\/yoast.com\/product\/yoast-seo-wordpress\/ -->\n<title>Sensibilisation sur la pand\u00e9mie et partage d\u2019espoir en Ha\u00efti - \u00c9glise Adventiste Du Septieme Jour - Inter Am\u00e9rique Division<\/title>\n<meta name=\"robots\" content=\"index, follow, max-snippet:-1, max-image-preview:large, max-video-preview:-1\" \/>\n<link rel=\"canonical\" href=\"https:\/\/interamerica.org\/fr\/2020\/04\/sensibilisation-sur-la-pandemie-et-partage-despoir-en-haiti\/\" \/>\n<meta property=\"og:locale\" content=\"fr_FR\" \/>\n<meta property=\"og:type\" content=\"article\" \/>\n<meta property=\"og:title\" content=\"Sensibilisation sur la pand\u00e9mie et partage d\u2019espoir en Ha\u00efti - \u00c9glise Adventiste Du Septieme Jour - Inter Am\u00e9rique Division\" \/>\n<meta property=\"og:description\" content=\"Le 22 avril 2020 | Port-au-Prince, Ha\u00efti | Jean Carmy F\u00e9lixon et le d\u00e9partement de l\u2019Information de la Division interam\u00e9ricaine Le weekend dernier, un groupe de jeunes de l\u2019\u00e9glise adventiste...\" \/>\n<meta property=\"og:url\" content=\"https:\/\/interamerica.org\/fr\/2020\/04\/sensibilisation-sur-la-pandemie-et-partage-despoir-en-haiti\/\" \/>\n<meta property=\"og:site_name\" content=\"\u00c9glise Adventiste Du Septieme Jour - Inter Am\u00e9rique Division\" \/>\n<meta property=\"article:published_time\" content=\"2020-04-23T01:55:45+00:00\" \/>\n<meta property=\"article:modified_time\" content=\"2020-04-23T15:22:49+00:00\" \/>\n<meta property=\"og:image\" content=\"https:\/\/interamerica.org\/wp-content\/uploads\/2020\/04\/haiti-masks-pamphlets.jpg\" \/>\n\t<meta property=\"og:image:width\" content=\"1280\" \/>\n\t<meta property=\"og:image:height\" content=\"800\" \/>\n\t<meta property=\"og:image:type\" content=\"image\/jpeg\" \/>\n<meta name=\"author\" content=\"libna\" \/>\n<meta name=\"twitter:card\" content=\"summary_large_image\" \/>\n<meta name=\"twitter:label1\" content=\"\u00c9crit par\" \/>\n\t<meta name=\"twitter:data1\" content=\"libna\" \/>\n\t<meta name=\"twitter:label2\" content=\"Dur\u00e9e de lecture estim\u00e9e\" \/>\n\t<meta name=\"twitter:data2\" content=\"3 minutes\" \/>\n<script type=\"application\/ld+json\" class=\"yoast-schema-graph\">{\"@context\":\"https:\\\/\\\/schema.org\",\"@graph\":[{\"@type\":\"Article\",\"@id\":\"https:\\\/\\\/interamerica.org\\\/fr\\\/2020\\\/04\\\/sensibilisation-sur-la-pandemie-et-partage-despoir-en-haiti\\\/#article\",\"isPartOf\":{\"@id\":\"https:\\\/\\\/interamerica.org\\\/fr\\\/2020\\\/04\\\/sensibilisation-sur-la-pandemie-et-partage-despoir-en-haiti\\\/\"},\"author\":{\"name\":\"libna\",\"@id\":\"https:\\\/\\\/interamerica.org\\\/fr\\\/#\\\/schema\\\/person\\\/29998f2bc2d8bd0d38662909289b54f1\"},\"headline\":\"Sensibilisation sur la pand\u00e9mie et partage d\u2019espoir en Ha\u00efti\",\"datePublished\":\"2020-04-23T01:55:45+00:00\",\"dateModified\":\"2020-04-23T15:22:49+00:00\",\"mainEntityOfPage\":{\"@id\":\"https:\\\/\\\/interamerica.org\\\/fr\\\/2020\\\/04\\\/sensibilisation-sur-la-pandemie-et-partage-despoir-en-haiti\\\/\"},\"wordCount\":666,\"commentCount\":0,\"image\":{\"@id\":\"https:\\\/\\\/interamerica.org\\\/fr\\\/2020\\\/04\\\/sensibilisation-sur-la-pandemie-et-partage-despoir-en-haiti\\\/#primaryimage\"},\"thumbnailUrl\":\"https:\\\/\\\/interamerica.org\\\/wp-content\\\/uploads\\\/2020\\\/04\\\/haiti-masks-pamphlets.jpg\",\"articleSection\":[\"Nouvelles du territoire\",\"RSS Fran\u00e7ais\"],\"inLanguage\":\"fr-FR\",\"potentialAction\":[{\"@type\":\"CommentAction\",\"name\":\"Comment\",\"target\":[\"https:\\\/\\\/interamerica.org\\\/fr\\\/2020\\\/04\\\/sensibilisation-sur-la-pandemie-et-partage-despoir-en-haiti\\\/#respond\"]}]},{\"@type\":\"WebPage\",\"@id\":\"https:\\\/\\\/interamerica.org\\\/fr\\\/2020\\\/04\\\/sensibilisation-sur-la-pandemie-et-partage-despoir-en-haiti\\\/\",\"url\":\"https:\\\/\\\/interamerica.org\\\/fr\\\/2020\\\/04\\\/sensibilisation-sur-la-pandemie-et-partage-despoir-en-haiti\\\/\",\"name\":\"Sensibilisation sur la pand\u00e9mie et partage d\u2019espoir en Ha\u00efti - \u00c9glise Adventiste Du Septieme Jour - Inter Am\u00e9rique Division\",\"isPartOf\":{\"@id\":\"https:\\\/\\\/interamerica.org\\\/fr\\\/#website\"},\"primaryImageOfPage\":{\"@id\":\"https:\\\/\\\/interamerica.org\\\/fr\\\/2020\\\/04\\\/sensibilisation-sur-la-pandemie-et-partage-despoir-en-haiti\\\/#primaryimage\"},\"image\":{\"@id\":\"https:\\\/\\\/interamerica.org\\\/fr\\\/2020\\\/04\\\/sensibilisation-sur-la-pandemie-et-partage-despoir-en-haiti\\\/#primaryimage\"},\"thumbnailUrl\":\"https:\\\/\\\/interamerica.org\\\/wp-content\\\/uploads\\\/2020\\\/04\\\/haiti-masks-pamphlets.jpg\",\"datePublished\":\"2020-04-23T01:55:45+00:00\",\"dateModified\":\"2020-04-23T15:22:49+00:00\",\"author\":{\"@id\":\"https:\\\/\\\/interamerica.org\\\/fr\\\/#\\\/schema\\\/person\\\/29998f2bc2d8bd0d38662909289b54f1\"},\"breadcrumb\":{\"@id\":\"https:\\\/\\\/interamerica.org\\\/fr\\\/2020\\\/04\\\/sensibilisation-sur-la-pandemie-et-partage-despoir-en-haiti\\\/#breadcrumb\"},\"inLanguage\":\"fr-FR\",\"potentialAction\":[{\"@type\":\"ReadAction\",\"target\":[\"https:\\\/\\\/interamerica.org\\\/fr\\\/2020\\\/04\\\/sensibilisation-sur-la-pandemie-et-partage-despoir-en-haiti\\\/\"]}]},{\"@type\":\"ImageObject\",\"inLanguage\":\"fr-FR\",\"@id\":\"https:\\\/\\\/interamerica.org\\\/fr\\\/2020\\\/04\\\/sensibilisation-sur-la-pandemie-et-partage-despoir-en-haiti\\\/#primaryimage\",\"url\":\"https:\\\/\\\/interamerica.org\\\/wp-content\\\/uploads\\\/2020\\\/04\\\/haiti-masks-pamphlets.jpg\",\"contentUrl\":\"https:\\\/\\\/interamerica.org\\\/wp-content\\\/uploads\\\/2020\\\/04\\\/haiti-masks-pamphlets.jpg\",\"width\":1280,\"height\":800,\"caption\":\"Le 18 avril dernier, des jeunes de l\u2019\u00e9glise adventiste Horeb de Port-au-Prince, en Ha\u00efti, montrent \u00e0 des passants l\u2019importance de la bonne hygi\u00e8ne et leur remettent des pamphlets et des prospectus dans le cadre de la lutte contre la propagation du coronavirus. Le groupe s\u2019est concentr\u00e9 sur huit lieux pr\u00e9cis des rues principales de la Route des Dalles pour sensibiliser davantage de gens sur la hausse des cas de coronavirus au pays. Une photo de Pierre Robenson Saint-Louis.\"},{\"@type\":\"BreadcrumbList\",\"@id\":\"https:\\\/\\\/interamerica.org\\\/fr\\\/2020\\\/04\\\/sensibilisation-sur-la-pandemie-et-partage-despoir-en-haiti\\\/#breadcrumb\",\"itemListElement\":[{\"@type\":\"ListItem\",\"position\":1,\"name\":\"Home\",\"item\":\"https:\\\/\\\/interamerica.org\\\/fr\\\/\"},{\"@type\":\"ListItem\",\"position\":2,\"name\":\"Sensibilisation sur la pand\u00e9mie et partage d\u2019espoir en Ha\u00efti\"}]},{\"@type\":\"WebSite\",\"@id\":\"https:\\\/\\\/interamerica.org\\\/fr\\\/#website\",\"url\":\"https:\\\/\\\/interamerica.org\\\/fr\\\/\",\"name\":\"\u00c9glise Adventiste Du Septieme Jour - Inter Am\u00e9rique Division\",\"description\":\"\",\"potentialAction\":[{\"@type\":\"SearchAction\",\"target\":{\"@type\":\"EntryPoint\",\"urlTemplate\":\"https:\\\/\\\/interamerica.org\\\/fr\\\/?s={search_term_string}\"},\"query-input\":{\"@type\":\"PropertyValueSpecification\",\"valueRequired\":true,\"valueName\":\"search_term_string\"}}],\"inLanguage\":\"fr-FR\"},{\"@type\":\"Person\",\"@id\":\"https:\\\/\\\/interamerica.org\\\/fr\\\/#\\\/schema\\\/person\\\/29998f2bc2d8bd0d38662909289b54f1\",\"name\":\"libna\",\"image\":{\"@type\":\"ImageObject\",\"inLanguage\":\"fr-FR\",\"@id\":\"https:\\\/\\\/secure.gravatar.com\\\/avatar\\\/7c5bd30ae4b47a9ba3c856590957fd1d96dc588bf3ac05719d247e126840331f?s=96&d=mm&r=g\",\"url\":\"https:\\\/\\\/secure.gravatar.com\\\/avatar\\\/7c5bd30ae4b47a9ba3c856590957fd1d96dc588bf3ac05719d247e126840331f?s=96&d=mm&r=g\",\"contentUrl\":\"https:\\\/\\\/secure.gravatar.com\\\/avatar\\\/7c5bd30ae4b47a9ba3c856590957fd1d96dc588bf3ac05719d247e126840331f?s=96&d=mm&r=g\",\"caption\":\"libna\"}}]}<\/script>\n<!-- \/ Yoast SEO plugin. -->","yoast_head_json":{"title":"Sensibilisation sur la pand\u00e9mie et partage d\u2019espoir en Ha\u00efti - \u00c9glise Adventiste Du Septieme Jour - Inter Am\u00e9rique Division","robots":{"index":"index","follow":"follow","max-snippet":"max-snippet:-1","max-image-preview":"max-image-preview:large","max-video-preview":"max-video-preview:-1"},"canonical":"https:\/\/interamerica.org\/fr\/2020\/04\/sensibilisation-sur-la-pandemie-et-partage-despoir-en-haiti\/","og_locale":"fr_FR","og_type":"article","og_title":"Sensibilisation sur la pand\u00e9mie et partage d\u2019espoir en Ha\u00efti - \u00c9glise Adventiste Du Septieme Jour - Inter Am\u00e9rique Division","og_description":"Le 22 avril 2020 | Port-au-Prince, Ha\u00efti | Jean Carmy F\u00e9lixon et le d\u00e9partement de l\u2019Information de la Division interam\u00e9ricaine Le weekend dernier, un groupe de jeunes de l\u2019\u00e9glise adventiste...","og_url":"https:\/\/interamerica.org\/fr\/2020\/04\/sensibilisation-sur-la-pandemie-et-partage-despoir-en-haiti\/","og_site_name":"\u00c9glise Adventiste Du Septieme Jour - Inter Am\u00e9rique Division","article_published_time":"2020-04-23T01:55:45+00:00","article_modified_time":"2020-04-23T15:22:49+00:00","og_image":[{"width":1280,"height":800,"url":"https:\/\/interamerica.org\/wp-content\/uploads\/2020\/04\/haiti-masks-pamphlets.jpg","type":"image\/jpeg"}],"author":"libna","twitter_card":"summary_large_image","twitter_misc":{"\u00c9crit par":"libna","Dur\u00e9e de lecture estim\u00e9e":"3 minutes"},"schema":{"@context":"https:\/\/schema.org","@graph":[{"@type":"Article","@id":"https:\/\/interamerica.org\/fr\/2020\/04\/sensibilisation-sur-la-pandemie-et-partage-despoir-en-haiti\/#article","isPartOf":{"@id":"https:\/\/interamerica.org\/fr\/2020\/04\/sensibilisation-sur-la-pandemie-et-partage-despoir-en-haiti\/"},"author":{"name":"libna","@id":"https:\/\/interamerica.org\/fr\/#\/schema\/person\/29998f2bc2d8bd0d38662909289b54f1"},"headline":"Sensibilisation sur la pand\u00e9mie et partage d\u2019espoir en Ha\u00efti","datePublished":"2020-04-23T01:55:45+00:00","dateModified":"2020-04-23T15:22:49+00:00","mainEntityOfPage":{"@id":"https:\/\/interamerica.org\/fr\/2020\/04\/sensibilisation-sur-la-pandemie-et-partage-despoir-en-haiti\/"},"wordCount":666,"commentCount":0,"image":{"@id":"https:\/\/interamerica.org\/fr\/2020\/04\/sensibilisation-sur-la-pandemie-et-partage-despoir-en-haiti\/#primaryimage"},"thumbnailUrl":"https:\/\/interamerica.org\/wp-content\/uploads\/2020\/04\/haiti-masks-pamphlets.jpg","articleSection":["Nouvelles du territoire","RSS Fran\u00e7ais"],"inLanguage":"fr-FR","potentialAction":[{"@type":"CommentAction","name":"Comment","target":["https:\/\/interamerica.org\/fr\/2020\/04\/sensibilisation-sur-la-pandemie-et-partage-despoir-en-haiti\/#respond"]}]},{"@type":"WebPage","@id":"https:\/\/interamerica.org\/fr\/2020\/04\/sensibilisation-sur-la-pandemie-et-partage-despoir-en-haiti\/","url":"https:\/\/interamerica.org\/fr\/2020\/04\/sensibilisation-sur-la-pandemie-et-partage-despoir-en-haiti\/","name":"Sensibilisation sur la pand\u00e9mie et partage d\u2019espoir en Ha\u00efti - \u00c9glise Adventiste Du Septieme Jour - Inter Am\u00e9rique Division","isPartOf":{"@id":"https:\/\/interamerica.org\/fr\/#website"},"primaryImageOfPage":{"@id":"https:\/\/interamerica.org\/fr\/2020\/04\/sensibilisation-sur-la-pandemie-et-partage-despoir-en-haiti\/#primaryimage"},"image":{"@id":"https:\/\/interamerica.org\/fr\/2020\/04\/sensibilisation-sur-la-pandemie-et-partage-despoir-en-haiti\/#primaryimage"},"thumbnailUrl":"https:\/\/interamerica.org\/wp-content\/uploads\/2020\/04\/haiti-masks-pamphlets.jpg","datePublished":"2020-04-23T01:55:45+00:00","dateModified":"2020-04-23T15:22:49+00:00","author":{"@id":"https:\/\/interamerica.org\/fr\/#\/schema\/person\/29998f2bc2d8bd0d38662909289b54f1"},"breadcrumb":{"@id":"https:\/\/interamerica.org\/fr\/2020\/04\/sensibilisation-sur-la-pandemie-et-partage-despoir-en-haiti\/#breadcrumb"},"inLanguage":"fr-FR","potentialAction":[{"@type":"ReadAction","target":["https:\/\/interamerica.org\/fr\/2020\/04\/sensibilisation-sur-la-pandemie-et-partage-despoir-en-haiti\/"]}]},{"@type":"ImageObject","inLanguage":"fr-FR","@id":"https:\/\/interamerica.org\/fr\/2020\/04\/sensibilisation-sur-la-pandemie-et-partage-despoir-en-haiti\/#primaryimage","url":"https:\/\/interamerica.org\/wp-content\/uploads\/2020\/04\/haiti-masks-pamphlets.jpg","contentUrl":"https:\/\/interamerica.org\/wp-content\/uploads\/2020\/04\/haiti-masks-pamphlets.jpg","width":1280,"height":800,"caption":"Le 18 avril dernier, des jeunes de l\u2019\u00e9glise adventiste Horeb de Port-au-Prince, en Ha\u00efti, montrent \u00e0 des passants l\u2019importance de la bonne hygi\u00e8ne et leur remettent des pamphlets et des prospectus dans le cadre de la lutte contre la propagation du coronavirus. Le groupe s\u2019est concentr\u00e9 sur huit lieux pr\u00e9cis des rues principales de la Route des Dalles pour sensibiliser davantage de gens sur la hausse des cas de coronavirus au pays. Une photo de Pierre Robenson Saint-Louis."},{"@type":"BreadcrumbList","@id":"https:\/\/interamerica.org\/fr\/2020\/04\/sensibilisation-sur-la-pandemie-et-partage-despoir-en-haiti\/#breadcrumb","itemListElement":[{"@type":"ListItem","position":1,"name":"Home","item":"https:\/\/interamerica.org\/fr\/"},{"@type":"ListItem","position":2,"name":"Sensibilisation sur la pand\u00e9mie et partage d\u2019espoir en Ha\u00efti"}]},{"@type":"WebSite","@id":"https:\/\/interamerica.org\/fr\/#website","url":"https:\/\/interamerica.org\/fr\/","name":"\u00c9glise Adventiste Du Septieme Jour - Inter Am\u00e9rique Division","description":"","potentialAction":[{"@type":"SearchAction","target":{"@type":"EntryPoint","urlTemplate":"https:\/\/interamerica.org\/fr\/?s={search_term_string}"},"query-input":{"@type":"PropertyValueSpecification","valueRequired":true,"valueName":"search_term_string"}}],"inLanguage":"fr-FR"},{"@type":"Person","@id":"https:\/\/interamerica.org\/fr\/#\/schema\/person\/29998f2bc2d8bd0d38662909289b54f1","name":"libna","image":{"@type":"ImageObject","inLanguage":"fr-FR","@id":"https:\/\/secure.gravatar.com\/avatar\/7c5bd30ae4b47a9ba3c856590957fd1d96dc588bf3ac05719d247e126840331f?s=96&d=mm&r=g","url":"https:\/\/secure.gravatar.com\/avatar\/7c5bd30ae4b47a9ba3c856590957fd1d96dc588bf3ac05719d247e126840331f?s=96&d=mm&r=g","contentUrl":"https:\/\/secure.gravatar.com\/avatar\/7c5bd30ae4b47a9ba3c856590957fd1d96dc588bf3ac05719d247e126840331f?s=96&d=mm&r=g","caption":"libna"}}]}},"_links":{"self":[{"href":"https:\/\/interamerica.org\/fr\/wp-json\/wp\/v2\/posts\/57955","targetHints":{"allow":["GET"]}}],"collection":[{"href":"https:\/\/interamerica.org\/fr\/wp-json\/wp\/v2\/posts"}],"about":[{"href":"https:\/\/interamerica.org\/fr\/wp-json\/wp\/v2\/types\/post"}],"author":[{"embeddable":true,"href":"https:\/\/interamerica.org\/fr\/wp-json\/wp\/v2\/users\/3"}],"replies":[{"embeddable":true,"href":"https:\/\/interamerica.org\/fr\/wp-json\/wp\/v2\/comments?post=57955"}],"version-history":[{"count":0,"href":"https:\/\/interamerica.org\/fr\/wp-json\/wp\/v2\/posts\/57955\/revisions"}],"wp:featuredmedia":[{"embeddable":true,"href":"https:\/\/interamerica.org\/fr\/wp-json\/wp\/v2\/media\/57833"}],"wp:attachment":[{"href":"https:\/\/interamerica.org\/fr\/wp-json\/wp\/v2\/media?parent=57955"}],"wp:term":[{"taxonomy":"category","embeddable":true,"href":"https:\/\/interamerica.org\/fr\/wp-json\/wp\/v2\/categories?post=57955"},{"taxonomy":"post_tag","embeddable":true,"href":"https:\/\/interamerica.org\/fr\/wp-json\/wp\/v2\/tags?post=57955"}],"curies":[{"name":"wp","href":"https:\/\/api.w.org\/{rel}","templated":true}]}}