{"id":57975,"date":"2020-04-22T23:58:33","date_gmt":"2020-04-23T03:58:33","guid":{"rendered":"https:\/\/recursing-golick.147-182-135-0.plesk.page\/?p=57975"},"modified":"2020-04-24T10:51:45","modified_gmt":"2020-04-24T14:51:45","slug":"a-sainte-croix-leglise-adventiste-aide-les-membres-ages-dans-un-contexte-de-distanciation-sociale","status":"publish","type":"post","link":"https:\/\/interamerica.org\/fr\/2020\/04\/a-sainte-croix-leglise-adventiste-aide-les-membres-ages-dans-un-contexte-de-distanciation-sociale\/","title":{"rendered":"\u00c0 Sainte-Croix, l\u2019\u00c9glise adventiste aide les membres \u00e2g\u00e9s dans un contexte de distanciation sociale"},"content":{"rendered":"<p><div id=\"attachment_57949\" style=\"width: 812px\" class=\"wp-caption aligncenter\"><img fetchpriority=\"high\" decoding=\"async\" aria-describedby=\"caption-attachment-57949\" class=\" wp-image-57948\" src=\"https:\/\/recursing-golick.147-182-135-0.plesk.page\/wp-content\/uploads\/2020\/04\/earl-daniel-christiansted-ncc.jpg\" alt=\"\" width=\"802\" height=\"535\" srcset=\"https:\/\/interamerica.org\/wp-content\/uploads\/2020\/04\/earl-daniel-christiansted-ncc.jpg 1000w, https:\/\/interamerica.org\/wp-content\/uploads\/2020\/04\/earl-daniel-christiansted-ncc-300x200.jpg 300w, https:\/\/interamerica.org\/wp-content\/uploads\/2020\/04\/earl-daniel-christiansted-ncc-768x512.jpg 768w\" sizes=\"(max-width: 802px) 100vw, 802px\" \/><p id=\"caption-attachment-57949\" class=\"wp-caption-text\">Le pasteur Earl Daniel, qui dirige l\u2019\u00e9glise adventiste de Christiansted \u00e0 Sainte-Croix, dans les \u00eeles Vierges am\u00e9ricaines, a dirig\u00e9 un groupe de travail sp\u00e9cial pour aider les membres les plus \u00e2g\u00e9s \u00e0 faire face aux mesures d\u2019isolement mises en place suite \u00e0 la pand\u00e9mie de Covid-19 au d\u00e9but du mois de mars 2020. L\u2019\u00e9glise est compos\u00e9e principalement de personnes \u00e2g\u00e9es qui ont \u00e9t\u00e9 associ\u00e9es \u00e0 des familles jeunes qui sont charg\u00e9es de veiller sur elles et de s\u2019assurer que leurs besoins soient satisfaits. [Photo d\u2019archives : F\u00e9d\u00e9ration du Nord de la Cara\u00efbe]<\/p><\/div>22 Avril 2020 | Sainte-Croix, \u00celes Vierges am\u00e9ricaines | Royston Philbert \/ P\u00f4le Informations de la Division Inter Am\u00e9ricaine<\/p>\n<p>Les dirigeants de l\u2019\u00e9glise adventiste de Christiansted \u00e0 Sainte-Croix, dans les \u00eeles Vierges am\u00e9ricaines, ont r\u00e9cemment pris des mesures pour aider 90 pourcents des membres d\u2019\u00e9glise, des personnes \u00e2g\u00e9es, \u00e0 g\u00e9rer les mesures d\u2019isolement provoqu\u00e9es par la pand\u00e9mie de Covid-19 le mois dernier.<\/p>\n<p>\u00ab Nous avons cr\u00e9\u00e9 ce que nous avons appel\u00e9 le \u00ab Groupe de Travail COVID-19, \u00bb ce qui faisait partie des exigences qu\u2019a fait parvenir \u00e0 chaque congr\u00e9gation le pr\u00e9sident de la f\u00e9d\u00e9ration du Nord de la Cara\u00efbe, qui a invit\u00e9 chaque \u00e9glise \u00e0 mettre en place un groupe de travail pour \u00e9tudier et d\u00e9terminer la meilleure fa\u00e7on de r\u00e9pondre aux besoins des membres, \u00bb a d\u00e9clar\u00e9 Earl Daniel, pasteur de l\u2019\u00e9glise adventiste de Christiansted. Les interactions sociales et spirituelles \u00e9tant mises en veille, pasteur Daniel a dit qu\u2019il a fallu d\u2019une planification intentionnelle pour cr\u00e9er des mod\u00e8les de minist\u00e8re permettant d\u2019atteindre tous les membres de l\u2019\u00e9glise.<\/p>\n<p>\u00ab C\u2019est une situation qui \u00e9volue constamment, mais Dieu a b\u00e9ni l\u2019\u00e9glise en y pla\u00e7ant des dirigeants qui sont en phase avec la situation du moment et qui sont sensibles aux besoins des gens qu\u2019ils servent, \u00bb a-t-il ajout\u00e9.<\/p>\n<p><div id=\"attachment_57943\" style=\"width: 811px\" class=\"wp-caption aligncenter\"><img decoding=\"async\" aria-describedby=\"caption-attachment-57943\" class=\" wp-image-57942\" src=\"https:\/\/recursing-golick.147-182-135-0.plesk.page\/wp-content\/uploads\/2020\/04\/christiansted-ncc-elderly-members2.jpg\" alt=\"\" width=\"801\" height=\"595\" srcset=\"https:\/\/interamerica.org\/wp-content\/uploads\/2020\/04\/christiansted-ncc-elderly-members2.jpg 950w, https:\/\/interamerica.org\/wp-content\/uploads\/2020\/04\/christiansted-ncc-elderly-members2-300x223.jpg 300w, https:\/\/interamerica.org\/wp-content\/uploads\/2020\/04\/christiansted-ncc-elderly-members2-768x571.jpg 768w\" sizes=\"(max-width: 801px) 100vw, 801px\" \/><p id=\"caption-attachment-57943\" class=\"wp-caption-text\">Des membres \u00e2g\u00e9s de l\u2019\u00e9glise adventiste de Christiansted adorent au cours d\u2019un service l\u2019ann\u00e9e derni\u00e8re. [Photo d\u2019archives : F\u00e9d\u00e9ration du Nord de la Cara\u00efbe]<\/p><\/div>Le 18 mars 2020, les membres d\u2019\u00e9glise ont re\u00e7u des paquets contenant des articles de soin, on y retrouvait du d\u00e9sinfectant pour les mains, un thermom\u00e8tre, un guide pour le lavage des mains, un mat\u00e9riel pour g\u00e9rer la prise de m\u00e9dicaments et une liste de contacts d\u2019urgence. Le groupe de travail a \u00e9galement jumel\u00e9 les personnes \u00e2g\u00e9es avec des jeunes et d\u2019autres membres \u00e9nergiques qui ont \u00e9t\u00e9 form\u00e9s pour collaborer en toute s\u00e9curit\u00e9 avec les membres les plus vuln\u00e9rables, faire des courses pour eux et leur apporter de l\u2019aide dans d\u2019autres t\u00e2ches.<\/p>\n<p>\u00ab Beaucoup de personnes que nous servons sont des membres qui ont embrass\u00e9 l\u2019adventisme \u00e0 ses d\u00e9buts sur l\u2019\u00eele de Sainte-Croix, \u00bb a d\u00e9clar\u00e9 le premier ancien Horace Graham. \u00ab Nous connaissons bien la composition d\u00e9mographique de notre effectif et nous sommes d\u00e9termin\u00e9s \u00e0 les soutenir \u00e0 travers des minist\u00e8res et des initiatives qui les garderont en s\u00e9curit\u00e9 tout en les maintenant totalement connect\u00e9s \u00e0 la vie de l\u2019\u00e9glise. \u00bb Horace Graham a expliqu\u00e9 que pour beaucoup d\u2019entre eux, les rassemblements hebdomadaires de l\u2019\u00e9glise constituent la principale interaction sociale \u00e0 laquelle ils prennent part.<\/p>\n<p>Les moniteurs de l\u2019\u00e9cole du sabbat ont re\u00e7u une formation sur la fa\u00e7on d\u2019utiliser un syst\u00e8me de conf\u00e9rence t\u00e9l\u00e9phonique pour se r\u00e9unir pour l\u2019\u00e9tude des le\u00e7ons hebdomadaires, les membres de l\u2019\u00e9glise ont \u00e9t\u00e9 organis\u00e9s de telle sorte qu\u2019ils fassent partie de groupes de messageries instantan\u00e9es, on a attribu\u00e9 aux personnes \u00e2g\u00e9es des comptes e-mail afin qu\u2019elles re\u00e7oivent les bulletins d\u2019informations et les autres communications de l\u2019\u00e9glise. De plus, les messages du pasteur sont enregistr\u00e9s et envoy\u00e9s sur les t\u00e9l\u00e9phones portables des membres, tandis que les membres qui sont vers\u00e9s dans la technologie s\u2019assurent que les appareils des seniors peuvent acc\u00e9der \u00e0 YouTube et \u00e0 Facebook pour les services du sabbat.<\/p>\n<p>\u00ab Nous avons cherch\u00e9 \u00e0 d\u00e9velopper un syst\u00e8me pour nous assurer qu\u2019ils restent connect\u00e9s \u00e0 la communaut\u00e9 de foi avec laquelle ils avaient l\u2019habitude d\u2019interagir, \u00bb a ajout\u00e9 Horace Graham. \u00ab L\u2019\u00e9glise a le plus grand potentiel \u00e0 perdre parce que nous sommes les plus \u00e0 risque et nous devons \u00eatre s\u00fbrs que nous leur apportons l\u2019attention que l\u2019on doit accorder aux membres. \u00bb<\/p>\n<p><div id=\"attachment_57940\" style=\"width: 810px\" class=\"wp-caption aligncenter\"><img decoding=\"async\" aria-describedby=\"caption-attachment-57940\" class=\" wp-image-57939\" src=\"https:\/\/recursing-golick.147-182-135-0.plesk.page\/wp-content\/uploads\/2020\/04\/christiansted-ncc-elderly-members1.jpg\" alt=\"\" width=\"800\" height=\"565\" srcset=\"https:\/\/interamerica.org\/wp-content\/uploads\/2020\/04\/christiansted-ncc-elderly-members1.jpg 980w, https:\/\/interamerica.org\/wp-content\/uploads\/2020\/04\/christiansted-ncc-elderly-members1-300x212.jpg 300w, https:\/\/interamerica.org\/wp-content\/uploads\/2020\/04\/christiansted-ncc-elderly-members1-768x542.jpg 768w\" sizes=\"(max-width: 800px) 100vw, 800px\" \/><p id=\"caption-attachment-57940\" class=\"wp-caption-text\">Les personnes \u00e2g\u00e9es repr\u00e9sentent 90% des membres de l\u2019\u00e9glise adventiste de Christiansted \u00e0 Sainte-Croix, dans les \u00eeles Vierges am\u00e9ricaines. [Photo d\u2019archives : F\u00e9d\u00e9ration du Nord de la Cara\u00efbe]<\/p><\/div>Le minist\u00e8re inclut tous les aspects de la vie, a d\u00e9clar\u00e9 le pasteur Daniel. Il y a des membres d\u2019\u00e9glise d\u00e9sign\u00e9s dans le groupe de travail sp\u00e9cial mis en place par l\u2019\u00e9glise, qui suivent les besoins des membres, livrent les courses et les autres produits de premi\u00e8re n\u00e9cessit\u00e9 aux adultes plus \u00e2g\u00e9s ainsi qu\u2019\u00e0 ceux qui ne peuvent pas quitter leur domicile. \u00ab Pour att\u00e9nuer la solitude, les familles de jeunes et les individus qui sont amen\u00e9s \u00e0 rester \u00e0 leur domicile cr\u00e9ent un sentiment de communaut\u00e9 interg\u00e9n\u00e9rationnelle gr\u00e2ce \u00e0 des appels t\u00e9l\u00e9phoniques r\u00e9guliers et \u00e0 des interactions respectant les mesures de s\u00e9curit\u00e9, \u00bb a dit pasteur Daniel.<\/p>\n<p>Dans le m\u00eame temps, l\u2019itin\u00e9raire quotidien du pasteur Daniel n\u2019a pas chang\u00e9. Il continue de visiter et d\u2019aller vers les membres. \u00ab Je me suis mis \u00e0 la place de mes membres d\u2019\u00e9glise qui ont d\u00e9j\u00e0 perdu leur emploi ou qui ont peur de perdre leur emploi, \u00bb a dit pasteur Daniel. \u00ab J\u2019encourage les membres \u00e0 trouver un endroit dans leur maison pour adorer Dieu dans l\u2019intimit\u00e9 et individuellement, vu qu\u2019il est maintenant impossible de se r\u00e9unir tous ensemble. \u00bb<\/p>\n<p>Pasteur Daniel prie \u00e9galement avec les membres chaque jour. \u00ab Je leur dis de prier Dieu avec ferveur chaque jour, \u00bb a-t-il dit.<\/p>\n<p>Gr\u00e2ce au groupe de travail qu\u2019elle a mis en place, l\u2019\u00e9glise a \u00e9tabli le contact avec 100 pourcents de ses membres actifs, c\u2019est-\u00e0-dire actuellement 120 personnes.<\/p>\n<p>Traduction: Patrick Luciathe<\/p>\n","protected":false},"excerpt":{"rendered":"<p>22 Avril 2020 | Sainte-Croix, \u00celes Vierges am\u00e9ricaines | Royston Philbert \/ P\u00f4le Informations de la Division Inter Am\u00e9ricaine Les dirigeants de l\u2019\u00e9glise adventiste de Christiansted \u00e0 Sainte-Croix, dans les&#8230;<\/p>\n","protected":false},"author":3,"featured_media":57949,"comment_status":"open","ping_status":"closed","sticky":false,"template":"","format":"standard","meta":{"_acf_changed":false,"footnotes":""},"categories":[21,19],"tags":[],"class_list":["post-57975","post","type-post","status-publish","format-standard","has-post-thumbnail","hentry","category-nouvelles-du-territoire","category-rss-francais"],"acf":[],"yoast_head":"<!-- This site is optimized with the Yoast SEO plugin v27.3 - https:\/\/yoast.com\/product\/yoast-seo-wordpress\/ -->\n<title>\u00c0 Sainte-Croix, l\u2019\u00c9glise adventiste aide les membres \u00e2g\u00e9s dans un contexte de distanciation sociale - \u00c9glise Adventiste Du Septieme Jour - Inter Am\u00e9rique Division<\/title>\n<meta name=\"robots\" content=\"index, follow, max-snippet:-1, max-image-preview:large, max-video-preview:-1\" \/>\n<link rel=\"canonical\" href=\"https:\/\/interamerica.org\/fr\/2020\/04\/a-sainte-croix-leglise-adventiste-aide-les-membres-ages-dans-un-contexte-de-distanciation-sociale\/\" \/>\n<meta property=\"og:locale\" content=\"fr_FR\" \/>\n<meta property=\"og:type\" content=\"article\" \/>\n<meta property=\"og:title\" content=\"\u00c0 Sainte-Croix, l\u2019\u00c9glise adventiste aide les membres \u00e2g\u00e9s dans un contexte de distanciation sociale - \u00c9glise Adventiste Du Septieme Jour - Inter Am\u00e9rique Division\" \/>\n<meta property=\"og:description\" content=\"22 Avril 2020 | Sainte-Croix, \u00celes Vierges am\u00e9ricaines | Royston Philbert \/ P\u00f4le Informations de la Division Inter Am\u00e9ricaine Les dirigeants de l\u2019\u00e9glise adventiste de Christiansted \u00e0 Sainte-Croix, dans les...\" \/>\n<meta property=\"og:url\" content=\"https:\/\/interamerica.org\/fr\/2020\/04\/a-sainte-croix-leglise-adventiste-aide-les-membres-ages-dans-un-contexte-de-distanciation-sociale\/\" \/>\n<meta property=\"og:site_name\" content=\"\u00c9glise Adventiste Du Septieme Jour - Inter Am\u00e9rique Division\" \/>\n<meta property=\"article:published_time\" content=\"2020-04-23T03:58:33+00:00\" \/>\n<meta property=\"article:modified_time\" content=\"2020-04-24T14:51:45+00:00\" \/>\n<meta property=\"og:image\" content=\"https:\/\/interamerica.org\/wp-content\/uploads\/2020\/04\/earl-daniel-christiansted-ncc.jpg\" \/>\n\t<meta property=\"og:image:width\" content=\"1000\" \/>\n\t<meta property=\"og:image:height\" content=\"667\" \/>\n\t<meta property=\"og:image:type\" content=\"image\/jpeg\" \/>\n<meta name=\"author\" content=\"libna\" \/>\n<meta name=\"twitter:card\" content=\"summary_large_image\" \/>\n<meta name=\"twitter:label1\" content=\"\u00c9crit par\" \/>\n\t<meta name=\"twitter:data1\" content=\"libna\" \/>\n\t<meta name=\"twitter:label2\" content=\"Dur\u00e9e de lecture estim\u00e9e\" \/>\n\t<meta name=\"twitter:data2\" content=\"5 minutes\" \/>\n<script type=\"application\/ld+json\" class=\"yoast-schema-graph\">{\"@context\":\"https:\\\/\\\/schema.org\",\"@graph\":[{\"@type\":\"Article\",\"@id\":\"https:\\\/\\\/interamerica.org\\\/fr\\\/2020\\\/04\\\/a-sainte-croix-leglise-adventiste-aide-les-membres-ages-dans-un-contexte-de-distanciation-sociale\\\/#article\",\"isPartOf\":{\"@id\":\"https:\\\/\\\/interamerica.org\\\/fr\\\/2020\\\/04\\\/a-sainte-croix-leglise-adventiste-aide-les-membres-ages-dans-un-contexte-de-distanciation-sociale\\\/\"},\"author\":{\"name\":\"libna\",\"@id\":\"https:\\\/\\\/interamerica.org\\\/fr\\\/#\\\/schema\\\/person\\\/29998f2bc2d8bd0d38662909289b54f1\"},\"headline\":\"\u00c0 Sainte-Croix, l\u2019\u00c9glise adventiste aide les membres \u00e2g\u00e9s dans un contexte de distanciation sociale\",\"datePublished\":\"2020-04-23T03:58:33+00:00\",\"dateModified\":\"2020-04-24T14:51:45+00:00\",\"mainEntityOfPage\":{\"@id\":\"https:\\\/\\\/interamerica.org\\\/fr\\\/2020\\\/04\\\/a-sainte-croix-leglise-adventiste-aide-les-membres-ages-dans-un-contexte-de-distanciation-sociale\\\/\"},\"wordCount\":1098,\"commentCount\":0,\"image\":{\"@id\":\"https:\\\/\\\/interamerica.org\\\/fr\\\/2020\\\/04\\\/a-sainte-croix-leglise-adventiste-aide-les-membres-ages-dans-un-contexte-de-distanciation-sociale\\\/#primaryimage\"},\"thumbnailUrl\":\"https:\\\/\\\/interamerica.org\\\/wp-content\\\/uploads\\\/2020\\\/04\\\/earl-daniel-christiansted-ncc.jpg\",\"articleSection\":[\"Nouvelles du territoire\",\"RSS Fran\u00e7ais\"],\"inLanguage\":\"fr-FR\",\"potentialAction\":[{\"@type\":\"CommentAction\",\"name\":\"Comment\",\"target\":[\"https:\\\/\\\/interamerica.org\\\/fr\\\/2020\\\/04\\\/a-sainte-croix-leglise-adventiste-aide-les-membres-ages-dans-un-contexte-de-distanciation-sociale\\\/#respond\"]}]},{\"@type\":\"WebPage\",\"@id\":\"https:\\\/\\\/interamerica.org\\\/fr\\\/2020\\\/04\\\/a-sainte-croix-leglise-adventiste-aide-les-membres-ages-dans-un-contexte-de-distanciation-sociale\\\/\",\"url\":\"https:\\\/\\\/interamerica.org\\\/fr\\\/2020\\\/04\\\/a-sainte-croix-leglise-adventiste-aide-les-membres-ages-dans-un-contexte-de-distanciation-sociale\\\/\",\"name\":\"\u00c0 Sainte-Croix, l\u2019\u00c9glise adventiste aide les membres \u00e2g\u00e9s dans un contexte de distanciation sociale - \u00c9glise Adventiste Du Septieme Jour - Inter Am\u00e9rique Division\",\"isPartOf\":{\"@id\":\"https:\\\/\\\/interamerica.org\\\/fr\\\/#website\"},\"primaryImageOfPage\":{\"@id\":\"https:\\\/\\\/interamerica.org\\\/fr\\\/2020\\\/04\\\/a-sainte-croix-leglise-adventiste-aide-les-membres-ages-dans-un-contexte-de-distanciation-sociale\\\/#primaryimage\"},\"image\":{\"@id\":\"https:\\\/\\\/interamerica.org\\\/fr\\\/2020\\\/04\\\/a-sainte-croix-leglise-adventiste-aide-les-membres-ages-dans-un-contexte-de-distanciation-sociale\\\/#primaryimage\"},\"thumbnailUrl\":\"https:\\\/\\\/interamerica.org\\\/wp-content\\\/uploads\\\/2020\\\/04\\\/earl-daniel-christiansted-ncc.jpg\",\"datePublished\":\"2020-04-23T03:58:33+00:00\",\"dateModified\":\"2020-04-24T14:51:45+00:00\",\"author\":{\"@id\":\"https:\\\/\\\/interamerica.org\\\/fr\\\/#\\\/schema\\\/person\\\/29998f2bc2d8bd0d38662909289b54f1\"},\"breadcrumb\":{\"@id\":\"https:\\\/\\\/interamerica.org\\\/fr\\\/2020\\\/04\\\/a-sainte-croix-leglise-adventiste-aide-les-membres-ages-dans-un-contexte-de-distanciation-sociale\\\/#breadcrumb\"},\"inLanguage\":\"fr-FR\",\"potentialAction\":[{\"@type\":\"ReadAction\",\"target\":[\"https:\\\/\\\/interamerica.org\\\/fr\\\/2020\\\/04\\\/a-sainte-croix-leglise-adventiste-aide-les-membres-ages-dans-un-contexte-de-distanciation-sociale\\\/\"]}]},{\"@type\":\"ImageObject\",\"inLanguage\":\"fr-FR\",\"@id\":\"https:\\\/\\\/interamerica.org\\\/fr\\\/2020\\\/04\\\/a-sainte-croix-leglise-adventiste-aide-les-membres-ages-dans-un-contexte-de-distanciation-sociale\\\/#primaryimage\",\"url\":\"https:\\\/\\\/interamerica.org\\\/wp-content\\\/uploads\\\/2020\\\/04\\\/earl-daniel-christiansted-ncc.jpg\",\"contentUrl\":\"https:\\\/\\\/interamerica.org\\\/wp-content\\\/uploads\\\/2020\\\/04\\\/earl-daniel-christiansted-ncc.jpg\",\"width\":1000,\"height\":667,\"caption\":\"[Photo : F\u00e9d\u00e9ration du Nord de la Cara\u00efbe]\"},{\"@type\":\"BreadcrumbList\",\"@id\":\"https:\\\/\\\/interamerica.org\\\/fr\\\/2020\\\/04\\\/a-sainte-croix-leglise-adventiste-aide-les-membres-ages-dans-un-contexte-de-distanciation-sociale\\\/#breadcrumb\",\"itemListElement\":[{\"@type\":\"ListItem\",\"position\":1,\"name\":\"Home\",\"item\":\"https:\\\/\\\/interamerica.org\\\/fr\\\/\"},{\"@type\":\"ListItem\",\"position\":2,\"name\":\"\u00c0 Sainte-Croix, l\u2019\u00c9glise adventiste aide les membres \u00e2g\u00e9s dans un contexte de distanciation sociale\"}]},{\"@type\":\"WebSite\",\"@id\":\"https:\\\/\\\/interamerica.org\\\/fr\\\/#website\",\"url\":\"https:\\\/\\\/interamerica.org\\\/fr\\\/\",\"name\":\"\u00c9glise Adventiste Du Septieme Jour - Inter Am\u00e9rique Division\",\"description\":\"\",\"potentialAction\":[{\"@type\":\"SearchAction\",\"target\":{\"@type\":\"EntryPoint\",\"urlTemplate\":\"https:\\\/\\\/interamerica.org\\\/fr\\\/?s={search_term_string}\"},\"query-input\":{\"@type\":\"PropertyValueSpecification\",\"valueRequired\":true,\"valueName\":\"search_term_string\"}}],\"inLanguage\":\"fr-FR\"},{\"@type\":\"Person\",\"@id\":\"https:\\\/\\\/interamerica.org\\\/fr\\\/#\\\/schema\\\/person\\\/29998f2bc2d8bd0d38662909289b54f1\",\"name\":\"libna\",\"image\":{\"@type\":\"ImageObject\",\"inLanguage\":\"fr-FR\",\"@id\":\"https:\\\/\\\/secure.gravatar.com\\\/avatar\\\/7c5bd30ae4b47a9ba3c856590957fd1d96dc588bf3ac05719d247e126840331f?s=96&d=mm&r=g\",\"url\":\"https:\\\/\\\/secure.gravatar.com\\\/avatar\\\/7c5bd30ae4b47a9ba3c856590957fd1d96dc588bf3ac05719d247e126840331f?s=96&d=mm&r=g\",\"contentUrl\":\"https:\\\/\\\/secure.gravatar.com\\\/avatar\\\/7c5bd30ae4b47a9ba3c856590957fd1d96dc588bf3ac05719d247e126840331f?s=96&d=mm&r=g\",\"caption\":\"libna\"}}]}<\/script>\n<!-- \/ Yoast SEO plugin. -->","yoast_head_json":{"title":"\u00c0 Sainte-Croix, l\u2019\u00c9glise adventiste aide les membres \u00e2g\u00e9s dans un contexte de distanciation sociale - \u00c9glise Adventiste Du Septieme Jour - Inter Am\u00e9rique Division","robots":{"index":"index","follow":"follow","max-snippet":"max-snippet:-1","max-image-preview":"max-image-preview:large","max-video-preview":"max-video-preview:-1"},"canonical":"https:\/\/interamerica.org\/fr\/2020\/04\/a-sainte-croix-leglise-adventiste-aide-les-membres-ages-dans-un-contexte-de-distanciation-sociale\/","og_locale":"fr_FR","og_type":"article","og_title":"\u00c0 Sainte-Croix, l\u2019\u00c9glise adventiste aide les membres \u00e2g\u00e9s dans un contexte de distanciation sociale - \u00c9glise Adventiste Du Septieme Jour - Inter Am\u00e9rique Division","og_description":"22 Avril 2020 | Sainte-Croix, \u00celes Vierges am\u00e9ricaines | Royston Philbert \/ P\u00f4le Informations de la Division Inter Am\u00e9ricaine Les dirigeants de l\u2019\u00e9glise adventiste de Christiansted \u00e0 Sainte-Croix, dans les...","og_url":"https:\/\/interamerica.org\/fr\/2020\/04\/a-sainte-croix-leglise-adventiste-aide-les-membres-ages-dans-un-contexte-de-distanciation-sociale\/","og_site_name":"\u00c9glise Adventiste Du Septieme Jour - Inter Am\u00e9rique Division","article_published_time":"2020-04-23T03:58:33+00:00","article_modified_time":"2020-04-24T14:51:45+00:00","og_image":[{"width":1000,"height":667,"url":"https:\/\/interamerica.org\/wp-content\/uploads\/2020\/04\/earl-daniel-christiansted-ncc.jpg","type":"image\/jpeg"}],"author":"libna","twitter_card":"summary_large_image","twitter_misc":{"\u00c9crit par":"libna","Dur\u00e9e de lecture estim\u00e9e":"5 minutes"},"schema":{"@context":"https:\/\/schema.org","@graph":[{"@type":"Article","@id":"https:\/\/interamerica.org\/fr\/2020\/04\/a-sainte-croix-leglise-adventiste-aide-les-membres-ages-dans-un-contexte-de-distanciation-sociale\/#article","isPartOf":{"@id":"https:\/\/interamerica.org\/fr\/2020\/04\/a-sainte-croix-leglise-adventiste-aide-les-membres-ages-dans-un-contexte-de-distanciation-sociale\/"},"author":{"name":"libna","@id":"https:\/\/interamerica.org\/fr\/#\/schema\/person\/29998f2bc2d8bd0d38662909289b54f1"},"headline":"\u00c0 Sainte-Croix, l\u2019\u00c9glise adventiste aide les membres \u00e2g\u00e9s dans un contexte de distanciation sociale","datePublished":"2020-04-23T03:58:33+00:00","dateModified":"2020-04-24T14:51:45+00:00","mainEntityOfPage":{"@id":"https:\/\/interamerica.org\/fr\/2020\/04\/a-sainte-croix-leglise-adventiste-aide-les-membres-ages-dans-un-contexte-de-distanciation-sociale\/"},"wordCount":1098,"commentCount":0,"image":{"@id":"https:\/\/interamerica.org\/fr\/2020\/04\/a-sainte-croix-leglise-adventiste-aide-les-membres-ages-dans-un-contexte-de-distanciation-sociale\/#primaryimage"},"thumbnailUrl":"https:\/\/interamerica.org\/wp-content\/uploads\/2020\/04\/earl-daniel-christiansted-ncc.jpg","articleSection":["Nouvelles du territoire","RSS Fran\u00e7ais"],"inLanguage":"fr-FR","potentialAction":[{"@type":"CommentAction","name":"Comment","target":["https:\/\/interamerica.org\/fr\/2020\/04\/a-sainte-croix-leglise-adventiste-aide-les-membres-ages-dans-un-contexte-de-distanciation-sociale\/#respond"]}]},{"@type":"WebPage","@id":"https:\/\/interamerica.org\/fr\/2020\/04\/a-sainte-croix-leglise-adventiste-aide-les-membres-ages-dans-un-contexte-de-distanciation-sociale\/","url":"https:\/\/interamerica.org\/fr\/2020\/04\/a-sainte-croix-leglise-adventiste-aide-les-membres-ages-dans-un-contexte-de-distanciation-sociale\/","name":"\u00c0 Sainte-Croix, l\u2019\u00c9glise adventiste aide les membres \u00e2g\u00e9s dans un contexte de distanciation sociale - \u00c9glise Adventiste Du Septieme Jour - Inter Am\u00e9rique Division","isPartOf":{"@id":"https:\/\/interamerica.org\/fr\/#website"},"primaryImageOfPage":{"@id":"https:\/\/interamerica.org\/fr\/2020\/04\/a-sainte-croix-leglise-adventiste-aide-les-membres-ages-dans-un-contexte-de-distanciation-sociale\/#primaryimage"},"image":{"@id":"https:\/\/interamerica.org\/fr\/2020\/04\/a-sainte-croix-leglise-adventiste-aide-les-membres-ages-dans-un-contexte-de-distanciation-sociale\/#primaryimage"},"thumbnailUrl":"https:\/\/interamerica.org\/wp-content\/uploads\/2020\/04\/earl-daniel-christiansted-ncc.jpg","datePublished":"2020-04-23T03:58:33+00:00","dateModified":"2020-04-24T14:51:45+00:00","author":{"@id":"https:\/\/interamerica.org\/fr\/#\/schema\/person\/29998f2bc2d8bd0d38662909289b54f1"},"breadcrumb":{"@id":"https:\/\/interamerica.org\/fr\/2020\/04\/a-sainte-croix-leglise-adventiste-aide-les-membres-ages-dans-un-contexte-de-distanciation-sociale\/#breadcrumb"},"inLanguage":"fr-FR","potentialAction":[{"@type":"ReadAction","target":["https:\/\/interamerica.org\/fr\/2020\/04\/a-sainte-croix-leglise-adventiste-aide-les-membres-ages-dans-un-contexte-de-distanciation-sociale\/"]}]},{"@type":"ImageObject","inLanguage":"fr-FR","@id":"https:\/\/interamerica.org\/fr\/2020\/04\/a-sainte-croix-leglise-adventiste-aide-les-membres-ages-dans-un-contexte-de-distanciation-sociale\/#primaryimage","url":"https:\/\/interamerica.org\/wp-content\/uploads\/2020\/04\/earl-daniel-christiansted-ncc.jpg","contentUrl":"https:\/\/interamerica.org\/wp-content\/uploads\/2020\/04\/earl-daniel-christiansted-ncc.jpg","width":1000,"height":667,"caption":"[Photo : F\u00e9d\u00e9ration du Nord de la Cara\u00efbe]"},{"@type":"BreadcrumbList","@id":"https:\/\/interamerica.org\/fr\/2020\/04\/a-sainte-croix-leglise-adventiste-aide-les-membres-ages-dans-un-contexte-de-distanciation-sociale\/#breadcrumb","itemListElement":[{"@type":"ListItem","position":1,"name":"Home","item":"https:\/\/interamerica.org\/fr\/"},{"@type":"ListItem","position":2,"name":"\u00c0 Sainte-Croix, l\u2019\u00c9glise adventiste aide les membres \u00e2g\u00e9s dans un contexte de distanciation sociale"}]},{"@type":"WebSite","@id":"https:\/\/interamerica.org\/fr\/#website","url":"https:\/\/interamerica.org\/fr\/","name":"\u00c9glise Adventiste Du Septieme Jour - Inter Am\u00e9rique Division","description":"","potentialAction":[{"@type":"SearchAction","target":{"@type":"EntryPoint","urlTemplate":"https:\/\/interamerica.org\/fr\/?s={search_term_string}"},"query-input":{"@type":"PropertyValueSpecification","valueRequired":true,"valueName":"search_term_string"}}],"inLanguage":"fr-FR"},{"@type":"Person","@id":"https:\/\/interamerica.org\/fr\/#\/schema\/person\/29998f2bc2d8bd0d38662909289b54f1","name":"libna","image":{"@type":"ImageObject","inLanguage":"fr-FR","@id":"https:\/\/secure.gravatar.com\/avatar\/7c5bd30ae4b47a9ba3c856590957fd1d96dc588bf3ac05719d247e126840331f?s=96&d=mm&r=g","url":"https:\/\/secure.gravatar.com\/avatar\/7c5bd30ae4b47a9ba3c856590957fd1d96dc588bf3ac05719d247e126840331f?s=96&d=mm&r=g","contentUrl":"https:\/\/secure.gravatar.com\/avatar\/7c5bd30ae4b47a9ba3c856590957fd1d96dc588bf3ac05719d247e126840331f?s=96&d=mm&r=g","caption":"libna"}}]}},"_links":{"self":[{"href":"https:\/\/interamerica.org\/fr\/wp-json\/wp\/v2\/posts\/57975","targetHints":{"allow":["GET"]}}],"collection":[{"href":"https:\/\/interamerica.org\/fr\/wp-json\/wp\/v2\/posts"}],"about":[{"href":"https:\/\/interamerica.org\/fr\/wp-json\/wp\/v2\/types\/post"}],"author":[{"embeddable":true,"href":"https:\/\/interamerica.org\/fr\/wp-json\/wp\/v2\/users\/3"}],"replies":[{"embeddable":true,"href":"https:\/\/interamerica.org\/fr\/wp-json\/wp\/v2\/comments?post=57975"}],"version-history":[{"count":0,"href":"https:\/\/interamerica.org\/fr\/wp-json\/wp\/v2\/posts\/57975\/revisions"}],"wp:featuredmedia":[{"embeddable":true,"href":"https:\/\/interamerica.org\/fr\/wp-json\/wp\/v2\/media\/57949"}],"wp:attachment":[{"href":"https:\/\/interamerica.org\/fr\/wp-json\/wp\/v2\/media?parent=57975"}],"wp:term":[{"taxonomy":"category","embeddable":true,"href":"https:\/\/interamerica.org\/fr\/wp-json\/wp\/v2\/categories?post=57975"},{"taxonomy":"post_tag","embeddable":true,"href":"https:\/\/interamerica.org\/fr\/wp-json\/wp\/v2\/tags?post=57975"}],"curies":[{"name":"wp","href":"https:\/\/api.w.org\/{rel}","templated":true}]}}