{"id":58010,"date":"2020-04-23T13:25:07","date_gmt":"2020-04-23T17:25:07","guid":{"rendered":"https:\/\/recursing-golick.147-182-135-0.plesk.page\/?p=58010"},"modified":"2020-04-23T21:58:05","modified_gmt":"2020-04-24T01:58:05","slug":"les-droits-au-royaume","status":"publish","type":"post","link":"https:\/\/interamerica.org\/fr\/2020\/04\/les-droits-au-royaume\/","title":{"rendered":"Les droits au Royaume"},"content":{"rendered":"<p><span class=\"byline-news\">23 Avril 2020 | Silver Spring, Maryland, \u00c9tats-Unis | Par Tim Aka<\/span><\/p>\n<p><span class=\"cap\">V<\/span>ingt-deux millions d\u2019emplois perdus en un mois aux \u00c9tats-Unis ! Ce chiffre est impressionnant car il balaie l\u2019essentiel des gains d\u2019emploi r\u00e9alis\u00e9s depuis la crise financi\u00e8re mondiale de 2008. Et avec cette crise qui ne devrait probablement pas se r\u00e9sorber de sit\u00f4t, il semble que ce nombre va certainement augmenter. La crise du COVID-19 a r\u00e9v\u00e9l\u00e9 la faiblesse de nombreuses finances familiales, car les trois quarts des Am\u00e9ricains vivaient en comptant uniquement sur l\u2019arriv\u00e9e de leur salaire mensuel m\u00eame avant la crise. La baisse du niveau de vie en Occident sera acc\u00e9l\u00e9r\u00e9e par cette crise. De nombreuses familles auront du mal \u00e0 subvenir \u00e0 leurs besoins essentiels.<\/p>\n<p>Qu\u2019est-ce que cela signifiera en termes de capacit\u00e9 pour nos familles, et en particulier pour nos jeunes, \u00e0 r\u00e9aliser leurs r\u00eaves et leurs aspirations ? Selon la hi\u00e9rarchie des besoins de Maslow, nous avons besoin que nos besoins de base en nourriture, abri et s\u00e9curit\u00e9 soient satisfaits afin que nous puissions passer au niveau sup\u00e9rieur. Nous avons \u00e9galement besoin que notre sentiment d\u2019appartenance et de communaut\u00e9 continue de cro\u00eetre, ce que le virus nous a tous enlev\u00e9. En 1943, Abraham Maslow a propos\u00e9 son mod\u00e8le de sant\u00e9 psychologique et de d\u00e9veloppement humain. Ce mod\u00e8le est maintenant bien accept\u00e9 et constitue une base pour les soins de sant\u00e9, l\u2019\u00e9ducation et d\u2019autres domaines du d\u00e9veloppement humain. L\u2019importance de r\u00e9pondre aux besoins de base pour que les humains r\u00e9alisent leur plein potentiel est tr\u00e8s largement admise.<\/p>\n<p>Par co\u00efncidence, en 1943, vers la fin de la Seconde Guerre mondiale, John Maynard Keynes d\u2019Angleterre et Harry White des \u00c9tats-Unis ont jet\u00e9 les bases de l\u2019Accord de Bretton Woods, qui a \u00e9tabli le cadre de la reconstruction de l\u2019\u00e9conomie mondiale apr\u00e8s la guerre. Un accord a donc \u00e9t\u00e9 conclu qui a pos\u00e9 les bases de la reconstruction de l\u2019\u00e9conomie mondiale apr\u00e8s la guerre. La pierre angulaire de cet accord a \u00e9t\u00e9 l\u2019\u00e9tablissement du dollar am\u00e9ricain comme devise mondiale de transaction et de r\u00e9serve. Les \u00c9tats-Unis sont effectivement devenus le banquier du monde et est, depuis lors, la puissance financi\u00e8re dominante. Jamais au cours de l\u2019histoire du monde, nous n\u2019avons connu le niveau de prosp\u00e9rit\u00e9 atteint dans cette \u00e8re du dollar. Les besoins de base de Maslow \u00e9taient satisfaits et de nombreuses personnes atteignaient le sommet de \u00ab la r\u00e9alisation personnelle. \u00bb Mais le d\u00e9clin \u00e9conomique provoqu\u00e9 par le COVID-19, sera-t-il la bombe \u00e0 neutrons qui an\u00e9antira les aspirations de plusieurs g\u00e9n\u00e9rations ?<\/p>\n<p>Des ann\u00e9es avant Maslow, un autre cadre a \u00e9t\u00e9 pr\u00e9sent\u00e9 et une proclamation a \u00e9t\u00e9 faite. Le cadre disait : \u00ab Heureux les pauvres en esprit, car le royaume des cieux est \u00e0 eux ! \u00bb et \u00ab Heureux les afflig\u00e9s, car ils seront consol\u00e9s ! \u00bb \u00ab Heureux ceux qui ont faim et soif de la justice, car ils seront rassasi\u00e9s ! \u00bb \u00ab Heureux ceux qui sont pers\u00e9cut\u00e9s \u2026, car le royaume des cieux est \u00e0 eux ! \u00bb (<a class=\"rtBibleRef\" href=\"https:\/\/biblia.com\/bible\/nkjv\/Matt.%205.%203-10\" target=\"_blank\" rel=\"noopener noreferrer\" data-reference=\"Matt. 5. 3-10\" data-version=\"nkjv\" data-purpose=\"bible-reference\">Matt. 5: 3-10<\/a>). Un pauvre charpentier originaire du pire quartier du pays a d\u00e9crit un concept diff\u00e9rent du d\u00e9veloppement humain. Un concept qui ne n\u00e9cessitait aucune richesse mat\u00e9rielle pour \u00eatre r\u00e9alis\u00e9. Un concept qui a donn\u00e9 un grand espoir aux pauvres et aux d\u00e9favoris\u00e9s dans le monde. \u00c0 une \u00e9poque o\u00f9 la richesse \u00e9tait consid\u00e9r\u00e9e comme un embl\u00e8me de l\u2019approbation de Dieu, les pauvres ont re\u00e7u cette bonne nouvelle et cette promesse avec joie et \u00e9tonnement.<br \/>\nDe plus, ce Paysan proclamait que le royaume des cieux \u00e9tait proche. Que ce royaume venait \u00e0 eux, en d\u00e9pit de leur pauvret\u00e9 et de leur mis\u00e8re. Cette affirmation audacieuse a \u00e9t\u00e9 accueillie avec m\u00e9pris par les \u00e9lites, mais embrass\u00e9e par ceux qui n\u2019avaient aucun espoir. Ce Pauvre disait que ce royaume \u00e9tait comme du levain. Si vous en aviez juste une pinc\u00e9e, cela changerait compl\u00e8tement la nature de celui dans lequel il \u00e9tait plac\u00e9, de l\u2019int\u00e9rieur vers l\u2019ext\u00e9rieur. Si vous en aviez un aper\u00e7u, tout le reste perdrait sa valeur, et rien, sinon l\u2019\u00e9change complet de tout ce que nous poss\u00e9dons contre ce tr\u00e9sor, ne satisferait notre \u00e2me.<br \/>\nLe Christ a inaugur\u00e9 ce royaume il y a 2000 ans et nous l\u2019a offert comme mod\u00e8le de sant\u00e9 psychologique et de d\u00e9veloppement humain. A quoi pourrions-nous aspirer de plus que d\u2019\u00eatre les h\u00e9ritiers du royaume des cieux ? M\u00eame coh\u00e9ritiers avec Christ ? Dans notre prosp\u00e9rit\u00e9 moderne, nous avons peut-\u00eatre perdu de vue ce royaume et la destin\u00e9e \u00e9lev\u00e9e qu\u2019il offrait aux humains. Et plus encore, peut-\u00eatre que nous, adventistes, attendant le retour du Christ, avons oubli\u00e9 l\u2019\u00e9l\u00e9ment le plus crucial de la proclamation du Christ. Un \u00e9l\u00e9ment qu\u2019il a r\u00e9p\u00e9t\u00e9 de nombreuses fois. Le royaume des cieux\u00a0<em>est<\/em>\u00a0proche ! Le royaume du Christ a commenc\u00e9 il y a 2000 ans, m\u00eame si nous attendons la r\u00e9alisation future de cette promesse.<br \/>\n\u00ab C\u2019est en vivant sous l\u2019influence de la gr\u00e2ce du Christ que se forme notre caract\u00e8re&#8230; Les qualit\u00e9s du Christ nous sont communiqu\u00e9es et l\u2019image du divin retrouve sa splendeur. Les visages des hommes et des femmes qui marchent et qui travaillent avec Dieu rayonnent d\u2019une paix c\u00e9leste.\u00a0<em>Pour de telles \u00e2mes, le royaume de Dieu a d\u00e9j\u00e0 commenc\u00e9 <\/em>.\u00bb<sup>*<\/sup><\/p>\n<p>Le Christ a march\u00e9 \u00e9troitement avec juste un petit groupe de personnes pour les aider \u00e0 saisir la vision de ce royaume, parce qu\u2019il savait que s\u2019ils y parvenaient, ils embraseraient le monde. \u00c0 quoi ressembleraient nos \u00e9glises si nous, en tant que chr\u00e9tiens, embrassions vraiment la proclamation de J\u00e9sus et acceptions son invitation \u00e0 faire partie de son royaume aujourd\u2019hui ? Qu\u2019est-ce que cela signifierait pour un monde vivant dans la peur et l\u2019incertitude, de voir des visages rayonner de la paix du ciel ? Et si nous vivions comme si le royaume des cieux avait d\u00e9j\u00e0 commenc\u00e9 ?<\/p>\n<div>\n<p><sup>*<\/sup>Ellen G. White,\u00a0<em>J\u00e9sus-Christ\u00a0<\/em>(Mountain View, Calif.: Pacific Press Pub. Assn., 1898),\u00e9ditions fran\u00e7aise : Edition Vie et Sant\u00e9, Damarie Les Lys, 1992), p. 302 (emphase de l&rsquo;auteur).<\/p>\n<p><em><strong>Tim Aka<\/strong>\u00a0est tr\u00e9sorier adjoint et directeur des investissements pour la Conf\u00e9rence G\u00e9n\u00e9rale des adventistes du septi\u00e8me jour \u00e0 Silver Spring, dans le Maryland.<\/em><\/p>\n<\/div>\n<p>Traduction: Patrick Luciathe<\/p>\n","protected":false},"excerpt":{"rendered":"<p>23 Avril 2020 | Silver Spring, Maryland, \u00c9tats-Unis | Par Tim Aka Vingt-deux millions d\u2019emplois perdus en un mois aux \u00c9tats-Unis ! Ce chiffre est impressionnant car il balaie l\u2019essentiel&#8230;<\/p>\n","protected":false},"author":3,"featured_media":57963,"comment_status":"open","ping_status":"closed","sticky":false,"template":"","format":"standard","meta":{"_acf_changed":false,"footnotes":""},"categories":[18,19],"tags":[],"class_list":["post-58010","post","type-post","status-publish","format-standard","has-post-thumbnail","hentry","category-nouvelles-de-leglise-mondiale","category-rss-francais"],"acf":[],"yoast_head":"<!-- This site is optimized with the Yoast SEO plugin v27.3 - https:\/\/yoast.com\/product\/yoast-seo-wordpress\/ -->\n<title>Les droits au Royaume - \u00c9glise Adventiste Du Septieme Jour - Inter Am\u00e9rique Division<\/title>\n<meta name=\"robots\" content=\"index, follow, max-snippet:-1, max-image-preview:large, max-video-preview:-1\" \/>\n<link rel=\"canonical\" href=\"https:\/\/interamerica.org\/fr\/2020\/04\/les-droits-au-royaume\/\" \/>\n<meta property=\"og:locale\" content=\"fr_FR\" \/>\n<meta property=\"og:type\" content=\"article\" \/>\n<meta property=\"og:title\" content=\"Les droits au Royaume - \u00c9glise Adventiste Du Septieme Jour - Inter Am\u00e9rique Division\" \/>\n<meta property=\"og:description\" content=\"23 Avril 2020 | Silver Spring, Maryland, \u00c9tats-Unis | Par Tim Aka Vingt-deux millions d\u2019emplois perdus en un mois aux \u00c9tats-Unis ! Ce chiffre est impressionnant car il balaie l\u2019essentiel...\" \/>\n<meta property=\"og:url\" content=\"https:\/\/interamerica.org\/fr\/2020\/04\/les-droits-au-royaume\/\" \/>\n<meta property=\"og:site_name\" content=\"\u00c9glise Adventiste Du Septieme Jour - Inter Am\u00e9rique Division\" \/>\n<meta property=\"article:published_time\" content=\"2020-04-23T17:25:07+00:00\" \/>\n<meta property=\"article:modified_time\" content=\"2020-04-24T01:58:05+00:00\" \/>\n<meta property=\"og:image\" content=\"https:\/\/interamerica.org\/wp-content\/uploads\/2020\/04\/crisis-markus-winkler-trcafmv5vk-unsplash.jpg\" \/>\n\t<meta property=\"og:image:width\" content=\"1280\" \/>\n\t<meta property=\"og:image:height\" content=\"800\" \/>\n\t<meta property=\"og:image:type\" content=\"image\/jpeg\" \/>\n<meta name=\"author\" content=\"libna\" \/>\n<meta name=\"twitter:card\" content=\"summary_large_image\" \/>\n<meta name=\"twitter:label1\" content=\"\u00c9crit par\" \/>\n\t<meta name=\"twitter:data1\" content=\"libna\" \/>\n\t<meta name=\"twitter:label2\" content=\"Dur\u00e9e de lecture estim\u00e9e\" \/>\n\t<meta name=\"twitter:data2\" content=\"6 minutes\" \/>\n<script type=\"application\/ld+json\" class=\"yoast-schema-graph\">{\"@context\":\"https:\\\/\\\/schema.org\",\"@graph\":[{\"@type\":\"Article\",\"@id\":\"https:\\\/\\\/interamerica.org\\\/fr\\\/2020\\\/04\\\/les-droits-au-royaume\\\/#article\",\"isPartOf\":{\"@id\":\"https:\\\/\\\/interamerica.org\\\/fr\\\/2020\\\/04\\\/les-droits-au-royaume\\\/\"},\"author\":{\"name\":\"libna\",\"@id\":\"https:\\\/\\\/interamerica.org\\\/fr\\\/#\\\/schema\\\/person\\\/29998f2bc2d8bd0d38662909289b54f1\"},\"headline\":\"Les droits au Royaume\",\"datePublished\":\"2020-04-23T17:25:07+00:00\",\"dateModified\":\"2020-04-24T01:58:05+00:00\",\"mainEntityOfPage\":{\"@id\":\"https:\\\/\\\/interamerica.org\\\/fr\\\/2020\\\/04\\\/les-droits-au-royaume\\\/\"},\"wordCount\":1106,\"commentCount\":0,\"image\":{\"@id\":\"https:\\\/\\\/interamerica.org\\\/fr\\\/2020\\\/04\\\/les-droits-au-royaume\\\/#primaryimage\"},\"thumbnailUrl\":\"https:\\\/\\\/interamerica.org\\\/wp-content\\\/uploads\\\/2020\\\/04\\\/crisis-markus-winkler-trcafmv5vk-unsplash.jpg\",\"articleSection\":[\"Nouvelles de l'\u00c9glise mondiale\",\"RSS Fran\u00e7ais\"],\"inLanguage\":\"fr-FR\",\"potentialAction\":[{\"@type\":\"CommentAction\",\"name\":\"Comment\",\"target\":[\"https:\\\/\\\/interamerica.org\\\/fr\\\/2020\\\/04\\\/les-droits-au-royaume\\\/#respond\"]}]},{\"@type\":\"WebPage\",\"@id\":\"https:\\\/\\\/interamerica.org\\\/fr\\\/2020\\\/04\\\/les-droits-au-royaume\\\/\",\"url\":\"https:\\\/\\\/interamerica.org\\\/fr\\\/2020\\\/04\\\/les-droits-au-royaume\\\/\",\"name\":\"Les droits au Royaume - \u00c9glise Adventiste Du Septieme Jour - Inter Am\u00e9rique Division\",\"isPartOf\":{\"@id\":\"https:\\\/\\\/interamerica.org\\\/fr\\\/#website\"},\"primaryImageOfPage\":{\"@id\":\"https:\\\/\\\/interamerica.org\\\/fr\\\/2020\\\/04\\\/les-droits-au-royaume\\\/#primaryimage\"},\"image\":{\"@id\":\"https:\\\/\\\/interamerica.org\\\/fr\\\/2020\\\/04\\\/les-droits-au-royaume\\\/#primaryimage\"},\"thumbnailUrl\":\"https:\\\/\\\/interamerica.org\\\/wp-content\\\/uploads\\\/2020\\\/04\\\/crisis-markus-winkler-trcafmv5vk-unsplash.jpg\",\"datePublished\":\"2020-04-23T17:25:07+00:00\",\"dateModified\":\"2020-04-24T01:58:05+00:00\",\"author\":{\"@id\":\"https:\\\/\\\/interamerica.org\\\/fr\\\/#\\\/schema\\\/person\\\/29998f2bc2d8bd0d38662909289b54f1\"},\"breadcrumb\":{\"@id\":\"https:\\\/\\\/interamerica.org\\\/fr\\\/2020\\\/04\\\/les-droits-au-royaume\\\/#breadcrumb\"},\"inLanguage\":\"fr-FR\",\"potentialAction\":[{\"@type\":\"ReadAction\",\"target\":[\"https:\\\/\\\/interamerica.org\\\/fr\\\/2020\\\/04\\\/les-droits-au-royaume\\\/\"]}]},{\"@type\":\"ImageObject\",\"inLanguage\":\"fr-FR\",\"@id\":\"https:\\\/\\\/interamerica.org\\\/fr\\\/2020\\\/04\\\/les-droits-au-royaume\\\/#primaryimage\",\"url\":\"https:\\\/\\\/interamerica.org\\\/wp-content\\\/uploads\\\/2020\\\/04\\\/crisis-markus-winkler-trcafmv5vk-unsplash.jpg\",\"contentUrl\":\"https:\\\/\\\/interamerica.org\\\/wp-content\\\/uploads\\\/2020\\\/04\\\/crisis-markus-winkler-trcafmv5vk-unsplash.jpg\",\"width\":1280,\"height\":800},{\"@type\":\"BreadcrumbList\",\"@id\":\"https:\\\/\\\/interamerica.org\\\/fr\\\/2020\\\/04\\\/les-droits-au-royaume\\\/#breadcrumb\",\"itemListElement\":[{\"@type\":\"ListItem\",\"position\":1,\"name\":\"Home\",\"item\":\"https:\\\/\\\/interamerica.org\\\/fr\\\/\"},{\"@type\":\"ListItem\",\"position\":2,\"name\":\"Les droits au Royaume\"}]},{\"@type\":\"WebSite\",\"@id\":\"https:\\\/\\\/interamerica.org\\\/fr\\\/#website\",\"url\":\"https:\\\/\\\/interamerica.org\\\/fr\\\/\",\"name\":\"\u00c9glise Adventiste Du Septieme Jour - Inter Am\u00e9rique Division\",\"description\":\"\",\"potentialAction\":[{\"@type\":\"SearchAction\",\"target\":{\"@type\":\"EntryPoint\",\"urlTemplate\":\"https:\\\/\\\/interamerica.org\\\/fr\\\/?s={search_term_string}\"},\"query-input\":{\"@type\":\"PropertyValueSpecification\",\"valueRequired\":true,\"valueName\":\"search_term_string\"}}],\"inLanguage\":\"fr-FR\"},{\"@type\":\"Person\",\"@id\":\"https:\\\/\\\/interamerica.org\\\/fr\\\/#\\\/schema\\\/person\\\/29998f2bc2d8bd0d38662909289b54f1\",\"name\":\"libna\",\"image\":{\"@type\":\"ImageObject\",\"inLanguage\":\"fr-FR\",\"@id\":\"https:\\\/\\\/secure.gravatar.com\\\/avatar\\\/7c5bd30ae4b47a9ba3c856590957fd1d96dc588bf3ac05719d247e126840331f?s=96&d=mm&r=g\",\"url\":\"https:\\\/\\\/secure.gravatar.com\\\/avatar\\\/7c5bd30ae4b47a9ba3c856590957fd1d96dc588bf3ac05719d247e126840331f?s=96&d=mm&r=g\",\"contentUrl\":\"https:\\\/\\\/secure.gravatar.com\\\/avatar\\\/7c5bd30ae4b47a9ba3c856590957fd1d96dc588bf3ac05719d247e126840331f?s=96&d=mm&r=g\",\"caption\":\"libna\"}}]}<\/script>\n<!-- \/ Yoast SEO plugin. -->","yoast_head_json":{"title":"Les droits au Royaume - \u00c9glise Adventiste Du Septieme Jour - Inter Am\u00e9rique Division","robots":{"index":"index","follow":"follow","max-snippet":"max-snippet:-1","max-image-preview":"max-image-preview:large","max-video-preview":"max-video-preview:-1"},"canonical":"https:\/\/interamerica.org\/fr\/2020\/04\/les-droits-au-royaume\/","og_locale":"fr_FR","og_type":"article","og_title":"Les droits au Royaume - \u00c9glise Adventiste Du Septieme Jour - Inter Am\u00e9rique Division","og_description":"23 Avril 2020 | Silver Spring, Maryland, \u00c9tats-Unis | Par Tim Aka Vingt-deux millions d\u2019emplois perdus en un mois aux \u00c9tats-Unis ! Ce chiffre est impressionnant car il balaie l\u2019essentiel...","og_url":"https:\/\/interamerica.org\/fr\/2020\/04\/les-droits-au-royaume\/","og_site_name":"\u00c9glise Adventiste Du Septieme Jour - Inter Am\u00e9rique Division","article_published_time":"2020-04-23T17:25:07+00:00","article_modified_time":"2020-04-24T01:58:05+00:00","og_image":[{"width":1280,"height":800,"url":"https:\/\/interamerica.org\/wp-content\/uploads\/2020\/04\/crisis-markus-winkler-trcafmv5vk-unsplash.jpg","type":"image\/jpeg"}],"author":"libna","twitter_card":"summary_large_image","twitter_misc":{"\u00c9crit par":"libna","Dur\u00e9e de lecture estim\u00e9e":"6 minutes"},"schema":{"@context":"https:\/\/schema.org","@graph":[{"@type":"Article","@id":"https:\/\/interamerica.org\/fr\/2020\/04\/les-droits-au-royaume\/#article","isPartOf":{"@id":"https:\/\/interamerica.org\/fr\/2020\/04\/les-droits-au-royaume\/"},"author":{"name":"libna","@id":"https:\/\/interamerica.org\/fr\/#\/schema\/person\/29998f2bc2d8bd0d38662909289b54f1"},"headline":"Les droits au Royaume","datePublished":"2020-04-23T17:25:07+00:00","dateModified":"2020-04-24T01:58:05+00:00","mainEntityOfPage":{"@id":"https:\/\/interamerica.org\/fr\/2020\/04\/les-droits-au-royaume\/"},"wordCount":1106,"commentCount":0,"image":{"@id":"https:\/\/interamerica.org\/fr\/2020\/04\/les-droits-au-royaume\/#primaryimage"},"thumbnailUrl":"https:\/\/interamerica.org\/wp-content\/uploads\/2020\/04\/crisis-markus-winkler-trcafmv5vk-unsplash.jpg","articleSection":["Nouvelles de l'\u00c9glise mondiale","RSS Fran\u00e7ais"],"inLanguage":"fr-FR","potentialAction":[{"@type":"CommentAction","name":"Comment","target":["https:\/\/interamerica.org\/fr\/2020\/04\/les-droits-au-royaume\/#respond"]}]},{"@type":"WebPage","@id":"https:\/\/interamerica.org\/fr\/2020\/04\/les-droits-au-royaume\/","url":"https:\/\/interamerica.org\/fr\/2020\/04\/les-droits-au-royaume\/","name":"Les droits au Royaume - \u00c9glise Adventiste Du Septieme Jour - Inter Am\u00e9rique Division","isPartOf":{"@id":"https:\/\/interamerica.org\/fr\/#website"},"primaryImageOfPage":{"@id":"https:\/\/interamerica.org\/fr\/2020\/04\/les-droits-au-royaume\/#primaryimage"},"image":{"@id":"https:\/\/interamerica.org\/fr\/2020\/04\/les-droits-au-royaume\/#primaryimage"},"thumbnailUrl":"https:\/\/interamerica.org\/wp-content\/uploads\/2020\/04\/crisis-markus-winkler-trcafmv5vk-unsplash.jpg","datePublished":"2020-04-23T17:25:07+00:00","dateModified":"2020-04-24T01:58:05+00:00","author":{"@id":"https:\/\/interamerica.org\/fr\/#\/schema\/person\/29998f2bc2d8bd0d38662909289b54f1"},"breadcrumb":{"@id":"https:\/\/interamerica.org\/fr\/2020\/04\/les-droits-au-royaume\/#breadcrumb"},"inLanguage":"fr-FR","potentialAction":[{"@type":"ReadAction","target":["https:\/\/interamerica.org\/fr\/2020\/04\/les-droits-au-royaume\/"]}]},{"@type":"ImageObject","inLanguage":"fr-FR","@id":"https:\/\/interamerica.org\/fr\/2020\/04\/les-droits-au-royaume\/#primaryimage","url":"https:\/\/interamerica.org\/wp-content\/uploads\/2020\/04\/crisis-markus-winkler-trcafmv5vk-unsplash.jpg","contentUrl":"https:\/\/interamerica.org\/wp-content\/uploads\/2020\/04\/crisis-markus-winkler-trcafmv5vk-unsplash.jpg","width":1280,"height":800},{"@type":"BreadcrumbList","@id":"https:\/\/interamerica.org\/fr\/2020\/04\/les-droits-au-royaume\/#breadcrumb","itemListElement":[{"@type":"ListItem","position":1,"name":"Home","item":"https:\/\/interamerica.org\/fr\/"},{"@type":"ListItem","position":2,"name":"Les droits au Royaume"}]},{"@type":"WebSite","@id":"https:\/\/interamerica.org\/fr\/#website","url":"https:\/\/interamerica.org\/fr\/","name":"\u00c9glise Adventiste Du Septieme Jour - Inter Am\u00e9rique Division","description":"","potentialAction":[{"@type":"SearchAction","target":{"@type":"EntryPoint","urlTemplate":"https:\/\/interamerica.org\/fr\/?s={search_term_string}"},"query-input":{"@type":"PropertyValueSpecification","valueRequired":true,"valueName":"search_term_string"}}],"inLanguage":"fr-FR"},{"@type":"Person","@id":"https:\/\/interamerica.org\/fr\/#\/schema\/person\/29998f2bc2d8bd0d38662909289b54f1","name":"libna","image":{"@type":"ImageObject","inLanguage":"fr-FR","@id":"https:\/\/secure.gravatar.com\/avatar\/7c5bd30ae4b47a9ba3c856590957fd1d96dc588bf3ac05719d247e126840331f?s=96&d=mm&r=g","url":"https:\/\/secure.gravatar.com\/avatar\/7c5bd30ae4b47a9ba3c856590957fd1d96dc588bf3ac05719d247e126840331f?s=96&d=mm&r=g","contentUrl":"https:\/\/secure.gravatar.com\/avatar\/7c5bd30ae4b47a9ba3c856590957fd1d96dc588bf3ac05719d247e126840331f?s=96&d=mm&r=g","caption":"libna"}}]}},"_links":{"self":[{"href":"https:\/\/interamerica.org\/fr\/wp-json\/wp\/v2\/posts\/58010","targetHints":{"allow":["GET"]}}],"collection":[{"href":"https:\/\/interamerica.org\/fr\/wp-json\/wp\/v2\/posts"}],"about":[{"href":"https:\/\/interamerica.org\/fr\/wp-json\/wp\/v2\/types\/post"}],"author":[{"embeddable":true,"href":"https:\/\/interamerica.org\/fr\/wp-json\/wp\/v2\/users\/3"}],"replies":[{"embeddable":true,"href":"https:\/\/interamerica.org\/fr\/wp-json\/wp\/v2\/comments?post=58010"}],"version-history":[{"count":0,"href":"https:\/\/interamerica.org\/fr\/wp-json\/wp\/v2\/posts\/58010\/revisions"}],"wp:featuredmedia":[{"embeddable":true,"href":"https:\/\/interamerica.org\/fr\/wp-json\/wp\/v2\/media\/57963"}],"wp:attachment":[{"href":"https:\/\/interamerica.org\/fr\/wp-json\/wp\/v2\/media?parent=58010"}],"wp:term":[{"taxonomy":"category","embeddable":true,"href":"https:\/\/interamerica.org\/fr\/wp-json\/wp\/v2\/categories?post=58010"},{"taxonomy":"post_tag","embeddable":true,"href":"https:\/\/interamerica.org\/fr\/wp-json\/wp\/v2\/tags?post=58010"}],"curies":[{"name":"wp","href":"https:\/\/api.w.org\/{rel}","templated":true}]}}