{"id":58045,"date":"2020-04-26T12:48:38","date_gmt":"2020-04-26T16:48:38","guid":{"rendered":"https:\/\/recursing-golick.147-182-135-0.plesk.page\/?p=58045"},"modified":"2020-04-26T21:23:37","modified_gmt":"2020-04-27T01:23:37","slug":"le-message-nest-pas-confine","status":"publish","type":"post","link":"https:\/\/interamerica.org\/fr\/2020\/04\/le-message-nest-pas-confine\/","title":{"rendered":"Le message n\u2019est pas confin\u00e9"},"content":{"rendered":"<p>26 Avril 2020 | Miami, Floride, \u00c9tats-Unis | Par Melchor Ferreyra, Division Inter Am\u00e9ricaine<\/p>\n<p>Pour accomplir notre mission, il nous faut de trois \u00e9l\u00e9ments. Nous avons besoin d\u2019un <em>message<\/em>, un <em>messager<\/em>, et d&rsquo;un <em>moyen<\/em>. Les temps sont difficiles actuellement car nous vivons une crise au cours de laquelle le monde est perturb\u00e9 par la pand\u00e9mie de COVID-19 ; nos membres d\u2019\u00e9glise et nos pasteurs sont dans l\u2019isolement, et par cons\u00e9quent l\u2019un de ces trois \u00e9l\u00e9ments a \u00e9t\u00e9 consid\u00e9rablement affect\u00e9 : les messagers sont en confinement. Ceci, cependant, ne devrait pas briser la cha\u00eene logique de l\u2019accomplissement de notre mission.<\/p>\n<p>Nous devons nous lever et proclamer d\u2019une voix forte que notre message n\u2019est pas en quarantaine, car notre message vient de Dieu, et tout ce qui vient de lui ne peut jamais \u00e9chouer. M\u00eame pendant le confinement, les messagers continuent de pr\u00eacher l\u2019\u00e9vangile du salut \u00e0 des millions de personnes qui ont d\u00e9sesp\u00e9r\u00e9ment besoin d\u2019entendre une parole d\u2019esp\u00e9rance.<\/p>\n<p>De nombreuses personnes ont besoin que nous leur pr\u00e9sentions un message d\u2019espoir au milieu du chaos actuel. M\u00eame dans notre confinement, nous pouvons partager avec eux des paroles encourageantes. L\u2019ap\u00f4tre Paul l\u2019a tr\u00e8s bien compris quand il a \u00e9crit : \u00ab pour lequel je souffre jusqu\u2019\u00e0 \u00eatre li\u00e9 comme un malfaiteur. Mais la parole de Dieu n&rsquo;est pas li\u00e9e. \u00bb (2 Timoth\u00e9e 2 : 9). Il avait raison : notre message et la Parole de Dieu ne sont certainement pas confin\u00e9s.<\/p>\n<p>Un membre de ma famille m\u2019a appel\u00e9 de New York, me disant : \u00ab Je te demande de bien vouloir prier pour nous. Ma femme et moi avons \u00e9t\u00e9 infect\u00e9s par le COVID-19. \u00bb Cette personne n\u2019est pas un adventiste du septi\u00e8me jour ; ce n\u2019est m\u00eame pas quelqu\u2019un de religieux et il ne va pas \u00e0 l\u2019\u00e9glise. En fait, dans le pass\u00e9, il a eu l\u2019occasion de dire que le travail et l\u2019argent \u00e9taient sa religion. Maintenant, cependant, au milieu de ses difficult\u00e9s \u00e0 respirer, il appelle \u00e0 l\u2019aide, demandant que le message qu\u2019il avait entendu autrefois agisse d\u00e9sormais dans sa vie. En bon messager, je lui ai dit qu\u2019il y avait encore de l\u2019espoir pour lui et sa femme, que Dieu n\u2019est pas en confinement, qu\u2019il est r\u00e9el et qu\u2019ils devraient avoir confiance dans le fait que Dieu accomplira sa volont\u00e9 dans leur vie.<\/p>\n<p>\u00ab Nous devons planifier avec sagesse, afin que les gens aient l\u2019occasion d\u2019entendre pour eux-m\u00eames le dernier message de mis\u00e9ricorde au monde. Les gens devraient \u00eatre invit\u00e9s \u00e0 se pr\u00e9parer pour le grand jour de Dieu, qui est sur le point d\u2019arriver. Nous n\u2019avons pas de temps \u00e0 perdre. Nous devons faire tout notre possible pour atteindre les hommes l\u00e0 o\u00f9 ils sont, \u00bb (<em>Testimonies for the Church, <\/em>vol. 6, p. 40). Nous sommes en confinement, mais le message lui n\u2019est pas confin\u00e9. Dans ce contexte, le messager peut \u00eatre un agent d\u2019esp\u00e9rance par le biais des diff\u00e9rents r\u00e9seaux sociaux et des plateformes de communication qui sont \u00e0 notre disposition.<\/p>\n<p>Dieu pourrait accomplir cette \u0153uvre ind\u00e9pendamment de nous, mais il ne le fait pas, car il veut que nous nous impliquions dans cette \u0153uvre merveilleuse. Dieu compte sur vous, messager actuellement confin\u00e9, pour atteindre les autres avec Son message.<\/p>\n<p>\u00ab Le Christ n\u2019a pas choisi des anges qui ne sont pas tomb\u00e9s, pour le repr\u00e9senter aupr\u00e8s des hommes; mais des \u00eatres humains, sujets aux m\u00eames passions que ceux qu\u2019ils cherchent \u00e0 sauver. La collaboration du divin et de l\u2019humain \u00e9tant n\u00e9cessaire pour sauver le monde, le Christ a rev\u00eatu l\u2019humanit\u00e9. La divinit\u00e9 avait besoin de l\u2019humanit\u00e9, afin que l\u2019humanit\u00e9 e\u00fbt un moyen de communication avec Dieu. \u00bb (<em>J\u00e9sus-Christ<\/em>, p. 285).<\/p>\n<p>L\u2019histoire et les \u00c9critures t\u00e9moignent du fait que lorsque Dieu a besoin d\u2019hommes pour son service, il ne les recherche pas parmi les oisifs, mais choisit ceux qui sont actifs et qui r\u00e9ussissent dans leurs divers domaines d\u2019activit\u00e9, comme Mo\u00efse, G\u00e9d\u00e9on, \u00c9lis\u00e9e, David, N\u00e9h\u00e9mie, Pierre, Andr\u00e9, Jacques et Jean. Et vous, mon cher fr\u00e8re ou ma ch\u00e8re s\u0153ur, il y a aussi une place pour vous. Ne laissez pas le confinement vous d\u00e9courager. Au contraire, laissez-le vous pousser \u00e0 donner de l&rsquo;espoir \u00e0 ceux qui en ont besoin.<\/p>\n<p>\u00ab Des agents humains et divins sont associ\u00e9s dans l\u2019\u0153uvre pour lesalut des \u00e2mes. Dieu a fait sa part, les chr\u00e9tiens doivent maintenant faire la leur. Dieu les appelle \u00e0 cela. Il s\u2019attend \u00e0 ce que son peupleprenne part \u00e0 la proclamation de la lumi\u00e8re de la v\u00e9rit\u00e9 \u00e0 toutes lesnations. Qui veut entrer en collaboration avec le Seigneur J\u00e9sus-Christ ? \u00bb (<em>Instructions pour un Service Chr\u00e9tien Effectif, <\/em>p. 91)<em>.<\/em><\/p>\n<p>Qu\u2019en est-il des moyens ? N\u2019oubliez pas que c\u2019est l\u2019un des maillons dans la s\u00e9quence logique pour la r\u00e9alisation de notre mission.<\/p>\n<p>\u00ab Il faut introduire de nouvelles m\u00e9thodes. Le peuple de Dieu doit prendre conscience des besoins de l&rsquo;\u00e9poque dans laquelle il vit. Dieu dispose d&rsquo;hommes qu&rsquo;il d\u00e9sire appeler pour son service \u2014 d&rsquo;hommes qui n&rsquo;accompliront pas leur t\u00e2che avec nonchalance, comme ce fut le cas dans le pass\u00e9.\u2026. Il ne saurait exister de r\u00e8gles intangibles; notre \u0153uvre est en mouvement, et il faut faire en sorte que nos m\u00e9thodes soient am\u00e9lior\u00e9es. Mais sous la direction du Saint-Esprit, l&rsquo;unit\u00e9 doit \u00eatre et sera sauvegard\u00e9e. \u00bb (<em>\u00c9vangeliser<\/em>, pp. 70, 102).<\/p>\n<p>Nous devons insuffler une nouvelle vie dans les anciennes m\u00e9thodes. Nous devons repenser nos m\u00e9thodes. \u00ab Il nous faut des hommes qui prient le Seigneur pour obtenir la sagesse, qui apportent une vie nouvelle dans les vieilles m\u00e9thodes de travail, et peuvent imaginer de nouveaux plans pour \u00e9veiller l&rsquo;int\u00e9r\u00eat des membres d&rsquo;\u00e9glise, afin d&rsquo;atteindre les hommes et les femmes de ce monde. \u00bb (<em>Ibid.<\/em>, p. 102).<\/p>\n<p>Pour conclure, permettez-moi de souligner que nous devons :<\/p>\n<ol>\n<li>1. Permettre l\u2019union de la puissance divine \u00e0 l\u2019effort humain. \u00ab Le secret du succ\u00e8s, c\u2019est l\u2019union conjugu\u00e9e de la puissance divine avec l\u2019effort de l\u2019homme. Ceux qui obtiennent les plus grands r\u00e9sultats sont ceux qui s\u2019appuient de la fa\u00e7on la plus compl\u00e8te sur le bras du Tout-Puissant. \u00bb (<em>Le Colporteur \u00c9vang\u00e9liste<\/em>, p. 122).<\/li>\n<\/ol>\n<p>&nbsp;<\/p>\n<ol start=\"2\">\n<li>Accomplir le travail dans la pri\u00e8re fervente. \u00ab Ces ouvriers ne pourront pas r\u00e9ussir vraiment tant qu&rsquo;ils n&rsquo;auront pas appris le secret de la force. Ils doivent prendre le temps de penser, de prier, d&rsquo;attendre de Dieu le renouvellement de leurs \u00e9nergies physiques, mentales, spirituelles. \u00bb (<em>\u00c9ducation<\/em>, p. 293).<\/li>\n<\/ol>\n<p>&nbsp;<\/p>\n<ol start=\"3\">\n<li>Suivre les m\u00e9thodes du Christ. \u00ab La m\u00e9thode du Christ pour sauver les \u00e2mes est la seule qui r\u00e9ussisse. Il se m\u00ealait aux hommes pour leur faire du bien, leur t\u00e9moignant sa sympathie, les soulageant et gagnant leur confiance. Puis il leur disait: \u2018Suivez-moi.\u2019 \u00bb(<em>Minist\u00e8re de la Gu\u00e9rison,<\/em> p. 118).<\/li>\n<\/ol>\n<p>&nbsp;<\/p>\n<ol start=\"4\">\n<li>Vaincre les difficult\u00e9s par la foi. \u00ab D\u2019autres sont disciplin\u00e9s par le d\u00e9sappointement, par des \u00e9checs apparents. Le dessein de Dieu est de leur apprendre \u00e0 vaincre les difficult\u00e9s. Il leur inspire la d\u00e9termination de changer en victoire une apparente d\u00e9faite. \u00bb (<em>Minist\u00e8re \u00c9vang\u00e9lique<\/em>, p. 263).<\/li>\n<\/ol>\n<p>&nbsp;<\/p>\n<ol start=\"5\">\n<li>Vivre notre vie chr\u00e9tienne. \u00ab Qu\u2019il soit \u00e9crit sur la conscience comme avec une plume de fer sur le rocher, que le v\u00e9ritable succ\u00e8s, que ce soit pour cette vie ou pour la vie \u00e0 venir, ne peut \u00eatre assur\u00e9 que par une adh\u00e9sion fid\u00e8le aux principes \u00e9ternels de la justice. \u00bb(<em>Testimonies for the church<\/em>, t. 7, p. 163).<\/li>\n<\/ol>\n<p>Que Dieu nous aide \u00e0 avoir plus d\u2019assurance pour accomplir notre mission.<\/p>\n<p><em>Melchor Ferreyra est le directeur des Minist\u00e8res Personnels de la Division Inter Am\u00e9ricaine des adventistes du septi\u00e8me jour.<\/em><\/p>\n<p>Traduction: Patrick Luciathe<\/p>\n","protected":false},"excerpt":{"rendered":"<p>26 Avril 2020 | Miami, Floride, \u00c9tats-Unis | Par Melchor Ferreyra, Division Inter Am\u00e9ricaine Pour accomplir notre mission, il nous faut de trois \u00e9l\u00e9ments. Nous avons besoin d\u2019un message, un&#8230;<\/p>\n","protected":false},"author":3,"featured_media":58027,"comment_status":"open","ping_status":"closed","sticky":false,"template":"","format":"standard","meta":{"_acf_changed":false,"footnotes":""},"categories":[20,19],"tags":[],"class_list":["post-58045","post","type-post","status-publish","format-standard","has-post-thumbnail","hentry","category-nouvelles-du-siege-de-la-division","category-rss-francais"],"acf":[],"yoast_head":"<!-- This site is optimized with the Yoast SEO plugin v27.3 - https:\/\/yoast.com\/product\/yoast-seo-wordpress\/ -->\n<title>Le message n\u2019est pas confin\u00e9 - \u00c9glise Adventiste Du Septieme Jour - Inter Am\u00e9rique Division<\/title>\n<meta name=\"robots\" content=\"index, follow, max-snippet:-1, max-image-preview:large, max-video-preview:-1\" \/>\n<link rel=\"canonical\" href=\"https:\/\/interamerica.org\/fr\/2020\/04\/le-message-nest-pas-confine\/\" \/>\n<meta property=\"og:locale\" content=\"fr_FR\" \/>\n<meta property=\"og:type\" content=\"article\" \/>\n<meta property=\"og:title\" content=\"Le message n\u2019est pas confin\u00e9 - \u00c9glise Adventiste Du Septieme Jour - Inter Am\u00e9rique Division\" \/>\n<meta property=\"og:description\" content=\"26 Avril 2020 | Miami, Floride, \u00c9tats-Unis | Par Melchor Ferreyra, Division Inter Am\u00e9ricaine Pour accomplir notre mission, il nous faut de trois \u00e9l\u00e9ments. Nous avons besoin d\u2019un message, un...\" \/>\n<meta property=\"og:url\" content=\"https:\/\/interamerica.org\/fr\/2020\/04\/le-message-nest-pas-confine\/\" \/>\n<meta property=\"og:site_name\" content=\"\u00c9glise Adventiste Du Septieme Jour - Inter Am\u00e9rique Division\" \/>\n<meta property=\"article:published_time\" content=\"2020-04-26T16:48:38+00:00\" \/>\n<meta property=\"article:modified_time\" content=\"2020-04-27T01:23:37+00:00\" \/>\n<meta property=\"og:image\" content=\"https:\/\/interamerica.org\/wp-content\/uploads\/2020\/04\/bible-rod-long-drgrzqqsjda-unsplash1280.jpg\" \/>\n\t<meta property=\"og:image:width\" content=\"1000\" \/>\n\t<meta property=\"og:image:height\" content=\"667\" \/>\n\t<meta property=\"og:image:type\" content=\"image\/jpeg\" \/>\n<meta name=\"author\" content=\"libna\" \/>\n<meta name=\"twitter:card\" content=\"summary_large_image\" \/>\n<meta name=\"twitter:label1\" content=\"\u00c9crit par\" \/>\n\t<meta name=\"twitter:data1\" content=\"libna\" \/>\n\t<meta name=\"twitter:label2\" content=\"Dur\u00e9e de lecture estim\u00e9e\" \/>\n\t<meta name=\"twitter:data2\" content=\"7 minutes\" \/>\n<script type=\"application\/ld+json\" class=\"yoast-schema-graph\">{\"@context\":\"https:\\\/\\\/schema.org\",\"@graph\":[{\"@type\":\"Article\",\"@id\":\"https:\\\/\\\/interamerica.org\\\/fr\\\/2020\\\/04\\\/le-message-nest-pas-confine\\\/#article\",\"isPartOf\":{\"@id\":\"https:\\\/\\\/interamerica.org\\\/fr\\\/2020\\\/04\\\/le-message-nest-pas-confine\\\/\"},\"author\":{\"name\":\"libna\",\"@id\":\"https:\\\/\\\/interamerica.org\\\/fr\\\/#\\\/schema\\\/person\\\/29998f2bc2d8bd0d38662909289b54f1\"},\"headline\":\"Le message n\u2019est pas confin\u00e9\",\"datePublished\":\"2020-04-26T16:48:38+00:00\",\"dateModified\":\"2020-04-27T01:23:37+00:00\",\"mainEntityOfPage\":{\"@id\":\"https:\\\/\\\/interamerica.org\\\/fr\\\/2020\\\/04\\\/le-message-nest-pas-confine\\\/\"},\"wordCount\":1355,\"commentCount\":0,\"image\":{\"@id\":\"https:\\\/\\\/interamerica.org\\\/fr\\\/2020\\\/04\\\/le-message-nest-pas-confine\\\/#primaryimage\"},\"thumbnailUrl\":\"https:\\\/\\\/interamerica.org\\\/wp-content\\\/uploads\\\/2020\\\/04\\\/bible-rod-long-drgrzqqsjda-unsplash1280.jpg\",\"articleSection\":[\"Nouvelles du si\u00e8ge de la division\",\"RSS Fran\u00e7ais\"],\"inLanguage\":\"fr-FR\",\"potentialAction\":[{\"@type\":\"CommentAction\",\"name\":\"Comment\",\"target\":[\"https:\\\/\\\/interamerica.org\\\/fr\\\/2020\\\/04\\\/le-message-nest-pas-confine\\\/#respond\"]}]},{\"@type\":\"WebPage\",\"@id\":\"https:\\\/\\\/interamerica.org\\\/fr\\\/2020\\\/04\\\/le-message-nest-pas-confine\\\/\",\"url\":\"https:\\\/\\\/interamerica.org\\\/fr\\\/2020\\\/04\\\/le-message-nest-pas-confine\\\/\",\"name\":\"Le message n\u2019est pas confin\u00e9 - \u00c9glise Adventiste Du Septieme Jour - Inter Am\u00e9rique Division\",\"isPartOf\":{\"@id\":\"https:\\\/\\\/interamerica.org\\\/fr\\\/#website\"},\"primaryImageOfPage\":{\"@id\":\"https:\\\/\\\/interamerica.org\\\/fr\\\/2020\\\/04\\\/le-message-nest-pas-confine\\\/#primaryimage\"},\"image\":{\"@id\":\"https:\\\/\\\/interamerica.org\\\/fr\\\/2020\\\/04\\\/le-message-nest-pas-confine\\\/#primaryimage\"},\"thumbnailUrl\":\"https:\\\/\\\/interamerica.org\\\/wp-content\\\/uploads\\\/2020\\\/04\\\/bible-rod-long-drgrzqqsjda-unsplash1280.jpg\",\"datePublished\":\"2020-04-26T16:48:38+00:00\",\"dateModified\":\"2020-04-27T01:23:37+00:00\",\"author\":{\"@id\":\"https:\\\/\\\/interamerica.org\\\/fr\\\/#\\\/schema\\\/person\\\/29998f2bc2d8bd0d38662909289b54f1\"},\"breadcrumb\":{\"@id\":\"https:\\\/\\\/interamerica.org\\\/fr\\\/2020\\\/04\\\/le-message-nest-pas-confine\\\/#breadcrumb\"},\"inLanguage\":\"fr-FR\",\"potentialAction\":[{\"@type\":\"ReadAction\",\"target\":[\"https:\\\/\\\/interamerica.org\\\/fr\\\/2020\\\/04\\\/le-message-nest-pas-confine\\\/\"]}]},{\"@type\":\"ImageObject\",\"inLanguage\":\"fr-FR\",\"@id\":\"https:\\\/\\\/interamerica.org\\\/fr\\\/2020\\\/04\\\/le-message-nest-pas-confine\\\/#primaryimage\",\"url\":\"https:\\\/\\\/interamerica.org\\\/wp-content\\\/uploads\\\/2020\\\/04\\\/bible-rod-long-drgrzqqsjda-unsplash1280.jpg\",\"contentUrl\":\"https:\\\/\\\/interamerica.org\\\/wp-content\\\/uploads\\\/2020\\\/04\\\/bible-rod-long-drgrzqqsjda-unsplash1280.jpg\",\"width\":1000,\"height\":667,\"caption\":\"[Photo: Unsplash]\"},{\"@type\":\"BreadcrumbList\",\"@id\":\"https:\\\/\\\/interamerica.org\\\/fr\\\/2020\\\/04\\\/le-message-nest-pas-confine\\\/#breadcrumb\",\"itemListElement\":[{\"@type\":\"ListItem\",\"position\":1,\"name\":\"Home\",\"item\":\"https:\\\/\\\/interamerica.org\\\/fr\\\/\"},{\"@type\":\"ListItem\",\"position\":2,\"name\":\"Le message n\u2019est pas confin\u00e9\"}]},{\"@type\":\"WebSite\",\"@id\":\"https:\\\/\\\/interamerica.org\\\/fr\\\/#website\",\"url\":\"https:\\\/\\\/interamerica.org\\\/fr\\\/\",\"name\":\"\u00c9glise Adventiste Du Septieme Jour - Inter Am\u00e9rique Division\",\"description\":\"\",\"potentialAction\":[{\"@type\":\"SearchAction\",\"target\":{\"@type\":\"EntryPoint\",\"urlTemplate\":\"https:\\\/\\\/interamerica.org\\\/fr\\\/?s={search_term_string}\"},\"query-input\":{\"@type\":\"PropertyValueSpecification\",\"valueRequired\":true,\"valueName\":\"search_term_string\"}}],\"inLanguage\":\"fr-FR\"},{\"@type\":\"Person\",\"@id\":\"https:\\\/\\\/interamerica.org\\\/fr\\\/#\\\/schema\\\/person\\\/29998f2bc2d8bd0d38662909289b54f1\",\"name\":\"libna\",\"image\":{\"@type\":\"ImageObject\",\"inLanguage\":\"fr-FR\",\"@id\":\"https:\\\/\\\/secure.gravatar.com\\\/avatar\\\/7c5bd30ae4b47a9ba3c856590957fd1d96dc588bf3ac05719d247e126840331f?s=96&d=mm&r=g\",\"url\":\"https:\\\/\\\/secure.gravatar.com\\\/avatar\\\/7c5bd30ae4b47a9ba3c856590957fd1d96dc588bf3ac05719d247e126840331f?s=96&d=mm&r=g\",\"contentUrl\":\"https:\\\/\\\/secure.gravatar.com\\\/avatar\\\/7c5bd30ae4b47a9ba3c856590957fd1d96dc588bf3ac05719d247e126840331f?s=96&d=mm&r=g\",\"caption\":\"libna\"}}]}<\/script>\n<!-- \/ Yoast SEO plugin. -->","yoast_head_json":{"title":"Le message n\u2019est pas confin\u00e9 - \u00c9glise Adventiste Du Septieme Jour - Inter Am\u00e9rique Division","robots":{"index":"index","follow":"follow","max-snippet":"max-snippet:-1","max-image-preview":"max-image-preview:large","max-video-preview":"max-video-preview:-1"},"canonical":"https:\/\/interamerica.org\/fr\/2020\/04\/le-message-nest-pas-confine\/","og_locale":"fr_FR","og_type":"article","og_title":"Le message n\u2019est pas confin\u00e9 - \u00c9glise Adventiste Du Septieme Jour - Inter Am\u00e9rique Division","og_description":"26 Avril 2020 | Miami, Floride, \u00c9tats-Unis | Par Melchor Ferreyra, Division Inter Am\u00e9ricaine Pour accomplir notre mission, il nous faut de trois \u00e9l\u00e9ments. Nous avons besoin d\u2019un message, un...","og_url":"https:\/\/interamerica.org\/fr\/2020\/04\/le-message-nest-pas-confine\/","og_site_name":"\u00c9glise Adventiste Du Septieme Jour - Inter Am\u00e9rique Division","article_published_time":"2020-04-26T16:48:38+00:00","article_modified_time":"2020-04-27T01:23:37+00:00","og_image":[{"width":1000,"height":667,"url":"https:\/\/interamerica.org\/wp-content\/uploads\/2020\/04\/bible-rod-long-drgrzqqsjda-unsplash1280.jpg","type":"image\/jpeg"}],"author":"libna","twitter_card":"summary_large_image","twitter_misc":{"\u00c9crit par":"libna","Dur\u00e9e de lecture estim\u00e9e":"7 minutes"},"schema":{"@context":"https:\/\/schema.org","@graph":[{"@type":"Article","@id":"https:\/\/interamerica.org\/fr\/2020\/04\/le-message-nest-pas-confine\/#article","isPartOf":{"@id":"https:\/\/interamerica.org\/fr\/2020\/04\/le-message-nest-pas-confine\/"},"author":{"name":"libna","@id":"https:\/\/interamerica.org\/fr\/#\/schema\/person\/29998f2bc2d8bd0d38662909289b54f1"},"headline":"Le message n\u2019est pas confin\u00e9","datePublished":"2020-04-26T16:48:38+00:00","dateModified":"2020-04-27T01:23:37+00:00","mainEntityOfPage":{"@id":"https:\/\/interamerica.org\/fr\/2020\/04\/le-message-nest-pas-confine\/"},"wordCount":1355,"commentCount":0,"image":{"@id":"https:\/\/interamerica.org\/fr\/2020\/04\/le-message-nest-pas-confine\/#primaryimage"},"thumbnailUrl":"https:\/\/interamerica.org\/wp-content\/uploads\/2020\/04\/bible-rod-long-drgrzqqsjda-unsplash1280.jpg","articleSection":["Nouvelles du si\u00e8ge de la division","RSS Fran\u00e7ais"],"inLanguage":"fr-FR","potentialAction":[{"@type":"CommentAction","name":"Comment","target":["https:\/\/interamerica.org\/fr\/2020\/04\/le-message-nest-pas-confine\/#respond"]}]},{"@type":"WebPage","@id":"https:\/\/interamerica.org\/fr\/2020\/04\/le-message-nest-pas-confine\/","url":"https:\/\/interamerica.org\/fr\/2020\/04\/le-message-nest-pas-confine\/","name":"Le message n\u2019est pas confin\u00e9 - \u00c9glise Adventiste Du Septieme Jour - Inter Am\u00e9rique Division","isPartOf":{"@id":"https:\/\/interamerica.org\/fr\/#website"},"primaryImageOfPage":{"@id":"https:\/\/interamerica.org\/fr\/2020\/04\/le-message-nest-pas-confine\/#primaryimage"},"image":{"@id":"https:\/\/interamerica.org\/fr\/2020\/04\/le-message-nest-pas-confine\/#primaryimage"},"thumbnailUrl":"https:\/\/interamerica.org\/wp-content\/uploads\/2020\/04\/bible-rod-long-drgrzqqsjda-unsplash1280.jpg","datePublished":"2020-04-26T16:48:38+00:00","dateModified":"2020-04-27T01:23:37+00:00","author":{"@id":"https:\/\/interamerica.org\/fr\/#\/schema\/person\/29998f2bc2d8bd0d38662909289b54f1"},"breadcrumb":{"@id":"https:\/\/interamerica.org\/fr\/2020\/04\/le-message-nest-pas-confine\/#breadcrumb"},"inLanguage":"fr-FR","potentialAction":[{"@type":"ReadAction","target":["https:\/\/interamerica.org\/fr\/2020\/04\/le-message-nest-pas-confine\/"]}]},{"@type":"ImageObject","inLanguage":"fr-FR","@id":"https:\/\/interamerica.org\/fr\/2020\/04\/le-message-nest-pas-confine\/#primaryimage","url":"https:\/\/interamerica.org\/wp-content\/uploads\/2020\/04\/bible-rod-long-drgrzqqsjda-unsplash1280.jpg","contentUrl":"https:\/\/interamerica.org\/wp-content\/uploads\/2020\/04\/bible-rod-long-drgrzqqsjda-unsplash1280.jpg","width":1000,"height":667,"caption":"[Photo: Unsplash]"},{"@type":"BreadcrumbList","@id":"https:\/\/interamerica.org\/fr\/2020\/04\/le-message-nest-pas-confine\/#breadcrumb","itemListElement":[{"@type":"ListItem","position":1,"name":"Home","item":"https:\/\/interamerica.org\/fr\/"},{"@type":"ListItem","position":2,"name":"Le message n\u2019est pas confin\u00e9"}]},{"@type":"WebSite","@id":"https:\/\/interamerica.org\/fr\/#website","url":"https:\/\/interamerica.org\/fr\/","name":"\u00c9glise Adventiste Du Septieme Jour - Inter Am\u00e9rique Division","description":"","potentialAction":[{"@type":"SearchAction","target":{"@type":"EntryPoint","urlTemplate":"https:\/\/interamerica.org\/fr\/?s={search_term_string}"},"query-input":{"@type":"PropertyValueSpecification","valueRequired":true,"valueName":"search_term_string"}}],"inLanguage":"fr-FR"},{"@type":"Person","@id":"https:\/\/interamerica.org\/fr\/#\/schema\/person\/29998f2bc2d8bd0d38662909289b54f1","name":"libna","image":{"@type":"ImageObject","inLanguage":"fr-FR","@id":"https:\/\/secure.gravatar.com\/avatar\/7c5bd30ae4b47a9ba3c856590957fd1d96dc588bf3ac05719d247e126840331f?s=96&d=mm&r=g","url":"https:\/\/secure.gravatar.com\/avatar\/7c5bd30ae4b47a9ba3c856590957fd1d96dc588bf3ac05719d247e126840331f?s=96&d=mm&r=g","contentUrl":"https:\/\/secure.gravatar.com\/avatar\/7c5bd30ae4b47a9ba3c856590957fd1d96dc588bf3ac05719d247e126840331f?s=96&d=mm&r=g","caption":"libna"}}]}},"_links":{"self":[{"href":"https:\/\/interamerica.org\/fr\/wp-json\/wp\/v2\/posts\/58045","targetHints":{"allow":["GET"]}}],"collection":[{"href":"https:\/\/interamerica.org\/fr\/wp-json\/wp\/v2\/posts"}],"about":[{"href":"https:\/\/interamerica.org\/fr\/wp-json\/wp\/v2\/types\/post"}],"author":[{"embeddable":true,"href":"https:\/\/interamerica.org\/fr\/wp-json\/wp\/v2\/users\/3"}],"replies":[{"embeddable":true,"href":"https:\/\/interamerica.org\/fr\/wp-json\/wp\/v2\/comments?post=58045"}],"version-history":[{"count":0,"href":"https:\/\/interamerica.org\/fr\/wp-json\/wp\/v2\/posts\/58045\/revisions"}],"wp:featuredmedia":[{"embeddable":true,"href":"https:\/\/interamerica.org\/fr\/wp-json\/wp\/v2\/media\/58027"}],"wp:attachment":[{"href":"https:\/\/interamerica.org\/fr\/wp-json\/wp\/v2\/media?parent=58045"}],"wp:term":[{"taxonomy":"category","embeddable":true,"href":"https:\/\/interamerica.org\/fr\/wp-json\/wp\/v2\/categories?post=58045"},{"taxonomy":"post_tag","embeddable":true,"href":"https:\/\/interamerica.org\/fr\/wp-json\/wp\/v2\/tags?post=58045"}],"curies":[{"name":"wp","href":"https:\/\/api.w.org\/{rel}","templated":true}]}}