{"id":58070,"date":"2020-04-27T20:21:34","date_gmt":"2020-04-28T00:21:34","guid":{"rendered":"https:\/\/recursing-golick.147-182-135-0.plesk.page\/?p=58070"},"modified":"2020-04-27T22:08:58","modified_gmt":"2020-04-28T02:08:58","slug":"de-laide-dadra-pour-les-travailleurs-de-la-sante-de-loma-linda-en-californie","status":"publish","type":"post","link":"https:\/\/interamerica.org\/fr\/2020\/04\/de-laide-dadra-pour-les-travailleurs-de-la-sante-de-loma-linda-en-californie\/","title":{"rendered":"De l\u2019aide d\u2019ADRA pour les travailleurs de la sant\u00e9 de Loma Linda, en Californie"},"content":{"rendered":"<div id=\"attachment_58054\" style=\"width: 814px\" class=\"wp-caption aligncenter\"><img fetchpriority=\"high\" decoding=\"async\" aria-describedby=\"caption-attachment-58054\" class=\" wp-image-58053\" src=\"https:\/\/recursing-golick.147-182-135-0.plesk.page\/wp-content\/uploads\/2020\/04\/csm-adra-1-adventist-development-and-relief-agency-aids-healthcare-workers-in-loma-linda-california-a8ab62f2aa.jpg\" alt=\"\" width=\"804\" height=\"452\" srcset=\"https:\/\/interamerica.org\/wp-content\/uploads\/2020\/04\/csm-adra-1-adventist-development-and-relief-agency-aids-healthcare-workers-in-loma-linda-california-a8ab62f2aa.jpg 672w, https:\/\/interamerica.org\/wp-content\/uploads\/2020\/04\/csm-adra-1-adventist-development-and-relief-agency-aids-healthcare-workers-in-loma-linda-california-a8ab62f2aa-300x169.jpg 300w\" sizes=\"(max-width: 804px) 100vw, 804px\" \/><p id=\"caption-attachment-58054\" class=\"wp-caption-text\"><span lang=\"FR-CA\">Rachelle Bussell, vice-pr\u00e9sident pour l\u2019avancement du LLUH, exprime son appr\u00e9ciation \u00e0 ADRA avec un signe de la main en forme de c\u0153ur pour la livraison de palettes d\u2019\u00e9quipement de protection individuelle. Une photo offerte par le LLUH. <\/span><\/p><\/div>\n<p>Le 27 avril 2020 | Silver Spring, Maryland, \u00c9tats-Unis |\u00a0ADRA International<\/p>\n<p>En cette pand\u00e9mie de COVID-19, les m\u00e9decins, les infirmi\u00e8res et les th\u00e9rapeutes respiratoires sont parmi les innombrables travailleurs de la sant\u00e9 de premi\u00e8re ligne qui livrent une v\u00e9ritable course contre la montre pour soigner de nombreux patients malades. Mais en plus de cette dure bataille, il y a le manque d\u2019\u00e9quipements de protection individuelle (EPI) qui est criant.<\/p>\n<p>Le centre m\u00e9dical de l\u2019Universit\u00e9 de Loma Linda (le LLUH pour <em>Loma Linda University Health<\/em>), qui n\u2019y \u00e9chappe pas, est un important h\u00f4pital universitaire dans le comt\u00e9 sud-californien de San Bernardino. Son personnel travaille sans rel\u00e2che pour assurer \u00e0 la population tous les soins m\u00e9dicaux dont elle a besoin durant la pand\u00e9mie. Mais r\u00e9cemment, les services de l\u2019h\u00f4pital pour adultes du LLUH ont demand\u00e9 l\u2019aide de l\u2019Agence de d\u00e9veloppement et de secours adventiste (ADRA) pour l\u2019obtention d\u2019EPI.<\/p>\n<p>\u00ab\u00a0Il est primordial, en cette p\u00e9riode remplie d\u2019inconnu, de fournir \u00e0 nos travailleurs essentiels le mat\u00e9riel dont ils ont besoin pour demeurer en s\u00e9curit\u00e9. En effet, les membres du personnel du LLUH mettent leur vie en jeu pour le plus grand nombre de personnes possible. Cependant, ils doivent disposer d\u2019\u00e9quipement fiable pour continuer d\u2019offrir les meilleurs soins, a expliqu\u00e9 Michael Kruger, pr\u00e9sident d\u2019ADRA. Nous sommes tr\u00e8s honor\u00e9s que Loma Linda ait pens\u00e9 \u00e0 nous et nous sommes fiers de leur fournir l\u2019aide imm\u00e9diate dont ils ont le plus besoin.\u00a0\u00bb<\/p>\n<p>Les EPI peuvent inclure du mat\u00e9riel protecteur comme des bonnets, des lunettes de s\u00e9curit\u00e9, des \u00e9crans faciaux et d\u2019autres pi\u00e8ces de v\u00eatements. Ces \u00e9l\u00e9ments sont particuli\u00e8rement importants pour les travailleurs de la sant\u00e9 dans la r\u00e9duction de leur exposition aux agents dangereux ou infectieux, comme, bien entendu ici, le coronavirus.<\/p>\n<p>\u00ab\u00a0L\u2019\u00e9clatement d\u2019une crise nous rappelle souvent l\u2019importance de la famille, a comment\u00e9 le Dr Richard H. Hart, pr\u00e9sident du centre m\u00e9dical de l\u2019Universit\u00e9 de Loma Linda. Ce fut du moins l\u2019exp\u00e9rience du LLUH au cours du dernier mois, car c\u2019est avec l\u2019arriv\u00e9e de nombreux cas possibles de COVID-19 dans nos h\u00f4pitaux et cliniques que nous avons fait face \u00e0 la pand\u00e9mie. Nous sommes infiniment reconnaissants envers ADRA, une organisation s\u0153ur, pour son aide \u00e0 obtenir une grande quantit\u00e9 d\u2019EPI pour prot\u00e9ger nos employ\u00e9s durant cette p\u00e9riode si critique.\u00a0\u00bb<\/p>\n<p><strong>\u00c9COUTEZ <\/strong>le message (en anglais) du Dr Hart pour ADRA en cliquant\u00a0<a href=\"https:\/\/vimeo.com\/410297997\/f39004de6b\">ici<\/a>.<\/p>\n<p>Apr\u00e8s la demande du LLUH, ADRA a r\u00e9ussi, en 48\u00a0heures, \u00e0 envoyer pr\u00e8s de 45\u00a0000\u00a0EPI \u00e0 l\u2019unit\u00e9 de gestion des stocks du LLUH, dont des masques\u00a0N95, des blouses d\u2019isolement et des gants.<\/p>\n<p>\u00ab\u00a0Notre priorit\u00e9 absolue demeurera toujours la sant\u00e9 et la s\u00e9curit\u00e9 de nos patients, de nos employ\u00e9s, de nos \u00e9tudiants et de notre communaut\u00e9, a dit Rachelle Bussell, vice-pr\u00e9sidente pour l\u2019avancement. Ce don nous aidera \u00e0 assurer leur protection, une n\u00e9cessit\u00e9 durant l\u2019une des plus urgentes crises de sant\u00e9 publique du si\u00e8cle dernier.\u00a0\u00bb<\/p>\n<p>L\u2019obtention d\u2019EPI constitue sans cesse une difficult\u00e9 pour les h\u00f4pitaux du pays qui vivent avec le rationnement des fournitures m\u00e9dicales et des EPI en pleine pand\u00e9mie, ce qui entra\u00eene une hausse des demandes. On rapporte qu\u2019en banlieue, les h\u00f4pitaux n\u2019ont pas acc\u00e8s \u00e0 des stocks d\u2019EPI aussi rapidement que ceux des grandes villes, les commandes prenant jusqu\u2019\u00e0 25 \u00e0 30\u00a0jours ouvrables \u00e0 \u00eatre livr\u00e9es.<\/p>\n<p>Malgr\u00e9 les ordres de rester \u00e0 la maison, le nombre de personnes affect\u00e9es augmente. Jusqu\u2019en avril, le comt\u00e9 de San Bernardino a connu, \u00e0 lui seul, 72* d\u00e9c\u00e8s et plus de 1\u00a0000* cas confirm\u00e9s de COVID-19. Sur le plan mondial, ce sont plus de 2,6\u00a0millions de personnes qui ont contract\u00e9 le coronavirus, les \u00c9tats-Unis ayant le nombre le plus \u00e9lev\u00e9 de cas avec 900\u00a0000*. (*\u00c9tant donn\u00e9 la propagation incessante de la pand\u00e9mie dans le monde, ces chiffres sont en constante \u00e9volution.)<\/p>\n<p>ADRA fournit des EPI et de l\u2019aide d\u2019urgence relative au coronavirus dans plus de 33\u00a0pays du monde. D\u2019autres renseignements suivront \u00e0 ce sujet avec le d\u00e9roulement de l\u2019histoire.<\/p>\n<p>Vous pouvez lire davantage sur les actions d\u2019ADRA en r\u00e9ponse \u00e0 la COVID-19 sur <a href=\"https:\/\/adra.org\/adra-provides-hope-during-coronavirus\">ADRA.org\/coronavirus<\/a> ou manifester votre soutien en visitant le site <a href=\"http:\/\/adra.org\/CovidResponse\">ADRA.org\/CovidResponse<\/a>.<\/p>\n<p>D\u00e9couvrez-en plus sur la r\u00e9ponse du LLUH \u00e0 la COVID-19 au\u00a0<a href=\"https:\/\/lluh.org\/patients-visitors\/health-wellness\/coronavirus-information-and-updates?rsource=lluh.org\/coronavirus\">https:\/\/lluh.org\/patients-visitors\/health-wellness\/coronavirus-information-and-updates?rsource=lluh.org\/coronavirus<\/a>.<\/p>\n<p>Traduction : Marie-Mich\u00e8le Robitaille<\/p>\n","protected":false},"excerpt":{"rendered":"<p>Le 27 avril 2020 | Silver Spring, Maryland, \u00c9tats-Unis |\u00a0ADRA International En cette pand\u00e9mie de COVID-19, les m\u00e9decins, les infirmi\u00e8res et les th\u00e9rapeutes respiratoires sont parmi les innombrables travailleurs de&#8230;<\/p>\n","protected":false},"author":3,"featured_media":58054,"comment_status":"open","ping_status":"closed","sticky":false,"template":"","format":"standard","meta":{"_acf_changed":false,"footnotes":""},"categories":[18,19],"tags":[],"class_list":["post-58070","post","type-post","status-publish","format-standard","has-post-thumbnail","hentry","category-nouvelles-de-leglise-mondiale","category-rss-francais"],"acf":[],"yoast_head":"<!-- This site is optimized with the Yoast SEO plugin v27.3 - https:\/\/yoast.com\/product\/yoast-seo-wordpress\/ -->\n<title>De l\u2019aide d\u2019ADRA pour les travailleurs de la sant\u00e9 de Loma Linda, en Californie - \u00c9glise Adventiste Du Septieme Jour - Inter Am\u00e9rique Division<\/title>\n<meta name=\"robots\" content=\"index, follow, max-snippet:-1, max-image-preview:large, max-video-preview:-1\" \/>\n<link rel=\"canonical\" href=\"https:\/\/interamerica.org\/fr\/2020\/04\/de-laide-dadra-pour-les-travailleurs-de-la-sante-de-loma-linda-en-californie\/\" \/>\n<meta property=\"og:locale\" content=\"fr_FR\" \/>\n<meta property=\"og:type\" content=\"article\" \/>\n<meta property=\"og:title\" content=\"De l\u2019aide d\u2019ADRA pour les travailleurs de la sant\u00e9 de Loma Linda, en Californie - \u00c9glise Adventiste Du Septieme Jour - Inter Am\u00e9rique Division\" \/>\n<meta property=\"og:description\" content=\"Le 27 avril 2020 | Silver Spring, Maryland, \u00c9tats-Unis |\u00a0ADRA International En cette pand\u00e9mie de COVID-19, les m\u00e9decins, les infirmi\u00e8res et les th\u00e9rapeutes respiratoires sont parmi les innombrables travailleurs de...\" \/>\n<meta property=\"og:url\" content=\"https:\/\/interamerica.org\/fr\/2020\/04\/de-laide-dadra-pour-les-travailleurs-de-la-sante-de-loma-linda-en-californie\/\" \/>\n<meta property=\"og:site_name\" content=\"\u00c9glise Adventiste Du Septieme Jour - Inter Am\u00e9rique Division\" \/>\n<meta property=\"article:published_time\" content=\"2020-04-28T00:21:34+00:00\" \/>\n<meta property=\"article:modified_time\" content=\"2020-04-28T02:08:58+00:00\" \/>\n<meta property=\"og:image\" content=\"https:\/\/interamerica.org\/wp-content\/uploads\/2020\/04\/csm-adra-1-adventist-development-and-relief-agency-aids-healthcare-workers-in-loma-linda-california-a8ab62f2aa.jpg\" \/>\n\t<meta property=\"og:image:width\" content=\"672\" \/>\n\t<meta property=\"og:image:height\" content=\"378\" \/>\n\t<meta property=\"og:image:type\" content=\"image\/jpeg\" \/>\n<meta name=\"author\" content=\"libna\" \/>\n<meta name=\"twitter:card\" content=\"summary_large_image\" \/>\n<meta name=\"twitter:label1\" content=\"\u00c9crit par\" \/>\n\t<meta name=\"twitter:data1\" content=\"libna\" \/>\n\t<meta name=\"twitter:label2\" content=\"Dur\u00e9e de lecture estim\u00e9e\" \/>\n\t<meta name=\"twitter:data2\" content=\"4 minutes\" \/>\n<script type=\"application\/ld+json\" class=\"yoast-schema-graph\">{\"@context\":\"https:\\\/\\\/schema.org\",\"@graph\":[{\"@type\":\"Article\",\"@id\":\"https:\\\/\\\/interamerica.org\\\/fr\\\/2020\\\/04\\\/de-laide-dadra-pour-les-travailleurs-de-la-sante-de-loma-linda-en-californie\\\/#article\",\"isPartOf\":{\"@id\":\"https:\\\/\\\/interamerica.org\\\/fr\\\/2020\\\/04\\\/de-laide-dadra-pour-les-travailleurs-de-la-sante-de-loma-linda-en-californie\\\/\"},\"author\":{\"name\":\"libna\",\"@id\":\"https:\\\/\\\/interamerica.org\\\/fr\\\/#\\\/schema\\\/person\\\/29998f2bc2d8bd0d38662909289b54f1\"},\"headline\":\"De l\u2019aide d\u2019ADRA pour les travailleurs de la sant\u00e9 de Loma Linda, en Californie\",\"datePublished\":\"2020-04-28T00:21:34+00:00\",\"dateModified\":\"2020-04-28T02:08:58+00:00\",\"mainEntityOfPage\":{\"@id\":\"https:\\\/\\\/interamerica.org\\\/fr\\\/2020\\\/04\\\/de-laide-dadra-pour-les-travailleurs-de-la-sante-de-loma-linda-en-californie\\\/\"},\"wordCount\":837,\"commentCount\":0,\"image\":{\"@id\":\"https:\\\/\\\/interamerica.org\\\/fr\\\/2020\\\/04\\\/de-laide-dadra-pour-les-travailleurs-de-la-sante-de-loma-linda-en-californie\\\/#primaryimage\"},\"thumbnailUrl\":\"https:\\\/\\\/interamerica.org\\\/wp-content\\\/uploads\\\/2020\\\/04\\\/csm-adra-1-adventist-development-and-relief-agency-aids-healthcare-workers-in-loma-linda-california-a8ab62f2aa.jpg\",\"articleSection\":[\"Nouvelles de l'\u00c9glise mondiale\",\"RSS Fran\u00e7ais\"],\"inLanguage\":\"fr-FR\",\"potentialAction\":[{\"@type\":\"CommentAction\",\"name\":\"Comment\",\"target\":[\"https:\\\/\\\/interamerica.org\\\/fr\\\/2020\\\/04\\\/de-laide-dadra-pour-les-travailleurs-de-la-sante-de-loma-linda-en-californie\\\/#respond\"]}]},{\"@type\":\"WebPage\",\"@id\":\"https:\\\/\\\/interamerica.org\\\/fr\\\/2020\\\/04\\\/de-laide-dadra-pour-les-travailleurs-de-la-sante-de-loma-linda-en-californie\\\/\",\"url\":\"https:\\\/\\\/interamerica.org\\\/fr\\\/2020\\\/04\\\/de-laide-dadra-pour-les-travailleurs-de-la-sante-de-loma-linda-en-californie\\\/\",\"name\":\"De l\u2019aide d\u2019ADRA pour les travailleurs de la sant\u00e9 de Loma Linda, en Californie - \u00c9glise Adventiste Du Septieme Jour - Inter Am\u00e9rique Division\",\"isPartOf\":{\"@id\":\"https:\\\/\\\/interamerica.org\\\/fr\\\/#website\"},\"primaryImageOfPage\":{\"@id\":\"https:\\\/\\\/interamerica.org\\\/fr\\\/2020\\\/04\\\/de-laide-dadra-pour-les-travailleurs-de-la-sante-de-loma-linda-en-californie\\\/#primaryimage\"},\"image\":{\"@id\":\"https:\\\/\\\/interamerica.org\\\/fr\\\/2020\\\/04\\\/de-laide-dadra-pour-les-travailleurs-de-la-sante-de-loma-linda-en-californie\\\/#primaryimage\"},\"thumbnailUrl\":\"https:\\\/\\\/interamerica.org\\\/wp-content\\\/uploads\\\/2020\\\/04\\\/csm-adra-1-adventist-development-and-relief-agency-aids-healthcare-workers-in-loma-linda-california-a8ab62f2aa.jpg\",\"datePublished\":\"2020-04-28T00:21:34+00:00\",\"dateModified\":\"2020-04-28T02:08:58+00:00\",\"author\":{\"@id\":\"https:\\\/\\\/interamerica.org\\\/fr\\\/#\\\/schema\\\/person\\\/29998f2bc2d8bd0d38662909289b54f1\"},\"breadcrumb\":{\"@id\":\"https:\\\/\\\/interamerica.org\\\/fr\\\/2020\\\/04\\\/de-laide-dadra-pour-les-travailleurs-de-la-sante-de-loma-linda-en-californie\\\/#breadcrumb\"},\"inLanguage\":\"fr-FR\",\"potentialAction\":[{\"@type\":\"ReadAction\",\"target\":[\"https:\\\/\\\/interamerica.org\\\/fr\\\/2020\\\/04\\\/de-laide-dadra-pour-les-travailleurs-de-la-sante-de-loma-linda-en-californie\\\/\"]}]},{\"@type\":\"ImageObject\",\"inLanguage\":\"fr-FR\",\"@id\":\"https:\\\/\\\/interamerica.org\\\/fr\\\/2020\\\/04\\\/de-laide-dadra-pour-les-travailleurs-de-la-sante-de-loma-linda-en-californie\\\/#primaryimage\",\"url\":\"https:\\\/\\\/interamerica.org\\\/wp-content\\\/uploads\\\/2020\\\/04\\\/csm-adra-1-adventist-development-and-relief-agency-aids-healthcare-workers-in-loma-linda-california-a8ab62f2aa.jpg\",\"contentUrl\":\"https:\\\/\\\/interamerica.org\\\/wp-content\\\/uploads\\\/2020\\\/04\\\/csm-adra-1-adventist-development-and-relief-agency-aids-healthcare-workers-in-loma-linda-california-a8ab62f2aa.jpg\",\"width\":672,\"height\":378,\"caption\":\"Rachelle Bussell, vice-pr\u00e9sident pour l\u2019avancement du centre m\u00e9dical LLUH, exprime son appr\u00e9ciation \u00e0 ADRA avec un signe de la main en forme de c\u0153ur pour la livraison de palettes d\u2019\u00e9quipement de protection individuelle. Une photo offerte par le LLUH.\"},{\"@type\":\"BreadcrumbList\",\"@id\":\"https:\\\/\\\/interamerica.org\\\/fr\\\/2020\\\/04\\\/de-laide-dadra-pour-les-travailleurs-de-la-sante-de-loma-linda-en-californie\\\/#breadcrumb\",\"itemListElement\":[{\"@type\":\"ListItem\",\"position\":1,\"name\":\"Home\",\"item\":\"https:\\\/\\\/interamerica.org\\\/fr\\\/\"},{\"@type\":\"ListItem\",\"position\":2,\"name\":\"De l\u2019aide d\u2019ADRA pour les travailleurs de la sant\u00e9 de Loma Linda, en Californie\"}]},{\"@type\":\"WebSite\",\"@id\":\"https:\\\/\\\/interamerica.org\\\/fr\\\/#website\",\"url\":\"https:\\\/\\\/interamerica.org\\\/fr\\\/\",\"name\":\"\u00c9glise Adventiste Du Septieme Jour - Inter Am\u00e9rique Division\",\"description\":\"\",\"potentialAction\":[{\"@type\":\"SearchAction\",\"target\":{\"@type\":\"EntryPoint\",\"urlTemplate\":\"https:\\\/\\\/interamerica.org\\\/fr\\\/?s={search_term_string}\"},\"query-input\":{\"@type\":\"PropertyValueSpecification\",\"valueRequired\":true,\"valueName\":\"search_term_string\"}}],\"inLanguage\":\"fr-FR\"},{\"@type\":\"Person\",\"@id\":\"https:\\\/\\\/interamerica.org\\\/fr\\\/#\\\/schema\\\/person\\\/29998f2bc2d8bd0d38662909289b54f1\",\"name\":\"libna\",\"image\":{\"@type\":\"ImageObject\",\"inLanguage\":\"fr-FR\",\"@id\":\"https:\\\/\\\/secure.gravatar.com\\\/avatar\\\/7c5bd30ae4b47a9ba3c856590957fd1d96dc588bf3ac05719d247e126840331f?s=96&d=mm&r=g\",\"url\":\"https:\\\/\\\/secure.gravatar.com\\\/avatar\\\/7c5bd30ae4b47a9ba3c856590957fd1d96dc588bf3ac05719d247e126840331f?s=96&d=mm&r=g\",\"contentUrl\":\"https:\\\/\\\/secure.gravatar.com\\\/avatar\\\/7c5bd30ae4b47a9ba3c856590957fd1d96dc588bf3ac05719d247e126840331f?s=96&d=mm&r=g\",\"caption\":\"libna\"}}]}<\/script>\n<!-- \/ Yoast SEO plugin. -->","yoast_head_json":{"title":"De l\u2019aide d\u2019ADRA pour les travailleurs de la sant\u00e9 de Loma Linda, en Californie - \u00c9glise Adventiste Du Septieme Jour - Inter Am\u00e9rique Division","robots":{"index":"index","follow":"follow","max-snippet":"max-snippet:-1","max-image-preview":"max-image-preview:large","max-video-preview":"max-video-preview:-1"},"canonical":"https:\/\/interamerica.org\/fr\/2020\/04\/de-laide-dadra-pour-les-travailleurs-de-la-sante-de-loma-linda-en-californie\/","og_locale":"fr_FR","og_type":"article","og_title":"De l\u2019aide d\u2019ADRA pour les travailleurs de la sant\u00e9 de Loma Linda, en Californie - \u00c9glise Adventiste Du Septieme Jour - Inter Am\u00e9rique Division","og_description":"Le 27 avril 2020 | Silver Spring, Maryland, \u00c9tats-Unis |\u00a0ADRA International En cette pand\u00e9mie de COVID-19, les m\u00e9decins, les infirmi\u00e8res et les th\u00e9rapeutes respiratoires sont parmi les innombrables travailleurs de...","og_url":"https:\/\/interamerica.org\/fr\/2020\/04\/de-laide-dadra-pour-les-travailleurs-de-la-sante-de-loma-linda-en-californie\/","og_site_name":"\u00c9glise Adventiste Du Septieme Jour - Inter Am\u00e9rique Division","article_published_time":"2020-04-28T00:21:34+00:00","article_modified_time":"2020-04-28T02:08:58+00:00","og_image":[{"width":672,"height":378,"url":"https:\/\/interamerica.org\/wp-content\/uploads\/2020\/04\/csm-adra-1-adventist-development-and-relief-agency-aids-healthcare-workers-in-loma-linda-california-a8ab62f2aa.jpg","type":"image\/jpeg"}],"author":"libna","twitter_card":"summary_large_image","twitter_misc":{"\u00c9crit par":"libna","Dur\u00e9e de lecture estim\u00e9e":"4 minutes"},"schema":{"@context":"https:\/\/schema.org","@graph":[{"@type":"Article","@id":"https:\/\/interamerica.org\/fr\/2020\/04\/de-laide-dadra-pour-les-travailleurs-de-la-sante-de-loma-linda-en-californie\/#article","isPartOf":{"@id":"https:\/\/interamerica.org\/fr\/2020\/04\/de-laide-dadra-pour-les-travailleurs-de-la-sante-de-loma-linda-en-californie\/"},"author":{"name":"libna","@id":"https:\/\/interamerica.org\/fr\/#\/schema\/person\/29998f2bc2d8bd0d38662909289b54f1"},"headline":"De l\u2019aide d\u2019ADRA pour les travailleurs de la sant\u00e9 de Loma Linda, en Californie","datePublished":"2020-04-28T00:21:34+00:00","dateModified":"2020-04-28T02:08:58+00:00","mainEntityOfPage":{"@id":"https:\/\/interamerica.org\/fr\/2020\/04\/de-laide-dadra-pour-les-travailleurs-de-la-sante-de-loma-linda-en-californie\/"},"wordCount":837,"commentCount":0,"image":{"@id":"https:\/\/interamerica.org\/fr\/2020\/04\/de-laide-dadra-pour-les-travailleurs-de-la-sante-de-loma-linda-en-californie\/#primaryimage"},"thumbnailUrl":"https:\/\/interamerica.org\/wp-content\/uploads\/2020\/04\/csm-adra-1-adventist-development-and-relief-agency-aids-healthcare-workers-in-loma-linda-california-a8ab62f2aa.jpg","articleSection":["Nouvelles de l'\u00c9glise mondiale","RSS Fran\u00e7ais"],"inLanguage":"fr-FR","potentialAction":[{"@type":"CommentAction","name":"Comment","target":["https:\/\/interamerica.org\/fr\/2020\/04\/de-laide-dadra-pour-les-travailleurs-de-la-sante-de-loma-linda-en-californie\/#respond"]}]},{"@type":"WebPage","@id":"https:\/\/interamerica.org\/fr\/2020\/04\/de-laide-dadra-pour-les-travailleurs-de-la-sante-de-loma-linda-en-californie\/","url":"https:\/\/interamerica.org\/fr\/2020\/04\/de-laide-dadra-pour-les-travailleurs-de-la-sante-de-loma-linda-en-californie\/","name":"De l\u2019aide d\u2019ADRA pour les travailleurs de la sant\u00e9 de Loma Linda, en Californie - \u00c9glise Adventiste Du Septieme Jour - Inter Am\u00e9rique Division","isPartOf":{"@id":"https:\/\/interamerica.org\/fr\/#website"},"primaryImageOfPage":{"@id":"https:\/\/interamerica.org\/fr\/2020\/04\/de-laide-dadra-pour-les-travailleurs-de-la-sante-de-loma-linda-en-californie\/#primaryimage"},"image":{"@id":"https:\/\/interamerica.org\/fr\/2020\/04\/de-laide-dadra-pour-les-travailleurs-de-la-sante-de-loma-linda-en-californie\/#primaryimage"},"thumbnailUrl":"https:\/\/interamerica.org\/wp-content\/uploads\/2020\/04\/csm-adra-1-adventist-development-and-relief-agency-aids-healthcare-workers-in-loma-linda-california-a8ab62f2aa.jpg","datePublished":"2020-04-28T00:21:34+00:00","dateModified":"2020-04-28T02:08:58+00:00","author":{"@id":"https:\/\/interamerica.org\/fr\/#\/schema\/person\/29998f2bc2d8bd0d38662909289b54f1"},"breadcrumb":{"@id":"https:\/\/interamerica.org\/fr\/2020\/04\/de-laide-dadra-pour-les-travailleurs-de-la-sante-de-loma-linda-en-californie\/#breadcrumb"},"inLanguage":"fr-FR","potentialAction":[{"@type":"ReadAction","target":["https:\/\/interamerica.org\/fr\/2020\/04\/de-laide-dadra-pour-les-travailleurs-de-la-sante-de-loma-linda-en-californie\/"]}]},{"@type":"ImageObject","inLanguage":"fr-FR","@id":"https:\/\/interamerica.org\/fr\/2020\/04\/de-laide-dadra-pour-les-travailleurs-de-la-sante-de-loma-linda-en-californie\/#primaryimage","url":"https:\/\/interamerica.org\/wp-content\/uploads\/2020\/04\/csm-adra-1-adventist-development-and-relief-agency-aids-healthcare-workers-in-loma-linda-california-a8ab62f2aa.jpg","contentUrl":"https:\/\/interamerica.org\/wp-content\/uploads\/2020\/04\/csm-adra-1-adventist-development-and-relief-agency-aids-healthcare-workers-in-loma-linda-california-a8ab62f2aa.jpg","width":672,"height":378,"caption":"Rachelle Bussell, vice-pr\u00e9sident pour l\u2019avancement du centre m\u00e9dical LLUH, exprime son appr\u00e9ciation \u00e0 ADRA avec un signe de la main en forme de c\u0153ur pour la livraison de palettes d\u2019\u00e9quipement de protection individuelle. Une photo offerte par le LLUH."},{"@type":"BreadcrumbList","@id":"https:\/\/interamerica.org\/fr\/2020\/04\/de-laide-dadra-pour-les-travailleurs-de-la-sante-de-loma-linda-en-californie\/#breadcrumb","itemListElement":[{"@type":"ListItem","position":1,"name":"Home","item":"https:\/\/interamerica.org\/fr\/"},{"@type":"ListItem","position":2,"name":"De l\u2019aide d\u2019ADRA pour les travailleurs de la sant\u00e9 de Loma Linda, en Californie"}]},{"@type":"WebSite","@id":"https:\/\/interamerica.org\/fr\/#website","url":"https:\/\/interamerica.org\/fr\/","name":"\u00c9glise Adventiste Du Septieme Jour - Inter Am\u00e9rique Division","description":"","potentialAction":[{"@type":"SearchAction","target":{"@type":"EntryPoint","urlTemplate":"https:\/\/interamerica.org\/fr\/?s={search_term_string}"},"query-input":{"@type":"PropertyValueSpecification","valueRequired":true,"valueName":"search_term_string"}}],"inLanguage":"fr-FR"},{"@type":"Person","@id":"https:\/\/interamerica.org\/fr\/#\/schema\/person\/29998f2bc2d8bd0d38662909289b54f1","name":"libna","image":{"@type":"ImageObject","inLanguage":"fr-FR","@id":"https:\/\/secure.gravatar.com\/avatar\/7c5bd30ae4b47a9ba3c856590957fd1d96dc588bf3ac05719d247e126840331f?s=96&d=mm&r=g","url":"https:\/\/secure.gravatar.com\/avatar\/7c5bd30ae4b47a9ba3c856590957fd1d96dc588bf3ac05719d247e126840331f?s=96&d=mm&r=g","contentUrl":"https:\/\/secure.gravatar.com\/avatar\/7c5bd30ae4b47a9ba3c856590957fd1d96dc588bf3ac05719d247e126840331f?s=96&d=mm&r=g","caption":"libna"}}]}},"_links":{"self":[{"href":"https:\/\/interamerica.org\/fr\/wp-json\/wp\/v2\/posts\/58070","targetHints":{"allow":["GET"]}}],"collection":[{"href":"https:\/\/interamerica.org\/fr\/wp-json\/wp\/v2\/posts"}],"about":[{"href":"https:\/\/interamerica.org\/fr\/wp-json\/wp\/v2\/types\/post"}],"author":[{"embeddable":true,"href":"https:\/\/interamerica.org\/fr\/wp-json\/wp\/v2\/users\/3"}],"replies":[{"embeddable":true,"href":"https:\/\/interamerica.org\/fr\/wp-json\/wp\/v2\/comments?post=58070"}],"version-history":[{"count":0,"href":"https:\/\/interamerica.org\/fr\/wp-json\/wp\/v2\/posts\/58070\/revisions"}],"wp:featuredmedia":[{"embeddable":true,"href":"https:\/\/interamerica.org\/fr\/wp-json\/wp\/v2\/media\/58054"}],"wp:attachment":[{"href":"https:\/\/interamerica.org\/fr\/wp-json\/wp\/v2\/media?parent=58070"}],"wp:term":[{"taxonomy":"category","embeddable":true,"href":"https:\/\/interamerica.org\/fr\/wp-json\/wp\/v2\/categories?post=58070"},{"taxonomy":"post_tag","embeddable":true,"href":"https:\/\/interamerica.org\/fr\/wp-json\/wp\/v2\/tags?post=58070"}],"curies":[{"name":"wp","href":"https:\/\/api.w.org\/{rel}","templated":true}]}}