{"id":58122,"date":"2020-04-28T20:07:40","date_gmt":"2020-04-29T00:07:40","guid":{"rendered":"https:\/\/recursing-golick.147-182-135-0.plesk.page\/?p=58122"},"modified":"2020-04-28T22:24:06","modified_gmt":"2020-04-29T02:24:06","slug":"ce-que-nous-savons-sur-le-depistage-du-coronavirus","status":"publish","type":"post","link":"https:\/\/interamerica.org\/fr\/2020\/04\/ce-que-nous-savons-sur-le-depistage-du-coronavirus\/","title":{"rendered":"Ce que nous savons sur le d\u00e9pistage du coronavirus"},"content":{"rendered":"<p><span class=\"byline-news\"><span lang=\"FR-CA\">Le 28 avril 2020 | Loma Linda, Californie, \u00c9tats-Unis | Janelle Ringer du d\u00e9partement des nouvelles du Centre m\u00e9dical de l\u2019Universit\u00e9 de Loma Linda <\/span><\/span><\/p>\n<p><span class=\"cap\"><span lang=\"FR-CA\">Avec la propagation du nouveau coronavirus aux \u00c9tats-Unis, les chercheurs des soci\u00e9t\u00e9s priv\u00e9es et de la sant\u00e9 publique ont con\u00e7u plusieurs m\u00e9thodes de d\u00e9pistage, dont certaines peuvent d\u00e9tecter le virus en quelques minutes ou quelques heures.<\/span><\/span><\/p>\n<p><span class=\"cap\"><span lang=\"FR-CA\">De ce fait, il existe deux cat\u00e9gories de tests\u00a0: les tests bas\u00e9s sur la r\u00e9action en cha\u00eene de la polym\u00e9rase (RCP), qui servent \u00e0 d\u00e9tecter la pr\u00e9sence du virus, et les tests s\u00e9rologiques, qui peuvent indiquer si le patient a d\u00e9j\u00e0 ou non combattu le virus.<\/span><\/span><\/p>\n<p><span class=\"cap\"><span lang=\"FR-CA\">En entrevue, Paul C. Herrmann, pathologiste et pr\u00e9sident du d\u00e9partement de pathologie et d\u2019anatomie humaine de la Facult\u00e9 de m\u00e9decine de l\u2019Universit\u00e9 de Loma Linda, a expliqu\u00e9 le fonctionnement de ces tests ainsi que la marche \u00e0 suivre en pr\u00e9sence de sympt\u00f4mes.<\/span><\/span><\/p>\n<p><span class=\"cap\"><span lang=\"FR-CA\">\u00ab\u00a0En savoir plus sur le d\u00e9pistage peut faire diminuer l\u2019anxi\u00e9t\u00e9 et am\u00e9liorer la compr\u00e9hension durant cette p\u00e9riode d\u2019incertitude.\u00a0\u00bb<\/span><\/span><\/p>\n<p><strong><span lang=\"FR-CA\">Le fonctionnement des tests de RCP<\/span><\/strong><\/p>\n<p><span lang=\"FR-CA\">La plupart des tests bas\u00e9s sur la RCP pour la nouvelle souche de coronavirus consistent \u00e0 effectuer un pr\u00e9l\u00e8vement de s\u00e9cr\u00e9tions \u00e0 l\u2019int\u00e9rieur du syst\u00e8me respiratoire d\u2019une personne \u00e0 l\u2019aide d\u2019un \u00e9couvillon nasopharyngien. L\u2019\u00e9couvillon, qui ressemble \u00e0 un long coton-tige, est doucement ins\u00e9r\u00e9 par le nez jusqu\u2019\u00e0 la zone pr\u00e8s de l\u2019arri\u00e8re de la gorge, \u00e0 la crois\u00e9e des passages de l\u2019air de la bouche et du nez.<\/span><\/p>\n<p><span lang=\"FR-CA\">Ensuite, dans l\u2019\u00e9chantillon pr\u00e9lev\u00e9, on cherche la pr\u00e9sence du mat\u00e9riel g\u00e9n\u00e9tique que contient le virus.<\/span><\/p>\n<p><span lang=\"FR-CA\">\u00ab\u00a0Ce test, bas\u00e9 sur la RCP, d\u00e9tecte l\u2019information g\u00e9n\u00e9tique du virus, de l\u2019ARN dans ce virus en particulier, a expliqu\u00e9 le Dr Herrmann. Si le mat\u00e9riel g\u00e9n\u00e9tique est pr\u00e9sent, on pr\u00e9sume que le virus est pr\u00e9sent \u00e9galement.\u00a0\u00bb<\/span><\/p>\n<p><strong><span lang=\"FR-CA\">Le fonctionnement des tests s\u00e9rologiques<\/span><\/strong><\/p>\n<p><span lang=\"FR-CA\">Les tests bas\u00e9s sur l\u2019\u00e9tat immunitaire d\u2019un patient tombent dans la cat\u00e9gorie des tests s\u00e9rologiques, qui tentent de d\u00e9tecter la pr\u00e9sence d\u2019anticorps contre le virus dans le sang du patient. Toujours selon le Dr Herrmann, \u00ab\u00a0Ce test cherche la pr\u00e9sence d\u2019une immunoglobuline, c\u2019est-\u00e0-dire une mol\u00e9cule fabriqu\u00e9e par le corps pour combattre une substance \u00e9trang\u00e8re, dans ce cas-ci, le nouveau coronavirus.\u00a0\u00bb<\/span><\/p>\n<p><span lang=\"FR-CA\">Contrairement aux tests de RCP, qui d\u00e9terminent la pr\u00e9sence m\u00eame du virus, les tests s\u00e9rologiques permettent plut\u00f4t d\u2019examiner le syst\u00e8me immunitaire pour voir si le virus a d\u00e9j\u00e0 \u00e9t\u00e9 pr\u00e9sent dans l\u2019organisme de la personne.<\/span><\/p>\n<p><strong><span lang=\"FR-CA\">Ceux qui devraient passer le test<\/span><\/strong><\/p>\n<p><span lang=\"FR-CA\">Le Dr Herrmann recommande aux personnes qui consid\u00e8rent se faire tester de se demander si le r\u00e9sultat du test influencera leur conduite. Si la r\u00e9ponse est non, alors il peut \u00eatre logique de repousser le test. \u00ab\u00a0Si un patient s\u2019attend \u00e0 gu\u00e9rir \u00e0 la maison, que ce soit de la COVID-19, du rhume, de la grippe ou d\u2019une autre maladie respiratoire, les actions \u00e0 prendre devraient \u00eatre les m\u00eames.\u00a0\u00bb<\/span><\/p>\n<p><span lang=\"FR-CA\">La distanciation du plus grand nombre de personnes possible pour \u00e9viter de propager la maladie joue un r\u00f4le essentiel dans la protection de la sant\u00e9 de tous, quelle que soit la cause de la maladie respiratoire. Il recommande \u00e9galement de contacter votre m\u00e9decin de famille si vous avez des inqui\u00e9tudes ou des questions sur l\u2019\u00e9tat non critique de votre sant\u00e9. \u00ab\u00a0Il peut vous aider \u00e0 prendre la meilleure d\u00e9cision quant \u00e0 votre sant\u00e9.\u00a0\u00bb<\/span><\/p>\n<p><span lang=\"FR-CA\">Dans certaines situations, par contre, le d\u00e9pistage est important. Il peut aider \u00e0 d\u00e9terminer la meilleure fa\u00e7on de traiter un patient. Par exemple, il aide le personnel de la sant\u00e9 \u00e0 savoir quels patients peuvent \u00eatre plac\u00e9s dans la m\u00eame chambre en toute s\u00e9curit\u00e9 et lui permet de prendre les mesures de protection appropri\u00e9es. Un test s\u00e9rologique, quant \u00e0 lui, peut indiquer aux travailleurs de la sant\u00e9 si le syst\u00e8me immunitaire de leur patient r\u00e9pond au virus.<\/span><\/p>\n<p><span lang=\"FR-CA\">Si vous passez un test et recevez un r\u00e9sultat positif, a expliqu\u00e9 le Dr Herrmann, l\u2019\u00e9tape suivante est g\u00e9n\u00e9ralement la m\u00eame. \u00ab\u00a0\u00c0 moins d\u2019une complication, on vous renverra probablement \u00e0 la maison et vous demandera de vous isoler. La nature du virus dont la personne est infect\u00e9e ne devrait rien changer. Autrement dit, la proc\u00e9dure devrait \u00eatre la m\u00eame\u00a0: rester \u00e0 la maison et prendre soin de soi jusqu\u2019\u00e0 la disparition des sympt\u00f4mes. Demeurer \u00e0 la maison pour la p\u00e9riode d\u2019isolement recommand\u00e9e peut \u00eatre le meilleur moyen d\u2019arr\u00eater la propagation de la maladie.\u00a0\u00bb Si les sympt\u00f4mes s\u2019aggravent, consultez imm\u00e9diatement votre m\u00e9decin.<\/span><\/p>\n<p><span lang=\"FR-CA\">D\u2019un autre c\u00f4t\u00e9, un r\u00e9sultat de test n\u00e9gatif ne signifie pas n\u00e9cessairement l\u2019absence de COVID-19. Il ne signifie pas non plus que la personne ne contractera jamais le virus. Les tests effectu\u00e9s tr\u00e8s t\u00f4t dans le d\u00e9veloppement de la maladie peuvent s\u2019av\u00e9rer faussement n\u00e9gatifs m\u00eame si le virus est bel et bien pr\u00e9sent. Et ceux dont le test est n\u00e9gatif, mais qui sont plus tard expos\u00e9s au virus peuvent tr\u00e8s bien en devenir infect\u00e9s.<\/span><\/p>\n<p><strong><span lang=\"FR-CA\">Si vous pensez avoir la COVID-19<\/span><\/strong><\/p>\n<p><span lang=\"FR-CA\">Si vous pensez \u00eatre atteint de la COVID-19, contactez votre m\u00e9decin de famille. Discutez avec lui\/elle de la meilleure marche \u00e0 suivre. \u00ab\u00a0En l\u2019absence d\u2019une menace imm\u00e9diate, il n\u2019est pas recommand\u00e9 de se d\u00e9placer pour subir un test, \u00e0 moins d\u2019un avis contraire du m\u00e9decin qui conna\u00eet la situation particuli\u00e8re du patient. En effet, le simple fait de visiter un site de d\u00e9pistage est associ\u00e9 \u00e0 des risques d\u2019exposition au virus.\u00a0\u00bb<\/span><\/p>\n<p><em><span lang=\"FR-CA\">La<\/span><\/em><em><span lang=\"FR-CA\"> <a href=\"https:\/\/news.llu.edu\/health-wellness\/here-s-what-we-know-about-coronavirus-testing\"><i>version originale<\/i><\/a><\/span><\/em><em><span lang=\"FR-CA\"> de cet article a d\u00e9j\u00e0 \u00e9t\u00e9 publi\u00e9e sur le<\/span><\/em><em><span lang=\"FR-CA\"> <a href=\"https:\/\/news.llu.edu\/\"><i>site de nouvelles<\/i><\/a><\/span><\/em><em><span lang=\"FR-CA\"> du Centre m\u00e9dical de l\u2019Universit\u00e9 de Loma Linda.<\/span><\/em><\/p>\n<p>Traduction : Marie-Mich\u00e8le Robitaille<\/p>\n","protected":false},"excerpt":{"rendered":"<p>Le 28 avril 2020 | Loma Linda, Californie, \u00c9tats-Unis | Janelle Ringer du d\u00e9partement des nouvelles du Centre m\u00e9dical de l\u2019Universit\u00e9 de Loma Linda Avec la propagation du nouveau coronavirus&#8230;<\/p>\n","protected":false},"author":3,"featured_media":58103,"comment_status":"open","ping_status":"closed","sticky":false,"template":"","format":"standard","meta":{"_acf_changed":false,"footnotes":""},"categories":[18,19],"tags":[],"class_list":["post-58122","post","type-post","status-publish","format-standard","has-post-thumbnail","hentry","category-nouvelles-de-leglise-mondiale","category-rss-francais"],"acf":[],"yoast_head":"<!-- This site is optimized with the Yoast SEO plugin v27.3 - https:\/\/yoast.com\/product\/yoast-seo-wordpress\/ -->\n<title>Ce que nous savons sur le d\u00e9pistage du coronavirus - \u00c9glise Adventiste Du Septieme Jour - Inter Am\u00e9rique Division<\/title>\n<meta name=\"robots\" content=\"index, follow, max-snippet:-1, max-image-preview:large, max-video-preview:-1\" \/>\n<link rel=\"canonical\" href=\"https:\/\/interamerica.org\/fr\/2020\/04\/ce-que-nous-savons-sur-le-depistage-du-coronavirus\/\" \/>\n<meta property=\"og:locale\" content=\"fr_FR\" \/>\n<meta property=\"og:type\" content=\"article\" \/>\n<meta property=\"og:title\" content=\"Ce que nous savons sur le d\u00e9pistage du coronavirus - \u00c9glise Adventiste Du Septieme Jour - Inter Am\u00e9rique Division\" \/>\n<meta property=\"og:description\" content=\"Le 28 avril 2020 | Loma Linda, Californie, \u00c9tats-Unis | Janelle Ringer du d\u00e9partement des nouvelles du Centre m\u00e9dical de l\u2019Universit\u00e9 de Loma Linda Avec la propagation du nouveau coronavirus...\" \/>\n<meta property=\"og:url\" content=\"https:\/\/interamerica.org\/fr\/2020\/04\/ce-que-nous-savons-sur-le-depistage-du-coronavirus\/\" \/>\n<meta property=\"og:site_name\" content=\"\u00c9glise Adventiste Du Septieme Jour - Inter Am\u00e9rique Division\" \/>\n<meta property=\"article:published_time\" content=\"2020-04-29T00:07:40+00:00\" \/>\n<meta property=\"article:modified_time\" content=\"2020-04-29T02:24:06+00:00\" \/>\n<meta property=\"og:image\" content=\"https:\/\/interamerica.org\/wp-content\/uploads\/2020\/04\/medical-342446-1920-1280.jpg\" \/>\n\t<meta property=\"og:image:width\" content=\"1280\" \/>\n\t<meta property=\"og:image:height\" content=\"800\" \/>\n\t<meta property=\"og:image:type\" content=\"image\/jpeg\" \/>\n<meta name=\"author\" content=\"libna\" \/>\n<meta name=\"twitter:card\" content=\"summary_large_image\" \/>\n<meta name=\"twitter:label1\" content=\"\u00c9crit par\" \/>\n\t<meta name=\"twitter:data1\" content=\"libna\" \/>\n\t<meta name=\"twitter:label2\" content=\"Dur\u00e9e de lecture estim\u00e9e\" \/>\n\t<meta name=\"twitter:data2\" content=\"5 minutes\" \/>\n<script type=\"application\/ld+json\" class=\"yoast-schema-graph\">{\"@context\":\"https:\\\/\\\/schema.org\",\"@graph\":[{\"@type\":\"Article\",\"@id\":\"https:\\\/\\\/interamerica.org\\\/fr\\\/2020\\\/04\\\/ce-que-nous-savons-sur-le-depistage-du-coronavirus\\\/#article\",\"isPartOf\":{\"@id\":\"https:\\\/\\\/interamerica.org\\\/fr\\\/2020\\\/04\\\/ce-que-nous-savons-sur-le-depistage-du-coronavirus\\\/\"},\"author\":{\"name\":\"libna\",\"@id\":\"https:\\\/\\\/interamerica.org\\\/fr\\\/#\\\/schema\\\/person\\\/29998f2bc2d8bd0d38662909289b54f1\"},\"headline\":\"Ce que nous savons sur le d\u00e9pistage du coronavirus\",\"datePublished\":\"2020-04-29T00:07:40+00:00\",\"dateModified\":\"2020-04-29T02:24:06+00:00\",\"mainEntityOfPage\":{\"@id\":\"https:\\\/\\\/interamerica.org\\\/fr\\\/2020\\\/04\\\/ce-que-nous-savons-sur-le-depistage-du-coronavirus\\\/\"},\"wordCount\":1051,\"commentCount\":0,\"image\":{\"@id\":\"https:\\\/\\\/interamerica.org\\\/fr\\\/2020\\\/04\\\/ce-que-nous-savons-sur-le-depistage-du-coronavirus\\\/#primaryimage\"},\"thumbnailUrl\":\"https:\\\/\\\/interamerica.org\\\/wp-content\\\/uploads\\\/2020\\\/04\\\/medical-342446-1920-1280.jpg\",\"articleSection\":[\"Nouvelles de l'\u00c9glise mondiale\",\"RSS Fran\u00e7ais\"],\"inLanguage\":\"fr-FR\",\"potentialAction\":[{\"@type\":\"CommentAction\",\"name\":\"Comment\",\"target\":[\"https:\\\/\\\/interamerica.org\\\/fr\\\/2020\\\/04\\\/ce-que-nous-savons-sur-le-depistage-du-coronavirus\\\/#respond\"]}]},{\"@type\":\"WebPage\",\"@id\":\"https:\\\/\\\/interamerica.org\\\/fr\\\/2020\\\/04\\\/ce-que-nous-savons-sur-le-depistage-du-coronavirus\\\/\",\"url\":\"https:\\\/\\\/interamerica.org\\\/fr\\\/2020\\\/04\\\/ce-que-nous-savons-sur-le-depistage-du-coronavirus\\\/\",\"name\":\"Ce que nous savons sur le d\u00e9pistage du coronavirus - \u00c9glise Adventiste Du Septieme Jour - Inter Am\u00e9rique Division\",\"isPartOf\":{\"@id\":\"https:\\\/\\\/interamerica.org\\\/fr\\\/#website\"},\"primaryImageOfPage\":{\"@id\":\"https:\\\/\\\/interamerica.org\\\/fr\\\/2020\\\/04\\\/ce-que-nous-savons-sur-le-depistage-du-coronavirus\\\/#primaryimage\"},\"image\":{\"@id\":\"https:\\\/\\\/interamerica.org\\\/fr\\\/2020\\\/04\\\/ce-que-nous-savons-sur-le-depistage-du-coronavirus\\\/#primaryimage\"},\"thumbnailUrl\":\"https:\\\/\\\/interamerica.org\\\/wp-content\\\/uploads\\\/2020\\\/04\\\/medical-342446-1920-1280.jpg\",\"datePublished\":\"2020-04-29T00:07:40+00:00\",\"dateModified\":\"2020-04-29T02:24:06+00:00\",\"author\":{\"@id\":\"https:\\\/\\\/interamerica.org\\\/fr\\\/#\\\/schema\\\/person\\\/29998f2bc2d8bd0d38662909289b54f1\"},\"breadcrumb\":{\"@id\":\"https:\\\/\\\/interamerica.org\\\/fr\\\/2020\\\/04\\\/ce-que-nous-savons-sur-le-depistage-du-coronavirus\\\/#breadcrumb\"},\"inLanguage\":\"fr-FR\",\"potentialAction\":[{\"@type\":\"ReadAction\",\"target\":[\"https:\\\/\\\/interamerica.org\\\/fr\\\/2020\\\/04\\\/ce-que-nous-savons-sur-le-depistage-du-coronavirus\\\/\"]}]},{\"@type\":\"ImageObject\",\"inLanguage\":\"fr-FR\",\"@id\":\"https:\\\/\\\/interamerica.org\\\/fr\\\/2020\\\/04\\\/ce-que-nous-savons-sur-le-depistage-du-coronavirus\\\/#primaryimage\",\"url\":\"https:\\\/\\\/interamerica.org\\\/wp-content\\\/uploads\\\/2020\\\/04\\\/medical-342446-1920-1280.jpg\",\"contentUrl\":\"https:\\\/\\\/interamerica.org\\\/wp-content\\\/uploads\\\/2020\\\/04\\\/medical-342446-1920-1280.jpg\",\"width\":1280,\"height\":800,\"caption\":\"Une photo d'Unsplash.\"},{\"@type\":\"BreadcrumbList\",\"@id\":\"https:\\\/\\\/interamerica.org\\\/fr\\\/2020\\\/04\\\/ce-que-nous-savons-sur-le-depistage-du-coronavirus\\\/#breadcrumb\",\"itemListElement\":[{\"@type\":\"ListItem\",\"position\":1,\"name\":\"Home\",\"item\":\"https:\\\/\\\/interamerica.org\\\/fr\\\/\"},{\"@type\":\"ListItem\",\"position\":2,\"name\":\"Ce que nous savons sur le d\u00e9pistage du coronavirus\"}]},{\"@type\":\"WebSite\",\"@id\":\"https:\\\/\\\/interamerica.org\\\/fr\\\/#website\",\"url\":\"https:\\\/\\\/interamerica.org\\\/fr\\\/\",\"name\":\"\u00c9glise Adventiste Du Septieme Jour - Inter Am\u00e9rique Division\",\"description\":\"\",\"potentialAction\":[{\"@type\":\"SearchAction\",\"target\":{\"@type\":\"EntryPoint\",\"urlTemplate\":\"https:\\\/\\\/interamerica.org\\\/fr\\\/?s={search_term_string}\"},\"query-input\":{\"@type\":\"PropertyValueSpecification\",\"valueRequired\":true,\"valueName\":\"search_term_string\"}}],\"inLanguage\":\"fr-FR\"},{\"@type\":\"Person\",\"@id\":\"https:\\\/\\\/interamerica.org\\\/fr\\\/#\\\/schema\\\/person\\\/29998f2bc2d8bd0d38662909289b54f1\",\"name\":\"libna\",\"image\":{\"@type\":\"ImageObject\",\"inLanguage\":\"fr-FR\",\"@id\":\"https:\\\/\\\/secure.gravatar.com\\\/avatar\\\/7c5bd30ae4b47a9ba3c856590957fd1d96dc588bf3ac05719d247e126840331f?s=96&d=mm&r=g\",\"url\":\"https:\\\/\\\/secure.gravatar.com\\\/avatar\\\/7c5bd30ae4b47a9ba3c856590957fd1d96dc588bf3ac05719d247e126840331f?s=96&d=mm&r=g\",\"contentUrl\":\"https:\\\/\\\/secure.gravatar.com\\\/avatar\\\/7c5bd30ae4b47a9ba3c856590957fd1d96dc588bf3ac05719d247e126840331f?s=96&d=mm&r=g\",\"caption\":\"libna\"}}]}<\/script>\n<!-- \/ Yoast SEO plugin. -->","yoast_head_json":{"title":"Ce que nous savons sur le d\u00e9pistage du coronavirus - \u00c9glise Adventiste Du Septieme Jour - Inter Am\u00e9rique Division","robots":{"index":"index","follow":"follow","max-snippet":"max-snippet:-1","max-image-preview":"max-image-preview:large","max-video-preview":"max-video-preview:-1"},"canonical":"https:\/\/interamerica.org\/fr\/2020\/04\/ce-que-nous-savons-sur-le-depistage-du-coronavirus\/","og_locale":"fr_FR","og_type":"article","og_title":"Ce que nous savons sur le d\u00e9pistage du coronavirus - \u00c9glise Adventiste Du Septieme Jour - Inter Am\u00e9rique Division","og_description":"Le 28 avril 2020 | Loma Linda, Californie, \u00c9tats-Unis | Janelle Ringer du d\u00e9partement des nouvelles du Centre m\u00e9dical de l\u2019Universit\u00e9 de Loma Linda Avec la propagation du nouveau coronavirus...","og_url":"https:\/\/interamerica.org\/fr\/2020\/04\/ce-que-nous-savons-sur-le-depistage-du-coronavirus\/","og_site_name":"\u00c9glise Adventiste Du Septieme Jour - Inter Am\u00e9rique Division","article_published_time":"2020-04-29T00:07:40+00:00","article_modified_time":"2020-04-29T02:24:06+00:00","og_image":[{"width":1280,"height":800,"url":"https:\/\/interamerica.org\/wp-content\/uploads\/2020\/04\/medical-342446-1920-1280.jpg","type":"image\/jpeg"}],"author":"libna","twitter_card":"summary_large_image","twitter_misc":{"\u00c9crit par":"libna","Dur\u00e9e de lecture estim\u00e9e":"5 minutes"},"schema":{"@context":"https:\/\/schema.org","@graph":[{"@type":"Article","@id":"https:\/\/interamerica.org\/fr\/2020\/04\/ce-que-nous-savons-sur-le-depistage-du-coronavirus\/#article","isPartOf":{"@id":"https:\/\/interamerica.org\/fr\/2020\/04\/ce-que-nous-savons-sur-le-depistage-du-coronavirus\/"},"author":{"name":"libna","@id":"https:\/\/interamerica.org\/fr\/#\/schema\/person\/29998f2bc2d8bd0d38662909289b54f1"},"headline":"Ce que nous savons sur le d\u00e9pistage du coronavirus","datePublished":"2020-04-29T00:07:40+00:00","dateModified":"2020-04-29T02:24:06+00:00","mainEntityOfPage":{"@id":"https:\/\/interamerica.org\/fr\/2020\/04\/ce-que-nous-savons-sur-le-depistage-du-coronavirus\/"},"wordCount":1051,"commentCount":0,"image":{"@id":"https:\/\/interamerica.org\/fr\/2020\/04\/ce-que-nous-savons-sur-le-depistage-du-coronavirus\/#primaryimage"},"thumbnailUrl":"https:\/\/interamerica.org\/wp-content\/uploads\/2020\/04\/medical-342446-1920-1280.jpg","articleSection":["Nouvelles de l'\u00c9glise mondiale","RSS Fran\u00e7ais"],"inLanguage":"fr-FR","potentialAction":[{"@type":"CommentAction","name":"Comment","target":["https:\/\/interamerica.org\/fr\/2020\/04\/ce-que-nous-savons-sur-le-depistage-du-coronavirus\/#respond"]}]},{"@type":"WebPage","@id":"https:\/\/interamerica.org\/fr\/2020\/04\/ce-que-nous-savons-sur-le-depistage-du-coronavirus\/","url":"https:\/\/interamerica.org\/fr\/2020\/04\/ce-que-nous-savons-sur-le-depistage-du-coronavirus\/","name":"Ce que nous savons sur le d\u00e9pistage du coronavirus - \u00c9glise Adventiste Du Septieme Jour - Inter Am\u00e9rique Division","isPartOf":{"@id":"https:\/\/interamerica.org\/fr\/#website"},"primaryImageOfPage":{"@id":"https:\/\/interamerica.org\/fr\/2020\/04\/ce-que-nous-savons-sur-le-depistage-du-coronavirus\/#primaryimage"},"image":{"@id":"https:\/\/interamerica.org\/fr\/2020\/04\/ce-que-nous-savons-sur-le-depistage-du-coronavirus\/#primaryimage"},"thumbnailUrl":"https:\/\/interamerica.org\/wp-content\/uploads\/2020\/04\/medical-342446-1920-1280.jpg","datePublished":"2020-04-29T00:07:40+00:00","dateModified":"2020-04-29T02:24:06+00:00","author":{"@id":"https:\/\/interamerica.org\/fr\/#\/schema\/person\/29998f2bc2d8bd0d38662909289b54f1"},"breadcrumb":{"@id":"https:\/\/interamerica.org\/fr\/2020\/04\/ce-que-nous-savons-sur-le-depistage-du-coronavirus\/#breadcrumb"},"inLanguage":"fr-FR","potentialAction":[{"@type":"ReadAction","target":["https:\/\/interamerica.org\/fr\/2020\/04\/ce-que-nous-savons-sur-le-depistage-du-coronavirus\/"]}]},{"@type":"ImageObject","inLanguage":"fr-FR","@id":"https:\/\/interamerica.org\/fr\/2020\/04\/ce-que-nous-savons-sur-le-depistage-du-coronavirus\/#primaryimage","url":"https:\/\/interamerica.org\/wp-content\/uploads\/2020\/04\/medical-342446-1920-1280.jpg","contentUrl":"https:\/\/interamerica.org\/wp-content\/uploads\/2020\/04\/medical-342446-1920-1280.jpg","width":1280,"height":800,"caption":"Une photo d'Unsplash."},{"@type":"BreadcrumbList","@id":"https:\/\/interamerica.org\/fr\/2020\/04\/ce-que-nous-savons-sur-le-depistage-du-coronavirus\/#breadcrumb","itemListElement":[{"@type":"ListItem","position":1,"name":"Home","item":"https:\/\/interamerica.org\/fr\/"},{"@type":"ListItem","position":2,"name":"Ce que nous savons sur le d\u00e9pistage du coronavirus"}]},{"@type":"WebSite","@id":"https:\/\/interamerica.org\/fr\/#website","url":"https:\/\/interamerica.org\/fr\/","name":"\u00c9glise Adventiste Du Septieme Jour - Inter Am\u00e9rique Division","description":"","potentialAction":[{"@type":"SearchAction","target":{"@type":"EntryPoint","urlTemplate":"https:\/\/interamerica.org\/fr\/?s={search_term_string}"},"query-input":{"@type":"PropertyValueSpecification","valueRequired":true,"valueName":"search_term_string"}}],"inLanguage":"fr-FR"},{"@type":"Person","@id":"https:\/\/interamerica.org\/fr\/#\/schema\/person\/29998f2bc2d8bd0d38662909289b54f1","name":"libna","image":{"@type":"ImageObject","inLanguage":"fr-FR","@id":"https:\/\/secure.gravatar.com\/avatar\/7c5bd30ae4b47a9ba3c856590957fd1d96dc588bf3ac05719d247e126840331f?s=96&d=mm&r=g","url":"https:\/\/secure.gravatar.com\/avatar\/7c5bd30ae4b47a9ba3c856590957fd1d96dc588bf3ac05719d247e126840331f?s=96&d=mm&r=g","contentUrl":"https:\/\/secure.gravatar.com\/avatar\/7c5bd30ae4b47a9ba3c856590957fd1d96dc588bf3ac05719d247e126840331f?s=96&d=mm&r=g","caption":"libna"}}]}},"_links":{"self":[{"href":"https:\/\/interamerica.org\/fr\/wp-json\/wp\/v2\/posts\/58122","targetHints":{"allow":["GET"]}}],"collection":[{"href":"https:\/\/interamerica.org\/fr\/wp-json\/wp\/v2\/posts"}],"about":[{"href":"https:\/\/interamerica.org\/fr\/wp-json\/wp\/v2\/types\/post"}],"author":[{"embeddable":true,"href":"https:\/\/interamerica.org\/fr\/wp-json\/wp\/v2\/users\/3"}],"replies":[{"embeddable":true,"href":"https:\/\/interamerica.org\/fr\/wp-json\/wp\/v2\/comments?post=58122"}],"version-history":[{"count":0,"href":"https:\/\/interamerica.org\/fr\/wp-json\/wp\/v2\/posts\/58122\/revisions"}],"wp:featuredmedia":[{"embeddable":true,"href":"https:\/\/interamerica.org\/fr\/wp-json\/wp\/v2\/media\/58103"}],"wp:attachment":[{"href":"https:\/\/interamerica.org\/fr\/wp-json\/wp\/v2\/media?parent=58122"}],"wp:term":[{"taxonomy":"category","embeddable":true,"href":"https:\/\/interamerica.org\/fr\/wp-json\/wp\/v2\/categories?post=58122"},{"taxonomy":"post_tag","embeddable":true,"href":"https:\/\/interamerica.org\/fr\/wp-json\/wp\/v2\/tags?post=58122"}],"curies":[{"name":"wp","href":"https:\/\/api.w.org\/{rel}","templated":true}]}}