{"id":58224,"date":"2020-04-30T19:13:58","date_gmt":"2020-04-30T23:13:58","guid":{"rendered":"https:\/\/recursing-golick.147-182-135-0.plesk.page\/?p=58224"},"modified":"2020-05-07T20:26:31","modified_gmt":"2020-05-08T00:26:31","slug":"des-centaines-de-repas-chauds-prepares-par-des-adventistes-pour-des-benevoles-de-saint-martin","status":"publish","type":"post","link":"https:\/\/interamerica.org\/fr\/2020\/04\/des-centaines-de-repas-chauds-prepares-par-des-adventistes-pour-des-benevoles-de-saint-martin\/","title":{"rendered":"Des douzaines de repas chauds pr\u00e9par\u00e9s par des adventistes pour des b\u00e9n\u00e9voles de Saint-Martin"},"content":{"rendered":"<div id=\"attachment_58185\" style=\"width: 809px\" class=\"wp-caption aligncenter\"><img fetchpriority=\"high\" decoding=\"async\" aria-describedby=\"caption-attachment-58185\" class=\"wp-image-58184\" src=\"https:\/\/recursing-golick.147-182-135-0.plesk.page\/wp-content\/uploads\/2020\/04\/sint-maarten-hotmeals-volunteers-1280-1024x640.jpg\" alt=\"\" width=\"799\" height=\"499\" srcset=\"https:\/\/interamerica.org\/wp-content\/uploads\/2020\/04\/sint-maarten-hotmeals-volunteers-1280-1024x640.jpg 1024w, https:\/\/interamerica.org\/wp-content\/uploads\/2020\/04\/sint-maarten-hotmeals-volunteers-1280-300x188.jpg 300w, https:\/\/interamerica.org\/wp-content\/uploads\/2020\/04\/sint-maarten-hotmeals-volunteers-1280-768x480.jpg 768w, https:\/\/interamerica.org\/wp-content\/uploads\/2020\/04\/sint-maarten-hotmeals-volunteers-1280.jpg 1280w\" sizes=\"(max-width: 799px) 100vw, 799px\" \/><p id=\"caption-attachment-58185\" class=\"wp-caption-text\"><span lang=\"FR-CA\">Depuis le 5 avril dernier, \u00e0 Saint-Martin, un groupe d\u2019adventistes pr\u00e9parent 300 repas chauds par jour, six jours par semaine, pour les b\u00e9n\u00e9voles qui aident les a\u00een\u00e9s les plus vuln\u00e9rables, et ce \u00e0 partir de la cuisine de l\u2019\u00e9cole adventiste de Saint-Martin. L\u2019\u00e9cole est \u00e9videmment ferm\u00e9e \u00e0 cause de la pand\u00e9mie et des r\u00e8gles de confinement. Une photo du pasteur Vashni Cuvalay.<\/span><\/p><\/div>\n<p>Le 29 avril 2020 | Saint-Martin | Royston Philbert, la NCC et le d\u00e9partement des nouvelles de la Division interam\u00e9ricaine<\/p>\n<p>Depuis maintenant plus de trois semaines, un groupe d\u2019adventistes du septi\u00e8me jour de l\u2019\u00eele n\u00e9erlandaise de Saint-Martin sert plus de 300\u00a0repas par jour aux b\u00e9n\u00e9voles qui aident le gouvernement \u00e0 emballer et \u00e0 distribuer des repas aux a\u00een\u00e9s et aux autres citoyens qui d\u00e9pendent de son syst\u00e8me d\u2019aide sociale. Ainsi, ont expliqu\u00e9 les organisateurs, depuis le 5\u00a0avril dernier, des b\u00e9n\u00e9voles des diff\u00e9rentes \u00e9glises de l\u2019\u00eele pr\u00e9parent des repas chauds six jours par semaine alors que le confinement continue d\u2019\u00eatre impos\u00e9 dans tout le pays \u00e0 cause de la pand\u00e9mie.<\/p>\n<p>\u00ab\u00a0M\u00eame si le pays est en confinement et sous couvre-feu, le gouvernement s\u2019occupe toujours de sa population a\u00een\u00e9e et ayant des besoins particuliers\u00a0\u00bb, a expliqu\u00e9 le pasteur Vashni Cuvalay, coordonnateur de l\u2019\u0153uvre adventiste \u00e0 Saint-Martin et organisateur principal de l\u2019intervention de l\u2019\u00c9glise. Selon lui, les r\u00e9sidents ont \u00e9t\u00e9 inform\u00e9s que la responsabilit\u00e9 de distribuer de la nourriture \u00e0 ceux que l\u2019on consid\u00e8re comme les plus vuln\u00e9rables, c\u2019est-\u00e0-dire les gens de 65\u00a0ans et plus en perte d\u2019autonomie, avait \u00e9t\u00e9 confi\u00e9e au minist\u00e8re des Services sociaux. \u00ab\u00a0Nous voulions faire notre part en tant qu\u2019\u00c9glise et pr\u00e9parer des repas pour ces b\u00e9n\u00e9voles.\u00a0\u00bb<\/p>\n<p>Munis d\u2019\u00e9quipement de protection individuelle, d\u2019essuie-tout et de d\u00e9sinfectant pour les mains, les 20\u00a0membres d\u2019\u00e9glise b\u00e9n\u00e9voles sont heureux de pouvoir contribuer. Ils ont \u00e9galement fait don de denr\u00e9es pour trois semaines \u00e0 des dizaines de citoyens \u00e2g\u00e9s aux besoins les plus criants.<\/p>\n<div id=\"attachment_58191\" style=\"width: 810px\" class=\"wp-caption aligncenter\"><img decoding=\"async\" aria-describedby=\"caption-attachment-58191\" class=\" wp-image-58190\" src=\"https:\/\/recursing-golick.147-182-135-0.plesk.page\/wp-content\/uploads\/2020\/04\/sint-maarten-volunteers-cooking.jpg\" alt=\"\" width=\"800\" height=\"500\" srcset=\"https:\/\/interamerica.org\/wp-content\/uploads\/2020\/04\/sint-maarten-volunteers-cooking.jpg 1000w, https:\/\/interamerica.org\/wp-content\/uploads\/2020\/04\/sint-maarten-volunteers-cooking-300x188.jpg 300w, https:\/\/interamerica.org\/wp-content\/uploads\/2020\/04\/sint-maarten-volunteers-cooking-768x480.jpg 768w\" sizes=\"(max-width: 800px) 100vw, 800px\" \/><p id=\"caption-attachment-58191\" class=\"wp-caption-text\"><span lang=\"FR-CA\">Deux adventistes pr\u00e9parent un repas sur le feu pour les dizaines de personnes qui aident les citoyens \u00e2g\u00e9s les plus vuln\u00e9rables. <\/span>Une photo du pasteur Vashni Cuvalay.<\/p><\/div>\n<p>Sur l\u2019\u00eele, 3\u00a0000\u00a0citoyens \u00e2g\u00e9s b\u00e9n\u00e9ficient actuellement de l\u2019aide du gouvernement.<\/p>\n<p>\u00ab\u00a0Nous avons des b\u00e9n\u00e9voles [adventistes] enthousiastes de continuer de contribuer au minist\u00e8re\u00a0\u00bb, s\u2019est r\u00e9joui le pasteur Cuvalay.<\/p>\n<p>Leontine Joseph, l\u2019une des cuisini\u00e8res des repas chauds, s\u2019est dite heureuse de faire partie d\u2019une \u00e9glise qui participe au combat contre la propagation du virus en soutenant ces b\u00e9n\u00e9voles. \u00ab\u00a0L\u2019occasion de redonner est appropri\u00e9e, consid\u00e9rant les inqui\u00e9tudes de la population quant \u00e0 la pand\u00e9mie\u00a0\u00bb, a-t-elle ajout\u00e9.<\/p>\n<p>L\u2019\u00e9quipe d\u2019intervention de l\u2019\u00c9glise comprend le d\u00e9partement de Services communautaires, bien connue pour son attention et ses secours aupr\u00e8s des quartiers aux prises avec des maux sociaux et des catastrophes. \u00ab\u00a0C\u2019est la r\u00e9putation de l\u2019\u00c9glise et son implication qui expliquent ce partenariat\u00a0\u00bb, a expliqu\u00e9 le pasteur Cuvalay.<\/p>\n<p>Et d\u2019apr\u00e8s le pasteur Desmond James, pr\u00e9sident de la F\u00e9d\u00e9ration du nord des Cara\u00efbes (NCC pour <em>North Caribbean Conference<\/em>), qui supervise l\u2019\u00c9glise de Saint-Martin et de neuf autres \u00eeles, \u00ab\u00a0\u00c0 Saint-Martin, les dirigeants ont saisi cette occasion d\u2019\u00eatre les mains de Dieu et d\u2019offrir une aide utile \u00e0 la population.\u00a0\u00bb Le pasteur James a invit\u00e9 tous les dirigeants et les membres d\u2019\u00e9glise \u00e0 activer leurs minist\u00e8res de compassion pour les \u00e9glises et les communaut\u00e9s.<\/p>\n<div id=\"attachment_58182\" style=\"width: 818px\" class=\"wp-caption aligncenter\"><img decoding=\"async\" aria-describedby=\"caption-attachment-58182\" class=\" wp-image-58181\" src=\"https:\/\/recursing-golick.147-182-135-0.plesk.page\/wp-content\/uploads\/2020\/04\/sint-maarten-300-hotmeals-1024x640.jpg\" alt=\"\" width=\"808\" height=\"505\" srcset=\"https:\/\/interamerica.org\/wp-content\/uploads\/2020\/04\/sint-maarten-300-hotmeals-1024x640.jpg 1024w, https:\/\/interamerica.org\/wp-content\/uploads\/2020\/04\/sint-maarten-300-hotmeals-300x188.jpg 300w, https:\/\/interamerica.org\/wp-content\/uploads\/2020\/04\/sint-maarten-300-hotmeals-768x480.jpg 768w, https:\/\/interamerica.org\/wp-content\/uploads\/2020\/04\/sint-maarten-300-hotmeals.jpg 1280w\" sizes=\"(max-width: 808px) 100vw, 808px\" \/><p id=\"caption-attachment-58182\" class=\"wp-caption-text\"><span lang=\"FR-CA\">Tous les jours, 300 repas chauds sont pr\u00e9par\u00e9s et livr\u00e9s \u00e0 des dizaines de b\u00e9n\u00e9voles qui aident les a\u00een\u00e9s de Saint-Martin. Une photo du pasteur Vashni Cuvalay.<\/span><\/p><\/div>\n<p>\u00ab\u00a0Cherchez ceux qui sont dans le besoin, aidez les opprim\u00e9s, subvenez aux besoins des personnes \u00e2g\u00e9es et vuln\u00e9rables, r\u00e9confortez les endeuill\u00e9s et donnez de l\u2019espoir aux personnes boulevers\u00e9es, perturb\u00e9es et d\u00e9sesp\u00e9r\u00e9es\u00a0\u00bb, a insist\u00e9 le pasteur James.<\/p>\n<p>Les dirigeants de la F\u00e9d\u00e9ration du nord des Cara\u00efbes ont sp\u00e9cifi\u00e9 que cette intervention de l\u2019\u00c9glise \u00e0 Saint-Martin n\u2019\u00e9tait que la premi\u00e8re d\u2019un minist\u00e8re de compassion bien complet, dont les plans seront lanc\u00e9s sur toutes les \u00eeles d\u00e8s que les restrictions seront assouplies. Ces initiatives comprennent du soutien psychologique relatif aux difficult\u00e9s \u00e9motives et physiologiques des membres ainsi que de l\u2019aie aux \u00e9glises qui comptent r\u00e9pondre aux besoins physiques des membres et de leurs amis.<\/p>\n<p>Saint-Martin est l\u2019une des trois \u00eeles n\u00e9erlandaises des Cara\u00efbes sur laquelle vivent plus de 3\u00a0000\u00a0adventistes du septi\u00e8me jour organis\u00e9s en neuf assembl\u00e9es. L\u2019\u00c9glise y dirige \u00e9galement une \u00e9cole primaire.<\/p>\n<p>Traduction : Marie-Mich\u00e8le Robitaille<\/p>\n","protected":false},"excerpt":{"rendered":"<p>Le 29 avril 2020 | Saint-Martin | Royston Philbert, la NCC et le d\u00e9partement des nouvelles de la Division interam\u00e9ricaine Depuis maintenant plus de trois semaines, un groupe d\u2019adventistes du&#8230;<\/p>\n","protected":false},"author":3,"featured_media":58185,"comment_status":"open","ping_status":"closed","sticky":false,"template":"","format":"standard","meta":{"_acf_changed":false,"footnotes":""},"categories":[21,19],"tags":[],"class_list":["post-58224","post","type-post","status-publish","format-standard","has-post-thumbnail","hentry","category-nouvelles-du-territoire","category-rss-francais"],"acf":[],"yoast_head":"<!-- This site is optimized with the Yoast SEO plugin v27.3 - https:\/\/yoast.com\/product\/yoast-seo-wordpress\/ -->\n<title>Des douzaines de repas chauds pr\u00e9par\u00e9s par des adventistes pour des b\u00e9n\u00e9voles de Saint-Martin - \u00c9glise Adventiste Du Septieme Jour - Inter Am\u00e9rique Division<\/title>\n<meta name=\"robots\" content=\"index, follow, max-snippet:-1, max-image-preview:large, max-video-preview:-1\" \/>\n<link rel=\"canonical\" href=\"https:\/\/interamerica.org\/fr\/2020\/04\/des-centaines-de-repas-chauds-prepares-par-des-adventistes-pour-des-benevoles-de-saint-martin\/\" \/>\n<meta property=\"og:locale\" content=\"fr_FR\" \/>\n<meta property=\"og:type\" content=\"article\" \/>\n<meta property=\"og:title\" content=\"Des douzaines de repas chauds pr\u00e9par\u00e9s par des adventistes pour des b\u00e9n\u00e9voles de Saint-Martin - \u00c9glise Adventiste Du Septieme Jour - Inter Am\u00e9rique Division\" \/>\n<meta property=\"og:description\" content=\"Le 29 avril 2020 | Saint-Martin | Royston Philbert, la NCC et le d\u00e9partement des nouvelles de la Division interam\u00e9ricaine Depuis maintenant plus de trois semaines, un groupe d\u2019adventistes du...\" \/>\n<meta property=\"og:url\" content=\"https:\/\/interamerica.org\/fr\/2020\/04\/des-centaines-de-repas-chauds-prepares-par-des-adventistes-pour-des-benevoles-de-saint-martin\/\" \/>\n<meta property=\"og:site_name\" content=\"\u00c9glise Adventiste Du Septieme Jour - Inter Am\u00e9rique Division\" \/>\n<meta property=\"article:published_time\" content=\"2020-04-30T23:13:58+00:00\" \/>\n<meta property=\"article:modified_time\" content=\"2020-05-08T00:26:31+00:00\" \/>\n<meta property=\"og:image\" content=\"https:\/\/interamerica.org\/wp-content\/uploads\/2020\/04\/sint-maarten-hotmeals-volunteers-1280.jpg\" \/>\n\t<meta property=\"og:image:width\" content=\"1280\" \/>\n\t<meta property=\"og:image:height\" content=\"800\" \/>\n\t<meta property=\"og:image:type\" content=\"image\/jpeg\" \/>\n<meta name=\"author\" content=\"libna\" \/>\n<meta name=\"twitter:card\" content=\"summary_large_image\" \/>\n<meta name=\"twitter:label1\" content=\"\u00c9crit par\" \/>\n\t<meta name=\"twitter:data1\" content=\"libna\" \/>\n\t<meta name=\"twitter:label2\" content=\"Dur\u00e9e de lecture estim\u00e9e\" \/>\n\t<meta name=\"twitter:data2\" content=\"4 minutes\" \/>\n<script type=\"application\/ld+json\" class=\"yoast-schema-graph\">{\"@context\":\"https:\\\/\\\/schema.org\",\"@graph\":[{\"@type\":\"Article\",\"@id\":\"https:\\\/\\\/interamerica.org\\\/fr\\\/2020\\\/04\\\/des-centaines-de-repas-chauds-prepares-par-des-adventistes-pour-des-benevoles-de-saint-martin\\\/#article\",\"isPartOf\":{\"@id\":\"https:\\\/\\\/interamerica.org\\\/fr\\\/2020\\\/04\\\/des-centaines-de-repas-chauds-prepares-par-des-adventistes-pour-des-benevoles-de-saint-martin\\\/\"},\"author\":{\"name\":\"libna\",\"@id\":\"https:\\\/\\\/interamerica.org\\\/fr\\\/#\\\/schema\\\/person\\\/29998f2bc2d8bd0d38662909289b54f1\"},\"headline\":\"Des douzaines de repas chauds pr\u00e9par\u00e9s par des adventistes pour des b\u00e9n\u00e9voles de Saint-Martin\",\"datePublished\":\"2020-04-30T23:13:58+00:00\",\"dateModified\":\"2020-05-08T00:26:31+00:00\",\"mainEntityOfPage\":{\"@id\":\"https:\\\/\\\/interamerica.org\\\/fr\\\/2020\\\/04\\\/des-centaines-de-repas-chauds-prepares-par-des-adventistes-pour-des-benevoles-de-saint-martin\\\/\"},\"wordCount\":865,\"commentCount\":0,\"image\":{\"@id\":\"https:\\\/\\\/interamerica.org\\\/fr\\\/2020\\\/04\\\/des-centaines-de-repas-chauds-prepares-par-des-adventistes-pour-des-benevoles-de-saint-martin\\\/#primaryimage\"},\"thumbnailUrl\":\"https:\\\/\\\/interamerica.org\\\/wp-content\\\/uploads\\\/2020\\\/04\\\/sint-maarten-hotmeals-volunteers-1280.jpg\",\"articleSection\":[\"Nouvelles du territoire\",\"RSS Fran\u00e7ais\"],\"inLanguage\":\"fr-FR\",\"potentialAction\":[{\"@type\":\"CommentAction\",\"name\":\"Comment\",\"target\":[\"https:\\\/\\\/interamerica.org\\\/fr\\\/2020\\\/04\\\/des-centaines-de-repas-chauds-prepares-par-des-adventistes-pour-des-benevoles-de-saint-martin\\\/#respond\"]}]},{\"@type\":\"WebPage\",\"@id\":\"https:\\\/\\\/interamerica.org\\\/fr\\\/2020\\\/04\\\/des-centaines-de-repas-chauds-prepares-par-des-adventistes-pour-des-benevoles-de-saint-martin\\\/\",\"url\":\"https:\\\/\\\/interamerica.org\\\/fr\\\/2020\\\/04\\\/des-centaines-de-repas-chauds-prepares-par-des-adventistes-pour-des-benevoles-de-saint-martin\\\/\",\"name\":\"Des douzaines de repas chauds pr\u00e9par\u00e9s par des adventistes pour des b\u00e9n\u00e9voles de Saint-Martin - \u00c9glise Adventiste Du Septieme Jour - Inter Am\u00e9rique Division\",\"isPartOf\":{\"@id\":\"https:\\\/\\\/interamerica.org\\\/fr\\\/#website\"},\"primaryImageOfPage\":{\"@id\":\"https:\\\/\\\/interamerica.org\\\/fr\\\/2020\\\/04\\\/des-centaines-de-repas-chauds-prepares-par-des-adventistes-pour-des-benevoles-de-saint-martin\\\/#primaryimage\"},\"image\":{\"@id\":\"https:\\\/\\\/interamerica.org\\\/fr\\\/2020\\\/04\\\/des-centaines-de-repas-chauds-prepares-par-des-adventistes-pour-des-benevoles-de-saint-martin\\\/#primaryimage\"},\"thumbnailUrl\":\"https:\\\/\\\/interamerica.org\\\/wp-content\\\/uploads\\\/2020\\\/04\\\/sint-maarten-hotmeals-volunteers-1280.jpg\",\"datePublished\":\"2020-04-30T23:13:58+00:00\",\"dateModified\":\"2020-05-08T00:26:31+00:00\",\"author\":{\"@id\":\"https:\\\/\\\/interamerica.org\\\/fr\\\/#\\\/schema\\\/person\\\/29998f2bc2d8bd0d38662909289b54f1\"},\"breadcrumb\":{\"@id\":\"https:\\\/\\\/interamerica.org\\\/fr\\\/2020\\\/04\\\/des-centaines-de-repas-chauds-prepares-par-des-adventistes-pour-des-benevoles-de-saint-martin\\\/#breadcrumb\"},\"inLanguage\":\"fr-FR\",\"potentialAction\":[{\"@type\":\"ReadAction\",\"target\":[\"https:\\\/\\\/interamerica.org\\\/fr\\\/2020\\\/04\\\/des-centaines-de-repas-chauds-prepares-par-des-adventistes-pour-des-benevoles-de-saint-martin\\\/\"]}]},{\"@type\":\"ImageObject\",\"inLanguage\":\"fr-FR\",\"@id\":\"https:\\\/\\\/interamerica.org\\\/fr\\\/2020\\\/04\\\/des-centaines-de-repas-chauds-prepares-par-des-adventistes-pour-des-benevoles-de-saint-martin\\\/#primaryimage\",\"url\":\"https:\\\/\\\/interamerica.org\\\/wp-content\\\/uploads\\\/2020\\\/04\\\/sint-maarten-hotmeals-volunteers-1280.jpg\",\"contentUrl\":\"https:\\\/\\\/interamerica.org\\\/wp-content\\\/uploads\\\/2020\\\/04\\\/sint-maarten-hotmeals-volunteers-1280.jpg\",\"width\":1280,\"height\":800},{\"@type\":\"BreadcrumbList\",\"@id\":\"https:\\\/\\\/interamerica.org\\\/fr\\\/2020\\\/04\\\/des-centaines-de-repas-chauds-prepares-par-des-adventistes-pour-des-benevoles-de-saint-martin\\\/#breadcrumb\",\"itemListElement\":[{\"@type\":\"ListItem\",\"position\":1,\"name\":\"Home\",\"item\":\"https:\\\/\\\/interamerica.org\\\/fr\\\/\"},{\"@type\":\"ListItem\",\"position\":2,\"name\":\"Des douzaines de repas chauds pr\u00e9par\u00e9s par des adventistes pour des b\u00e9n\u00e9voles de Saint-Martin\"}]},{\"@type\":\"WebSite\",\"@id\":\"https:\\\/\\\/interamerica.org\\\/fr\\\/#website\",\"url\":\"https:\\\/\\\/interamerica.org\\\/fr\\\/\",\"name\":\"\u00c9glise Adventiste Du Septieme Jour - Inter Am\u00e9rique Division\",\"description\":\"\",\"potentialAction\":[{\"@type\":\"SearchAction\",\"target\":{\"@type\":\"EntryPoint\",\"urlTemplate\":\"https:\\\/\\\/interamerica.org\\\/fr\\\/?s={search_term_string}\"},\"query-input\":{\"@type\":\"PropertyValueSpecification\",\"valueRequired\":true,\"valueName\":\"search_term_string\"}}],\"inLanguage\":\"fr-FR\"},{\"@type\":\"Person\",\"@id\":\"https:\\\/\\\/interamerica.org\\\/fr\\\/#\\\/schema\\\/person\\\/29998f2bc2d8bd0d38662909289b54f1\",\"name\":\"libna\",\"image\":{\"@type\":\"ImageObject\",\"inLanguage\":\"fr-FR\",\"@id\":\"https:\\\/\\\/secure.gravatar.com\\\/avatar\\\/7c5bd30ae4b47a9ba3c856590957fd1d96dc588bf3ac05719d247e126840331f?s=96&d=mm&r=g\",\"url\":\"https:\\\/\\\/secure.gravatar.com\\\/avatar\\\/7c5bd30ae4b47a9ba3c856590957fd1d96dc588bf3ac05719d247e126840331f?s=96&d=mm&r=g\",\"contentUrl\":\"https:\\\/\\\/secure.gravatar.com\\\/avatar\\\/7c5bd30ae4b47a9ba3c856590957fd1d96dc588bf3ac05719d247e126840331f?s=96&d=mm&r=g\",\"caption\":\"libna\"}}]}<\/script>\n<!-- \/ Yoast SEO plugin. -->","yoast_head_json":{"title":"Des douzaines de repas chauds pr\u00e9par\u00e9s par des adventistes pour des b\u00e9n\u00e9voles de Saint-Martin - \u00c9glise Adventiste Du Septieme Jour - Inter Am\u00e9rique Division","robots":{"index":"index","follow":"follow","max-snippet":"max-snippet:-1","max-image-preview":"max-image-preview:large","max-video-preview":"max-video-preview:-1"},"canonical":"https:\/\/interamerica.org\/fr\/2020\/04\/des-centaines-de-repas-chauds-prepares-par-des-adventistes-pour-des-benevoles-de-saint-martin\/","og_locale":"fr_FR","og_type":"article","og_title":"Des douzaines de repas chauds pr\u00e9par\u00e9s par des adventistes pour des b\u00e9n\u00e9voles de Saint-Martin - \u00c9glise Adventiste Du Septieme Jour - Inter Am\u00e9rique Division","og_description":"Le 29 avril 2020 | Saint-Martin | Royston Philbert, la NCC et le d\u00e9partement des nouvelles de la Division interam\u00e9ricaine Depuis maintenant plus de trois semaines, un groupe d\u2019adventistes du...","og_url":"https:\/\/interamerica.org\/fr\/2020\/04\/des-centaines-de-repas-chauds-prepares-par-des-adventistes-pour-des-benevoles-de-saint-martin\/","og_site_name":"\u00c9glise Adventiste Du Septieme Jour - Inter Am\u00e9rique Division","article_published_time":"2020-04-30T23:13:58+00:00","article_modified_time":"2020-05-08T00:26:31+00:00","og_image":[{"width":1280,"height":800,"url":"https:\/\/interamerica.org\/wp-content\/uploads\/2020\/04\/sint-maarten-hotmeals-volunteers-1280.jpg","type":"image\/jpeg"}],"author":"libna","twitter_card":"summary_large_image","twitter_misc":{"\u00c9crit par":"libna","Dur\u00e9e de lecture estim\u00e9e":"4 minutes"},"schema":{"@context":"https:\/\/schema.org","@graph":[{"@type":"Article","@id":"https:\/\/interamerica.org\/fr\/2020\/04\/des-centaines-de-repas-chauds-prepares-par-des-adventistes-pour-des-benevoles-de-saint-martin\/#article","isPartOf":{"@id":"https:\/\/interamerica.org\/fr\/2020\/04\/des-centaines-de-repas-chauds-prepares-par-des-adventistes-pour-des-benevoles-de-saint-martin\/"},"author":{"name":"libna","@id":"https:\/\/interamerica.org\/fr\/#\/schema\/person\/29998f2bc2d8bd0d38662909289b54f1"},"headline":"Des douzaines de repas chauds pr\u00e9par\u00e9s par des adventistes pour des b\u00e9n\u00e9voles de Saint-Martin","datePublished":"2020-04-30T23:13:58+00:00","dateModified":"2020-05-08T00:26:31+00:00","mainEntityOfPage":{"@id":"https:\/\/interamerica.org\/fr\/2020\/04\/des-centaines-de-repas-chauds-prepares-par-des-adventistes-pour-des-benevoles-de-saint-martin\/"},"wordCount":865,"commentCount":0,"image":{"@id":"https:\/\/interamerica.org\/fr\/2020\/04\/des-centaines-de-repas-chauds-prepares-par-des-adventistes-pour-des-benevoles-de-saint-martin\/#primaryimage"},"thumbnailUrl":"https:\/\/interamerica.org\/wp-content\/uploads\/2020\/04\/sint-maarten-hotmeals-volunteers-1280.jpg","articleSection":["Nouvelles du territoire","RSS Fran\u00e7ais"],"inLanguage":"fr-FR","potentialAction":[{"@type":"CommentAction","name":"Comment","target":["https:\/\/interamerica.org\/fr\/2020\/04\/des-centaines-de-repas-chauds-prepares-par-des-adventistes-pour-des-benevoles-de-saint-martin\/#respond"]}]},{"@type":"WebPage","@id":"https:\/\/interamerica.org\/fr\/2020\/04\/des-centaines-de-repas-chauds-prepares-par-des-adventistes-pour-des-benevoles-de-saint-martin\/","url":"https:\/\/interamerica.org\/fr\/2020\/04\/des-centaines-de-repas-chauds-prepares-par-des-adventistes-pour-des-benevoles-de-saint-martin\/","name":"Des douzaines de repas chauds pr\u00e9par\u00e9s par des adventistes pour des b\u00e9n\u00e9voles de Saint-Martin - \u00c9glise Adventiste Du Septieme Jour - Inter Am\u00e9rique Division","isPartOf":{"@id":"https:\/\/interamerica.org\/fr\/#website"},"primaryImageOfPage":{"@id":"https:\/\/interamerica.org\/fr\/2020\/04\/des-centaines-de-repas-chauds-prepares-par-des-adventistes-pour-des-benevoles-de-saint-martin\/#primaryimage"},"image":{"@id":"https:\/\/interamerica.org\/fr\/2020\/04\/des-centaines-de-repas-chauds-prepares-par-des-adventistes-pour-des-benevoles-de-saint-martin\/#primaryimage"},"thumbnailUrl":"https:\/\/interamerica.org\/wp-content\/uploads\/2020\/04\/sint-maarten-hotmeals-volunteers-1280.jpg","datePublished":"2020-04-30T23:13:58+00:00","dateModified":"2020-05-08T00:26:31+00:00","author":{"@id":"https:\/\/interamerica.org\/fr\/#\/schema\/person\/29998f2bc2d8bd0d38662909289b54f1"},"breadcrumb":{"@id":"https:\/\/interamerica.org\/fr\/2020\/04\/des-centaines-de-repas-chauds-prepares-par-des-adventistes-pour-des-benevoles-de-saint-martin\/#breadcrumb"},"inLanguage":"fr-FR","potentialAction":[{"@type":"ReadAction","target":["https:\/\/interamerica.org\/fr\/2020\/04\/des-centaines-de-repas-chauds-prepares-par-des-adventistes-pour-des-benevoles-de-saint-martin\/"]}]},{"@type":"ImageObject","inLanguage":"fr-FR","@id":"https:\/\/interamerica.org\/fr\/2020\/04\/des-centaines-de-repas-chauds-prepares-par-des-adventistes-pour-des-benevoles-de-saint-martin\/#primaryimage","url":"https:\/\/interamerica.org\/wp-content\/uploads\/2020\/04\/sint-maarten-hotmeals-volunteers-1280.jpg","contentUrl":"https:\/\/interamerica.org\/wp-content\/uploads\/2020\/04\/sint-maarten-hotmeals-volunteers-1280.jpg","width":1280,"height":800},{"@type":"BreadcrumbList","@id":"https:\/\/interamerica.org\/fr\/2020\/04\/des-centaines-de-repas-chauds-prepares-par-des-adventistes-pour-des-benevoles-de-saint-martin\/#breadcrumb","itemListElement":[{"@type":"ListItem","position":1,"name":"Home","item":"https:\/\/interamerica.org\/fr\/"},{"@type":"ListItem","position":2,"name":"Des douzaines de repas chauds pr\u00e9par\u00e9s par des adventistes pour des b\u00e9n\u00e9voles de Saint-Martin"}]},{"@type":"WebSite","@id":"https:\/\/interamerica.org\/fr\/#website","url":"https:\/\/interamerica.org\/fr\/","name":"\u00c9glise Adventiste Du Septieme Jour - Inter Am\u00e9rique Division","description":"","potentialAction":[{"@type":"SearchAction","target":{"@type":"EntryPoint","urlTemplate":"https:\/\/interamerica.org\/fr\/?s={search_term_string}"},"query-input":{"@type":"PropertyValueSpecification","valueRequired":true,"valueName":"search_term_string"}}],"inLanguage":"fr-FR"},{"@type":"Person","@id":"https:\/\/interamerica.org\/fr\/#\/schema\/person\/29998f2bc2d8bd0d38662909289b54f1","name":"libna","image":{"@type":"ImageObject","inLanguage":"fr-FR","@id":"https:\/\/secure.gravatar.com\/avatar\/7c5bd30ae4b47a9ba3c856590957fd1d96dc588bf3ac05719d247e126840331f?s=96&d=mm&r=g","url":"https:\/\/secure.gravatar.com\/avatar\/7c5bd30ae4b47a9ba3c856590957fd1d96dc588bf3ac05719d247e126840331f?s=96&d=mm&r=g","contentUrl":"https:\/\/secure.gravatar.com\/avatar\/7c5bd30ae4b47a9ba3c856590957fd1d96dc588bf3ac05719d247e126840331f?s=96&d=mm&r=g","caption":"libna"}}]}},"_links":{"self":[{"href":"https:\/\/interamerica.org\/fr\/wp-json\/wp\/v2\/posts\/58224","targetHints":{"allow":["GET"]}}],"collection":[{"href":"https:\/\/interamerica.org\/fr\/wp-json\/wp\/v2\/posts"}],"about":[{"href":"https:\/\/interamerica.org\/fr\/wp-json\/wp\/v2\/types\/post"}],"author":[{"embeddable":true,"href":"https:\/\/interamerica.org\/fr\/wp-json\/wp\/v2\/users\/3"}],"replies":[{"embeddable":true,"href":"https:\/\/interamerica.org\/fr\/wp-json\/wp\/v2\/comments?post=58224"}],"version-history":[{"count":0,"href":"https:\/\/interamerica.org\/fr\/wp-json\/wp\/v2\/posts\/58224\/revisions"}],"wp:featuredmedia":[{"embeddable":true,"href":"https:\/\/interamerica.org\/fr\/wp-json\/wp\/v2\/media\/58185"}],"wp:attachment":[{"href":"https:\/\/interamerica.org\/fr\/wp-json\/wp\/v2\/media?parent=58224"}],"wp:term":[{"taxonomy":"category","embeddable":true,"href":"https:\/\/interamerica.org\/fr\/wp-json\/wp\/v2\/categories?post=58224"},{"taxonomy":"post_tag","embeddable":true,"href":"https:\/\/interamerica.org\/fr\/wp-json\/wp\/v2\/tags?post=58224"}],"curies":[{"name":"wp","href":"https:\/\/api.w.org\/{rel}","templated":true}]}}