{"id":58275,"date":"2020-05-04T13:19:05","date_gmt":"2020-05-04T17:19:05","guid":{"rendered":"https:\/\/recursing-golick.147-182-135-0.plesk.page\/?p=58275"},"modified":"2020-05-04T22:05:23","modified_gmt":"2020-05-05T02:05:23","slug":"les-moments-parfaitement-choisis-par-dieu-a-cuba","status":"publish","type":"post","link":"https:\/\/interamerica.org\/fr\/2020\/05\/les-moments-parfaitement-choisis-par-dieu-a-cuba\/","title":{"rendered":"Les moments parfaitement choisis par Dieu \u00e0 Cuba"},"content":{"rendered":"<p><span class=\"byline-news\"><span lang=\"FR-CA\">Le 4 mai 2020 | Redlands, Californie, \u00c9tats-Unis | <i>Quiet Hour Ministries<\/i><\/span><\/span><\/p>\n<p><span class=\"cap\"><span lang=\"FR-CA\">Deux \u00e9quipes missionnaires de <i>Quiet Hour Ministries<\/i> (QHM) se pr\u00e9paraient \u00e0 aller servir \u00e0 Cuba lorsque des rapports \u00e9parpill\u00e9s de COVID-19 ont commenc\u00e9 \u00e0 surgir ici et l\u00e0 aux \u00c9tats-Unis. Elles ne savaient pas ce qui allait survenir dans les jours suivants, mais Dieu le savait, lui, et il avait un plan!<\/span><\/span><\/p>\n<p><span class=\"cap\"><span lang=\"FR-CA\">\u00ab\u00a0Nous prions pour votre s\u00e9curit\u00e9 pendant le voyage\u00a0\u00bb, a \u00e9crit Randy Bates, pr\u00e9sident-directeur g\u00e9n\u00e9ral de QHM, aux \u00e9quipes au moment de leur d\u00e9part. \u00ab\u00a0Je vous invite \u00e0 r\u00e9clamer la promesse de <a href=\"https:\/\/www.biblegateway.com\/passage\/?search=proverbs+3.23-26&amp;version=LSG\">Proverbes\u00a03:23, 26<\/a>\u00a0: \u201cAlors tu marcheras avec assurance dans ton chemin, et ton pied ne heurtera pas\u2026 car l\u2019\u00c9ternel sera ton assurance, et il pr\u00e9servera ton pied de toute emb\u00fbche.\u201d\u00a0\u00bb<\/span><\/span><\/p>\n<p><span class=\"cap\"><span lang=\"FR-CA\">Dans les heures qui ont suivi, les membres du groupe missionnaire de QHM, originaires de partout en Am\u00e9rique du Nord, ont commenc\u00e9 \u00e0 se rapporter sur leur groupe de discussion de WhatsApp. \u00ab\u00a0Nous sommes presque arriv\u00e9s \u00e0 Cuba!\u00a0\u00bb a rapport\u00e9 Moraa, ne se doutant pas de l\u2019incroyable semaine qui l\u2019attendait.<\/span><\/span><\/p>\n<p><span class=\"cap\"><span lang=\"FR-CA\">Les \u00e9quipes sont arriv\u00e9es le 12\u00a0mars. L\u2019une d\u2019elles s\u2019est dirig\u00e9e vers la ville de Pil\u00f3n et l\u2019autre vers Niquero. \u00c9tonnamment, tout leur mat\u00e9riel d\u2019\u00e9vang\u00e9lisation a rapidement pass\u00e9 l\u2019\u00e9tape des douanes. Les bo\u00eetes n\u2019ont m\u00eame pas \u00e9t\u00e9 ouvertes, ce qui est tr\u00e8s rare lors des missions cubaines. Les \u00e9quipes \u00e9taient donc pr\u00eates \u00e0 concentrer toute leur \u00e9nergie sur leur travail.<\/span><\/span><\/p>\n<p><span class=\"cap\"><span lang=\"FR-CA\">D\u2019abord, chaque \u00e9quipe s\u2019est attaqu\u00e9e \u00e0 des projets de construction et \u00e0 l\u2019offre de consultations m\u00e9dicales gratuites, le tout en partageant J\u00e9sus avec des centaines de personnes. \u00c0 Pil\u00f3n, la missionnaire Linda a rapport\u00e9 que l\u2019affluence au programme pour enfants est pass\u00e9e de 26 le premier soir \u00e0 54 le lendemain. \u00c0 la premi\u00e8re clinique, l\u2019\u00e9quipe a servi pr\u00e8s de 200\u00a0personnes en quatre heures. Et \u00e0 Niquero, les cliniques \u00e9taient tout aussi pleines et la construction allait bon train.<\/span><\/span><\/p>\n<p><span class=\"cap\"><span lang=\"FR-CA\">Aux \u00c9tats-Unis, malheureusement, les bulletins de nouvelles ont rapidement \u00e9t\u00e9 submerg\u00e9s par le coronavirus alors que la situation commen\u00e7ait \u00e0 devenir tr\u00e8s s\u00e9rieuse. Et au bureau de QHM, on priait pour de la sagesse. Les \u00e9quipes doivent-elles rentrer \u00e0 la maison ou poursuivre leur mission?<\/span><\/span><\/p>\n<p><span class=\"cap\"><span lang=\"FR-CA\">Voici ce qu\u2019a \u00e9crit M.\u00a0Bates aux \u00e9quipes\u00a0: \u00ab\u00a0Nous sommes ravis d\u2019entendre comment Dieu b\u00e9nit votre travail \u00e0 Cuba. Nous ne voulons pas vous ramener \u00e0 la maison si ce n\u2019est pas n\u00e9cessaire.\u00a0\u00bb Les \u00e9quipes \u00e9taient soulag\u00e9es, car elles voulaient continuer, priant d\u2019\u00eatre en mesure de terminer ce qu\u2019elles avaient commenc\u00e9.<\/span><\/span><\/p>\n<p><span class=\"cap\"><span lang=\"FR-CA\">La semaine ne s\u2019est toutefois pas poursuivie sans emb\u00fbches. \u00c0 certains endroits, des rumeurs couraient selon lesquelles des citoyens am\u00e9ricains avaient \u00e9t\u00e9 envoy\u00e9s pour r\u00e9pandre le virus. Des avertissements ont donc \u00e9t\u00e9 \u00e9mis de ne pas visiter les cliniques. Heureusement, les gens ont continu\u00e9 de s\u2019y attrouper ainsi que de venir aux pr\u00e9sentations du soir.<\/span><\/span><\/p>\n<p><span class=\"cap\"><span lang=\"FR-CA\">Le jeudi\u00a019\u00a0mars, par contre, la situation \u00e9tait devenue plus urgente. Ainsi, lorsque le D\u00e9partement d\u2019\u00c9tat am\u00e9ricain a \u00e9mis un avertissement de niveau\u00a04 aux voyageurs am\u00e9ricains, QHM a su qu\u2019il \u00e9tait temps de rapatrier les \u00e9quipes quelques jours plus t\u00f4t que pr\u00e9vu.<\/span><\/span><\/p>\n<p><span class=\"cap\"><span lang=\"FR-CA\">\u00ab\u00a0Comme vous le savez tous, a \u00e9crit Wes Peppers, il est fort probable que nous devions rentrer \u00e0 la maison d\u00e8s demain. Donc, si vous avez l\u2019intention de laisser des choses ici pour les \u00e9glises, faites-le ce soir.\u00a0\u00bb<\/span><\/span><\/p>\n<p><span class=\"cap\"><span lang=\"FR-CA\">\u00c0 la maison, l\u2019\u00e9quipe du bureau se d\u00e9p\u00eachait de faire les arrangements de derni\u00e8re minute n\u00e9cessaires au retour de tout le groupe. Les \u00e9quipes devaient faire un voyage de 20\u00a0heures en autobus pour se rendre \u00e0 l\u2019a\u00e9roport de La Havane avant de s\u2019envoler pour les \u00c9tats-Unis. Elles \u00e9taient pr\u00e9par\u00e9es, mais tristes de devoir partir avant la fin de la mission.<\/span><\/span><\/p>\n<p><span class=\"cap\"><span lang=\"FR-CA\">La veille de leur d\u00e9part, cependant, les \u00e9quipes ont eu l\u2019extraordinaire b\u00e9n\u00e9diction d\u2019assister \u00e0 des bapt\u00eames, r\u00e9sultat de leur travail. Bien que les chiffres finaux soient toujours en comptabilisation, \u00e9tant donn\u00e9 que d\u2019autres bapt\u00eames se sont ajout\u00e9s par la suite, ces \u00e9quipes savent qu\u2019elles ont particip\u00e9 \u00e0 quelque chose de tr\u00e8s sp\u00e9cial.<\/span><\/span><\/p>\n<p><span class=\"cap\"><span lang=\"FR-CA\">Le dimanche soir, lorsque tout le monde \u00e9tait revenu en toute s\u00e9curit\u00e9, Darryl Bentley a partag\u00e9 ceci avec le groupe\u00a0:<\/span><\/span><\/p>\n<p><span class=\"cap\"><span lang=\"FR-CA\">\u00ab\u00a0Le pr\u00e9sident de l\u2019Union de Cuba a dit que ces deux \u00e9quipes missionnaires ont eu un plus grand impact que toutes les \u00e9quipes de tous les groupes venus jusqu\u2019\u00e0 maintenant dans sa r\u00e9gion. Entre l\u2019affluence dans les cliniques, les demandes d\u2019\u00e9tude de la Bible et la r\u00e9colte des \u00e2mes qui \u00e9taient pr\u00eates pour le bapt\u00eame, il s\u2019est dit tout simplement d\u00e9pass\u00e9 par l\u2019\u0153uvre du Seigneur.<\/span><\/span><\/p>\n<p><span class=\"cap\"><span lang=\"FR-CA\">\u00ab\u00a0J\u2019ai donc la confirmation que nous avons fait la bonne chose en restant le plus longtemps possible et en menant notre mission comme Dieu nous l\u2019a demand\u00e9. Je crois que le moment o\u00f9 nous sommes arriv\u00e9s au pays et le moment o\u00f9 nous en avons fait sortir tout le monde \u00e9taient exactement prescrits par le Seigneur. L\u2019ennemi a fait de gros efforts pour nous mettre des b\u00e2tons dans les roues, mais nos \u00e9quipes ont tenu le cap et Dieu nous a tir\u00e9s de l\u2019embarras.\u00a0\u00bb<\/span><\/span><\/p>\n<p><span class=\"cap\"><span lang=\"FR-CA\">Il avait un plan parfait avec des d\u00e9lais parfaits, et il en a fait usage pour sa gloire.<\/span><\/span><\/p>\n<p><span class=\"cap\"><span lang=\"FR-CA\">Janice, de l\u2019une des deux \u00e9quipes, s\u2019est exprim\u00e9e ainsi\u00a0: \u00ab\u00a0Gloire \u00e0 Dieu! Nous sommes revenus de Niquero, o\u00f9 nous avons \u00e9t\u00e9 charg\u00e9s d\u2019amour et de paix tout au long de notre exp\u00e9rience. Que notre paix actuelle demeure en nous \u00e0 notre retour [aux \u00c9tats-Unis] pendant cette p\u00e9riode si chaotique.\u00a0\u00bb<\/span><\/span><\/p>\n<p><em><span lang=\"FR-CA\">La version originale de cet article a \u00e9t\u00e9 publi\u00e9e dans l\u2019infolettre d\u2019ASI (pour <\/span><\/em><span lang=\"FR-CA\">Adventist Laymen\u2019s Services and Industries<\/span><em><span lang=\"FR-CA\">) d\u2019<\/span><\/em><em><span lang=\"FR-CA\"><a href=\"http:\/\/files.asiministries.org\/newsletters\/2020\/april\/\"><i>avril 2020<\/i><\/a><\/span><\/em><em><span lang=\"FR-CA\">.<\/span><\/em><\/p>\n<p>Traduction : Marie-Mich\u00e8le Robitaille<\/p>\n","protected":false},"excerpt":{"rendered":"<p>Le 4 mai 2020 | Redlands, Californie, \u00c9tats-Unis | Quiet Hour Ministries Deux \u00e9quipes missionnaires de Quiet Hour Ministries (QHM) se pr\u00e9paraient \u00e0 aller servir \u00e0 Cuba lorsque des rapports&#8230;<\/p>\n","protected":false},"author":3,"featured_media":58266,"comment_status":"open","ping_status":"closed","sticky":false,"template":"","format":"standard","meta":{"_acf_changed":false,"footnotes":""},"categories":[18,19],"tags":[],"class_list":["post-58275","post","type-post","status-publish","format-standard","has-post-thumbnail","hentry","category-nouvelles-de-leglise-mondiale","category-rss-francais"],"acf":[],"yoast_head":"<!-- This site is optimized with the Yoast SEO plugin v27.3 - https:\/\/yoast.com\/product\/yoast-seo-wordpress\/ -->\n<title>Les moments parfaitement choisis par Dieu \u00e0 Cuba - \u00c9glise Adventiste Du Septieme Jour - Inter Am\u00e9rique Division<\/title>\n<meta name=\"robots\" content=\"index, follow, max-snippet:-1, max-image-preview:large, max-video-preview:-1\" \/>\n<link rel=\"canonical\" href=\"https:\/\/interamerica.org\/fr\/2020\/05\/les-moments-parfaitement-choisis-par-dieu-a-cuba\/\" \/>\n<meta property=\"og:locale\" content=\"fr_FR\" \/>\n<meta property=\"og:type\" content=\"article\" \/>\n<meta property=\"og:title\" content=\"Les moments parfaitement choisis par Dieu \u00e0 Cuba - \u00c9glise Adventiste Du Septieme Jour - Inter Am\u00e9rique Division\" \/>\n<meta property=\"og:description\" content=\"Le 4 mai 2020 | Redlands, Californie, \u00c9tats-Unis | Quiet Hour Ministries Deux \u00e9quipes missionnaires de Quiet Hour Ministries (QHM) se pr\u00e9paraient \u00e0 aller servir \u00e0 Cuba lorsque des rapports...\" \/>\n<meta property=\"og:url\" content=\"https:\/\/interamerica.org\/fr\/2020\/05\/les-moments-parfaitement-choisis-par-dieu-a-cuba\/\" \/>\n<meta property=\"og:site_name\" content=\"\u00c9glise Adventiste Du Septieme Jour - Inter Am\u00e9rique Division\" \/>\n<meta property=\"article:published_time\" content=\"2020-05-04T17:19:05+00:00\" \/>\n<meta property=\"article:modified_time\" content=\"2020-05-05T02:05:23+00:00\" \/>\n<meta property=\"og:image\" content=\"https:\/\/interamerica.org\/wp-content\/uploads\/2020\/05\/cuba-architecture-3335045-1920-1280.jpg\" \/>\n\t<meta property=\"og:image:width\" content=\"1280\" \/>\n\t<meta property=\"og:image:height\" content=\"800\" \/>\n\t<meta property=\"og:image:type\" content=\"image\/jpeg\" \/>\n<meta name=\"author\" content=\"libna\" \/>\n<meta name=\"twitter:card\" content=\"summary_large_image\" \/>\n<meta name=\"twitter:label1\" content=\"\u00c9crit par\" \/>\n\t<meta name=\"twitter:data1\" content=\"libna\" \/>\n\t<meta name=\"twitter:label2\" content=\"Dur\u00e9e de lecture estim\u00e9e\" \/>\n\t<meta name=\"twitter:data2\" content=\"5 minutes\" \/>\n<script type=\"application\/ld+json\" class=\"yoast-schema-graph\">{\"@context\":\"https:\\\/\\\/schema.org\",\"@graph\":[{\"@type\":\"Article\",\"@id\":\"https:\\\/\\\/interamerica.org\\\/fr\\\/2020\\\/05\\\/les-moments-parfaitement-choisis-par-dieu-a-cuba\\\/#article\",\"isPartOf\":{\"@id\":\"https:\\\/\\\/interamerica.org\\\/fr\\\/2020\\\/05\\\/les-moments-parfaitement-choisis-par-dieu-a-cuba\\\/\"},\"author\":{\"name\":\"libna\",\"@id\":\"https:\\\/\\\/interamerica.org\\\/fr\\\/#\\\/schema\\\/person\\\/29998f2bc2d8bd0d38662909289b54f1\"},\"headline\":\"Les moments parfaitement choisis par Dieu \u00e0 Cuba\",\"datePublished\":\"2020-05-04T17:19:05+00:00\",\"dateModified\":\"2020-05-05T02:05:23+00:00\",\"mainEntityOfPage\":{\"@id\":\"https:\\\/\\\/interamerica.org\\\/fr\\\/2020\\\/05\\\/les-moments-parfaitement-choisis-par-dieu-a-cuba\\\/\"},\"wordCount\":1015,\"commentCount\":0,\"image\":{\"@id\":\"https:\\\/\\\/interamerica.org\\\/fr\\\/2020\\\/05\\\/les-moments-parfaitement-choisis-par-dieu-a-cuba\\\/#primaryimage\"},\"thumbnailUrl\":\"https:\\\/\\\/interamerica.org\\\/wp-content\\\/uploads\\\/2020\\\/05\\\/cuba-architecture-3335045-1920-1280.jpg\",\"articleSection\":[\"Nouvelles de l'\u00c9glise mondiale\",\"RSS Fran\u00e7ais\"],\"inLanguage\":\"fr-FR\",\"potentialAction\":[{\"@type\":\"CommentAction\",\"name\":\"Comment\",\"target\":[\"https:\\\/\\\/interamerica.org\\\/fr\\\/2020\\\/05\\\/les-moments-parfaitement-choisis-par-dieu-a-cuba\\\/#respond\"]}]},{\"@type\":\"WebPage\",\"@id\":\"https:\\\/\\\/interamerica.org\\\/fr\\\/2020\\\/05\\\/les-moments-parfaitement-choisis-par-dieu-a-cuba\\\/\",\"url\":\"https:\\\/\\\/interamerica.org\\\/fr\\\/2020\\\/05\\\/les-moments-parfaitement-choisis-par-dieu-a-cuba\\\/\",\"name\":\"Les moments parfaitement choisis par Dieu \u00e0 Cuba - \u00c9glise Adventiste Du Septieme Jour - Inter Am\u00e9rique Division\",\"isPartOf\":{\"@id\":\"https:\\\/\\\/interamerica.org\\\/fr\\\/#website\"},\"primaryImageOfPage\":{\"@id\":\"https:\\\/\\\/interamerica.org\\\/fr\\\/2020\\\/05\\\/les-moments-parfaitement-choisis-par-dieu-a-cuba\\\/#primaryimage\"},\"image\":{\"@id\":\"https:\\\/\\\/interamerica.org\\\/fr\\\/2020\\\/05\\\/les-moments-parfaitement-choisis-par-dieu-a-cuba\\\/#primaryimage\"},\"thumbnailUrl\":\"https:\\\/\\\/interamerica.org\\\/wp-content\\\/uploads\\\/2020\\\/05\\\/cuba-architecture-3335045-1920-1280.jpg\",\"datePublished\":\"2020-05-04T17:19:05+00:00\",\"dateModified\":\"2020-05-05T02:05:23+00:00\",\"author\":{\"@id\":\"https:\\\/\\\/interamerica.org\\\/fr\\\/#\\\/schema\\\/person\\\/29998f2bc2d8bd0d38662909289b54f1\"},\"breadcrumb\":{\"@id\":\"https:\\\/\\\/interamerica.org\\\/fr\\\/2020\\\/05\\\/les-moments-parfaitement-choisis-par-dieu-a-cuba\\\/#breadcrumb\"},\"inLanguage\":\"fr-FR\",\"potentialAction\":[{\"@type\":\"ReadAction\",\"target\":[\"https:\\\/\\\/interamerica.org\\\/fr\\\/2020\\\/05\\\/les-moments-parfaitement-choisis-par-dieu-a-cuba\\\/\"]}]},{\"@type\":\"ImageObject\",\"inLanguage\":\"fr-FR\",\"@id\":\"https:\\\/\\\/interamerica.org\\\/fr\\\/2020\\\/05\\\/les-moments-parfaitement-choisis-par-dieu-a-cuba\\\/#primaryimage\",\"url\":\"https:\\\/\\\/interamerica.org\\\/wp-content\\\/uploads\\\/2020\\\/05\\\/cuba-architecture-3335045-1920-1280.jpg\",\"contentUrl\":\"https:\\\/\\\/interamerica.org\\\/wp-content\\\/uploads\\\/2020\\\/05\\\/cuba-architecture-3335045-1920-1280.jpg\",\"width\":1280,\"height\":800,\"caption\":\"[Photo: Pixabay]\"},{\"@type\":\"BreadcrumbList\",\"@id\":\"https:\\\/\\\/interamerica.org\\\/fr\\\/2020\\\/05\\\/les-moments-parfaitement-choisis-par-dieu-a-cuba\\\/#breadcrumb\",\"itemListElement\":[{\"@type\":\"ListItem\",\"position\":1,\"name\":\"Home\",\"item\":\"https:\\\/\\\/interamerica.org\\\/fr\\\/\"},{\"@type\":\"ListItem\",\"position\":2,\"name\":\"Les moments parfaitement choisis par Dieu \u00e0 Cuba\"}]},{\"@type\":\"WebSite\",\"@id\":\"https:\\\/\\\/interamerica.org\\\/fr\\\/#website\",\"url\":\"https:\\\/\\\/interamerica.org\\\/fr\\\/\",\"name\":\"\u00c9glise Adventiste Du Septieme Jour - Inter Am\u00e9rique Division\",\"description\":\"\",\"potentialAction\":[{\"@type\":\"SearchAction\",\"target\":{\"@type\":\"EntryPoint\",\"urlTemplate\":\"https:\\\/\\\/interamerica.org\\\/fr\\\/?s={search_term_string}\"},\"query-input\":{\"@type\":\"PropertyValueSpecification\",\"valueRequired\":true,\"valueName\":\"search_term_string\"}}],\"inLanguage\":\"fr-FR\"},{\"@type\":\"Person\",\"@id\":\"https:\\\/\\\/interamerica.org\\\/fr\\\/#\\\/schema\\\/person\\\/29998f2bc2d8bd0d38662909289b54f1\",\"name\":\"libna\",\"image\":{\"@type\":\"ImageObject\",\"inLanguage\":\"fr-FR\",\"@id\":\"https:\\\/\\\/secure.gravatar.com\\\/avatar\\\/7c5bd30ae4b47a9ba3c856590957fd1d96dc588bf3ac05719d247e126840331f?s=96&d=mm&r=g\",\"url\":\"https:\\\/\\\/secure.gravatar.com\\\/avatar\\\/7c5bd30ae4b47a9ba3c856590957fd1d96dc588bf3ac05719d247e126840331f?s=96&d=mm&r=g\",\"contentUrl\":\"https:\\\/\\\/secure.gravatar.com\\\/avatar\\\/7c5bd30ae4b47a9ba3c856590957fd1d96dc588bf3ac05719d247e126840331f?s=96&d=mm&r=g\",\"caption\":\"libna\"}}]}<\/script>\n<!-- \/ Yoast SEO plugin. -->","yoast_head_json":{"title":"Les moments parfaitement choisis par Dieu \u00e0 Cuba - \u00c9glise Adventiste Du Septieme Jour - Inter Am\u00e9rique Division","robots":{"index":"index","follow":"follow","max-snippet":"max-snippet:-1","max-image-preview":"max-image-preview:large","max-video-preview":"max-video-preview:-1"},"canonical":"https:\/\/interamerica.org\/fr\/2020\/05\/les-moments-parfaitement-choisis-par-dieu-a-cuba\/","og_locale":"fr_FR","og_type":"article","og_title":"Les moments parfaitement choisis par Dieu \u00e0 Cuba - \u00c9glise Adventiste Du Septieme Jour - Inter Am\u00e9rique Division","og_description":"Le 4 mai 2020 | Redlands, Californie, \u00c9tats-Unis | Quiet Hour Ministries Deux \u00e9quipes missionnaires de Quiet Hour Ministries (QHM) se pr\u00e9paraient \u00e0 aller servir \u00e0 Cuba lorsque des rapports...","og_url":"https:\/\/interamerica.org\/fr\/2020\/05\/les-moments-parfaitement-choisis-par-dieu-a-cuba\/","og_site_name":"\u00c9glise Adventiste Du Septieme Jour - Inter Am\u00e9rique Division","article_published_time":"2020-05-04T17:19:05+00:00","article_modified_time":"2020-05-05T02:05:23+00:00","og_image":[{"width":1280,"height":800,"url":"https:\/\/interamerica.org\/wp-content\/uploads\/2020\/05\/cuba-architecture-3335045-1920-1280.jpg","type":"image\/jpeg"}],"author":"libna","twitter_card":"summary_large_image","twitter_misc":{"\u00c9crit par":"libna","Dur\u00e9e de lecture estim\u00e9e":"5 minutes"},"schema":{"@context":"https:\/\/schema.org","@graph":[{"@type":"Article","@id":"https:\/\/interamerica.org\/fr\/2020\/05\/les-moments-parfaitement-choisis-par-dieu-a-cuba\/#article","isPartOf":{"@id":"https:\/\/interamerica.org\/fr\/2020\/05\/les-moments-parfaitement-choisis-par-dieu-a-cuba\/"},"author":{"name":"libna","@id":"https:\/\/interamerica.org\/fr\/#\/schema\/person\/29998f2bc2d8bd0d38662909289b54f1"},"headline":"Les moments parfaitement choisis par Dieu \u00e0 Cuba","datePublished":"2020-05-04T17:19:05+00:00","dateModified":"2020-05-05T02:05:23+00:00","mainEntityOfPage":{"@id":"https:\/\/interamerica.org\/fr\/2020\/05\/les-moments-parfaitement-choisis-par-dieu-a-cuba\/"},"wordCount":1015,"commentCount":0,"image":{"@id":"https:\/\/interamerica.org\/fr\/2020\/05\/les-moments-parfaitement-choisis-par-dieu-a-cuba\/#primaryimage"},"thumbnailUrl":"https:\/\/interamerica.org\/wp-content\/uploads\/2020\/05\/cuba-architecture-3335045-1920-1280.jpg","articleSection":["Nouvelles de l'\u00c9glise mondiale","RSS Fran\u00e7ais"],"inLanguage":"fr-FR","potentialAction":[{"@type":"CommentAction","name":"Comment","target":["https:\/\/interamerica.org\/fr\/2020\/05\/les-moments-parfaitement-choisis-par-dieu-a-cuba\/#respond"]}]},{"@type":"WebPage","@id":"https:\/\/interamerica.org\/fr\/2020\/05\/les-moments-parfaitement-choisis-par-dieu-a-cuba\/","url":"https:\/\/interamerica.org\/fr\/2020\/05\/les-moments-parfaitement-choisis-par-dieu-a-cuba\/","name":"Les moments parfaitement choisis par Dieu \u00e0 Cuba - \u00c9glise Adventiste Du Septieme Jour - Inter Am\u00e9rique Division","isPartOf":{"@id":"https:\/\/interamerica.org\/fr\/#website"},"primaryImageOfPage":{"@id":"https:\/\/interamerica.org\/fr\/2020\/05\/les-moments-parfaitement-choisis-par-dieu-a-cuba\/#primaryimage"},"image":{"@id":"https:\/\/interamerica.org\/fr\/2020\/05\/les-moments-parfaitement-choisis-par-dieu-a-cuba\/#primaryimage"},"thumbnailUrl":"https:\/\/interamerica.org\/wp-content\/uploads\/2020\/05\/cuba-architecture-3335045-1920-1280.jpg","datePublished":"2020-05-04T17:19:05+00:00","dateModified":"2020-05-05T02:05:23+00:00","author":{"@id":"https:\/\/interamerica.org\/fr\/#\/schema\/person\/29998f2bc2d8bd0d38662909289b54f1"},"breadcrumb":{"@id":"https:\/\/interamerica.org\/fr\/2020\/05\/les-moments-parfaitement-choisis-par-dieu-a-cuba\/#breadcrumb"},"inLanguage":"fr-FR","potentialAction":[{"@type":"ReadAction","target":["https:\/\/interamerica.org\/fr\/2020\/05\/les-moments-parfaitement-choisis-par-dieu-a-cuba\/"]}]},{"@type":"ImageObject","inLanguage":"fr-FR","@id":"https:\/\/interamerica.org\/fr\/2020\/05\/les-moments-parfaitement-choisis-par-dieu-a-cuba\/#primaryimage","url":"https:\/\/interamerica.org\/wp-content\/uploads\/2020\/05\/cuba-architecture-3335045-1920-1280.jpg","contentUrl":"https:\/\/interamerica.org\/wp-content\/uploads\/2020\/05\/cuba-architecture-3335045-1920-1280.jpg","width":1280,"height":800,"caption":"[Photo: Pixabay]"},{"@type":"BreadcrumbList","@id":"https:\/\/interamerica.org\/fr\/2020\/05\/les-moments-parfaitement-choisis-par-dieu-a-cuba\/#breadcrumb","itemListElement":[{"@type":"ListItem","position":1,"name":"Home","item":"https:\/\/interamerica.org\/fr\/"},{"@type":"ListItem","position":2,"name":"Les moments parfaitement choisis par Dieu \u00e0 Cuba"}]},{"@type":"WebSite","@id":"https:\/\/interamerica.org\/fr\/#website","url":"https:\/\/interamerica.org\/fr\/","name":"\u00c9glise Adventiste Du Septieme Jour - Inter Am\u00e9rique Division","description":"","potentialAction":[{"@type":"SearchAction","target":{"@type":"EntryPoint","urlTemplate":"https:\/\/interamerica.org\/fr\/?s={search_term_string}"},"query-input":{"@type":"PropertyValueSpecification","valueRequired":true,"valueName":"search_term_string"}}],"inLanguage":"fr-FR"},{"@type":"Person","@id":"https:\/\/interamerica.org\/fr\/#\/schema\/person\/29998f2bc2d8bd0d38662909289b54f1","name":"libna","image":{"@type":"ImageObject","inLanguage":"fr-FR","@id":"https:\/\/secure.gravatar.com\/avatar\/7c5bd30ae4b47a9ba3c856590957fd1d96dc588bf3ac05719d247e126840331f?s=96&d=mm&r=g","url":"https:\/\/secure.gravatar.com\/avatar\/7c5bd30ae4b47a9ba3c856590957fd1d96dc588bf3ac05719d247e126840331f?s=96&d=mm&r=g","contentUrl":"https:\/\/secure.gravatar.com\/avatar\/7c5bd30ae4b47a9ba3c856590957fd1d96dc588bf3ac05719d247e126840331f?s=96&d=mm&r=g","caption":"libna"}}]}},"_links":{"self":[{"href":"https:\/\/interamerica.org\/fr\/wp-json\/wp\/v2\/posts\/58275","targetHints":{"allow":["GET"]}}],"collection":[{"href":"https:\/\/interamerica.org\/fr\/wp-json\/wp\/v2\/posts"}],"about":[{"href":"https:\/\/interamerica.org\/fr\/wp-json\/wp\/v2\/types\/post"}],"author":[{"embeddable":true,"href":"https:\/\/interamerica.org\/fr\/wp-json\/wp\/v2\/users\/3"}],"replies":[{"embeddable":true,"href":"https:\/\/interamerica.org\/fr\/wp-json\/wp\/v2\/comments?post=58275"}],"version-history":[{"count":0,"href":"https:\/\/interamerica.org\/fr\/wp-json\/wp\/v2\/posts\/58275\/revisions"}],"wp:featuredmedia":[{"embeddable":true,"href":"https:\/\/interamerica.org\/fr\/wp-json\/wp\/v2\/media\/58266"}],"wp:attachment":[{"href":"https:\/\/interamerica.org\/fr\/wp-json\/wp\/v2\/media?parent=58275"}],"wp:term":[{"taxonomy":"category","embeddable":true,"href":"https:\/\/interamerica.org\/fr\/wp-json\/wp\/v2\/categories?post=58275"},{"taxonomy":"post_tag","embeddable":true,"href":"https:\/\/interamerica.org\/fr\/wp-json\/wp\/v2\/tags?post=58275"}],"curies":[{"name":"wp","href":"https:\/\/api.w.org\/{rel}","templated":true}]}}