{"id":58317,"date":"2020-05-05T20:50:40","date_gmt":"2020-05-06T00:50:40","guid":{"rendered":"https:\/\/recursing-golick.147-182-135-0.plesk.page\/?p=58317"},"modified":"2020-05-06T13:33:45","modified_gmt":"2020-05-06T17:33:45","slug":"le-grand-besoin-des-personnes-endeuillees","status":"publish","type":"post","link":"https:\/\/interamerica.org\/fr\/2020\/05\/le-grand-besoin-des-personnes-endeuillees\/","title":{"rendered":"Le grand besoin des personnes endeuill\u00e9es"},"content":{"rendered":"<p><span class=\"byline-news\"><span lang=\"FR-CA\">Le 5 mai 2020 | Silver Spring, Maryland, \u00c9tats-Unis | Karen Nicola<\/span><\/span><\/p>\n<p><span class=\"smallcap\"><span lang=\"FR-CA\">D\u2019accord, je l\u2019avoue, j\u2019aime r\u00e9gler des probl\u00e8mes. Ici, maintenant, mon premier r\u00e9flexe est \u00e9videmment d\u2019analyser la situation et de penser au plus grand nombre de fa\u00e7ons possible de l\u2019am\u00e9liorer.<\/span><\/span><\/p>\n<p>Mais aujourd\u2019hui, je regarde les gens enterrer leurs proches d\u00e9c\u00e9d\u00e9s avec les restrictions de rassemblement que nous impose la COVID-19 et je suis \u00e0 court de solutions. Je suis perturb\u00e9e par le niveau de risque associ\u00e9 \u00e0 un \u00e9v\u00e9nement lors duquel nous avons le plus grand besoin de contacts humains. Le maximum de personnes admises dans un rassemblement est de dix. Pourtant, les c\u00e9r\u00e9monies de fun\u00e9railles et d\u2019enterrement sont essentielles. De nombreuses personnes se retrouvent donc \u00e0 devoir s\u2019adapter \u00e0 de nouvelles r\u00e8gles en p\u00e9riode de deuil en plus de tout le reste qui a d\u00e9j\u00e0 r\u00e9cemment chang\u00e9 dans leur vie. Mais comment r\u00e9soudre ce probl\u00e8me?<\/p>\n<p><strong>Des solutions possibles<\/strong><\/p>\n<p>La solution la plus \u00e9vidente consiste \u00e0 retarder la c\u00e9r\u00e9monie jusqu\u2019\u00e0 ce que les rassemblements soient permis \u00e0 nouveau. Pour certains, cette solution est possible.<\/p>\n<p>Mais qu\u2019en est-il de nos plus proches parents? Je pense \u00e0 eux. Ils doivent reporter cet important rassemblement qui leur ferait tant de bien. Ils ressentent l\u2019isolement dans solitude extr\u00eame. Nous avons cette coutume de nous rassembler pour rendre hommage aux personnes d\u00e9c\u00e9d\u00e9es, notamment pour assurer un soutien \u00e0 leurs proches. Je suis de tout c\u0153ur avec les personnes en deuil en cette p\u00e9riode de distanciation sociale. Et vous, les consolateurs, recevez toute mon attention.<\/p>\n<p>Pour les familles qui choisissent de ne pas reporter les fun\u00e9railles, les entreprises de pompes fun\u00e8bres font de leur mieux pour accommoder des groupes de dix personnes \u00e0 la fois. Elles ne sont toutefois pas en mesure d\u2019offrir le soutien n\u00e9cessaire \u00e0 leurs clients qui ont perdu un \u00eatre cher. Ainsi, mes amis accompagnateurs attentionn\u00e9s, on a, plus que jamais, besoin de vous.<\/p>\n<p><strong>Cinq fa\u00e7ons d\u2019apporter du soutien aux personnes endeuill\u00e9es<\/strong><\/p>\n<p>Voici cinq id\u00e9es simples qui pourraient faire toute la diff\u00e9rence pour un ami, un voisin ou un membre de votre famille qui a besoin de vous. M\u00eame l\u2019application d\u2019une seule de ces cinq recommandations pourrait soulager le c\u0153ur bris\u00e9 d\u2019une personne endeuill\u00e9e et isol\u00e9e.<\/p>\n<ol>\n<li><strong>Organisez la livraison quotidienne de repas \u00e0 son domicile.<\/strong> N\u2019offrez que la quantit\u00e9 n\u00e9cessaire \u00e0 une seule journ\u00e9e. Apr\u00e8s avoir v\u00e9rifi\u00e9 ses besoins alimentaires, incluez \u00e0 l\u2019occasion un sac rempli de produits d\u2019\u00e9picerie, comme du pain, du lait, des c\u00e9r\u00e9ales et des fruits frais.<\/li>\n<li><strong>Dressez la liste des personnes qui lui t\u00e9l\u00e9phoneront durant la semaine. <\/strong>Par exemple, dressez une liste de sept personnes qui peuvent la contacter une fois par semaine, lors d\u2019une journ\u00e9e pr\u00e9cise. De cette mani\u00e8re, la personne en deuil re\u00e7oit un appel tous les jours. Maintenez cette routine tant qu\u2019elle aura un effet positif.<\/li>\n<li><strong>Invitez des amis de l\u2019ext\u00e9rieur \u00e0 envoyer des cartes, des messages ou des lettres pendant plusieurs mois. <\/strong>D\u2019ailleurs, les cartes faites maison par des enfants du quartier font preuve d\u2019une grande humanit\u00e9.<\/li>\n<li><strong>Invitez des voisins ou des amis \u00e0 lui rendre de courtes visites \u00e0 sa porte <\/strong>tout en gardant des distances appropri\u00e9es.<\/li>\n<li><strong>Demandez \u00e0 quelques personnes de votre \u00e9glise ou de votre communaut\u00e9 religieuse de lui t\u00e9l\u00e9phoner \u00e0 l\u2019heure du coucher pour lire la Bible et prier avec elle. <\/strong>(Gardez \u00e0 l\u2019esprit que les p\u00e9riodes de pertes ne sont pas le moment de faire l\u2019\u00e9tude approfondie de doctrines, mais plut\u00f4t d\u2019affirmer que la gr\u00e2ce de Dieu est suffisante pour assurer la gu\u00e9rison.)<\/li>\n<\/ol>\n<p>En mettant tous la main \u00e0 la p\u00e2te, nous pouvons soutenir nos amis, nos voisins et les membres de notre famille qui ont perdu un \u00eatre cher, surtout en ces temps d\u2019isolement obligatoire. Voil\u00e0 l\u2019occasion parfaite d\u2019\u00eatre \u00e0 notre meilleur pour le bien de ceux qui ont le c\u0153ur bris\u00e9.<\/p>\n<p><strong>Karen Nicola<\/strong>\u00a0est \u00e9ducatrice et conseill\u00e8re sur le deuil. Vous pouvez suivre ses publications sur Facebook au <a href=\"http:\/\/www.facebook.com\/comfortfortheday\/\">www.facebook.com\/comfortfortheday\/<\/a>.<\/p>\n<p>Traduction : Marie-Mich\u00e8le Robitaille<\/p>\n","protected":false},"excerpt":{"rendered":"<p>Le 5 mai 2020 | Silver Spring, Maryland, \u00c9tats-Unis | Karen Nicola D\u2019accord, je l\u2019avoue, j\u2019aime r\u00e9gler des probl\u00e8mes. Ici, maintenant, mon premier r\u00e9flexe est \u00e9videmment d\u2019analyser la situation et&#8230;<\/p>\n","protected":false},"author":3,"featured_media":58303,"comment_status":"open","ping_status":"closed","sticky":false,"template":"","format":"standard","meta":{"_acf_changed":false,"footnotes":""},"categories":[18,19],"tags":[],"class_list":["post-58317","post","type-post","status-publish","format-standard","has-post-thumbnail","hentry","category-nouvelles-de-leglise-mondiale","category-rss-francais"],"acf":[],"yoast_head":"<!-- This site is optimized with the Yoast SEO plugin v27.3 - https:\/\/yoast.com\/product\/yoast-seo-wordpress\/ -->\n<title>Le grand besoin des personnes endeuill\u00e9es - \u00c9glise Adventiste Du Septieme Jour - Inter Am\u00e9rique Division<\/title>\n<meta name=\"robots\" content=\"index, follow, max-snippet:-1, max-image-preview:large, max-video-preview:-1\" \/>\n<link rel=\"canonical\" href=\"https:\/\/interamerica.org\/fr\/2020\/05\/le-grand-besoin-des-personnes-endeuillees\/\" \/>\n<meta property=\"og:locale\" content=\"fr_FR\" \/>\n<meta property=\"og:type\" content=\"article\" \/>\n<meta property=\"og:title\" content=\"Le grand besoin des personnes endeuill\u00e9es - \u00c9glise Adventiste Du Septieme Jour - Inter Am\u00e9rique Division\" \/>\n<meta property=\"og:description\" content=\"Le 5 mai 2020 | Silver Spring, Maryland, \u00c9tats-Unis | Karen Nicola D\u2019accord, je l\u2019avoue, j\u2019aime r\u00e9gler des probl\u00e8mes. Ici, maintenant, mon premier r\u00e9flexe est \u00e9videmment d\u2019analyser la situation et...\" \/>\n<meta property=\"og:url\" content=\"https:\/\/interamerica.org\/fr\/2020\/05\/le-grand-besoin-des-personnes-endeuillees\/\" \/>\n<meta property=\"og:site_name\" content=\"\u00c9glise Adventiste Du Septieme Jour - Inter Am\u00e9rique Division\" \/>\n<meta property=\"article:published_time\" content=\"2020-05-06T00:50:40+00:00\" \/>\n<meta property=\"article:modified_time\" content=\"2020-05-06T17:33:45+00:00\" \/>\n<meta property=\"og:image\" content=\"https:\/\/interamerica.org\/wp-content\/uploads\/2020\/05\/sad-eric-ward-akt1bnnummk-unsplash.jpg\" \/>\n\t<meta property=\"og:image:width\" content=\"1280\" \/>\n\t<meta property=\"og:image:height\" content=\"800\" \/>\n\t<meta property=\"og:image:type\" content=\"image\/jpeg\" \/>\n<meta name=\"author\" content=\"libna\" \/>\n<meta name=\"twitter:card\" content=\"summary_large_image\" \/>\n<meta name=\"twitter:label1\" content=\"\u00c9crit par\" \/>\n\t<meta name=\"twitter:data1\" content=\"libna\" \/>\n\t<meta name=\"twitter:label2\" content=\"Dur\u00e9e de lecture estim\u00e9e\" \/>\n\t<meta name=\"twitter:data2\" content=\"4 minutes\" \/>\n<script type=\"application\/ld+json\" class=\"yoast-schema-graph\">{\"@context\":\"https:\\\/\\\/schema.org\",\"@graph\":[{\"@type\":\"Article\",\"@id\":\"https:\\\/\\\/interamerica.org\\\/fr\\\/2020\\\/05\\\/le-grand-besoin-des-personnes-endeuillees\\\/#article\",\"isPartOf\":{\"@id\":\"https:\\\/\\\/interamerica.org\\\/fr\\\/2020\\\/05\\\/le-grand-besoin-des-personnes-endeuillees\\\/\"},\"author\":{\"name\":\"libna\",\"@id\":\"https:\\\/\\\/interamerica.org\\\/fr\\\/#\\\/schema\\\/person\\\/29998f2bc2d8bd0d38662909289b54f1\"},\"headline\":\"Le grand besoin des personnes endeuill\u00e9es\",\"datePublished\":\"2020-05-06T00:50:40+00:00\",\"dateModified\":\"2020-05-06T17:33:45+00:00\",\"mainEntityOfPage\":{\"@id\":\"https:\\\/\\\/interamerica.org\\\/fr\\\/2020\\\/05\\\/le-grand-besoin-des-personnes-endeuillees\\\/\"},\"wordCount\":724,\"commentCount\":0,\"image\":{\"@id\":\"https:\\\/\\\/interamerica.org\\\/fr\\\/2020\\\/05\\\/le-grand-besoin-des-personnes-endeuillees\\\/#primaryimage\"},\"thumbnailUrl\":\"https:\\\/\\\/interamerica.org\\\/wp-content\\\/uploads\\\/2020\\\/05\\\/sad-eric-ward-akt1bnnummk-unsplash.jpg\",\"articleSection\":[\"Nouvelles de l'\u00c9glise mondiale\",\"RSS Fran\u00e7ais\"],\"inLanguage\":\"fr-FR\",\"potentialAction\":[{\"@type\":\"CommentAction\",\"name\":\"Comment\",\"target\":[\"https:\\\/\\\/interamerica.org\\\/fr\\\/2020\\\/05\\\/le-grand-besoin-des-personnes-endeuillees\\\/#respond\"]}]},{\"@type\":\"WebPage\",\"@id\":\"https:\\\/\\\/interamerica.org\\\/fr\\\/2020\\\/05\\\/le-grand-besoin-des-personnes-endeuillees\\\/\",\"url\":\"https:\\\/\\\/interamerica.org\\\/fr\\\/2020\\\/05\\\/le-grand-besoin-des-personnes-endeuillees\\\/\",\"name\":\"Le grand besoin des personnes endeuill\u00e9es - \u00c9glise Adventiste Du Septieme Jour - Inter Am\u00e9rique Division\",\"isPartOf\":{\"@id\":\"https:\\\/\\\/interamerica.org\\\/fr\\\/#website\"},\"primaryImageOfPage\":{\"@id\":\"https:\\\/\\\/interamerica.org\\\/fr\\\/2020\\\/05\\\/le-grand-besoin-des-personnes-endeuillees\\\/#primaryimage\"},\"image\":{\"@id\":\"https:\\\/\\\/interamerica.org\\\/fr\\\/2020\\\/05\\\/le-grand-besoin-des-personnes-endeuillees\\\/#primaryimage\"},\"thumbnailUrl\":\"https:\\\/\\\/interamerica.org\\\/wp-content\\\/uploads\\\/2020\\\/05\\\/sad-eric-ward-akt1bnnummk-unsplash.jpg\",\"datePublished\":\"2020-05-06T00:50:40+00:00\",\"dateModified\":\"2020-05-06T17:33:45+00:00\",\"author\":{\"@id\":\"https:\\\/\\\/interamerica.org\\\/fr\\\/#\\\/schema\\\/person\\\/29998f2bc2d8bd0d38662909289b54f1\"},\"breadcrumb\":{\"@id\":\"https:\\\/\\\/interamerica.org\\\/fr\\\/2020\\\/05\\\/le-grand-besoin-des-personnes-endeuillees\\\/#breadcrumb\"},\"inLanguage\":\"fr-FR\",\"potentialAction\":[{\"@type\":\"ReadAction\",\"target\":[\"https:\\\/\\\/interamerica.org\\\/fr\\\/2020\\\/05\\\/le-grand-besoin-des-personnes-endeuillees\\\/\"]}]},{\"@type\":\"ImageObject\",\"inLanguage\":\"fr-FR\",\"@id\":\"https:\\\/\\\/interamerica.org\\\/fr\\\/2020\\\/05\\\/le-grand-besoin-des-personnes-endeuillees\\\/#primaryimage\",\"url\":\"https:\\\/\\\/interamerica.org\\\/wp-content\\\/uploads\\\/2020\\\/05\\\/sad-eric-ward-akt1bnnummk-unsplash.jpg\",\"contentUrl\":\"https:\\\/\\\/interamerica.org\\\/wp-content\\\/uploads\\\/2020\\\/05\\\/sad-eric-ward-akt1bnnummk-unsplash.jpg\",\"width\":1280,\"height\":800,\"caption\":\"Une photo d'Eric Ward\\\/Unsplash.\"},{\"@type\":\"BreadcrumbList\",\"@id\":\"https:\\\/\\\/interamerica.org\\\/fr\\\/2020\\\/05\\\/le-grand-besoin-des-personnes-endeuillees\\\/#breadcrumb\",\"itemListElement\":[{\"@type\":\"ListItem\",\"position\":1,\"name\":\"Home\",\"item\":\"https:\\\/\\\/interamerica.org\\\/fr\\\/\"},{\"@type\":\"ListItem\",\"position\":2,\"name\":\"Le grand besoin des personnes endeuill\u00e9es\"}]},{\"@type\":\"WebSite\",\"@id\":\"https:\\\/\\\/interamerica.org\\\/fr\\\/#website\",\"url\":\"https:\\\/\\\/interamerica.org\\\/fr\\\/\",\"name\":\"\u00c9glise Adventiste Du Septieme Jour - Inter Am\u00e9rique Division\",\"description\":\"\",\"potentialAction\":[{\"@type\":\"SearchAction\",\"target\":{\"@type\":\"EntryPoint\",\"urlTemplate\":\"https:\\\/\\\/interamerica.org\\\/fr\\\/?s={search_term_string}\"},\"query-input\":{\"@type\":\"PropertyValueSpecification\",\"valueRequired\":true,\"valueName\":\"search_term_string\"}}],\"inLanguage\":\"fr-FR\"},{\"@type\":\"Person\",\"@id\":\"https:\\\/\\\/interamerica.org\\\/fr\\\/#\\\/schema\\\/person\\\/29998f2bc2d8bd0d38662909289b54f1\",\"name\":\"libna\",\"image\":{\"@type\":\"ImageObject\",\"inLanguage\":\"fr-FR\",\"@id\":\"https:\\\/\\\/secure.gravatar.com\\\/avatar\\\/7c5bd30ae4b47a9ba3c856590957fd1d96dc588bf3ac05719d247e126840331f?s=96&d=mm&r=g\",\"url\":\"https:\\\/\\\/secure.gravatar.com\\\/avatar\\\/7c5bd30ae4b47a9ba3c856590957fd1d96dc588bf3ac05719d247e126840331f?s=96&d=mm&r=g\",\"contentUrl\":\"https:\\\/\\\/secure.gravatar.com\\\/avatar\\\/7c5bd30ae4b47a9ba3c856590957fd1d96dc588bf3ac05719d247e126840331f?s=96&d=mm&r=g\",\"caption\":\"libna\"}}]}<\/script>\n<!-- \/ Yoast SEO plugin. -->","yoast_head_json":{"title":"Le grand besoin des personnes endeuill\u00e9es - \u00c9glise Adventiste Du Septieme Jour - Inter Am\u00e9rique Division","robots":{"index":"index","follow":"follow","max-snippet":"max-snippet:-1","max-image-preview":"max-image-preview:large","max-video-preview":"max-video-preview:-1"},"canonical":"https:\/\/interamerica.org\/fr\/2020\/05\/le-grand-besoin-des-personnes-endeuillees\/","og_locale":"fr_FR","og_type":"article","og_title":"Le grand besoin des personnes endeuill\u00e9es - \u00c9glise Adventiste Du Septieme Jour - Inter Am\u00e9rique Division","og_description":"Le 5 mai 2020 | Silver Spring, Maryland, \u00c9tats-Unis | Karen Nicola D\u2019accord, je l\u2019avoue, j\u2019aime r\u00e9gler des probl\u00e8mes. Ici, maintenant, mon premier r\u00e9flexe est \u00e9videmment d\u2019analyser la situation et...","og_url":"https:\/\/interamerica.org\/fr\/2020\/05\/le-grand-besoin-des-personnes-endeuillees\/","og_site_name":"\u00c9glise Adventiste Du Septieme Jour - Inter Am\u00e9rique Division","article_published_time":"2020-05-06T00:50:40+00:00","article_modified_time":"2020-05-06T17:33:45+00:00","og_image":[{"width":1280,"height":800,"url":"https:\/\/interamerica.org\/wp-content\/uploads\/2020\/05\/sad-eric-ward-akt1bnnummk-unsplash.jpg","type":"image\/jpeg"}],"author":"libna","twitter_card":"summary_large_image","twitter_misc":{"\u00c9crit par":"libna","Dur\u00e9e de lecture estim\u00e9e":"4 minutes"},"schema":{"@context":"https:\/\/schema.org","@graph":[{"@type":"Article","@id":"https:\/\/interamerica.org\/fr\/2020\/05\/le-grand-besoin-des-personnes-endeuillees\/#article","isPartOf":{"@id":"https:\/\/interamerica.org\/fr\/2020\/05\/le-grand-besoin-des-personnes-endeuillees\/"},"author":{"name":"libna","@id":"https:\/\/interamerica.org\/fr\/#\/schema\/person\/29998f2bc2d8bd0d38662909289b54f1"},"headline":"Le grand besoin des personnes endeuill\u00e9es","datePublished":"2020-05-06T00:50:40+00:00","dateModified":"2020-05-06T17:33:45+00:00","mainEntityOfPage":{"@id":"https:\/\/interamerica.org\/fr\/2020\/05\/le-grand-besoin-des-personnes-endeuillees\/"},"wordCount":724,"commentCount":0,"image":{"@id":"https:\/\/interamerica.org\/fr\/2020\/05\/le-grand-besoin-des-personnes-endeuillees\/#primaryimage"},"thumbnailUrl":"https:\/\/interamerica.org\/wp-content\/uploads\/2020\/05\/sad-eric-ward-akt1bnnummk-unsplash.jpg","articleSection":["Nouvelles de l'\u00c9glise mondiale","RSS Fran\u00e7ais"],"inLanguage":"fr-FR","potentialAction":[{"@type":"CommentAction","name":"Comment","target":["https:\/\/interamerica.org\/fr\/2020\/05\/le-grand-besoin-des-personnes-endeuillees\/#respond"]}]},{"@type":"WebPage","@id":"https:\/\/interamerica.org\/fr\/2020\/05\/le-grand-besoin-des-personnes-endeuillees\/","url":"https:\/\/interamerica.org\/fr\/2020\/05\/le-grand-besoin-des-personnes-endeuillees\/","name":"Le grand besoin des personnes endeuill\u00e9es - \u00c9glise Adventiste Du Septieme Jour - Inter Am\u00e9rique Division","isPartOf":{"@id":"https:\/\/interamerica.org\/fr\/#website"},"primaryImageOfPage":{"@id":"https:\/\/interamerica.org\/fr\/2020\/05\/le-grand-besoin-des-personnes-endeuillees\/#primaryimage"},"image":{"@id":"https:\/\/interamerica.org\/fr\/2020\/05\/le-grand-besoin-des-personnes-endeuillees\/#primaryimage"},"thumbnailUrl":"https:\/\/interamerica.org\/wp-content\/uploads\/2020\/05\/sad-eric-ward-akt1bnnummk-unsplash.jpg","datePublished":"2020-05-06T00:50:40+00:00","dateModified":"2020-05-06T17:33:45+00:00","author":{"@id":"https:\/\/interamerica.org\/fr\/#\/schema\/person\/29998f2bc2d8bd0d38662909289b54f1"},"breadcrumb":{"@id":"https:\/\/interamerica.org\/fr\/2020\/05\/le-grand-besoin-des-personnes-endeuillees\/#breadcrumb"},"inLanguage":"fr-FR","potentialAction":[{"@type":"ReadAction","target":["https:\/\/interamerica.org\/fr\/2020\/05\/le-grand-besoin-des-personnes-endeuillees\/"]}]},{"@type":"ImageObject","inLanguage":"fr-FR","@id":"https:\/\/interamerica.org\/fr\/2020\/05\/le-grand-besoin-des-personnes-endeuillees\/#primaryimage","url":"https:\/\/interamerica.org\/wp-content\/uploads\/2020\/05\/sad-eric-ward-akt1bnnummk-unsplash.jpg","contentUrl":"https:\/\/interamerica.org\/wp-content\/uploads\/2020\/05\/sad-eric-ward-akt1bnnummk-unsplash.jpg","width":1280,"height":800,"caption":"Une photo d'Eric Ward\/Unsplash."},{"@type":"BreadcrumbList","@id":"https:\/\/interamerica.org\/fr\/2020\/05\/le-grand-besoin-des-personnes-endeuillees\/#breadcrumb","itemListElement":[{"@type":"ListItem","position":1,"name":"Home","item":"https:\/\/interamerica.org\/fr\/"},{"@type":"ListItem","position":2,"name":"Le grand besoin des personnes endeuill\u00e9es"}]},{"@type":"WebSite","@id":"https:\/\/interamerica.org\/fr\/#website","url":"https:\/\/interamerica.org\/fr\/","name":"\u00c9glise Adventiste Du Septieme Jour - Inter Am\u00e9rique Division","description":"","potentialAction":[{"@type":"SearchAction","target":{"@type":"EntryPoint","urlTemplate":"https:\/\/interamerica.org\/fr\/?s={search_term_string}"},"query-input":{"@type":"PropertyValueSpecification","valueRequired":true,"valueName":"search_term_string"}}],"inLanguage":"fr-FR"},{"@type":"Person","@id":"https:\/\/interamerica.org\/fr\/#\/schema\/person\/29998f2bc2d8bd0d38662909289b54f1","name":"libna","image":{"@type":"ImageObject","inLanguage":"fr-FR","@id":"https:\/\/secure.gravatar.com\/avatar\/7c5bd30ae4b47a9ba3c856590957fd1d96dc588bf3ac05719d247e126840331f?s=96&d=mm&r=g","url":"https:\/\/secure.gravatar.com\/avatar\/7c5bd30ae4b47a9ba3c856590957fd1d96dc588bf3ac05719d247e126840331f?s=96&d=mm&r=g","contentUrl":"https:\/\/secure.gravatar.com\/avatar\/7c5bd30ae4b47a9ba3c856590957fd1d96dc588bf3ac05719d247e126840331f?s=96&d=mm&r=g","caption":"libna"}}]}},"_links":{"self":[{"href":"https:\/\/interamerica.org\/fr\/wp-json\/wp\/v2\/posts\/58317","targetHints":{"allow":["GET"]}}],"collection":[{"href":"https:\/\/interamerica.org\/fr\/wp-json\/wp\/v2\/posts"}],"about":[{"href":"https:\/\/interamerica.org\/fr\/wp-json\/wp\/v2\/types\/post"}],"author":[{"embeddable":true,"href":"https:\/\/interamerica.org\/fr\/wp-json\/wp\/v2\/users\/3"}],"replies":[{"embeddable":true,"href":"https:\/\/interamerica.org\/fr\/wp-json\/wp\/v2\/comments?post=58317"}],"version-history":[{"count":0,"href":"https:\/\/interamerica.org\/fr\/wp-json\/wp\/v2\/posts\/58317\/revisions"}],"wp:featuredmedia":[{"embeddable":true,"href":"https:\/\/interamerica.org\/fr\/wp-json\/wp\/v2\/media\/58303"}],"wp:attachment":[{"href":"https:\/\/interamerica.org\/fr\/wp-json\/wp\/v2\/media?parent=58317"}],"wp:term":[{"taxonomy":"category","embeddable":true,"href":"https:\/\/interamerica.org\/fr\/wp-json\/wp\/v2\/categories?post=58317"},{"taxonomy":"post_tag","embeddable":true,"href":"https:\/\/interamerica.org\/fr\/wp-json\/wp\/v2\/tags?post=58317"}],"curies":[{"name":"wp","href":"https:\/\/api.w.org\/{rel}","templated":true}]}}