{"id":58518,"date":"2020-05-07T12:15:44","date_gmt":"2020-05-07T16:15:44","guid":{"rendered":"https:\/\/recursing-golick.147-182-135-0.plesk.page\/?p=58518"},"modified":"2020-05-08T09:32:58","modified_gmt":"2020-05-08T13:32:58","slug":"les-principaux-dirigeants-adventistes-prient-pour-les-membres-deglise-se-penchent-sur-la-croissance-et-votent-une-initiative-devangelisation-complete","status":"publish","type":"post","link":"https:\/\/interamerica.org\/fr\/2020\/05\/les-principaux-dirigeants-adventistes-prient-pour-les-membres-deglise-se-penchent-sur-la-croissance-et-votent-une-initiative-devangelisation-complete\/","title":{"rendered":"Les principaux dirigeants adventistes prient pour les membres d\u2019\u00e9glise, se penchent sur la croissance et votent une initiative d\u2019\u00e9vang\u00e9lisation compl\u00e8te"},"content":{"rendered":"<p><div id=\"attachment_58369\" style=\"width: 810px\" class=\"wp-caption aligncenter\"><img fetchpriority=\"high\" decoding=\"async\" aria-describedby=\"caption-attachment-58369\" class=\" wp-image-58368\" src=\"https:\/\/recursing-golick.147-182-135-0.plesk.page\/wp-content\/uploads\/2020\/05\/elie-henry-mym-20-may6-am-1024x640.jpg\" alt=\"\" width=\"800\" height=\"500\" srcset=\"https:\/\/interamerica.org\/wp-content\/uploads\/2020\/05\/elie-henry-mym-20-may6-am-1024x640.jpg 1024w, https:\/\/interamerica.org\/wp-content\/uploads\/2020\/05\/elie-henry-mym-20-may6-am-300x188.jpg 300w, https:\/\/interamerica.org\/wp-content\/uploads\/2020\/05\/elie-henry-mym-20-may6-am-768x480.jpg 768w, https:\/\/interamerica.org\/wp-content\/uploads\/2020\/05\/elie-henry-mym-20-may6-am.jpg 1280w\" sizes=\"(max-width: 800px) 100vw, 800px\" \/><p id=\"caption-attachment-58369\" class=\"wp-caption-text\">Le pr\u00e9sident de la Division Inter Am\u00e9ricaine, pasteur Elie Henry, s\u2019adresse aux membres du comit\u00e9 ex\u00e9cutif par vid\u00e9oconf\u00e9rence lors du d\u00e9but des rencontres annuelles administratives de milieu d\u2019ann\u00e9e \u00e0 Miami, en Floride, aux \u00c9tats-Unis, le 6 mai 2020. [Photo : Abel M\u00e1rquez \/ DIA]<\/p><\/div>7 Mai 2020 | Miami, Floride, \u00c9tats-Unis | Libna Stevens, P\u00f4le Informations de la Division Inter Am\u00e9ricaine<\/p>\n<p>Hier, les principaux dirigeants de l\u2019\u00c9glise adventiste du septi\u00e8me jour dans la Division Inter Am\u00e9ricaine (DIA) ont d\u00e9but\u00e9 la premi\u00e8re journ\u00e9e de ses rencontres administratives annuelles de milieu d\u2019ann\u00e9e, avec une session de pri\u00e8re pour l\u2019\u0153uvre de l\u2019\u00e9glise et pour la s\u00e9curit\u00e9 de ses membres \u00e0 travers le territoire.<\/p>\n<p>\u00ab Vous vous rendez tous compte que l\u2019\u00e9poque \u00e0 laquelle nous vivons est un moment sp\u00e9cial non seulement pour nous en tant que membres de la famille de l\u2019Inter Am\u00e9rique, mais que cette situation affecte le monde dans son ensemble, \u00bb a d\u00e9clar\u00e9 pasteur Elie Henry, pr\u00e9sident de l\u2019\u00c9glise adventiste en Inter Am\u00e9rique. \u00ab On parle partout de cette pand\u00e9mie de coronavirus et nous pensons que dans des moments comme ceux-ci, il est tr\u00e8s important pour nous d\u2019avancer et de demander \u00e0 Dieu d\u2019intervenir pour nous aider \u00e0 traverser cela. \u00bb<\/p>\n<p>Les r\u00e9unions par vid\u00e9oconf\u00e9rence, qui ont r\u00e9uni plus de 160 membres du comit\u00e9 ex\u00e9cutif r\u00e9partis dans les 24 grandes unions, ou r\u00e9gions eccl\u00e9siales majeures de l\u2019Inter-Am\u00e9rique, ont commenc\u00e9 avec une session de pri\u00e8re pour les membres d\u2019\u00e9glise victimes du COVID-19, pour leurs familles ainsi que pour les victimes dans la communaut\u00e9, pour les autorit\u00e9s de chacun des pays repr\u00e9sent\u00e9s sur le territoire, pour l\u2019\u00e9glise et sa mission, pour les employ\u00e9s de l\u2019organisation, en particulier ceux des \u00e9tablissements sanitaires et des entreprises d\u2019aliments di\u00e9t\u00e9tiques qui sont en premi\u00e8re ligne, ainsi que pour les champs locaux, les unions et les institutions \u00e9ducatives.<\/p>\n<p><div id=\"attachment_58372\" style=\"width: 819px\" class=\"wp-caption aligncenter\"><img decoding=\"async\" aria-describedby=\"caption-attachment-58372\" class=\" wp-image-58371\" src=\"https:\/\/recursing-golick.147-182-135-0.plesk.page\/wp-content\/uploads\/2020\/05\/mym-20-zoom-may-6-am-1024x611.jpg\" alt=\"\" width=\"809\" height=\"483\" srcset=\"https:\/\/interamerica.org\/wp-content\/uploads\/2020\/05\/mym-20-zoom-may-6-am-1024x611.jpg 1024w, https:\/\/interamerica.org\/wp-content\/uploads\/2020\/05\/mym-20-zoom-may-6-am-300x179.jpg 300w, https:\/\/interamerica.org\/wp-content\/uploads\/2020\/05\/mym-20-zoom-may-6-am-768x459.jpg 768w, https:\/\/interamerica.org\/wp-content\/uploads\/2020\/05\/mym-20-zoom-may-6-am.jpg 1050w\" sizes=\"(max-width: 809px) 100vw, 809px\" \/><p id=\"caption-attachment-58372\" class=\"wp-caption-text\">Une partie des 160 membres du comit\u00e9 ex\u00e9cutif connectent via zoom lors de la premi\u00e8re journ\u00e9e des rencontres administratives de l\u2019\u00e9glise, le 6 mai 2020. [Photo : Abel M\u00e1rquez \/ DIA]<\/p><\/div>\u00ab Nous faisons face \u00e0 de grands d\u00e9fis en tant qu\u2019\u00e9glise, mais nous devons nous tourner vers Dieu et il r\u00e9pondra, \u00bb a d\u00e9clar\u00e9 le pasteur Henry.<\/p>\n<p><strong>La croissance de l\u2019\u00e9glise<\/strong><\/p>\n<p>Alors qu\u2019il pr\u00e9sentait la fin de la p\u00e9riode quinquennale en termes de croissance et d\u2019effectif de membres d\u2019\u00e9glise depuis 2015, le pasteur Leonard Johnson, secr\u00e9taire ex\u00e9cutif de l\u2019\u00c9glise adventiste en Inter Am\u00e9rique, a rapport\u00e9 que l\u2019ann\u00e9e 2019 s\u2019est achev\u00e9e avec 184279 nouveaux membres baptis\u00e9s dans l\u2019\u00e9glise. L\u2019effectif total de la DIA s\u2019\u00e9l\u00e8ve \u00e0 3708300 membres en d\u00e9cembre 2019. Le rapport montr\u00e9 faisait \u00e9tat d\u2019un total de 23209 \u00e9glises et groupes \u00e0 travers le territoire. Cela repr\u00e9sente 393 nouvelles congr\u00e9gations form\u00e9es en 2019 seulement, ce qui repr\u00e9sente en moyenne 33 nouvelles congr\u00e9gations \u00e9tablies chaque mois de l\u2019ann\u00e9e, a-t-il d\u00e9clar\u00e9.<\/p>\n<p>\u00ab L\u2019Inter Am\u00e9rique continue de se classer au troisi\u00e8me rang parmi les 13 divisions de l\u2019\u00e9glise mondiale, en termes d\u2019effectif de membres, \u00bb a d\u00e9clar\u00e9 pasteur Johnson. Elle se maintient \u00e0 cette place du classement depuis plus de deux d\u00e9cennies, a-t-il indiqu\u00e9. \u00ab Au d\u00e9but du quinquennat [en 2015], les dirigeants de l\u2019\u00e9glise se sont engag\u00e9s \u00e0 baptiser un million de membres, \u00bb a-t-il expliqu\u00e9. Le total des bapt\u00eames atteints au cours de la p\u00e9riode de cinq ans \u00e9tait de 905341.<\/p>\n<p><div id=\"attachment_58384\" style=\"width: 809px\" class=\"wp-caption aligncenter\"><img decoding=\"async\" aria-describedby=\"caption-attachment-58384\" class=\" wp-image-58383\" src=\"https:\/\/recursing-golick.147-182-135-0.plesk.page\/wp-content\/uploads\/2020\/05\/leonard-johnson-mym-20.jpg\" alt=\"\" width=\"799\" height=\"599\" srcset=\"https:\/\/interamerica.org\/wp-content\/uploads\/2020\/05\/leonard-johnson-mym-20.jpg 1024w, https:\/\/interamerica.org\/wp-content\/uploads\/2020\/05\/leonard-johnson-mym-20-300x225.jpg 300w, https:\/\/interamerica.org\/wp-content\/uploads\/2020\/05\/leonard-johnson-mym-20-768x576.jpg 768w\" sizes=\"(max-width: 799px) 100vw, 799px\" \/><p id=\"caption-attachment-58384\" class=\"wp-caption-text\">Pasteur Leonard Johnson, secr\u00e9taire ex\u00e9cutif de l\u2019\u00c9glise adventiste en Inter Am\u00e9rique, partage les statistiques relatives \u00e0 l\u2019effectif de membres jusqu\u2019en d\u00e9cembre 2019, lors de son rapport pr\u00e9sent\u00e9 au comit\u00e9. [Photo : Abel M\u00e1rquez \/ DIA]<\/p><\/div>Bien que ce chiffre avoisine le million, en raison de la v\u00e9rification en cours des registres \u00e0 travers le territoire, et des lettres de transferts, des d\u00e9c\u00e8s, des membres radi\u00e9s, des membres manquants et autres, les pertes de membres pour 2019 se sont \u00e9lev\u00e9es \u00e0 261167. \u00ab Nous perdons trop de membres, \u00bb a dit Leonard Johnson. \u00ab Et nous baptisons, mais nous pouvons faire un meilleur travail en mati\u00e8re de fid\u00e9lisation des membres et de tenue des registres. \u00bb<\/p>\n<p>Pasteur Johnson a \u00e9voqu\u00e9 2022, l\u2019ann\u00e9e o\u00f9 la DIA c\u00e9l\u00e9brera 100 ans d\u2019existence en tant que division. \u00ab Nous voulons atteindre le cap des 4 millions de membres en 2022 et continuer de louer Dieu pour ce qu\u2019il a fait et ce que nous avons \u00e9t\u00e9 en mesure d\u2019accomplir. \u00bb Selon son rapport, en 1922, la Division Inter Am\u00e9ricaine comptait 8146 membres. En 1987, la barre du million de membres a \u00e9t\u00e9 atteinte. Puis en l\u2019an 2000, la barre des 2 millions, et en 2008, la barre des 3 millions de membres a \u00e9t\u00e9 d\u00e9pass\u00e9e.<\/p>\n<p>Avoir plus de membres actifs engag\u00e9s et impliqu\u00e9s dans la proclamation de l\u2019\u00e9vangile l\u00e0 o\u00f9 ils vivent, est au c\u0153ur du nouveau plan strat\u00e9gique vot\u00e9 par les principaux dirigeants de l\u2019\u00e9glise. Baptis\u00e9e \u00ab J\u2019Irai &#8211; Inter-Am\u00e9rique, \u00bb cette initiative compl\u00e8te est en pr\u00e9paration depuis plus de huit mois par les principaux administrateurs de la DIA.<\/p>\n<p><div id=\"attachment_58422\" style=\"width: 813px\" class=\"wp-caption aligncenter\"><img loading=\"lazy\" decoding=\"async\" aria-describedby=\"caption-attachment-58422\" class=\" wp-image-58421\" src=\"https:\/\/recursing-golick.147-182-135-0.plesk.page\/wp-content\/uploads\/2020\/05\/secretary-report-may2020-for-2019-1024x570.png\" alt=\"\" width=\"803\" height=\"447\" srcset=\"https:\/\/interamerica.org\/wp-content\/uploads\/2020\/05\/secretary-report-may2020-for-2019-1024x570.png 1024w, https:\/\/interamerica.org\/wp-content\/uploads\/2020\/05\/secretary-report-may2020-for-2019-300x167.png 300w, https:\/\/interamerica.org\/wp-content\/uploads\/2020\/05\/secretary-report-may2020-for-2019-768x427.png 768w, https:\/\/interamerica.org\/wp-content\/uploads\/2020\/05\/secretary-report-may2020-for-2019-1536x855.png 1536w, https:\/\/interamerica.org\/wp-content\/uploads\/2020\/05\/secretary-report-may2020-for-2019.png 1754w\" sizes=\"(max-width: 803px) 100vw, 803px\" \/><p id=\"caption-attachment-58422\" class=\"wp-caption-text\">Une partie du rapport du secr\u00e9taire ex\u00e9cutif de la DIA a montr\u00e9 que l\u2019effectif de l\u2019\u00c9glise adventiste en Inter Am\u00e9rique s\u2019\u00e9l\u00e8ve actuellement \u00e0 3,7 millions de membres, avec 23209 \u00e9glises et groupes. [Graphique : Leonard Johnson \/ DIA]<\/p><\/div><strong>L\u2019initiative \u00ab J\u2019Irai &#8211; Inter-Am\u00e9rique \u00bb<\/strong><br \/>\nL\u2019objectif de \u00ab J\u2019Irai &#8211; Inter-Am\u00e9rique \u00bb est d\u2019inspirer et d\u2019\u00e9quiper tous les membres d\u2019\u00e9glise \u00e0 utiliser leurs dons spirituels donn\u00e9s par Dieu en t\u00e9moignant et en servant pour Christ afin d\u2019atteindre toutes les personnes sur le territoire et les influencer \u00e0 accepter J\u00e9sus comme leur Sauveur personnel, \u00bb a d\u00e9clar\u00e9 pasteur Balvin Braham, assistant du pr\u00e9sident de la DIA pour l\u2019\u00e9vang\u00e9lisation, alors qu\u2019il pr\u00e9sentait la version finale du plan aux membres de l\u2019ex\u00e9cutif avant le vote final.<\/p>\n<p>Le document du plan affirme la mission, la vision et les d\u00e9clarations de valeurs de la Division Inter Am\u00e9ricaine, il s\u2019inspire de la r\u00e9cente initiative de la Conf\u00e9rence G\u00e9n\u00e9rale \u00ab <a href=\"https:\/\/iwillgo2020.org\/\">J\u2019Irai \u00bb<\/a> et incorpore les facteurs cl\u00e9s du r\u00e9sultat d\u2019une r\u00e9cente enqu\u00eate men\u00e9e aupr\u00e8s des membres, pour parvenir \u00e0 un plus grand impact spirituel et \u00e0 plus d\u2019emphase efficace sur la mission dans toute l\u2019organisation, depuis l\u2019\u00e9glise locale jusqu\u2019\u00e0 la mission, la f\u00e9d\u00e9ration, l\u2019union, la division et les institutions.<\/p>\n<p>Formul\u00e9 pour r\u00e9pondre aux trois principales questions strat\u00e9giques de l\u2019Inter-Am\u00e9rique \u00e0 savoir l\u2019\u00e9vang\u00e9lisation, l\u2019\u00e9ducation et le service communautaire, le plan comprend plus de deux douzaines d\u2019Indicateurs Cl\u00e9s de Performance (KPI) pour \u00e9laborer et ex\u00e9cuter des plans d\u2019action, avec un plan financier qui accompagne et un processus d\u2019\u00e9valuation pour s\u2019assurer de l\u2019efficacit\u00e9, a expliqu\u00e9 Balvin Braham.<\/p>\n<p><div id=\"attachment_58542\" style=\"width: 510px\" class=\"wp-caption aligncenter\"><img loading=\"lazy\" decoding=\"async\" aria-describedby=\"caption-attachment-58542\" class=\"wp-image-58542 size-full\" src=\"https:\/\/recursing-golick.147-182-135-0.plesk.page\/wp-content\/uploads\/2020\/05\/iwillgo-french-cover.jpg\" alt=\"\" width=\"500\" height=\"736\" srcset=\"https:\/\/interamerica.org\/wp-content\/uploads\/2020\/05\/iwillgo-french-cover.jpg 500w, https:\/\/interamerica.org\/wp-content\/uploads\/2020\/05\/iwillgo-french-cover-204x300.jpg 204w\" sizes=\"(max-width: 500px) 100vw, 500px\" \/><p id=\"caption-attachment-58542\" class=\"wp-caption-text\">Le plan complet \u00ab J\u2019Irai &#8211; Inter-Am\u00e9rique \u00bb a \u00e9t\u00e9 vot\u00e9 le 6 mai 2020 et est disponible dans les trois langues afin d\u2019\u00eatre mis en place sur le territoire \u00e0 partir de cette ann\u00e9e. [Graphique : DIA]<\/p><\/div><strong>L\u2019accent mis sur l\u2019\u00e9vang\u00e9lisation <\/strong> visera \u00e0 motiver \u00ab tous les leaders et tous les membres \u00e0 grandir en tant que disciples de J\u00e9sus, proclamant l\u2019\u00e9vangile aux autres, s\u2019assurant de poursuivre le gain des \u00e2mes et la croissance dans le corps du Christ, \u00bb indique le document. Il s\u2019agit d\u2019atteindre, d\u2019\u00e9quiper, de r\u00e9cup\u00e9rer et de retenir des personnes de toutes les classes et de toutes couches d\u00e9mographiques \u00e0 travers un plan inclusif et collaboratif : des initiatives visant \u00e0 gagner des \u00e2mes, la fid\u00e9lisation des nouveaux membres et l\u2019\u00e9vang\u00e9lisation et la mission.<\/p>\n<p><strong>L\u2019accent mis sur l\u2019\u00e9ducation <\/strong> inclut : 1) l\u2019\u00e9ducation formelle acquise gr\u00e2ce \u00e0 une approche \u00e9ducative centr\u00e9e sur le Christ \u00e0 travers les \u00e9coles et institutions adventistes, et 2) l\u2019\u00e9ducation non formelle, qui est un paradigme de formation de disciples qui pr\u00e9pare tout le monde \u00e0 la joie du service dans ce monde et le monde \u00e0 venir. L\u2019\u00e9ducation formelle comprendra l\u2019am\u00e9lioration du niveau scolaire, le d\u00e9veloppement des \u00e9tudiants, l\u2019accr\u00e9ditation et l\u2019accessibilit\u00e9 \u00e0 l\u2019\u00e9ducation adventiste sur tout le territoire. L\u2019\u00e9ducation non formelle comprendra la formation au discipulat et au leadership.<\/p>\n<p><strong>L\u2019accent mis sur les services communautaires\u00a0<\/strong> \u00ab couvre les principes fondamentaux du contact avec les gens par le biais d\u2019initiatives et de projets organis\u00e9s et ex\u00e9cut\u00e9s de mani\u00e8re intentionnelle et qui r\u00e9pondent aux besoins sociaux, \u00e9motionnels et physiques des r\u00e9sidents des zones urbaines, suburbaines et rurales. Il r\u00e9pond \u00e9galement aux besoins de d\u00e9veloppement au sein des communaut\u00e9s et de l\u2019am\u00e9lioration de l\u2019image de l\u2019\u00e9glise dans la communaut\u00e9. Les objectifs comprendront l\u2019impact missionnaire, le d\u00e9veloppement communautaire, l\u2019impact socio-\u00e9motionnel, ainsi que la croissance et le d\u00e9veloppement physiques.<\/p>\n<p><div id=\"attachment_58375\" style=\"width: 811px\" class=\"wp-caption aligncenter\"><img loading=\"lazy\" decoding=\"async\" aria-describedby=\"caption-attachment-58375\" class=\" wp-image-58374\" src=\"https:\/\/recursing-golick.147-182-135-0.plesk.page\/wp-content\/uploads\/2020\/05\/judith-robinson-mym-20.jpg\" alt=\"\" width=\"801\" height=\"601\" srcset=\"https:\/\/interamerica.org\/wp-content\/uploads\/2020\/05\/judith-robinson-mym-20.jpg 950w, https:\/\/interamerica.org\/wp-content\/uploads\/2020\/05\/judith-robinson-mym-20-300x225.jpg 300w, https:\/\/interamerica.org\/wp-content\/uploads\/2020\/05\/judith-robinson-mym-20-768x576.jpg 768w\" sizes=\"(max-width: 801px) 100vw, 801px\" \/><p id=\"caption-attachment-58375\" class=\"wp-caption-text\">Judith Robinson, une repr\u00e9sentante la\u00efque de l\u2019Union de la Cara\u00efbe Atlantique, prie lors de la session de pri\u00e8re en ligne avec les membres du comit\u00e9 ex\u00e9cutif le 6 mai 2020. [Photo : Abel M\u00e1rquez \/ DIA]<\/p><\/div>Le pasteur Braham a expliqu\u00e9 que le plan strat\u00e9gique inclura un processus d\u2019\u00e9valuation pour chacune des trois questions principales afin d\u2019obtenir une efficacit\u00e9 organisationnelle optimale. Lisez le plan complet \u00ab J\u2019Irai &#8211; Inter-Am\u00e9rique \u00bb <a href=\"https:\/\/recursing-golick.147-182-135-0.plesk.page\/project\/i-will-go-strategic-plan-2020-2025\/\">ICI<\/a><br \/>\nLe comit\u00e9 ex\u00e9cutif a vot\u00e9 \u00e0 l\u2019unanimit\u00e9 d\u2019adopter le plan strat\u00e9gique pour les cinq prochaines ann\u00e9es dans les diff\u00e9rents pays du territoire, et a aussi approuv\u00e9 les r\u00e9organisations de la Mission de la Vall\u00e9e du Mexique et de la Mission du Nord du Costa Rica qui verront leur statut \u00e9voluer, et de la Mission Cubaine du Centre pour un ajustement territorial.<\/p>\n<p>Pour des informations r\u00e9centes sur les r\u00e9unions de milieu d\u2019ann\u00e9e en Inter Am\u00e9rique cette semaine, visitez-nous \u00e0 l\u2019adresse<br \/>\n<a href=\"https:\/\/recursing-golick.147-182-135-0.plesk.page\/news\/\">interamerica.org<\/a><\/p>\n<p>Traduction: Patrick Luciathe<\/p>\n","protected":false},"excerpt":{"rendered":"<p>7 Mai 2020 | Miami, Floride, \u00c9tats-Unis | Libna Stevens, P\u00f4le Informations de la Division Inter Am\u00e9ricaine Hier, les principaux dirigeants de l\u2019\u00c9glise adventiste du septi\u00e8me jour dans la Division&#8230;<\/p>\n","protected":false},"author":3,"featured_media":58426,"comment_status":"open","ping_status":"closed","sticky":false,"template":"","format":"standard","meta":{"_acf_changed":false,"footnotes":""},"categories":[20,19],"tags":[],"class_list":["post-58518","post","type-post","status-publish","format-standard","has-post-thumbnail","hentry","category-nouvelles-du-siege-de-la-division","category-rss-francais"],"acf":[],"yoast_head":"<!-- This site is optimized with the Yoast SEO plugin v27.3 - https:\/\/yoast.com\/product\/yoast-seo-wordpress\/ -->\n<title>Les principaux dirigeants adventistes prient pour les membres d\u2019\u00e9glise, se penchent sur la croissance et votent une initiative d\u2019\u00e9vang\u00e9lisation compl\u00e8te - \u00c9glise Adventiste Du Septieme Jour - Inter Am\u00e9rique Division<\/title>\n<meta name=\"robots\" content=\"index, follow, max-snippet:-1, max-image-preview:large, max-video-preview:-1\" \/>\n<link rel=\"canonical\" href=\"https:\/\/interamerica.org\/fr\/2020\/05\/les-principaux-dirigeants-adventistes-prient-pour-les-membres-deglise-se-penchent-sur-la-croissance-et-votent-une-initiative-devangelisation-complete\/\" \/>\n<meta property=\"og:locale\" content=\"fr_FR\" \/>\n<meta property=\"og:type\" content=\"article\" \/>\n<meta property=\"og:title\" content=\"Les principaux dirigeants adventistes prient pour les membres d\u2019\u00e9glise, se penchent sur la croissance et votent une initiative d\u2019\u00e9vang\u00e9lisation compl\u00e8te - \u00c9glise Adventiste Du Septieme Jour - Inter Am\u00e9rique Division\" \/>\n<meta property=\"og:description\" content=\"7 Mai 2020 | Miami, Floride, \u00c9tats-Unis | Libna Stevens, P\u00f4le Informations de la Division Inter Am\u00e9ricaine Hier, les principaux dirigeants de l\u2019\u00c9glise adventiste du septi\u00e8me jour dans la Division...\" \/>\n<meta property=\"og:url\" content=\"https:\/\/interamerica.org\/fr\/2020\/05\/les-principaux-dirigeants-adventistes-prient-pour-les-membres-deglise-se-penchent-sur-la-croissance-et-votent-une-initiative-devangelisation-complete\/\" \/>\n<meta property=\"og:site_name\" content=\"\u00c9glise Adventiste Du Septieme Jour - Inter Am\u00e9rique Division\" \/>\n<meta property=\"article:published_time\" content=\"2020-05-07T16:15:44+00:00\" \/>\n<meta property=\"article:modified_time\" content=\"2020-05-08T13:32:58+00:00\" \/>\n<meta property=\"og:image\" content=\"https:\/\/interamerica.org\/wp-content\/uploads\/2020\/05\/iad-mym-header1280.jpg\" \/>\n\t<meta property=\"og:image:width\" content=\"1280\" \/>\n\t<meta property=\"og:image:height\" content=\"800\" \/>\n\t<meta property=\"og:image:type\" content=\"image\/jpeg\" \/>\n<meta name=\"author\" content=\"libna\" \/>\n<meta name=\"twitter:card\" content=\"summary_large_image\" \/>\n<meta name=\"twitter:label1\" content=\"\u00c9crit par\" \/>\n\t<meta name=\"twitter:data1\" content=\"libna\" \/>\n\t<meta name=\"twitter:label2\" content=\"Dur\u00e9e de lecture estim\u00e9e\" \/>\n\t<meta name=\"twitter:data2\" content=\"9 minutes\" \/>\n<script type=\"application\/ld+json\" class=\"yoast-schema-graph\">{\"@context\":\"https:\\\/\\\/schema.org\",\"@graph\":[{\"@type\":\"Article\",\"@id\":\"https:\\\/\\\/interamerica.org\\\/fr\\\/2020\\\/05\\\/les-principaux-dirigeants-adventistes-prient-pour-les-membres-deglise-se-penchent-sur-la-croissance-et-votent-une-initiative-devangelisation-complete\\\/#article\",\"isPartOf\":{\"@id\":\"https:\\\/\\\/interamerica.org\\\/fr\\\/2020\\\/05\\\/les-principaux-dirigeants-adventistes-prient-pour-les-membres-deglise-se-penchent-sur-la-croissance-et-votent-une-initiative-devangelisation-complete\\\/\"},\"author\":{\"name\":\"libna\",\"@id\":\"https:\\\/\\\/interamerica.org\\\/fr\\\/#\\\/schema\\\/person\\\/29998f2bc2d8bd0d38662909289b54f1\"},\"headline\":\"Les principaux dirigeants adventistes prient pour les membres d\u2019\u00e9glise, se penchent sur la croissance et votent une initiative d\u2019\u00e9vang\u00e9lisation compl\u00e8te\",\"datePublished\":\"2020-05-07T16:15:44+00:00\",\"dateModified\":\"2020-05-08T13:32:58+00:00\",\"mainEntityOfPage\":{\"@id\":\"https:\\\/\\\/interamerica.org\\\/fr\\\/2020\\\/05\\\/les-principaux-dirigeants-adventistes-prient-pour-les-membres-deglise-se-penchent-sur-la-croissance-et-votent-une-initiative-devangelisation-complete\\\/\"},\"wordCount\":1756,\"commentCount\":0,\"image\":{\"@id\":\"https:\\\/\\\/interamerica.org\\\/fr\\\/2020\\\/05\\\/les-principaux-dirigeants-adventistes-prient-pour-les-membres-deglise-se-penchent-sur-la-croissance-et-votent-une-initiative-devangelisation-complete\\\/#primaryimage\"},\"thumbnailUrl\":\"https:\\\/\\\/interamerica.org\\\/wp-content\\\/uploads\\\/2020\\\/05\\\/iad-mym-header1280.jpg\",\"articleSection\":[\"Nouvelles du si\u00e8ge de la division\",\"RSS Fran\u00e7ais\"],\"inLanguage\":\"fr-FR\",\"potentialAction\":[{\"@type\":\"CommentAction\",\"name\":\"Comment\",\"target\":[\"https:\\\/\\\/interamerica.org\\\/fr\\\/2020\\\/05\\\/les-principaux-dirigeants-adventistes-prient-pour-les-membres-deglise-se-penchent-sur-la-croissance-et-votent-une-initiative-devangelisation-complete\\\/#respond\"]}]},{\"@type\":\"WebPage\",\"@id\":\"https:\\\/\\\/interamerica.org\\\/fr\\\/2020\\\/05\\\/les-principaux-dirigeants-adventistes-prient-pour-les-membres-deglise-se-penchent-sur-la-croissance-et-votent-une-initiative-devangelisation-complete\\\/\",\"url\":\"https:\\\/\\\/interamerica.org\\\/fr\\\/2020\\\/05\\\/les-principaux-dirigeants-adventistes-prient-pour-les-membres-deglise-se-penchent-sur-la-croissance-et-votent-une-initiative-devangelisation-complete\\\/\",\"name\":\"Les principaux dirigeants adventistes prient pour les membres d\u2019\u00e9glise, se penchent sur la croissance et votent une initiative d\u2019\u00e9vang\u00e9lisation compl\u00e8te - \u00c9glise Adventiste Du Septieme Jour - Inter Am\u00e9rique Division\",\"isPartOf\":{\"@id\":\"https:\\\/\\\/interamerica.org\\\/fr\\\/#website\"},\"primaryImageOfPage\":{\"@id\":\"https:\\\/\\\/interamerica.org\\\/fr\\\/2020\\\/05\\\/les-principaux-dirigeants-adventistes-prient-pour-les-membres-deglise-se-penchent-sur-la-croissance-et-votent-une-initiative-devangelisation-complete\\\/#primaryimage\"},\"image\":{\"@id\":\"https:\\\/\\\/interamerica.org\\\/fr\\\/2020\\\/05\\\/les-principaux-dirigeants-adventistes-prient-pour-les-membres-deglise-se-penchent-sur-la-croissance-et-votent-une-initiative-devangelisation-complete\\\/#primaryimage\"},\"thumbnailUrl\":\"https:\\\/\\\/interamerica.org\\\/wp-content\\\/uploads\\\/2020\\\/05\\\/iad-mym-header1280.jpg\",\"datePublished\":\"2020-05-07T16:15:44+00:00\",\"dateModified\":\"2020-05-08T13:32:58+00:00\",\"author\":{\"@id\":\"https:\\\/\\\/interamerica.org\\\/fr\\\/#\\\/schema\\\/person\\\/29998f2bc2d8bd0d38662909289b54f1\"},\"breadcrumb\":{\"@id\":\"https:\\\/\\\/interamerica.org\\\/fr\\\/2020\\\/05\\\/les-principaux-dirigeants-adventistes-prient-pour-les-membres-deglise-se-penchent-sur-la-croissance-et-votent-une-initiative-devangelisation-complete\\\/#breadcrumb\"},\"inLanguage\":\"fr-FR\",\"potentialAction\":[{\"@type\":\"ReadAction\",\"target\":[\"https:\\\/\\\/interamerica.org\\\/fr\\\/2020\\\/05\\\/les-principaux-dirigeants-adventistes-prient-pour-les-membres-deglise-se-penchent-sur-la-croissance-et-votent-une-initiative-devangelisation-complete\\\/\"]}]},{\"@type\":\"ImageObject\",\"inLanguage\":\"fr-FR\",\"@id\":\"https:\\\/\\\/interamerica.org\\\/fr\\\/2020\\\/05\\\/les-principaux-dirigeants-adventistes-prient-pour-les-membres-deglise-se-penchent-sur-la-croissance-et-votent-une-initiative-devangelisation-complete\\\/#primaryimage\",\"url\":\"https:\\\/\\\/interamerica.org\\\/wp-content\\\/uploads\\\/2020\\\/05\\\/iad-mym-header1280.jpg\",\"contentUrl\":\"https:\\\/\\\/interamerica.org\\\/wp-content\\\/uploads\\\/2020\\\/05\\\/iad-mym-header1280.jpg\",\"width\":1280,\"height\":800,\"caption\":\"[Photo: Abel M\u00e1rquez\\\/DIA]\"},{\"@type\":\"BreadcrumbList\",\"@id\":\"https:\\\/\\\/interamerica.org\\\/fr\\\/2020\\\/05\\\/les-principaux-dirigeants-adventistes-prient-pour-les-membres-deglise-se-penchent-sur-la-croissance-et-votent-une-initiative-devangelisation-complete\\\/#breadcrumb\",\"itemListElement\":[{\"@type\":\"ListItem\",\"position\":1,\"name\":\"Home\",\"item\":\"https:\\\/\\\/interamerica.org\\\/fr\\\/\"},{\"@type\":\"ListItem\",\"position\":2,\"name\":\"Les principaux dirigeants adventistes prient pour les membres d\u2019\u00e9glise, se penchent sur la croissance et votent une initiative d\u2019\u00e9vang\u00e9lisation compl\u00e8te\"}]},{\"@type\":\"WebSite\",\"@id\":\"https:\\\/\\\/interamerica.org\\\/fr\\\/#website\",\"url\":\"https:\\\/\\\/interamerica.org\\\/fr\\\/\",\"name\":\"\u00c9glise Adventiste Du Septieme Jour - Inter Am\u00e9rique Division\",\"description\":\"\",\"potentialAction\":[{\"@type\":\"SearchAction\",\"target\":{\"@type\":\"EntryPoint\",\"urlTemplate\":\"https:\\\/\\\/interamerica.org\\\/fr\\\/?s={search_term_string}\"},\"query-input\":{\"@type\":\"PropertyValueSpecification\",\"valueRequired\":true,\"valueName\":\"search_term_string\"}}],\"inLanguage\":\"fr-FR\"},{\"@type\":\"Person\",\"@id\":\"https:\\\/\\\/interamerica.org\\\/fr\\\/#\\\/schema\\\/person\\\/29998f2bc2d8bd0d38662909289b54f1\",\"name\":\"libna\",\"image\":{\"@type\":\"ImageObject\",\"inLanguage\":\"fr-FR\",\"@id\":\"https:\\\/\\\/secure.gravatar.com\\\/avatar\\\/7c5bd30ae4b47a9ba3c856590957fd1d96dc588bf3ac05719d247e126840331f?s=96&d=mm&r=g\",\"url\":\"https:\\\/\\\/secure.gravatar.com\\\/avatar\\\/7c5bd30ae4b47a9ba3c856590957fd1d96dc588bf3ac05719d247e126840331f?s=96&d=mm&r=g\",\"contentUrl\":\"https:\\\/\\\/secure.gravatar.com\\\/avatar\\\/7c5bd30ae4b47a9ba3c856590957fd1d96dc588bf3ac05719d247e126840331f?s=96&d=mm&r=g\",\"caption\":\"libna\"}}]}<\/script>\n<!-- \/ Yoast SEO plugin. -->","yoast_head_json":{"title":"Les principaux dirigeants adventistes prient pour les membres d\u2019\u00e9glise, se penchent sur la croissance et votent une initiative d\u2019\u00e9vang\u00e9lisation compl\u00e8te - \u00c9glise Adventiste Du Septieme Jour - Inter Am\u00e9rique Division","robots":{"index":"index","follow":"follow","max-snippet":"max-snippet:-1","max-image-preview":"max-image-preview:large","max-video-preview":"max-video-preview:-1"},"canonical":"https:\/\/interamerica.org\/fr\/2020\/05\/les-principaux-dirigeants-adventistes-prient-pour-les-membres-deglise-se-penchent-sur-la-croissance-et-votent-une-initiative-devangelisation-complete\/","og_locale":"fr_FR","og_type":"article","og_title":"Les principaux dirigeants adventistes prient pour les membres d\u2019\u00e9glise, se penchent sur la croissance et votent une initiative d\u2019\u00e9vang\u00e9lisation compl\u00e8te - \u00c9glise Adventiste Du Septieme Jour - Inter Am\u00e9rique Division","og_description":"7 Mai 2020 | Miami, Floride, \u00c9tats-Unis | Libna Stevens, P\u00f4le Informations de la Division Inter Am\u00e9ricaine Hier, les principaux dirigeants de l\u2019\u00c9glise adventiste du septi\u00e8me jour dans la Division...","og_url":"https:\/\/interamerica.org\/fr\/2020\/05\/les-principaux-dirigeants-adventistes-prient-pour-les-membres-deglise-se-penchent-sur-la-croissance-et-votent-une-initiative-devangelisation-complete\/","og_site_name":"\u00c9glise Adventiste Du Septieme Jour - Inter Am\u00e9rique Division","article_published_time":"2020-05-07T16:15:44+00:00","article_modified_time":"2020-05-08T13:32:58+00:00","og_image":[{"width":1280,"height":800,"url":"https:\/\/interamerica.org\/wp-content\/uploads\/2020\/05\/iad-mym-header1280.jpg","type":"image\/jpeg"}],"author":"libna","twitter_card":"summary_large_image","twitter_misc":{"\u00c9crit par":"libna","Dur\u00e9e de lecture estim\u00e9e":"9 minutes"},"schema":{"@context":"https:\/\/schema.org","@graph":[{"@type":"Article","@id":"https:\/\/interamerica.org\/fr\/2020\/05\/les-principaux-dirigeants-adventistes-prient-pour-les-membres-deglise-se-penchent-sur-la-croissance-et-votent-une-initiative-devangelisation-complete\/#article","isPartOf":{"@id":"https:\/\/interamerica.org\/fr\/2020\/05\/les-principaux-dirigeants-adventistes-prient-pour-les-membres-deglise-se-penchent-sur-la-croissance-et-votent-une-initiative-devangelisation-complete\/"},"author":{"name":"libna","@id":"https:\/\/interamerica.org\/fr\/#\/schema\/person\/29998f2bc2d8bd0d38662909289b54f1"},"headline":"Les principaux dirigeants adventistes prient pour les membres d\u2019\u00e9glise, se penchent sur la croissance et votent une initiative d\u2019\u00e9vang\u00e9lisation compl\u00e8te","datePublished":"2020-05-07T16:15:44+00:00","dateModified":"2020-05-08T13:32:58+00:00","mainEntityOfPage":{"@id":"https:\/\/interamerica.org\/fr\/2020\/05\/les-principaux-dirigeants-adventistes-prient-pour-les-membres-deglise-se-penchent-sur-la-croissance-et-votent-une-initiative-devangelisation-complete\/"},"wordCount":1756,"commentCount":0,"image":{"@id":"https:\/\/interamerica.org\/fr\/2020\/05\/les-principaux-dirigeants-adventistes-prient-pour-les-membres-deglise-se-penchent-sur-la-croissance-et-votent-une-initiative-devangelisation-complete\/#primaryimage"},"thumbnailUrl":"https:\/\/interamerica.org\/wp-content\/uploads\/2020\/05\/iad-mym-header1280.jpg","articleSection":["Nouvelles du si\u00e8ge de la division","RSS Fran\u00e7ais"],"inLanguage":"fr-FR","potentialAction":[{"@type":"CommentAction","name":"Comment","target":["https:\/\/interamerica.org\/fr\/2020\/05\/les-principaux-dirigeants-adventistes-prient-pour-les-membres-deglise-se-penchent-sur-la-croissance-et-votent-une-initiative-devangelisation-complete\/#respond"]}]},{"@type":"WebPage","@id":"https:\/\/interamerica.org\/fr\/2020\/05\/les-principaux-dirigeants-adventistes-prient-pour-les-membres-deglise-se-penchent-sur-la-croissance-et-votent-une-initiative-devangelisation-complete\/","url":"https:\/\/interamerica.org\/fr\/2020\/05\/les-principaux-dirigeants-adventistes-prient-pour-les-membres-deglise-se-penchent-sur-la-croissance-et-votent-une-initiative-devangelisation-complete\/","name":"Les principaux dirigeants adventistes prient pour les membres d\u2019\u00e9glise, se penchent sur la croissance et votent une initiative d\u2019\u00e9vang\u00e9lisation compl\u00e8te - \u00c9glise Adventiste Du Septieme Jour - Inter Am\u00e9rique Division","isPartOf":{"@id":"https:\/\/interamerica.org\/fr\/#website"},"primaryImageOfPage":{"@id":"https:\/\/interamerica.org\/fr\/2020\/05\/les-principaux-dirigeants-adventistes-prient-pour-les-membres-deglise-se-penchent-sur-la-croissance-et-votent-une-initiative-devangelisation-complete\/#primaryimage"},"image":{"@id":"https:\/\/interamerica.org\/fr\/2020\/05\/les-principaux-dirigeants-adventistes-prient-pour-les-membres-deglise-se-penchent-sur-la-croissance-et-votent-une-initiative-devangelisation-complete\/#primaryimage"},"thumbnailUrl":"https:\/\/interamerica.org\/wp-content\/uploads\/2020\/05\/iad-mym-header1280.jpg","datePublished":"2020-05-07T16:15:44+00:00","dateModified":"2020-05-08T13:32:58+00:00","author":{"@id":"https:\/\/interamerica.org\/fr\/#\/schema\/person\/29998f2bc2d8bd0d38662909289b54f1"},"breadcrumb":{"@id":"https:\/\/interamerica.org\/fr\/2020\/05\/les-principaux-dirigeants-adventistes-prient-pour-les-membres-deglise-se-penchent-sur-la-croissance-et-votent-une-initiative-devangelisation-complete\/#breadcrumb"},"inLanguage":"fr-FR","potentialAction":[{"@type":"ReadAction","target":["https:\/\/interamerica.org\/fr\/2020\/05\/les-principaux-dirigeants-adventistes-prient-pour-les-membres-deglise-se-penchent-sur-la-croissance-et-votent-une-initiative-devangelisation-complete\/"]}]},{"@type":"ImageObject","inLanguage":"fr-FR","@id":"https:\/\/interamerica.org\/fr\/2020\/05\/les-principaux-dirigeants-adventistes-prient-pour-les-membres-deglise-se-penchent-sur-la-croissance-et-votent-une-initiative-devangelisation-complete\/#primaryimage","url":"https:\/\/interamerica.org\/wp-content\/uploads\/2020\/05\/iad-mym-header1280.jpg","contentUrl":"https:\/\/interamerica.org\/wp-content\/uploads\/2020\/05\/iad-mym-header1280.jpg","width":1280,"height":800,"caption":"[Photo: Abel M\u00e1rquez\/DIA]"},{"@type":"BreadcrumbList","@id":"https:\/\/interamerica.org\/fr\/2020\/05\/les-principaux-dirigeants-adventistes-prient-pour-les-membres-deglise-se-penchent-sur-la-croissance-et-votent-une-initiative-devangelisation-complete\/#breadcrumb","itemListElement":[{"@type":"ListItem","position":1,"name":"Home","item":"https:\/\/interamerica.org\/fr\/"},{"@type":"ListItem","position":2,"name":"Les principaux dirigeants adventistes prient pour les membres d\u2019\u00e9glise, se penchent sur la croissance et votent une initiative d\u2019\u00e9vang\u00e9lisation compl\u00e8te"}]},{"@type":"WebSite","@id":"https:\/\/interamerica.org\/fr\/#website","url":"https:\/\/interamerica.org\/fr\/","name":"\u00c9glise Adventiste Du Septieme Jour - Inter Am\u00e9rique Division","description":"","potentialAction":[{"@type":"SearchAction","target":{"@type":"EntryPoint","urlTemplate":"https:\/\/interamerica.org\/fr\/?s={search_term_string}"},"query-input":{"@type":"PropertyValueSpecification","valueRequired":true,"valueName":"search_term_string"}}],"inLanguage":"fr-FR"},{"@type":"Person","@id":"https:\/\/interamerica.org\/fr\/#\/schema\/person\/29998f2bc2d8bd0d38662909289b54f1","name":"libna","image":{"@type":"ImageObject","inLanguage":"fr-FR","@id":"https:\/\/secure.gravatar.com\/avatar\/7c5bd30ae4b47a9ba3c856590957fd1d96dc588bf3ac05719d247e126840331f?s=96&d=mm&r=g","url":"https:\/\/secure.gravatar.com\/avatar\/7c5bd30ae4b47a9ba3c856590957fd1d96dc588bf3ac05719d247e126840331f?s=96&d=mm&r=g","contentUrl":"https:\/\/secure.gravatar.com\/avatar\/7c5bd30ae4b47a9ba3c856590957fd1d96dc588bf3ac05719d247e126840331f?s=96&d=mm&r=g","caption":"libna"}}]}},"_links":{"self":[{"href":"https:\/\/interamerica.org\/fr\/wp-json\/wp\/v2\/posts\/58518","targetHints":{"allow":["GET"]}}],"collection":[{"href":"https:\/\/interamerica.org\/fr\/wp-json\/wp\/v2\/posts"}],"about":[{"href":"https:\/\/interamerica.org\/fr\/wp-json\/wp\/v2\/types\/post"}],"author":[{"embeddable":true,"href":"https:\/\/interamerica.org\/fr\/wp-json\/wp\/v2\/users\/3"}],"replies":[{"embeddable":true,"href":"https:\/\/interamerica.org\/fr\/wp-json\/wp\/v2\/comments?post=58518"}],"version-history":[{"count":0,"href":"https:\/\/interamerica.org\/fr\/wp-json\/wp\/v2\/posts\/58518\/revisions"}],"wp:featuredmedia":[{"embeddable":true,"href":"https:\/\/interamerica.org\/fr\/wp-json\/wp\/v2\/media\/58426"}],"wp:attachment":[{"href":"https:\/\/interamerica.org\/fr\/wp-json\/wp\/v2\/media?parent=58518"}],"wp:term":[{"taxonomy":"category","embeddable":true,"href":"https:\/\/interamerica.org\/fr\/wp-json\/wp\/v2\/categories?post=58518"},{"taxonomy":"post_tag","embeddable":true,"href":"https:\/\/interamerica.org\/fr\/wp-json\/wp\/v2\/tags?post=58518"}],"curies":[{"name":"wp","href":"https:\/\/api.w.org\/{rel}","templated":true}]}}