{"id":58519,"date":"2020-05-07T20:51:12","date_gmt":"2020-05-08T00:51:12","guid":{"rendered":"https:\/\/recursing-golick.147-182-135-0.plesk.page\/?p=58519"},"modified":"2020-05-08T09:48:24","modified_gmt":"2020-05-08T13:48:24","slug":"trouver-du-reconfort-dans-la-poesie","status":"publish","type":"post","link":"https:\/\/interamerica.org\/fr\/2020\/05\/trouver-du-reconfort-dans-la-poesie\/","title":{"rendered":"Trouver du r\u00e9confort dans la po\u00e9sie"},"content":{"rendered":"<p>6 Mai 2020 | Loma Linda, Californie, \u00c9tats-Unis | Par : Gloria Lozano-Castrej\u00f3n pour le P\u00f4le Informations de la Division Inter Am\u00e9ricaine<\/p>\n<p>Depuis que la pand\u00e9mie COVID-19 a commenc\u00e9 \u00e0 changer nos habitudes quotidiennes, nous avons d\u00fb abandonner de nombreuses activit\u00e9s et plaisirs ordinaires, du moins pour le moment. Cependant, d\u2019autres portes qui semblaient ferm\u00e9es sont maintenant ouvertes et semblent nous inviter, si nous osons les franchir avec discipline, curiosit\u00e9 et imagination.<\/p>\n<p>C\u2019est ce qui se passe avec la po\u00e9sie, une chose qui connait soudainement une r\u00e9surgence et acquiert une r\u00e9sonance retrouv\u00e9e en dehors des cercles intellectuels ferm\u00e9s. Elle est redevenue \u00ab la voix du peuple, \u00bb un flot d\u2019expression fluide. Sans doute, la po\u00e9sie a \u00e9t\u00e9 aid\u00e9e par les diff\u00e9rents outils technologiques qui permettent un partage massif. Cependant, la po\u00e9sie a surtout la capacit\u00e9 de toucher nos \u00eatres int\u00e9rieurs pour des moments de r\u00e9flexion personnelle, d\u2019introspection ou tout simplement d\u2019expression libre face \u00e0 des sentiments parfois contradictoires que toute crise peut amener.<\/p>\n<p>La po\u00e9sie, cette autre dimension du langage, est utile &#8211; en raison de sa concision mais en m\u00eame temps de son infinitude \u2013 pour r\u00e9veiller, d\u00e9finir, r\u00e9it\u00e9rer, souligner, c\u00e9l\u00e9brer, se lamenter et parfois m\u00eame \u00ab crier \u00bb le large \u00e9ventail des sentiments humains, des peurs, des joies, des espoirs et du d\u00e9sespoir des \u00eatres humains.<\/p>\n<p>Une telle prolif\u00e9ration de po\u00e9sie, associ\u00e9e \u00e0 la propagation notoire du coronavirus, est un ph\u00e9nom\u00e8ne international. Les gens lisent, partagent et postent, dans toutes les langues, beaucoup de po\u00e9sie. Elle est devenue disponible via la radio, la t\u00e9l\u00e9vision et les r\u00e9seaux sociaux. Elle est r\u00e9cit\u00e9e depuis les balcons des appartements sous confinement ou transcrite sur des banderoles. Des concours collectifs de po\u00e9sie sont lanc\u00e9s et la po\u00e9sie a rendez-vous pour l\u2019implication virtuelle de centaines de personnes. Il en est de m\u00eame pour une s\u00e9rie d\u2019initiatives \u00e0 appr\u00e9cier \u00e0 la maison, comme <a href=\"https:\/\/twitter.com\/hashtag\/poesiaentusofa?src=hash\">#poesiaentusofa<\/a>, (#po\u00e9siesurvotre sofa en fran\u00e7ais) ou <a href=\"https:\/\/www.lavanguardia.com\/cultura\/20200321\/474276548636\/agenda-confinamiento-conciertos-poesia-teatro.html\"> <strong>#<\/strong>LaCulturaEnTuCasa <\/a>, pour n\u2019en nommer que quelques-unes en espagnol. A travers elles, des po\u00e8tes renomm\u00e9s de divers pays interpr\u00e8tent la po\u00e9sie avec \u00e9motion, m\u00eame dans des marathons de lecture de toutes tailles et de toutes sortes.<\/p>\n<p>Beaucoup de ceux pour qui la po\u00e9sie \u00e9tait auparavant un m\u00e9dium \u00e9trange, ressentent maintenant le besoin de s\u2019exprimer en utilisant ce canal, et beaucoup d\u2019autres se sont r\u00e9concili\u00e9s avec la po\u00e9sie apr\u00e8s de longues s\u00e9parations et m\u00eame des divorces.<\/p>\n<p>Et les chr\u00e9tiens ? Ont-ils recours \u00e0 la po\u00e9sie dans le cadre du confinement actuel ? Bien s\u00fbr, ils l\u2019ont fait, m\u00eame peut-\u00eatre sans s\u2019en rendre compte. Aucun chr\u00e9tien n\u2019aurait cherch\u00e9 \u00e0 calmer ses craintes &#8211; ou celles des autres &#8211; avec autre chose que la douce assurance d\u2019un psaume de la Bible. Tous les chr\u00e9tiens ont s\u00fbrement re\u00e7u ou envoy\u00e9 un beau vers po\u00e9tique \u00e0 travers l\u2019un de leurs r\u00e9seaux sociaux, en lui donnant du relief, peut-\u00eatre, avec une image qui inspire.<\/p>\n<p>Il y a ces vers pr\u00e9f\u00e9r\u00e9s, qui sont rest\u00e9s dans la m\u00e9moire pr\u00e9cis\u00e9ment gr\u00e2ce au flot des rimes et des vers, \u00e0 la beaut\u00e9 de leurs m\u00e9taphores ou \u00e0 la magie de leurs images. C\u2019est de la po\u00e9sie, juste de la po\u00e9sie, qui a \u00e9t\u00e9 grav\u00e9e dans les recoins int\u00e9rieurs de notre c\u0153ur pour le r\u00e9confort chr\u00e9tien, l\u2019assurance et l\u2019esp\u00e9rance.<\/p>\n<p>\u00ab L\u2019\u00c9ternel est mon berger; Je ne manquerai de rien\u2026. Quand je marche dans la vall\u00e9e de l&rsquo;ombre de la mort, Je ne crains aucun mal, car tu es avec moi. \u00bb (Psaumes 23: 1, 4).<\/p>\n<p>\u00ab Car la portion de l&rsquo;\u00c9ternel, c&rsquo;est son peuple,&#8230;Il l&rsquo;a gard\u00e9 comme la prunelle de son \u0153il. Pareil \u00e0 l&rsquo;aigle qui \u00e9veille sa couv\u00e9e, Voltige sur ses petits, D\u00e9ploie ses ailes, les prend, Les porte sur ses plumes. \u00bb (Deut\u00e9ronome 32: 9-11)<\/p>\n<p>\u00ab Aie piti\u00e9 de moi, \u00f4 Dieu\u2026 Car en toi mon \u00e2me cherche un refuge; Je cherche un refuge \u00e0 l&rsquo;ombre de tes ailes, Jusqu&rsquo;\u00e0 ce que les calamit\u00e9s soient pass\u00e9es. (Psaume 57: 1)<\/p>\n<p>\u00ab L\u2019\u00c9ternel est ma lumi\u00e8re et mon salut : De qui aurais-je crainte? L&rsquo;\u00c9ternel est le soutien de ma vie: De qui aurais-je peur ? \u2026 Car il me prot\u00e9gera dans son tabernacle au jour du malheur. \u00bb (Psaumes 27: 1, 5).<\/p>\n<p>\u00ab Et tu as chang\u00e9 mes lamentations en all\u00e9gresse, Tu as d\u00e9li\u00e9 mon sac, et tu m&rsquo;as ceint de joie. \u00bb (Psaumes 30:11).<\/p>\n<p>Certains chr\u00e9tiens, confront\u00e9s \u00e0 un d\u00e9c\u00e8s vraisemblablement inattendu, ont r\u00e9p\u00e9t\u00e9, avec r\u00e9signation, mais pleins de foi, les paroles de Job: \u00ab M\u00eame s\u2019il me tuait, je continuerais \u00e0 esp\u00e9rer en lui. \u00bb (Job 13:15).<\/p>\n<p>D\u2019autres, ressentant la rigueur de la faim alors qu\u2019ils commencent \u00e0 manquer de vivres pendant cette crise, ou peut-\u00eatre y pensant simplement comme une possibilit\u00e9, ont dit, avec le proph\u00e8te Habakkuk, \u00ab Car le figuier ne fleurira pas, La vigne ne produira rien, Le fruit de l&rsquo;olivier manquera, Les champs ne donneront pas de nourriture ; Les brebis dispara\u00eetront du p\u00e2turage, Et il n&rsquo;y aura plus de boeufs dans les \u00e9tables. Toutefois, je veux me r\u00e9jouir en l&rsquo;\u00c9ternel, Je veux me r\u00e9jouir dans le Dieu de mon salut. L&rsquo;\u00c9ternel, le Seigneur, est ma force; Il rend mes pieds semblables \u00e0 ceux des biches, Et il me fait marcher sur mes lieux \u00e9lev\u00e9s. \u00bb (Habacuc 3: 17-19)<br \/>\n\u00ab Quand la temp\u00eate sera termin\u00e9e, \u00bb a \u00e9crit le po\u00e8te cubain Alexis Vald\u00e9s dans un de ses po\u00e8mes, \u00ab et que nous serons devenus les survivants d\u2019un naufrage collectif &#8230; avec un c\u0153ur qui pleure et un destin b\u00e9ni, nous serons heureux &#8211; juste heureux d\u2019\u00eatre en vie. \u00bb<\/p>\n<p><em>Gloria Lozano-Castrej\u00f3n est enseignante en langue et litt\u00e9rature, \u00e9crivaine et traductrice \u00e0 la retraite.<\/em><\/p>\n<p>Traduction: Patrick Luciathe<\/p>\n","protected":false},"excerpt":{"rendered":"<p>6 Mai 2020 | Loma Linda, Californie, \u00c9tats-Unis | Par : Gloria Lozano-Castrej\u00f3n pour le P\u00f4le Informations de la Division Inter Am\u00e9ricaine Depuis que la pand\u00e9mie COVID-19 a commenc\u00e9 \u00e0&#8230;<\/p>\n","protected":false},"author":3,"featured_media":58481,"comment_status":"open","ping_status":"closed","sticky":false,"template":"","format":"standard","meta":{"_acf_changed":false,"footnotes":""},"categories":[20,19],"tags":[],"class_list":["post-58519","post","type-post","status-publish","format-standard","has-post-thumbnail","hentry","category-nouvelles-du-siege-de-la-division","category-rss-francais"],"acf":[],"yoast_head":"<!-- This site is optimized with the Yoast SEO plugin v27.3 - https:\/\/yoast.com\/product\/yoast-seo-wordpress\/ -->\n<title>Trouver du r\u00e9confort dans la po\u00e9sie - \u00c9glise Adventiste Du Septieme Jour - Inter Am\u00e9rique Division<\/title>\n<meta name=\"robots\" content=\"index, follow, max-snippet:-1, max-image-preview:large, max-video-preview:-1\" \/>\n<link rel=\"canonical\" href=\"https:\/\/interamerica.org\/fr\/2020\/05\/trouver-du-reconfort-dans-la-poesie\/\" \/>\n<meta property=\"og:locale\" content=\"fr_FR\" \/>\n<meta property=\"og:type\" content=\"article\" \/>\n<meta property=\"og:title\" content=\"Trouver du r\u00e9confort dans la po\u00e9sie - \u00c9glise Adventiste Du Septieme Jour - Inter Am\u00e9rique Division\" \/>\n<meta property=\"og:description\" content=\"6 Mai 2020 | Loma Linda, Californie, \u00c9tats-Unis | Par : Gloria Lozano-Castrej\u00f3n pour le P\u00f4le Informations de la Division Inter Am\u00e9ricaine Depuis que la pand\u00e9mie COVID-19 a commenc\u00e9 \u00e0...\" \/>\n<meta property=\"og:url\" content=\"https:\/\/interamerica.org\/fr\/2020\/05\/trouver-du-reconfort-dans-la-poesie\/\" \/>\n<meta property=\"og:site_name\" content=\"\u00c9glise Adventiste Du Septieme Jour - Inter Am\u00e9rique Division\" \/>\n<meta property=\"article:published_time\" content=\"2020-05-08T00:51:12+00:00\" \/>\n<meta property=\"article:modified_time\" content=\"2020-05-08T13:48:24+00:00\" \/>\n<meta property=\"og:image\" content=\"https:\/\/interamerica.org\/wp-content\/uploads\/2020\/05\/poetry-tea-debby-hudson-fo4gzqi2t84-unsplash.jpg\" \/>\n\t<meta property=\"og:image:width\" content=\"1280\" \/>\n\t<meta property=\"og:image:height\" content=\"800\" \/>\n\t<meta property=\"og:image:type\" content=\"image\/jpeg\" \/>\n<meta name=\"author\" content=\"libna\" \/>\n<meta name=\"twitter:card\" content=\"summary_large_image\" \/>\n<meta name=\"twitter:label1\" content=\"\u00c9crit par\" \/>\n\t<meta name=\"twitter:data1\" content=\"libna\" \/>\n\t<meta name=\"twitter:label2\" content=\"Dur\u00e9e de lecture estim\u00e9e\" \/>\n\t<meta name=\"twitter:data2\" content=\"5 minutes\" \/>\n<script type=\"application\/ld+json\" class=\"yoast-schema-graph\">{\"@context\":\"https:\\\/\\\/schema.org\",\"@graph\":[{\"@type\":\"Article\",\"@id\":\"https:\\\/\\\/interamerica.org\\\/fr\\\/2020\\\/05\\\/trouver-du-reconfort-dans-la-poesie\\\/#article\",\"isPartOf\":{\"@id\":\"https:\\\/\\\/interamerica.org\\\/fr\\\/2020\\\/05\\\/trouver-du-reconfort-dans-la-poesie\\\/\"},\"author\":{\"name\":\"libna\",\"@id\":\"https:\\\/\\\/interamerica.org\\\/fr\\\/#\\\/schema\\\/person\\\/29998f2bc2d8bd0d38662909289b54f1\"},\"headline\":\"Trouver du r\u00e9confort dans la po\u00e9sie\",\"datePublished\":\"2020-05-08T00:51:12+00:00\",\"dateModified\":\"2020-05-08T13:48:24+00:00\",\"mainEntityOfPage\":{\"@id\":\"https:\\\/\\\/interamerica.org\\\/fr\\\/2020\\\/05\\\/trouver-du-reconfort-dans-la-poesie\\\/\"},\"wordCount\":1031,\"commentCount\":0,\"image\":{\"@id\":\"https:\\\/\\\/interamerica.org\\\/fr\\\/2020\\\/05\\\/trouver-du-reconfort-dans-la-poesie\\\/#primaryimage\"},\"thumbnailUrl\":\"https:\\\/\\\/interamerica.org\\\/wp-content\\\/uploads\\\/2020\\\/05\\\/poetry-tea-debby-hudson-fo4gzqi2t84-unsplash.jpg\",\"articleSection\":[\"Nouvelles du si\u00e8ge de la division\",\"RSS Fran\u00e7ais\"],\"inLanguage\":\"fr-FR\",\"potentialAction\":[{\"@type\":\"CommentAction\",\"name\":\"Comment\",\"target\":[\"https:\\\/\\\/interamerica.org\\\/fr\\\/2020\\\/05\\\/trouver-du-reconfort-dans-la-poesie\\\/#respond\"]}]},{\"@type\":\"WebPage\",\"@id\":\"https:\\\/\\\/interamerica.org\\\/fr\\\/2020\\\/05\\\/trouver-du-reconfort-dans-la-poesie\\\/\",\"url\":\"https:\\\/\\\/interamerica.org\\\/fr\\\/2020\\\/05\\\/trouver-du-reconfort-dans-la-poesie\\\/\",\"name\":\"Trouver du r\u00e9confort dans la po\u00e9sie - \u00c9glise Adventiste Du Septieme Jour - Inter Am\u00e9rique Division\",\"isPartOf\":{\"@id\":\"https:\\\/\\\/interamerica.org\\\/fr\\\/#website\"},\"primaryImageOfPage\":{\"@id\":\"https:\\\/\\\/interamerica.org\\\/fr\\\/2020\\\/05\\\/trouver-du-reconfort-dans-la-poesie\\\/#primaryimage\"},\"image\":{\"@id\":\"https:\\\/\\\/interamerica.org\\\/fr\\\/2020\\\/05\\\/trouver-du-reconfort-dans-la-poesie\\\/#primaryimage\"},\"thumbnailUrl\":\"https:\\\/\\\/interamerica.org\\\/wp-content\\\/uploads\\\/2020\\\/05\\\/poetry-tea-debby-hudson-fo4gzqi2t84-unsplash.jpg\",\"datePublished\":\"2020-05-08T00:51:12+00:00\",\"dateModified\":\"2020-05-08T13:48:24+00:00\",\"author\":{\"@id\":\"https:\\\/\\\/interamerica.org\\\/fr\\\/#\\\/schema\\\/person\\\/29998f2bc2d8bd0d38662909289b54f1\"},\"breadcrumb\":{\"@id\":\"https:\\\/\\\/interamerica.org\\\/fr\\\/2020\\\/05\\\/trouver-du-reconfort-dans-la-poesie\\\/#breadcrumb\"},\"inLanguage\":\"fr-FR\",\"potentialAction\":[{\"@type\":\"ReadAction\",\"target\":[\"https:\\\/\\\/interamerica.org\\\/fr\\\/2020\\\/05\\\/trouver-du-reconfort-dans-la-poesie\\\/\"]}]},{\"@type\":\"ImageObject\",\"inLanguage\":\"fr-FR\",\"@id\":\"https:\\\/\\\/interamerica.org\\\/fr\\\/2020\\\/05\\\/trouver-du-reconfort-dans-la-poesie\\\/#primaryimage\",\"url\":\"https:\\\/\\\/interamerica.org\\\/wp-content\\\/uploads\\\/2020\\\/05\\\/poetry-tea-debby-hudson-fo4gzqi2t84-unsplash.jpg\",\"contentUrl\":\"https:\\\/\\\/interamerica.org\\\/wp-content\\\/uploads\\\/2020\\\/05\\\/poetry-tea-debby-hudson-fo4gzqi2t84-unsplash.jpg\",\"width\":1280,\"height\":800,\"caption\":\"[Photo: Debby Hudson\\\/DIA]\"},{\"@type\":\"BreadcrumbList\",\"@id\":\"https:\\\/\\\/interamerica.org\\\/fr\\\/2020\\\/05\\\/trouver-du-reconfort-dans-la-poesie\\\/#breadcrumb\",\"itemListElement\":[{\"@type\":\"ListItem\",\"position\":1,\"name\":\"Home\",\"item\":\"https:\\\/\\\/interamerica.org\\\/fr\\\/\"},{\"@type\":\"ListItem\",\"position\":2,\"name\":\"Trouver du r\u00e9confort dans la po\u00e9sie\"}]},{\"@type\":\"WebSite\",\"@id\":\"https:\\\/\\\/interamerica.org\\\/fr\\\/#website\",\"url\":\"https:\\\/\\\/interamerica.org\\\/fr\\\/\",\"name\":\"\u00c9glise Adventiste Du Septieme Jour - Inter Am\u00e9rique Division\",\"description\":\"\",\"potentialAction\":[{\"@type\":\"SearchAction\",\"target\":{\"@type\":\"EntryPoint\",\"urlTemplate\":\"https:\\\/\\\/interamerica.org\\\/fr\\\/?s={search_term_string}\"},\"query-input\":{\"@type\":\"PropertyValueSpecification\",\"valueRequired\":true,\"valueName\":\"search_term_string\"}}],\"inLanguage\":\"fr-FR\"},{\"@type\":\"Person\",\"@id\":\"https:\\\/\\\/interamerica.org\\\/fr\\\/#\\\/schema\\\/person\\\/29998f2bc2d8bd0d38662909289b54f1\",\"name\":\"libna\",\"image\":{\"@type\":\"ImageObject\",\"inLanguage\":\"fr-FR\",\"@id\":\"https:\\\/\\\/secure.gravatar.com\\\/avatar\\\/7c5bd30ae4b47a9ba3c856590957fd1d96dc588bf3ac05719d247e126840331f?s=96&d=mm&r=g\",\"url\":\"https:\\\/\\\/secure.gravatar.com\\\/avatar\\\/7c5bd30ae4b47a9ba3c856590957fd1d96dc588bf3ac05719d247e126840331f?s=96&d=mm&r=g\",\"contentUrl\":\"https:\\\/\\\/secure.gravatar.com\\\/avatar\\\/7c5bd30ae4b47a9ba3c856590957fd1d96dc588bf3ac05719d247e126840331f?s=96&d=mm&r=g\",\"caption\":\"libna\"}}]}<\/script>\n<!-- \/ Yoast SEO plugin. -->","yoast_head_json":{"title":"Trouver du r\u00e9confort dans la po\u00e9sie - \u00c9glise Adventiste Du Septieme Jour - Inter Am\u00e9rique Division","robots":{"index":"index","follow":"follow","max-snippet":"max-snippet:-1","max-image-preview":"max-image-preview:large","max-video-preview":"max-video-preview:-1"},"canonical":"https:\/\/interamerica.org\/fr\/2020\/05\/trouver-du-reconfort-dans-la-poesie\/","og_locale":"fr_FR","og_type":"article","og_title":"Trouver du r\u00e9confort dans la po\u00e9sie - \u00c9glise Adventiste Du Septieme Jour - Inter Am\u00e9rique Division","og_description":"6 Mai 2020 | Loma Linda, Californie, \u00c9tats-Unis | Par : Gloria Lozano-Castrej\u00f3n pour le P\u00f4le Informations de la Division Inter Am\u00e9ricaine Depuis que la pand\u00e9mie COVID-19 a commenc\u00e9 \u00e0...","og_url":"https:\/\/interamerica.org\/fr\/2020\/05\/trouver-du-reconfort-dans-la-poesie\/","og_site_name":"\u00c9glise Adventiste Du Septieme Jour - Inter Am\u00e9rique Division","article_published_time":"2020-05-08T00:51:12+00:00","article_modified_time":"2020-05-08T13:48:24+00:00","og_image":[{"width":1280,"height":800,"url":"https:\/\/interamerica.org\/wp-content\/uploads\/2020\/05\/poetry-tea-debby-hudson-fo4gzqi2t84-unsplash.jpg","type":"image\/jpeg"}],"author":"libna","twitter_card":"summary_large_image","twitter_misc":{"\u00c9crit par":"libna","Dur\u00e9e de lecture estim\u00e9e":"5 minutes"},"schema":{"@context":"https:\/\/schema.org","@graph":[{"@type":"Article","@id":"https:\/\/interamerica.org\/fr\/2020\/05\/trouver-du-reconfort-dans-la-poesie\/#article","isPartOf":{"@id":"https:\/\/interamerica.org\/fr\/2020\/05\/trouver-du-reconfort-dans-la-poesie\/"},"author":{"name":"libna","@id":"https:\/\/interamerica.org\/fr\/#\/schema\/person\/29998f2bc2d8bd0d38662909289b54f1"},"headline":"Trouver du r\u00e9confort dans la po\u00e9sie","datePublished":"2020-05-08T00:51:12+00:00","dateModified":"2020-05-08T13:48:24+00:00","mainEntityOfPage":{"@id":"https:\/\/interamerica.org\/fr\/2020\/05\/trouver-du-reconfort-dans-la-poesie\/"},"wordCount":1031,"commentCount":0,"image":{"@id":"https:\/\/interamerica.org\/fr\/2020\/05\/trouver-du-reconfort-dans-la-poesie\/#primaryimage"},"thumbnailUrl":"https:\/\/interamerica.org\/wp-content\/uploads\/2020\/05\/poetry-tea-debby-hudson-fo4gzqi2t84-unsplash.jpg","articleSection":["Nouvelles du si\u00e8ge de la division","RSS Fran\u00e7ais"],"inLanguage":"fr-FR","potentialAction":[{"@type":"CommentAction","name":"Comment","target":["https:\/\/interamerica.org\/fr\/2020\/05\/trouver-du-reconfort-dans-la-poesie\/#respond"]}]},{"@type":"WebPage","@id":"https:\/\/interamerica.org\/fr\/2020\/05\/trouver-du-reconfort-dans-la-poesie\/","url":"https:\/\/interamerica.org\/fr\/2020\/05\/trouver-du-reconfort-dans-la-poesie\/","name":"Trouver du r\u00e9confort dans la po\u00e9sie - \u00c9glise Adventiste Du Septieme Jour - Inter Am\u00e9rique Division","isPartOf":{"@id":"https:\/\/interamerica.org\/fr\/#website"},"primaryImageOfPage":{"@id":"https:\/\/interamerica.org\/fr\/2020\/05\/trouver-du-reconfort-dans-la-poesie\/#primaryimage"},"image":{"@id":"https:\/\/interamerica.org\/fr\/2020\/05\/trouver-du-reconfort-dans-la-poesie\/#primaryimage"},"thumbnailUrl":"https:\/\/interamerica.org\/wp-content\/uploads\/2020\/05\/poetry-tea-debby-hudson-fo4gzqi2t84-unsplash.jpg","datePublished":"2020-05-08T00:51:12+00:00","dateModified":"2020-05-08T13:48:24+00:00","author":{"@id":"https:\/\/interamerica.org\/fr\/#\/schema\/person\/29998f2bc2d8bd0d38662909289b54f1"},"breadcrumb":{"@id":"https:\/\/interamerica.org\/fr\/2020\/05\/trouver-du-reconfort-dans-la-poesie\/#breadcrumb"},"inLanguage":"fr-FR","potentialAction":[{"@type":"ReadAction","target":["https:\/\/interamerica.org\/fr\/2020\/05\/trouver-du-reconfort-dans-la-poesie\/"]}]},{"@type":"ImageObject","inLanguage":"fr-FR","@id":"https:\/\/interamerica.org\/fr\/2020\/05\/trouver-du-reconfort-dans-la-poesie\/#primaryimage","url":"https:\/\/interamerica.org\/wp-content\/uploads\/2020\/05\/poetry-tea-debby-hudson-fo4gzqi2t84-unsplash.jpg","contentUrl":"https:\/\/interamerica.org\/wp-content\/uploads\/2020\/05\/poetry-tea-debby-hudson-fo4gzqi2t84-unsplash.jpg","width":1280,"height":800,"caption":"[Photo: Debby Hudson\/DIA]"},{"@type":"BreadcrumbList","@id":"https:\/\/interamerica.org\/fr\/2020\/05\/trouver-du-reconfort-dans-la-poesie\/#breadcrumb","itemListElement":[{"@type":"ListItem","position":1,"name":"Home","item":"https:\/\/interamerica.org\/fr\/"},{"@type":"ListItem","position":2,"name":"Trouver du r\u00e9confort dans la po\u00e9sie"}]},{"@type":"WebSite","@id":"https:\/\/interamerica.org\/fr\/#website","url":"https:\/\/interamerica.org\/fr\/","name":"\u00c9glise Adventiste Du Septieme Jour - Inter Am\u00e9rique Division","description":"","potentialAction":[{"@type":"SearchAction","target":{"@type":"EntryPoint","urlTemplate":"https:\/\/interamerica.org\/fr\/?s={search_term_string}"},"query-input":{"@type":"PropertyValueSpecification","valueRequired":true,"valueName":"search_term_string"}}],"inLanguage":"fr-FR"},{"@type":"Person","@id":"https:\/\/interamerica.org\/fr\/#\/schema\/person\/29998f2bc2d8bd0d38662909289b54f1","name":"libna","image":{"@type":"ImageObject","inLanguage":"fr-FR","@id":"https:\/\/secure.gravatar.com\/avatar\/7c5bd30ae4b47a9ba3c856590957fd1d96dc588bf3ac05719d247e126840331f?s=96&d=mm&r=g","url":"https:\/\/secure.gravatar.com\/avatar\/7c5bd30ae4b47a9ba3c856590957fd1d96dc588bf3ac05719d247e126840331f?s=96&d=mm&r=g","contentUrl":"https:\/\/secure.gravatar.com\/avatar\/7c5bd30ae4b47a9ba3c856590957fd1d96dc588bf3ac05719d247e126840331f?s=96&d=mm&r=g","caption":"libna"}}]}},"_links":{"self":[{"href":"https:\/\/interamerica.org\/fr\/wp-json\/wp\/v2\/posts\/58519","targetHints":{"allow":["GET"]}}],"collection":[{"href":"https:\/\/interamerica.org\/fr\/wp-json\/wp\/v2\/posts"}],"about":[{"href":"https:\/\/interamerica.org\/fr\/wp-json\/wp\/v2\/types\/post"}],"author":[{"embeddable":true,"href":"https:\/\/interamerica.org\/fr\/wp-json\/wp\/v2\/users\/3"}],"replies":[{"embeddable":true,"href":"https:\/\/interamerica.org\/fr\/wp-json\/wp\/v2\/comments?post=58519"}],"version-history":[{"count":0,"href":"https:\/\/interamerica.org\/fr\/wp-json\/wp\/v2\/posts\/58519\/revisions"}],"wp:featuredmedia":[{"embeddable":true,"href":"https:\/\/interamerica.org\/fr\/wp-json\/wp\/v2\/media\/58481"}],"wp:attachment":[{"href":"https:\/\/interamerica.org\/fr\/wp-json\/wp\/v2\/media?parent=58519"}],"wp:term":[{"taxonomy":"category","embeddable":true,"href":"https:\/\/interamerica.org\/fr\/wp-json\/wp\/v2\/categories?post=58519"},{"taxonomy":"post_tag","embeddable":true,"href":"https:\/\/interamerica.org\/fr\/wp-json\/wp\/v2\/tags?post=58519"}],"curies":[{"name":"wp","href":"https:\/\/api.w.org\/{rel}","templated":true}]}}