{"id":58590,"date":"2020-05-11T14:20:16","date_gmt":"2020-05-11T18:20:16","guid":{"rendered":"https:\/\/recursing-golick.147-182-135-0.plesk.page\/?p=58590"},"modified":"2020-05-11T21:13:14","modified_gmt":"2020-05-12T01:13:14","slug":"comment-aider-les-victimes-de-violence-durant-le-confinement","status":"publish","type":"post","link":"https:\/\/interamerica.org\/fr\/2020\/05\/comment-aider-les-victimes-de-violence-durant-le-confinement\/","title":{"rendered":"Comment aider les victimes de violence durant le confinement"},"content":{"rendered":"<p>Le 10 mai 2020 |\u00a0St Albans, Royaume-Uni |\u00a0Les minist\u00e8res de la Famille de la Division transeurop\u00e9enne<\/p>\n<p>Le confinement a entra\u00een\u00e9 avec lui son lot de difficult\u00e9s, comme l\u2019extr\u00eame solitude, le fait qu\u2019on se tape sur les nerfs les uns les autres, les difficult\u00e9s de d\u00e9placement, l\u2019\u00e9cole \u00e0 la maison et les restrictions familiales entre quatre murs. Heureusement, c\u2019est \u00e9galement l\u2019occasion de se rapprocher des membres de notre famille.<\/p>\n<p>Par contre, certains sont pris \u00e0 la maison 24\u00a0heures sur 24 avec une personne violente. Et au Royaume-Uni, apr\u00e8s quelques semaines de confinement, des rapports pr\u00e9occupants provenant d\u2019organismes qui travaillent aupr\u00e8s des victimes de violence familiale ont commenc\u00e9 \u00e0 faire surface. En effet, Refuge, le plus important organisme de ce genre, a rapport\u00e9, le 6\u00a0avril dernier, des augmentations de 700\u00a0% de la fr\u00e9quentation de son site internet et de 120\u00a0% des appels pour des renseignements et des conseils.<\/p>\n<p>Ces d\u00e9veloppements ont inspir\u00e9 toute une gamme de solutions cr\u00e9atives au probl\u00e8me. Une pr\u00e9sentatrice du journal de la <em>British Broadcasting Corporation<\/em> (BBC) a \u00e9crit le num\u00e9ro de t\u00e9l\u00e9phone de la ligne d\u2019aide nationale pour les victimes de violence familiale sur sa main afin que les t\u00e9l\u00e9spectateurs puissent le voir. Une grande cha\u00eene de pharmacies offre, quant \u00e0 elle, d\u2019aider les victimes qui demandent une consultation personnelle. On les am\u00e8ne ensuite dans une salle priv\u00e9e o\u00f9 un conseiller form\u00e9 les aide \u00e0 trouver un endroit s\u00e9curitaire o\u00f9 aller.<\/p>\n<p>\u00ab\u00a0En tant que directrice des minist\u00e8res de la Famille de la Division transeurop\u00e9enne, je ne re\u00e7ois pas souvent d\u2019appels ou de courriels me demandant quoi faire en cas de violence familiale, a comment\u00e9 Karen Holford. Mais apr\u00e8s avoir re\u00e7u plusieurs demandes en une seule semaine, j\u2019ai r\u00e9alis\u00e9 que nous devions agir en offrant de la formation \u00e0 nos directeurs minist\u00e9riels dans les unions.\u00a0\u00bb<\/p>\n<p>Le niveau de formation re\u00e7ue par les pasteurs sur l\u2019intervention en cas de violence familiale varie grandement dans la Division, tout comme le niveau de soutien aux victimes \u00e0 l\u2019\u00e9chelle nationale et locale. Chose certaine, aucun pasteur n\u2019\u00e9tait form\u00e9 pour g\u00e9rer des cas de violence familiale en contexte de confinement d\u00fb \u00e0 une pand\u00e9mie.<\/p>\n<p>\u00ab\u00a0J\u2019ai appris en m\u00eame temps que les travailleurs sur le terrain, a-t-elle admis. La plupart d\u2019entre eux n\u2019\u00e9taient jamais intervenus en situation de violence familiale, alors nous nous sommes aid\u00e9s les uns les autres dans notre apprentissage face \u00e0 cette difficult\u00e9. L\u2019un des pasteurs a eu l\u2019id\u00e9e de cr\u00e9er un document Google en ligne pour partager de l\u2019information sur la violence familiale avec une victime de violence conjugale. Son agresseur avait acc\u00e8s \u00e0 son t\u00e9l\u00e9phone plusieurs fois par jour, alors il n\u2019\u00e9tait pas s\u00e9curitaire de lui envoyer des messages. Elle ne pouvait pas non plus chercher de conseils en ligne, \u00e0 moins que le site internet n\u2019ait un bouton d\u2019\u00e9chappement rapide qui effa\u00e7ait m\u00eame l\u2019historique.\u00a0\u00bb<\/p>\n<p>Le document Google servait \u00e0 partager des id\u00e9es, \u00e0 \u00ab\u00a0clavarder\u00a0\u00bb, \u00e0 v\u00e9rifier qu\u2019elle \u00e9tait toujours en s\u00e9curit\u00e9 et \u00e0 lui recommander de placer ses documents importants, ses renseignements financiers, son passeport, ses v\u00eatements et ses biens pr\u00e9cieux en lieu s\u00fbr au cas o\u00f9 elle devrait partir pr\u00e9cipitamment.<\/p>\n<p>Heureusement, cette histoire a connu une fin heureuse, mais seulement gr\u00e2ce aux pr\u00e9occupations du pasteur, qui lui ont donn\u00e9 le courage de parler. Il pourrait y avoir des milliers de personnes dans nos \u00e9glises, nos familles et nos communaut\u00e9s qui sont gravement \u00e0 risque de violence en ce moment. En leur tendant la main, vous pourriez leur sauver la vie.<\/p>\n<p><strong>Comment aider une victime de violence en temps de confinement<\/strong><\/p>\n<p>Lorsqu\u2019on d\u00e9sire aider une personne \u00e0 risque, il est important de comprendre plusieurs aspects de la violence.<\/p>\n<ul>\n<li>Comprenez les diff\u00e9rents types de violence\u00a0: physique, sexuelle, psychologique, spirituelle et financi\u00e8re. Les victimes peuvent \u00e9galement \u00eatre priv\u00e9es de choses dont elles ont besoin, n\u00e9glig\u00e9es ou restreintes dans leurs mouvements. La personne qui vit avec des restrictions ou de la d\u00e9tresse, ou dont une autre personne tente de contr\u00f4ler les actions, pourrait aussi \u00eatre victime de violence. Beaucoup de femmes vivent leur premi\u00e8re exp\u00e9rience de violence lorsqu\u2019elles sont enceintes.<\/li>\n<li>\u00c9duquez les membres d\u2019\u00e9glise afin qu\u2019ils sachent quoi surveiller chez leurs amis, les membres de leur famille et leurs voisins. Ils pourraient entendre des cris agressifs, des pleurs d\u2019enfants ou d\u2019adultes qui durent anormalement longtemps, des bruits d\u2019objets lanc\u00e9s ou bris\u00e9s ou quelqu\u2019un qui se fait frapper ou blesser. Des victimes pourraient \u00e9galement \u00eatre enferm\u00e9es \u00e0 l\u2019ext\u00e9rieur sans chaussures ou v\u00eatements ad\u00e9quats et sans t\u00e9l\u00e9phone ni argent.<\/li>\n<li>Assurez-vous de savoir quelle assistance est disponible pour les victimes de violence familiale dans votre pays ou r\u00e9gion durant le confinement.<\/li>\n<li>Dressez la liste de toutes les assistances t\u00e9l\u00e9phoniques et de tous les services relatifs \u00e0 la violence familiale de votre pays et affichez-la sur la page d\u2019accueil du site internet de votre \u00e9glise, joignez-la \u00e0 vos infolettres, ins\u00e9rez-la dans vos programmes de culte et les annonces que vous projetez sur \u00e9cran.<\/li>\n<li>Partagez des renseignements utiles et des nouvelles sur les pages de vos r\u00e9seaux sociaux personnels afin d\u2019informer les victimes sur les ressources d\u2019aide disponibles.<\/li>\n<li>En pri\u00e8re, r\u00e9fl\u00e9chissez \u00e0 chacun de vos membres et aux autres personnes de votre liste de contacts et demandez-vous si vous avez pu observer des indices qu\u2019ils pourraient \u00eatre dans une relation violente.<\/li>\n<li>Lorsqu\u2019une victime de violence vous raconte ce qui lui est arriv\u00e9, \u00e9coutez-la attentivement et croyez-la.<\/li>\n<li>Ne parlez jamais \u00e0 l\u2019agresseur de ce que la victime vous a dit. Sachez que le moment le plus dangereux pour la victime est celui o\u00f9 l\u2019agresseur apprend qu\u2019elle s\u2019est ouverte sur leur relation.<\/li>\n<li>La victime doit prendre ses propres d\u00e9cisions quant \u00e0 ce qu\u2019elle fera et le moment o\u00f9 elle partira, car elle doit le faire en toute libert\u00e9 et s\u00e9curit\u00e9.<\/li>\n<li>Lorsque c\u2019est possible, aidez la victime qui ne se sent pas en s\u00e9curit\u00e9 \u00e0 contacter la police ou les services appropri\u00e9s afin qu\u2019elle puisse quitter la maison. L\u2019aider \u00e0 fuir une relation violente est une t\u00e2che d\u00e9licate. Ainsi, si vous tentez de l\u2019accomplir par vous-m\u00eame, vous pourriez intensifier le danger tant pour elle que pour vous-m\u00eame.<\/li>\n<li>Pour communiquer avec une personne \u00e0 risque, choisissez des moyens s\u00e9curitaires et intra\u00e7ables, comme un document en ligne prot\u00e9g\u00e9 par un mot de passe, et informez-la qu\u2019elle peut vous contacter \u00e0 tout moment s\u00e9curitaire.<\/li>\n<li>Encouragez la personne \u00e0 tenir un journal des \u00e9pisodes de violence, au cas o\u00f9 elle devrait montrer des preuves \u00e0 la police ou \u00e0 un avocat. Les entr\u00e9es devraient contenir l\u2019heure des s\u00e9vices physiques, des menaces verbales, des textos intimidants, des conversations agressives, etc.<\/li>\n<li>Lorsque la victime est en lieu s\u00fbr, demandez-lui quels sont ses autres besoins pratiques et spirituels et faites votre possible pour y r\u00e9pondre.<\/li>\n<\/ul>\n<p><em>La <a href=\"https:\/\/ted.adventist.org\/news\/1692-abuse-in-lockdown-and-how-to-help\">version originale<\/a> de cet article a \u00e9t\u00e9 publi\u00e9e sur le <a href=\"https:\/\/ted.adventist.org\/news\/\">site de nouvelles<\/a> de la Division transeurop\u00e9enne.<\/em><\/p>\n<p>Traduction : Marie-Mich\u00e8le Robitaille<\/p>\n","protected":false},"excerpt":{"rendered":"<p>Le 10 mai 2020 |\u00a0St Albans, Royaume-Uni |\u00a0Les minist\u00e8res de la Famille de la Division transeurop\u00e9enne Le confinement a entra\u00een\u00e9 avec lui son lot de difficult\u00e9s, comme l\u2019extr\u00eame solitude, le&#8230;<\/p>\n","protected":false},"author":3,"featured_media":58574,"comment_status":"open","ping_status":"closed","sticky":false,"template":"","format":"standard","meta":{"_acf_changed":false,"footnotes":""},"categories":[18,19],"tags":[],"class_list":["post-58590","post","type-post","status-publish","format-standard","has-post-thumbnail","hentry","category-nouvelles-de-leglise-mondiale","category-rss-francais"],"acf":[],"yoast_head":"<!-- This site is optimized with the Yoast SEO plugin v27.3 - https:\/\/yoast.com\/product\/yoast-seo-wordpress\/ -->\n<title>Comment aider les victimes de violence durant le confinement - \u00c9glise Adventiste Du Septieme Jour - Inter Am\u00e9rique Division<\/title>\n<meta name=\"robots\" content=\"index, follow, max-snippet:-1, max-image-preview:large, max-video-preview:-1\" \/>\n<link rel=\"canonical\" href=\"https:\/\/interamerica.org\/fr\/2020\/05\/comment-aider-les-victimes-de-violence-durant-le-confinement\/\" \/>\n<meta property=\"og:locale\" content=\"fr_FR\" \/>\n<meta property=\"og:type\" content=\"article\" \/>\n<meta property=\"og:title\" content=\"Comment aider les victimes de violence durant le confinement - \u00c9glise Adventiste Du Septieme Jour - Inter Am\u00e9rique Division\" \/>\n<meta property=\"og:description\" content=\"Le 10 mai 2020 |\u00a0St Albans, Royaume-Uni |\u00a0Les minist\u00e8res de la Famille de la Division transeurop\u00e9enne Le confinement a entra\u00een\u00e9 avec lui son lot de difficult\u00e9s, comme l\u2019extr\u00eame solitude, le...\" \/>\n<meta property=\"og:url\" content=\"https:\/\/interamerica.org\/fr\/2020\/05\/comment-aider-les-victimes-de-violence-durant-le-confinement\/\" \/>\n<meta property=\"og:site_name\" content=\"\u00c9glise Adventiste Du Septieme Jour - Inter Am\u00e9rique Division\" \/>\n<meta property=\"article:published_time\" content=\"2020-05-11T18:20:16+00:00\" \/>\n<meta property=\"article:modified_time\" content=\"2020-05-12T01:13:14+00:00\" \/>\n<meta property=\"og:image\" content=\"https:\/\/interamerica.org\/wp-content\/uploads\/2020\/05\/violence-iadmedia.jpg\" \/>\n\t<meta property=\"og:image:width\" content=\"1280\" \/>\n\t<meta property=\"og:image:height\" content=\"800\" \/>\n\t<meta property=\"og:image:type\" content=\"image\/jpeg\" \/>\n<meta name=\"author\" content=\"libna\" \/>\n<meta name=\"twitter:card\" content=\"summary_large_image\" \/>\n<meta name=\"twitter:label1\" content=\"\u00c9crit par\" \/>\n\t<meta name=\"twitter:data1\" content=\"libna\" \/>\n\t<meta name=\"twitter:label2\" content=\"Dur\u00e9e de lecture estim\u00e9e\" \/>\n\t<meta name=\"twitter:data2\" content=\"6 minutes\" \/>\n<script type=\"application\/ld+json\" class=\"yoast-schema-graph\">{\"@context\":\"https:\\\/\\\/schema.org\",\"@graph\":[{\"@type\":\"Article\",\"@id\":\"https:\\\/\\\/interamerica.org\\\/fr\\\/2020\\\/05\\\/comment-aider-les-victimes-de-violence-durant-le-confinement\\\/#article\",\"isPartOf\":{\"@id\":\"https:\\\/\\\/interamerica.org\\\/fr\\\/2020\\\/05\\\/comment-aider-les-victimes-de-violence-durant-le-confinement\\\/\"},\"author\":{\"name\":\"libna\",\"@id\":\"https:\\\/\\\/interamerica.org\\\/fr\\\/#\\\/schema\\\/person\\\/29998f2bc2d8bd0d38662909289b54f1\"},\"headline\":\"Comment aider les victimes de violence durant le confinement\",\"datePublished\":\"2020-05-11T18:20:16+00:00\",\"dateModified\":\"2020-05-12T01:13:14+00:00\",\"mainEntityOfPage\":{\"@id\":\"https:\\\/\\\/interamerica.org\\\/fr\\\/2020\\\/05\\\/comment-aider-les-victimes-de-violence-durant-le-confinement\\\/\"},\"wordCount\":1241,\"commentCount\":0,\"image\":{\"@id\":\"https:\\\/\\\/interamerica.org\\\/fr\\\/2020\\\/05\\\/comment-aider-les-victimes-de-violence-durant-le-confinement\\\/#primaryimage\"},\"thumbnailUrl\":\"https:\\\/\\\/interamerica.org\\\/wp-content\\\/uploads\\\/2020\\\/05\\\/violence-iadmedia.jpg\",\"articleSection\":[\"Nouvelles de l'\u00c9glise mondiale\",\"RSS Fran\u00e7ais\"],\"inLanguage\":\"fr-FR\",\"potentialAction\":[{\"@type\":\"CommentAction\",\"name\":\"Comment\",\"target\":[\"https:\\\/\\\/interamerica.org\\\/fr\\\/2020\\\/05\\\/comment-aider-les-victimes-de-violence-durant-le-confinement\\\/#respond\"]}]},{\"@type\":\"WebPage\",\"@id\":\"https:\\\/\\\/interamerica.org\\\/fr\\\/2020\\\/05\\\/comment-aider-les-victimes-de-violence-durant-le-confinement\\\/\",\"url\":\"https:\\\/\\\/interamerica.org\\\/fr\\\/2020\\\/05\\\/comment-aider-les-victimes-de-violence-durant-le-confinement\\\/\",\"name\":\"Comment aider les victimes de violence durant le confinement - \u00c9glise Adventiste Du Septieme Jour - Inter Am\u00e9rique Division\",\"isPartOf\":{\"@id\":\"https:\\\/\\\/interamerica.org\\\/fr\\\/#website\"},\"primaryImageOfPage\":{\"@id\":\"https:\\\/\\\/interamerica.org\\\/fr\\\/2020\\\/05\\\/comment-aider-les-victimes-de-violence-durant-le-confinement\\\/#primaryimage\"},\"image\":{\"@id\":\"https:\\\/\\\/interamerica.org\\\/fr\\\/2020\\\/05\\\/comment-aider-les-victimes-de-violence-durant-le-confinement\\\/#primaryimage\"},\"thumbnailUrl\":\"https:\\\/\\\/interamerica.org\\\/wp-content\\\/uploads\\\/2020\\\/05\\\/violence-iadmedia.jpg\",\"datePublished\":\"2020-05-11T18:20:16+00:00\",\"dateModified\":\"2020-05-12T01:13:14+00:00\",\"author\":{\"@id\":\"https:\\\/\\\/interamerica.org\\\/fr\\\/#\\\/schema\\\/person\\\/29998f2bc2d8bd0d38662909289b54f1\"},\"breadcrumb\":{\"@id\":\"https:\\\/\\\/interamerica.org\\\/fr\\\/2020\\\/05\\\/comment-aider-les-victimes-de-violence-durant-le-confinement\\\/#breadcrumb\"},\"inLanguage\":\"fr-FR\",\"potentialAction\":[{\"@type\":\"ReadAction\",\"target\":[\"https:\\\/\\\/interamerica.org\\\/fr\\\/2020\\\/05\\\/comment-aider-les-victimes-de-violence-durant-le-confinement\\\/\"]}]},{\"@type\":\"ImageObject\",\"inLanguage\":\"fr-FR\",\"@id\":\"https:\\\/\\\/interamerica.org\\\/fr\\\/2020\\\/05\\\/comment-aider-les-victimes-de-violence-durant-le-confinement\\\/#primaryimage\",\"url\":\"https:\\\/\\\/interamerica.org\\\/wp-content\\\/uploads\\\/2020\\\/05\\\/violence-iadmedia.jpg\",\"contentUrl\":\"https:\\\/\\\/interamerica.org\\\/wp-content\\\/uploads\\\/2020\\\/05\\\/violence-iadmedia.jpg\",\"width\":1280,\"height\":800,\"caption\":\"Une photo de Keila Trejo\\\/DIA.\"},{\"@type\":\"BreadcrumbList\",\"@id\":\"https:\\\/\\\/interamerica.org\\\/fr\\\/2020\\\/05\\\/comment-aider-les-victimes-de-violence-durant-le-confinement\\\/#breadcrumb\",\"itemListElement\":[{\"@type\":\"ListItem\",\"position\":1,\"name\":\"Home\",\"item\":\"https:\\\/\\\/interamerica.org\\\/fr\\\/\"},{\"@type\":\"ListItem\",\"position\":2,\"name\":\"Comment aider les victimes de violence durant le confinement\"}]},{\"@type\":\"WebSite\",\"@id\":\"https:\\\/\\\/interamerica.org\\\/fr\\\/#website\",\"url\":\"https:\\\/\\\/interamerica.org\\\/fr\\\/\",\"name\":\"\u00c9glise Adventiste Du Septieme Jour - Inter Am\u00e9rique Division\",\"description\":\"\",\"potentialAction\":[{\"@type\":\"SearchAction\",\"target\":{\"@type\":\"EntryPoint\",\"urlTemplate\":\"https:\\\/\\\/interamerica.org\\\/fr\\\/?s={search_term_string}\"},\"query-input\":{\"@type\":\"PropertyValueSpecification\",\"valueRequired\":true,\"valueName\":\"search_term_string\"}}],\"inLanguage\":\"fr-FR\"},{\"@type\":\"Person\",\"@id\":\"https:\\\/\\\/interamerica.org\\\/fr\\\/#\\\/schema\\\/person\\\/29998f2bc2d8bd0d38662909289b54f1\",\"name\":\"libna\",\"image\":{\"@type\":\"ImageObject\",\"inLanguage\":\"fr-FR\",\"@id\":\"https:\\\/\\\/secure.gravatar.com\\\/avatar\\\/7c5bd30ae4b47a9ba3c856590957fd1d96dc588bf3ac05719d247e126840331f?s=96&d=mm&r=g\",\"url\":\"https:\\\/\\\/secure.gravatar.com\\\/avatar\\\/7c5bd30ae4b47a9ba3c856590957fd1d96dc588bf3ac05719d247e126840331f?s=96&d=mm&r=g\",\"contentUrl\":\"https:\\\/\\\/secure.gravatar.com\\\/avatar\\\/7c5bd30ae4b47a9ba3c856590957fd1d96dc588bf3ac05719d247e126840331f?s=96&d=mm&r=g\",\"caption\":\"libna\"}}]}<\/script>\n<!-- \/ Yoast SEO plugin. -->","yoast_head_json":{"title":"Comment aider les victimes de violence durant le confinement - \u00c9glise Adventiste Du Septieme Jour - Inter Am\u00e9rique Division","robots":{"index":"index","follow":"follow","max-snippet":"max-snippet:-1","max-image-preview":"max-image-preview:large","max-video-preview":"max-video-preview:-1"},"canonical":"https:\/\/interamerica.org\/fr\/2020\/05\/comment-aider-les-victimes-de-violence-durant-le-confinement\/","og_locale":"fr_FR","og_type":"article","og_title":"Comment aider les victimes de violence durant le confinement - \u00c9glise Adventiste Du Septieme Jour - Inter Am\u00e9rique Division","og_description":"Le 10 mai 2020 |\u00a0St Albans, Royaume-Uni |\u00a0Les minist\u00e8res de la Famille de la Division transeurop\u00e9enne Le confinement a entra\u00een\u00e9 avec lui son lot de difficult\u00e9s, comme l\u2019extr\u00eame solitude, le...","og_url":"https:\/\/interamerica.org\/fr\/2020\/05\/comment-aider-les-victimes-de-violence-durant-le-confinement\/","og_site_name":"\u00c9glise Adventiste Du Septieme Jour - Inter Am\u00e9rique Division","article_published_time":"2020-05-11T18:20:16+00:00","article_modified_time":"2020-05-12T01:13:14+00:00","og_image":[{"width":1280,"height":800,"url":"https:\/\/interamerica.org\/wp-content\/uploads\/2020\/05\/violence-iadmedia.jpg","type":"image\/jpeg"}],"author":"libna","twitter_card":"summary_large_image","twitter_misc":{"\u00c9crit par":"libna","Dur\u00e9e de lecture estim\u00e9e":"6 minutes"},"schema":{"@context":"https:\/\/schema.org","@graph":[{"@type":"Article","@id":"https:\/\/interamerica.org\/fr\/2020\/05\/comment-aider-les-victimes-de-violence-durant-le-confinement\/#article","isPartOf":{"@id":"https:\/\/interamerica.org\/fr\/2020\/05\/comment-aider-les-victimes-de-violence-durant-le-confinement\/"},"author":{"name":"libna","@id":"https:\/\/interamerica.org\/fr\/#\/schema\/person\/29998f2bc2d8bd0d38662909289b54f1"},"headline":"Comment aider les victimes de violence durant le confinement","datePublished":"2020-05-11T18:20:16+00:00","dateModified":"2020-05-12T01:13:14+00:00","mainEntityOfPage":{"@id":"https:\/\/interamerica.org\/fr\/2020\/05\/comment-aider-les-victimes-de-violence-durant-le-confinement\/"},"wordCount":1241,"commentCount":0,"image":{"@id":"https:\/\/interamerica.org\/fr\/2020\/05\/comment-aider-les-victimes-de-violence-durant-le-confinement\/#primaryimage"},"thumbnailUrl":"https:\/\/interamerica.org\/wp-content\/uploads\/2020\/05\/violence-iadmedia.jpg","articleSection":["Nouvelles de l'\u00c9glise mondiale","RSS Fran\u00e7ais"],"inLanguage":"fr-FR","potentialAction":[{"@type":"CommentAction","name":"Comment","target":["https:\/\/interamerica.org\/fr\/2020\/05\/comment-aider-les-victimes-de-violence-durant-le-confinement\/#respond"]}]},{"@type":"WebPage","@id":"https:\/\/interamerica.org\/fr\/2020\/05\/comment-aider-les-victimes-de-violence-durant-le-confinement\/","url":"https:\/\/interamerica.org\/fr\/2020\/05\/comment-aider-les-victimes-de-violence-durant-le-confinement\/","name":"Comment aider les victimes de violence durant le confinement - \u00c9glise Adventiste Du Septieme Jour - Inter Am\u00e9rique Division","isPartOf":{"@id":"https:\/\/interamerica.org\/fr\/#website"},"primaryImageOfPage":{"@id":"https:\/\/interamerica.org\/fr\/2020\/05\/comment-aider-les-victimes-de-violence-durant-le-confinement\/#primaryimage"},"image":{"@id":"https:\/\/interamerica.org\/fr\/2020\/05\/comment-aider-les-victimes-de-violence-durant-le-confinement\/#primaryimage"},"thumbnailUrl":"https:\/\/interamerica.org\/wp-content\/uploads\/2020\/05\/violence-iadmedia.jpg","datePublished":"2020-05-11T18:20:16+00:00","dateModified":"2020-05-12T01:13:14+00:00","author":{"@id":"https:\/\/interamerica.org\/fr\/#\/schema\/person\/29998f2bc2d8bd0d38662909289b54f1"},"breadcrumb":{"@id":"https:\/\/interamerica.org\/fr\/2020\/05\/comment-aider-les-victimes-de-violence-durant-le-confinement\/#breadcrumb"},"inLanguage":"fr-FR","potentialAction":[{"@type":"ReadAction","target":["https:\/\/interamerica.org\/fr\/2020\/05\/comment-aider-les-victimes-de-violence-durant-le-confinement\/"]}]},{"@type":"ImageObject","inLanguage":"fr-FR","@id":"https:\/\/interamerica.org\/fr\/2020\/05\/comment-aider-les-victimes-de-violence-durant-le-confinement\/#primaryimage","url":"https:\/\/interamerica.org\/wp-content\/uploads\/2020\/05\/violence-iadmedia.jpg","contentUrl":"https:\/\/interamerica.org\/wp-content\/uploads\/2020\/05\/violence-iadmedia.jpg","width":1280,"height":800,"caption":"Une photo de Keila Trejo\/DIA."},{"@type":"BreadcrumbList","@id":"https:\/\/interamerica.org\/fr\/2020\/05\/comment-aider-les-victimes-de-violence-durant-le-confinement\/#breadcrumb","itemListElement":[{"@type":"ListItem","position":1,"name":"Home","item":"https:\/\/interamerica.org\/fr\/"},{"@type":"ListItem","position":2,"name":"Comment aider les victimes de violence durant le confinement"}]},{"@type":"WebSite","@id":"https:\/\/interamerica.org\/fr\/#website","url":"https:\/\/interamerica.org\/fr\/","name":"\u00c9glise Adventiste Du Septieme Jour - Inter Am\u00e9rique Division","description":"","potentialAction":[{"@type":"SearchAction","target":{"@type":"EntryPoint","urlTemplate":"https:\/\/interamerica.org\/fr\/?s={search_term_string}"},"query-input":{"@type":"PropertyValueSpecification","valueRequired":true,"valueName":"search_term_string"}}],"inLanguage":"fr-FR"},{"@type":"Person","@id":"https:\/\/interamerica.org\/fr\/#\/schema\/person\/29998f2bc2d8bd0d38662909289b54f1","name":"libna","image":{"@type":"ImageObject","inLanguage":"fr-FR","@id":"https:\/\/secure.gravatar.com\/avatar\/7c5bd30ae4b47a9ba3c856590957fd1d96dc588bf3ac05719d247e126840331f?s=96&d=mm&r=g","url":"https:\/\/secure.gravatar.com\/avatar\/7c5bd30ae4b47a9ba3c856590957fd1d96dc588bf3ac05719d247e126840331f?s=96&d=mm&r=g","contentUrl":"https:\/\/secure.gravatar.com\/avatar\/7c5bd30ae4b47a9ba3c856590957fd1d96dc588bf3ac05719d247e126840331f?s=96&d=mm&r=g","caption":"libna"}}]}},"_links":{"self":[{"href":"https:\/\/interamerica.org\/fr\/wp-json\/wp\/v2\/posts\/58590","targetHints":{"allow":["GET"]}}],"collection":[{"href":"https:\/\/interamerica.org\/fr\/wp-json\/wp\/v2\/posts"}],"about":[{"href":"https:\/\/interamerica.org\/fr\/wp-json\/wp\/v2\/types\/post"}],"author":[{"embeddable":true,"href":"https:\/\/interamerica.org\/fr\/wp-json\/wp\/v2\/users\/3"}],"replies":[{"embeddable":true,"href":"https:\/\/interamerica.org\/fr\/wp-json\/wp\/v2\/comments?post=58590"}],"version-history":[{"count":0,"href":"https:\/\/interamerica.org\/fr\/wp-json\/wp\/v2\/posts\/58590\/revisions"}],"wp:featuredmedia":[{"embeddable":true,"href":"https:\/\/interamerica.org\/fr\/wp-json\/wp\/v2\/media\/58574"}],"wp:attachment":[{"href":"https:\/\/interamerica.org\/fr\/wp-json\/wp\/v2\/media?parent=58590"}],"wp:term":[{"taxonomy":"category","embeddable":true,"href":"https:\/\/interamerica.org\/fr\/wp-json\/wp\/v2\/categories?post=58590"},{"taxonomy":"post_tag","embeddable":true,"href":"https:\/\/interamerica.org\/fr\/wp-json\/wp\/v2\/tags?post=58590"}],"curies":[{"name":"wp","href":"https:\/\/api.w.org\/{rel}","templated":true}]}}