{"id":58597,"date":"2020-05-10T08:34:11","date_gmt":"2020-05-10T12:34:11","guid":{"rendered":"https:\/\/recursing-golick.147-182-135-0.plesk.page\/?p=58597"},"modified":"2020-05-11T21:11:54","modified_gmt":"2020-05-12T01:11:54","slug":"les-dirigeants-adventistes-saccordent-sur-ladoption-de-mesures-concretes-pour-prevenir-et-traiter-les-cas-dabus-sexuels","status":"publish","type":"post","link":"https:\/\/interamerica.org\/fr\/2020\/05\/les-dirigeants-adventistes-saccordent-sur-ladoption-de-mesures-concretes-pour-prevenir-et-traiter-les-cas-dabus-sexuels\/","title":{"rendered":"Les dirigeants adventistes s\u2019accordent sur l\u2019adoption de mesures concr\u00e8tes pour pr\u00e9venir et traiter les cas d\u2019abus sexuels"},"content":{"rendered":"<p><span class=\"byline-news\">9 Mai 2020 | Silver Spring, Maryland, \u00c9tats-Unis | Par : Marcos Paseggi, <\/span><em><span class=\"byline-news\">Adventist Review<\/span><\/em><\/p>\n<p>\u00c0 maintes reprises, les experts en mati\u00e8re d\u2019abus sexuels nous rappellent que l\u2019une des pires craintes des victimes est ignor\u00e9e lorsqu\u2019ils demandent de l\u2019aide. C\u2019est quelque chose, disent les experts, qui peut entra\u00eener des cons\u00e9quences extr\u00eamement graves et \u00e0 long terme pour la sant\u00e9.<\/p>\n<p>Dans le contexte de la vie de l\u2019\u00e9glise et des organisations confessionnelles, cette faille dans la confiance peut \u00eatre tout simplement d\u00e9vastatrice.<\/p>\n<p>Dans ce contexte, les dirigeants de l\u2019\u00c9glise adventiste du septi\u00e8me jour ont r\u00e9cemment apport\u00e9 des \u00e9l\u00e9ments attestant que les r\u00e9gions (ou divisions) de l\u2019\u00e9glise prennent des mesures concr\u00e8tes pour s\u2019assurer que les organisations et les institutions de l\u2019\u00e9glise travailleront clairement \u00e0 pr\u00e9venir les abus sexuels. Dans le m\u00eame temps, les dirigeants r\u00e9gionaux se sont engag\u00e9s \u00e0 continuer de travailler \u00e0 l\u2019\u00e9laboration de protocoles d\u00e9taill\u00e9s visant \u00e0 pr\u00e9venir ou r\u00e9pondre \u00e0 toute plainte d\u2019abus sexuel dans l\u2019\u00e9glise.<\/p>\n<p>Cette d\u00e9cision est intervenue le 15 avril 2020 \u00e0 la fin d\u2019une discussion anim\u00e9e par zoom suivie d\u2019un vote, lors de la deuxi\u00e8me journ\u00e9e de la Rencontre de Printemps de l\u2019\u00c9glise adventiste, l\u2019une des deux rencontres administratives annuelles de l\u2019\u00e9glise mondiale. En raison de la pand\u00e9mie de COVID-19, les sessions de cette ann\u00e9e r\u00e9unissant des dizaines de dirigeants du monde entier se sont d\u00e9roul\u00e9es enti\u00e8rement en ligne.<\/p>\n<p><strong>Les Abus Sexuels dans l\u2019\u00c9glise<\/strong><\/p>\n<p>\u00ab Malheureusement, notre \u00e9glise n\u2019est pas \u00e0 l\u2019abri des situations d\u2019abus sexuels, \u00bb a d\u00e9clar\u00e9 le secr\u00e9taire adjoint de la Conf\u00e9rence G\u00e9n\u00e9rale, Gary Krause, qui a introduit la discussion sur ce point de l\u2019ordre du jour. Gary Krause a expliqu\u00e9 que l\u2019inclusion de ce point \u00e0 l\u2019ordre du jour est intervenue suite \u00e0 des rapports provenant des divisions de l\u2019\u00e9glise et \u00e0 des discussions qui ont eu lieu lors d\u2019une rencontre des administrateurs de la Conf\u00e9rence G\u00e9n\u00e9rale et des divisions (GCDO). Cet organisme comprend les principaux administrateurs de l\u2019\u00e9glise mondiale et des treize r\u00e9gions eccl\u00e9siales (divisions). Gary Krause a d\u00e9clar\u00e9 que lors de cette session, \u00ab une bonne partie du temps a \u00e9t\u00e9 prise pour \u00e9couter les dirigeants [r\u00e9gionaux]. [L\u2019objectif \u00e9tait de pr\u00e9senter un rapport sur] ce qu\u2019ils font pour pr\u00e9venir les abus sexuels au sein de la structure de l\u2019\u00e9glise dans leurs territoires. \u00bb<\/p>\n<p>Gary Krause a d\u00e9clar\u00e9 qu\u2019il \u00e9tait heureux d\u2019annoncer qu\u2019il y avait des \u00e9l\u00e9ments attestant que chaque division de l\u2019\u00e9glise travaille sur la question et se pr\u00e9pare \u00e0 mettre en place des mesures \u00e9labor\u00e9es pour mettre en \u0153uvre des principes vot\u00e9s de longue date. \u00ab Des protocoles sont en train d\u2019\u00eatre mis en place, \u00bb a-t-il d\u00e9clar\u00e9.<\/p>\n<p>Le pr\u00e9sident de l\u2019\u00c9glise adventiste, Ted N. C. Wilson, a approuv\u00e9, faisant observer que les dirigeants r\u00e9gionaux ont travaill\u00e9 avec les unions locales, aidant \u00e0 sensibiliser les membres \u00e0 la pr\u00e9vention des abus sexuels visant les enfants et les adultes.<\/p>\n<p>C\u2019est dans cette direction qu\u2019il faut aller, a-t-il soulign\u00e9.<\/p>\n<p>\u00ab Nous devons exercer un leadership fort [sur cette question], \u00bb a d\u00e9clar\u00e9 Ted Wilson. \u00ab Nous devons aider les gens \u00e0 comprendre et leur montrer une meilleure voie. \u00bb<\/p>\n<p><strong>Une longue histoire de d\u00e9fense de la cause<\/strong><\/p>\n<p>L\u2019\u00c9glise adventiste du septi\u00e8me jour a une longue histoire de lutte contre les abus sexuels dans l\u2019\u00e9glise, qui s\u2019\u00e9tend sur plusieurs d\u00e9cennies, des ann\u00e9es avant m\u00eame que ce ne soit une chose courante de trouver le sujet \u00e0 la une des journaux, selon ce qu\u2019indiquent les dirigeants. D\u00e8s 1987, les dirigeants de l\u2019\u00e9glise ont vot\u00e9 une <a href=\"https:\/\/www.adventist.org\/articles\/sexual-behavior\/\" target=\"_blank\" rel=\"noopener noreferrer\">D\u00e9claration sur le Comportement Sexuel <\/a>, et en 1990, ils ont ajout\u00e9 une <a href=\"https:\/\/www.adventist.org\/articles\/pornography\/\" target=\"_blank\" rel=\"noopener noreferrer\">D\u00e9claration sur la Pornographie<\/a>.<\/p>\n<p>Au fil des ann\u00e9es, les d\u00e9clarations officielles ont mis davantage l\u2019accent sur des aspects plus sp\u00e9cifiques comme ce fut le cas en 1995 avec la <a href=\"https:\/\/www.adventist.org\/articles\/statement-on-abuse-and-family-violence\/\" target=\"_blank\" rel=\"noopener noreferrer\">D\u00e9claration sur les Abus et la Violence Familiale<\/a>, avec la <a href=\"https:\/\/www.adventist.org\/articles\/family-violence\/\" target=\"_blank\" rel=\"noopener noreferrer\">D\u00e9claration de 1996 sur la Violence Familiale <\/a>, et en 1997 <a href=\"https:\/\/www.adventist.org\/articles\/child-sexual-abuse\/\" target=\"_blank\" rel=\"noopener noreferrer\">la D\u00e9claration sur les Abus Sexuels visant les Enfants<\/a>. Plus tard, en l\u2019an 2000, les dirigeants de l\u2019\u00e9glise ont vot\u00e9 une <a href=\"https:\/\/www.adventist.org\/articles\/female-genital-mutilation\/\" target=\"_blank\" rel=\"noopener noreferrer\">D\u00e9claration sur les Mutilations Sexuelles F\u00e9minines <\/a>, et en 2010, un document sur la <a href=\"https:\/\/www.adventist.org\/articles\/ending-violence-against-women-and-girls\/\" target=\"_blank\" rel=\"noopener noreferrer\">Fin de la Violence contre les Femmes et les Filles<\/a>.<\/p>\n<p>Selon les dirigeants de l\u2019\u00e9glise, plusieurs d\u00e9partements et entit\u00e9s adventistes se sont joints \u00e0 la d\u00e9marche de lutte contre les abus. Pendant des ann\u00e9es, le D\u00e9partement du Minist\u00e8re des Femmes \u00e0 la Conf\u00e9rence G\u00e9n\u00e9rale, l\u2019Agence Adventiste de D\u00e9veloppement et de Secours (ADRA), et d\u2019autres ont lutt\u00e9 contre la violence et les abus \u00e0 l\u2019int\u00e9rieur et \u00e0 l\u2019ext\u00e9rieur de l\u2019\u00e9glise \u00e0 travers diverses initiatives, ont indiqu\u00e9 les dirigeants.<\/p>\n<p>\u00ab Le d\u00e9partement des minist\u00e8res de la sant\u00e9 est engag\u00e9 de mani\u00e8re d\u00e9lib\u00e9r\u00e9e dans ce domaine sp\u00e9cifique, \u00bb a d\u00e9clar\u00e9 Peter Landless, qui dirige ce d\u00e9partement pour l\u2019\u00e9glise mondiale. \u00ab Nous enseignons \u00e0 nos homologues des divisions l\u2019importance de traiter les questions relatives aux abus sexuels, \u00e0 la violence sexuelle et \u00e0 la violence domestique, \u00bb a d\u00e9clar\u00e9 Peter Landless.<\/p>\n<p>Linda Koh, directrice des Minist\u00e8res des Enfants pour l\u2019\u00c9glise adventiste, est du m\u00eame avis.<\/p>\n<p>\u00ab Pendant des ann\u00e9es, nous avons travaill\u00e9 avec des dirigeants pour la s\u00e9curit\u00e9 des enfants, \u00bb a dit Linda Koh, qui a demand\u00e9 aux r\u00e9gions de l\u2019\u00e9glise d\u2019\u00eatre conscientes de l\u2019aspect relatif \u00e0 la maltraitance des enfants lors de leurs discussions sur les abus sexuels.<\/p>\n<p>Le directeur des Minist\u00e8res de l\u2019Aumonerie, Mario Ceballos, a \u00e9galement rappel\u00e9 aux dirigeants du <a href=\"https:\/\/ketteringhealth.org\/kettering\/\" target=\"_blank\" rel=\"noopener noreferrer\">R\u00e9seau Kettering Health <\/a> bas\u00e9 dans l\u2019Ohio, aux \u00c9tats-Unis, une organisation de sant\u00e9 adventiste qui g\u00e8re l\u2019un des rares centres de relation d\u2019aide pour les membres du clerg\u00e9. C\u2019est un service essentiel, a-t-il dit, car \u00ab certaines \u00e9pouses de nos pasteurs sont victimes de violences sexuelles et physiques. \u00bb<\/p>\n<p>L\u2019\u00c9glise adventiste a \u00e9galement une longue histoire de partenariat avec des organisations telles que les Nations Unies pour lutter contre les abus, la violence et la traite des \u00eatres humains, a d\u00e9clar\u00e9 le directeur des Affaires Publiques et de la Libert\u00e9 Religieuse (PARL), Ganoune Diop.<\/p>\n<p>\u00ab Nous sommes impliqu\u00e9s dans cette cause depuis des ann\u00e9es. Les adventistes prennent ce sujet tr\u00e8s au s\u00e9rieux, \u00bb a d\u00e9clar\u00e9 Ganoune Diop.<\/p>\n<p>Malgr\u00e9 ce qui a \u00e9t\u00e9 fait, les dirigeants reconnaissent qu\u2019il reste encore beaucoup de travail \u00e0 faire et croient que les dispositions actuelles aideront \u00e0 ajouter des mesures et des protocoles concrets et concert\u00e9s pour s\u2019attaquer au probl\u00e8me sp\u00e9cifique des abus sexuels dans l\u2019\u00e9glise. \u00ab Nous accordons \u00e0 ce sujet la plus grande priorit\u00e9, \u00bb a d\u00e9clar\u00e9 Ted Wilson.<\/p>\n<p><strong>Une Discussion Anim\u00e9e<\/strong><\/p>\n<p>La discussion sur le \u00ab plancher virtuel \u00bb semblait refl\u00e9ter un consensus de soutien sur la direction que prend l\u2019\u00e9glise, m\u00eame si plusieurs dirigeants ont soulign\u00e9 que l\u2019\u00e9glise pouvait faire beaucoup plus.<\/p>\n<p>\u00ab Merci pour le rapport, \u00bb a d\u00e9clar\u00e9 David Trim, directeur du Bureau des Archives, des Statistiques et de la Recherche (ASTR). \u00ab Cela fait tr\u00e8s plaisir de savoir que l\u2019\u00e9glise reconna\u00eet le probl\u00e8me et s\u2019y attaque. Mais c\u2019est un probl\u00e8me spirituel, et il reste encore beaucoup \u00e0 faire, \u00bb a-t-il ajout\u00e9.<\/p>\n<p>Le co-directeur des Minist\u00e8res de la Famille de l\u2019\u00c9glise adventiste, Willie Oliver, a appuy\u00e9 cette pens\u00e9e.<\/p>\n<p>\u00ab Je voudrais remercier le comit\u00e9 de s\u2019\u00eatre attaqu\u00e9 \u00e0 ce probl\u00e8me, \u00bb a d\u00e9clar\u00e9 Willie Oliver. \u00ab Le fait que nous votions sur la question \u00e0 ce niveau de l\u2019organisation nous aide dans notre travail. Merci pour cette d\u00e9marche visionnaire, alors que nous continuons \u00e0 prier pour que ce cancer soit extirp\u00e9 de notre \u00e9glise. \u00bb<\/p>\n<p>Heather Dawn-Small, qui, en tant que directrice du d\u00e9partement du Minist\u00e8re des Femmes pour l\u2019\u00e9glise mondiale, depuis des ann\u00e9es <a href=\"https:\/\/www.enditnow.org\/\" target=\"_blank\" rel=\"noopener noreferrer\">d\u00e9nonce la violence faite aux femmes et aux enfants<\/a>, a d\u00e9clar\u00e9 que cela s\u2019ajoute aux initiatives de son d\u00e9partement.<\/p>\n<p>\u00ab Je suis heureuse de voir que cette initiative est prise. Voir les dirigeants de notre \u00e9glise prendre ce genre de mesure est encourageant et constitue une affirmation de tout le travail que nous avons d\u00e9j\u00e0 fait, \u00bb a d\u00e9clar\u00e9 Heather Dawn-Small.<\/p>\n<p><strong>Que pourrait-on faire d\u2019autre ?<\/strong><\/p>\n<p>Au cours de la discussion, plusieurs dirigeants ont soulign\u00e9 les autres mesures que l\u2019\u00e9glise pourrait prendre.<\/p>\n<p>Neil Nedley, pr\u00e9sident de l\u2019Institut Weimar et membre la\u00efc du Comit\u00e9 Ex\u00e9cutif de la Conf\u00e9rence G\u00e9n\u00e9rale, a d\u00e9clar\u00e9 que tout commence par les fondements bibliques du sujet. Il a fait remarquer que dans l\u2019ancien Isra\u00ebl, le chapitre de L\u00e9vitique 18 dans la Bible (traitant de l\u2019immoralit\u00e9 sexuelle) \u00e9tait lu chaque ann\u00e9e \u00e0 chaque homme, femme et enfant apr\u00e8s le Jour des Expiations. \u00ab L\u2019objectif \u00e9tait de faire savoir aux enfants ce qui \u00e9tait bien et ce qui mal, \u00bb a-t-il d\u00e9clar\u00e9. \u00ab C\u2019est quelque chose qui s\u2019applique \u00e0 nous aujourd\u2019hui plus que jamais, \u00bb a-t-il ajout\u00e9.<\/p>\n<p>Ted Wilson a observ\u00e9 que les administrateurs du monde entier devraient savoir qu\u2019ils ne peuvent pas continuer \u00e0 employer ou \u00e0 travailler avec des employ\u00e9s qui maltraitent les gens ou en font des victimes. \u00ab Il n\u2019y a aucune raison d\u2019employer des personnes [coupables d\u2019abus], \u00bb a-t-il dit aux membres du comit\u00e9.<\/p>\n<p>Heather Dawn-Small, a \u00e9galement soulign\u00e9 la n\u00e9cessit\u00e9 d\u2019am\u00e9liorer la communication avec les membres qui sont sur les bancs de l\u2019\u00e9glise.<\/p>\n<p>\u00ab Il se passe beaucoup de choses dans l\u2019\u00e9glise, mais nous ne savons peut-\u00eatre pas ce qui se passe. Les gens demandent : \u00ab Que fait la direction de mon \u00e9glise pour faire face \u00e0 ce probl\u00e8me ? \u00bb Apr\u00e8s tant d\u2019ann\u00e9es, les choses ne se passent pas comme il faudrait en termes de communication, \u00bb a-t-elle sugg\u00e9r\u00e9.<\/p>\n<p>Ginger Ketting-Weller, pr\u00e9sidente de l\u2019Institut Adventiste International d\u2019\u00c9tudes Sup\u00e9rieures aux Philippines, a d\u00e9clar\u00e9 que l\u2019\u00e9glise devrait aller plus loin que simplement \u00ab prendre le pouls \u00bb des r\u00e9gions de l\u2019\u00e9glise.<\/p>\n<p>\u00ab Si nous ne donnons pas de formation sur ce que sont les meilleures pratiques, ils ne sauront pas quoi faire, \u00bb a-t-elle d\u00e9clar\u00e9.<\/p>\n<p>Plusieurs des principaux dirigeants qui sont au courant des protocoles r\u00e9gionaux qui sont en train d\u2019\u00eatre r\u00e9dig\u00e9s ont assur\u00e9 aux membres du comit\u00e9 que les r\u00e9gions eccl\u00e9siales avancent r\u00e9solument dans cette direction.<\/p>\n<p>\u00ab Apr\u00e8s avoir entendu les rapports venant des divisions, je suis tr\u00e8s heureux de la direction prise par les divisions, \u00bb a dit Tom Lemon, vice-pr\u00e9sident de l\u2019\u00e9glise mondiale.<\/p>\n<p>Ella Simmons, une autre vice-pr\u00e9sidente de l\u2019\u00e9glise mondiale, allait dans le m\u00eame sens.<\/p>\n<p>\u00ab Je suis grandement soulag\u00e9e et encourag\u00e9e par ce qui a \u00e9t\u00e9 pr\u00e9sent\u00e9 comme la premi\u00e8re \u00e9tape d\u2019une approche globale, car j\u2019ai l\u2019avantage d\u2019avoir les d\u00e9tails compl\u00e9mentaires rapport\u00e9s par les responsables de division, m\u00eame si ce qui a \u00e9t\u00e9 pr\u00e9sent\u00e9 n\u2019est pas tout ce que nous voulons entendre pour le moment, \u00bb a-t-elle dit.<\/p>\n<p>Ted Wilson a conclu que cette discussion marquait le d\u00e9but d\u2019un processus.<\/p>\n<p>\u00ab C\u2019est un chantier en cours, \u00bb a-t-il dit, assurant aux membres du comit\u00e9 que le sujet serait inclus dans les futurs ordres du jour. \u00ab Est-ce la fin ? Non, mais c\u2019est un bon d\u00e9but, \u00bb a-t-il d\u00e9clar\u00e9.<\/p>\n<p>Les membres du comit\u00e9 ont ensuite vot\u00e9 sur l\u2019adoption du rapport sur les progr\u00e8s r\u00e9alis\u00e9s sur la question. Le vote est pass\u00e9 avec 95 voix contre une.<\/p>\n<p>Traduction: Patrick Luciathe<\/p>\n","protected":false},"excerpt":{"rendered":"<p>9 Mai 2020 | Silver Spring, Maryland, \u00c9tats-Unis | Par : Marcos Paseggi, Adventist Review \u00c0 maintes reprises, les experts en mati\u00e8re d\u2019abus sexuels nous rappellent que l\u2019une des pires&#8230;<\/p>\n","protected":false},"author":3,"featured_media":58565,"comment_status":"open","ping_status":"closed","sticky":false,"template":"","format":"standard","meta":{"_acf_changed":false,"footnotes":""},"categories":[18,19],"tags":[],"class_list":["post-58597","post","type-post","status-publish","format-standard","has-post-thumbnail","hentry","category-nouvelles-de-leglise-mondiale","category-rss-francais"],"acf":[],"yoast_head":"<!-- This site is optimized with the Yoast SEO plugin v27.3 - https:\/\/yoast.com\/product\/yoast-seo-wordpress\/ -->\n<title>Les dirigeants adventistes s\u2019accordent sur l\u2019adoption de mesures concr\u00e8tes pour pr\u00e9venir et traiter les cas d\u2019abus sexuels - \u00c9glise Adventiste Du Septieme Jour - Inter Am\u00e9rique Division<\/title>\n<meta name=\"robots\" content=\"index, follow, max-snippet:-1, max-image-preview:large, max-video-preview:-1\" \/>\n<link rel=\"canonical\" href=\"https:\/\/interamerica.org\/fr\/2020\/05\/les-dirigeants-adventistes-saccordent-sur-ladoption-de-mesures-concretes-pour-prevenir-et-traiter-les-cas-dabus-sexuels\/\" \/>\n<meta property=\"og:locale\" content=\"fr_FR\" \/>\n<meta property=\"og:type\" content=\"article\" \/>\n<meta property=\"og:title\" content=\"Les dirigeants adventistes s\u2019accordent sur l\u2019adoption de mesures concr\u00e8tes pour pr\u00e9venir et traiter les cas d\u2019abus sexuels - \u00c9glise Adventiste Du Septieme Jour - Inter Am\u00e9rique Division\" \/>\n<meta property=\"og:description\" content=\"9 Mai 2020 | Silver Spring, Maryland, \u00c9tats-Unis | Par : Marcos Paseggi, Adventist Review \u00c0 maintes reprises, les experts en mati\u00e8re d\u2019abus sexuels nous rappellent que l\u2019une des pires...\" \/>\n<meta property=\"og:url\" content=\"https:\/\/interamerica.org\/fr\/2020\/05\/les-dirigeants-adventistes-saccordent-sur-ladoption-de-mesures-concretes-pour-prevenir-et-traiter-les-cas-dabus-sexuels\/\" \/>\n<meta property=\"og:site_name\" content=\"\u00c9glise Adventiste Du Septieme Jour - Inter Am\u00e9rique Division\" \/>\n<meta property=\"article:published_time\" content=\"2020-05-10T12:34:11+00:00\" \/>\n<meta property=\"article:modified_time\" content=\"2020-05-12T01:11:54+00:00\" \/>\n<meta property=\"og:image\" content=\"https:\/\/interamerica.org\/wp-content\/uploads\/2020\/05\/adventist-leaders-agree-on-concrete-steps-to-prevent-treat-sexual-abuse.jpg\" \/>\n\t<meta property=\"og:image:width\" content=\"1000\" \/>\n\t<meta property=\"og:image:height\" content=\"500\" \/>\n\t<meta property=\"og:image:type\" content=\"image\/jpeg\" \/>\n<meta name=\"author\" content=\"libna\" \/>\n<meta name=\"twitter:card\" content=\"summary_large_image\" \/>\n<meta name=\"twitter:label1\" content=\"\u00c9crit par\" \/>\n\t<meta name=\"twitter:data1\" content=\"libna\" \/>\n\t<meta name=\"twitter:label2\" content=\"Dur\u00e9e de lecture estim\u00e9e\" \/>\n\t<meta name=\"twitter:data2\" content=\"10 minutes\" \/>\n<script type=\"application\/ld+json\" class=\"yoast-schema-graph\">{\"@context\":\"https:\\\/\\\/schema.org\",\"@graph\":[{\"@type\":\"Article\",\"@id\":\"https:\\\/\\\/interamerica.org\\\/fr\\\/2020\\\/05\\\/les-dirigeants-adventistes-saccordent-sur-ladoption-de-mesures-concretes-pour-prevenir-et-traiter-les-cas-dabus-sexuels\\\/#article\",\"isPartOf\":{\"@id\":\"https:\\\/\\\/interamerica.org\\\/fr\\\/2020\\\/05\\\/les-dirigeants-adventistes-saccordent-sur-ladoption-de-mesures-concretes-pour-prevenir-et-traiter-les-cas-dabus-sexuels\\\/\"},\"author\":{\"name\":\"libna\",\"@id\":\"https:\\\/\\\/interamerica.org\\\/fr\\\/#\\\/schema\\\/person\\\/29998f2bc2d8bd0d38662909289b54f1\"},\"headline\":\"Les dirigeants adventistes s\u2019accordent sur l\u2019adoption de mesures concr\u00e8tes pour pr\u00e9venir et traiter les cas d\u2019abus sexuels\",\"datePublished\":\"2020-05-10T12:34:11+00:00\",\"dateModified\":\"2020-05-12T01:11:54+00:00\",\"mainEntityOfPage\":{\"@id\":\"https:\\\/\\\/interamerica.org\\\/fr\\\/2020\\\/05\\\/les-dirigeants-adventistes-saccordent-sur-ladoption-de-mesures-concretes-pour-prevenir-et-traiter-les-cas-dabus-sexuels\\\/\"},\"wordCount\":2003,\"commentCount\":0,\"image\":{\"@id\":\"https:\\\/\\\/interamerica.org\\\/fr\\\/2020\\\/05\\\/les-dirigeants-adventistes-saccordent-sur-ladoption-de-mesures-concretes-pour-prevenir-et-traiter-les-cas-dabus-sexuels\\\/#primaryimage\"},\"thumbnailUrl\":\"https:\\\/\\\/interamerica.org\\\/wp-content\\\/uploads\\\/2020\\\/05\\\/adventist-leaders-agree-on-concrete-steps-to-prevent-treat-sexual-abuse.jpg\",\"articleSection\":[\"Nouvelles de l'\u00c9glise mondiale\",\"RSS Fran\u00e7ais\"],\"inLanguage\":\"fr-FR\",\"potentialAction\":[{\"@type\":\"CommentAction\",\"name\":\"Comment\",\"target\":[\"https:\\\/\\\/interamerica.org\\\/fr\\\/2020\\\/05\\\/les-dirigeants-adventistes-saccordent-sur-ladoption-de-mesures-concretes-pour-prevenir-et-traiter-les-cas-dabus-sexuels\\\/#respond\"]}]},{\"@type\":\"WebPage\",\"@id\":\"https:\\\/\\\/interamerica.org\\\/fr\\\/2020\\\/05\\\/les-dirigeants-adventistes-saccordent-sur-ladoption-de-mesures-concretes-pour-prevenir-et-traiter-les-cas-dabus-sexuels\\\/\",\"url\":\"https:\\\/\\\/interamerica.org\\\/fr\\\/2020\\\/05\\\/les-dirigeants-adventistes-saccordent-sur-ladoption-de-mesures-concretes-pour-prevenir-et-traiter-les-cas-dabus-sexuels\\\/\",\"name\":\"Les dirigeants adventistes s\u2019accordent sur l\u2019adoption de mesures concr\u00e8tes pour pr\u00e9venir et traiter les cas d\u2019abus sexuels - \u00c9glise Adventiste Du Septieme Jour - Inter Am\u00e9rique Division\",\"isPartOf\":{\"@id\":\"https:\\\/\\\/interamerica.org\\\/fr\\\/#website\"},\"primaryImageOfPage\":{\"@id\":\"https:\\\/\\\/interamerica.org\\\/fr\\\/2020\\\/05\\\/les-dirigeants-adventistes-saccordent-sur-ladoption-de-mesures-concretes-pour-prevenir-et-traiter-les-cas-dabus-sexuels\\\/#primaryimage\"},\"image\":{\"@id\":\"https:\\\/\\\/interamerica.org\\\/fr\\\/2020\\\/05\\\/les-dirigeants-adventistes-saccordent-sur-ladoption-de-mesures-concretes-pour-prevenir-et-traiter-les-cas-dabus-sexuels\\\/#primaryimage\"},\"thumbnailUrl\":\"https:\\\/\\\/interamerica.org\\\/wp-content\\\/uploads\\\/2020\\\/05\\\/adventist-leaders-agree-on-concrete-steps-to-prevent-treat-sexual-abuse.jpg\",\"datePublished\":\"2020-05-10T12:34:11+00:00\",\"dateModified\":\"2020-05-12T01:11:54+00:00\",\"author\":{\"@id\":\"https:\\\/\\\/interamerica.org\\\/fr\\\/#\\\/schema\\\/person\\\/29998f2bc2d8bd0d38662909289b54f1\"},\"breadcrumb\":{\"@id\":\"https:\\\/\\\/interamerica.org\\\/fr\\\/2020\\\/05\\\/les-dirigeants-adventistes-saccordent-sur-ladoption-de-mesures-concretes-pour-prevenir-et-traiter-les-cas-dabus-sexuels\\\/#breadcrumb\"},\"inLanguage\":\"fr-FR\",\"potentialAction\":[{\"@type\":\"ReadAction\",\"target\":[\"https:\\\/\\\/interamerica.org\\\/fr\\\/2020\\\/05\\\/les-dirigeants-adventistes-saccordent-sur-ladoption-de-mesures-concretes-pour-prevenir-et-traiter-les-cas-dabus-sexuels\\\/\"]}]},{\"@type\":\"ImageObject\",\"inLanguage\":\"fr-FR\",\"@id\":\"https:\\\/\\\/interamerica.org\\\/fr\\\/2020\\\/05\\\/les-dirigeants-adventistes-saccordent-sur-ladoption-de-mesures-concretes-pour-prevenir-et-traiter-les-cas-dabus-sexuels\\\/#primaryimage\",\"url\":\"https:\\\/\\\/interamerica.org\\\/wp-content\\\/uploads\\\/2020\\\/05\\\/adventist-leaders-agree-on-concrete-steps-to-prevent-treat-sexual-abuse.jpg\",\"contentUrl\":\"https:\\\/\\\/interamerica.org\\\/wp-content\\\/uploads\\\/2020\\\/05\\\/adventist-leaders-agree-on-concrete-steps-to-prevent-treat-sexual-abuse.jpg\",\"width\":1000,\"height\":500},{\"@type\":\"BreadcrumbList\",\"@id\":\"https:\\\/\\\/interamerica.org\\\/fr\\\/2020\\\/05\\\/les-dirigeants-adventistes-saccordent-sur-ladoption-de-mesures-concretes-pour-prevenir-et-traiter-les-cas-dabus-sexuels\\\/#breadcrumb\",\"itemListElement\":[{\"@type\":\"ListItem\",\"position\":1,\"name\":\"Home\",\"item\":\"https:\\\/\\\/interamerica.org\\\/fr\\\/\"},{\"@type\":\"ListItem\",\"position\":2,\"name\":\"Les dirigeants adventistes s\u2019accordent sur l\u2019adoption de mesures concr\u00e8tes pour pr\u00e9venir et traiter les cas d\u2019abus sexuels\"}]},{\"@type\":\"WebSite\",\"@id\":\"https:\\\/\\\/interamerica.org\\\/fr\\\/#website\",\"url\":\"https:\\\/\\\/interamerica.org\\\/fr\\\/\",\"name\":\"\u00c9glise Adventiste Du Septieme Jour - Inter Am\u00e9rique Division\",\"description\":\"\",\"potentialAction\":[{\"@type\":\"SearchAction\",\"target\":{\"@type\":\"EntryPoint\",\"urlTemplate\":\"https:\\\/\\\/interamerica.org\\\/fr\\\/?s={search_term_string}\"},\"query-input\":{\"@type\":\"PropertyValueSpecification\",\"valueRequired\":true,\"valueName\":\"search_term_string\"}}],\"inLanguage\":\"fr-FR\"},{\"@type\":\"Person\",\"@id\":\"https:\\\/\\\/interamerica.org\\\/fr\\\/#\\\/schema\\\/person\\\/29998f2bc2d8bd0d38662909289b54f1\",\"name\":\"libna\",\"image\":{\"@type\":\"ImageObject\",\"inLanguage\":\"fr-FR\",\"@id\":\"https:\\\/\\\/secure.gravatar.com\\\/avatar\\\/7c5bd30ae4b47a9ba3c856590957fd1d96dc588bf3ac05719d247e126840331f?s=96&d=mm&r=g\",\"url\":\"https:\\\/\\\/secure.gravatar.com\\\/avatar\\\/7c5bd30ae4b47a9ba3c856590957fd1d96dc588bf3ac05719d247e126840331f?s=96&d=mm&r=g\",\"contentUrl\":\"https:\\\/\\\/secure.gravatar.com\\\/avatar\\\/7c5bd30ae4b47a9ba3c856590957fd1d96dc588bf3ac05719d247e126840331f?s=96&d=mm&r=g\",\"caption\":\"libna\"}}]}<\/script>\n<!-- \/ Yoast SEO plugin. -->","yoast_head_json":{"title":"Les dirigeants adventistes s\u2019accordent sur l\u2019adoption de mesures concr\u00e8tes pour pr\u00e9venir et traiter les cas d\u2019abus sexuels - \u00c9glise Adventiste Du Septieme Jour - Inter Am\u00e9rique Division","robots":{"index":"index","follow":"follow","max-snippet":"max-snippet:-1","max-image-preview":"max-image-preview:large","max-video-preview":"max-video-preview:-1"},"canonical":"https:\/\/interamerica.org\/fr\/2020\/05\/les-dirigeants-adventistes-saccordent-sur-ladoption-de-mesures-concretes-pour-prevenir-et-traiter-les-cas-dabus-sexuels\/","og_locale":"fr_FR","og_type":"article","og_title":"Les dirigeants adventistes s\u2019accordent sur l\u2019adoption de mesures concr\u00e8tes pour pr\u00e9venir et traiter les cas d\u2019abus sexuels - \u00c9glise Adventiste Du Septieme Jour - Inter Am\u00e9rique Division","og_description":"9 Mai 2020 | Silver Spring, Maryland, \u00c9tats-Unis | Par : Marcos Paseggi, Adventist Review \u00c0 maintes reprises, les experts en mati\u00e8re d\u2019abus sexuels nous rappellent que l\u2019une des pires...","og_url":"https:\/\/interamerica.org\/fr\/2020\/05\/les-dirigeants-adventistes-saccordent-sur-ladoption-de-mesures-concretes-pour-prevenir-et-traiter-les-cas-dabus-sexuels\/","og_site_name":"\u00c9glise Adventiste Du Septieme Jour - Inter Am\u00e9rique Division","article_published_time":"2020-05-10T12:34:11+00:00","article_modified_time":"2020-05-12T01:11:54+00:00","og_image":[{"width":1000,"height":500,"url":"https:\/\/interamerica.org\/wp-content\/uploads\/2020\/05\/adventist-leaders-agree-on-concrete-steps-to-prevent-treat-sexual-abuse.jpg","type":"image\/jpeg"}],"author":"libna","twitter_card":"summary_large_image","twitter_misc":{"\u00c9crit par":"libna","Dur\u00e9e de lecture estim\u00e9e":"10 minutes"},"schema":{"@context":"https:\/\/schema.org","@graph":[{"@type":"Article","@id":"https:\/\/interamerica.org\/fr\/2020\/05\/les-dirigeants-adventistes-saccordent-sur-ladoption-de-mesures-concretes-pour-prevenir-et-traiter-les-cas-dabus-sexuels\/#article","isPartOf":{"@id":"https:\/\/interamerica.org\/fr\/2020\/05\/les-dirigeants-adventistes-saccordent-sur-ladoption-de-mesures-concretes-pour-prevenir-et-traiter-les-cas-dabus-sexuels\/"},"author":{"name":"libna","@id":"https:\/\/interamerica.org\/fr\/#\/schema\/person\/29998f2bc2d8bd0d38662909289b54f1"},"headline":"Les dirigeants adventistes s\u2019accordent sur l\u2019adoption de mesures concr\u00e8tes pour pr\u00e9venir et traiter les cas d\u2019abus sexuels","datePublished":"2020-05-10T12:34:11+00:00","dateModified":"2020-05-12T01:11:54+00:00","mainEntityOfPage":{"@id":"https:\/\/interamerica.org\/fr\/2020\/05\/les-dirigeants-adventistes-saccordent-sur-ladoption-de-mesures-concretes-pour-prevenir-et-traiter-les-cas-dabus-sexuels\/"},"wordCount":2003,"commentCount":0,"image":{"@id":"https:\/\/interamerica.org\/fr\/2020\/05\/les-dirigeants-adventistes-saccordent-sur-ladoption-de-mesures-concretes-pour-prevenir-et-traiter-les-cas-dabus-sexuels\/#primaryimage"},"thumbnailUrl":"https:\/\/interamerica.org\/wp-content\/uploads\/2020\/05\/adventist-leaders-agree-on-concrete-steps-to-prevent-treat-sexual-abuse.jpg","articleSection":["Nouvelles de l'\u00c9glise mondiale","RSS Fran\u00e7ais"],"inLanguage":"fr-FR","potentialAction":[{"@type":"CommentAction","name":"Comment","target":["https:\/\/interamerica.org\/fr\/2020\/05\/les-dirigeants-adventistes-saccordent-sur-ladoption-de-mesures-concretes-pour-prevenir-et-traiter-les-cas-dabus-sexuels\/#respond"]}]},{"@type":"WebPage","@id":"https:\/\/interamerica.org\/fr\/2020\/05\/les-dirigeants-adventistes-saccordent-sur-ladoption-de-mesures-concretes-pour-prevenir-et-traiter-les-cas-dabus-sexuels\/","url":"https:\/\/interamerica.org\/fr\/2020\/05\/les-dirigeants-adventistes-saccordent-sur-ladoption-de-mesures-concretes-pour-prevenir-et-traiter-les-cas-dabus-sexuels\/","name":"Les dirigeants adventistes s\u2019accordent sur l\u2019adoption de mesures concr\u00e8tes pour pr\u00e9venir et traiter les cas d\u2019abus sexuels - \u00c9glise Adventiste Du Septieme Jour - Inter Am\u00e9rique Division","isPartOf":{"@id":"https:\/\/interamerica.org\/fr\/#website"},"primaryImageOfPage":{"@id":"https:\/\/interamerica.org\/fr\/2020\/05\/les-dirigeants-adventistes-saccordent-sur-ladoption-de-mesures-concretes-pour-prevenir-et-traiter-les-cas-dabus-sexuels\/#primaryimage"},"image":{"@id":"https:\/\/interamerica.org\/fr\/2020\/05\/les-dirigeants-adventistes-saccordent-sur-ladoption-de-mesures-concretes-pour-prevenir-et-traiter-les-cas-dabus-sexuels\/#primaryimage"},"thumbnailUrl":"https:\/\/interamerica.org\/wp-content\/uploads\/2020\/05\/adventist-leaders-agree-on-concrete-steps-to-prevent-treat-sexual-abuse.jpg","datePublished":"2020-05-10T12:34:11+00:00","dateModified":"2020-05-12T01:11:54+00:00","author":{"@id":"https:\/\/interamerica.org\/fr\/#\/schema\/person\/29998f2bc2d8bd0d38662909289b54f1"},"breadcrumb":{"@id":"https:\/\/interamerica.org\/fr\/2020\/05\/les-dirigeants-adventistes-saccordent-sur-ladoption-de-mesures-concretes-pour-prevenir-et-traiter-les-cas-dabus-sexuels\/#breadcrumb"},"inLanguage":"fr-FR","potentialAction":[{"@type":"ReadAction","target":["https:\/\/interamerica.org\/fr\/2020\/05\/les-dirigeants-adventistes-saccordent-sur-ladoption-de-mesures-concretes-pour-prevenir-et-traiter-les-cas-dabus-sexuels\/"]}]},{"@type":"ImageObject","inLanguage":"fr-FR","@id":"https:\/\/interamerica.org\/fr\/2020\/05\/les-dirigeants-adventistes-saccordent-sur-ladoption-de-mesures-concretes-pour-prevenir-et-traiter-les-cas-dabus-sexuels\/#primaryimage","url":"https:\/\/interamerica.org\/wp-content\/uploads\/2020\/05\/adventist-leaders-agree-on-concrete-steps-to-prevent-treat-sexual-abuse.jpg","contentUrl":"https:\/\/interamerica.org\/wp-content\/uploads\/2020\/05\/adventist-leaders-agree-on-concrete-steps-to-prevent-treat-sexual-abuse.jpg","width":1000,"height":500},{"@type":"BreadcrumbList","@id":"https:\/\/interamerica.org\/fr\/2020\/05\/les-dirigeants-adventistes-saccordent-sur-ladoption-de-mesures-concretes-pour-prevenir-et-traiter-les-cas-dabus-sexuels\/#breadcrumb","itemListElement":[{"@type":"ListItem","position":1,"name":"Home","item":"https:\/\/interamerica.org\/fr\/"},{"@type":"ListItem","position":2,"name":"Les dirigeants adventistes s\u2019accordent sur l\u2019adoption de mesures concr\u00e8tes pour pr\u00e9venir et traiter les cas d\u2019abus sexuels"}]},{"@type":"WebSite","@id":"https:\/\/interamerica.org\/fr\/#website","url":"https:\/\/interamerica.org\/fr\/","name":"\u00c9glise Adventiste Du Septieme Jour - Inter Am\u00e9rique Division","description":"","potentialAction":[{"@type":"SearchAction","target":{"@type":"EntryPoint","urlTemplate":"https:\/\/interamerica.org\/fr\/?s={search_term_string}"},"query-input":{"@type":"PropertyValueSpecification","valueRequired":true,"valueName":"search_term_string"}}],"inLanguage":"fr-FR"},{"@type":"Person","@id":"https:\/\/interamerica.org\/fr\/#\/schema\/person\/29998f2bc2d8bd0d38662909289b54f1","name":"libna","image":{"@type":"ImageObject","inLanguage":"fr-FR","@id":"https:\/\/secure.gravatar.com\/avatar\/7c5bd30ae4b47a9ba3c856590957fd1d96dc588bf3ac05719d247e126840331f?s=96&d=mm&r=g","url":"https:\/\/secure.gravatar.com\/avatar\/7c5bd30ae4b47a9ba3c856590957fd1d96dc588bf3ac05719d247e126840331f?s=96&d=mm&r=g","contentUrl":"https:\/\/secure.gravatar.com\/avatar\/7c5bd30ae4b47a9ba3c856590957fd1d96dc588bf3ac05719d247e126840331f?s=96&d=mm&r=g","caption":"libna"}}]}},"_links":{"self":[{"href":"https:\/\/interamerica.org\/fr\/wp-json\/wp\/v2\/posts\/58597","targetHints":{"allow":["GET"]}}],"collection":[{"href":"https:\/\/interamerica.org\/fr\/wp-json\/wp\/v2\/posts"}],"about":[{"href":"https:\/\/interamerica.org\/fr\/wp-json\/wp\/v2\/types\/post"}],"author":[{"embeddable":true,"href":"https:\/\/interamerica.org\/fr\/wp-json\/wp\/v2\/users\/3"}],"replies":[{"embeddable":true,"href":"https:\/\/interamerica.org\/fr\/wp-json\/wp\/v2\/comments?post=58597"}],"version-history":[{"count":0,"href":"https:\/\/interamerica.org\/fr\/wp-json\/wp\/v2\/posts\/58597\/revisions"}],"wp:featuredmedia":[{"embeddable":true,"href":"https:\/\/interamerica.org\/fr\/wp-json\/wp\/v2\/media\/58565"}],"wp:attachment":[{"href":"https:\/\/interamerica.org\/fr\/wp-json\/wp\/v2\/media?parent=58597"}],"wp:term":[{"taxonomy":"category","embeddable":true,"href":"https:\/\/interamerica.org\/fr\/wp-json\/wp\/v2\/categories?post=58597"},{"taxonomy":"post_tag","embeddable":true,"href":"https:\/\/interamerica.org\/fr\/wp-json\/wp\/v2\/tags?post=58597"}],"curies":[{"name":"wp","href":"https:\/\/api.w.org\/{rel}","templated":true}]}}