{"id":58672,"date":"2020-05-12T17:37:34","date_gmt":"2020-05-12T21:37:34","guid":{"rendered":"https:\/\/recursing-golick.147-182-135-0.plesk.page\/?p=58672"},"modified":"2020-05-13T13:06:51","modified_gmt":"2020-05-13T17:06:51","slug":"joyeux-jour-de-la-terre","status":"publish","type":"post","link":"https:\/\/interamerica.org\/fr\/2020\/05\/joyeux-jour-de-la-terre\/","title":{"rendered":"Joyeux Jour de la Terre!"},"content":{"rendered":"<p><span class=\"byline-news\"><span lang=\"FR-CA\">Le 12 mai 2020 | Silver Spring, Maryland, \u00c9tats-Unis | Stephen Chavez<\/span><\/span><\/p>\n<p><span class=\"smallcap\"><span lang=\"FR-CA\">Si le coronavirus n\u2019avait pas d\u00e9tourn\u00e9 toutes les nouvelles au cours des deux derniers mois, nous aurions pu observer plus ad\u00e9quatement le cinquanti\u00e8me anniversaire du Jour de la Terre le 22\u00a0avril dernier.<\/span><\/span><\/p>\n<p><span class=\"smallcap\"><span lang=\"FR-CA\">Je sais que pour beaucoup, le Jour de la Terre porte plus de bagage qu\u2019un p\u00e9trolier g\u00e9ant rempli de p\u00e9trole brut du Moyen-Orient. Mais pour les gens qui c\u00e9l\u00e8brent chaque semaine le Cr\u00e9ateur et sa \u00ab\u00a0tr\u00e8s bonne\u00a0\u00bb cr\u00e9ation, il est totalement appropri\u00e9 de parler du chemin parcouru au cours des 50\u00a0derni\u00e8res ann\u00e9es pour purifier l\u2019air et l\u2019eau, pour produire de l\u2019\u00e9nergie renouvelable et atteindre l\u2019\u00e9galit\u00e9 \u00e9conomique. <\/span><\/span><\/p>\n<p><span class=\"smallcap\"><span lang=\"FR-CA\">Ayant grandi dans le sud de la Californie dans les ann\u00e9es\u00a01960 et 1970, je me souviens tr\u00e8s bien de la pollution de l\u2019air qui couvrait le bassin de Los Angeles et l\u2019Inland Empire de San Bernardino. Apr\u00e8s \u00eatre rentr\u00e9 de l\u2019\u00e9cole \u00e0 v\u00e9lo, je m\u2019effondrais souvent sur mon lit, les poumons br\u00fblants \u00e0 cause du smog.<\/span><\/span><\/p>\n<p><span class=\"smallcap\"><span lang=\"FR-CA\">Il y a 50\u00a0ans, l\u2019usage intempestif de pesticides a mis des esp\u00e8ces compl\u00e8tes d\u2019oiseaux et d\u2019animaux \u00e0 risque. Des produits chimiques \u00e9vacu\u00e9s de mani\u00e8re inad\u00e9quate ont contamin\u00e9 des sols de mani\u00e8re permanente et \u00ab\u00a0mis le feu\u00a0\u00bb \u00e0 certaines rivi\u00e8res. Le recyclage \u00e9tait une id\u00e9e folle absolument inutile dans un pays dont les ressources naturelles \u00e9taient \u00ab\u00a0illimit\u00e9es\u00a0\u00bb.<\/span><\/span><\/p>\n<p><span class=\"smallcap\"><span lang=\"FR-CA\">Cette image d\u2019une sph\u00e8re bleu et gris prise de l\u2019espace peut avoir contribu\u00e9 \u00e0 ce rappel dor\u00e9navant incessant que la plan\u00e8te a besoin qu\u2019on prenne soin d\u2019elle, ce qui n\u2019\u00e9tonne certainement pas ceux qui se souviennent d\u2019avoir lu ceci dans la Gen\u00e8se\u00a0: \u00ab\u00a0Dieu vit tout ce qu\u2019il avait fait et voici, cela \u00e9tait tr\u00e8s bon.\u00a0\u00bb (<a href=\"https:\/\/www.biblegateway.com\/passage\/?search=Gen%C3%A8se+1.31&amp;version=LSG\">1:31<\/a>)<\/span><\/span><\/p>\n<p><span class=\"smallcap\"><span lang=\"FR-CA\">De nos premiers parents, il est \u00e9galement \u00e9crit, \u00ab\u00a0Puis l\u2019\u00c9ternel Dieu planta un jardin en \u00c9den, du c\u00f4t\u00e9 de l\u2019orient, et il y mit l\u2019homme qu\u2019il avait form\u00e9\u2026 L\u2019\u00c9ternel Dieu\u2026 le pla\u00e7a dans le jardin d\u2019\u00c9den pour le cultiver et pour le garder.\u00a0\u00bb <\/span><\/span><span class=\"smallcap\">(<\/span><a href=\"https:\/\/www.biblegateway.com\/passage\/?search=Gen%C3%A8se+2.8&amp;version=LSG\">2:8<\/a><span class=\"smallcap\">, <\/span><a href=\"https:\/\/www.biblegateway.com\/passage\/?search=Gen%C3%A8se+2.15&amp;version=LSG\">15<\/a><span class=\"smallcap\">)<\/span><\/p>\n<p><span class=\"smallcap\"><span lang=\"FR-CA\">Cela ne veut pas dire que nous devrions tous \u00eatre des jardiniers ou m\u00eame avoir le pouce vert, mais simplement que pour le moment, \u00ab\u00a0nous vivons dans ce monde\u00a0\u00bb et avons la responsabilit\u00e9, comme peuple de Dieu, de pr\u00e9server cette plan\u00e8te comme de bons intendants.<\/span><\/span><\/p>\n<p><span class=\"smallcap\"><span lang=\"FR-CA\">Les 50\u00a0derni\u00e8res ann\u00e9es ont vu beaucoup de progr\u00e8s dans la fa\u00e7on dont nous traitons notre plan\u00e8te. La pollution de l\u2019air diminue dans la plupart des grandes villes d\u2019Am\u00e9rique du Nord, d\u2019Europe et du Pacifique Sud. La pratique du recyclage est en hausse, r\u00e9duisant notre besoin de ressources naturelles non renouvelables. Les types d\u2019\u00e9nergie durable (\u00e9olienne, solaire, hydraulique) sont de plus en plus accessibles, efficaces et abordables. Les multinationales tentent de r\u00e9duire leur empreinte \u00e9cologique. Voil\u00e0 toutes des choses dont nous, les cr\u00e9ationnistes, pouvons nous r\u00e9jouir.<\/span><\/span><\/p>\n<p><span lang=\"FR-CA\">Mais nous pouvons en faire plus.<\/span><\/p>\n<p><span lang=\"FR-CA\">De vastes populations des pays en d\u00e9veloppement ont peu d\u2019acc\u00e8s \u00e0 l\u2019eau potable et \u00e0 l\u2019air non pollu\u00e9. Et rien n\u2019excuse les d\u00e9chets et les ordures qui souillent nos c\u00f4tes, nos rivi\u00e8res, nos ruisseaux et nos autoroutes. Les petits gestes, comme se d\u00e9placer \u00e0 pied, \u00e0 v\u00e9lo et en transport en commun plut\u00f4t qu\u2019en voiture; utiliser des sacs et des bouteilles d\u2019eau r\u00e9utilisables plut\u00f4t qu\u2019en plastique; donner du temps chaque semaine pour ramasser les d\u00e9tritus le long d\u2019une rue ou d\u2019une autoroute, peuvent nous sembler insignifiants, mais ils s\u2019additionnent pour avoir un effet consid\u00e9rable.<\/span><\/p>\n<p><span lang=\"FR-CA\">Il n\u2019est pas n\u00e9cessaire de croire aux changements climatiques pour remarquer la d\u00e9vastation caus\u00e9e par les feux de for\u00eat qui consument presque tout sur leur passage, les typhons et les ouragans qui laissent derri\u00e8re eux de vastes zones enti\u00e8rement d\u00e9truites. Peut-\u00eatre ces ph\u00e9nom\u00e8nes sont-ils in\u00e9vitables sur une plan\u00e8te maudite par le p\u00e9ch\u00e9. Mais comme J\u00e9sus nous a rachet\u00e9s pour nous restaurer \u00e0 l\u2019image de Dieu, notre respect de la plan\u00e8te d\u00e9montre notre engagement \u00e0 faire sa volont\u00e9 sur sa \u00ab\u00a0tr\u00e8s bonne\u00a0\u00bb cr\u00e9ation.<\/span><\/p>\n<p><span lang=\"FR-CA\">Nous n\u2019avions pas besoin d\u2019un Jour de la Terre pour nous apprendre cela, mais les 50\u00a0derni\u00e8res c\u00e9l\u00e9brations ont tout de m\u00eame servi d\u2019utiles rappels.<\/span><\/p>\n<p><strong><span lang=\"FR-CA\">Stephen Chavez<\/span><\/strong><span class=\"apple-converted-space\"><i><span lang=\"FR-CA\">\u00a0<\/span><\/i><\/span><em><span lang=\"FR-CA\">est un r\u00e9dacteur adjoint d\u2019<\/span><\/em><span lang=\"FR-CA\">Adventist Review<em>.<\/em><\/span><\/p>\n<p>Traduction : Marie-Mich\u00e8le Robitaille<\/p>\n","protected":false},"excerpt":{"rendered":"<p>Le 12 mai 2020 | Silver Spring, Maryland, \u00c9tats-Unis | Stephen Chavez Si le coronavirus n\u2019avait pas d\u00e9tourn\u00e9 toutes les nouvelles au cours des deux derniers mois, nous aurions pu&#8230;<\/p>\n","protected":false},"author":3,"featured_media":58629,"comment_status":"open","ping_status":"closed","sticky":false,"template":"","format":"standard","meta":{"_acf_changed":false,"footnotes":""},"categories":[18,19],"tags":[],"class_list":["post-58672","post","type-post","status-publish","format-standard","has-post-thumbnail","hentry","category-nouvelles-de-leglise-mondiale","category-rss-francais"],"acf":[],"yoast_head":"<!-- This site is optimized with the Yoast SEO plugin v27.3 - https:\/\/yoast.com\/product\/yoast-seo-wordpress\/ -->\n<title>Joyeux Jour de la Terre! - \u00c9glise Adventiste Du Septieme Jour - Inter Am\u00e9rique Division<\/title>\n<meta name=\"robots\" content=\"index, follow, max-snippet:-1, max-image-preview:large, max-video-preview:-1\" \/>\n<link rel=\"canonical\" href=\"https:\/\/interamerica.org\/fr\/2020\/05\/joyeux-jour-de-la-terre\/\" \/>\n<meta property=\"og:locale\" content=\"fr_FR\" \/>\n<meta property=\"og:type\" content=\"article\" \/>\n<meta property=\"og:title\" content=\"Joyeux Jour de la Terre! - \u00c9glise Adventiste Du Septieme Jour - Inter Am\u00e9rique Division\" \/>\n<meta property=\"og:description\" content=\"Le 12 mai 2020 | Silver Spring, Maryland, \u00c9tats-Unis | Stephen Chavez Si le coronavirus n\u2019avait pas d\u00e9tourn\u00e9 toutes les nouvelles au cours des deux derniers mois, nous aurions pu...\" \/>\n<meta property=\"og:url\" content=\"https:\/\/interamerica.org\/fr\/2020\/05\/joyeux-jour-de-la-terre\/\" \/>\n<meta property=\"og:site_name\" content=\"\u00c9glise Adventiste Du Septieme Jour - Inter Am\u00e9rique Division\" \/>\n<meta property=\"article:published_time\" content=\"2020-05-12T21:37:34+00:00\" \/>\n<meta property=\"article:modified_time\" content=\"2020-05-13T17:06:51+00:00\" \/>\n<meta property=\"og:image\" content=\"https:\/\/interamerica.org\/wp-content\/uploads\/2020\/05\/earth-1617121-1920.jpg\" \/>\n\t<meta property=\"og:image:width\" content=\"1280\" \/>\n\t<meta property=\"og:image:height\" content=\"800\" \/>\n\t<meta property=\"og:image:type\" content=\"image\/jpeg\" \/>\n<meta name=\"author\" content=\"libna\" \/>\n<meta name=\"twitter:card\" content=\"summary_large_image\" \/>\n<meta name=\"twitter:label1\" content=\"\u00c9crit par\" \/>\n\t<meta name=\"twitter:data1\" content=\"libna\" \/>\n\t<meta name=\"twitter:label2\" content=\"Dur\u00e9e de lecture estim\u00e9e\" \/>\n\t<meta name=\"twitter:data2\" content=\"4 minutes\" \/>\n<script type=\"application\/ld+json\" class=\"yoast-schema-graph\">{\"@context\":\"https:\\\/\\\/schema.org\",\"@graph\":[{\"@type\":\"Article\",\"@id\":\"https:\\\/\\\/interamerica.org\\\/fr\\\/2020\\\/05\\\/joyeux-jour-de-la-terre\\\/#article\",\"isPartOf\":{\"@id\":\"https:\\\/\\\/interamerica.org\\\/fr\\\/2020\\\/05\\\/joyeux-jour-de-la-terre\\\/\"},\"author\":{\"name\":\"libna\",\"@id\":\"https:\\\/\\\/interamerica.org\\\/fr\\\/#\\\/schema\\\/person\\\/29998f2bc2d8bd0d38662909289b54f1\"},\"headline\":\"Joyeux Jour de la Terre!\",\"datePublished\":\"2020-05-12T21:37:34+00:00\",\"dateModified\":\"2020-05-13T17:06:51+00:00\",\"mainEntityOfPage\":{\"@id\":\"https:\\\/\\\/interamerica.org\\\/fr\\\/2020\\\/05\\\/joyeux-jour-de-la-terre\\\/\"},\"wordCount\":786,\"commentCount\":0,\"image\":{\"@id\":\"https:\\\/\\\/interamerica.org\\\/fr\\\/2020\\\/05\\\/joyeux-jour-de-la-terre\\\/#primaryimage\"},\"thumbnailUrl\":\"https:\\\/\\\/interamerica.org\\\/wp-content\\\/uploads\\\/2020\\\/05\\\/earth-1617121-1920.jpg\",\"articleSection\":[\"Nouvelles de l'\u00c9glise mondiale\",\"RSS Fran\u00e7ais\"],\"inLanguage\":\"fr-FR\",\"potentialAction\":[{\"@type\":\"CommentAction\",\"name\":\"Comment\",\"target\":[\"https:\\\/\\\/interamerica.org\\\/fr\\\/2020\\\/05\\\/joyeux-jour-de-la-terre\\\/#respond\"]}]},{\"@type\":\"WebPage\",\"@id\":\"https:\\\/\\\/interamerica.org\\\/fr\\\/2020\\\/05\\\/joyeux-jour-de-la-terre\\\/\",\"url\":\"https:\\\/\\\/interamerica.org\\\/fr\\\/2020\\\/05\\\/joyeux-jour-de-la-terre\\\/\",\"name\":\"Joyeux Jour de la Terre! - \u00c9glise Adventiste Du Septieme Jour - Inter Am\u00e9rique Division\",\"isPartOf\":{\"@id\":\"https:\\\/\\\/interamerica.org\\\/fr\\\/#website\"},\"primaryImageOfPage\":{\"@id\":\"https:\\\/\\\/interamerica.org\\\/fr\\\/2020\\\/05\\\/joyeux-jour-de-la-terre\\\/#primaryimage\"},\"image\":{\"@id\":\"https:\\\/\\\/interamerica.org\\\/fr\\\/2020\\\/05\\\/joyeux-jour-de-la-terre\\\/#primaryimage\"},\"thumbnailUrl\":\"https:\\\/\\\/interamerica.org\\\/wp-content\\\/uploads\\\/2020\\\/05\\\/earth-1617121-1920.jpg\",\"datePublished\":\"2020-05-12T21:37:34+00:00\",\"dateModified\":\"2020-05-13T17:06:51+00:00\",\"author\":{\"@id\":\"https:\\\/\\\/interamerica.org\\\/fr\\\/#\\\/schema\\\/person\\\/29998f2bc2d8bd0d38662909289b54f1\"},\"breadcrumb\":{\"@id\":\"https:\\\/\\\/interamerica.org\\\/fr\\\/2020\\\/05\\\/joyeux-jour-de-la-terre\\\/#breadcrumb\"},\"inLanguage\":\"fr-FR\",\"potentialAction\":[{\"@type\":\"ReadAction\",\"target\":[\"https:\\\/\\\/interamerica.org\\\/fr\\\/2020\\\/05\\\/joyeux-jour-de-la-terre\\\/\"]}]},{\"@type\":\"ImageObject\",\"inLanguage\":\"fr-FR\",\"@id\":\"https:\\\/\\\/interamerica.org\\\/fr\\\/2020\\\/05\\\/joyeux-jour-de-la-terre\\\/#primaryimage\",\"url\":\"https:\\\/\\\/interamerica.org\\\/wp-content\\\/uploads\\\/2020\\\/05\\\/earth-1617121-1920.jpg\",\"contentUrl\":\"https:\\\/\\\/interamerica.org\\\/wp-content\\\/uploads\\\/2020\\\/05\\\/earth-1617121-1920.jpg\",\"width\":1280,\"height\":800},{\"@type\":\"BreadcrumbList\",\"@id\":\"https:\\\/\\\/interamerica.org\\\/fr\\\/2020\\\/05\\\/joyeux-jour-de-la-terre\\\/#breadcrumb\",\"itemListElement\":[{\"@type\":\"ListItem\",\"position\":1,\"name\":\"Home\",\"item\":\"https:\\\/\\\/interamerica.org\\\/fr\\\/\"},{\"@type\":\"ListItem\",\"position\":2,\"name\":\"Joyeux Jour de la Terre!\"}]},{\"@type\":\"WebSite\",\"@id\":\"https:\\\/\\\/interamerica.org\\\/fr\\\/#website\",\"url\":\"https:\\\/\\\/interamerica.org\\\/fr\\\/\",\"name\":\"\u00c9glise Adventiste Du Septieme Jour - Inter Am\u00e9rique Division\",\"description\":\"\",\"potentialAction\":[{\"@type\":\"SearchAction\",\"target\":{\"@type\":\"EntryPoint\",\"urlTemplate\":\"https:\\\/\\\/interamerica.org\\\/fr\\\/?s={search_term_string}\"},\"query-input\":{\"@type\":\"PropertyValueSpecification\",\"valueRequired\":true,\"valueName\":\"search_term_string\"}}],\"inLanguage\":\"fr-FR\"},{\"@type\":\"Person\",\"@id\":\"https:\\\/\\\/interamerica.org\\\/fr\\\/#\\\/schema\\\/person\\\/29998f2bc2d8bd0d38662909289b54f1\",\"name\":\"libna\",\"image\":{\"@type\":\"ImageObject\",\"inLanguage\":\"fr-FR\",\"@id\":\"https:\\\/\\\/secure.gravatar.com\\\/avatar\\\/7c5bd30ae4b47a9ba3c856590957fd1d96dc588bf3ac05719d247e126840331f?s=96&d=mm&r=g\",\"url\":\"https:\\\/\\\/secure.gravatar.com\\\/avatar\\\/7c5bd30ae4b47a9ba3c856590957fd1d96dc588bf3ac05719d247e126840331f?s=96&d=mm&r=g\",\"contentUrl\":\"https:\\\/\\\/secure.gravatar.com\\\/avatar\\\/7c5bd30ae4b47a9ba3c856590957fd1d96dc588bf3ac05719d247e126840331f?s=96&d=mm&r=g\",\"caption\":\"libna\"}}]}<\/script>\n<!-- \/ Yoast SEO plugin. -->","yoast_head_json":{"title":"Joyeux Jour de la Terre! - \u00c9glise Adventiste Du Septieme Jour - Inter Am\u00e9rique Division","robots":{"index":"index","follow":"follow","max-snippet":"max-snippet:-1","max-image-preview":"max-image-preview:large","max-video-preview":"max-video-preview:-1"},"canonical":"https:\/\/interamerica.org\/fr\/2020\/05\/joyeux-jour-de-la-terre\/","og_locale":"fr_FR","og_type":"article","og_title":"Joyeux Jour de la Terre! - \u00c9glise Adventiste Du Septieme Jour - Inter Am\u00e9rique Division","og_description":"Le 12 mai 2020 | Silver Spring, Maryland, \u00c9tats-Unis | Stephen Chavez Si le coronavirus n\u2019avait pas d\u00e9tourn\u00e9 toutes les nouvelles au cours des deux derniers mois, nous aurions pu...","og_url":"https:\/\/interamerica.org\/fr\/2020\/05\/joyeux-jour-de-la-terre\/","og_site_name":"\u00c9glise Adventiste Du Septieme Jour - Inter Am\u00e9rique Division","article_published_time":"2020-05-12T21:37:34+00:00","article_modified_time":"2020-05-13T17:06:51+00:00","og_image":[{"width":1280,"height":800,"url":"https:\/\/interamerica.org\/wp-content\/uploads\/2020\/05\/earth-1617121-1920.jpg","type":"image\/jpeg"}],"author":"libna","twitter_card":"summary_large_image","twitter_misc":{"\u00c9crit par":"libna","Dur\u00e9e de lecture estim\u00e9e":"4 minutes"},"schema":{"@context":"https:\/\/schema.org","@graph":[{"@type":"Article","@id":"https:\/\/interamerica.org\/fr\/2020\/05\/joyeux-jour-de-la-terre\/#article","isPartOf":{"@id":"https:\/\/interamerica.org\/fr\/2020\/05\/joyeux-jour-de-la-terre\/"},"author":{"name":"libna","@id":"https:\/\/interamerica.org\/fr\/#\/schema\/person\/29998f2bc2d8bd0d38662909289b54f1"},"headline":"Joyeux Jour de la Terre!","datePublished":"2020-05-12T21:37:34+00:00","dateModified":"2020-05-13T17:06:51+00:00","mainEntityOfPage":{"@id":"https:\/\/interamerica.org\/fr\/2020\/05\/joyeux-jour-de-la-terre\/"},"wordCount":786,"commentCount":0,"image":{"@id":"https:\/\/interamerica.org\/fr\/2020\/05\/joyeux-jour-de-la-terre\/#primaryimage"},"thumbnailUrl":"https:\/\/interamerica.org\/wp-content\/uploads\/2020\/05\/earth-1617121-1920.jpg","articleSection":["Nouvelles de l'\u00c9glise mondiale","RSS Fran\u00e7ais"],"inLanguage":"fr-FR","potentialAction":[{"@type":"CommentAction","name":"Comment","target":["https:\/\/interamerica.org\/fr\/2020\/05\/joyeux-jour-de-la-terre\/#respond"]}]},{"@type":"WebPage","@id":"https:\/\/interamerica.org\/fr\/2020\/05\/joyeux-jour-de-la-terre\/","url":"https:\/\/interamerica.org\/fr\/2020\/05\/joyeux-jour-de-la-terre\/","name":"Joyeux Jour de la Terre! - \u00c9glise Adventiste Du Septieme Jour - Inter Am\u00e9rique Division","isPartOf":{"@id":"https:\/\/interamerica.org\/fr\/#website"},"primaryImageOfPage":{"@id":"https:\/\/interamerica.org\/fr\/2020\/05\/joyeux-jour-de-la-terre\/#primaryimage"},"image":{"@id":"https:\/\/interamerica.org\/fr\/2020\/05\/joyeux-jour-de-la-terre\/#primaryimage"},"thumbnailUrl":"https:\/\/interamerica.org\/wp-content\/uploads\/2020\/05\/earth-1617121-1920.jpg","datePublished":"2020-05-12T21:37:34+00:00","dateModified":"2020-05-13T17:06:51+00:00","author":{"@id":"https:\/\/interamerica.org\/fr\/#\/schema\/person\/29998f2bc2d8bd0d38662909289b54f1"},"breadcrumb":{"@id":"https:\/\/interamerica.org\/fr\/2020\/05\/joyeux-jour-de-la-terre\/#breadcrumb"},"inLanguage":"fr-FR","potentialAction":[{"@type":"ReadAction","target":["https:\/\/interamerica.org\/fr\/2020\/05\/joyeux-jour-de-la-terre\/"]}]},{"@type":"ImageObject","inLanguage":"fr-FR","@id":"https:\/\/interamerica.org\/fr\/2020\/05\/joyeux-jour-de-la-terre\/#primaryimage","url":"https:\/\/interamerica.org\/wp-content\/uploads\/2020\/05\/earth-1617121-1920.jpg","contentUrl":"https:\/\/interamerica.org\/wp-content\/uploads\/2020\/05\/earth-1617121-1920.jpg","width":1280,"height":800},{"@type":"BreadcrumbList","@id":"https:\/\/interamerica.org\/fr\/2020\/05\/joyeux-jour-de-la-terre\/#breadcrumb","itemListElement":[{"@type":"ListItem","position":1,"name":"Home","item":"https:\/\/interamerica.org\/fr\/"},{"@type":"ListItem","position":2,"name":"Joyeux Jour de la Terre!"}]},{"@type":"WebSite","@id":"https:\/\/interamerica.org\/fr\/#website","url":"https:\/\/interamerica.org\/fr\/","name":"\u00c9glise Adventiste Du Septieme Jour - Inter Am\u00e9rique Division","description":"","potentialAction":[{"@type":"SearchAction","target":{"@type":"EntryPoint","urlTemplate":"https:\/\/interamerica.org\/fr\/?s={search_term_string}"},"query-input":{"@type":"PropertyValueSpecification","valueRequired":true,"valueName":"search_term_string"}}],"inLanguage":"fr-FR"},{"@type":"Person","@id":"https:\/\/interamerica.org\/fr\/#\/schema\/person\/29998f2bc2d8bd0d38662909289b54f1","name":"libna","image":{"@type":"ImageObject","inLanguage":"fr-FR","@id":"https:\/\/secure.gravatar.com\/avatar\/7c5bd30ae4b47a9ba3c856590957fd1d96dc588bf3ac05719d247e126840331f?s=96&d=mm&r=g","url":"https:\/\/secure.gravatar.com\/avatar\/7c5bd30ae4b47a9ba3c856590957fd1d96dc588bf3ac05719d247e126840331f?s=96&d=mm&r=g","contentUrl":"https:\/\/secure.gravatar.com\/avatar\/7c5bd30ae4b47a9ba3c856590957fd1d96dc588bf3ac05719d247e126840331f?s=96&d=mm&r=g","caption":"libna"}}]}},"_links":{"self":[{"href":"https:\/\/interamerica.org\/fr\/wp-json\/wp\/v2\/posts\/58672","targetHints":{"allow":["GET"]}}],"collection":[{"href":"https:\/\/interamerica.org\/fr\/wp-json\/wp\/v2\/posts"}],"about":[{"href":"https:\/\/interamerica.org\/fr\/wp-json\/wp\/v2\/types\/post"}],"author":[{"embeddable":true,"href":"https:\/\/interamerica.org\/fr\/wp-json\/wp\/v2\/users\/3"}],"replies":[{"embeddable":true,"href":"https:\/\/interamerica.org\/fr\/wp-json\/wp\/v2\/comments?post=58672"}],"version-history":[{"count":0,"href":"https:\/\/interamerica.org\/fr\/wp-json\/wp\/v2\/posts\/58672\/revisions"}],"wp:featuredmedia":[{"embeddable":true,"href":"https:\/\/interamerica.org\/fr\/wp-json\/wp\/v2\/media\/58629"}],"wp:attachment":[{"href":"https:\/\/interamerica.org\/fr\/wp-json\/wp\/v2\/media?parent=58672"}],"wp:term":[{"taxonomy":"category","embeddable":true,"href":"https:\/\/interamerica.org\/fr\/wp-json\/wp\/v2\/categories?post=58672"},{"taxonomy":"post_tag","embeddable":true,"href":"https:\/\/interamerica.org\/fr\/wp-json\/wp\/v2\/tags?post=58672"}],"curies":[{"name":"wp","href":"https:\/\/api.w.org\/{rel}","templated":true}]}}