{"id":58802,"date":"2020-05-14T18:48:38","date_gmt":"2020-05-14T22:48:38","guid":{"rendered":"https:\/\/recursing-golick.147-182-135-0.plesk.page\/?p=58802"},"modified":"2020-06-23T15:50:35","modified_gmt":"2020-06-23T19:50:35","slug":"les-dirigeants-de-leglise-celebrent-le-succes-de-50-jours-de-priere-en-inter-amerique","status":"publish","type":"post","link":"https:\/\/interamerica.org\/fr\/2020\/05\/les-dirigeants-de-leglise-celebrent-le-succes-de-50-jours-de-priere-en-inter-amerique\/","title":{"rendered":"Les dirigeants de l\u2019\u00e9glise c\u00e9l\u00e8brent le succ\u00e8s de 50 jours de pri\u00e8re en Inter Am\u00e9rique"},"content":{"rendered":"<div id=\"attachment_58723\" style=\"width: 870px\" class=\"wp-caption aligncenter\"><img fetchpriority=\"high\" decoding=\"async\" aria-describedby=\"caption-attachment-58723\" class=\" wp-image-58722\" src=\"https:\/\/recursing-golick.147-182-135-0.plesk.page\/wp-content\/uploads\/2020\/05\/zoom-50days-group-1024x598.jpg\" alt=\"\" width=\"860\" height=\"502\" srcset=\"https:\/\/interamerica.org\/wp-content\/uploads\/2020\/05\/zoom-50days-group-1024x598.jpg 1024w, https:\/\/interamerica.org\/wp-content\/uploads\/2020\/05\/zoom-50days-group-300x175.jpg 300w, https:\/\/interamerica.org\/wp-content\/uploads\/2020\/05\/zoom-50days-group-768x449.jpg 768w, https:\/\/interamerica.org\/wp-content\/uploads\/2020\/05\/zoom-50days-group.jpg 1075w\" sizes=\"(max-width: 860px) 100vw, 860px\" \/><p id=\"caption-attachment-58723\" class=\"wp-caption-text\">Les dirigeants et les membres de l\u2019\u00c9glise adventiste du septi\u00e8me jour dans la Division Inter Am\u00e9ricaine se sont connect\u00e9s pour c\u00e9l\u00e9brer les 50 premiers jours de pri\u00e8re lors d\u2019une vid\u00e9oconf\u00e9rence sp\u00e9ciale par Zoom le 13 mai 2020. Le programme a r\u00e9uni 1000 participants qui se sont connect\u00e9s pour r\u00e9affirmer et promouvoir l\u2019initiative des 100 Jours de Pri\u00e8re lanc\u00e9e par l\u2019\u00c9glise adventiste mondiale en mars dernier. [Photo : Libna Stevens \/ DIA]<\/p><\/div>\n<h1><strong>Mis \u00e0 jour: 24 juin 2020<\/strong><\/h1>\n<p>14 Mai 2020 | Miami, Floride, \u00c9tats-Unis | Libna Stevens, Division Inter Am\u00e9ricaine<\/p>\n<p>Les dirigeants de l\u2019\u00c9glise adventiste du septi\u00e8me jour dans toute la Division Inter Am\u00e9ricaine se sont arr\u00eat\u00e9s pour c\u00e9l\u00e9brer 50 jours de pri\u00e8re quotidienne au cours d\u2019un programme de deux heures et demie en visioconf\u00e9rence qui s\u2019est tenu hier soir. La rencontre a r\u00e9uni 1000 dirigeants et membres d\u2019\u00e9glise des 24 unions afin de prier, d\u2019adorer et de partager des t\u00e9moignages sur les pri\u00e8res exauc\u00e9es alors qu\u2019on se trouve \u00e0 mi-chemin de l\u2019initiative des 100 jours de pri\u00e8re lanc\u00e9e par l\u2019\u00c9glise adventiste mondiale fin mars.<\/p>\n<p>\u00ab Nous avons vu la merveilleuse bont\u00e9 de notre Dieu \u00e0 travers cette initiative de pri\u00e8re, \u00bb a d\u00e9clar\u00e9 pasteur Samuel Telemaque, directeur du d\u00e9partement de l\u2019\u00c9cole du Sabbat et principal organisateur de l\u2019initiative dans la DIA. La rencontre en ligne avait pour but de louer Dieu pour les 50 premiers jours de pri\u00e8re, de valoriser les initiatives de pri\u00e8re et d\u2019identifier des raisons suppl\u00e9mentaires de prier pour les 50 prochains jours, a-t-il dit.<\/p>\n<p>Les dirigeants de l\u2019\u00e9glise ont lu \u00e0 tour de r\u00f4le des versets des \u00c9critures et ont particip\u00e9 \u00e0 une s\u00e9rie de pri\u00e8res d\u2019intercession pour ceux qui ont perdu leur emploi \u00e0 cause de la pand\u00e9mie. Ils ont \u00e9galement pri\u00e9 pour les chefs de gouvernement, pour que Dieu accorde sa protection \u00e0 l\u2019\u00e9glise et aux membres, pour l\u2019effusion du Saint-Esprit et pour la direction divine pour des opportunit\u00e9s de mission suppl\u00e9mentaires dans les villes et les communaut\u00e9s partout dans le monde.<\/p>\n<p><div id=\"attachment_58735\" style=\"width: 812px\" class=\"wp-caption aligncenter\"><img decoding=\"async\" aria-describedby=\"caption-attachment-58735\" class=\" wp-image-58734\" src=\"https:\/\/recursing-golick.147-182-135-0.plesk.page\/wp-content\/uploads\/2020\/05\/samuel-telemaque-zoom-50days.jpg\" alt=\"\" width=\"802\" height=\"536\" srcset=\"https:\/\/interamerica.org\/wp-content\/uploads\/2020\/05\/samuel-telemaque-zoom-50days.jpg 981w, https:\/\/interamerica.org\/wp-content\/uploads\/2020\/05\/samuel-telemaque-zoom-50days-300x201.jpg 300w, https:\/\/interamerica.org\/wp-content\/uploads\/2020\/05\/samuel-telemaque-zoom-50days-768x514.jpg 768w\" sizes=\"(max-width: 802px) 100vw, 802px\" \/><p id=\"caption-attachment-58735\" class=\"wp-caption-text\">Le pasteur Samuel Telemaque, directeur du d\u00e9partement de l\u2019\u00c9cole du Sabbat pour l\u2019\u00c9glise adventiste en Inter Am\u00e9rique et principal organisateur de l\u2019initiative des 100 Jours de Pri\u00e8re dans le territoire, partage les th\u00e8mes sur lesquels la pri\u00e8re mettra l\u2019emphase au cours des 50 prochains jours. [Photo : Libna Stevens \/ DIA]<\/p><\/div>Pasteur Elie Henry, pr\u00e9sident de la DIA, a remerci\u00e9 tous les dirigeants et les membres d\u2019\u00e9glise pour leur engagement constant \u00e0 promouvoir l\u2019initiative de pri\u00e8re sur l\u2019ensemble du territoire de la division. \u00ab Il est bon de voir que nous demeurons fermes dans la pri\u00e8re en ces temps difficiles, \u00bb a dit pasteur Henry. Il a encourag\u00e9 les dirigeants \u00e0 continuer d\u2019amener les membres \u00e0 prier Dieu dans leurs maisons et o\u00f9 qu\u2019ils se trouvent.<\/p>\n<p>Parmi les t\u00e9moignages donn\u00e9s sur les pri\u00e8res exauc\u00e9es, il y a celui de Dr Tony Frankson des Bahamas dans le territoire de l\u2019Union Carib\u00e9enne Atlantique. Dr Frankson a racont\u00e9 comment Dieu l\u2019a soutenu tout au long de son s\u00e9jour \u00e0 l\u2019h\u00f4pital en soins intensifs \u00e0 cause du COVID-19. \u00ab Dieu a pr\u00e9serv\u00e9 ma vie, \u00bb a d\u00e9clar\u00e9 le Dr Frankson. \u00ab \u00c0 aucun moment, je n\u2019ai eu peur de mourir. J\u2019\u00e9tais habit\u00e9 par l\u2019id\u00e9e d\u2019utiliser toute opportunit\u00e9 pour transmettre l\u2019amour de Dieu. C\u2019est tout simplement extraordinaire de voir comment Dieu m\u2019a permis de me r\u00e9tablir maintenant cinq semaines apr\u00e8s ma sortie de l\u2019h\u00f4pital. \u00bb<\/p>\n<p>D\u2019autres t\u00e9moignages de pri\u00e8re exauc\u00e9e ont \u00e9t\u00e9 donn\u00e9s, y compris celui indiquant comment Dieu a pourvu en permettant d\u2019avoir des fonds sp\u00e9ciaux en moins de 24 heures pour aider \u00e0 nourrir un orphelinat en Ha\u00efti financ\u00e9 par un projet d\u2019ADRA Porto Rico, un t\u00e9moignage \u00e0 propos d\u2019un pasteur et sa famille au Venezuela qui ont pu avoir une maison, et un autre au sujet d\u2019un \u00e9tudiant en R\u00e9publique Dominicaine qui a pu passer ses examens un autre jour que le sabbat, et plus encore.<\/p>\n<p><div id=\"attachment_58732\" style=\"width: 811px\" class=\"wp-caption aligncenter\"><img decoding=\"async\" aria-describedby=\"caption-attachment-58732\" class=\" wp-image-58731\" src=\"https:\/\/recursing-golick.147-182-135-0.plesk.page\/wp-content\/uploads\/2020\/05\/luis-aguillon-zoom-50days.jpg\" alt=\"\" width=\"801\" height=\"546\" srcset=\"https:\/\/interamerica.org\/wp-content\/uploads\/2020\/05\/luis-aguillon-zoom-50days.jpg 1000w, https:\/\/interamerica.org\/wp-content\/uploads\/2020\/05\/luis-aguillon-zoom-50days-300x205.jpg 300w, https:\/\/interamerica.org\/wp-content\/uploads\/2020\/05\/luis-aguillon-zoom-50days-768x524.jpg 768w\" sizes=\"(max-width: 801px) 100vw, 801px\" \/><p id=\"caption-attachment-58732\" class=\"wp-caption-text\">Pasteur Luis Aguill\u00f3n de l\u2019Union du Salvador lit une portion de la Bible lors de la vid\u00e9oconf\u00e9rence par Zoom, le 13 mai 2020. [Photo : Libna Stevens \/ DIA]<\/p><\/div>Les dirigeants ont \u00e9galement partag\u00e9 le succ\u00e8s remport\u00e9 par l\u2019initiative dans toutes leurs \u00e9glises locales.<\/p>\n<p>Dans le Nord du Mexique, les 11 f\u00e9d\u00e9rations et missions, ainsi que les institutions, ont pris part \u00e0 l\u2019initiative de pri\u00e8re, a indiqu\u00e9 pasteur David Maldonado, coordinateur de l\u2019initiative dans l\u2019\u00e9glise dans cette r\u00e9gion. \u00ab Nous commen\u00e7ons \u00e0 nous relayer de 1 h 00 \u00e0 0 h 59, et cela a amen\u00e9 de grandes b\u00e9n\u00e9dictions au milieu de cette crise d\u00fbe \u00e0 la pand\u00e9mie, \u00bb a d\u00e9clar\u00e9 pasteur Maldonado. \u00ab Nous avons eu de nombreuses r\u00e9unions de pri\u00e8re virtuelles et nous avons re\u00e7u plus de 1000 requ\u00eates de pri\u00e8re sp\u00e9cifiques. Nous prions litt\u00e9ralement pour ces demandes d\u00e8s qu\u2019elles nous parviennent. \u00bb<\/p>\n<p>Dans l\u2019Union Carib\u00e9enne, des cha\u00eenes de pri\u00e8re ont eu lieu dans toutes les \u00eeles qui la composent, des pri\u00e8res sp\u00e9cifiques 24h \/ 24 et 7j \/ 7, \u00e0 partir de 6 heures tous les jours, pour restaurer la famille, a indiqu\u00e9 Verna Francis de la F\u00e9d\u00e9ration de l\u2019Est de la Cara\u00efbe. \u00ab Nous savons que partout o\u00f9 il y a une crise, le Christ est l\u00e0, nous savons donc que chaque heure est un moment de pri\u00e8re, nous avons donc continu\u00e9 \u00e0 prier pour des requ\u00eates sp\u00e9cifiques, lors de programmes Zoom sp\u00e9ciaux et \u00e0 travers des conversations de pri\u00e8re, \u00bb a dit Verna Francis.<\/p>\n<p>En Jama\u00efque, le pasteur Dudley Hosien a dit que l\u2019\u00e9glise a vu Dieu faire des merveilles \u00e0 travers l\u2019initiative de pri\u00e8re dans tout le pays. \u00ab La Jama\u00efque a \u00e9t\u00e9 satur\u00e9e de pri\u00e8re. Nous prions pour la nation, pour les pasteurs, pour les membres d\u2019\u00e9glise, pour nos finances, notre h\u00f4pital, les universit\u00e9s, les \u00e9coles, les travailleurs de premi\u00e8re ligne et nous voyons Dieu \u00e0 l\u2019\u0153uvre, \u00bb a dit pasteur Hosien. Jusqu\u2019ici, 23 nouvelles initiatives de pri\u00e8re ont vu le jour et 94 lignes de pri\u00e8re ont \u00e9t\u00e9 ouvertes au cours des 50 premiers jours de pri\u00e8re dans le cadre de l\u2019initiative de l\u2019\u00e9glise mondiale.<\/p>\n<p><div id=\"attachment_58729\" style=\"width: 812px\" class=\"wp-caption aligncenter\"><img loading=\"lazy\" decoding=\"async\" aria-describedby=\"caption-attachment-58729\" class=\" wp-image-58728\" src=\"https:\/\/recursing-golick.147-182-135-0.plesk.page\/wp-content\/uploads\/2020\/05\/tony-frankson-zoom-50days.jpg\" alt=\"\" width=\"802\" height=\"552\" srcset=\"https:\/\/interamerica.org\/wp-content\/uploads\/2020\/05\/tony-frankson-zoom-50days.jpg 1000w, https:\/\/interamerica.org\/wp-content\/uploads\/2020\/05\/tony-frankson-zoom-50days-300x206.jpg 300w, https:\/\/interamerica.org\/wp-content\/uploads\/2020\/05\/tony-frankson-zoom-50days-768x528.jpg 768w\" sizes=\"(max-width: 802px) 100vw, 802px\" \/><p id=\"caption-attachment-58729\" class=\"wp-caption-text\">Dr Tony Franckson de l\u2019Union Carib\u00e9enne Atlantique, partage son t\u00e9moignage au sujet de sa bataille avec la maladie du COVID-19 qui l\u2019a maintenu en soins intensifs \u00e0 l\u2019h\u00f4pital il y a deux mois de cela aux Bahamas. [Photo : Libna Stevens \/ DIA]<\/p><\/div>Les dirigeants ont \u00e9galement \u00e9t\u00e9 encourag\u00e9s \u00e0 poursuivre l\u2019emphase sur la pri\u00e8re dans le cadre de l\u2019initiative mondiale de pri\u00e8re au cours des 50 prochains jours en consid\u00e9rant les points suivants qui sont des raisons suppl\u00e9mentaires de prier en Inter Am\u00e9rique :<\/p>\n<ul>\n<li>Priez pour le plan strat\u00e9gique \u00ab J\u2019Irai \u00bb organis\u00e9 par l\u2019inter Am\u00e9rique et mettant l\u2019accent sur l\u2019\u00e9vang\u00e9lisation, l\u2019\u00e9ducation et le service communautaire.<\/li>\n<li>Priez pour la sant\u00e9 et les pr\u00e9occupations \u00e9conomiques des membres.<\/li>\n<li>Priez pour les d\u00e9fis financiers auxquels est confront\u00e9 le territoire de la DIA, y compris ses unions, ses f\u00e9d\u00e9rations et ses missions.<\/li>\n<li>Priez pour les familles pastorales.<\/li>\n<li>Priez pour l\u2019avenir de l\u2019\u00e9ducation dans la DIA.<\/li>\n<li>Priez pour une explosion de la pri\u00e8re d\u2019intercession dans toute la DIA.<\/li>\n<\/ul>\n<p>\u00ab Nous voudrions non seulement que les \u00e9glises prient mais qu\u2019elles incorporent dans leurs minist\u00e8res de pri\u00e8re les \u00e9tudes bibliques et l\u2019effusion du Saint-Esprit, \u00bb a d\u00e9clar\u00e9 pasteur Telemaque. \u00ab L\u2019\u00e9tude de la Bible, la pri\u00e8re et le minist\u00e8re doivent \u00eatre combin\u00e9s pour apporter une transformation dans la vie de ceux qui prient et de ceux pour qui on prie. \u00bb<\/p>\n<p><div id=\"attachment_58751\" style=\"width: 811px\" class=\"wp-caption aligncenter\"><img loading=\"lazy\" decoding=\"async\" aria-describedby=\"caption-attachment-58751\" class=\" wp-image-58750\" src=\"https:\/\/recursing-golick.147-182-135-0.plesk.page\/wp-content\/uploads\/2020\/05\/efrain-velazquez-zoom-50days.jpg\" alt=\"\" width=\"801\" height=\"550\" srcset=\"https:\/\/interamerica.org\/wp-content\/uploads\/2020\/05\/efrain-velazquez-zoom-50days.jpg 1000w, https:\/\/interamerica.org\/wp-content\/uploads\/2020\/05\/efrain-velazquez-zoom-50days-300x206.jpg 300w, https:\/\/interamerica.org\/wp-content\/uploads\/2020\/05\/efrain-velazquez-zoom-50days-768x528.jpg 768w\" sizes=\"(max-width: 801px) 100vw, 801px\" \/><p id=\"caption-attachment-58751\" class=\"wp-caption-text\">Le pasteur Efrain Velazquez, pr\u00e9sident du S\u00e9minaire Th\u00e9ologique Inter Am\u00e9ricain prie lors du programme en ligne autour de l\u2019initiative de pri\u00e8re. [Photo : Libna Stevens \/ DIA]<\/p><\/div>De plus, une journ\u00e9e de pri\u00e8re et de je\u00fbne dans la DIA est pr\u00e9vue le 4 juillet 2020. Le plan est que pendant la p\u00e9riode de 24 heures allant du coucher du soleil le vendredi 3 juillet au coucher du soleil le samedi 4 juillet, chacune des 24 unions de la DIA prenne une heure sp\u00e9cifique pour que l\u2019on prie dans les foyers. La journ\u00e9e marquera la fin de l\u2019initiative des 100 Jours de Pri\u00e8re le samedi 4 juillet 2020, o\u00f9 il est pr\u00e9vu un programme sp\u00e9cial de c\u00e9l\u00e9bration en ligne en Inter Am\u00e9rique, ont indiqu\u00e9 les organisateurs.<\/p>\n<p>Pour en savoir plus sur les 100 Jours de Pri\u00e8re en Inter Am\u00e9rique et pour voir les ressources vid\u00e9o quotidiennes :<\/p>\n<p>Cliquez <a href=\"https:\/\/recursing-golick.147-182-135-0.plesk.page\/project\/100-days-of-prayer\/\">ICI<\/a> pour <strong>l&rsquo;anglais<\/strong><\/p>\n<p>Cliquez <a href=\"https:\/\/recursing-golick.147-182-135-0.plesk.page\/es\/project\/100-days-of-prayer\/\">ICI<\/a> pour <strong>l&rsquo;espagnol<\/strong><\/p>\n<p>Cliquez <a href=\"https:\/\/recursing-golick.147-182-135-0.plesk.page\/fr\/project\/100-days-of-prayer\/\">ICI<\/a> pour <strong> le fran\u00e7ais<\/strong><\/p>\n<p>Pour les prochains programmes et activit\u00e9s en ligne dans toute la Division Inter Am\u00e9ricaine, visitez notre site \u00e0 l\u2019adresse<br \/>\n<a href=\"https:\/\/recursing-golick.147-182-135-0.plesk.page\/news\/\">interamerica.org<\/a><\/p>\n<p>Traduction: Patrick Luciathe<\/p>\n","protected":false},"excerpt":{"rendered":"<p>Mis \u00e0 jour: 24 juin 2020 14 Mai 2020 | Miami, Floride, \u00c9tats-Unis | Libna Stevens, Division Inter Am\u00e9ricaine Les dirigeants de l\u2019\u00c9glise adventiste du septi\u00e8me jour dans toute la&#8230;<\/p>\n","protected":false},"author":3,"featured_media":58723,"comment_status":"open","ping_status":"closed","sticky":false,"template":"","format":"standard","meta":{"_acf_changed":false,"footnotes":""},"categories":[20,19],"tags":[],"class_list":["post-58802","post","type-post","status-publish","format-standard","has-post-thumbnail","hentry","category-nouvelles-du-siege-de-la-division","category-rss-francais"],"acf":[],"yoast_head":"<!-- This site is optimized with the Yoast SEO plugin v27.3 - https:\/\/yoast.com\/product\/yoast-seo-wordpress\/ -->\n<title>Les dirigeants de l\u2019\u00e9glise c\u00e9l\u00e8brent le succ\u00e8s de 50 jours de pri\u00e8re en Inter Am\u00e9rique - \u00c9glise Adventiste Du Septieme Jour - Inter Am\u00e9rique Division<\/title>\n<meta name=\"robots\" content=\"index, follow, max-snippet:-1, max-image-preview:large, max-video-preview:-1\" \/>\n<link rel=\"canonical\" href=\"https:\/\/interamerica.org\/fr\/2020\/05\/les-dirigeants-de-leglise-celebrent-le-succes-de-50-jours-de-priere-en-inter-amerique\/\" \/>\n<meta property=\"og:locale\" content=\"fr_FR\" \/>\n<meta property=\"og:type\" content=\"article\" \/>\n<meta property=\"og:title\" content=\"Les dirigeants de l\u2019\u00e9glise c\u00e9l\u00e8brent le succ\u00e8s de 50 jours de pri\u00e8re en Inter Am\u00e9rique - \u00c9glise Adventiste Du Septieme Jour - Inter Am\u00e9rique Division\" \/>\n<meta property=\"og:description\" content=\"Mis \u00e0 jour: 24 juin 2020 14 Mai 2020 | Miami, Floride, \u00c9tats-Unis | Libna Stevens, Division Inter Am\u00e9ricaine Les dirigeants de l\u2019\u00c9glise adventiste du septi\u00e8me jour dans toute la...\" \/>\n<meta property=\"og:url\" content=\"https:\/\/interamerica.org\/fr\/2020\/05\/les-dirigeants-de-leglise-celebrent-le-succes-de-50-jours-de-priere-en-inter-amerique\/\" \/>\n<meta property=\"og:site_name\" content=\"\u00c9glise Adventiste Du Septieme Jour - Inter Am\u00e9rique Division\" \/>\n<meta property=\"article:published_time\" content=\"2020-05-14T22:48:38+00:00\" \/>\n<meta property=\"article:modified_time\" content=\"2020-06-23T19:50:35+00:00\" \/>\n<meta property=\"og:image\" content=\"https:\/\/interamerica.org\/wp-content\/uploads\/2020\/05\/zoom-50days-group.jpg\" \/>\n\t<meta property=\"og:image:width\" content=\"1075\" \/>\n\t<meta property=\"og:image:height\" content=\"628\" \/>\n\t<meta property=\"og:image:type\" content=\"image\/jpeg\" \/>\n<meta name=\"author\" content=\"libna\" \/>\n<meta name=\"twitter:card\" content=\"summary_large_image\" \/>\n<meta name=\"twitter:label1\" content=\"\u00c9crit par\" \/>\n\t<meta name=\"twitter:data1\" content=\"libna\" \/>\n\t<meta name=\"twitter:label2\" content=\"Dur\u00e9e de lecture estim\u00e9e\" \/>\n\t<meta name=\"twitter:data2\" content=\"8 minutes\" \/>\n<script type=\"application\/ld+json\" class=\"yoast-schema-graph\">{\"@context\":\"https:\\\/\\\/schema.org\",\"@graph\":[{\"@type\":\"Article\",\"@id\":\"https:\\\/\\\/interamerica.org\\\/fr\\\/2020\\\/05\\\/les-dirigeants-de-leglise-celebrent-le-succes-de-50-jours-de-priere-en-inter-amerique\\\/#article\",\"isPartOf\":{\"@id\":\"https:\\\/\\\/interamerica.org\\\/fr\\\/2020\\\/05\\\/les-dirigeants-de-leglise-celebrent-le-succes-de-50-jours-de-priere-en-inter-amerique\\\/\"},\"author\":{\"name\":\"libna\",\"@id\":\"https:\\\/\\\/interamerica.org\\\/fr\\\/#\\\/schema\\\/person\\\/29998f2bc2d8bd0d38662909289b54f1\"},\"headline\":\"Les dirigeants de l\u2019\u00e9glise c\u00e9l\u00e8brent le succ\u00e8s de 50 jours de pri\u00e8re en Inter Am\u00e9rique\",\"datePublished\":\"2020-05-14T22:48:38+00:00\",\"dateModified\":\"2020-06-23T19:50:35+00:00\",\"mainEntityOfPage\":{\"@id\":\"https:\\\/\\\/interamerica.org\\\/fr\\\/2020\\\/05\\\/les-dirigeants-de-leglise-celebrent-le-succes-de-50-jours-de-priere-en-inter-amerique\\\/\"},\"wordCount\":1596,\"commentCount\":0,\"image\":{\"@id\":\"https:\\\/\\\/interamerica.org\\\/fr\\\/2020\\\/05\\\/les-dirigeants-de-leglise-celebrent-le-succes-de-50-jours-de-priere-en-inter-amerique\\\/#primaryimage\"},\"thumbnailUrl\":\"https:\\\/\\\/interamerica.org\\\/wp-content\\\/uploads\\\/2020\\\/05\\\/zoom-50days-group.jpg\",\"articleSection\":[\"Nouvelles du si\u00e8ge de la division\",\"RSS Fran\u00e7ais\"],\"inLanguage\":\"fr-FR\",\"potentialAction\":[{\"@type\":\"CommentAction\",\"name\":\"Comment\",\"target\":[\"https:\\\/\\\/interamerica.org\\\/fr\\\/2020\\\/05\\\/les-dirigeants-de-leglise-celebrent-le-succes-de-50-jours-de-priere-en-inter-amerique\\\/#respond\"]}]},{\"@type\":\"WebPage\",\"@id\":\"https:\\\/\\\/interamerica.org\\\/fr\\\/2020\\\/05\\\/les-dirigeants-de-leglise-celebrent-le-succes-de-50-jours-de-priere-en-inter-amerique\\\/\",\"url\":\"https:\\\/\\\/interamerica.org\\\/fr\\\/2020\\\/05\\\/les-dirigeants-de-leglise-celebrent-le-succes-de-50-jours-de-priere-en-inter-amerique\\\/\",\"name\":\"Les dirigeants de l\u2019\u00e9glise c\u00e9l\u00e8brent le succ\u00e8s de 50 jours de pri\u00e8re en Inter Am\u00e9rique - \u00c9glise Adventiste Du Septieme Jour - Inter Am\u00e9rique Division\",\"isPartOf\":{\"@id\":\"https:\\\/\\\/interamerica.org\\\/fr\\\/#website\"},\"primaryImageOfPage\":{\"@id\":\"https:\\\/\\\/interamerica.org\\\/fr\\\/2020\\\/05\\\/les-dirigeants-de-leglise-celebrent-le-succes-de-50-jours-de-priere-en-inter-amerique\\\/#primaryimage\"},\"image\":{\"@id\":\"https:\\\/\\\/interamerica.org\\\/fr\\\/2020\\\/05\\\/les-dirigeants-de-leglise-celebrent-le-succes-de-50-jours-de-priere-en-inter-amerique\\\/#primaryimage\"},\"thumbnailUrl\":\"https:\\\/\\\/interamerica.org\\\/wp-content\\\/uploads\\\/2020\\\/05\\\/zoom-50days-group.jpg\",\"datePublished\":\"2020-05-14T22:48:38+00:00\",\"dateModified\":\"2020-06-23T19:50:35+00:00\",\"author\":{\"@id\":\"https:\\\/\\\/interamerica.org\\\/fr\\\/#\\\/schema\\\/person\\\/29998f2bc2d8bd0d38662909289b54f1\"},\"breadcrumb\":{\"@id\":\"https:\\\/\\\/interamerica.org\\\/fr\\\/2020\\\/05\\\/les-dirigeants-de-leglise-celebrent-le-succes-de-50-jours-de-priere-en-inter-amerique\\\/#breadcrumb\"},\"inLanguage\":\"fr-FR\",\"potentialAction\":[{\"@type\":\"ReadAction\",\"target\":[\"https:\\\/\\\/interamerica.org\\\/fr\\\/2020\\\/05\\\/les-dirigeants-de-leglise-celebrent-le-succes-de-50-jours-de-priere-en-inter-amerique\\\/\"]}]},{\"@type\":\"ImageObject\",\"inLanguage\":\"fr-FR\",\"@id\":\"https:\\\/\\\/interamerica.org\\\/fr\\\/2020\\\/05\\\/les-dirigeants-de-leglise-celebrent-le-succes-de-50-jours-de-priere-en-inter-amerique\\\/#primaryimage\",\"url\":\"https:\\\/\\\/interamerica.org\\\/wp-content\\\/uploads\\\/2020\\\/05\\\/zoom-50days-group.jpg\",\"contentUrl\":\"https:\\\/\\\/interamerica.org\\\/wp-content\\\/uploads\\\/2020\\\/05\\\/zoom-50days-group.jpg\",\"width\":1075,\"height\":628,\"caption\":\"[Photo: Libna Stevens\\\/DIA]\"},{\"@type\":\"BreadcrumbList\",\"@id\":\"https:\\\/\\\/interamerica.org\\\/fr\\\/2020\\\/05\\\/les-dirigeants-de-leglise-celebrent-le-succes-de-50-jours-de-priere-en-inter-amerique\\\/#breadcrumb\",\"itemListElement\":[{\"@type\":\"ListItem\",\"position\":1,\"name\":\"Home\",\"item\":\"https:\\\/\\\/interamerica.org\\\/fr\\\/\"},{\"@type\":\"ListItem\",\"position\":2,\"name\":\"Les dirigeants de l\u2019\u00e9glise c\u00e9l\u00e8brent le succ\u00e8s de 50 jours de pri\u00e8re en Inter Am\u00e9rique\"}]},{\"@type\":\"WebSite\",\"@id\":\"https:\\\/\\\/interamerica.org\\\/fr\\\/#website\",\"url\":\"https:\\\/\\\/interamerica.org\\\/fr\\\/\",\"name\":\"\u00c9glise Adventiste Du Septieme Jour - Inter Am\u00e9rique Division\",\"description\":\"\",\"potentialAction\":[{\"@type\":\"SearchAction\",\"target\":{\"@type\":\"EntryPoint\",\"urlTemplate\":\"https:\\\/\\\/interamerica.org\\\/fr\\\/?s={search_term_string}\"},\"query-input\":{\"@type\":\"PropertyValueSpecification\",\"valueRequired\":true,\"valueName\":\"search_term_string\"}}],\"inLanguage\":\"fr-FR\"},{\"@type\":\"Person\",\"@id\":\"https:\\\/\\\/interamerica.org\\\/fr\\\/#\\\/schema\\\/person\\\/29998f2bc2d8bd0d38662909289b54f1\",\"name\":\"libna\",\"image\":{\"@type\":\"ImageObject\",\"inLanguage\":\"fr-FR\",\"@id\":\"https:\\\/\\\/secure.gravatar.com\\\/avatar\\\/7c5bd30ae4b47a9ba3c856590957fd1d96dc588bf3ac05719d247e126840331f?s=96&d=mm&r=g\",\"url\":\"https:\\\/\\\/secure.gravatar.com\\\/avatar\\\/7c5bd30ae4b47a9ba3c856590957fd1d96dc588bf3ac05719d247e126840331f?s=96&d=mm&r=g\",\"contentUrl\":\"https:\\\/\\\/secure.gravatar.com\\\/avatar\\\/7c5bd30ae4b47a9ba3c856590957fd1d96dc588bf3ac05719d247e126840331f?s=96&d=mm&r=g\",\"caption\":\"libna\"}}]}<\/script>\n<!-- \/ Yoast SEO plugin. -->","yoast_head_json":{"title":"Les dirigeants de l\u2019\u00e9glise c\u00e9l\u00e8brent le succ\u00e8s de 50 jours de pri\u00e8re en Inter Am\u00e9rique - \u00c9glise Adventiste Du Septieme Jour - Inter Am\u00e9rique Division","robots":{"index":"index","follow":"follow","max-snippet":"max-snippet:-1","max-image-preview":"max-image-preview:large","max-video-preview":"max-video-preview:-1"},"canonical":"https:\/\/interamerica.org\/fr\/2020\/05\/les-dirigeants-de-leglise-celebrent-le-succes-de-50-jours-de-priere-en-inter-amerique\/","og_locale":"fr_FR","og_type":"article","og_title":"Les dirigeants de l\u2019\u00e9glise c\u00e9l\u00e8brent le succ\u00e8s de 50 jours de pri\u00e8re en Inter Am\u00e9rique - \u00c9glise Adventiste Du Septieme Jour - Inter Am\u00e9rique Division","og_description":"Mis \u00e0 jour: 24 juin 2020 14 Mai 2020 | Miami, Floride, \u00c9tats-Unis | Libna Stevens, Division Inter Am\u00e9ricaine Les dirigeants de l\u2019\u00c9glise adventiste du septi\u00e8me jour dans toute la...","og_url":"https:\/\/interamerica.org\/fr\/2020\/05\/les-dirigeants-de-leglise-celebrent-le-succes-de-50-jours-de-priere-en-inter-amerique\/","og_site_name":"\u00c9glise Adventiste Du Septieme Jour - Inter Am\u00e9rique Division","article_published_time":"2020-05-14T22:48:38+00:00","article_modified_time":"2020-06-23T19:50:35+00:00","og_image":[{"width":1075,"height":628,"url":"https:\/\/interamerica.org\/wp-content\/uploads\/2020\/05\/zoom-50days-group.jpg","type":"image\/jpeg"}],"author":"libna","twitter_card":"summary_large_image","twitter_misc":{"\u00c9crit par":"libna","Dur\u00e9e de lecture estim\u00e9e":"8 minutes"},"schema":{"@context":"https:\/\/schema.org","@graph":[{"@type":"Article","@id":"https:\/\/interamerica.org\/fr\/2020\/05\/les-dirigeants-de-leglise-celebrent-le-succes-de-50-jours-de-priere-en-inter-amerique\/#article","isPartOf":{"@id":"https:\/\/interamerica.org\/fr\/2020\/05\/les-dirigeants-de-leglise-celebrent-le-succes-de-50-jours-de-priere-en-inter-amerique\/"},"author":{"name":"libna","@id":"https:\/\/interamerica.org\/fr\/#\/schema\/person\/29998f2bc2d8bd0d38662909289b54f1"},"headline":"Les dirigeants de l\u2019\u00e9glise c\u00e9l\u00e8brent le succ\u00e8s de 50 jours de pri\u00e8re en Inter Am\u00e9rique","datePublished":"2020-05-14T22:48:38+00:00","dateModified":"2020-06-23T19:50:35+00:00","mainEntityOfPage":{"@id":"https:\/\/interamerica.org\/fr\/2020\/05\/les-dirigeants-de-leglise-celebrent-le-succes-de-50-jours-de-priere-en-inter-amerique\/"},"wordCount":1596,"commentCount":0,"image":{"@id":"https:\/\/interamerica.org\/fr\/2020\/05\/les-dirigeants-de-leglise-celebrent-le-succes-de-50-jours-de-priere-en-inter-amerique\/#primaryimage"},"thumbnailUrl":"https:\/\/interamerica.org\/wp-content\/uploads\/2020\/05\/zoom-50days-group.jpg","articleSection":["Nouvelles du si\u00e8ge de la division","RSS Fran\u00e7ais"],"inLanguage":"fr-FR","potentialAction":[{"@type":"CommentAction","name":"Comment","target":["https:\/\/interamerica.org\/fr\/2020\/05\/les-dirigeants-de-leglise-celebrent-le-succes-de-50-jours-de-priere-en-inter-amerique\/#respond"]}]},{"@type":"WebPage","@id":"https:\/\/interamerica.org\/fr\/2020\/05\/les-dirigeants-de-leglise-celebrent-le-succes-de-50-jours-de-priere-en-inter-amerique\/","url":"https:\/\/interamerica.org\/fr\/2020\/05\/les-dirigeants-de-leglise-celebrent-le-succes-de-50-jours-de-priere-en-inter-amerique\/","name":"Les dirigeants de l\u2019\u00e9glise c\u00e9l\u00e8brent le succ\u00e8s de 50 jours de pri\u00e8re en Inter Am\u00e9rique - \u00c9glise Adventiste Du Septieme Jour - Inter Am\u00e9rique Division","isPartOf":{"@id":"https:\/\/interamerica.org\/fr\/#website"},"primaryImageOfPage":{"@id":"https:\/\/interamerica.org\/fr\/2020\/05\/les-dirigeants-de-leglise-celebrent-le-succes-de-50-jours-de-priere-en-inter-amerique\/#primaryimage"},"image":{"@id":"https:\/\/interamerica.org\/fr\/2020\/05\/les-dirigeants-de-leglise-celebrent-le-succes-de-50-jours-de-priere-en-inter-amerique\/#primaryimage"},"thumbnailUrl":"https:\/\/interamerica.org\/wp-content\/uploads\/2020\/05\/zoom-50days-group.jpg","datePublished":"2020-05-14T22:48:38+00:00","dateModified":"2020-06-23T19:50:35+00:00","author":{"@id":"https:\/\/interamerica.org\/fr\/#\/schema\/person\/29998f2bc2d8bd0d38662909289b54f1"},"breadcrumb":{"@id":"https:\/\/interamerica.org\/fr\/2020\/05\/les-dirigeants-de-leglise-celebrent-le-succes-de-50-jours-de-priere-en-inter-amerique\/#breadcrumb"},"inLanguage":"fr-FR","potentialAction":[{"@type":"ReadAction","target":["https:\/\/interamerica.org\/fr\/2020\/05\/les-dirigeants-de-leglise-celebrent-le-succes-de-50-jours-de-priere-en-inter-amerique\/"]}]},{"@type":"ImageObject","inLanguage":"fr-FR","@id":"https:\/\/interamerica.org\/fr\/2020\/05\/les-dirigeants-de-leglise-celebrent-le-succes-de-50-jours-de-priere-en-inter-amerique\/#primaryimage","url":"https:\/\/interamerica.org\/wp-content\/uploads\/2020\/05\/zoom-50days-group.jpg","contentUrl":"https:\/\/interamerica.org\/wp-content\/uploads\/2020\/05\/zoom-50days-group.jpg","width":1075,"height":628,"caption":"[Photo: Libna Stevens\/DIA]"},{"@type":"BreadcrumbList","@id":"https:\/\/interamerica.org\/fr\/2020\/05\/les-dirigeants-de-leglise-celebrent-le-succes-de-50-jours-de-priere-en-inter-amerique\/#breadcrumb","itemListElement":[{"@type":"ListItem","position":1,"name":"Home","item":"https:\/\/interamerica.org\/fr\/"},{"@type":"ListItem","position":2,"name":"Les dirigeants de l\u2019\u00e9glise c\u00e9l\u00e8brent le succ\u00e8s de 50 jours de pri\u00e8re en Inter Am\u00e9rique"}]},{"@type":"WebSite","@id":"https:\/\/interamerica.org\/fr\/#website","url":"https:\/\/interamerica.org\/fr\/","name":"\u00c9glise Adventiste Du Septieme Jour - Inter Am\u00e9rique Division","description":"","potentialAction":[{"@type":"SearchAction","target":{"@type":"EntryPoint","urlTemplate":"https:\/\/interamerica.org\/fr\/?s={search_term_string}"},"query-input":{"@type":"PropertyValueSpecification","valueRequired":true,"valueName":"search_term_string"}}],"inLanguage":"fr-FR"},{"@type":"Person","@id":"https:\/\/interamerica.org\/fr\/#\/schema\/person\/29998f2bc2d8bd0d38662909289b54f1","name":"libna","image":{"@type":"ImageObject","inLanguage":"fr-FR","@id":"https:\/\/secure.gravatar.com\/avatar\/7c5bd30ae4b47a9ba3c856590957fd1d96dc588bf3ac05719d247e126840331f?s=96&d=mm&r=g","url":"https:\/\/secure.gravatar.com\/avatar\/7c5bd30ae4b47a9ba3c856590957fd1d96dc588bf3ac05719d247e126840331f?s=96&d=mm&r=g","contentUrl":"https:\/\/secure.gravatar.com\/avatar\/7c5bd30ae4b47a9ba3c856590957fd1d96dc588bf3ac05719d247e126840331f?s=96&d=mm&r=g","caption":"libna"}}]}},"_links":{"self":[{"href":"https:\/\/interamerica.org\/fr\/wp-json\/wp\/v2\/posts\/58802","targetHints":{"allow":["GET"]}}],"collection":[{"href":"https:\/\/interamerica.org\/fr\/wp-json\/wp\/v2\/posts"}],"about":[{"href":"https:\/\/interamerica.org\/fr\/wp-json\/wp\/v2\/types\/post"}],"author":[{"embeddable":true,"href":"https:\/\/interamerica.org\/fr\/wp-json\/wp\/v2\/users\/3"}],"replies":[{"embeddable":true,"href":"https:\/\/interamerica.org\/fr\/wp-json\/wp\/v2\/comments?post=58802"}],"version-history":[{"count":0,"href":"https:\/\/interamerica.org\/fr\/wp-json\/wp\/v2\/posts\/58802\/revisions"}],"wp:featuredmedia":[{"embeddable":true,"href":"https:\/\/interamerica.org\/fr\/wp-json\/wp\/v2\/media\/58723"}],"wp:attachment":[{"href":"https:\/\/interamerica.org\/fr\/wp-json\/wp\/v2\/media?parent=58802"}],"wp:term":[{"taxonomy":"category","embeddable":true,"href":"https:\/\/interamerica.org\/fr\/wp-json\/wp\/v2\/categories?post=58802"},{"taxonomy":"post_tag","embeddable":true,"href":"https:\/\/interamerica.org\/fr\/wp-json\/wp\/v2\/tags?post=58802"}],"curies":[{"name":"wp","href":"https:\/\/api.w.org\/{rel}","templated":true}]}}