{"id":58803,"date":"2020-05-15T09:39:08","date_gmt":"2020-05-15T13:39:08","guid":{"rendered":"https:\/\/recursing-golick.147-182-135-0.plesk.page\/?p=58803"},"modified":"2020-05-15T13:59:43","modified_gmt":"2020-05-15T17:59:43","slug":"comment-mon-experience-avec-le-covid-19-ma-change","status":"publish","type":"post","link":"https:\/\/interamerica.org\/fr\/2020\/05\/comment-mon-experience-avec-le-covid-19-ma-change\/","title":{"rendered":"Comment mon exp\u00e9rience avec le COVID-19 m\u2019a chang\u00e9"},"content":{"rendered":"<p><div id=\"attachment_58785\" style=\"width: 810px\" class=\"wp-caption aligncenter\"><img fetchpriority=\"high\" decoding=\"async\" aria-describedby=\"caption-attachment-58785\" class=\" wp-image-58784\" src=\"https:\/\/recursing-golick.147-182-135-0.plesk.page\/wp-content\/uploads\/2020\/05\/pedro-torres-1280-1024x640.jpg\" alt=\"\" width=\"800\" height=\"500\" srcset=\"https:\/\/interamerica.org\/wp-content\/uploads\/2020\/05\/pedro-torres-1280-1024x640.jpg 1024w, https:\/\/interamerica.org\/wp-content\/uploads\/2020\/05\/pedro-torres-1280-300x187.jpg 300w, https:\/\/interamerica.org\/wp-content\/uploads\/2020\/05\/pedro-torres-1280-768x480.jpg 768w, https:\/\/interamerica.org\/wp-content\/uploads\/2020\/05\/pedro-torres-1280.jpg 1050w\" sizes=\"(max-width: 800px) 100vw, 800px\" \/><p id=\"caption-attachment-58785\" class=\"wp-caption-text\">Pasteur Pedro Torres, directeur de la communication pour l\u2019Union Franco-Belge, assis dans l\u2019arri\u00e8re-cour de sa maison en France et il partage son exp\u00e9rience difficile avec le Covid-19, sept semaines apr\u00e8s avoir \u00e9t\u00e9 contamin\u00e9 par le virus en mars 2020. [Photo : Pedro Torres]<\/p><\/div>11 Mai 2020 | Paris, France | Par : Pedro Torres, pour le P\u00f4le Informations de la Division Inter Am\u00e9ricaine<\/p>\n<p>Je suis parvenu au terme d\u2019une longue bataille contre le COVID-19 qui a dur\u00e9 pr\u00e8s de huit semaines. Il m\u2019est encore difficile de me tenir debout car je me sens faible et je souffre de vertiges, ce qui rend les t\u00e2ches quotidiennes les plus simples risqu\u00e9es. M\u00eame lorsque je suis assis, je souffre toujours de maux de t\u00eate soudains et d\u2019\u00e9tourdissement constant.<\/p>\n<p>Au cours des deux derniers mois, j\u2019ai pass\u00e9 pr\u00e8s de sept semaines au lit, ce qui a transform\u00e9 ma fa\u00e7on de voir la vie et ses priorit\u00e9s. En cela, je ne suis pas un cas unique. Les gens parlent d\u2019un \u00ab monde post-COVID-19, \u00bb car le monde ne sera plus jamais le m\u00eame. Nos vies, collectivement et personnellement, ne seront plus les m\u00eames. Tout comme le 11 septembre 2001 a chang\u00e9 le monde pour de bon, le virus actuel a un effet similaire.<\/p>\n<p>Le samedi 14 mars, je me suis soudain sentie asphyxi\u00e9. J\u2019\u00e9tais chez moi quand, sans avertissement, j\u2019ai senti que je ne pouvais pas respirer. Au d\u00e9but, je pensais que c\u2019\u00e9tait un probl\u00e8me cardiaque, chose que j\u2019avais d\u00e9j\u00e0 ressenti dans le pass\u00e9, mais ensuite j\u2019ai r\u00e9alis\u00e9 que cette fois c\u2019\u00e9tait diff\u00e9rent. Je me suis lev\u00e9 pour respirer et je suis m\u00eame all\u00e9 dans mon jardin en essayant de prendre une bouff\u00e9e d\u2019air. J\u2019ai trouv\u00e9 tr\u00e8s difficile de me remplir les poumons et j\u2019avais vraiment peur. J\u2019ai pens\u00e9 que je m\u2019\u00e9vanouirais bient\u00f4t, mais le Seigneur m\u2019a gard\u00e9 en vie. La fi\u00e8vre est venue plus tard avec une longue liste de sympt\u00f4mes &#8211; toux, larmes aux yeux, perte de l\u2019odorat, ecz\u00e9ma cutan\u00e9, tachycardie, bradycardie, et douleurs dans tout le corps, comme si quelqu\u2019un le martelait avec des clous.<\/p>\n<p>Tout au long de ma vie, j\u2019ai c\u00f4toy\u00e9 la mort de pr\u00e8s \u00e0 plusieurs reprises. Au cours de ces derni\u00e8res semaines, j\u2019ai vu la mort de pr\u00e8s une fois de plus lorsque mon rythme cardiaque est pass\u00e9 soudainement de 100 \u00e0 40 battements ou moins par minute. J\u2019ai essay\u00e9 d\u2019augmenter mes battements cardiaques en me mettant en hyperventilation mais c\u2019\u00e9tait aussi difficile \u00e0 cause de mes poumons endommag\u00e9s. J\u2019avais peur de m\u2019endormir car j\u2019\u00e9tais convaincu qu\u2019avec un rythme cardiaque aussi faible, mon c\u0153ur s\u2019arr\u00eaterait si je m\u2019endormais. C\u2019est une vraie peur que j\u2019ai ressenti pendant ces deux semaines, peur de perdre soudainement la vie.<\/p>\n<p>Dans des moments comme ceux-ci, vous criez au Seigneur, sentant que dans seulement quelques secondes, vous pourriez arr\u00eater de respirer pour toujours. On pourrait penser que toutes ces promesses bibliques comme les Psaumes 91, 89, 23, que nous nous envoyons par le biais des m\u00e9dias sociaux, des SMS, et d\u2019autres moyens, viendraient \u00e0 l\u2019esprit, mais lorsque vous avez du mal \u00e0 respirer, les promesses bibliques passent au second plan. C\u2019est quelque chose que je trouve difficile \u00e0 expliquer<br \/>\n<span style=\"text-decoration: line-through;\">.<\/span> Bien s\u00fbr, chacun vit une exp\u00e9rience diff\u00e9rente.<\/p>\n<p>J\u2019ai appris de cette exp\u00e9rience que je devrais m\u2019abstenir de critiquer ceux qui sont malades et ne peuvent pas r\u00e9citer des textes de la Bible pour s\u2019encourager. Je voudrais donc remercier ceux, peut-\u00eatre des centaines et des milliers, qui me suivent sur mes r\u00e9seaux sociaux, les gens qui ont pri\u00e9 pour moi et pour la sant\u00e9 de ma famille. Il nous est dit dans la Bible que nous devons prier les uns pour les autres.<\/p>\n<p>Ce que j\u2019ai trouv\u00e9 utile dans ces moments d\u2019agonie, ce sont mes souvenirs. C\u2019est incroyable de voir comment vous commencez \u00e0 passer en revue votre pass\u00e9 en quelques secondes, quand vous ressentez que votre vie s\u2019en va. Alors que je revoyais mes souvenirs, j\u2019ai trouv\u00e9 d\u2019autres \u00ab promesses \u00bb qui m\u2019ont vraiment donn\u00e9 le courage de continuer. Je me suis souvenu comment le Seigneur avait miraculeusement pr\u00e9serv\u00e9 ma vie lors d\u2019occasions pr\u00e9c\u00e9dentes.<\/p>\n<p>Permettez-moi de partager quelques-unes d\u2019entre elles avec vous. Je me suis souvenu qu\u2019en 1994, je faisais partie d\u2019une \u00e9quipe d\u2019ADRA au Rwanda pour aider au milieu d\u2019une guerre civile qui s\u2019est termin\u00e9e par un g\u00e9nocide. Pendant ces mois, le Seigneur m\u2019a gu\u00e9ri du paludisme, au milieu de la jungle, l\u00e0 o\u00f9 il n&rsquo;y avait pas de routes, gr\u00e2ce \u00e0 un m\u00e9dicament qui, je l\u2019ai appris plus tard, n\u2019\u00e9tait pas le bon. Ce fut un miracle. Une autre fois, alors que nous roulions sur les routes \u00e0 travers la jungle, un jeune soldat a essay\u00e9 de nous voler. Il a plac\u00e9 sa mitrailleuse sur mon visage alors que je refusais de lui donner quoi que ce soit car ce v\u00e9hicule et mon groupe travaillaient pour ADRA et pour Dieu. Alors qu\u2019il continuait de me tenir en joue, je lui ai r\u00e9pondu avec col\u00e8re. Il a eu tellement peur qu\u2019il nous a laiss\u00e9 poursuivre notre chemin. Plus tard, mon \u00e9quipe, y compris ma femme (qui \u00e9tait ma petite amie \u00e0 l\u2019\u00e9poque), m\u2019a montr\u00e9 \u00e0 quel point j\u2019avais \u00e9t\u00e9 imprudent, car il aurait pu me tirer dessus d\u2019un simple appui sur la g\u00e2chette. Cependant, le Seigneur nous a sauv\u00e9s de cette situation.<\/p>\n<p>Une autre fois encore, nous nous sommes arr\u00eat\u00e9s pour un enfant soldat qui n\u2019avait vraisemblablement pas plus de 11 ans. Nous l\u2019avons embarqu\u00e9 dans notre camion et en traversant un nid-de-poule, il a laiss\u00e9 tomber une grenade dans notre v\u00e9hicule. Nous avons surv\u00e9cu \u00e0 cet incident. Une autre fois, nous sommes arriv\u00e9s sans le savoir dans un champ de mines. Notre guide local, vraiment effray\u00e9, m\u2019a fait arr\u00eater tout de suite et m\u2019a suppli\u00e9 de revenir sur les m\u00eames traces que nous avions laiss\u00e9es. Il y a beaucoup d\u2019autres exp\u00e9riences trop longues \u00e0 raconter.<\/p>\n<p>Des ann\u00e9es plus tard, alors que je servais encore en Espagne, j\u2019ai eu, en raison d\u2019une situation particuli\u00e8re, cinq probl\u00e8mes cardiaques en deux mois, avec seulement quelques semaines entre chacun d\u2019entre eux. Mais Dieu m\u2019a \u00e9galement sauv\u00e9 de cette situation sans cons\u00e9quences \u00e0 long terme.<\/p>\n<p>\u00ab Si le Seigneur m\u2019a pr\u00e9serv\u00e9 lors de toutes ces situations, comment pourrait-il arr\u00eater de le faire maintenant ? \u00bb me suis-je dit. Dieu, qui m\u2019a pr\u00e9serv\u00e9, qui m\u2019a port\u00e9 et continue de me porter dans sa main, m\u2019a donn\u00e9 la force de me dire maintes et maintes fois : \u00ab Penses-tu qu\u2019apr\u00e8s tout cela, un virus me tuera ? et s\u2019il me tue, qu\u2019il me tue. \u00bb Tout comme dans Daniel 3, nous avons un Dieu qui peut nous d\u00e9livrer, mais s\u2019il d\u00e9cide de ne pas le faire, que sa volont\u00e9 soit faite.<\/p>\n<p>Comme beaucoup d\u2019autres personnes, j\u2019avais de nombreux projets, un programme complet jusqu\u2019\u00e0 la mi-septembre, avec des voyages \u00e0 travers la moiti\u00e9 de l\u2019Europe. En quelques heures seulement, j\u2019ai vu comment mon planning s\u2019est retrouv\u00e9 vide. Tous les projets, tous les voyages, tous les plans, toutes les campagnes d\u2019\u00e9vang\u00e9lisation et toutes les rencontres ont disparu. Lorsque le virus tente de vous tuer, m\u00eame les r\u00e9unions Zoom ne sont pas possibles.<\/p>\n<p>Mon programme avait \u00e9t\u00e9 remplac\u00e9 par mon propre champ de bataille. Le simple fait de marcher pour aller dans ma salle de bain \u00e9tait quelque chose de presque impossible. Pouvoir descendre les escaliers \u00e0 la maison \u00e9tait ressenti comme une victoire. Pouvoir m\u2019asseoir pendant une demi-heure sur mon canap\u00e9 \u00e9tait une nouvelle source de bonheur, m\u00eame si apr\u00e8s cela je devais retourner au lit imm\u00e9diatement, car je luttais d\u00e9sesp\u00e9r\u00e9ment pour parvenir \u00e0 respirer. Mes victoires sont devenues les plus humbles qu\u2019un \u00eatre humain puisse imaginer. Je n\u2019aurais jamais pens\u00e9 pouvoir ressentir autant de grandeur et de joie rien qu\u2019en faisant un seul pas, ou en restant debout droit pendant quelques secondes, puis quelques minutes. Mes priorit\u00e9s concernant ce qui est vraiment important ont chang\u00e9 en moi, chaque jour.<\/p>\n<p>Combien parmi nous, pasteurs, avons fait souffrir nos familles parce que nous \u00ab servons Dieu et l\u2019\u00e9glise, \u00bb alors que le Seigneur ne nous a jamais demand\u00e9 des sacrifices tels que n\u00e9gliger nos familles ou ne pas passer suffisamment de temps avec elles. Je suis reconnaissant de passer par ce processus, car il me permet de me retrouver et de me r\u00e9concilier avec ma femme et mes enfants.<\/p>\n<p>Nos \u00e9glises ont r\u00e9ussi \u00e0 continuer sans nos r\u00e9unions hebdomadaires en personne dans nos lieux de culte. Nous avons trouv\u00e9 de nouvelles fa\u00e7ons de faire de chaque maison une \u00e9glise. Nous avons continu\u00e9 \u00e0 avancer parce que, si nous nous souvenons bien, c\u2019est l\u2019\u00e9glise de Dieu, pas la n\u00f4tre. C\u2019est l\u2019\u00e9glise qui r\u00e9ussira \u00e0 avancer quoi qu\u2019il arrive, parce que c\u2019est son \u00e9glise. En tant que leader, j\u2019ai d\u00e9couvert que je dois faire davantage confiance au Seigneur de l\u2019\u00e9glise. Elle n\u2019appartient \u00e0 aucun pasteur, directeur de d\u00e9partement ou pr\u00e9sident. Dieu a dirig\u00e9 son \u00e9glise dans le pass\u00e9 et continuera de le faire &#8211; peut-\u00eatre de mani\u00e8re diff\u00e9rente ou avec des m\u00e9thodes diff\u00e9rentes, mais en suivant le m\u00eame principe &#8211; aider son peuple \u00e0 accomplir le mandat \u00e9vang\u00e9lique consistant \u00e0 pr\u00eacher \u00e0 toute nation, \u00e0 toute tribu, \u00e0 toute langue et \u00e0 tout peuple.<\/p>\n<p>Le m\u00eame Dieu qui \u00ab a vid\u00e9 nos plannings, \u00bb les remplira \u00e0 nouveau de nouveaux projets, peut-\u00eatre de meilleurs, plus efficients et efficaces. Laissons-le nous guider et guider son \u00e9glise.<\/p>\n<p><em>Pedro Torres est le directeur de la communication de l\u2019Union Franco-Belge, dont le si\u00e8ge se trouve en France.<\/em><\/p>\n<p>Traduction: Patrick Luciathe<\/p>\n","protected":false},"excerpt":{"rendered":"<p>11 Mai 2020 | Paris, France | Par : Pedro Torres, pour le P\u00f4le Informations de la Division Inter Am\u00e9ricaine Je suis parvenu au terme d\u2019une longue bataille contre le&#8230;<\/p>\n","protected":false},"author":3,"featured_media":60751,"comment_status":"open","ping_status":"closed","sticky":false,"template":"","format":"standard","meta":{"_acf_changed":false,"footnotes":""},"categories":[20,19],"tags":[],"class_list":["post-58803","post","type-post","status-publish","format-standard","has-post-thumbnail","hentry","category-nouvelles-du-siege-de-la-division","category-rss-francais"],"acf":[],"yoast_head":"<!-- This site is optimized with the Yoast SEO plugin v27.3 - https:\/\/yoast.com\/product\/yoast-seo-wordpress\/ -->\n<title>Comment mon exp\u00e9rience avec le COVID-19 m\u2019a chang\u00e9 - \u00c9glise Adventiste Du Septieme Jour - Inter Am\u00e9rique Division<\/title>\n<meta name=\"robots\" content=\"index, follow, max-snippet:-1, max-image-preview:large, max-video-preview:-1\" \/>\n<link rel=\"canonical\" href=\"https:\/\/interamerica.org\/fr\/2020\/05\/comment-mon-experience-avec-le-covid-19-ma-change\/\" \/>\n<meta property=\"og:locale\" content=\"fr_FR\" \/>\n<meta property=\"og:type\" content=\"article\" \/>\n<meta property=\"og:title\" content=\"Comment mon exp\u00e9rience avec le COVID-19 m\u2019a chang\u00e9 - \u00c9glise Adventiste Du Septieme Jour - Inter Am\u00e9rique Division\" \/>\n<meta property=\"og:description\" content=\"11 Mai 2020 | Paris, France | Par : Pedro Torres, pour le P\u00f4le Informations de la Division Inter Am\u00e9ricaine Je suis parvenu au terme d\u2019une longue bataille contre le...\" \/>\n<meta property=\"og:url\" content=\"https:\/\/interamerica.org\/fr\/2020\/05\/comment-mon-experience-avec-le-covid-19-ma-change\/\" \/>\n<meta property=\"og:site_name\" content=\"\u00c9glise Adventiste Du Septieme Jour - Inter Am\u00e9rique Division\" \/>\n<meta property=\"article:published_time\" content=\"2020-05-15T13:39:08+00:00\" \/>\n<meta property=\"article:modified_time\" content=\"2020-05-15T17:59:43+00:00\" \/>\n<meta property=\"og:image\" content=\"https:\/\/interamerica.org\/wp-content\/uploads\/2020\/05\/pedro-torres-1280-2.jpg\" \/>\n\t<meta property=\"og:image:width\" content=\"1050\" \/>\n\t<meta property=\"og:image:height\" content=\"656\" \/>\n\t<meta property=\"og:image:type\" content=\"image\/jpeg\" \/>\n<meta name=\"author\" content=\"libna\" \/>\n<meta name=\"twitter:card\" content=\"summary_large_image\" \/>\n<meta name=\"twitter:label1\" content=\"\u00c9crit par\" \/>\n\t<meta name=\"twitter:data1\" content=\"libna\" \/>\n\t<meta name=\"twitter:label2\" content=\"Dur\u00e9e de lecture estim\u00e9e\" \/>\n\t<meta name=\"twitter:data2\" content=\"9 minutes\" \/>\n<script type=\"application\/ld+json\" class=\"yoast-schema-graph\">{\"@context\":\"https:\\\/\\\/schema.org\",\"@graph\":[{\"@type\":\"Article\",\"@id\":\"https:\\\/\\\/interamerica.org\\\/fr\\\/2020\\\/05\\\/comment-mon-experience-avec-le-covid-19-ma-change\\\/#article\",\"isPartOf\":{\"@id\":\"https:\\\/\\\/interamerica.org\\\/fr\\\/2020\\\/05\\\/comment-mon-experience-avec-le-covid-19-ma-change\\\/\"},\"author\":{\"name\":\"libna\",\"@id\":\"https:\\\/\\\/interamerica.org\\\/fr\\\/#\\\/schema\\\/person\\\/29998f2bc2d8bd0d38662909289b54f1\"},\"headline\":\"Comment mon exp\u00e9rience avec le COVID-19 m\u2019a chang\u00e9\",\"datePublished\":\"2020-05-15T13:39:08+00:00\",\"dateModified\":\"2020-05-15T17:59:43+00:00\",\"mainEntityOfPage\":{\"@id\":\"https:\\\/\\\/interamerica.org\\\/fr\\\/2020\\\/05\\\/comment-mon-experience-avec-le-covid-19-ma-change\\\/\"},\"wordCount\":1735,\"commentCount\":0,\"image\":{\"@id\":\"https:\\\/\\\/interamerica.org\\\/fr\\\/2020\\\/05\\\/comment-mon-experience-avec-le-covid-19-ma-change\\\/#primaryimage\"},\"thumbnailUrl\":\"https:\\\/\\\/interamerica.org\\\/wp-content\\\/uploads\\\/2020\\\/05\\\/pedro-torres-1280-2.jpg\",\"articleSection\":[\"Nouvelles du si\u00e8ge de la division\",\"RSS Fran\u00e7ais\"],\"inLanguage\":\"fr-FR\",\"potentialAction\":[{\"@type\":\"CommentAction\",\"name\":\"Comment\",\"target\":[\"https:\\\/\\\/interamerica.org\\\/fr\\\/2020\\\/05\\\/comment-mon-experience-avec-le-covid-19-ma-change\\\/#respond\"]}]},{\"@type\":\"WebPage\",\"@id\":\"https:\\\/\\\/interamerica.org\\\/fr\\\/2020\\\/05\\\/comment-mon-experience-avec-le-covid-19-ma-change\\\/\",\"url\":\"https:\\\/\\\/interamerica.org\\\/fr\\\/2020\\\/05\\\/comment-mon-experience-avec-le-covid-19-ma-change\\\/\",\"name\":\"Comment mon exp\u00e9rience avec le COVID-19 m\u2019a chang\u00e9 - \u00c9glise Adventiste Du Septieme Jour - Inter Am\u00e9rique Division\",\"isPartOf\":{\"@id\":\"https:\\\/\\\/interamerica.org\\\/fr\\\/#website\"},\"primaryImageOfPage\":{\"@id\":\"https:\\\/\\\/interamerica.org\\\/fr\\\/2020\\\/05\\\/comment-mon-experience-avec-le-covid-19-ma-change\\\/#primaryimage\"},\"image\":{\"@id\":\"https:\\\/\\\/interamerica.org\\\/fr\\\/2020\\\/05\\\/comment-mon-experience-avec-le-covid-19-ma-change\\\/#primaryimage\"},\"thumbnailUrl\":\"https:\\\/\\\/interamerica.org\\\/wp-content\\\/uploads\\\/2020\\\/05\\\/pedro-torres-1280-2.jpg\",\"datePublished\":\"2020-05-15T13:39:08+00:00\",\"dateModified\":\"2020-05-15T17:59:43+00:00\",\"author\":{\"@id\":\"https:\\\/\\\/interamerica.org\\\/fr\\\/#\\\/schema\\\/person\\\/29998f2bc2d8bd0d38662909289b54f1\"},\"breadcrumb\":{\"@id\":\"https:\\\/\\\/interamerica.org\\\/fr\\\/2020\\\/05\\\/comment-mon-experience-avec-le-covid-19-ma-change\\\/#breadcrumb\"},\"inLanguage\":\"fr-FR\",\"potentialAction\":[{\"@type\":\"ReadAction\",\"target\":[\"https:\\\/\\\/interamerica.org\\\/fr\\\/2020\\\/05\\\/comment-mon-experience-avec-le-covid-19-ma-change\\\/\"]}]},{\"@type\":\"ImageObject\",\"inLanguage\":\"fr-FR\",\"@id\":\"https:\\\/\\\/interamerica.org\\\/fr\\\/2020\\\/05\\\/comment-mon-experience-avec-le-covid-19-ma-change\\\/#primaryimage\",\"url\":\"https:\\\/\\\/interamerica.org\\\/wp-content\\\/uploads\\\/2020\\\/05\\\/pedro-torres-1280-2.jpg\",\"contentUrl\":\"https:\\\/\\\/interamerica.org\\\/wp-content\\\/uploads\\\/2020\\\/05\\\/pedro-torres-1280-2.jpg\",\"width\":1050,\"height\":656},{\"@type\":\"BreadcrumbList\",\"@id\":\"https:\\\/\\\/interamerica.org\\\/fr\\\/2020\\\/05\\\/comment-mon-experience-avec-le-covid-19-ma-change\\\/#breadcrumb\",\"itemListElement\":[{\"@type\":\"ListItem\",\"position\":1,\"name\":\"Home\",\"item\":\"https:\\\/\\\/interamerica.org\\\/fr\\\/\"},{\"@type\":\"ListItem\",\"position\":2,\"name\":\"Comment mon exp\u00e9rience avec le COVID-19 m\u2019a chang\u00e9\"}]},{\"@type\":\"WebSite\",\"@id\":\"https:\\\/\\\/interamerica.org\\\/fr\\\/#website\",\"url\":\"https:\\\/\\\/interamerica.org\\\/fr\\\/\",\"name\":\"\u00c9glise Adventiste Du Septieme Jour - Inter Am\u00e9rique Division\",\"description\":\"\",\"potentialAction\":[{\"@type\":\"SearchAction\",\"target\":{\"@type\":\"EntryPoint\",\"urlTemplate\":\"https:\\\/\\\/interamerica.org\\\/fr\\\/?s={search_term_string}\"},\"query-input\":{\"@type\":\"PropertyValueSpecification\",\"valueRequired\":true,\"valueName\":\"search_term_string\"}}],\"inLanguage\":\"fr-FR\"},{\"@type\":\"Person\",\"@id\":\"https:\\\/\\\/interamerica.org\\\/fr\\\/#\\\/schema\\\/person\\\/29998f2bc2d8bd0d38662909289b54f1\",\"name\":\"libna\",\"image\":{\"@type\":\"ImageObject\",\"inLanguage\":\"fr-FR\",\"@id\":\"https:\\\/\\\/secure.gravatar.com\\\/avatar\\\/7c5bd30ae4b47a9ba3c856590957fd1d96dc588bf3ac05719d247e126840331f?s=96&d=mm&r=g\",\"url\":\"https:\\\/\\\/secure.gravatar.com\\\/avatar\\\/7c5bd30ae4b47a9ba3c856590957fd1d96dc588bf3ac05719d247e126840331f?s=96&d=mm&r=g\",\"contentUrl\":\"https:\\\/\\\/secure.gravatar.com\\\/avatar\\\/7c5bd30ae4b47a9ba3c856590957fd1d96dc588bf3ac05719d247e126840331f?s=96&d=mm&r=g\",\"caption\":\"libna\"}}]}<\/script>\n<!-- \/ Yoast SEO plugin. -->","yoast_head_json":{"title":"Comment mon exp\u00e9rience avec le COVID-19 m\u2019a chang\u00e9 - \u00c9glise Adventiste Du Septieme Jour - Inter Am\u00e9rique Division","robots":{"index":"index","follow":"follow","max-snippet":"max-snippet:-1","max-image-preview":"max-image-preview:large","max-video-preview":"max-video-preview:-1"},"canonical":"https:\/\/interamerica.org\/fr\/2020\/05\/comment-mon-experience-avec-le-covid-19-ma-change\/","og_locale":"fr_FR","og_type":"article","og_title":"Comment mon exp\u00e9rience avec le COVID-19 m\u2019a chang\u00e9 - \u00c9glise Adventiste Du Septieme Jour - Inter Am\u00e9rique Division","og_description":"11 Mai 2020 | Paris, France | Par : Pedro Torres, pour le P\u00f4le Informations de la Division Inter Am\u00e9ricaine Je suis parvenu au terme d\u2019une longue bataille contre le...","og_url":"https:\/\/interamerica.org\/fr\/2020\/05\/comment-mon-experience-avec-le-covid-19-ma-change\/","og_site_name":"\u00c9glise Adventiste Du Septieme Jour - Inter Am\u00e9rique Division","article_published_time":"2020-05-15T13:39:08+00:00","article_modified_time":"2020-05-15T17:59:43+00:00","og_image":[{"width":1050,"height":656,"url":"https:\/\/interamerica.org\/wp-content\/uploads\/2020\/05\/pedro-torres-1280-2.jpg","type":"image\/jpeg"}],"author":"libna","twitter_card":"summary_large_image","twitter_misc":{"\u00c9crit par":"libna","Dur\u00e9e de lecture estim\u00e9e":"9 minutes"},"schema":{"@context":"https:\/\/schema.org","@graph":[{"@type":"Article","@id":"https:\/\/interamerica.org\/fr\/2020\/05\/comment-mon-experience-avec-le-covid-19-ma-change\/#article","isPartOf":{"@id":"https:\/\/interamerica.org\/fr\/2020\/05\/comment-mon-experience-avec-le-covid-19-ma-change\/"},"author":{"name":"libna","@id":"https:\/\/interamerica.org\/fr\/#\/schema\/person\/29998f2bc2d8bd0d38662909289b54f1"},"headline":"Comment mon exp\u00e9rience avec le COVID-19 m\u2019a chang\u00e9","datePublished":"2020-05-15T13:39:08+00:00","dateModified":"2020-05-15T17:59:43+00:00","mainEntityOfPage":{"@id":"https:\/\/interamerica.org\/fr\/2020\/05\/comment-mon-experience-avec-le-covid-19-ma-change\/"},"wordCount":1735,"commentCount":0,"image":{"@id":"https:\/\/interamerica.org\/fr\/2020\/05\/comment-mon-experience-avec-le-covid-19-ma-change\/#primaryimage"},"thumbnailUrl":"https:\/\/interamerica.org\/wp-content\/uploads\/2020\/05\/pedro-torres-1280-2.jpg","articleSection":["Nouvelles du si\u00e8ge de la division","RSS Fran\u00e7ais"],"inLanguage":"fr-FR","potentialAction":[{"@type":"CommentAction","name":"Comment","target":["https:\/\/interamerica.org\/fr\/2020\/05\/comment-mon-experience-avec-le-covid-19-ma-change\/#respond"]}]},{"@type":"WebPage","@id":"https:\/\/interamerica.org\/fr\/2020\/05\/comment-mon-experience-avec-le-covid-19-ma-change\/","url":"https:\/\/interamerica.org\/fr\/2020\/05\/comment-mon-experience-avec-le-covid-19-ma-change\/","name":"Comment mon exp\u00e9rience avec le COVID-19 m\u2019a chang\u00e9 - \u00c9glise Adventiste Du Septieme Jour - Inter Am\u00e9rique Division","isPartOf":{"@id":"https:\/\/interamerica.org\/fr\/#website"},"primaryImageOfPage":{"@id":"https:\/\/interamerica.org\/fr\/2020\/05\/comment-mon-experience-avec-le-covid-19-ma-change\/#primaryimage"},"image":{"@id":"https:\/\/interamerica.org\/fr\/2020\/05\/comment-mon-experience-avec-le-covid-19-ma-change\/#primaryimage"},"thumbnailUrl":"https:\/\/interamerica.org\/wp-content\/uploads\/2020\/05\/pedro-torres-1280-2.jpg","datePublished":"2020-05-15T13:39:08+00:00","dateModified":"2020-05-15T17:59:43+00:00","author":{"@id":"https:\/\/interamerica.org\/fr\/#\/schema\/person\/29998f2bc2d8bd0d38662909289b54f1"},"breadcrumb":{"@id":"https:\/\/interamerica.org\/fr\/2020\/05\/comment-mon-experience-avec-le-covid-19-ma-change\/#breadcrumb"},"inLanguage":"fr-FR","potentialAction":[{"@type":"ReadAction","target":["https:\/\/interamerica.org\/fr\/2020\/05\/comment-mon-experience-avec-le-covid-19-ma-change\/"]}]},{"@type":"ImageObject","inLanguage":"fr-FR","@id":"https:\/\/interamerica.org\/fr\/2020\/05\/comment-mon-experience-avec-le-covid-19-ma-change\/#primaryimage","url":"https:\/\/interamerica.org\/wp-content\/uploads\/2020\/05\/pedro-torres-1280-2.jpg","contentUrl":"https:\/\/interamerica.org\/wp-content\/uploads\/2020\/05\/pedro-torres-1280-2.jpg","width":1050,"height":656},{"@type":"BreadcrumbList","@id":"https:\/\/interamerica.org\/fr\/2020\/05\/comment-mon-experience-avec-le-covid-19-ma-change\/#breadcrumb","itemListElement":[{"@type":"ListItem","position":1,"name":"Home","item":"https:\/\/interamerica.org\/fr\/"},{"@type":"ListItem","position":2,"name":"Comment mon exp\u00e9rience avec le COVID-19 m\u2019a chang\u00e9"}]},{"@type":"WebSite","@id":"https:\/\/interamerica.org\/fr\/#website","url":"https:\/\/interamerica.org\/fr\/","name":"\u00c9glise Adventiste Du Septieme Jour - Inter Am\u00e9rique Division","description":"","potentialAction":[{"@type":"SearchAction","target":{"@type":"EntryPoint","urlTemplate":"https:\/\/interamerica.org\/fr\/?s={search_term_string}"},"query-input":{"@type":"PropertyValueSpecification","valueRequired":true,"valueName":"search_term_string"}}],"inLanguage":"fr-FR"},{"@type":"Person","@id":"https:\/\/interamerica.org\/fr\/#\/schema\/person\/29998f2bc2d8bd0d38662909289b54f1","name":"libna","image":{"@type":"ImageObject","inLanguage":"fr-FR","@id":"https:\/\/secure.gravatar.com\/avatar\/7c5bd30ae4b47a9ba3c856590957fd1d96dc588bf3ac05719d247e126840331f?s=96&d=mm&r=g","url":"https:\/\/secure.gravatar.com\/avatar\/7c5bd30ae4b47a9ba3c856590957fd1d96dc588bf3ac05719d247e126840331f?s=96&d=mm&r=g","contentUrl":"https:\/\/secure.gravatar.com\/avatar\/7c5bd30ae4b47a9ba3c856590957fd1d96dc588bf3ac05719d247e126840331f?s=96&d=mm&r=g","caption":"libna"}}]}},"_links":{"self":[{"href":"https:\/\/interamerica.org\/fr\/wp-json\/wp\/v2\/posts\/58803","targetHints":{"allow":["GET"]}}],"collection":[{"href":"https:\/\/interamerica.org\/fr\/wp-json\/wp\/v2\/posts"}],"about":[{"href":"https:\/\/interamerica.org\/fr\/wp-json\/wp\/v2\/types\/post"}],"author":[{"embeddable":true,"href":"https:\/\/interamerica.org\/fr\/wp-json\/wp\/v2\/users\/3"}],"replies":[{"embeddable":true,"href":"https:\/\/interamerica.org\/fr\/wp-json\/wp\/v2\/comments?post=58803"}],"version-history":[{"count":0,"href":"https:\/\/interamerica.org\/fr\/wp-json\/wp\/v2\/posts\/58803\/revisions"}],"wp:featuredmedia":[{"embeddable":true,"href":"https:\/\/interamerica.org\/fr\/wp-json\/wp\/v2\/media\/60751"}],"wp:attachment":[{"href":"https:\/\/interamerica.org\/fr\/wp-json\/wp\/v2\/media?parent=58803"}],"wp:term":[{"taxonomy":"category","embeddable":true,"href":"https:\/\/interamerica.org\/fr\/wp-json\/wp\/v2\/categories?post=58803"},{"taxonomy":"post_tag","embeddable":true,"href":"https:\/\/interamerica.org\/fr\/wp-json\/wp\/v2\/tags?post=58803"}],"curies":[{"name":"wp","href":"https:\/\/api.w.org\/{rel}","templated":true}]}}