{"id":58919,"date":"2020-05-19T17:43:08","date_gmt":"2020-05-19T21:43:08","guid":{"rendered":"https:\/\/recursing-golick.147-182-135-0.plesk.page\/?p=58919"},"modified":"2020-05-19T19:30:10","modified_gmt":"2020-05-19T23:30:10","slug":"des-masques-de-la-nourriture-et-des-vetements-pour-les-immigrants-venezueliens","status":"publish","type":"post","link":"https:\/\/interamerica.org\/fr\/2020\/05\/des-masques-de-la-nourriture-et-des-vetements-pour-les-immigrants-venezueliens\/","title":{"rendered":"Des masques, de la nourriture et des v\u00eatements pour les immigrants v\u00e9n\u00e9zu\u00e9liens"},"content":{"rendered":"<div id=\"attachment_58886\" style=\"width: 810px\" class=\"wp-caption aligncenter\"><img fetchpriority=\"high\" decoding=\"async\" aria-describedby=\"caption-attachment-58886\" class=\" wp-image-58885\" src=\"https:\/\/recursing-golick.147-182-135-0.plesk.page\/wp-content\/uploads\/2020\/05\/csm-sad-18-venezuelan-immigrants-receive-masks-food-and-clothes-donationcroppedforposting-e26276f845-1280-1024x640.jpg\" alt=\"\" width=\"800\" height=\"500\" srcset=\"https:\/\/interamerica.org\/wp-content\/uploads\/2020\/05\/csm-sad-18-venezuelan-immigrants-receive-masks-food-and-clothes-donationcroppedforposting-e26276f845-1280-1024x640.jpg 1024w, https:\/\/interamerica.org\/wp-content\/uploads\/2020\/05\/csm-sad-18-venezuelan-immigrants-receive-masks-food-and-clothes-donationcroppedforposting-e26276f845-1280-300x188.jpg 300w, https:\/\/interamerica.org\/wp-content\/uploads\/2020\/05\/csm-sad-18-venezuelan-immigrants-receive-masks-food-and-clothes-donationcroppedforposting-e26276f845-1280-768x480.jpg 768w, https:\/\/interamerica.org\/wp-content\/uploads\/2020\/05\/csm-sad-18-venezuelan-immigrants-receive-masks-food-and-clothes-donationcroppedforposting-e26276f845-1280.jpg 1280w\" sizes=\"(max-width: 800px) 100vw, 800px\" \/><p id=\"caption-attachment-58886\" class=\"wp-caption-text\">Une photo de la Division sud-am\u00e9ricaine.<\/p><\/div>\n<p><span class=\"pub_date font--secondary--s gray can-be--white\"><span lang=\"FR-CA\">Le 16 mai 2020 | Br\u00e9sil | Division sud-am\u00e9ricaine<\/span><\/span><\/p>\n<p>Les familles immigrantes sont parmi les groupes les plus vuln\u00e9rables en ces temps de crise du coronavirus. Au Br\u00e9sil, beaucoup d\u2019immigrants ont perdu leur emploi ou ont vu leur revenu diminuer \u00e0 cause de la pand\u00e9mie. Ils leur manquent donc certaines ressources de base leur permettant de vivre dans la dignit\u00e9. Heureusement, il y a <span lang=\"FR-CA\">l\u2019<a href=\"https:\/\/www.adventistas.org\/pt\/asa\/\">Action de solidarit\u00e9 adventiste<\/a><\/span> (ASA pour <em>A\u00e7<\/em><em>\u00e3<\/em><em>o Solid\u00e1ria Adventista<\/em>) pour leur offrir de l\u2019espoir en ces temps difficiles.<\/p>\n<p>En effet, le 26\u00a0avril dernier, des dizaines d\u2019immigrants v\u00e9n\u00e9zu\u00e9liens r\u00e9sidents de Guatamb\u00fa, une ville d\u2019environ 5\u00a0000\u00a0habitants dans l\u2019ouest de Santa Catarina, ont re\u00e7u de la nourriture, des v\u00eatements, des chaussures et des masques de l\u2019\u00e9quipe de l\u2019ASA de l\u2019\u00e9glise adventiste centrale de Chapec\u00f3.<\/p>\n<p>Pr\u00e8s de la totalit\u00e9 des 62\u00a0familles qui ont re\u00e7u des dons sont des V\u00e9n\u00e9zu\u00e9liens venus au Br\u00e9sil \u00e0 la recherche de nouvelles possibilit\u00e9s \u00e9tant donn\u00e9 la crise politique et humanitaire qui s\u00e9vit dans leur pays. Au total, pr\u00e8s de 1\u00a0600\u00a0pi\u00e8ces de v\u00eatements, quelque 300\u00a0kilos de nourriture et une centaine de masques ont \u00e9t\u00e9 donn\u00e9s.<\/p>\n<p>D\u2019apr\u00e8s Elizandro Ficagna, directeur des communications de l\u2019\u00e9glise adventiste centrale de Chapec\u00f3, les membres de l\u2019ASA aident ces familles depuis leur arriv\u00e9e dans l\u2019ouest de Santa Catarina. \u00ab\u00a0Les articles ont \u00e9t\u00e9 offerts par la population et ensuite distribu\u00e9s aux personnes dans le besoin par l\u2019\u00e9quipe de l\u2019ASA.\u00a0\u00bb<\/p>\n<p>Ines Hahn, une membre du groupe, a expliqu\u00e9 ce qui la motive \u00e0 participer aux projets de solidarit\u00e9 et ce qu\u2019elle ressent quand elle voit les r\u00e9sultats de son travail volontaire\u00a0: \u00ab\u00a0Je suis passionn\u00e9e par ce que je fais! Seul l\u2019amour de Dieu nous remplit de courage. Et les sourires et les larmes sur le visage des gens lorsqu\u2019on r\u00e9pond \u00e0 leurs demandes valent chaque effort fourni.\u00a0\u00bb<\/p>\n<p><a href=\"https:\/\/noticias.adventistas.org\/pt\/noticia\/projetos-sociais\/familias-de-imigrantes-da-venezuela-recebem-doacoes-de-roupas-alimentos-e-mascaras-em-sc\/\">Cet article<\/a> a d\u2019abord \u00e9t\u00e9 publi\u00e9 sur le <a href=\"https:\/\/noticias.adventistas.org\/pt\/?orderby=date&amp;order=DESC&amp;post_status=publish&amp;post_type=post&amp;seemore_title=%C3%9Altimas+Not%C3%ADcias&amp;xtt-pa-sedes=dsa\">site de nouvelles en portugais de la Division sud-am\u00e9ricaine<\/a>.<\/p>\n<p>Traduction : Marie-Mich\u00e8le Robitaille<\/p>\n","protected":false},"excerpt":{"rendered":"<p>Le 16 mai 2020 | Br\u00e9sil | Division sud-am\u00e9ricaine Les familles immigrantes sont parmi les groupes les plus vuln\u00e9rables en ces temps de crise du coronavirus. Au Br\u00e9sil, beaucoup d\u2019immigrants&#8230;<\/p>\n","protected":false},"author":3,"featured_media":58883,"comment_status":"open","ping_status":"closed","sticky":false,"template":"","format":"standard","meta":{"_acf_changed":false,"footnotes":""},"categories":[18,19],"tags":[],"class_list":["post-58919","post","type-post","status-publish","format-standard","has-post-thumbnail","hentry","category-nouvelles-de-leglise-mondiale","category-rss-francais"],"acf":[],"yoast_head":"<!-- This site is optimized with the Yoast SEO plugin v27.3 - https:\/\/yoast.com\/product\/yoast-seo-wordpress\/ -->\n<title>Des masques, de la nourriture et des v\u00eatements pour les immigrants v\u00e9n\u00e9zu\u00e9liens - \u00c9glise Adventiste Du Septieme Jour - Inter Am\u00e9rique Division<\/title>\n<meta name=\"robots\" content=\"index, follow, max-snippet:-1, max-image-preview:large, max-video-preview:-1\" \/>\n<link rel=\"canonical\" href=\"https:\/\/interamerica.org\/fr\/2020\/05\/des-masques-de-la-nourriture-et-des-vetements-pour-les-immigrants-venezueliens\/\" \/>\n<meta property=\"og:locale\" content=\"fr_FR\" \/>\n<meta property=\"og:type\" content=\"article\" \/>\n<meta property=\"og:title\" content=\"Des masques, de la nourriture et des v\u00eatements pour les immigrants v\u00e9n\u00e9zu\u00e9liens - \u00c9glise Adventiste Du Septieme Jour - Inter Am\u00e9rique Division\" \/>\n<meta property=\"og:description\" content=\"Le 16 mai 2020 | Br\u00e9sil | Division sud-am\u00e9ricaine Les familles immigrantes sont parmi les groupes les plus vuln\u00e9rables en ces temps de crise du coronavirus. Au Br\u00e9sil, beaucoup d\u2019immigrants...\" \/>\n<meta property=\"og:url\" content=\"https:\/\/interamerica.org\/fr\/2020\/05\/des-masques-de-la-nourriture-et-des-vetements-pour-les-immigrants-venezueliens\/\" \/>\n<meta property=\"og:site_name\" content=\"\u00c9glise Adventiste Du Septieme Jour - Inter Am\u00e9rique Division\" \/>\n<meta property=\"article:published_time\" content=\"2020-05-19T21:43:08+00:00\" \/>\n<meta property=\"article:modified_time\" content=\"2020-05-19T23:30:10+00:00\" \/>\n<meta property=\"og:image\" content=\"https:\/\/interamerica.org\/wp-content\/uploads\/2020\/05\/csm-sad-18-venezuelan-immigrants-receive-masks-food-and-clothes-donationcroppedforposting-e26276f845.jpg\" \/>\n\t<meta property=\"og:image:width\" content=\"672\" \/>\n\t<meta property=\"og:image:height\" content=\"378\" \/>\n\t<meta property=\"og:image:type\" content=\"image\/jpeg\" \/>\n<meta name=\"author\" content=\"libna\" \/>\n<meta name=\"twitter:card\" content=\"summary_large_image\" \/>\n<meta name=\"twitter:label1\" content=\"\u00c9crit par\" \/>\n\t<meta name=\"twitter:data1\" content=\"libna\" \/>\n\t<meta name=\"twitter:label2\" content=\"Dur\u00e9e de lecture estim\u00e9e\" \/>\n\t<meta name=\"twitter:data2\" content=\"2 minutes\" \/>\n<script type=\"application\/ld+json\" class=\"yoast-schema-graph\">{\"@context\":\"https:\\\/\\\/schema.org\",\"@graph\":[{\"@type\":\"Article\",\"@id\":\"https:\\\/\\\/interamerica.org\\\/fr\\\/2020\\\/05\\\/des-masques-de-la-nourriture-et-des-vetements-pour-les-immigrants-venezueliens\\\/#article\",\"isPartOf\":{\"@id\":\"https:\\\/\\\/interamerica.org\\\/fr\\\/2020\\\/05\\\/des-masques-de-la-nourriture-et-des-vetements-pour-les-immigrants-venezueliens\\\/\"},\"author\":{\"name\":\"libna\",\"@id\":\"https:\\\/\\\/interamerica.org\\\/fr\\\/#\\\/schema\\\/person\\\/29998f2bc2d8bd0d38662909289b54f1\"},\"headline\":\"Des masques, de la nourriture et des v\u00eatements pour les immigrants v\u00e9n\u00e9zu\u00e9liens\",\"datePublished\":\"2020-05-19T21:43:08+00:00\",\"dateModified\":\"2020-05-19T23:30:10+00:00\",\"mainEntityOfPage\":{\"@id\":\"https:\\\/\\\/interamerica.org\\\/fr\\\/2020\\\/05\\\/des-masques-de-la-nourriture-et-des-vetements-pour-les-immigrants-venezueliens\\\/\"},\"wordCount\":387,\"commentCount\":0,\"image\":{\"@id\":\"https:\\\/\\\/interamerica.org\\\/fr\\\/2020\\\/05\\\/des-masques-de-la-nourriture-et-des-vetements-pour-les-immigrants-venezueliens\\\/#primaryimage\"},\"thumbnailUrl\":\"https:\\\/\\\/interamerica.org\\\/wp-content\\\/uploads\\\/2020\\\/05\\\/csm-sad-18-venezuelan-immigrants-receive-masks-food-and-clothes-donationcroppedforposting-e26276f845.jpg\",\"articleSection\":[\"Nouvelles de l'\u00c9glise mondiale\",\"RSS Fran\u00e7ais\"],\"inLanguage\":\"fr-FR\",\"potentialAction\":[{\"@type\":\"CommentAction\",\"name\":\"Comment\",\"target\":[\"https:\\\/\\\/interamerica.org\\\/fr\\\/2020\\\/05\\\/des-masques-de-la-nourriture-et-des-vetements-pour-les-immigrants-venezueliens\\\/#respond\"]}]},{\"@type\":\"WebPage\",\"@id\":\"https:\\\/\\\/interamerica.org\\\/fr\\\/2020\\\/05\\\/des-masques-de-la-nourriture-et-des-vetements-pour-les-immigrants-venezueliens\\\/\",\"url\":\"https:\\\/\\\/interamerica.org\\\/fr\\\/2020\\\/05\\\/des-masques-de-la-nourriture-et-des-vetements-pour-les-immigrants-venezueliens\\\/\",\"name\":\"Des masques, de la nourriture et des v\u00eatements pour les immigrants v\u00e9n\u00e9zu\u00e9liens - \u00c9glise Adventiste Du Septieme Jour - Inter Am\u00e9rique Division\",\"isPartOf\":{\"@id\":\"https:\\\/\\\/interamerica.org\\\/fr\\\/#website\"},\"primaryImageOfPage\":{\"@id\":\"https:\\\/\\\/interamerica.org\\\/fr\\\/2020\\\/05\\\/des-masques-de-la-nourriture-et-des-vetements-pour-les-immigrants-venezueliens\\\/#primaryimage\"},\"image\":{\"@id\":\"https:\\\/\\\/interamerica.org\\\/fr\\\/2020\\\/05\\\/des-masques-de-la-nourriture-et-des-vetements-pour-les-immigrants-venezueliens\\\/#primaryimage\"},\"thumbnailUrl\":\"https:\\\/\\\/interamerica.org\\\/wp-content\\\/uploads\\\/2020\\\/05\\\/csm-sad-18-venezuelan-immigrants-receive-masks-food-and-clothes-donationcroppedforposting-e26276f845.jpg\",\"datePublished\":\"2020-05-19T21:43:08+00:00\",\"dateModified\":\"2020-05-19T23:30:10+00:00\",\"author\":{\"@id\":\"https:\\\/\\\/interamerica.org\\\/fr\\\/#\\\/schema\\\/person\\\/29998f2bc2d8bd0d38662909289b54f1\"},\"breadcrumb\":{\"@id\":\"https:\\\/\\\/interamerica.org\\\/fr\\\/2020\\\/05\\\/des-masques-de-la-nourriture-et-des-vetements-pour-les-immigrants-venezueliens\\\/#breadcrumb\"},\"inLanguage\":\"fr-FR\",\"potentialAction\":[{\"@type\":\"ReadAction\",\"target\":[\"https:\\\/\\\/interamerica.org\\\/fr\\\/2020\\\/05\\\/des-masques-de-la-nourriture-et-des-vetements-pour-les-immigrants-venezueliens\\\/\"]}]},{\"@type\":\"ImageObject\",\"inLanguage\":\"fr-FR\",\"@id\":\"https:\\\/\\\/interamerica.org\\\/fr\\\/2020\\\/05\\\/des-masques-de-la-nourriture-et-des-vetements-pour-les-immigrants-venezueliens\\\/#primaryimage\",\"url\":\"https:\\\/\\\/interamerica.org\\\/wp-content\\\/uploads\\\/2020\\\/05\\\/csm-sad-18-venezuelan-immigrants-receive-masks-food-and-clothes-donationcroppedforposting-e26276f845.jpg\",\"contentUrl\":\"https:\\\/\\\/interamerica.org\\\/wp-content\\\/uploads\\\/2020\\\/05\\\/csm-sad-18-venezuelan-immigrants-receive-masks-food-and-clothes-donationcroppedforposting-e26276f845.jpg\",\"width\":672,\"height\":378,\"caption\":\"Une photo de la Division sud-am\u00e9ricaine.\"},{\"@type\":\"BreadcrumbList\",\"@id\":\"https:\\\/\\\/interamerica.org\\\/fr\\\/2020\\\/05\\\/des-masques-de-la-nourriture-et-des-vetements-pour-les-immigrants-venezueliens\\\/#breadcrumb\",\"itemListElement\":[{\"@type\":\"ListItem\",\"position\":1,\"name\":\"Home\",\"item\":\"https:\\\/\\\/interamerica.org\\\/fr\\\/\"},{\"@type\":\"ListItem\",\"position\":2,\"name\":\"Des masques, de la nourriture et des v\u00eatements pour les immigrants v\u00e9n\u00e9zu\u00e9liens\"}]},{\"@type\":\"WebSite\",\"@id\":\"https:\\\/\\\/interamerica.org\\\/fr\\\/#website\",\"url\":\"https:\\\/\\\/interamerica.org\\\/fr\\\/\",\"name\":\"\u00c9glise Adventiste Du Septieme Jour - Inter Am\u00e9rique Division\",\"description\":\"\",\"potentialAction\":[{\"@type\":\"SearchAction\",\"target\":{\"@type\":\"EntryPoint\",\"urlTemplate\":\"https:\\\/\\\/interamerica.org\\\/fr\\\/?s={search_term_string}\"},\"query-input\":{\"@type\":\"PropertyValueSpecification\",\"valueRequired\":true,\"valueName\":\"search_term_string\"}}],\"inLanguage\":\"fr-FR\"},{\"@type\":\"Person\",\"@id\":\"https:\\\/\\\/interamerica.org\\\/fr\\\/#\\\/schema\\\/person\\\/29998f2bc2d8bd0d38662909289b54f1\",\"name\":\"libna\",\"image\":{\"@type\":\"ImageObject\",\"inLanguage\":\"fr-FR\",\"@id\":\"https:\\\/\\\/secure.gravatar.com\\\/avatar\\\/7c5bd30ae4b47a9ba3c856590957fd1d96dc588bf3ac05719d247e126840331f?s=96&d=mm&r=g\",\"url\":\"https:\\\/\\\/secure.gravatar.com\\\/avatar\\\/7c5bd30ae4b47a9ba3c856590957fd1d96dc588bf3ac05719d247e126840331f?s=96&d=mm&r=g\",\"contentUrl\":\"https:\\\/\\\/secure.gravatar.com\\\/avatar\\\/7c5bd30ae4b47a9ba3c856590957fd1d96dc588bf3ac05719d247e126840331f?s=96&d=mm&r=g\",\"caption\":\"libna\"}}]}<\/script>\n<!-- \/ Yoast SEO plugin. -->","yoast_head_json":{"title":"Des masques, de la nourriture et des v\u00eatements pour les immigrants v\u00e9n\u00e9zu\u00e9liens - \u00c9glise Adventiste Du Septieme Jour - Inter Am\u00e9rique Division","robots":{"index":"index","follow":"follow","max-snippet":"max-snippet:-1","max-image-preview":"max-image-preview:large","max-video-preview":"max-video-preview:-1"},"canonical":"https:\/\/interamerica.org\/fr\/2020\/05\/des-masques-de-la-nourriture-et-des-vetements-pour-les-immigrants-venezueliens\/","og_locale":"fr_FR","og_type":"article","og_title":"Des masques, de la nourriture et des v\u00eatements pour les immigrants v\u00e9n\u00e9zu\u00e9liens - \u00c9glise Adventiste Du Septieme Jour - Inter Am\u00e9rique Division","og_description":"Le 16 mai 2020 | Br\u00e9sil | Division sud-am\u00e9ricaine Les familles immigrantes sont parmi les groupes les plus vuln\u00e9rables en ces temps de crise du coronavirus. Au Br\u00e9sil, beaucoup d\u2019immigrants...","og_url":"https:\/\/interamerica.org\/fr\/2020\/05\/des-masques-de-la-nourriture-et-des-vetements-pour-les-immigrants-venezueliens\/","og_site_name":"\u00c9glise Adventiste Du Septieme Jour - Inter Am\u00e9rique Division","article_published_time":"2020-05-19T21:43:08+00:00","article_modified_time":"2020-05-19T23:30:10+00:00","og_image":[{"width":672,"height":378,"url":"https:\/\/interamerica.org\/wp-content\/uploads\/2020\/05\/csm-sad-18-venezuelan-immigrants-receive-masks-food-and-clothes-donationcroppedforposting-e26276f845.jpg","type":"image\/jpeg"}],"author":"libna","twitter_card":"summary_large_image","twitter_misc":{"\u00c9crit par":"libna","Dur\u00e9e de lecture estim\u00e9e":"2 minutes"},"schema":{"@context":"https:\/\/schema.org","@graph":[{"@type":"Article","@id":"https:\/\/interamerica.org\/fr\/2020\/05\/des-masques-de-la-nourriture-et-des-vetements-pour-les-immigrants-venezueliens\/#article","isPartOf":{"@id":"https:\/\/interamerica.org\/fr\/2020\/05\/des-masques-de-la-nourriture-et-des-vetements-pour-les-immigrants-venezueliens\/"},"author":{"name":"libna","@id":"https:\/\/interamerica.org\/fr\/#\/schema\/person\/29998f2bc2d8bd0d38662909289b54f1"},"headline":"Des masques, de la nourriture et des v\u00eatements pour les immigrants v\u00e9n\u00e9zu\u00e9liens","datePublished":"2020-05-19T21:43:08+00:00","dateModified":"2020-05-19T23:30:10+00:00","mainEntityOfPage":{"@id":"https:\/\/interamerica.org\/fr\/2020\/05\/des-masques-de-la-nourriture-et-des-vetements-pour-les-immigrants-venezueliens\/"},"wordCount":387,"commentCount":0,"image":{"@id":"https:\/\/interamerica.org\/fr\/2020\/05\/des-masques-de-la-nourriture-et-des-vetements-pour-les-immigrants-venezueliens\/#primaryimage"},"thumbnailUrl":"https:\/\/interamerica.org\/wp-content\/uploads\/2020\/05\/csm-sad-18-venezuelan-immigrants-receive-masks-food-and-clothes-donationcroppedforposting-e26276f845.jpg","articleSection":["Nouvelles de l'\u00c9glise mondiale","RSS Fran\u00e7ais"],"inLanguage":"fr-FR","potentialAction":[{"@type":"CommentAction","name":"Comment","target":["https:\/\/interamerica.org\/fr\/2020\/05\/des-masques-de-la-nourriture-et-des-vetements-pour-les-immigrants-venezueliens\/#respond"]}]},{"@type":"WebPage","@id":"https:\/\/interamerica.org\/fr\/2020\/05\/des-masques-de-la-nourriture-et-des-vetements-pour-les-immigrants-venezueliens\/","url":"https:\/\/interamerica.org\/fr\/2020\/05\/des-masques-de-la-nourriture-et-des-vetements-pour-les-immigrants-venezueliens\/","name":"Des masques, de la nourriture et des v\u00eatements pour les immigrants v\u00e9n\u00e9zu\u00e9liens - \u00c9glise Adventiste Du Septieme Jour - Inter Am\u00e9rique Division","isPartOf":{"@id":"https:\/\/interamerica.org\/fr\/#website"},"primaryImageOfPage":{"@id":"https:\/\/interamerica.org\/fr\/2020\/05\/des-masques-de-la-nourriture-et-des-vetements-pour-les-immigrants-venezueliens\/#primaryimage"},"image":{"@id":"https:\/\/interamerica.org\/fr\/2020\/05\/des-masques-de-la-nourriture-et-des-vetements-pour-les-immigrants-venezueliens\/#primaryimage"},"thumbnailUrl":"https:\/\/interamerica.org\/wp-content\/uploads\/2020\/05\/csm-sad-18-venezuelan-immigrants-receive-masks-food-and-clothes-donationcroppedforposting-e26276f845.jpg","datePublished":"2020-05-19T21:43:08+00:00","dateModified":"2020-05-19T23:30:10+00:00","author":{"@id":"https:\/\/interamerica.org\/fr\/#\/schema\/person\/29998f2bc2d8bd0d38662909289b54f1"},"breadcrumb":{"@id":"https:\/\/interamerica.org\/fr\/2020\/05\/des-masques-de-la-nourriture-et-des-vetements-pour-les-immigrants-venezueliens\/#breadcrumb"},"inLanguage":"fr-FR","potentialAction":[{"@type":"ReadAction","target":["https:\/\/interamerica.org\/fr\/2020\/05\/des-masques-de-la-nourriture-et-des-vetements-pour-les-immigrants-venezueliens\/"]}]},{"@type":"ImageObject","inLanguage":"fr-FR","@id":"https:\/\/interamerica.org\/fr\/2020\/05\/des-masques-de-la-nourriture-et-des-vetements-pour-les-immigrants-venezueliens\/#primaryimage","url":"https:\/\/interamerica.org\/wp-content\/uploads\/2020\/05\/csm-sad-18-venezuelan-immigrants-receive-masks-food-and-clothes-donationcroppedforposting-e26276f845.jpg","contentUrl":"https:\/\/interamerica.org\/wp-content\/uploads\/2020\/05\/csm-sad-18-venezuelan-immigrants-receive-masks-food-and-clothes-donationcroppedforposting-e26276f845.jpg","width":672,"height":378,"caption":"Une photo de la Division sud-am\u00e9ricaine."},{"@type":"BreadcrumbList","@id":"https:\/\/interamerica.org\/fr\/2020\/05\/des-masques-de-la-nourriture-et-des-vetements-pour-les-immigrants-venezueliens\/#breadcrumb","itemListElement":[{"@type":"ListItem","position":1,"name":"Home","item":"https:\/\/interamerica.org\/fr\/"},{"@type":"ListItem","position":2,"name":"Des masques, de la nourriture et des v\u00eatements pour les immigrants v\u00e9n\u00e9zu\u00e9liens"}]},{"@type":"WebSite","@id":"https:\/\/interamerica.org\/fr\/#website","url":"https:\/\/interamerica.org\/fr\/","name":"\u00c9glise Adventiste Du Septieme Jour - Inter Am\u00e9rique Division","description":"","potentialAction":[{"@type":"SearchAction","target":{"@type":"EntryPoint","urlTemplate":"https:\/\/interamerica.org\/fr\/?s={search_term_string}"},"query-input":{"@type":"PropertyValueSpecification","valueRequired":true,"valueName":"search_term_string"}}],"inLanguage":"fr-FR"},{"@type":"Person","@id":"https:\/\/interamerica.org\/fr\/#\/schema\/person\/29998f2bc2d8bd0d38662909289b54f1","name":"libna","image":{"@type":"ImageObject","inLanguage":"fr-FR","@id":"https:\/\/secure.gravatar.com\/avatar\/7c5bd30ae4b47a9ba3c856590957fd1d96dc588bf3ac05719d247e126840331f?s=96&d=mm&r=g","url":"https:\/\/secure.gravatar.com\/avatar\/7c5bd30ae4b47a9ba3c856590957fd1d96dc588bf3ac05719d247e126840331f?s=96&d=mm&r=g","contentUrl":"https:\/\/secure.gravatar.com\/avatar\/7c5bd30ae4b47a9ba3c856590957fd1d96dc588bf3ac05719d247e126840331f?s=96&d=mm&r=g","caption":"libna"}}]}},"_links":{"self":[{"href":"https:\/\/interamerica.org\/fr\/wp-json\/wp\/v2\/posts\/58919","targetHints":{"allow":["GET"]}}],"collection":[{"href":"https:\/\/interamerica.org\/fr\/wp-json\/wp\/v2\/posts"}],"about":[{"href":"https:\/\/interamerica.org\/fr\/wp-json\/wp\/v2\/types\/post"}],"author":[{"embeddable":true,"href":"https:\/\/interamerica.org\/fr\/wp-json\/wp\/v2\/users\/3"}],"replies":[{"embeddable":true,"href":"https:\/\/interamerica.org\/fr\/wp-json\/wp\/v2\/comments?post=58919"}],"version-history":[{"count":0,"href":"https:\/\/interamerica.org\/fr\/wp-json\/wp\/v2\/posts\/58919\/revisions"}],"wp:featuredmedia":[{"embeddable":true,"href":"https:\/\/interamerica.org\/fr\/wp-json\/wp\/v2\/media\/58883"}],"wp:attachment":[{"href":"https:\/\/interamerica.org\/fr\/wp-json\/wp\/v2\/media?parent=58919"}],"wp:term":[{"taxonomy":"category","embeddable":true,"href":"https:\/\/interamerica.org\/fr\/wp-json\/wp\/v2\/categories?post=58919"},{"taxonomy":"post_tag","embeddable":true,"href":"https:\/\/interamerica.org\/fr\/wp-json\/wp\/v2\/tags?post=58919"}],"curies":[{"name":"wp","href":"https:\/\/api.w.org\/{rel}","templated":true}]}}