{"id":58972,"date":"2020-05-19T22:42:30","date_gmt":"2020-05-20T02:42:30","guid":{"rendered":"https:\/\/recursing-golick.147-182-135-0.plesk.page\/?p=58972"},"modified":"2020-05-28T12:40:43","modified_gmt":"2020-05-28T16:40:43","slug":"lengagement-et-le-service-encourages-lors-dun-evenement-en-ligne-de-la-societe-de-jeunesse-adventiste","status":"publish","type":"post","link":"https:\/\/interamerica.org\/fr\/2020\/05\/lengagement-et-le-service-encourages-lors-dun-evenement-en-ligne-de-la-societe-de-jeunesse-adventiste\/","title":{"rendered":"L\u2019engagement et le service encourag\u00e9s lors d\u2019un \u00e9v\u00e9nement en ligne de la Soci\u00e9t\u00e9 de jeunesse adventiste"},"content":{"rendered":"<div id=\"attachment_58928\" style=\"width: 816px\" class=\"wp-caption aligncenter\"><img fetchpriority=\"high\" decoding=\"async\" aria-describedby=\"caption-attachment-58928\" class=\" wp-image-58927\" src=\"https:\/\/recursing-golick.147-182-135-0.plesk.page\/wp-content\/uploads\/2020\/05\/ays-wvau-group-1024x559.jpg\" alt=\"\" width=\"806\" height=\"440\" srcset=\"https:\/\/interamerica.org\/wp-content\/uploads\/2020\/05\/ays-wvau-group-1024x559.jpg 1024w, https:\/\/interamerica.org\/wp-content\/uploads\/2020\/05\/ays-wvau-group-300x164.jpg 300w, https:\/\/interamerica.org\/wp-content\/uploads\/2020\/05\/ays-wvau-group-768x420.jpg 768w, https:\/\/interamerica.org\/wp-content\/uploads\/2020\/05\/ays-wvau-group.jpg 1100w\" sizes=\"(max-width: 806px) 100vw, 806px\" \/><p id=\"caption-attachment-58928\" class=\"wp-caption-text\"><span lang=\"FR-CA\">Un groupe de l\u2019Union ouest-v\u00e9n\u00e9zu\u00e9lienne chante lors d\u2019un programme en ligne de la Soci\u00e9t\u00e9 de jeunesse adventiste tenu le 16 mai 2020. Une photo de la Division interam\u00e9ricaine.<\/span><\/p><\/div>\n<p>Le 19 mai 2020 | Miami, Floride, \u00c9tats-Unis | Libna Stevens, Division interam\u00e9ricaine<\/p>\n<p>Le d\u00e9partement des minist\u00e8res de jeunesse de la Division interam\u00e9ricaine a lanc\u00e9 son premier programme en ligne trilingue de la Soci\u00e9t\u00e9 de jeunesse adventiste afin d\u2019encourager les jeunes de tout le territoire \u00e0 s\u2019engager dans la direction jeunesse et le service communautaire.<\/p>\n<p>Le programme en ligne comprend des r\u00e9flexions spirituelles de directeurs jeunesse de l\u2019\u00c9glise mondiale, la visite de villes et de pays du territoire interam\u00e9ricain ainsi que des activit\u00e9s et initiatives dans lesquelles les jeunes peuvent s\u2019impliquer.<\/p>\n<p>Le pasteur Elie Henry, pr\u00e9sident de la Division interam\u00e9ricaine, a parl\u00e9 des difficult\u00e9s auxquelles il a fait face en tant que fils de pasteur ayant grandi en Ha\u00efti. Puis il a encourag\u00e9 son auditoire \u00e0 s\u2019accrocher \u00e0 la parole de Dieu et \u00e0 se pencher sur la vie de J\u00e9r\u00e9mie et sur les intentions que Dieu avait pour lui.<\/p>\n<div id=\"attachment_58934\" style=\"width: 808px\" class=\"wp-caption aligncenter\"><img decoding=\"async\" aria-describedby=\"caption-attachment-58934\" class=\" wp-image-58933\" src=\"https:\/\/recursing-golick.147-182-135-0.plesk.page\/wp-content\/uploads\/2020\/05\/elie-henry-ays-message-1024x665.jpg\" alt=\"\" width=\"798\" height=\"518\" srcset=\"https:\/\/interamerica.org\/wp-content\/uploads\/2020\/05\/elie-henry-ays-message-1024x665.jpg 1024w, https:\/\/interamerica.org\/wp-content\/uploads\/2020\/05\/elie-henry-ays-message-300x195.jpg 300w, https:\/\/interamerica.org\/wp-content\/uploads\/2020\/05\/elie-henry-ays-message-768x499.jpg 768w, https:\/\/interamerica.org\/wp-content\/uploads\/2020\/05\/elie-henry-ays-message.jpg 1030w\" sizes=\"(max-width: 798px) 100vw, 798px\" \/><p id=\"caption-attachment-58934\" class=\"wp-caption-text\">Le pasteur Elie Henry, pr\u00e9sident de la Division interam\u00e9ricaine, a incit\u00e9 les jeunes \u00e0 adopter la vision comme J\u00e9r\u00e9mie et \u00e0 aider les autres \u00e0 comprendre qui est Dieu. Une photo de la Division interam\u00e9ricaine.<\/p><\/div>\n<p>\u00ab\u00a0Vous vous demandez peut-\u00eatre, dans toute cette incertitude, \u00e0 quoi vous servez, a-t-il dit. Mais Dieu voit bien plus grand que nous tous. Sa vision est r\u00e9demptrice; vous devez aider les autres et changer la face du monde.\u00a0\u00bb Il a exhort\u00e9 les jeunes \u00e0 \u00e9tudier la Bible, \u00e0 prier tous les jours et \u00e0 chercher la volont\u00e9 de Dieu dans leur vie. \u00ab\u00a0Comme J\u00e9r\u00e9mie, adoptez la vision et aidez les autres \u00e0 comprendre qui est Dieu.\u00a0\u00bb<\/p>\n<p>D\u2019apr\u00e8s le pasteur Al Powell, directeur des minist\u00e8res de jeunesse de la Division interam\u00e9ricaine et principal organisateur de l\u2019\u00e9v\u00e9nement, \u00ab\u00a0Il est important que les jeunes voient comment Dieu en a appel\u00e9 certains \u00e0 devenir de grands hommes de foi.\u00a0\u00bb Le pasteur Powell a aussi interview\u00e9 plusieurs anciens directeurs jeunesse de l\u2019\u00c9glise adventiste mondiale lors du programme en ligne pour inciter les jeunes \u00e0 d\u00e9couvrir Dieu et \u00e0 ne pas se d\u00e9courager durant les moments difficiles.<\/p>\n<p>Ces anciens dirigeants ont partag\u00e9 leurs exp\u00e9riences, ayant grandi dans l\u2019\u00c9glise, et ont donn\u00e9 quelques conseils aux participants.<\/p>\n<div id=\"attachment_58931\" style=\"width: 808px\" class=\"wp-caption aligncenter\"><img decoding=\"async\" aria-describedby=\"caption-attachment-58931\" class=\" wp-image-58930\" src=\"https:\/\/recursing-golick.147-182-135-0.plesk.page\/wp-content\/uploads\/2020\/05\/alpowell-4leaders-1024x640.jpg\" alt=\"\" width=\"798\" height=\"499\" srcset=\"https:\/\/interamerica.org\/wp-content\/uploads\/2020\/05\/alpowell-4leaders-1024x640.jpg 1024w, https:\/\/interamerica.org\/wp-content\/uploads\/2020\/05\/alpowell-4leaders-300x188.jpg 300w, https:\/\/interamerica.org\/wp-content\/uploads\/2020\/05\/alpowell-4leaders-768x480.jpg 768w, https:\/\/interamerica.org\/wp-content\/uploads\/2020\/05\/alpowell-4leaders.jpg 1280w\" sizes=\"(max-width: 798px) 100vw, 798px\" \/><p id=\"caption-attachment-58931\" class=\"wp-caption-text\">Le pasteur Al Powell (en haut \u00e0 gauche), directeur des minist\u00e8res de jeunesse de l\u2019\u00c9glise interam\u00e9ricaine, a interview\u00e9 les anciens directeurs jeunesse de l\u2019\u00c9glise adventiste mondiale Baraka Muganda (en haut \u00e0 droite), Gilbert Cangy (en bas \u00e0 gauche) et Dick Barron (en bas \u00e0 droite). Une photo de la Division interam\u00e9ricaine.<\/p><\/div>\n<p>\u00ab\u00a0Si Dieu vous a appel\u00e9 et vous reconnaissez son appel, sachez que vous pouvez le faire. Il voit votre avenir\u00a0\u00bb, a dit Dick Barron.<\/p>\n<p>Selon Baraka Muganda, \u00ab\u00a0Dieu vous appelle, et servir le Seigneur est source de bonheur\u00a0\u00bb. Il a encourag\u00e9 les dirigeants d\u2019\u00e9glise \u00e0 continuer d\u2019inciter les jeunes \u00e0 sortir pour Dieu. \u00ab\u00a0Parfois, les jeunes ne voient pas les talents qu\u2019ils ont, alors ils ont besoin qu\u2019on les pousse un peu.\u00a0\u00bb<\/p>\n<p>\u00ab\u00a0N\u2019ayez pas peur d\u2019\u00eatre d\u00e9sorient\u00e9s, car dans ces moments, Dieu nous guide\u00a0\u00bb, a insist\u00e9 Gilbert Cangy, qui a \u00e9galement mis ceux qui l\u2019\u00e9coutaient au d\u00e9fi de d\u00e9couvrir la mission que Dieu a mise dans leur c\u0153ur.<\/p>\n<div id=\"attachment_58937\" style=\"width: 808px\" class=\"wp-caption aligncenter\"><img loading=\"lazy\" decoding=\"async\" aria-describedby=\"caption-attachment-58937\" class=\" wp-image-58936\" src=\"https:\/\/recursing-golick.147-182-135-0.plesk.page\/wp-content\/uploads\/2020\/05\/crbu-ays-may16.jpg\" alt=\"\" width=\"798\" height=\"499\" srcset=\"https:\/\/interamerica.org\/wp-content\/uploads\/2020\/05\/crbu-ays-may16.jpg 1000w, https:\/\/interamerica.org\/wp-content\/uploads\/2020\/05\/crbu-ays-may16-300x188.jpg 300w, https:\/\/interamerica.org\/wp-content\/uploads\/2020\/05\/crbu-ays-may16-768x480.jpg 768w\" sizes=\"(max-width: 798px) 100vw, 798px\" \/><p id=\"caption-attachment-58937\" class=\"wp-caption-text\"><span lang=\"FR-CA\">On a parl\u00e9 des jeunes adventistes de la F\u00e9d\u00e9ration des Cara\u00efbes de l\u2019est lors de la pr\u00e9sentation de l\u2019Union des Cara\u00efbes. Une photo de la Division interam\u00e9ricaine.<\/span><\/p><\/div>\n<p>Lors du programme en ligne, on a pr\u00e9sent\u00e9 ce que font les jeunes pour servir leur communaut\u00e9 sur tout le territoire et comment participer davantage \u00e0 la mission de l\u2019\u00c9glise par l\u2019initiative <em><a href=\"https:\/\/recursing-golick.147-182-135-0.plesk.page\/project\/i-will-go-strategic-plan-2020-2025\/\">I Will Go<\/a><\/em> de la Division interam\u00e9ricaine.<\/p>\n<p>Le d\u00e9partement des minist\u00e8res jeunesse de la Division interam\u00e9ricaine continuera de diffuser les programmes en ligne de la Soci\u00e9t\u00e9 de jeunesse lors du deuxi\u00e8me samedi de chaque trimestre 2021. Ainsi, les prochains programmes sont pr\u00e9vus pour le 18 juillet et le 17 octobre de cette ann\u00e9e.<\/p>\n<p>\u00ab\u00a0Nous voulons que les jeunes s\u2019identifient \u00e0 leur appel et l\u2019acceptent \u00e0 bras ouverts. Ils doivent reprendre le flambeau et \u00eatre une lumi\u00e8re pour J\u00e9sus dans ce monde qui a besoin d\u2019espoir en ces temps difficiles\u00a0\u00bb, a expliqu\u00e9 le pasteur Powell.<\/p>\n<p>Pour visionner le programme \u00ab\u00a0H\u00e9ros de la foi\u00a0\u00bb de la Soci\u00e9t\u00e9 de jeunesse du 16 mai dernier,<\/p>\n<p>Cliquez <a href=\"https:\/\/www.youtube.com\/watch?v=f96gtu3TZYg\">ICI<\/a> pour le fran\u00e7ais.<\/p>\n<p>Cliquez <a href=\"https:\/\/www.youtube.com\/watch?v=JdHTugRCVFM\">ICI<\/a> pour l\u2019anglais.<\/p>\n<p>Cliquez <a href=\"https:\/\/www.youtube.com\/watch?v=D87KjdvLdQg\">ICI<\/a> pour l\u2019espagnol.<\/p>\n<p>Traduction : Marie-Mich\u00e8le Robitaille<\/p>\n","protected":false},"excerpt":{"rendered":"<p>Le 19 mai 2020 | Miami, Floride, \u00c9tats-Unis | Libna Stevens, Division interam\u00e9ricaine Le d\u00e9partement des minist\u00e8res de jeunesse de la Division interam\u00e9ricaine a lanc\u00e9 son premier programme en ligne&#8230;<\/p>\n","protected":false},"author":3,"featured_media":58943,"comment_status":"open","ping_status":"closed","sticky":false,"template":"","format":"standard","meta":{"_acf_changed":false,"footnotes":""},"categories":[20,19],"tags":[],"class_list":["post-58972","post","type-post","status-publish","format-standard","has-post-thumbnail","hentry","category-nouvelles-du-siege-de-la-division","category-rss-francais"],"acf":[],"yoast_head":"<!-- This site is optimized with the Yoast SEO plugin v27.3 - https:\/\/yoast.com\/product\/yoast-seo-wordpress\/ -->\n<title>L\u2019engagement et le service encourag\u00e9s lors d\u2019un \u00e9v\u00e9nement en ligne de la Soci\u00e9t\u00e9 de jeunesse adventiste - \u00c9glise Adventiste Du Septieme Jour - Inter Am\u00e9rique Division<\/title>\n<meta name=\"robots\" content=\"index, follow, max-snippet:-1, max-image-preview:large, max-video-preview:-1\" \/>\n<link rel=\"canonical\" href=\"https:\/\/interamerica.org\/fr\/2020\/05\/lengagement-et-le-service-encourages-lors-dun-evenement-en-ligne-de-la-societe-de-jeunesse-adventiste\/\" \/>\n<meta property=\"og:locale\" content=\"fr_FR\" \/>\n<meta property=\"og:type\" content=\"article\" \/>\n<meta property=\"og:title\" content=\"L\u2019engagement et le service encourag\u00e9s lors d\u2019un \u00e9v\u00e9nement en ligne de la Soci\u00e9t\u00e9 de jeunesse adventiste - \u00c9glise Adventiste Du Septieme Jour - Inter Am\u00e9rique Division\" \/>\n<meta property=\"og:description\" content=\"Le 19 mai 2020 | Miami, Floride, \u00c9tats-Unis | Libna Stevens, Division interam\u00e9ricaine Le d\u00e9partement des minist\u00e8res de jeunesse de la Division interam\u00e9ricaine a lanc\u00e9 son premier programme en ligne...\" \/>\n<meta property=\"og:url\" content=\"https:\/\/interamerica.org\/fr\/2020\/05\/lengagement-et-le-service-encourages-lors-dun-evenement-en-ligne-de-la-societe-de-jeunesse-adventiste\/\" \/>\n<meta property=\"og:site_name\" content=\"\u00c9glise Adventiste Du Septieme Jour - Inter Am\u00e9rique Division\" \/>\n<meta property=\"article:published_time\" content=\"2020-05-20T02:42:30+00:00\" \/>\n<meta property=\"article:modified_time\" content=\"2020-05-28T16:40:43+00:00\" \/>\n<meta property=\"og:image\" content=\"https:\/\/interamerica.org\/wp-content\/uploads\/2020\/05\/ays-wvau-group-1280.jpg\" \/>\n\t<meta property=\"og:image:width\" content=\"1280\" \/>\n\t<meta property=\"og:image:height\" content=\"800\" \/>\n\t<meta property=\"og:image:type\" content=\"image\/jpeg\" \/>\n<meta name=\"author\" content=\"libna\" \/>\n<meta name=\"twitter:card\" content=\"summary_large_image\" \/>\n<meta name=\"twitter:label1\" content=\"\u00c9crit par\" \/>\n\t<meta name=\"twitter:data1\" content=\"libna\" \/>\n\t<meta name=\"twitter:label2\" content=\"Dur\u00e9e de lecture estim\u00e9e\" \/>\n\t<meta name=\"twitter:data2\" content=\"4 minutes\" \/>\n<script type=\"application\/ld+json\" class=\"yoast-schema-graph\">{\"@context\":\"https:\\\/\\\/schema.org\",\"@graph\":[{\"@type\":\"Article\",\"@id\":\"https:\\\/\\\/interamerica.org\\\/fr\\\/2020\\\/05\\\/lengagement-et-le-service-encourages-lors-dun-evenement-en-ligne-de-la-societe-de-jeunesse-adventiste\\\/#article\",\"isPartOf\":{\"@id\":\"https:\\\/\\\/interamerica.org\\\/fr\\\/2020\\\/05\\\/lengagement-et-le-service-encourages-lors-dun-evenement-en-ligne-de-la-societe-de-jeunesse-adventiste\\\/\"},\"author\":{\"name\":\"libna\",\"@id\":\"https:\\\/\\\/interamerica.org\\\/fr\\\/#\\\/schema\\\/person\\\/29998f2bc2d8bd0d38662909289b54f1\"},\"headline\":\"L\u2019engagement et le service encourag\u00e9s lors d\u2019un \u00e9v\u00e9nement en ligne de la Soci\u00e9t\u00e9 de jeunesse adventiste\",\"datePublished\":\"2020-05-20T02:42:30+00:00\",\"dateModified\":\"2020-05-28T16:40:43+00:00\",\"mainEntityOfPage\":{\"@id\":\"https:\\\/\\\/interamerica.org\\\/fr\\\/2020\\\/05\\\/lengagement-et-le-service-encourages-lors-dun-evenement-en-ligne-de-la-societe-de-jeunesse-adventiste\\\/\"},\"wordCount\":835,\"commentCount\":0,\"image\":{\"@id\":\"https:\\\/\\\/interamerica.org\\\/fr\\\/2020\\\/05\\\/lengagement-et-le-service-encourages-lors-dun-evenement-en-ligne-de-la-societe-de-jeunesse-adventiste\\\/#primaryimage\"},\"thumbnailUrl\":\"https:\\\/\\\/interamerica.org\\\/wp-content\\\/uploads\\\/2020\\\/05\\\/ays-wvau-group-1280.jpg\",\"articleSection\":[\"Nouvelles du si\u00e8ge de la division\",\"RSS Fran\u00e7ais\"],\"inLanguage\":\"fr-FR\",\"potentialAction\":[{\"@type\":\"CommentAction\",\"name\":\"Comment\",\"target\":[\"https:\\\/\\\/interamerica.org\\\/fr\\\/2020\\\/05\\\/lengagement-et-le-service-encourages-lors-dun-evenement-en-ligne-de-la-societe-de-jeunesse-adventiste\\\/#respond\"]}]},{\"@type\":\"WebPage\",\"@id\":\"https:\\\/\\\/interamerica.org\\\/fr\\\/2020\\\/05\\\/lengagement-et-le-service-encourages-lors-dun-evenement-en-ligne-de-la-societe-de-jeunesse-adventiste\\\/\",\"url\":\"https:\\\/\\\/interamerica.org\\\/fr\\\/2020\\\/05\\\/lengagement-et-le-service-encourages-lors-dun-evenement-en-ligne-de-la-societe-de-jeunesse-adventiste\\\/\",\"name\":\"L\u2019engagement et le service encourag\u00e9s lors d\u2019un \u00e9v\u00e9nement en ligne de la Soci\u00e9t\u00e9 de jeunesse adventiste - \u00c9glise Adventiste Du Septieme Jour - Inter Am\u00e9rique Division\",\"isPartOf\":{\"@id\":\"https:\\\/\\\/interamerica.org\\\/fr\\\/#website\"},\"primaryImageOfPage\":{\"@id\":\"https:\\\/\\\/interamerica.org\\\/fr\\\/2020\\\/05\\\/lengagement-et-le-service-encourages-lors-dun-evenement-en-ligne-de-la-societe-de-jeunesse-adventiste\\\/#primaryimage\"},\"image\":{\"@id\":\"https:\\\/\\\/interamerica.org\\\/fr\\\/2020\\\/05\\\/lengagement-et-le-service-encourages-lors-dun-evenement-en-ligne-de-la-societe-de-jeunesse-adventiste\\\/#primaryimage\"},\"thumbnailUrl\":\"https:\\\/\\\/interamerica.org\\\/wp-content\\\/uploads\\\/2020\\\/05\\\/ays-wvau-group-1280.jpg\",\"datePublished\":\"2020-05-20T02:42:30+00:00\",\"dateModified\":\"2020-05-28T16:40:43+00:00\",\"author\":{\"@id\":\"https:\\\/\\\/interamerica.org\\\/fr\\\/#\\\/schema\\\/person\\\/29998f2bc2d8bd0d38662909289b54f1\"},\"breadcrumb\":{\"@id\":\"https:\\\/\\\/interamerica.org\\\/fr\\\/2020\\\/05\\\/lengagement-et-le-service-encourages-lors-dun-evenement-en-ligne-de-la-societe-de-jeunesse-adventiste\\\/#breadcrumb\"},\"inLanguage\":\"fr-FR\",\"potentialAction\":[{\"@type\":\"ReadAction\",\"target\":[\"https:\\\/\\\/interamerica.org\\\/fr\\\/2020\\\/05\\\/lengagement-et-le-service-encourages-lors-dun-evenement-en-ligne-de-la-societe-de-jeunesse-adventiste\\\/\"]}]},{\"@type\":\"ImageObject\",\"inLanguage\":\"fr-FR\",\"@id\":\"https:\\\/\\\/interamerica.org\\\/fr\\\/2020\\\/05\\\/lengagement-et-le-service-encourages-lors-dun-evenement-en-ligne-de-la-societe-de-jeunesse-adventiste\\\/#primaryimage\",\"url\":\"https:\\\/\\\/interamerica.org\\\/wp-content\\\/uploads\\\/2020\\\/05\\\/ays-wvau-group-1280.jpg\",\"contentUrl\":\"https:\\\/\\\/interamerica.org\\\/wp-content\\\/uploads\\\/2020\\\/05\\\/ays-wvau-group-1280.jpg\",\"width\":1280,\"height\":800},{\"@type\":\"BreadcrumbList\",\"@id\":\"https:\\\/\\\/interamerica.org\\\/fr\\\/2020\\\/05\\\/lengagement-et-le-service-encourages-lors-dun-evenement-en-ligne-de-la-societe-de-jeunesse-adventiste\\\/#breadcrumb\",\"itemListElement\":[{\"@type\":\"ListItem\",\"position\":1,\"name\":\"Home\",\"item\":\"https:\\\/\\\/interamerica.org\\\/fr\\\/\"},{\"@type\":\"ListItem\",\"position\":2,\"name\":\"L\u2019engagement et le service encourag\u00e9s lors d\u2019un \u00e9v\u00e9nement en ligne de la Soci\u00e9t\u00e9 de jeunesse adventiste\"}]},{\"@type\":\"WebSite\",\"@id\":\"https:\\\/\\\/interamerica.org\\\/fr\\\/#website\",\"url\":\"https:\\\/\\\/interamerica.org\\\/fr\\\/\",\"name\":\"\u00c9glise Adventiste Du Septieme Jour - Inter Am\u00e9rique Division\",\"description\":\"\",\"potentialAction\":[{\"@type\":\"SearchAction\",\"target\":{\"@type\":\"EntryPoint\",\"urlTemplate\":\"https:\\\/\\\/interamerica.org\\\/fr\\\/?s={search_term_string}\"},\"query-input\":{\"@type\":\"PropertyValueSpecification\",\"valueRequired\":true,\"valueName\":\"search_term_string\"}}],\"inLanguage\":\"fr-FR\"},{\"@type\":\"Person\",\"@id\":\"https:\\\/\\\/interamerica.org\\\/fr\\\/#\\\/schema\\\/person\\\/29998f2bc2d8bd0d38662909289b54f1\",\"name\":\"libna\",\"image\":{\"@type\":\"ImageObject\",\"inLanguage\":\"fr-FR\",\"@id\":\"https:\\\/\\\/secure.gravatar.com\\\/avatar\\\/7c5bd30ae4b47a9ba3c856590957fd1d96dc588bf3ac05719d247e126840331f?s=96&d=mm&r=g\",\"url\":\"https:\\\/\\\/secure.gravatar.com\\\/avatar\\\/7c5bd30ae4b47a9ba3c856590957fd1d96dc588bf3ac05719d247e126840331f?s=96&d=mm&r=g\",\"contentUrl\":\"https:\\\/\\\/secure.gravatar.com\\\/avatar\\\/7c5bd30ae4b47a9ba3c856590957fd1d96dc588bf3ac05719d247e126840331f?s=96&d=mm&r=g\",\"caption\":\"libna\"}}]}<\/script>\n<!-- \/ Yoast SEO plugin. -->","yoast_head_json":{"title":"L\u2019engagement et le service encourag\u00e9s lors d\u2019un \u00e9v\u00e9nement en ligne de la Soci\u00e9t\u00e9 de jeunesse adventiste - \u00c9glise Adventiste Du Septieme Jour - Inter Am\u00e9rique Division","robots":{"index":"index","follow":"follow","max-snippet":"max-snippet:-1","max-image-preview":"max-image-preview:large","max-video-preview":"max-video-preview:-1"},"canonical":"https:\/\/interamerica.org\/fr\/2020\/05\/lengagement-et-le-service-encourages-lors-dun-evenement-en-ligne-de-la-societe-de-jeunesse-adventiste\/","og_locale":"fr_FR","og_type":"article","og_title":"L\u2019engagement et le service encourag\u00e9s lors d\u2019un \u00e9v\u00e9nement en ligne de la Soci\u00e9t\u00e9 de jeunesse adventiste - \u00c9glise Adventiste Du Septieme Jour - Inter Am\u00e9rique Division","og_description":"Le 19 mai 2020 | Miami, Floride, \u00c9tats-Unis | Libna Stevens, Division interam\u00e9ricaine Le d\u00e9partement des minist\u00e8res de jeunesse de la Division interam\u00e9ricaine a lanc\u00e9 son premier programme en ligne...","og_url":"https:\/\/interamerica.org\/fr\/2020\/05\/lengagement-et-le-service-encourages-lors-dun-evenement-en-ligne-de-la-societe-de-jeunesse-adventiste\/","og_site_name":"\u00c9glise Adventiste Du Septieme Jour - Inter Am\u00e9rique Division","article_published_time":"2020-05-20T02:42:30+00:00","article_modified_time":"2020-05-28T16:40:43+00:00","og_image":[{"width":1280,"height":800,"url":"https:\/\/interamerica.org\/wp-content\/uploads\/2020\/05\/ays-wvau-group-1280.jpg","type":"image\/jpeg"}],"author":"libna","twitter_card":"summary_large_image","twitter_misc":{"\u00c9crit par":"libna","Dur\u00e9e de lecture estim\u00e9e":"4 minutes"},"schema":{"@context":"https:\/\/schema.org","@graph":[{"@type":"Article","@id":"https:\/\/interamerica.org\/fr\/2020\/05\/lengagement-et-le-service-encourages-lors-dun-evenement-en-ligne-de-la-societe-de-jeunesse-adventiste\/#article","isPartOf":{"@id":"https:\/\/interamerica.org\/fr\/2020\/05\/lengagement-et-le-service-encourages-lors-dun-evenement-en-ligne-de-la-societe-de-jeunesse-adventiste\/"},"author":{"name":"libna","@id":"https:\/\/interamerica.org\/fr\/#\/schema\/person\/29998f2bc2d8bd0d38662909289b54f1"},"headline":"L\u2019engagement et le service encourag\u00e9s lors d\u2019un \u00e9v\u00e9nement en ligne de la Soci\u00e9t\u00e9 de jeunesse adventiste","datePublished":"2020-05-20T02:42:30+00:00","dateModified":"2020-05-28T16:40:43+00:00","mainEntityOfPage":{"@id":"https:\/\/interamerica.org\/fr\/2020\/05\/lengagement-et-le-service-encourages-lors-dun-evenement-en-ligne-de-la-societe-de-jeunesse-adventiste\/"},"wordCount":835,"commentCount":0,"image":{"@id":"https:\/\/interamerica.org\/fr\/2020\/05\/lengagement-et-le-service-encourages-lors-dun-evenement-en-ligne-de-la-societe-de-jeunesse-adventiste\/#primaryimage"},"thumbnailUrl":"https:\/\/interamerica.org\/wp-content\/uploads\/2020\/05\/ays-wvau-group-1280.jpg","articleSection":["Nouvelles du si\u00e8ge de la division","RSS Fran\u00e7ais"],"inLanguage":"fr-FR","potentialAction":[{"@type":"CommentAction","name":"Comment","target":["https:\/\/interamerica.org\/fr\/2020\/05\/lengagement-et-le-service-encourages-lors-dun-evenement-en-ligne-de-la-societe-de-jeunesse-adventiste\/#respond"]}]},{"@type":"WebPage","@id":"https:\/\/interamerica.org\/fr\/2020\/05\/lengagement-et-le-service-encourages-lors-dun-evenement-en-ligne-de-la-societe-de-jeunesse-adventiste\/","url":"https:\/\/interamerica.org\/fr\/2020\/05\/lengagement-et-le-service-encourages-lors-dun-evenement-en-ligne-de-la-societe-de-jeunesse-adventiste\/","name":"L\u2019engagement et le service encourag\u00e9s lors d\u2019un \u00e9v\u00e9nement en ligne de la Soci\u00e9t\u00e9 de jeunesse adventiste - \u00c9glise Adventiste Du Septieme Jour - Inter Am\u00e9rique Division","isPartOf":{"@id":"https:\/\/interamerica.org\/fr\/#website"},"primaryImageOfPage":{"@id":"https:\/\/interamerica.org\/fr\/2020\/05\/lengagement-et-le-service-encourages-lors-dun-evenement-en-ligne-de-la-societe-de-jeunesse-adventiste\/#primaryimage"},"image":{"@id":"https:\/\/interamerica.org\/fr\/2020\/05\/lengagement-et-le-service-encourages-lors-dun-evenement-en-ligne-de-la-societe-de-jeunesse-adventiste\/#primaryimage"},"thumbnailUrl":"https:\/\/interamerica.org\/wp-content\/uploads\/2020\/05\/ays-wvau-group-1280.jpg","datePublished":"2020-05-20T02:42:30+00:00","dateModified":"2020-05-28T16:40:43+00:00","author":{"@id":"https:\/\/interamerica.org\/fr\/#\/schema\/person\/29998f2bc2d8bd0d38662909289b54f1"},"breadcrumb":{"@id":"https:\/\/interamerica.org\/fr\/2020\/05\/lengagement-et-le-service-encourages-lors-dun-evenement-en-ligne-de-la-societe-de-jeunesse-adventiste\/#breadcrumb"},"inLanguage":"fr-FR","potentialAction":[{"@type":"ReadAction","target":["https:\/\/interamerica.org\/fr\/2020\/05\/lengagement-et-le-service-encourages-lors-dun-evenement-en-ligne-de-la-societe-de-jeunesse-adventiste\/"]}]},{"@type":"ImageObject","inLanguage":"fr-FR","@id":"https:\/\/interamerica.org\/fr\/2020\/05\/lengagement-et-le-service-encourages-lors-dun-evenement-en-ligne-de-la-societe-de-jeunesse-adventiste\/#primaryimage","url":"https:\/\/interamerica.org\/wp-content\/uploads\/2020\/05\/ays-wvau-group-1280.jpg","contentUrl":"https:\/\/interamerica.org\/wp-content\/uploads\/2020\/05\/ays-wvau-group-1280.jpg","width":1280,"height":800},{"@type":"BreadcrumbList","@id":"https:\/\/interamerica.org\/fr\/2020\/05\/lengagement-et-le-service-encourages-lors-dun-evenement-en-ligne-de-la-societe-de-jeunesse-adventiste\/#breadcrumb","itemListElement":[{"@type":"ListItem","position":1,"name":"Home","item":"https:\/\/interamerica.org\/fr\/"},{"@type":"ListItem","position":2,"name":"L\u2019engagement et le service encourag\u00e9s lors d\u2019un \u00e9v\u00e9nement en ligne de la Soci\u00e9t\u00e9 de jeunesse adventiste"}]},{"@type":"WebSite","@id":"https:\/\/interamerica.org\/fr\/#website","url":"https:\/\/interamerica.org\/fr\/","name":"\u00c9glise Adventiste Du Septieme Jour - Inter Am\u00e9rique Division","description":"","potentialAction":[{"@type":"SearchAction","target":{"@type":"EntryPoint","urlTemplate":"https:\/\/interamerica.org\/fr\/?s={search_term_string}"},"query-input":{"@type":"PropertyValueSpecification","valueRequired":true,"valueName":"search_term_string"}}],"inLanguage":"fr-FR"},{"@type":"Person","@id":"https:\/\/interamerica.org\/fr\/#\/schema\/person\/29998f2bc2d8bd0d38662909289b54f1","name":"libna","image":{"@type":"ImageObject","inLanguage":"fr-FR","@id":"https:\/\/secure.gravatar.com\/avatar\/7c5bd30ae4b47a9ba3c856590957fd1d96dc588bf3ac05719d247e126840331f?s=96&d=mm&r=g","url":"https:\/\/secure.gravatar.com\/avatar\/7c5bd30ae4b47a9ba3c856590957fd1d96dc588bf3ac05719d247e126840331f?s=96&d=mm&r=g","contentUrl":"https:\/\/secure.gravatar.com\/avatar\/7c5bd30ae4b47a9ba3c856590957fd1d96dc588bf3ac05719d247e126840331f?s=96&d=mm&r=g","caption":"libna"}}]}},"_links":{"self":[{"href":"https:\/\/interamerica.org\/fr\/wp-json\/wp\/v2\/posts\/58972","targetHints":{"allow":["GET"]}}],"collection":[{"href":"https:\/\/interamerica.org\/fr\/wp-json\/wp\/v2\/posts"}],"about":[{"href":"https:\/\/interamerica.org\/fr\/wp-json\/wp\/v2\/types\/post"}],"author":[{"embeddable":true,"href":"https:\/\/interamerica.org\/fr\/wp-json\/wp\/v2\/users\/3"}],"replies":[{"embeddable":true,"href":"https:\/\/interamerica.org\/fr\/wp-json\/wp\/v2\/comments?post=58972"}],"version-history":[{"count":0,"href":"https:\/\/interamerica.org\/fr\/wp-json\/wp\/v2\/posts\/58972\/revisions"}],"wp:featuredmedia":[{"embeddable":true,"href":"https:\/\/interamerica.org\/fr\/wp-json\/wp\/v2\/media\/58943"}],"wp:attachment":[{"href":"https:\/\/interamerica.org\/fr\/wp-json\/wp\/v2\/media?parent=58972"}],"wp:term":[{"taxonomy":"category","embeddable":true,"href":"https:\/\/interamerica.org\/fr\/wp-json\/wp\/v2\/categories?post=58972"},{"taxonomy":"post_tag","embeddable":true,"href":"https:\/\/interamerica.org\/fr\/wp-json\/wp\/v2\/tags?post=58972"}],"curies":[{"name":"wp","href":"https:\/\/api.w.org\/{rel}","templated":true}]}}