{"id":59043,"date":"2020-05-20T21:01:34","date_gmt":"2020-05-21T01:01:34","guid":{"rendered":"https:\/\/recursing-golick.147-182-135-0.plesk.page\/?p=59043"},"modified":"2020-05-21T20:20:45","modified_gmt":"2020-05-22T00:20:45","slug":"les-effets-de-linstabilite-des-marches-financiers-sur-leglise-adventiste","status":"publish","type":"post","link":"https:\/\/interamerica.org\/fr\/2020\/05\/les-effets-de-linstabilite-des-marches-financiers-sur-leglise-adventiste\/","title":{"rendered":"Les effets de l\u2019instabilit\u00e9 des march\u00e9s financiers sur l\u2019\u00c9glise adventiste"},"content":{"rendered":"<p><span class=\"byline-news\"><span lang=\"FR-CA\">Le 21 mai 2020 | Silver Spring, Maryland, \u00c9tats-Unis | Theo Voilquin pour <i>Adventist Review<\/i><\/span><\/span><\/p>\n<p><span class=\"byline-news\"><span lang=\"FR-CA\">En cette p\u00e9riode de turbulence que nous traversons tous, des adventistes du septi\u00e8me jour de partout r\u00e9fl\u00e9chissent \u00e9galement aux impacts des crises sanitaire et \u00e9conomique sur l\u2019\u00c9glise. Cette derni\u00e8re est-elle en mesure de faire quelque chose pour att\u00e9nuer leurs effets?<\/span><\/span><\/p>\n<p><span class=\"byline-news\"><span lang=\"FR-CA\">La plupart des pays du monde ainsi que de vastes secteurs de leur \u00e9conomie ont \u00e9t\u00e9 mis sur pause sans pr\u00e9visions claires de r\u00e9ouverture, m\u00eame dans les endroits qui commencent \u00e0 implanter prudemment un rel\u00e2chement des restrictions sociales. Ce qui a commenc\u00e9 par un l\u00e9ger d\u00e9sagr\u00e9ment s\u2019est rapidement transform\u00e9 en une s\u00e9rie presque sans fin de vagues affectant tout le monde, de la multinationale aux petites entreprises, \u00e0 l\u2019\u00e9conomie non traditionnelle et, surtout, aux familles et aux personnes. Les nouvelles sont remplies de nouveaux termes fra\u00eechement invent\u00e9s par des \u00e9conomistes pour d\u00e9crire ce que beaucoup craignent voir devenir une r\u00e9cession mondiale in\u00e9vitable.<\/span><\/span><\/p>\n<p><span class=\"byline-news\"><span lang=\"FR-CA\">Mais il y a un aspect de cette crise qui peut ne pas venir imm\u00e9diatement \u00e0 l\u2019esprit des membres de l\u2019\u00c9glise lorsqu\u2019ils pensent \u00e0 ses impacts sur leur mouvement mondial\u00a0: l\u2019instabilit\u00e9 des march\u00e9s financiers. En effet, la pand\u00e9mie inflige l\u2019\u00c9glise d\u2019une difficult\u00e9 \u00e9conomique \u00e9galement, celle de la grande probabilit\u00e9 d\u2019une diminution substantielle des d\u00eemes retourn\u00e9es par les membres. M\u00eame si aucune statistique officielle n\u2019est encore disponible, des gens perdent leur emploi ou la possibilit\u00e9 de se rassembler le sabbat ou les deux. Il est donc r\u00e9aliste de projeter une diminution notable des d\u00eemes.<\/span><\/span><\/p>\n<p><span class=\"byline-news\"><span lang=\"FR-CA\">Et en plus d\u2019un d\u00e9clin g\u00e9n\u00e9ralis\u00e9, l\u2019affaiblissement extr\u00eame des devises utilis\u00e9es dans les divisions du monde d\u2019o\u00f9 proviennent ces d\u00eemes ne fait qu\u2019aggraver ces difficult\u00e9s. Par exemple, le r\u00e9al br\u00e9silien, monnaie de base de la Division sud-am\u00e9ricaine, a perdu 49\u00a0% de sa valeur depuis le d\u00e9but de l\u2019ann\u00e9e. Autrement dit, les d\u00eemes qui sont toujours achemin\u00e9es ne valent maintenant que pr\u00e8s de la moiti\u00e9 (49\u00a0% moins) par rapport au dollar am\u00e9ricain \u00e0 cause de la d\u00e9valuation de cette monnaie par le march\u00e9. En comparaison, le rand sud-africain a perdu 38\u00a0% de sa valeur, l\u2019euro, 5\u00a0%, le dollar australien, 21\u00a0% et la livre sterling, 13\u00a0%.<\/span><\/span><\/p>\n<p><span class=\"byline-news\"><span lang=\"FR-CA\">Seulement, il est important de savoir qu\u2019il y a plusieurs ann\u00e9es, la Conf\u00e9rence g\u00e9n\u00e9rale a mis en place un programme croissant et rigoureux de gestion du risque rattach\u00e9 aux devises. Visant \u00e0 assurer une protection contre leur instabilit\u00e9, il combine l\u2019analyse des march\u00e9s et la surveillance, l\u2019application tactique et, soyons honn\u00eates, la providence divine, car m\u00eame la cr\u00e8me des acad\u00e9miciens ne peut pr\u00e9dire l\u2019avenir. Soyons clairs, aucun mod\u00e8le ne pr\u00e9disait de pand\u00e9mie mondiale. Mais cette ann\u00e9e, le programme a suivi son cours et, bien que la Conf\u00e9rence g\u00e9n\u00e9rale ne soit pas capable \u00ab\u00a0d\u2019effacer\u00a0\u00bb tous les dommages caus\u00e9s par la crise, elle a r\u00e9ussi \u00e0 en att\u00e9nuer une partie.<\/span><\/span><\/p>\n<p><span class=\"byline-news\"><span lang=\"FR-CA\">Nous reconnaissons que cette crise repr\u00e9sente beaucoup plus que des dollars et des centimes (ou des pesos ou des francs rwandais, etc.). Les vraies trag\u00e9dies humaines sont rapport\u00e9es chaque jour et l\u2019\u00e9tat financier de l\u2019\u00c9glise adventiste doit demeurer en second plan. Cependant, il existe des raisons d\u2019\u00eatre reconnaissants pour la sagesse que Dieu accorde dans la gestion des actifs et des ressources de l\u2019\u00c9glise.<\/span><\/span><\/p>\n<p><span class=\"byline-news\"><span lang=\"FR-CA\">Enfin, joignons-nous au mouvement mondial de pri\u00e8re ou on demande \u00e0 Dieu de la protection, de la piti\u00e9 pour sa cr\u00e9ation ainsi que la foi qu\u2019il nous donnera de \u00ab\u00a0la splendeur au lieu de la cendre\u00a0\u00bb (<a href=\"https:\/\/www.biblegateway.com\/passage\/?search=Isaiah+61.3&amp;version=BDS\">\u00c9sa\u00efe\u00a061:3<\/a>, BDS).<\/span><\/span><\/p>\n<p><span class=\"byline-news\"><i><span lang=\"FR-CA\">Theo Voilquin est un gestionnaire de portefeuille \u00e0 la Conf\u00e9rence g\u00e9n\u00e9rale des adventistes du septi\u00e8me jour \u00e0 Silver Spring, dans l\u2019\u00c9tat am\u00e9ricain du Maryland. Il a d\u00e9j\u00e0 occup\u00e9 des postes semblables au sein de l\u2019Organisation des Nations unies et de<\/span><\/i><\/span><span class=\"byline-news\"><span lang=\"FR-CA\"> World Vision International. \u00a0<\/span><\/span><\/p>\n<p>Traduction : Marie-Mich\u00e8le Robitaille<\/p>\n","protected":false},"excerpt":{"rendered":"<p>Le 21 mai 2020 | Silver Spring, Maryland, \u00c9tats-Unis | Theo Voilquin pour Adventist Review En cette p\u00e9riode de turbulence que nous traversons tous, des adventistes du septi\u00e8me jour de&#8230;<\/p>\n","protected":false},"author":3,"featured_media":58978,"comment_status":"open","ping_status":"closed","sticky":false,"template":"","format":"standard","meta":{"_acf_changed":false,"footnotes":""},"categories":[18,19],"tags":[],"class_list":["post-59043","post","type-post","status-publish","format-standard","has-post-thumbnail","hentry","category-nouvelles-de-leglise-mondiale","category-rss-francais"],"acf":[],"yoast_head":"<!-- This site is optimized with the Yoast SEO plugin v27.3 - https:\/\/yoast.com\/product\/yoast-seo-wordpress\/ -->\n<title>Les effets de l\u2019instabilit\u00e9 des march\u00e9s financiers sur l\u2019\u00c9glise adventiste - \u00c9glise Adventiste Du Septieme Jour - Inter Am\u00e9rique Division<\/title>\n<meta name=\"robots\" content=\"index, follow, max-snippet:-1, max-image-preview:large, max-video-preview:-1\" \/>\n<link rel=\"canonical\" href=\"https:\/\/interamerica.org\/fr\/2020\/05\/les-effets-de-linstabilite-des-marches-financiers-sur-leglise-adventiste\/\" \/>\n<meta property=\"og:locale\" content=\"fr_FR\" \/>\n<meta property=\"og:type\" content=\"article\" \/>\n<meta property=\"og:title\" content=\"Les effets de l\u2019instabilit\u00e9 des march\u00e9s financiers sur l\u2019\u00c9glise adventiste - \u00c9glise Adventiste Du Septieme Jour - Inter Am\u00e9rique Division\" \/>\n<meta property=\"og:description\" content=\"Le 21 mai 2020 | Silver Spring, Maryland, \u00c9tats-Unis | Theo Voilquin pour Adventist Review En cette p\u00e9riode de turbulence que nous traversons tous, des adventistes du septi\u00e8me jour de...\" \/>\n<meta property=\"og:url\" content=\"https:\/\/interamerica.org\/fr\/2020\/05\/les-effets-de-linstabilite-des-marches-financiers-sur-leglise-adventiste\/\" \/>\n<meta property=\"og:site_name\" content=\"\u00c9glise Adventiste Du Septieme Jour - Inter Am\u00e9rique Division\" \/>\n<meta property=\"article:published_time\" content=\"2020-05-21T01:01:34+00:00\" \/>\n<meta property=\"article:modified_time\" content=\"2020-05-22T00:20:45+00:00\" \/>\n<meta property=\"og:image\" content=\"https:\/\/interamerica.org\/wp-content\/uploads\/2020\/05\/financial-market-m-b-m-zzoa5g8hspi-unsplash.jpg\" \/>\n\t<meta property=\"og:image:width\" content=\"1280\" \/>\n\t<meta property=\"og:image:height\" content=\"800\" \/>\n\t<meta property=\"og:image:type\" content=\"image\/jpeg\" \/>\n<meta name=\"author\" content=\"libna\" \/>\n<meta name=\"twitter:card\" content=\"summary_large_image\" \/>\n<meta name=\"twitter:label1\" content=\"\u00c9crit par\" \/>\n\t<meta name=\"twitter:data1\" content=\"libna\" \/>\n\t<meta name=\"twitter:label2\" content=\"Dur\u00e9e de lecture estim\u00e9e\" \/>\n\t<meta name=\"twitter:data2\" content=\"3 minutes\" \/>\n<script type=\"application\/ld+json\" class=\"yoast-schema-graph\">{\"@context\":\"https:\\\/\\\/schema.org\",\"@graph\":[{\"@type\":\"Article\",\"@id\":\"https:\\\/\\\/interamerica.org\\\/fr\\\/2020\\\/05\\\/les-effets-de-linstabilite-des-marches-financiers-sur-leglise-adventiste\\\/#article\",\"isPartOf\":{\"@id\":\"https:\\\/\\\/interamerica.org\\\/fr\\\/2020\\\/05\\\/les-effets-de-linstabilite-des-marches-financiers-sur-leglise-adventiste\\\/\"},\"author\":{\"name\":\"libna\",\"@id\":\"https:\\\/\\\/interamerica.org\\\/fr\\\/#\\\/schema\\\/person\\\/29998f2bc2d8bd0d38662909289b54f1\"},\"headline\":\"Les effets de l\u2019instabilit\u00e9 des march\u00e9s financiers sur l\u2019\u00c9glise adventiste\",\"datePublished\":\"2020-05-21T01:01:34+00:00\",\"dateModified\":\"2020-05-22T00:20:45+00:00\",\"mainEntityOfPage\":{\"@id\":\"https:\\\/\\\/interamerica.org\\\/fr\\\/2020\\\/05\\\/les-effets-de-linstabilite-des-marches-financiers-sur-leglise-adventiste\\\/\"},\"wordCount\":709,\"commentCount\":0,\"image\":{\"@id\":\"https:\\\/\\\/interamerica.org\\\/fr\\\/2020\\\/05\\\/les-effets-de-linstabilite-des-marches-financiers-sur-leglise-adventiste\\\/#primaryimage\"},\"thumbnailUrl\":\"https:\\\/\\\/interamerica.org\\\/wp-content\\\/uploads\\\/2020\\\/05\\\/financial-market-m-b-m-zzoa5g8hspi-unsplash.jpg\",\"articleSection\":[\"Nouvelles de l'\u00c9glise mondiale\",\"RSS Fran\u00e7ais\"],\"inLanguage\":\"fr-FR\",\"potentialAction\":[{\"@type\":\"CommentAction\",\"name\":\"Comment\",\"target\":[\"https:\\\/\\\/interamerica.org\\\/fr\\\/2020\\\/05\\\/les-effets-de-linstabilite-des-marches-financiers-sur-leglise-adventiste\\\/#respond\"]}]},{\"@type\":\"WebPage\",\"@id\":\"https:\\\/\\\/interamerica.org\\\/fr\\\/2020\\\/05\\\/les-effets-de-linstabilite-des-marches-financiers-sur-leglise-adventiste\\\/\",\"url\":\"https:\\\/\\\/interamerica.org\\\/fr\\\/2020\\\/05\\\/les-effets-de-linstabilite-des-marches-financiers-sur-leglise-adventiste\\\/\",\"name\":\"Les effets de l\u2019instabilit\u00e9 des march\u00e9s financiers sur l\u2019\u00c9glise adventiste - \u00c9glise Adventiste Du Septieme Jour - Inter Am\u00e9rique Division\",\"isPartOf\":{\"@id\":\"https:\\\/\\\/interamerica.org\\\/fr\\\/#website\"},\"primaryImageOfPage\":{\"@id\":\"https:\\\/\\\/interamerica.org\\\/fr\\\/2020\\\/05\\\/les-effets-de-linstabilite-des-marches-financiers-sur-leglise-adventiste\\\/#primaryimage\"},\"image\":{\"@id\":\"https:\\\/\\\/interamerica.org\\\/fr\\\/2020\\\/05\\\/les-effets-de-linstabilite-des-marches-financiers-sur-leglise-adventiste\\\/#primaryimage\"},\"thumbnailUrl\":\"https:\\\/\\\/interamerica.org\\\/wp-content\\\/uploads\\\/2020\\\/05\\\/financial-market-m-b-m-zzoa5g8hspi-unsplash.jpg\",\"datePublished\":\"2020-05-21T01:01:34+00:00\",\"dateModified\":\"2020-05-22T00:20:45+00:00\",\"author\":{\"@id\":\"https:\\\/\\\/interamerica.org\\\/fr\\\/#\\\/schema\\\/person\\\/29998f2bc2d8bd0d38662909289b54f1\"},\"breadcrumb\":{\"@id\":\"https:\\\/\\\/interamerica.org\\\/fr\\\/2020\\\/05\\\/les-effets-de-linstabilite-des-marches-financiers-sur-leglise-adventiste\\\/#breadcrumb\"},\"inLanguage\":\"fr-FR\",\"potentialAction\":[{\"@type\":\"ReadAction\",\"target\":[\"https:\\\/\\\/interamerica.org\\\/fr\\\/2020\\\/05\\\/les-effets-de-linstabilite-des-marches-financiers-sur-leglise-adventiste\\\/\"]}]},{\"@type\":\"ImageObject\",\"inLanguage\":\"fr-FR\",\"@id\":\"https:\\\/\\\/interamerica.org\\\/fr\\\/2020\\\/05\\\/les-effets-de-linstabilite-des-marches-financiers-sur-leglise-adventiste\\\/#primaryimage\",\"url\":\"https:\\\/\\\/interamerica.org\\\/wp-content\\\/uploads\\\/2020\\\/05\\\/financial-market-m-b-m-zzoa5g8hspi-unsplash.jpg\",\"contentUrl\":\"https:\\\/\\\/interamerica.org\\\/wp-content\\\/uploads\\\/2020\\\/05\\\/financial-market-m-b-m-zzoa5g8hspi-unsplash.jpg\",\"width\":1280,\"height\":800,\"caption\":\"[Photo: unsplash]\"},{\"@type\":\"BreadcrumbList\",\"@id\":\"https:\\\/\\\/interamerica.org\\\/fr\\\/2020\\\/05\\\/les-effets-de-linstabilite-des-marches-financiers-sur-leglise-adventiste\\\/#breadcrumb\",\"itemListElement\":[{\"@type\":\"ListItem\",\"position\":1,\"name\":\"Home\",\"item\":\"https:\\\/\\\/interamerica.org\\\/fr\\\/\"},{\"@type\":\"ListItem\",\"position\":2,\"name\":\"Les effets de l\u2019instabilit\u00e9 des march\u00e9s financiers sur l\u2019\u00c9glise adventiste\"}]},{\"@type\":\"WebSite\",\"@id\":\"https:\\\/\\\/interamerica.org\\\/fr\\\/#website\",\"url\":\"https:\\\/\\\/interamerica.org\\\/fr\\\/\",\"name\":\"\u00c9glise Adventiste Du Septieme Jour - Inter Am\u00e9rique Division\",\"description\":\"\",\"potentialAction\":[{\"@type\":\"SearchAction\",\"target\":{\"@type\":\"EntryPoint\",\"urlTemplate\":\"https:\\\/\\\/interamerica.org\\\/fr\\\/?s={search_term_string}\"},\"query-input\":{\"@type\":\"PropertyValueSpecification\",\"valueRequired\":true,\"valueName\":\"search_term_string\"}}],\"inLanguage\":\"fr-FR\"},{\"@type\":\"Person\",\"@id\":\"https:\\\/\\\/interamerica.org\\\/fr\\\/#\\\/schema\\\/person\\\/29998f2bc2d8bd0d38662909289b54f1\",\"name\":\"libna\",\"image\":{\"@type\":\"ImageObject\",\"inLanguage\":\"fr-FR\",\"@id\":\"https:\\\/\\\/secure.gravatar.com\\\/avatar\\\/7c5bd30ae4b47a9ba3c856590957fd1d96dc588bf3ac05719d247e126840331f?s=96&d=mm&r=g\",\"url\":\"https:\\\/\\\/secure.gravatar.com\\\/avatar\\\/7c5bd30ae4b47a9ba3c856590957fd1d96dc588bf3ac05719d247e126840331f?s=96&d=mm&r=g\",\"contentUrl\":\"https:\\\/\\\/secure.gravatar.com\\\/avatar\\\/7c5bd30ae4b47a9ba3c856590957fd1d96dc588bf3ac05719d247e126840331f?s=96&d=mm&r=g\",\"caption\":\"libna\"}}]}<\/script>\n<!-- \/ Yoast SEO plugin. -->","yoast_head_json":{"title":"Les effets de l\u2019instabilit\u00e9 des march\u00e9s financiers sur l\u2019\u00c9glise adventiste - \u00c9glise Adventiste Du Septieme Jour - Inter Am\u00e9rique Division","robots":{"index":"index","follow":"follow","max-snippet":"max-snippet:-1","max-image-preview":"max-image-preview:large","max-video-preview":"max-video-preview:-1"},"canonical":"https:\/\/interamerica.org\/fr\/2020\/05\/les-effets-de-linstabilite-des-marches-financiers-sur-leglise-adventiste\/","og_locale":"fr_FR","og_type":"article","og_title":"Les effets de l\u2019instabilit\u00e9 des march\u00e9s financiers sur l\u2019\u00c9glise adventiste - \u00c9glise Adventiste Du Septieme Jour - Inter Am\u00e9rique Division","og_description":"Le 21 mai 2020 | Silver Spring, Maryland, \u00c9tats-Unis | Theo Voilquin pour Adventist Review En cette p\u00e9riode de turbulence que nous traversons tous, des adventistes du septi\u00e8me jour de...","og_url":"https:\/\/interamerica.org\/fr\/2020\/05\/les-effets-de-linstabilite-des-marches-financiers-sur-leglise-adventiste\/","og_site_name":"\u00c9glise Adventiste Du Septieme Jour - Inter Am\u00e9rique Division","article_published_time":"2020-05-21T01:01:34+00:00","article_modified_time":"2020-05-22T00:20:45+00:00","og_image":[{"width":1280,"height":800,"url":"https:\/\/interamerica.org\/wp-content\/uploads\/2020\/05\/financial-market-m-b-m-zzoa5g8hspi-unsplash.jpg","type":"image\/jpeg"}],"author":"libna","twitter_card":"summary_large_image","twitter_misc":{"\u00c9crit par":"libna","Dur\u00e9e de lecture estim\u00e9e":"3 minutes"},"schema":{"@context":"https:\/\/schema.org","@graph":[{"@type":"Article","@id":"https:\/\/interamerica.org\/fr\/2020\/05\/les-effets-de-linstabilite-des-marches-financiers-sur-leglise-adventiste\/#article","isPartOf":{"@id":"https:\/\/interamerica.org\/fr\/2020\/05\/les-effets-de-linstabilite-des-marches-financiers-sur-leglise-adventiste\/"},"author":{"name":"libna","@id":"https:\/\/interamerica.org\/fr\/#\/schema\/person\/29998f2bc2d8bd0d38662909289b54f1"},"headline":"Les effets de l\u2019instabilit\u00e9 des march\u00e9s financiers sur l\u2019\u00c9glise adventiste","datePublished":"2020-05-21T01:01:34+00:00","dateModified":"2020-05-22T00:20:45+00:00","mainEntityOfPage":{"@id":"https:\/\/interamerica.org\/fr\/2020\/05\/les-effets-de-linstabilite-des-marches-financiers-sur-leglise-adventiste\/"},"wordCount":709,"commentCount":0,"image":{"@id":"https:\/\/interamerica.org\/fr\/2020\/05\/les-effets-de-linstabilite-des-marches-financiers-sur-leglise-adventiste\/#primaryimage"},"thumbnailUrl":"https:\/\/interamerica.org\/wp-content\/uploads\/2020\/05\/financial-market-m-b-m-zzoa5g8hspi-unsplash.jpg","articleSection":["Nouvelles de l'\u00c9glise mondiale","RSS Fran\u00e7ais"],"inLanguage":"fr-FR","potentialAction":[{"@type":"CommentAction","name":"Comment","target":["https:\/\/interamerica.org\/fr\/2020\/05\/les-effets-de-linstabilite-des-marches-financiers-sur-leglise-adventiste\/#respond"]}]},{"@type":"WebPage","@id":"https:\/\/interamerica.org\/fr\/2020\/05\/les-effets-de-linstabilite-des-marches-financiers-sur-leglise-adventiste\/","url":"https:\/\/interamerica.org\/fr\/2020\/05\/les-effets-de-linstabilite-des-marches-financiers-sur-leglise-adventiste\/","name":"Les effets de l\u2019instabilit\u00e9 des march\u00e9s financiers sur l\u2019\u00c9glise adventiste - \u00c9glise Adventiste Du Septieme Jour - Inter Am\u00e9rique Division","isPartOf":{"@id":"https:\/\/interamerica.org\/fr\/#website"},"primaryImageOfPage":{"@id":"https:\/\/interamerica.org\/fr\/2020\/05\/les-effets-de-linstabilite-des-marches-financiers-sur-leglise-adventiste\/#primaryimage"},"image":{"@id":"https:\/\/interamerica.org\/fr\/2020\/05\/les-effets-de-linstabilite-des-marches-financiers-sur-leglise-adventiste\/#primaryimage"},"thumbnailUrl":"https:\/\/interamerica.org\/wp-content\/uploads\/2020\/05\/financial-market-m-b-m-zzoa5g8hspi-unsplash.jpg","datePublished":"2020-05-21T01:01:34+00:00","dateModified":"2020-05-22T00:20:45+00:00","author":{"@id":"https:\/\/interamerica.org\/fr\/#\/schema\/person\/29998f2bc2d8bd0d38662909289b54f1"},"breadcrumb":{"@id":"https:\/\/interamerica.org\/fr\/2020\/05\/les-effets-de-linstabilite-des-marches-financiers-sur-leglise-adventiste\/#breadcrumb"},"inLanguage":"fr-FR","potentialAction":[{"@type":"ReadAction","target":["https:\/\/interamerica.org\/fr\/2020\/05\/les-effets-de-linstabilite-des-marches-financiers-sur-leglise-adventiste\/"]}]},{"@type":"ImageObject","inLanguage":"fr-FR","@id":"https:\/\/interamerica.org\/fr\/2020\/05\/les-effets-de-linstabilite-des-marches-financiers-sur-leglise-adventiste\/#primaryimage","url":"https:\/\/interamerica.org\/wp-content\/uploads\/2020\/05\/financial-market-m-b-m-zzoa5g8hspi-unsplash.jpg","contentUrl":"https:\/\/interamerica.org\/wp-content\/uploads\/2020\/05\/financial-market-m-b-m-zzoa5g8hspi-unsplash.jpg","width":1280,"height":800,"caption":"[Photo: unsplash]"},{"@type":"BreadcrumbList","@id":"https:\/\/interamerica.org\/fr\/2020\/05\/les-effets-de-linstabilite-des-marches-financiers-sur-leglise-adventiste\/#breadcrumb","itemListElement":[{"@type":"ListItem","position":1,"name":"Home","item":"https:\/\/interamerica.org\/fr\/"},{"@type":"ListItem","position":2,"name":"Les effets de l\u2019instabilit\u00e9 des march\u00e9s financiers sur l\u2019\u00c9glise adventiste"}]},{"@type":"WebSite","@id":"https:\/\/interamerica.org\/fr\/#website","url":"https:\/\/interamerica.org\/fr\/","name":"\u00c9glise Adventiste Du Septieme Jour - Inter Am\u00e9rique Division","description":"","potentialAction":[{"@type":"SearchAction","target":{"@type":"EntryPoint","urlTemplate":"https:\/\/interamerica.org\/fr\/?s={search_term_string}"},"query-input":{"@type":"PropertyValueSpecification","valueRequired":true,"valueName":"search_term_string"}}],"inLanguage":"fr-FR"},{"@type":"Person","@id":"https:\/\/interamerica.org\/fr\/#\/schema\/person\/29998f2bc2d8bd0d38662909289b54f1","name":"libna","image":{"@type":"ImageObject","inLanguage":"fr-FR","@id":"https:\/\/secure.gravatar.com\/avatar\/7c5bd30ae4b47a9ba3c856590957fd1d96dc588bf3ac05719d247e126840331f?s=96&d=mm&r=g","url":"https:\/\/secure.gravatar.com\/avatar\/7c5bd30ae4b47a9ba3c856590957fd1d96dc588bf3ac05719d247e126840331f?s=96&d=mm&r=g","contentUrl":"https:\/\/secure.gravatar.com\/avatar\/7c5bd30ae4b47a9ba3c856590957fd1d96dc588bf3ac05719d247e126840331f?s=96&d=mm&r=g","caption":"libna"}}]}},"_links":{"self":[{"href":"https:\/\/interamerica.org\/fr\/wp-json\/wp\/v2\/posts\/59043","targetHints":{"allow":["GET"]}}],"collection":[{"href":"https:\/\/interamerica.org\/fr\/wp-json\/wp\/v2\/posts"}],"about":[{"href":"https:\/\/interamerica.org\/fr\/wp-json\/wp\/v2\/types\/post"}],"author":[{"embeddable":true,"href":"https:\/\/interamerica.org\/fr\/wp-json\/wp\/v2\/users\/3"}],"replies":[{"embeddable":true,"href":"https:\/\/interamerica.org\/fr\/wp-json\/wp\/v2\/comments?post=59043"}],"version-history":[{"count":0,"href":"https:\/\/interamerica.org\/fr\/wp-json\/wp\/v2\/posts\/59043\/revisions"}],"wp:featuredmedia":[{"embeddable":true,"href":"https:\/\/interamerica.org\/fr\/wp-json\/wp\/v2\/media\/58978"}],"wp:attachment":[{"href":"https:\/\/interamerica.org\/fr\/wp-json\/wp\/v2\/media?parent=59043"}],"wp:term":[{"taxonomy":"category","embeddable":true,"href":"https:\/\/interamerica.org\/fr\/wp-json\/wp\/v2\/categories?post=59043"},{"taxonomy":"post_tag","embeddable":true,"href":"https:\/\/interamerica.org\/fr\/wp-json\/wp\/v2\/tags?post=59043"}],"curies":[{"name":"wp","href":"https:\/\/api.w.org\/{rel}","templated":true}]}}