{"id":59146,"date":"2020-05-26T10:47:38","date_gmt":"2020-05-26T14:47:38","guid":{"rendered":"https:\/\/recursing-golick.147-182-135-0.plesk.page\/?p=59146"},"modified":"2020-05-26T17:42:50","modified_gmt":"2020-05-26T21:42:50","slug":"loma-linda-utilise-du-plasma-de-personnes-convalescentes-pour-traiter-les-patients-du-covid-19","status":"publish","type":"post","link":"https:\/\/interamerica.org\/fr\/2020\/05\/loma-linda-utilise-du-plasma-de-personnes-convalescentes-pour-traiter-les-patients-du-covid-19\/","title":{"rendered":"Loma Linda utilise du plasma de personnes convalescentes pour traiter les patients du COVID-19"},"content":{"rendered":"<p><div id=\"attachment_59116\" style=\"width: 814px\" class=\"wp-caption aligncenter\"><img fetchpriority=\"high\" decoding=\"async\" aria-describedby=\"caption-attachment-59116\" class=\" wp-image-59115\" src=\"https:\/\/recursing-golick.147-182-135-0.plesk.page\/wp-content\/uploads\/2020\/05\/loma-linda-using-convalescent-plasma-to-treat-covid-19-patients.jpg\" alt=\"\" width=\"804\" height=\"402\" srcset=\"https:\/\/interamerica.org\/wp-content\/uploads\/2020\/05\/loma-linda-using-convalescent-plasma-to-treat-covid-19-patients.jpg 1000w, https:\/\/interamerica.org\/wp-content\/uploads\/2020\/05\/loma-linda-using-convalescent-plasma-to-treat-covid-19-patients-300x150.jpg 300w, https:\/\/interamerica.org\/wp-content\/uploads\/2020\/05\/loma-linda-using-convalescent-plasma-to-treat-covid-19-patients-768x384.jpg 768w\" sizes=\"(max-width: 804px) 100vw, 804px\" \/><p id=\"caption-attachment-59116\" class=\"wp-caption-text\">Le plasma rempli d\u2019anticorps donn\u00e9 par Rohith Mohan pourrait potentiellement permettre de traiter jusqu\u2019\u00e0 quatre patients qui luttent actuellement contre le COVID-19. [Photo : P\u00f4le Sant\u00e9 de l\u2019Universit\u00e9 de Loma Linda]<\/p><\/div>25 Mai 2020 | Loma Linda, Californie, \u00c9tats-Unis | Par Sheann Brandon<\/p>\n<p><span class=\"cap\">L<\/span>e P\u00f4le Sant\u00e9 de l\u2019Universit\u00e9 de Loma Linda traite actuellement des patients \u00e9ligibles qui luttent contre le nouveau coronavirus (COVID-19), avec du plasma provenant de personnes convalescentes dans l\u2019espoir de renforcer leur capacit\u00e9 \u00e0 lutter contre le virus.<\/p>\n<p>Les patients sont trait\u00e9s pendant leur s\u00e9jour \u00e0 l\u2019h\u00f4pital avec une transfusion de s\u00e9rum contenant des anticorps neutralisant le virus, qui ont \u00e9t\u00e9 pr\u00e9lev\u00e9s du sang donn\u00e9 par un individu ayant gu\u00e9ri de la maladie.<\/p>\n<p>Tait Stevens, pr\u00e9sident du personnel m\u00e9dical du Centre M\u00e9dical de l\u2019Universit\u00e9 de Loma Linda, a d\u00e9clar\u00e9 que certains \u00e9l\u00e9ments indiquent que les patients souffrant actuellement de COVID-19 r\u00e9cup\u00e8rent mieux s\u2019ils re\u00e7oivent du plasma de ceux qui se sont d\u00e9j\u00e0 r\u00e9tablis. Tait Stevens a cit\u00e9 une \u00e9tude publi\u00e9e en avril 2020 qui montrait des r\u00e9sultats encourageants dans 10 cas graves chez des adultes, o\u00f9 le patient a re\u00e7u le plasma d\u2019un convalescent, et a maintenu ou augment\u00e9 les anticorps, pour ensuite se r\u00e9tablir.<\/p>\n<p>\u00ab Cette \u00e9tude a montr\u00e9 des r\u00e9sultats prometteurs, et nous voulons faire tout ce que nous pouvons pour poursuivre cette lutte contre le COVID-19, \u00bb a d\u00e9clar\u00e9 Tait Stevens.<\/p>\n<p>Rohith Mohan, un r\u00e9sident de deuxi\u00e8me ann\u00e9e en p\u00e9diatrie \u00e0 l\u2019H\u00f4pital pour Enfants de l\u2019Universit\u00e9 de Loma Linda, a commenc\u00e9 \u00e0 avoir des sympt\u00f4mes \u00e0 la mi-mars. Il s\u2019est r\u00e9tabli apr\u00e8s environ 10 jours, mais a continu\u00e9 \u00e0 \u00eatre test\u00e9 positif pour le virus pendant 40 jours. Rohith Mohan a fait un don de sang dans un centre de don LifeStream le 16 mai. Son plasma rempli d\u2019anticorps permettrait potentiellement de traiter jusqu\u2019\u00e0 quatre patients qui luttent actuellement contre la maladie que lui a surmont\u00e9e.<\/p>\n<p>Outre les dons de sang, les membres de la communaut\u00e9 et les organisations apportent un soutien financier pour le traitement au plasma de convalescent. La Riverside Community Health Foundation (Fondation pour la Sant\u00e9 Communautaire de Riverside) a r\u00e9cemment financ\u00e9 ce traitement gr\u00e2ce \u00e0 une subvention de 25000 dollars US. De plus, Thomas et Candace Spiel ont fait un don de 25000 dollars US pour soutenir le travail qu\u2019accomplit le P\u00f4le Sant\u00e9 de l\u2019Universit\u00e9 de Loma Linda.<\/p>\n<p>Le P\u00f4le Sant\u00e9 de l\u2019Universit\u00e9 de Loma Linda invite les adultes \u00e0 aider \u00e0 continuer de mettre \u00e0 disposition ce traitement qui pourrait sauver des vies en faisant un don de sang \u00e0 LifeStream. Sauf si un besoin urgent existe ailleurs, la plupart du plasma donn\u00e9 restera au niveau local, pour aider les individus dans la communaut\u00e9. Si le donneur dit \u00e0 LifeStream qu\u2019il repr\u00e9sente le P\u00f4le Sant\u00e9 de l\u2019Universit\u00e9 de Loma Linda, l\u2019institution est s\u00fbre de r\u00e9cup\u00e9rer au moins une unit\u00e9 de ce don. Un examen pr\u00e9alable est requis pour les dons de plasma de convalescent.<\/p>\n<p>Pour qu\u2019une personne ayant gu\u00e9ri du COVID-19 fasse un don, elle doit avoir \u00e9t\u00e9 test\u00e9e n\u00e9gatif au virus ou \u00eatre rest\u00e9e 14 jours sans sympt\u00f4mes, ont pr\u00e9cis\u00e9 les coordinateurs. Si elles sont int\u00e9ress\u00e9es, ont-ils ajout\u00e9, les personnes doivent envoyer un <a href=\"mailto:mailtoconvalescentplasma@llu.edu\" target=\"_blank\" rel=\"noopener noreferrer\">email<\/a> avec leur nom complet, leur date de naissance, leur num\u00e9ro de t\u00e9l\u00e9phone, le nombre approximatif de jours sans sympt\u00f4mes et la date du test COVID-19 positif, le cas \u00e9ch\u00e9ant.<\/p>\n<p><em>La <\/em><a href=\"https:\/\/news.llu.edu\/patient-care\/loma-linda-university-health-using-convalescent-plasma-treat-covid-19-patients\" target=\"_blank\" rel=\"noopener noreferrer\"><em>version originale<\/em><\/a><em> de ce r\u00e9cit a \u00e9t\u00e9 publi\u00e9e sur le<\/em><a href=\"https:\/\/news.llu.edu\/\" target=\"_blank\" rel=\"noopener noreferrer\"><em>site d&rsquo;informations<\/em><\/a><em>du P\u00f4le Sant\u00e9 de l\u2019Universit\u00e9 de Loma Linda.<\/em><\/p>\n<p>Traduction: Patrick Luciathe<\/p>\n","protected":false},"excerpt":{"rendered":"<p>25 Mai 2020 | Loma Linda, Californie, \u00c9tats-Unis | Par Sheann Brandon Le P\u00f4le Sant\u00e9 de l\u2019Universit\u00e9 de Loma Linda traite actuellement des patients \u00e9ligibles qui luttent contre le nouveau&#8230;<\/p>\n","protected":false},"author":3,"featured_media":59116,"comment_status":"open","ping_status":"closed","sticky":false,"template":"","format":"standard","meta":{"_acf_changed":false,"footnotes":""},"categories":[18,19],"tags":[],"class_list":["post-59146","post","type-post","status-publish","format-standard","has-post-thumbnail","hentry","category-nouvelles-de-leglise-mondiale","category-rss-francais"],"acf":[],"yoast_head":"<!-- This site is optimized with the Yoast SEO plugin v27.3 - https:\/\/yoast.com\/product\/yoast-seo-wordpress\/ -->\n<title>Loma Linda utilise du plasma de personnes convalescentes pour traiter les patients du COVID-19 - \u00c9glise Adventiste Du Septieme Jour - Inter Am\u00e9rique Division<\/title>\n<meta name=\"robots\" content=\"index, follow, max-snippet:-1, max-image-preview:large, max-video-preview:-1\" \/>\n<link rel=\"canonical\" href=\"https:\/\/interamerica.org\/fr\/2020\/05\/loma-linda-utilise-du-plasma-de-personnes-convalescentes-pour-traiter-les-patients-du-covid-19\/\" \/>\n<meta property=\"og:locale\" content=\"fr_FR\" \/>\n<meta property=\"og:type\" content=\"article\" \/>\n<meta property=\"og:title\" content=\"Loma Linda utilise du plasma de personnes convalescentes pour traiter les patients du COVID-19 - \u00c9glise Adventiste Du Septieme Jour - Inter Am\u00e9rique Division\" \/>\n<meta property=\"og:description\" content=\"25 Mai 2020 | Loma Linda, Californie, \u00c9tats-Unis | Par Sheann Brandon Le P\u00f4le Sant\u00e9 de l\u2019Universit\u00e9 de Loma Linda traite actuellement des patients \u00e9ligibles qui luttent contre le nouveau...\" \/>\n<meta property=\"og:url\" content=\"https:\/\/interamerica.org\/fr\/2020\/05\/loma-linda-utilise-du-plasma-de-personnes-convalescentes-pour-traiter-les-patients-du-covid-19\/\" \/>\n<meta property=\"og:site_name\" content=\"\u00c9glise Adventiste Du Septieme Jour - Inter Am\u00e9rique Division\" \/>\n<meta property=\"article:published_time\" content=\"2020-05-26T14:47:38+00:00\" \/>\n<meta property=\"article:modified_time\" content=\"2020-05-26T21:42:50+00:00\" \/>\n<meta property=\"og:image\" content=\"https:\/\/interamerica.org\/wp-content\/uploads\/2020\/05\/loma-linda-using-convalescent-plasma-to-treat-covid-19-patients.jpg\" \/>\n\t<meta property=\"og:image:width\" content=\"1000\" \/>\n\t<meta property=\"og:image:height\" content=\"500\" \/>\n\t<meta property=\"og:image:type\" content=\"image\/jpeg\" \/>\n<meta name=\"author\" content=\"libna\" \/>\n<meta name=\"twitter:card\" content=\"summary_large_image\" \/>\n<meta name=\"twitter:label1\" content=\"\u00c9crit par\" \/>\n\t<meta name=\"twitter:data1\" content=\"libna\" \/>\n\t<meta name=\"twitter:label2\" content=\"Dur\u00e9e de lecture estim\u00e9e\" \/>\n\t<meta name=\"twitter:data2\" content=\"3 minutes\" \/>\n<script type=\"application\/ld+json\" class=\"yoast-schema-graph\">{\"@context\":\"https:\\\/\\\/schema.org\",\"@graph\":[{\"@type\":\"Article\",\"@id\":\"https:\\\/\\\/interamerica.org\\\/fr\\\/2020\\\/05\\\/loma-linda-utilise-du-plasma-de-personnes-convalescentes-pour-traiter-les-patients-du-covid-19\\\/#article\",\"isPartOf\":{\"@id\":\"https:\\\/\\\/interamerica.org\\\/fr\\\/2020\\\/05\\\/loma-linda-utilise-du-plasma-de-personnes-convalescentes-pour-traiter-les-patients-du-covid-19\\\/\"},\"author\":{\"name\":\"libna\",\"@id\":\"https:\\\/\\\/interamerica.org\\\/fr\\\/#\\\/schema\\\/person\\\/29998f2bc2d8bd0d38662909289b54f1\"},\"headline\":\"Loma Linda utilise du plasma de personnes convalescentes pour traiter les patients du COVID-19\",\"datePublished\":\"2020-05-26T14:47:38+00:00\",\"dateModified\":\"2020-05-26T21:42:50+00:00\",\"mainEntityOfPage\":{\"@id\":\"https:\\\/\\\/interamerica.org\\\/fr\\\/2020\\\/05\\\/loma-linda-utilise-du-plasma-de-personnes-convalescentes-pour-traiter-les-patients-du-covid-19\\\/\"},\"wordCount\":654,\"commentCount\":0,\"image\":{\"@id\":\"https:\\\/\\\/interamerica.org\\\/fr\\\/2020\\\/05\\\/loma-linda-utilise-du-plasma-de-personnes-convalescentes-pour-traiter-les-patients-du-covid-19\\\/#primaryimage\"},\"thumbnailUrl\":\"https:\\\/\\\/interamerica.org\\\/wp-content\\\/uploads\\\/2020\\\/05\\\/loma-linda-using-convalescent-plasma-to-treat-covid-19-patients.jpg\",\"articleSection\":[\"Nouvelles de l'\u00c9glise mondiale\",\"RSS Fran\u00e7ais\"],\"inLanguage\":\"fr-FR\",\"potentialAction\":[{\"@type\":\"CommentAction\",\"name\":\"Comment\",\"target\":[\"https:\\\/\\\/interamerica.org\\\/fr\\\/2020\\\/05\\\/loma-linda-utilise-du-plasma-de-personnes-convalescentes-pour-traiter-les-patients-du-covid-19\\\/#respond\"]}]},{\"@type\":\"WebPage\",\"@id\":\"https:\\\/\\\/interamerica.org\\\/fr\\\/2020\\\/05\\\/loma-linda-utilise-du-plasma-de-personnes-convalescentes-pour-traiter-les-patients-du-covid-19\\\/\",\"url\":\"https:\\\/\\\/interamerica.org\\\/fr\\\/2020\\\/05\\\/loma-linda-utilise-du-plasma-de-personnes-convalescentes-pour-traiter-les-patients-du-covid-19\\\/\",\"name\":\"Loma Linda utilise du plasma de personnes convalescentes pour traiter les patients du COVID-19 - \u00c9glise Adventiste Du Septieme Jour - Inter Am\u00e9rique Division\",\"isPartOf\":{\"@id\":\"https:\\\/\\\/interamerica.org\\\/fr\\\/#website\"},\"primaryImageOfPage\":{\"@id\":\"https:\\\/\\\/interamerica.org\\\/fr\\\/2020\\\/05\\\/loma-linda-utilise-du-plasma-de-personnes-convalescentes-pour-traiter-les-patients-du-covid-19\\\/#primaryimage\"},\"image\":{\"@id\":\"https:\\\/\\\/interamerica.org\\\/fr\\\/2020\\\/05\\\/loma-linda-utilise-du-plasma-de-personnes-convalescentes-pour-traiter-les-patients-du-covid-19\\\/#primaryimage\"},\"thumbnailUrl\":\"https:\\\/\\\/interamerica.org\\\/wp-content\\\/uploads\\\/2020\\\/05\\\/loma-linda-using-convalescent-plasma-to-treat-covid-19-patients.jpg\",\"datePublished\":\"2020-05-26T14:47:38+00:00\",\"dateModified\":\"2020-05-26T21:42:50+00:00\",\"author\":{\"@id\":\"https:\\\/\\\/interamerica.org\\\/fr\\\/#\\\/schema\\\/person\\\/29998f2bc2d8bd0d38662909289b54f1\"},\"breadcrumb\":{\"@id\":\"https:\\\/\\\/interamerica.org\\\/fr\\\/2020\\\/05\\\/loma-linda-utilise-du-plasma-de-personnes-convalescentes-pour-traiter-les-patients-du-covid-19\\\/#breadcrumb\"},\"inLanguage\":\"fr-FR\",\"potentialAction\":[{\"@type\":\"ReadAction\",\"target\":[\"https:\\\/\\\/interamerica.org\\\/fr\\\/2020\\\/05\\\/loma-linda-utilise-du-plasma-de-personnes-convalescentes-pour-traiter-les-patients-du-covid-19\\\/\"]}]},{\"@type\":\"ImageObject\",\"inLanguage\":\"fr-FR\",\"@id\":\"https:\\\/\\\/interamerica.org\\\/fr\\\/2020\\\/05\\\/loma-linda-utilise-du-plasma-de-personnes-convalescentes-pour-traiter-les-patients-du-covid-19\\\/#primaryimage\",\"url\":\"https:\\\/\\\/interamerica.org\\\/wp-content\\\/uploads\\\/2020\\\/05\\\/loma-linda-using-convalescent-plasma-to-treat-covid-19-patients.jpg\",\"contentUrl\":\"https:\\\/\\\/interamerica.org\\\/wp-content\\\/uploads\\\/2020\\\/05\\\/loma-linda-using-convalescent-plasma-to-treat-covid-19-patients.jpg\",\"width\":1000,\"height\":500,\"caption\":\"Le plasma rempli d\u2019anticorps donn\u00e9 par Rohith Mohan pourrait potentiellement permettre de traiter jusqu\u2019\u00e0 quatre patients qui luttent actuellement contre le COVID-19. [Photo : P\u00f4le Sant\u00e9 de l\u2019Universit\u00e9 de Loma Linda]\"},{\"@type\":\"BreadcrumbList\",\"@id\":\"https:\\\/\\\/interamerica.org\\\/fr\\\/2020\\\/05\\\/loma-linda-utilise-du-plasma-de-personnes-convalescentes-pour-traiter-les-patients-du-covid-19\\\/#breadcrumb\",\"itemListElement\":[{\"@type\":\"ListItem\",\"position\":1,\"name\":\"Home\",\"item\":\"https:\\\/\\\/interamerica.org\\\/fr\\\/\"},{\"@type\":\"ListItem\",\"position\":2,\"name\":\"Loma Linda utilise du plasma de personnes convalescentes pour traiter les patients du COVID-19\"}]},{\"@type\":\"WebSite\",\"@id\":\"https:\\\/\\\/interamerica.org\\\/fr\\\/#website\",\"url\":\"https:\\\/\\\/interamerica.org\\\/fr\\\/\",\"name\":\"\u00c9glise Adventiste Du Septieme Jour - Inter Am\u00e9rique Division\",\"description\":\"\",\"potentialAction\":[{\"@type\":\"SearchAction\",\"target\":{\"@type\":\"EntryPoint\",\"urlTemplate\":\"https:\\\/\\\/interamerica.org\\\/fr\\\/?s={search_term_string}\"},\"query-input\":{\"@type\":\"PropertyValueSpecification\",\"valueRequired\":true,\"valueName\":\"search_term_string\"}}],\"inLanguage\":\"fr-FR\"},{\"@type\":\"Person\",\"@id\":\"https:\\\/\\\/interamerica.org\\\/fr\\\/#\\\/schema\\\/person\\\/29998f2bc2d8bd0d38662909289b54f1\",\"name\":\"libna\",\"image\":{\"@type\":\"ImageObject\",\"inLanguage\":\"fr-FR\",\"@id\":\"https:\\\/\\\/secure.gravatar.com\\\/avatar\\\/7c5bd30ae4b47a9ba3c856590957fd1d96dc588bf3ac05719d247e126840331f?s=96&d=mm&r=g\",\"url\":\"https:\\\/\\\/secure.gravatar.com\\\/avatar\\\/7c5bd30ae4b47a9ba3c856590957fd1d96dc588bf3ac05719d247e126840331f?s=96&d=mm&r=g\",\"contentUrl\":\"https:\\\/\\\/secure.gravatar.com\\\/avatar\\\/7c5bd30ae4b47a9ba3c856590957fd1d96dc588bf3ac05719d247e126840331f?s=96&d=mm&r=g\",\"caption\":\"libna\"}}]}<\/script>\n<!-- \/ Yoast SEO plugin. -->","yoast_head_json":{"title":"Loma Linda utilise du plasma de personnes convalescentes pour traiter les patients du COVID-19 - \u00c9glise Adventiste Du Septieme Jour - Inter Am\u00e9rique Division","robots":{"index":"index","follow":"follow","max-snippet":"max-snippet:-1","max-image-preview":"max-image-preview:large","max-video-preview":"max-video-preview:-1"},"canonical":"https:\/\/interamerica.org\/fr\/2020\/05\/loma-linda-utilise-du-plasma-de-personnes-convalescentes-pour-traiter-les-patients-du-covid-19\/","og_locale":"fr_FR","og_type":"article","og_title":"Loma Linda utilise du plasma de personnes convalescentes pour traiter les patients du COVID-19 - \u00c9glise Adventiste Du Septieme Jour - Inter Am\u00e9rique Division","og_description":"25 Mai 2020 | Loma Linda, Californie, \u00c9tats-Unis | Par Sheann Brandon Le P\u00f4le Sant\u00e9 de l\u2019Universit\u00e9 de Loma Linda traite actuellement des patients \u00e9ligibles qui luttent contre le nouveau...","og_url":"https:\/\/interamerica.org\/fr\/2020\/05\/loma-linda-utilise-du-plasma-de-personnes-convalescentes-pour-traiter-les-patients-du-covid-19\/","og_site_name":"\u00c9glise Adventiste Du Septieme Jour - Inter Am\u00e9rique Division","article_published_time":"2020-05-26T14:47:38+00:00","article_modified_time":"2020-05-26T21:42:50+00:00","og_image":[{"width":1000,"height":500,"url":"https:\/\/interamerica.org\/wp-content\/uploads\/2020\/05\/loma-linda-using-convalescent-plasma-to-treat-covid-19-patients.jpg","type":"image\/jpeg"}],"author":"libna","twitter_card":"summary_large_image","twitter_misc":{"\u00c9crit par":"libna","Dur\u00e9e de lecture estim\u00e9e":"3 minutes"},"schema":{"@context":"https:\/\/schema.org","@graph":[{"@type":"Article","@id":"https:\/\/interamerica.org\/fr\/2020\/05\/loma-linda-utilise-du-plasma-de-personnes-convalescentes-pour-traiter-les-patients-du-covid-19\/#article","isPartOf":{"@id":"https:\/\/interamerica.org\/fr\/2020\/05\/loma-linda-utilise-du-plasma-de-personnes-convalescentes-pour-traiter-les-patients-du-covid-19\/"},"author":{"name":"libna","@id":"https:\/\/interamerica.org\/fr\/#\/schema\/person\/29998f2bc2d8bd0d38662909289b54f1"},"headline":"Loma Linda utilise du plasma de personnes convalescentes pour traiter les patients du COVID-19","datePublished":"2020-05-26T14:47:38+00:00","dateModified":"2020-05-26T21:42:50+00:00","mainEntityOfPage":{"@id":"https:\/\/interamerica.org\/fr\/2020\/05\/loma-linda-utilise-du-plasma-de-personnes-convalescentes-pour-traiter-les-patients-du-covid-19\/"},"wordCount":654,"commentCount":0,"image":{"@id":"https:\/\/interamerica.org\/fr\/2020\/05\/loma-linda-utilise-du-plasma-de-personnes-convalescentes-pour-traiter-les-patients-du-covid-19\/#primaryimage"},"thumbnailUrl":"https:\/\/interamerica.org\/wp-content\/uploads\/2020\/05\/loma-linda-using-convalescent-plasma-to-treat-covid-19-patients.jpg","articleSection":["Nouvelles de l'\u00c9glise mondiale","RSS Fran\u00e7ais"],"inLanguage":"fr-FR","potentialAction":[{"@type":"CommentAction","name":"Comment","target":["https:\/\/interamerica.org\/fr\/2020\/05\/loma-linda-utilise-du-plasma-de-personnes-convalescentes-pour-traiter-les-patients-du-covid-19\/#respond"]}]},{"@type":"WebPage","@id":"https:\/\/interamerica.org\/fr\/2020\/05\/loma-linda-utilise-du-plasma-de-personnes-convalescentes-pour-traiter-les-patients-du-covid-19\/","url":"https:\/\/interamerica.org\/fr\/2020\/05\/loma-linda-utilise-du-plasma-de-personnes-convalescentes-pour-traiter-les-patients-du-covid-19\/","name":"Loma Linda utilise du plasma de personnes convalescentes pour traiter les patients du COVID-19 - \u00c9glise Adventiste Du Septieme Jour - Inter Am\u00e9rique Division","isPartOf":{"@id":"https:\/\/interamerica.org\/fr\/#website"},"primaryImageOfPage":{"@id":"https:\/\/interamerica.org\/fr\/2020\/05\/loma-linda-utilise-du-plasma-de-personnes-convalescentes-pour-traiter-les-patients-du-covid-19\/#primaryimage"},"image":{"@id":"https:\/\/interamerica.org\/fr\/2020\/05\/loma-linda-utilise-du-plasma-de-personnes-convalescentes-pour-traiter-les-patients-du-covid-19\/#primaryimage"},"thumbnailUrl":"https:\/\/interamerica.org\/wp-content\/uploads\/2020\/05\/loma-linda-using-convalescent-plasma-to-treat-covid-19-patients.jpg","datePublished":"2020-05-26T14:47:38+00:00","dateModified":"2020-05-26T21:42:50+00:00","author":{"@id":"https:\/\/interamerica.org\/fr\/#\/schema\/person\/29998f2bc2d8bd0d38662909289b54f1"},"breadcrumb":{"@id":"https:\/\/interamerica.org\/fr\/2020\/05\/loma-linda-utilise-du-plasma-de-personnes-convalescentes-pour-traiter-les-patients-du-covid-19\/#breadcrumb"},"inLanguage":"fr-FR","potentialAction":[{"@type":"ReadAction","target":["https:\/\/interamerica.org\/fr\/2020\/05\/loma-linda-utilise-du-plasma-de-personnes-convalescentes-pour-traiter-les-patients-du-covid-19\/"]}]},{"@type":"ImageObject","inLanguage":"fr-FR","@id":"https:\/\/interamerica.org\/fr\/2020\/05\/loma-linda-utilise-du-plasma-de-personnes-convalescentes-pour-traiter-les-patients-du-covid-19\/#primaryimage","url":"https:\/\/interamerica.org\/wp-content\/uploads\/2020\/05\/loma-linda-using-convalescent-plasma-to-treat-covid-19-patients.jpg","contentUrl":"https:\/\/interamerica.org\/wp-content\/uploads\/2020\/05\/loma-linda-using-convalescent-plasma-to-treat-covid-19-patients.jpg","width":1000,"height":500,"caption":"Le plasma rempli d\u2019anticorps donn\u00e9 par Rohith Mohan pourrait potentiellement permettre de traiter jusqu\u2019\u00e0 quatre patients qui luttent actuellement contre le COVID-19. [Photo : P\u00f4le Sant\u00e9 de l\u2019Universit\u00e9 de Loma Linda]"},{"@type":"BreadcrumbList","@id":"https:\/\/interamerica.org\/fr\/2020\/05\/loma-linda-utilise-du-plasma-de-personnes-convalescentes-pour-traiter-les-patients-du-covid-19\/#breadcrumb","itemListElement":[{"@type":"ListItem","position":1,"name":"Home","item":"https:\/\/interamerica.org\/fr\/"},{"@type":"ListItem","position":2,"name":"Loma Linda utilise du plasma de personnes convalescentes pour traiter les patients du COVID-19"}]},{"@type":"WebSite","@id":"https:\/\/interamerica.org\/fr\/#website","url":"https:\/\/interamerica.org\/fr\/","name":"\u00c9glise Adventiste Du Septieme Jour - Inter Am\u00e9rique Division","description":"","potentialAction":[{"@type":"SearchAction","target":{"@type":"EntryPoint","urlTemplate":"https:\/\/interamerica.org\/fr\/?s={search_term_string}"},"query-input":{"@type":"PropertyValueSpecification","valueRequired":true,"valueName":"search_term_string"}}],"inLanguage":"fr-FR"},{"@type":"Person","@id":"https:\/\/interamerica.org\/fr\/#\/schema\/person\/29998f2bc2d8bd0d38662909289b54f1","name":"libna","image":{"@type":"ImageObject","inLanguage":"fr-FR","@id":"https:\/\/secure.gravatar.com\/avatar\/7c5bd30ae4b47a9ba3c856590957fd1d96dc588bf3ac05719d247e126840331f?s=96&d=mm&r=g","url":"https:\/\/secure.gravatar.com\/avatar\/7c5bd30ae4b47a9ba3c856590957fd1d96dc588bf3ac05719d247e126840331f?s=96&d=mm&r=g","contentUrl":"https:\/\/secure.gravatar.com\/avatar\/7c5bd30ae4b47a9ba3c856590957fd1d96dc588bf3ac05719d247e126840331f?s=96&d=mm&r=g","caption":"libna"}}]}},"_links":{"self":[{"href":"https:\/\/interamerica.org\/fr\/wp-json\/wp\/v2\/posts\/59146","targetHints":{"allow":["GET"]}}],"collection":[{"href":"https:\/\/interamerica.org\/fr\/wp-json\/wp\/v2\/posts"}],"about":[{"href":"https:\/\/interamerica.org\/fr\/wp-json\/wp\/v2\/types\/post"}],"author":[{"embeddable":true,"href":"https:\/\/interamerica.org\/fr\/wp-json\/wp\/v2\/users\/3"}],"replies":[{"embeddable":true,"href":"https:\/\/interamerica.org\/fr\/wp-json\/wp\/v2\/comments?post=59146"}],"version-history":[{"count":0,"href":"https:\/\/interamerica.org\/fr\/wp-json\/wp\/v2\/posts\/59146\/revisions"}],"wp:featuredmedia":[{"embeddable":true,"href":"https:\/\/interamerica.org\/fr\/wp-json\/wp\/v2\/media\/59116"}],"wp:attachment":[{"href":"https:\/\/interamerica.org\/fr\/wp-json\/wp\/v2\/media?parent=59146"}],"wp:term":[{"taxonomy":"category","embeddable":true,"href":"https:\/\/interamerica.org\/fr\/wp-json\/wp\/v2\/categories?post=59146"},{"taxonomy":"post_tag","embeddable":true,"href":"https:\/\/interamerica.org\/fr\/wp-json\/wp\/v2\/tags?post=59146"}],"curies":[{"name":"wp","href":"https:\/\/api.w.org\/{rel}","templated":true}]}}