{"id":59175,"date":"2020-05-27T08:20:11","date_gmt":"2020-05-27T12:20:11","guid":{"rendered":"https:\/\/recursing-golick.147-182-135-0.plesk.page\/?p=59175"},"modified":"2020-05-27T10:22:27","modified_gmt":"2020-05-27T14:22:27","slug":"ouvrons-les-yeux","status":"publish","type":"post","link":"https:\/\/interamerica.org\/fr\/2020\/05\/ouvrons-les-yeux\/","title":{"rendered":"Ouvrons les yeux"},"content":{"rendered":"<p>27 Mai 2020 | Miami, Floride, \u00c9tats-Unis | Par Abel M\u00e1rquez, Division Inter Am\u00e9ricaine<\/p>\n<p>Une solution au probl\u00e8me de la grande crise mondiale d\u00fbe \u00e0 la pand\u00e9mie de COVID-19 serait que nous puissions voir le virus. Le fait que les fronti\u00e8res et les entreprises non essentielles aient \u00e9t\u00e9 ferm\u00e9es, que des \u00e9v\u00e9nements aient \u00e9t\u00e9 annul\u00e9s, que nous soyons oblig\u00e9s de rester chez nous, et bien d\u2019autres restrictions similaires, d\u00e9coulent du fait que nous ne sachions pas o\u00f9 se trouve le virus et, par cons\u00e9quent, que nous n\u2019ayons aucun moyen de l\u2019attaquer et de le d\u00e9truire.<\/p>\n<p>Imaginez que vous sortiez de chez vous et, alors que vous roulez sur la route, vous voyez soudain un nuage de coronavirus devant vous. Les pi\u00e9tons vont et viennent en essayant d\u2019\u00e9viter d\u2019\u00eatre infect\u00e9s; d\u2019autres secouent leurs v\u00eatements et, presque instantan\u00e9ment, la police arrive pour boucler l\u2019endroit tandis qu\u2019une \u00e9quipe sp\u00e9ciale, avec un \u00e9quipement de protection, pulv\u00e9rise l\u2019endroit avec des d\u00e9sinfectants qui \u00e9liminent imm\u00e9diatement le virus redout\u00e9. Gr\u00e2ce au fait que vous ayez pu voir le danger, vous pouvez changer de rue, changer votre itin\u00e9raire et vous d\u00e9barrasser du risque potentiel. Dans le pire des cas, vous pourriez peut-\u00eatre annuler votre rendez-vous \u00e9ventuel, \u00e9viter d\u2019aller \u00e0 l\u2019\u00e9cole ou \u00e0 l\u2019\u00e9glise, rater votre vol ou m\u00eame une r\u00e9union ou une affaire importante, mais gr\u00e2ce \u00e0 votre capacit\u00e9 \u00e0 voir o\u00f9 se trouve le virus, la crise ne vous affecterait pas de la m\u00eame mani\u00e8re qu\u2019elle nous affecte maintenant.<\/p>\n<p>Au cours des premiers mois de cette ann\u00e9e, une fois qu\u2019on a appris qu\u2019il y avait une \u00e9pid\u00e9mie caus\u00e9e par le nouveau coronavirus, certains pays d\u2019Asie ont mis en place des mesures pour pr\u00e9venir une crise plus grave. Parmi ces mesures, il y a l\u2019\u00e9laboration d\u2019applications de g\u00e9olocalisation mobile, que le gouvernement utilise pour localiser et personnaliser le suivi de chaque cas. Ainsi, ils ont r\u00e9ussi, lorsque c\u2019\u00e9tait n\u00e9cessaire, \u00e0 isoler une personne, une famille, ou m\u00eame un quartier, mais pas tout le pays. Les choses sont ainsi, gr\u00e2ce \u00e0 la possibilit\u00e9 de d\u00e9tecter le virus, de savoir o\u00f9 il se trouve et comment il peut \u00eatre contr\u00e9.<\/p>\n<p>Envisager un avenir imm\u00e9diat apr\u00e8s une paralysie de l\u2019\u00e9conomie due au confinement, en dehors des activit\u00e9s sociales, sportives et de divertissement, nous oblige \u00e0 faire face \u00e0 des situations incertaines. Les universit\u00e9s qui ont d\u00e9j\u00e0 annonc\u00e9 qu\u2019elles n\u2019ouvriront pas leurs b\u00e2timents avant janvier 2021 travaillent peut-\u00eatre actuellement sur des plans de r\u00e9novation et reconsid\u00e8rent leurs structures et leurs strat\u00e9gies. Les compagnies a\u00e9riennes qui ont des centaines d\u2019avions clou\u00e9s au sol en raison de l\u2019annulation des vols commerciaux, cherchent probablement des moyens de fusionner, afin de continuer \u00e0 fonctionner. Une discussion sur la refonte des environnements urbains et architecturaux est actuellement en cours, avec des parcs publics de capacit\u00e9 limit\u00e9e et des bureaux qui changeront leur configuration pour int\u00e9grer des environnements offrant une plus grande distance sociale, et des entreprises qui adopteront m\u00eame le t\u00e9l\u00e9travail de mani\u00e8re plus permanente. Nous pouvons \u00e9galement imaginer des rendez-vous chez le m\u00e9decin par le biais de vid\u00e9oconf\u00e9rences et des centres de culte avec des restrictions sur la louange ou m\u00eame avec l\u2019interdiction de dire \u00ab Amen \u00bb \u00e0 haute voix. Cependant, ce ne sont que des sp\u00e9culations et des pr\u00e9dictions, qui peuvent devenir aussi r\u00e9elles ou aussi imaginaires que le temps et l\u2019\u00e9limination du virus pourraient le d\u00e9terminer.<\/p>\n<p>2 Rois 6 raconte l\u2019histoire d\u2019une guerre que les Syriens ont men\u00e9e contre Isra\u00ebl. M\u00eame si les Syriens fouillaient partout, ils n\u2019ont pas pu trouver les Isra\u00e9lites parce qu\u2019ils ne savaient pas pr\u00e9cis\u00e9ment o\u00f9 ils d\u00e9pla\u00e7aient leurs camps. D\u2019un autre c\u00f4t\u00e9, le peuple d\u2019Isra\u00ebl disposait d\u2019une sorte de GPS, car un homme de Dieu les conduisait d\u2019un endroit \u00e0 l\u2019autre. Ceci, gr\u00e2ce au fait que le Seigneur savait o\u00f9 se trouvaient leurs ennemis et les amenait \u00e0 changer de route et \u00e0 rester en s\u00e9curit\u00e9. M\u00eame si les Isra\u00e9lites ne pouvaient en fait pas voir l\u2019arm\u00e9e syrienne de leurs yeux, ils ont r\u00e9ussi \u00e0 \u00e9viter le danger, gr\u00e2ce \u00e0 l\u2019intervention divine.<\/p>\n<p>Quand quelqu\u2019un a finalement r\u00e9v\u00e9l\u00e9 au roi de Syrie que la cl\u00e9 c\u2019\u00e9tait de trouver le proph\u00e8te \u00c9lis\u00e9e, qui \u00e9tait derri\u00e8re les avertissements de g\u00e9olocalisation, ils sont all\u00e9s le chercher et ont entour\u00e9 l\u2019endroit o\u00f9 il r\u00e9sidait. Lorsque le serviteur du proph\u00e8te a d\u00e9couvert qu\u2019ils \u00e9taient encercl\u00e9s, il a \u00e9t\u00e9 saisi d\u2019une grande peur, car c\u2019\u00e9tait une grande arm\u00e9e bien \u00e9quip\u00e9e et mena\u00e7ante, et il n\u2019y avait pas d\u2019issue. Mais tr\u00e8s calmement, le proph\u00e8te a pri\u00e9, demandant \u00e0 Dieu d\u2019ouvrir les yeux de son assistant, afin qu\u2019il puisse voir une r\u00e9alit\u00e9 diff\u00e9rente. Il a demand\u00e9 que son serviteur ne reste pas sur les m\u00e9thodes traditionnelles mais que le Seigneur lui r\u00e9v\u00e8le une nouvelle r\u00e9alit\u00e9. Le proph\u00e8te a \u00e9galement demand\u00e9 \u00e0 Dieu d\u2019aveugler les soldats ennemis. Cette c\u00e9cit\u00e9 a compl\u00e8tement chang\u00e9 la situation. Comme ils ne pouvaient pas voir, \u00c9lis\u00e9e lui-m\u00eame les a conduits dans un endroit diff\u00e9rent et ils n\u2019ont plus jamais fait la guerre \u00e0 Isra\u00ebl.<\/p>\n<p>Notre capacit\u00e9 \u00e0 voir le virus nous aiderait \u00e0 l\u2019attaquer et \u00e0 l\u2019\u00e9viter, mais l\u2019impossibilit\u00e9 de voir le futur imm\u00e9diat peut nous conduire \u00e0 la panique et, pire encore, \u00e0 \u00e9viter d\u2019y faire face de mani\u00e8re intelligente. Penser que tr\u00e8s bient\u00f4t nous serons de retour \u00e0 la normale pourrait nous mettre tellement \u00e0 l\u2019aise que nous rejetons tout changement port\u00e9 \u00e0 nos mod\u00e8les, \u00e0 nos structures, \u00e0 nos habitudes et \u00e0 nos m\u00e9thodes.<\/p>\n<p>La solution pour survivre \u00e0 ce que l\u2019avenir pourrait nous apporter est de demander \u00e0 Dieu de nous ouvrir les yeux, afin que nous puissions voir quelle est sa volont\u00e9 pour nous.<\/p>\n<p><em>Abel M\u00e1rquez est le directeur de la communication dans la Division Inter Am\u00e9ricaine des adventistes du septi\u00e8me jour.<\/em><\/p>\n<p>Traduction: Patrick Luciathe<\/p>\n","protected":false},"excerpt":{"rendered":"<p>27 Mai 2020 | Miami, Floride, \u00c9tats-Unis | Par Abel M\u00e1rquez, Division Inter Am\u00e9ricaine Une solution au probl\u00e8me de la grande crise mondiale d\u00fbe \u00e0 la pand\u00e9mie de COVID-19 serait&#8230;<\/p>\n","protected":false},"author":3,"featured_media":59154,"comment_status":"open","ping_status":"closed","sticky":false,"template":"","format":"standard","meta":{"_acf_changed":false,"footnotes":""},"categories":[20,19],"tags":[],"class_list":["post-59175","post","type-post","status-publish","format-standard","has-post-thumbnail","hentry","category-nouvelles-du-siege-de-la-division","category-rss-francais"],"acf":[],"yoast_head":"<!-- This site is optimized with the Yoast SEO plugin v27.3 - https:\/\/yoast.com\/product\/yoast-seo-wordpress\/ -->\n<title>Ouvrons les yeux - \u00c9glise Adventiste Du Septieme Jour - Inter Am\u00e9rique Division<\/title>\n<meta name=\"robots\" content=\"index, follow, max-snippet:-1, max-image-preview:large, max-video-preview:-1\" \/>\n<link rel=\"canonical\" href=\"https:\/\/interamerica.org\/fr\/2020\/05\/ouvrons-les-yeux\/\" \/>\n<meta property=\"og:locale\" content=\"fr_FR\" \/>\n<meta property=\"og:type\" content=\"article\" \/>\n<meta property=\"og:title\" content=\"Ouvrons les yeux - \u00c9glise Adventiste Du Septieme Jour - Inter Am\u00e9rique Division\" \/>\n<meta property=\"og:description\" content=\"27 Mai 2020 | Miami, Floride, \u00c9tats-Unis | Par Abel M\u00e1rquez, Division Inter Am\u00e9ricaine Une solution au probl\u00e8me de la grande crise mondiale d\u00fbe \u00e0 la pand\u00e9mie de COVID-19 serait...\" \/>\n<meta property=\"og:url\" content=\"https:\/\/interamerica.org\/fr\/2020\/05\/ouvrons-les-yeux\/\" \/>\n<meta property=\"og:site_name\" content=\"\u00c9glise Adventiste Du Septieme Jour - Inter Am\u00e9rique Division\" \/>\n<meta property=\"article:published_time\" content=\"2020-05-27T12:20:11+00:00\" \/>\n<meta property=\"article:modified_time\" content=\"2020-05-27T14:22:27+00:00\" \/>\n<meta property=\"og:image\" content=\"https:\/\/interamerica.org\/wp-content\/uploads\/2020\/05\/eyes-open-oscar-keys-amprunrb6n0-unsplash.jpg\" \/>\n\t<meta property=\"og:image:width\" content=\"1280\" \/>\n\t<meta property=\"og:image:height\" content=\"800\" \/>\n\t<meta property=\"og:image:type\" content=\"image\/jpeg\" \/>\n<meta name=\"author\" content=\"libna\" \/>\n<meta name=\"twitter:card\" content=\"summary_large_image\" \/>\n<meta name=\"twitter:label1\" content=\"\u00c9crit par\" \/>\n\t<meta name=\"twitter:data1\" content=\"libna\" \/>\n\t<meta name=\"twitter:label2\" content=\"Dur\u00e9e de lecture estim\u00e9e\" \/>\n\t<meta name=\"twitter:data2\" content=\"5 minutes\" \/>\n<script type=\"application\/ld+json\" class=\"yoast-schema-graph\">{\"@context\":\"https:\\\/\\\/schema.org\",\"@graph\":[{\"@type\":\"Article\",\"@id\":\"https:\\\/\\\/interamerica.org\\\/fr\\\/2020\\\/05\\\/ouvrons-les-yeux\\\/#article\",\"isPartOf\":{\"@id\":\"https:\\\/\\\/interamerica.org\\\/fr\\\/2020\\\/05\\\/ouvrons-les-yeux\\\/\"},\"author\":{\"name\":\"libna\",\"@id\":\"https:\\\/\\\/interamerica.org\\\/fr\\\/#\\\/schema\\\/person\\\/29998f2bc2d8bd0d38662909289b54f1\"},\"headline\":\"Ouvrons les yeux\",\"datePublished\":\"2020-05-27T12:20:11+00:00\",\"dateModified\":\"2020-05-27T14:22:27+00:00\",\"mainEntityOfPage\":{\"@id\":\"https:\\\/\\\/interamerica.org\\\/fr\\\/2020\\\/05\\\/ouvrons-les-yeux\\\/\"},\"wordCount\":1085,\"commentCount\":0,\"image\":{\"@id\":\"https:\\\/\\\/interamerica.org\\\/fr\\\/2020\\\/05\\\/ouvrons-les-yeux\\\/#primaryimage\"},\"thumbnailUrl\":\"https:\\\/\\\/interamerica.org\\\/wp-content\\\/uploads\\\/2020\\\/05\\\/eyes-open-oscar-keys-amprunrb6n0-unsplash.jpg\",\"articleSection\":[\"Nouvelles du si\u00e8ge de la division\",\"RSS Fran\u00e7ais\"],\"inLanguage\":\"fr-FR\",\"potentialAction\":[{\"@type\":\"CommentAction\",\"name\":\"Comment\",\"target\":[\"https:\\\/\\\/interamerica.org\\\/fr\\\/2020\\\/05\\\/ouvrons-les-yeux\\\/#respond\"]}]},{\"@type\":\"WebPage\",\"@id\":\"https:\\\/\\\/interamerica.org\\\/fr\\\/2020\\\/05\\\/ouvrons-les-yeux\\\/\",\"url\":\"https:\\\/\\\/interamerica.org\\\/fr\\\/2020\\\/05\\\/ouvrons-les-yeux\\\/\",\"name\":\"Ouvrons les yeux - \u00c9glise Adventiste Du Septieme Jour - Inter Am\u00e9rique Division\",\"isPartOf\":{\"@id\":\"https:\\\/\\\/interamerica.org\\\/fr\\\/#website\"},\"primaryImageOfPage\":{\"@id\":\"https:\\\/\\\/interamerica.org\\\/fr\\\/2020\\\/05\\\/ouvrons-les-yeux\\\/#primaryimage\"},\"image\":{\"@id\":\"https:\\\/\\\/interamerica.org\\\/fr\\\/2020\\\/05\\\/ouvrons-les-yeux\\\/#primaryimage\"},\"thumbnailUrl\":\"https:\\\/\\\/interamerica.org\\\/wp-content\\\/uploads\\\/2020\\\/05\\\/eyes-open-oscar-keys-amprunrb6n0-unsplash.jpg\",\"datePublished\":\"2020-05-27T12:20:11+00:00\",\"dateModified\":\"2020-05-27T14:22:27+00:00\",\"author\":{\"@id\":\"https:\\\/\\\/interamerica.org\\\/fr\\\/#\\\/schema\\\/person\\\/29998f2bc2d8bd0d38662909289b54f1\"},\"breadcrumb\":{\"@id\":\"https:\\\/\\\/interamerica.org\\\/fr\\\/2020\\\/05\\\/ouvrons-les-yeux\\\/#breadcrumb\"},\"inLanguage\":\"fr-FR\",\"potentialAction\":[{\"@type\":\"ReadAction\",\"target\":[\"https:\\\/\\\/interamerica.org\\\/fr\\\/2020\\\/05\\\/ouvrons-les-yeux\\\/\"]}]},{\"@type\":\"ImageObject\",\"inLanguage\":\"fr-FR\",\"@id\":\"https:\\\/\\\/interamerica.org\\\/fr\\\/2020\\\/05\\\/ouvrons-les-yeux\\\/#primaryimage\",\"url\":\"https:\\\/\\\/interamerica.org\\\/wp-content\\\/uploads\\\/2020\\\/05\\\/eyes-open-oscar-keys-amprunrb6n0-unsplash.jpg\",\"contentUrl\":\"https:\\\/\\\/interamerica.org\\\/wp-content\\\/uploads\\\/2020\\\/05\\\/eyes-open-oscar-keys-amprunrb6n0-unsplash.jpg\",\"width\":1280,\"height\":800,\"caption\":\"[Photo: Oscar Keys\\\/unsplash]\"},{\"@type\":\"BreadcrumbList\",\"@id\":\"https:\\\/\\\/interamerica.org\\\/fr\\\/2020\\\/05\\\/ouvrons-les-yeux\\\/#breadcrumb\",\"itemListElement\":[{\"@type\":\"ListItem\",\"position\":1,\"name\":\"Home\",\"item\":\"https:\\\/\\\/interamerica.org\\\/fr\\\/\"},{\"@type\":\"ListItem\",\"position\":2,\"name\":\"Ouvrons les yeux\"}]},{\"@type\":\"WebSite\",\"@id\":\"https:\\\/\\\/interamerica.org\\\/fr\\\/#website\",\"url\":\"https:\\\/\\\/interamerica.org\\\/fr\\\/\",\"name\":\"\u00c9glise Adventiste Du Septieme Jour - Inter Am\u00e9rique Division\",\"description\":\"\",\"potentialAction\":[{\"@type\":\"SearchAction\",\"target\":{\"@type\":\"EntryPoint\",\"urlTemplate\":\"https:\\\/\\\/interamerica.org\\\/fr\\\/?s={search_term_string}\"},\"query-input\":{\"@type\":\"PropertyValueSpecification\",\"valueRequired\":true,\"valueName\":\"search_term_string\"}}],\"inLanguage\":\"fr-FR\"},{\"@type\":\"Person\",\"@id\":\"https:\\\/\\\/interamerica.org\\\/fr\\\/#\\\/schema\\\/person\\\/29998f2bc2d8bd0d38662909289b54f1\",\"name\":\"libna\",\"image\":{\"@type\":\"ImageObject\",\"inLanguage\":\"fr-FR\",\"@id\":\"https:\\\/\\\/secure.gravatar.com\\\/avatar\\\/7c5bd30ae4b47a9ba3c856590957fd1d96dc588bf3ac05719d247e126840331f?s=96&d=mm&r=g\",\"url\":\"https:\\\/\\\/secure.gravatar.com\\\/avatar\\\/7c5bd30ae4b47a9ba3c856590957fd1d96dc588bf3ac05719d247e126840331f?s=96&d=mm&r=g\",\"contentUrl\":\"https:\\\/\\\/secure.gravatar.com\\\/avatar\\\/7c5bd30ae4b47a9ba3c856590957fd1d96dc588bf3ac05719d247e126840331f?s=96&d=mm&r=g\",\"caption\":\"libna\"}}]}<\/script>\n<!-- \/ Yoast SEO plugin. -->","yoast_head_json":{"title":"Ouvrons les yeux - \u00c9glise Adventiste Du Septieme Jour - Inter Am\u00e9rique Division","robots":{"index":"index","follow":"follow","max-snippet":"max-snippet:-1","max-image-preview":"max-image-preview:large","max-video-preview":"max-video-preview:-1"},"canonical":"https:\/\/interamerica.org\/fr\/2020\/05\/ouvrons-les-yeux\/","og_locale":"fr_FR","og_type":"article","og_title":"Ouvrons les yeux - \u00c9glise Adventiste Du Septieme Jour - Inter Am\u00e9rique Division","og_description":"27 Mai 2020 | Miami, Floride, \u00c9tats-Unis | Par Abel M\u00e1rquez, Division Inter Am\u00e9ricaine Une solution au probl\u00e8me de la grande crise mondiale d\u00fbe \u00e0 la pand\u00e9mie de COVID-19 serait...","og_url":"https:\/\/interamerica.org\/fr\/2020\/05\/ouvrons-les-yeux\/","og_site_name":"\u00c9glise Adventiste Du Septieme Jour - Inter Am\u00e9rique Division","article_published_time":"2020-05-27T12:20:11+00:00","article_modified_time":"2020-05-27T14:22:27+00:00","og_image":[{"width":1280,"height":800,"url":"https:\/\/interamerica.org\/wp-content\/uploads\/2020\/05\/eyes-open-oscar-keys-amprunrb6n0-unsplash.jpg","type":"image\/jpeg"}],"author":"libna","twitter_card":"summary_large_image","twitter_misc":{"\u00c9crit par":"libna","Dur\u00e9e de lecture estim\u00e9e":"5 minutes"},"schema":{"@context":"https:\/\/schema.org","@graph":[{"@type":"Article","@id":"https:\/\/interamerica.org\/fr\/2020\/05\/ouvrons-les-yeux\/#article","isPartOf":{"@id":"https:\/\/interamerica.org\/fr\/2020\/05\/ouvrons-les-yeux\/"},"author":{"name":"libna","@id":"https:\/\/interamerica.org\/fr\/#\/schema\/person\/29998f2bc2d8bd0d38662909289b54f1"},"headline":"Ouvrons les yeux","datePublished":"2020-05-27T12:20:11+00:00","dateModified":"2020-05-27T14:22:27+00:00","mainEntityOfPage":{"@id":"https:\/\/interamerica.org\/fr\/2020\/05\/ouvrons-les-yeux\/"},"wordCount":1085,"commentCount":0,"image":{"@id":"https:\/\/interamerica.org\/fr\/2020\/05\/ouvrons-les-yeux\/#primaryimage"},"thumbnailUrl":"https:\/\/interamerica.org\/wp-content\/uploads\/2020\/05\/eyes-open-oscar-keys-amprunrb6n0-unsplash.jpg","articleSection":["Nouvelles du si\u00e8ge de la division","RSS Fran\u00e7ais"],"inLanguage":"fr-FR","potentialAction":[{"@type":"CommentAction","name":"Comment","target":["https:\/\/interamerica.org\/fr\/2020\/05\/ouvrons-les-yeux\/#respond"]}]},{"@type":"WebPage","@id":"https:\/\/interamerica.org\/fr\/2020\/05\/ouvrons-les-yeux\/","url":"https:\/\/interamerica.org\/fr\/2020\/05\/ouvrons-les-yeux\/","name":"Ouvrons les yeux - \u00c9glise Adventiste Du Septieme Jour - Inter Am\u00e9rique Division","isPartOf":{"@id":"https:\/\/interamerica.org\/fr\/#website"},"primaryImageOfPage":{"@id":"https:\/\/interamerica.org\/fr\/2020\/05\/ouvrons-les-yeux\/#primaryimage"},"image":{"@id":"https:\/\/interamerica.org\/fr\/2020\/05\/ouvrons-les-yeux\/#primaryimage"},"thumbnailUrl":"https:\/\/interamerica.org\/wp-content\/uploads\/2020\/05\/eyes-open-oscar-keys-amprunrb6n0-unsplash.jpg","datePublished":"2020-05-27T12:20:11+00:00","dateModified":"2020-05-27T14:22:27+00:00","author":{"@id":"https:\/\/interamerica.org\/fr\/#\/schema\/person\/29998f2bc2d8bd0d38662909289b54f1"},"breadcrumb":{"@id":"https:\/\/interamerica.org\/fr\/2020\/05\/ouvrons-les-yeux\/#breadcrumb"},"inLanguage":"fr-FR","potentialAction":[{"@type":"ReadAction","target":["https:\/\/interamerica.org\/fr\/2020\/05\/ouvrons-les-yeux\/"]}]},{"@type":"ImageObject","inLanguage":"fr-FR","@id":"https:\/\/interamerica.org\/fr\/2020\/05\/ouvrons-les-yeux\/#primaryimage","url":"https:\/\/interamerica.org\/wp-content\/uploads\/2020\/05\/eyes-open-oscar-keys-amprunrb6n0-unsplash.jpg","contentUrl":"https:\/\/interamerica.org\/wp-content\/uploads\/2020\/05\/eyes-open-oscar-keys-amprunrb6n0-unsplash.jpg","width":1280,"height":800,"caption":"[Photo: Oscar Keys\/unsplash]"},{"@type":"BreadcrumbList","@id":"https:\/\/interamerica.org\/fr\/2020\/05\/ouvrons-les-yeux\/#breadcrumb","itemListElement":[{"@type":"ListItem","position":1,"name":"Home","item":"https:\/\/interamerica.org\/fr\/"},{"@type":"ListItem","position":2,"name":"Ouvrons les yeux"}]},{"@type":"WebSite","@id":"https:\/\/interamerica.org\/fr\/#website","url":"https:\/\/interamerica.org\/fr\/","name":"\u00c9glise Adventiste Du Septieme Jour - Inter Am\u00e9rique Division","description":"","potentialAction":[{"@type":"SearchAction","target":{"@type":"EntryPoint","urlTemplate":"https:\/\/interamerica.org\/fr\/?s={search_term_string}"},"query-input":{"@type":"PropertyValueSpecification","valueRequired":true,"valueName":"search_term_string"}}],"inLanguage":"fr-FR"},{"@type":"Person","@id":"https:\/\/interamerica.org\/fr\/#\/schema\/person\/29998f2bc2d8bd0d38662909289b54f1","name":"libna","image":{"@type":"ImageObject","inLanguage":"fr-FR","@id":"https:\/\/secure.gravatar.com\/avatar\/7c5bd30ae4b47a9ba3c856590957fd1d96dc588bf3ac05719d247e126840331f?s=96&d=mm&r=g","url":"https:\/\/secure.gravatar.com\/avatar\/7c5bd30ae4b47a9ba3c856590957fd1d96dc588bf3ac05719d247e126840331f?s=96&d=mm&r=g","contentUrl":"https:\/\/secure.gravatar.com\/avatar\/7c5bd30ae4b47a9ba3c856590957fd1d96dc588bf3ac05719d247e126840331f?s=96&d=mm&r=g","caption":"libna"}}]}},"_links":{"self":[{"href":"https:\/\/interamerica.org\/fr\/wp-json\/wp\/v2\/posts\/59175","targetHints":{"allow":["GET"]}}],"collection":[{"href":"https:\/\/interamerica.org\/fr\/wp-json\/wp\/v2\/posts"}],"about":[{"href":"https:\/\/interamerica.org\/fr\/wp-json\/wp\/v2\/types\/post"}],"author":[{"embeddable":true,"href":"https:\/\/interamerica.org\/fr\/wp-json\/wp\/v2\/users\/3"}],"replies":[{"embeddable":true,"href":"https:\/\/interamerica.org\/fr\/wp-json\/wp\/v2\/comments?post=59175"}],"version-history":[{"count":0,"href":"https:\/\/interamerica.org\/fr\/wp-json\/wp\/v2\/posts\/59175\/revisions"}],"wp:featuredmedia":[{"embeddable":true,"href":"https:\/\/interamerica.org\/fr\/wp-json\/wp\/v2\/media\/59154"}],"wp:attachment":[{"href":"https:\/\/interamerica.org\/fr\/wp-json\/wp\/v2\/media?parent=59175"}],"wp:term":[{"taxonomy":"category","embeddable":true,"href":"https:\/\/interamerica.org\/fr\/wp-json\/wp\/v2\/categories?post=59175"},{"taxonomy":"post_tag","embeddable":true,"href":"https:\/\/interamerica.org\/fr\/wp-json\/wp\/v2\/tags?post=59175"}],"curies":[{"name":"wp","href":"https:\/\/api.w.org\/{rel}","templated":true}]}}