{"id":59208,"date":"2020-05-27T18:48:59","date_gmt":"2020-05-27T22:48:59","guid":{"rendered":"https:\/\/recursing-golick.147-182-135-0.plesk.page\/?p=59208"},"modified":"2020-05-29T08:58:44","modified_gmt":"2020-05-29T12:58:44","slug":"la-conference-en-ligne-seld-de-linter-amerique-mettra-laccent-sur-le-leadership-en-des-temps-exceptionnels","status":"publish","type":"post","link":"https:\/\/interamerica.org\/fr\/2020\/05\/la-conference-en-ligne-seld-de-linter-amerique-mettra-laccent-sur-le-leadership-en-des-temps-exceptionnels\/","title":{"rendered":"La conf\u00e9rence en ligne SeLD de l\u2019Inter Am\u00e9rique mettra l\u2019accent sur le leadership en des temps exceptionnels"},"content":{"rendered":"<p>27 Mai 2020 | Miami, Floride, \u00c9tats-Unis | Libna Stevens, Division Inter Am\u00e9ricaine<\/p>\n<p>La 4\u00e8me Conf\u00e9rence Annuelle du D\u00e9veloppement des Segments du Leadership (SeLD) cette ann\u00e9e promet d\u2019\u00eatre l\u2019une des plus grandes sessions de formation au leadership pour les administrateurs et les dirigeants de l\u2019\u00c9glise adventiste du septi\u00e8me jour \u00e0 travers le territoire de la Division Inter Am\u00e9ricaine (DIA). Plus de 3000 dirigeants devraient prendre part au programme annuel du 6 au 9 juillet 2020, au cours duquel interviendront plus de deux douzaines de conf\u00e9renciers et d\u2019experts. Leurs pr\u00e9sentations devraient pouvoir aider les administrateurs, les directeurs de d\u00e9partement, les responsables d\u2019institution, les pasteurs et les anciens d\u2019\u00e9glise, \u00e0 affiner leurs comp\u00e9tences pour un leadership plus efficace.<\/p>\n<p>\u00ab Le d\u00e9veloppement du leadership est l\u2019un des principaux piliers du nouveau plan strat\u00e9gique de l\u2019\u00c9glise adventiste mondiale ainsi que de la Division Inter Am\u00e9ricaine, il est donc important, alors que le nouveau quinquennat commence en juillet, que les dirigeants aient la possibilit\u00e9 d\u2019affiner leurs comp\u00e9tences en mati\u00e8re de leadership, en particulier dans les moments difficiles, \u00bb a d\u00e9clar\u00e9 pasteur Balvin Braham, assistant du pr\u00e9sident de la DIA en charge de la formation au leadership et principal organisateur de la conf\u00e9rence.<\/p>\n<p>La conf\u00e9rence SeLD ne devait pas avoir lieu cette ann\u00e9e, mais \u00e9tant donn\u00e9 que la session de la Conf\u00e9rence G\u00e9n\u00e9rale pr\u00e9vue pour cet \u00e9t\u00e9 a \u00e9t\u00e9 repouss\u00e9e \u00e0 2021, les dirigeants de la DIA ont d\u00e9termin\u00e9 qu\u2019il \u00e9tait important que le programme annuel de formation au leadership soit tenu cette ann\u00e9e, a d\u00e9clar\u00e9 Balvin Braham.<\/p>\n<p>Les sessions de formation dont le th\u00e8me est \u00ab Leadership en des Temps Exceptionnels, \u00bb viseront \u00e0 aider les dirigeants \u00e0 r\u00e9\u00e9valuer leurs r\u00e9action en situation d\u2019urgence, \u00e0 motiver la r\u00e9ponse de la direction aupr\u00e8s des membres et de la communaut\u00e9 en p\u00e9riodes de difficult\u00e9s, \u00e0 acc\u00e9l\u00e9rer la capacit\u00e9 \u00e0 prendre des d\u00e9cisions pour faire face aux d\u00e9fis rencontr\u00e9s au sein de l\u2019organisation et \u00e0 proposer un forum permettant aux dirigeants d\u2019\u00e9tablir des r\u00e9seaux pour g\u00e9rer les difficult\u00e9s li\u00e9es aux catastrophes au sein de l\u2019organisation, pendant et apr\u00e8s la pand\u00e9mie de COVID 19, a expliqu\u00e9 Balvin Braham.<\/p>\n<p>Des experts de l\u2019\u00c9glise adventiste mondiale et de la Division Inter Am\u00e9ricaine (DIA) interviendront lors de sessions pl\u00e9ni\u00e8res et de s\u00e9minaires sur la gestion de crise, l\u2019efficacit\u00e9 organisationnelle, les strat\u00e9gies financi\u00e8res, l\u2019intelligence \u00e9motionnelle, la gestion de l\u2019\u00e9glise et plus encore.<\/p>\n<p>Les leaders seront s\u00e9lectionn\u00e9s par les organisations qui les emploient et auront des codes sp\u00e9cifiques pour s\u2019inscrire aux sessions pl\u00e9ni\u00e8res et aux pr\u00e9sentations des s\u00e9minaires. La conf\u00e9rence se tiendra sur la plateforme vid\u00e9o Zoom, et sera disponible en anglais, en espagnol et en fran\u00e7ais.<\/p>\n<p>Les dirigeants seront inscrits selon les codes de segment de leadership comme suit: pr\u00e9sidents (code 92), secr\u00e9taires et directeurs des ressources humaines (82), tr\u00e9soriers (72), responsables de d\u00e9partement (62), responsables d\u2019institution (52), pasteurs (42) et anciens (32).<\/p>\n<p>D\u2019apr\u00e8s Balvin Braham, les unions de la Cara\u00efbe Atlantique, du Belize, de Cuba, des Antilles N\u00e9erlandaises, de la Guyane et des Antilles Fran\u00e7aises et de Porto Rico peuvent inscrire tous les principaux administrateurs d\u2019union et des champs locaux ainsi que les directeurs des ressources humaines, ainsi qu\u2019un maximum de 10 participants dans chacune des cat\u00e9gories de leadership telles que les directeurs de d\u00e9partement, les responsables d\u2019institution, les pasteurs et les anciens d\u2019\u00e9glise.<\/p>\n<p>Les autres 18 unions de la DIA peuvent inscrire 25 participants \u00e0 la conf\u00e9rence dans chacune des quatre cat\u00e9gories de dirigeants, a dit Balvin Braham.<\/p>\n<p>Les dirigeants peuvent contacter l\u2019organisation qui les emploie et leur union locale pour obtenir le code personnel requis et des informations suppl\u00e9mentaires sur la conf\u00e9rence. La date limite d&rsquo;inscription en ligne est le 16 juin 2020.<\/p>\n<p>La c\u00e9r\u00e9monie d\u2019ouverture de la 4\u00e8me Conf\u00e9rence Annuelle SeLD devrait commencer le 6 juillet 2020 \u00e0 17h45, heure de Miami. Les s\u00e9ances du 7 au 9 juillet, vont de 8h00 \u00e0 17h00, heure de Miami.<\/p>\n<p>Pour plus d&rsquo;informations sur les inscriptions et pour consulter le calendrier du programme de la 4\u00e8me Conf\u00e9rence Annuelle SeLD en trois langues, visitez le site <a href=\"https:\/\/seld.interamerica.org\/\" data-saferedirecturl=\"https:\/\/www.google.com\/url?q=https:\/\/seld.interamerica.org\/&amp;source=gmail&amp;ust=1590619282898000&amp;usg=AFQjCNEwdT5Pv82IgNF1jQXoJ1ZFsFrThA\">seld.interamerica.org<\/a><\/p>\n<p>Traduction: Patrick Luciathe<\/p>\n","protected":false},"excerpt":{"rendered":"<p>27 Mai 2020 | Miami, Floride, \u00c9tats-Unis | Libna Stevens, Division Inter Am\u00e9ricaine La 4\u00e8me Conf\u00e9rence Annuelle du D\u00e9veloppement des Segments du Leadership (SeLD) cette ann\u00e9e promet d\u2019\u00eatre l\u2019une des&#8230;<\/p>\n","protected":false},"author":3,"featured_media":59168,"comment_status":"open","ping_status":"closed","sticky":false,"template":"","format":"standard","meta":{"_acf_changed":false,"footnotes":""},"categories":[20,19],"tags":[],"class_list":["post-59208","post","type-post","status-publish","format-standard","has-post-thumbnail","hentry","category-nouvelles-du-siege-de-la-division","category-rss-francais"],"acf":[],"yoast_head":"<!-- This site is optimized with the Yoast SEO plugin v27.3 - https:\/\/yoast.com\/product\/yoast-seo-wordpress\/ -->\n<title>La conf\u00e9rence en ligne SeLD de l\u2019Inter Am\u00e9rique mettra l\u2019accent sur le leadership en des temps exceptionnels - \u00c9glise Adventiste Du Septieme Jour - Inter Am\u00e9rique Division<\/title>\n<meta name=\"robots\" content=\"index, follow, max-snippet:-1, max-image-preview:large, max-video-preview:-1\" \/>\n<link rel=\"canonical\" href=\"https:\/\/interamerica.org\/fr\/2020\/05\/la-conference-en-ligne-seld-de-linter-amerique-mettra-laccent-sur-le-leadership-en-des-temps-exceptionnels\/\" \/>\n<meta property=\"og:locale\" content=\"fr_FR\" \/>\n<meta property=\"og:type\" content=\"article\" \/>\n<meta property=\"og:title\" content=\"La conf\u00e9rence en ligne SeLD de l\u2019Inter Am\u00e9rique mettra l\u2019accent sur le leadership en des temps exceptionnels - \u00c9glise Adventiste Du Septieme Jour - Inter Am\u00e9rique Division\" \/>\n<meta property=\"og:description\" content=\"27 Mai 2020 | Miami, Floride, \u00c9tats-Unis | Libna Stevens, Division Inter Am\u00e9ricaine La 4\u00e8me Conf\u00e9rence Annuelle du D\u00e9veloppement des Segments du Leadership (SeLD) cette ann\u00e9e promet d\u2019\u00eatre l\u2019une des...\" \/>\n<meta property=\"og:url\" content=\"https:\/\/interamerica.org\/fr\/2020\/05\/la-conference-en-ligne-seld-de-linter-amerique-mettra-laccent-sur-le-leadership-en-des-temps-exceptionnels\/\" \/>\n<meta property=\"og:site_name\" content=\"\u00c9glise Adventiste Du Septieme Jour - Inter Am\u00e9rique Division\" \/>\n<meta property=\"article:published_time\" content=\"2020-05-27T22:48:59+00:00\" \/>\n<meta property=\"article:modified_time\" content=\"2020-05-29T12:58:44+00:00\" \/>\n<meta property=\"og:image\" content=\"https:\/\/interamerica.org\/wp-content\/uploads\/2020\/05\/highway-empty-augustine-wong-u-4iahhmtvw-unsplash.jpg\" \/>\n\t<meta property=\"og:image:width\" content=\"1280\" \/>\n\t<meta property=\"og:image:height\" content=\"800\" \/>\n\t<meta property=\"og:image:type\" content=\"image\/jpeg\" \/>\n<meta name=\"author\" content=\"libna\" \/>\n<meta name=\"twitter:card\" content=\"summary_large_image\" \/>\n<meta name=\"twitter:label1\" content=\"\u00c9crit par\" \/>\n\t<meta name=\"twitter:data1\" content=\"libna\" \/>\n\t<meta name=\"twitter:label2\" content=\"Dur\u00e9e de lecture estim\u00e9e\" \/>\n\t<meta name=\"twitter:data2\" content=\"4 minutes\" \/>\n<script type=\"application\/ld+json\" class=\"yoast-schema-graph\">{\"@context\":\"https:\\\/\\\/schema.org\",\"@graph\":[{\"@type\":\"Article\",\"@id\":\"https:\\\/\\\/interamerica.org\\\/fr\\\/2020\\\/05\\\/la-conference-en-ligne-seld-de-linter-amerique-mettra-laccent-sur-le-leadership-en-des-temps-exceptionnels\\\/#article\",\"isPartOf\":{\"@id\":\"https:\\\/\\\/interamerica.org\\\/fr\\\/2020\\\/05\\\/la-conference-en-ligne-seld-de-linter-amerique-mettra-laccent-sur-le-leadership-en-des-temps-exceptionnels\\\/\"},\"author\":{\"name\":\"libna\",\"@id\":\"https:\\\/\\\/interamerica.org\\\/fr\\\/#\\\/schema\\\/person\\\/29998f2bc2d8bd0d38662909289b54f1\"},\"headline\":\"La conf\u00e9rence en ligne SeLD de l\u2019Inter Am\u00e9rique mettra l\u2019accent sur le leadership en des temps exceptionnels\",\"datePublished\":\"2020-05-27T22:48:59+00:00\",\"dateModified\":\"2020-05-29T12:58:44+00:00\",\"mainEntityOfPage\":{\"@id\":\"https:\\\/\\\/interamerica.org\\\/fr\\\/2020\\\/05\\\/la-conference-en-ligne-seld-de-linter-amerique-mettra-laccent-sur-le-leadership-en-des-temps-exceptionnels\\\/\"},\"wordCount\":758,\"commentCount\":0,\"image\":{\"@id\":\"https:\\\/\\\/interamerica.org\\\/fr\\\/2020\\\/05\\\/la-conference-en-ligne-seld-de-linter-amerique-mettra-laccent-sur-le-leadership-en-des-temps-exceptionnels\\\/#primaryimage\"},\"thumbnailUrl\":\"https:\\\/\\\/interamerica.org\\\/wp-content\\\/uploads\\\/2020\\\/05\\\/highway-empty-augustine-wong-u-4iahhmtvw-unsplash.jpg\",\"articleSection\":[\"Nouvelles du si\u00e8ge de la division\",\"RSS Fran\u00e7ais\"],\"inLanguage\":\"fr-FR\",\"potentialAction\":[{\"@type\":\"CommentAction\",\"name\":\"Comment\",\"target\":[\"https:\\\/\\\/interamerica.org\\\/fr\\\/2020\\\/05\\\/la-conference-en-ligne-seld-de-linter-amerique-mettra-laccent-sur-le-leadership-en-des-temps-exceptionnels\\\/#respond\"]}]},{\"@type\":\"WebPage\",\"@id\":\"https:\\\/\\\/interamerica.org\\\/fr\\\/2020\\\/05\\\/la-conference-en-ligne-seld-de-linter-amerique-mettra-laccent-sur-le-leadership-en-des-temps-exceptionnels\\\/\",\"url\":\"https:\\\/\\\/interamerica.org\\\/fr\\\/2020\\\/05\\\/la-conference-en-ligne-seld-de-linter-amerique-mettra-laccent-sur-le-leadership-en-des-temps-exceptionnels\\\/\",\"name\":\"La conf\u00e9rence en ligne SeLD de l\u2019Inter Am\u00e9rique mettra l\u2019accent sur le leadership en des temps exceptionnels - \u00c9glise Adventiste Du Septieme Jour - Inter Am\u00e9rique Division\",\"isPartOf\":{\"@id\":\"https:\\\/\\\/interamerica.org\\\/fr\\\/#website\"},\"primaryImageOfPage\":{\"@id\":\"https:\\\/\\\/interamerica.org\\\/fr\\\/2020\\\/05\\\/la-conference-en-ligne-seld-de-linter-amerique-mettra-laccent-sur-le-leadership-en-des-temps-exceptionnels\\\/#primaryimage\"},\"image\":{\"@id\":\"https:\\\/\\\/interamerica.org\\\/fr\\\/2020\\\/05\\\/la-conference-en-ligne-seld-de-linter-amerique-mettra-laccent-sur-le-leadership-en-des-temps-exceptionnels\\\/#primaryimage\"},\"thumbnailUrl\":\"https:\\\/\\\/interamerica.org\\\/wp-content\\\/uploads\\\/2020\\\/05\\\/highway-empty-augustine-wong-u-4iahhmtvw-unsplash.jpg\",\"datePublished\":\"2020-05-27T22:48:59+00:00\",\"dateModified\":\"2020-05-29T12:58:44+00:00\",\"author\":{\"@id\":\"https:\\\/\\\/interamerica.org\\\/fr\\\/#\\\/schema\\\/person\\\/29998f2bc2d8bd0d38662909289b54f1\"},\"breadcrumb\":{\"@id\":\"https:\\\/\\\/interamerica.org\\\/fr\\\/2020\\\/05\\\/la-conference-en-ligne-seld-de-linter-amerique-mettra-laccent-sur-le-leadership-en-des-temps-exceptionnels\\\/#breadcrumb\"},\"inLanguage\":\"fr-FR\",\"potentialAction\":[{\"@type\":\"ReadAction\",\"target\":[\"https:\\\/\\\/interamerica.org\\\/fr\\\/2020\\\/05\\\/la-conference-en-ligne-seld-de-linter-amerique-mettra-laccent-sur-le-leadership-en-des-temps-exceptionnels\\\/\"]}]},{\"@type\":\"ImageObject\",\"inLanguage\":\"fr-FR\",\"@id\":\"https:\\\/\\\/interamerica.org\\\/fr\\\/2020\\\/05\\\/la-conference-en-ligne-seld-de-linter-amerique-mettra-laccent-sur-le-leadership-en-des-temps-exceptionnels\\\/#primaryimage\",\"url\":\"https:\\\/\\\/interamerica.org\\\/wp-content\\\/uploads\\\/2020\\\/05\\\/highway-empty-augustine-wong-u-4iahhmtvw-unsplash.jpg\",\"contentUrl\":\"https:\\\/\\\/interamerica.org\\\/wp-content\\\/uploads\\\/2020\\\/05\\\/highway-empty-augustine-wong-u-4iahhmtvw-unsplash.jpg\",\"width\":1280,\"height\":800,\"caption\":\"[Photo: Augustine-Wong\\\/unsplash]\"},{\"@type\":\"BreadcrumbList\",\"@id\":\"https:\\\/\\\/interamerica.org\\\/fr\\\/2020\\\/05\\\/la-conference-en-ligne-seld-de-linter-amerique-mettra-laccent-sur-le-leadership-en-des-temps-exceptionnels\\\/#breadcrumb\",\"itemListElement\":[{\"@type\":\"ListItem\",\"position\":1,\"name\":\"Home\",\"item\":\"https:\\\/\\\/interamerica.org\\\/fr\\\/\"},{\"@type\":\"ListItem\",\"position\":2,\"name\":\"La conf\u00e9rence en ligne SeLD de l\u2019Inter Am\u00e9rique mettra l\u2019accent sur le leadership en des temps exceptionnels\"}]},{\"@type\":\"WebSite\",\"@id\":\"https:\\\/\\\/interamerica.org\\\/fr\\\/#website\",\"url\":\"https:\\\/\\\/interamerica.org\\\/fr\\\/\",\"name\":\"\u00c9glise Adventiste Du Septieme Jour - Inter Am\u00e9rique Division\",\"description\":\"\",\"potentialAction\":[{\"@type\":\"SearchAction\",\"target\":{\"@type\":\"EntryPoint\",\"urlTemplate\":\"https:\\\/\\\/interamerica.org\\\/fr\\\/?s={search_term_string}\"},\"query-input\":{\"@type\":\"PropertyValueSpecification\",\"valueRequired\":true,\"valueName\":\"search_term_string\"}}],\"inLanguage\":\"fr-FR\"},{\"@type\":\"Person\",\"@id\":\"https:\\\/\\\/interamerica.org\\\/fr\\\/#\\\/schema\\\/person\\\/29998f2bc2d8bd0d38662909289b54f1\",\"name\":\"libna\",\"image\":{\"@type\":\"ImageObject\",\"inLanguage\":\"fr-FR\",\"@id\":\"https:\\\/\\\/secure.gravatar.com\\\/avatar\\\/7c5bd30ae4b47a9ba3c856590957fd1d96dc588bf3ac05719d247e126840331f?s=96&d=mm&r=g\",\"url\":\"https:\\\/\\\/secure.gravatar.com\\\/avatar\\\/7c5bd30ae4b47a9ba3c856590957fd1d96dc588bf3ac05719d247e126840331f?s=96&d=mm&r=g\",\"contentUrl\":\"https:\\\/\\\/secure.gravatar.com\\\/avatar\\\/7c5bd30ae4b47a9ba3c856590957fd1d96dc588bf3ac05719d247e126840331f?s=96&d=mm&r=g\",\"caption\":\"libna\"}}]}<\/script>\n<!-- \/ Yoast SEO plugin. -->","yoast_head_json":{"title":"La conf\u00e9rence en ligne SeLD de l\u2019Inter Am\u00e9rique mettra l\u2019accent sur le leadership en des temps exceptionnels - \u00c9glise Adventiste Du Septieme Jour - Inter Am\u00e9rique Division","robots":{"index":"index","follow":"follow","max-snippet":"max-snippet:-1","max-image-preview":"max-image-preview:large","max-video-preview":"max-video-preview:-1"},"canonical":"https:\/\/interamerica.org\/fr\/2020\/05\/la-conference-en-ligne-seld-de-linter-amerique-mettra-laccent-sur-le-leadership-en-des-temps-exceptionnels\/","og_locale":"fr_FR","og_type":"article","og_title":"La conf\u00e9rence en ligne SeLD de l\u2019Inter Am\u00e9rique mettra l\u2019accent sur le leadership en des temps exceptionnels - \u00c9glise Adventiste Du Septieme Jour - Inter Am\u00e9rique Division","og_description":"27 Mai 2020 | Miami, Floride, \u00c9tats-Unis | Libna Stevens, Division Inter Am\u00e9ricaine La 4\u00e8me Conf\u00e9rence Annuelle du D\u00e9veloppement des Segments du Leadership (SeLD) cette ann\u00e9e promet d\u2019\u00eatre l\u2019une des...","og_url":"https:\/\/interamerica.org\/fr\/2020\/05\/la-conference-en-ligne-seld-de-linter-amerique-mettra-laccent-sur-le-leadership-en-des-temps-exceptionnels\/","og_site_name":"\u00c9glise Adventiste Du Septieme Jour - Inter Am\u00e9rique Division","article_published_time":"2020-05-27T22:48:59+00:00","article_modified_time":"2020-05-29T12:58:44+00:00","og_image":[{"width":1280,"height":800,"url":"https:\/\/interamerica.org\/wp-content\/uploads\/2020\/05\/highway-empty-augustine-wong-u-4iahhmtvw-unsplash.jpg","type":"image\/jpeg"}],"author":"libna","twitter_card":"summary_large_image","twitter_misc":{"\u00c9crit par":"libna","Dur\u00e9e de lecture estim\u00e9e":"4 minutes"},"schema":{"@context":"https:\/\/schema.org","@graph":[{"@type":"Article","@id":"https:\/\/interamerica.org\/fr\/2020\/05\/la-conference-en-ligne-seld-de-linter-amerique-mettra-laccent-sur-le-leadership-en-des-temps-exceptionnels\/#article","isPartOf":{"@id":"https:\/\/interamerica.org\/fr\/2020\/05\/la-conference-en-ligne-seld-de-linter-amerique-mettra-laccent-sur-le-leadership-en-des-temps-exceptionnels\/"},"author":{"name":"libna","@id":"https:\/\/interamerica.org\/fr\/#\/schema\/person\/29998f2bc2d8bd0d38662909289b54f1"},"headline":"La conf\u00e9rence en ligne SeLD de l\u2019Inter Am\u00e9rique mettra l\u2019accent sur le leadership en des temps exceptionnels","datePublished":"2020-05-27T22:48:59+00:00","dateModified":"2020-05-29T12:58:44+00:00","mainEntityOfPage":{"@id":"https:\/\/interamerica.org\/fr\/2020\/05\/la-conference-en-ligne-seld-de-linter-amerique-mettra-laccent-sur-le-leadership-en-des-temps-exceptionnels\/"},"wordCount":758,"commentCount":0,"image":{"@id":"https:\/\/interamerica.org\/fr\/2020\/05\/la-conference-en-ligne-seld-de-linter-amerique-mettra-laccent-sur-le-leadership-en-des-temps-exceptionnels\/#primaryimage"},"thumbnailUrl":"https:\/\/interamerica.org\/wp-content\/uploads\/2020\/05\/highway-empty-augustine-wong-u-4iahhmtvw-unsplash.jpg","articleSection":["Nouvelles du si\u00e8ge de la division","RSS Fran\u00e7ais"],"inLanguage":"fr-FR","potentialAction":[{"@type":"CommentAction","name":"Comment","target":["https:\/\/interamerica.org\/fr\/2020\/05\/la-conference-en-ligne-seld-de-linter-amerique-mettra-laccent-sur-le-leadership-en-des-temps-exceptionnels\/#respond"]}]},{"@type":"WebPage","@id":"https:\/\/interamerica.org\/fr\/2020\/05\/la-conference-en-ligne-seld-de-linter-amerique-mettra-laccent-sur-le-leadership-en-des-temps-exceptionnels\/","url":"https:\/\/interamerica.org\/fr\/2020\/05\/la-conference-en-ligne-seld-de-linter-amerique-mettra-laccent-sur-le-leadership-en-des-temps-exceptionnels\/","name":"La conf\u00e9rence en ligne SeLD de l\u2019Inter Am\u00e9rique mettra l\u2019accent sur le leadership en des temps exceptionnels - \u00c9glise Adventiste Du Septieme Jour - Inter Am\u00e9rique Division","isPartOf":{"@id":"https:\/\/interamerica.org\/fr\/#website"},"primaryImageOfPage":{"@id":"https:\/\/interamerica.org\/fr\/2020\/05\/la-conference-en-ligne-seld-de-linter-amerique-mettra-laccent-sur-le-leadership-en-des-temps-exceptionnels\/#primaryimage"},"image":{"@id":"https:\/\/interamerica.org\/fr\/2020\/05\/la-conference-en-ligne-seld-de-linter-amerique-mettra-laccent-sur-le-leadership-en-des-temps-exceptionnels\/#primaryimage"},"thumbnailUrl":"https:\/\/interamerica.org\/wp-content\/uploads\/2020\/05\/highway-empty-augustine-wong-u-4iahhmtvw-unsplash.jpg","datePublished":"2020-05-27T22:48:59+00:00","dateModified":"2020-05-29T12:58:44+00:00","author":{"@id":"https:\/\/interamerica.org\/fr\/#\/schema\/person\/29998f2bc2d8bd0d38662909289b54f1"},"breadcrumb":{"@id":"https:\/\/interamerica.org\/fr\/2020\/05\/la-conference-en-ligne-seld-de-linter-amerique-mettra-laccent-sur-le-leadership-en-des-temps-exceptionnels\/#breadcrumb"},"inLanguage":"fr-FR","potentialAction":[{"@type":"ReadAction","target":["https:\/\/interamerica.org\/fr\/2020\/05\/la-conference-en-ligne-seld-de-linter-amerique-mettra-laccent-sur-le-leadership-en-des-temps-exceptionnels\/"]}]},{"@type":"ImageObject","inLanguage":"fr-FR","@id":"https:\/\/interamerica.org\/fr\/2020\/05\/la-conference-en-ligne-seld-de-linter-amerique-mettra-laccent-sur-le-leadership-en-des-temps-exceptionnels\/#primaryimage","url":"https:\/\/interamerica.org\/wp-content\/uploads\/2020\/05\/highway-empty-augustine-wong-u-4iahhmtvw-unsplash.jpg","contentUrl":"https:\/\/interamerica.org\/wp-content\/uploads\/2020\/05\/highway-empty-augustine-wong-u-4iahhmtvw-unsplash.jpg","width":1280,"height":800,"caption":"[Photo: Augustine-Wong\/unsplash]"},{"@type":"BreadcrumbList","@id":"https:\/\/interamerica.org\/fr\/2020\/05\/la-conference-en-ligne-seld-de-linter-amerique-mettra-laccent-sur-le-leadership-en-des-temps-exceptionnels\/#breadcrumb","itemListElement":[{"@type":"ListItem","position":1,"name":"Home","item":"https:\/\/interamerica.org\/fr\/"},{"@type":"ListItem","position":2,"name":"La conf\u00e9rence en ligne SeLD de l\u2019Inter Am\u00e9rique mettra l\u2019accent sur le leadership en des temps exceptionnels"}]},{"@type":"WebSite","@id":"https:\/\/interamerica.org\/fr\/#website","url":"https:\/\/interamerica.org\/fr\/","name":"\u00c9glise Adventiste Du Septieme Jour - Inter Am\u00e9rique Division","description":"","potentialAction":[{"@type":"SearchAction","target":{"@type":"EntryPoint","urlTemplate":"https:\/\/interamerica.org\/fr\/?s={search_term_string}"},"query-input":{"@type":"PropertyValueSpecification","valueRequired":true,"valueName":"search_term_string"}}],"inLanguage":"fr-FR"},{"@type":"Person","@id":"https:\/\/interamerica.org\/fr\/#\/schema\/person\/29998f2bc2d8bd0d38662909289b54f1","name":"libna","image":{"@type":"ImageObject","inLanguage":"fr-FR","@id":"https:\/\/secure.gravatar.com\/avatar\/7c5bd30ae4b47a9ba3c856590957fd1d96dc588bf3ac05719d247e126840331f?s=96&d=mm&r=g","url":"https:\/\/secure.gravatar.com\/avatar\/7c5bd30ae4b47a9ba3c856590957fd1d96dc588bf3ac05719d247e126840331f?s=96&d=mm&r=g","contentUrl":"https:\/\/secure.gravatar.com\/avatar\/7c5bd30ae4b47a9ba3c856590957fd1d96dc588bf3ac05719d247e126840331f?s=96&d=mm&r=g","caption":"libna"}}]}},"_links":{"self":[{"href":"https:\/\/interamerica.org\/fr\/wp-json\/wp\/v2\/posts\/59208","targetHints":{"allow":["GET"]}}],"collection":[{"href":"https:\/\/interamerica.org\/fr\/wp-json\/wp\/v2\/posts"}],"about":[{"href":"https:\/\/interamerica.org\/fr\/wp-json\/wp\/v2\/types\/post"}],"author":[{"embeddable":true,"href":"https:\/\/interamerica.org\/fr\/wp-json\/wp\/v2\/users\/3"}],"replies":[{"embeddable":true,"href":"https:\/\/interamerica.org\/fr\/wp-json\/wp\/v2\/comments?post=59208"}],"version-history":[{"count":0,"href":"https:\/\/interamerica.org\/fr\/wp-json\/wp\/v2\/posts\/59208\/revisions"}],"wp:featuredmedia":[{"embeddable":true,"href":"https:\/\/interamerica.org\/fr\/wp-json\/wp\/v2\/media\/59168"}],"wp:attachment":[{"href":"https:\/\/interamerica.org\/fr\/wp-json\/wp\/v2\/media?parent=59208"}],"wp:term":[{"taxonomy":"category","embeddable":true,"href":"https:\/\/interamerica.org\/fr\/wp-json\/wp\/v2\/categories?post=59208"},{"taxonomy":"post_tag","embeddable":true,"href":"https:\/\/interamerica.org\/fr\/wp-json\/wp\/v2\/tags?post=59208"}],"curies":[{"name":"wp","href":"https:\/\/api.w.org\/{rel}","templated":true}]}}