{"id":59314,"date":"2020-05-29T20:18:02","date_gmt":"2020-05-30T00:18:02","guid":{"rendered":"https:\/\/recursing-golick.147-182-135-0.plesk.page\/?p=59314"},"modified":"2020-06-03T10:48:33","modified_gmt":"2020-06-03T14:48:33","slug":"nos-eglises-apres-la-covid-19","status":"publish","type":"post","link":"https:\/\/interamerica.org\/fr\/2020\/05\/nos-eglises-apres-la-covid-19\/","title":{"rendered":"Nos \u00e9glises apr\u00e8s la COVID-19"},"content":{"rendered":"<p><span class=\"byline-news\"><span lang=\"FR-CA\">Le 29 mai 2020 | Silver Spring, Maryland, \u00c9tats-Unis | Stephen Chavez d\u2019<i>Adventist Review<\/i><\/span><\/span><span class=\"apple-converted-space\"><i><span lang=\"FR-CA\">\u00a0<\/span><\/i><\/span><\/p>\n<p><span class=\"smallcap\"><span lang=\"FR-CA\">Depuis l\u2019arriv\u00e9e des termes \u00ab\u00a0COVID-19\u00a0\u00bb et \u00ab\u00a0coronavirus\u00a0\u00bb dans notre vocabulaire, nous avons \u00e9t\u00e9 bombard\u00e9s d\u2019histoires et de rapports d\u2019\u00e9tablissements sociaux qui ont r\u00e9invent\u00e9, \u00e0 la vitesse de l\u2019\u00e9clair, leur fa\u00e7on de servir leur communaut\u00e9.<\/span><\/span><\/p>\n<p><span class=\"smallcap\"><span lang=\"FR-CA\">Les \u00e9coles se sont tourn\u00e9es vers l\u2019enseignement en ligne. Les restaurants ont ferm\u00e9 leur salle \u00e0 manger pour ne servir leurs clients que sur le trottoir ou au volant. Les \u00e9glises aussi ont d\u00fb s\u2019adapter pour offrir \u00e0 leurs fid\u00e8les un sanctuaire virtuel et une classe d\u2019\u00e9cole du sabbat en ligne. Ainsi, ce qui \u00e9tait autrefois la corde de s\u00e9curit\u00e9 des adorateurs en voyage ou forc\u00e9s de rester \u00e0 la maison est devenu la norme de nombreux adventistes.<\/span><\/span><\/p>\n<p><span class=\"smallcap\"><span lang=\"FR-CA\">Maintenant, avec l\u2019all\u00e8gement graduel des r\u00e8gles de distanciation sociale dans les \u00e9tats et les communaut\u00e9s, nous avons discut\u00e9 avec quelques pasteurs et dirigeants de leur vision de la vie d\u2019\u00e9glise post-pand\u00e9mie.<\/span><\/span><\/p>\n<p><span class=\"smallcap\"><span lang=\"FR-CA\">L\u2019\u00e9glise adventiste du septi\u00e8me jour New Hope \u00e0 Fulton, dans le Maryland, est l\u2019une des nombreuses \u00e9glises d\u2019Am\u00e9rique du Nord qui diffusait ses cultes d\u2019adoration en direct bien avant la COVID-19. Donc, durant la pand\u00e9mie, la plupart des membres adoraient de la maison alors que seuls les pasteurs et dirigeants d\u2019adoration \u00e9taient pr\u00e9sents dans le sanctuaire.<\/span><\/span><\/p>\n<p><span class=\"smallcap\"><span lang=\"FR-CA\">Pour encore un bon moment, l\u2019\u00e9glise a l\u2019intention de continuer de se rassembler en ligne. Mike Speegle, pasteur principal de New Hope, reconna\u00eet la nouvelle r\u00e9alit\u00e9 qu\u2019a forc\u00e9e la pand\u00e9mie.<\/span><\/span><\/p>\n<p><span class=\"smallcap\"><span lang=\"FR-CA\">\u00ab\u00a0Nous nous adaptons \u00e0 un nouveau normal. Et lorsque nous nous rassemblerons en personne \u00e0 nouveau, nous le ferons le plus s\u00e9curitairement possible, tant pour nos membres et visiteurs que pour notre communaut\u00e9.\u00a0\u00bb<\/span><\/span><\/p>\n<p><span class=\"smallcap\"><span lang=\"FR-CA\">Il voit le port du masque, la distanciation sociale et le r\u00e9arrangement des si\u00e8ges comme faisant partie des strat\u00e9gies de retour \u00e0 l\u2019\u00e9glise.<\/span><\/span><\/p>\n<p><span class=\"smallcap\"><span lang=\"FR-CA\">La tenue des r\u00e9unions de comit\u00e9s, des cultes d\u2019adoration et des classes d\u2019\u00e9cole du sabbat en ligne peut avoir des impacts positifs ou n\u00e9gatifs selon notre fa\u00e7on de voir les choses.<\/span><\/span><\/p>\n<p><span class=\"smallcap\"><span lang=\"FR-CA\">La commodit\u00e9 de ne pas avoir \u00e0 se d\u00e9placer, de ne pas devoir s\u2019habiller et d\u2019avoir acc\u00e8s aux meilleures pr\u00e9dications adventistes dans le confort de notre foyer porte les dirigeants d\u2019\u00e9glise \u00e0 se questionner sur l\u2019avenir de la vie d\u2019\u00e9glise. Presque toutes les \u00e9glises enregistrent une augmentation de participation en ligne. Mais qu\u2019arrivera-t-il lorsque la menace de la pand\u00e9mie sera pass\u00e9e et que l\u2019adoration virtuelle nous para\u00eetra moins attrayante? L\u2019exp\u00e9rience d\u2019adoration en ligne a-t-elle de quoi rivaliser avec celle v\u00e9cue sur place? Ou les gens s\u2019habitueront-ils \u00e0 recevoir leur nourriture spirituelle par internet?<\/span><\/span><\/p>\n<p><span class=\"smallcap\"><span lang=\"FR-CA\">Isai Moran, pasteur de l\u2019adoration et des jeunes de l\u2019\u00e9glise Crosswalk de Redlands, en Californie, croit lui aussi que l\u2019adoration en personne n\u2019est pas pr\u00e8s de revenir \u00e0 la normale. Avant la pand\u00e9mie, ce sont environ 1\u00a0800\u00a0personnes qui se rassemblaient le sabbat pour adorer. Et lorsque les rassemblements sont devenus interdits, les gens ont continu\u00e9 \u00ab\u00a0d\u2019assister\u00a0\u00bb aux servies virtuels.<\/span><\/span><\/p>\n<p><span class=\"smallcap\"><span lang=\"FR-CA\">\u00ab\u00a0Nous d\u00e9passons quasi syst\u00e9matiquement les 10\u00a0000\u00a0vues\u00a0\u00bb, a-t-il mentionn\u00e9.<\/span><\/span><\/p>\n<p><span class=\"smallcap\"><span lang=\"FR-CA\">Le programme de c\u00e9l\u00e9bration de la r\u00e9surrection de J\u00e9sus organis\u00e9 par Crosswalk a attir\u00e9 jusqu\u2019\u00e0 16\u00a0000\u00a0visionneurs, qui ont vu au moins certains des services offerts pendant le week-end.<\/span><\/span><\/p>\n<p><span class=\"smallcap\"><span lang=\"FR-CA\">\u00ab\u00a0Nous devons bien r\u00e9fl\u00e9chir aux programmes que nous pr\u00e9sentons maintenant\u00a0\u00bb, a dit le pasteur Moran.<\/span><\/span><\/p>\n<p><span class=\"smallcap\"><span lang=\"FR-CA\">Il voit la participation aux cultes d\u2019adoration dans un avenir rapproch\u00e9 comme \u00e9tant tr\u00e8s limit\u00e9e. \u00ab\u00a0Nous commen\u00e7ons \u00e0 imaginer des rassemblements de 100\u00a0personnes pour commencer\u00a0\u00bb, et ce dans un b\u00e2timent qui offrait trois services de culte par sabbat, allant de 600 \u00e0 700\u00a0participants par service.<\/span><\/span><\/p>\n<p><span class=\"smallcap\"><span lang=\"FR-CA\">\u00c0 l\u2019\u00e9glise adventiste du septi\u00e8me jour Sligo de Takoma Park, dans le Maryland, la classe d\u2019\u00e9cole du sabbat <i>Faith and Reason<\/i> profite de la pand\u00e9mie pour inviter des orateurs de partout au monde. Gr\u00e2ce aux contacts entretenus pendant de nombreuses ann\u00e9es par Charles Sandefur, leader du groupe, en tant qu\u2019administrateur de l\u2019\u00e9glise, la classe a pu \u00e9couter des pr\u00e9sentations de th\u00e9ologiens, d\u2019administrateurs et d\u2019\u00e9ducateurs adventistes du monde entier.<\/span><\/span><\/p>\n<p><span class=\"smallcap\"><span lang=\"FR-CA\">\u00ab\u00a0Pendant 35\u00a0ans, notre classe n\u2019avait que des facilitateurs pr\u00e9sents sur place, a-t-il expliqu\u00e9. Mais nous sommes devenus tellement \u00e0 l\u2019aise avec l\u2019enseignement en ligne que nous pensons continuer \u00e0 inviter des enseignants de notre \u00e9glise mondiale.\u00a0\u00bb<\/span><\/span><\/p>\n<p><span class=\"smallcap\"><span lang=\"FR-CA\">M.\u00a0Sandefur a remarqu\u00e9 une augmentation de l\u2019affluence \u00e0 sa classe, non seulement parmi les \u00ab\u00a0locaux\u00a0\u00bb, mais aussi de gens s\u2019y connectant de l\u2019ext\u00e9rieur. \u00ab\u00a0Elle refl\u00e8te la soif pour un enseignement de qualit\u00e9 qui soit biblique, investigateur et d\u2019un adventisme attrayant.\u00a0\u00bb<\/span><\/span><\/p>\n<p><span class=\"smallcap\"><span lang=\"FR-CA\">La pand\u00e9mie a prouv\u00e9 que \u00ab\u00a0l\u2019\u00e9glise\u00a0\u00bb n\u2019est pas qu\u2019un b\u00e2timent et que l\u2019adoration n\u2019est pas possible que dans un sanctuaire d\u2019\u00e9glise. L\u2019\u00c9glise, le corps du Christ, est un organisme qui s\u2019\u00e9panouit dans un climat de camaraderie, d\u2019encouragement, d\u2019\u00e9tude et de service.<\/span><\/span><\/p>\n<p><span class=\"smallcap\"><span lang=\"FR-CA\">\u00ab\u00a0Mais plus que tout, a dit le pasteur Moran, les gens s\u2019ennuient d\u2019interagir avec d\u2019autres, de chanter et d\u2019adorer ensemble. Ils veulent servir; ils ont h\u00e2te de revenir au travail qui consiste \u00e0 faire cro\u00eetre le royaume de Dieu.\u00a0\u00bb<\/span><\/span><\/p>\n<p><span class=\"smallcap\"><span lang=\"FR-CA\">L\u2019\u00e9poque \u00e0 laquelle nous vivons demande aux croyants d\u2019avoir le courage de passer par-dessus leurs craintes pour r\u00e9pondre aux besoins des membres de leur communaut\u00e9. Le message du pasteur Speegle \u00e0 son \u00e9glise refl\u00e8te cette tension\u00a0:<\/span><\/span><\/p>\n<p><span class=\"smallcap\"><span lang=\"FR-CA\">\u00ab\u00a0Nous vivons \u00e0 une dr\u00f4le d\u2019\u00e9poque. Vivez donc courageusement et avec compassion pour le Royaume, quoi qu\u2019il arrive.\u00a0\u00bb<\/span><\/span><\/p>\n<p><strong><span lang=\"FR-CA\">Stephen Chavez<\/span><\/strong><span lang=\"FR-CA\">\u00a0est un r\u00e9dacteur adjoint d\u2019<em>Adventist Review.<\/em><\/span><\/p>\n<p>Traduction : Marie-Mich\u00e8le Robitaille<\/p>\n","protected":false},"excerpt":{"rendered":"<p>Le 29 mai 2020 | Silver Spring, Maryland, \u00c9tats-Unis | Stephen Chavez d\u2019Adventist Review\u00a0 Depuis l\u2019arriv\u00e9e des termes \u00ab\u00a0COVID-19\u00a0\u00bb et \u00ab\u00a0coronavirus\u00a0\u00bb dans notre vocabulaire, nous avons \u00e9t\u00e9 bombard\u00e9s d\u2019histoires et&#8230;<\/p>\n","protected":false},"author":3,"featured_media":59294,"comment_status":"open","ping_status":"closed","sticky":false,"template":"","format":"standard","meta":{"_acf_changed":false,"footnotes":""},"categories":[18,19],"tags":[],"class_list":["post-59314","post","type-post","status-publish","format-standard","has-post-thumbnail","hentry","category-nouvelles-de-leglise-mondiale","category-rss-francais"],"acf":[],"yoast_head":"<!-- This site is optimized with the Yoast SEO plugin v27.3 - https:\/\/yoast.com\/product\/yoast-seo-wordpress\/ -->\n<title>Nos \u00e9glises apr\u00e8s la COVID-19 - \u00c9glise Adventiste Du Septieme Jour - Inter Am\u00e9rique Division<\/title>\n<meta name=\"robots\" content=\"index, follow, max-snippet:-1, max-image-preview:large, max-video-preview:-1\" \/>\n<link rel=\"canonical\" href=\"https:\/\/interamerica.org\/fr\/2020\/05\/nos-eglises-apres-la-covid-19\/\" \/>\n<meta property=\"og:locale\" content=\"fr_FR\" \/>\n<meta property=\"og:type\" content=\"article\" \/>\n<meta property=\"og:title\" content=\"Nos \u00e9glises apr\u00e8s la COVID-19 - \u00c9glise Adventiste Du Septieme Jour - Inter Am\u00e9rique Division\" \/>\n<meta property=\"og:description\" content=\"Le 29 mai 2020 | Silver Spring, Maryland, \u00c9tats-Unis | Stephen Chavez d\u2019Adventist Review\u00a0 Depuis l\u2019arriv\u00e9e des termes \u00ab\u00a0COVID-19\u00a0\u00bb et \u00ab\u00a0coronavirus\u00a0\u00bb dans notre vocabulaire, nous avons \u00e9t\u00e9 bombard\u00e9s d\u2019histoires et...\" \/>\n<meta property=\"og:url\" content=\"https:\/\/interamerica.org\/fr\/2020\/05\/nos-eglises-apres-la-covid-19\/\" \/>\n<meta property=\"og:site_name\" content=\"\u00c9glise Adventiste Du Septieme Jour - Inter Am\u00e9rique Division\" \/>\n<meta property=\"article:published_time\" content=\"2020-05-30T00:18:02+00:00\" \/>\n<meta property=\"article:modified_time\" content=\"2020-06-03T14:48:33+00:00\" \/>\n<meta property=\"og:image\" content=\"https:\/\/interamerica.org\/wp-content\/uploads\/2020\/05\/pew-aaron-burden-yii-e4zsevo-unsplash-1280.jpg\" \/>\n\t<meta property=\"og:image:width\" content=\"1280\" \/>\n\t<meta property=\"og:image:height\" content=\"800\" \/>\n\t<meta property=\"og:image:type\" content=\"image\/jpeg\" \/>\n<meta name=\"author\" content=\"libna\" \/>\n<meta name=\"twitter:card\" content=\"summary_large_image\" \/>\n<meta name=\"twitter:label1\" content=\"\u00c9crit par\" \/>\n\t<meta name=\"twitter:data1\" content=\"libna\" \/>\n\t<meta name=\"twitter:label2\" content=\"Dur\u00e9e de lecture estim\u00e9e\" \/>\n\t<meta name=\"twitter:data2\" content=\"5 minutes\" \/>\n<script type=\"application\/ld+json\" class=\"yoast-schema-graph\">{\"@context\":\"https:\\\/\\\/schema.org\",\"@graph\":[{\"@type\":\"Article\",\"@id\":\"https:\\\/\\\/interamerica.org\\\/fr\\\/2020\\\/05\\\/nos-eglises-apres-la-covid-19\\\/#article\",\"isPartOf\":{\"@id\":\"https:\\\/\\\/interamerica.org\\\/fr\\\/2020\\\/05\\\/nos-eglises-apres-la-covid-19\\\/\"},\"author\":{\"name\":\"libna\",\"@id\":\"https:\\\/\\\/interamerica.org\\\/fr\\\/#\\\/schema\\\/person\\\/29998f2bc2d8bd0d38662909289b54f1\"},\"headline\":\"Nos \u00e9glises apr\u00e8s la COVID-19\",\"datePublished\":\"2020-05-30T00:18:02+00:00\",\"dateModified\":\"2020-06-03T14:48:33+00:00\",\"mainEntityOfPage\":{\"@id\":\"https:\\\/\\\/interamerica.org\\\/fr\\\/2020\\\/05\\\/nos-eglises-apres-la-covid-19\\\/\"},\"wordCount\":985,\"commentCount\":0,\"image\":{\"@id\":\"https:\\\/\\\/interamerica.org\\\/fr\\\/2020\\\/05\\\/nos-eglises-apres-la-covid-19\\\/#primaryimage\"},\"thumbnailUrl\":\"https:\\\/\\\/interamerica.org\\\/wp-content\\\/uploads\\\/2020\\\/05\\\/pew-aaron-burden-yii-e4zsevo-unsplash-1280.jpg\",\"articleSection\":[\"Nouvelles de l'\u00c9glise mondiale\",\"RSS Fran\u00e7ais\"],\"inLanguage\":\"fr-FR\",\"potentialAction\":[{\"@type\":\"CommentAction\",\"name\":\"Comment\",\"target\":[\"https:\\\/\\\/interamerica.org\\\/fr\\\/2020\\\/05\\\/nos-eglises-apres-la-covid-19\\\/#respond\"]}]},{\"@type\":\"WebPage\",\"@id\":\"https:\\\/\\\/interamerica.org\\\/fr\\\/2020\\\/05\\\/nos-eglises-apres-la-covid-19\\\/\",\"url\":\"https:\\\/\\\/interamerica.org\\\/fr\\\/2020\\\/05\\\/nos-eglises-apres-la-covid-19\\\/\",\"name\":\"Nos \u00e9glises apr\u00e8s la COVID-19 - \u00c9glise Adventiste Du Septieme Jour - Inter Am\u00e9rique Division\",\"isPartOf\":{\"@id\":\"https:\\\/\\\/interamerica.org\\\/fr\\\/#website\"},\"primaryImageOfPage\":{\"@id\":\"https:\\\/\\\/interamerica.org\\\/fr\\\/2020\\\/05\\\/nos-eglises-apres-la-covid-19\\\/#primaryimage\"},\"image\":{\"@id\":\"https:\\\/\\\/interamerica.org\\\/fr\\\/2020\\\/05\\\/nos-eglises-apres-la-covid-19\\\/#primaryimage\"},\"thumbnailUrl\":\"https:\\\/\\\/interamerica.org\\\/wp-content\\\/uploads\\\/2020\\\/05\\\/pew-aaron-burden-yii-e4zsevo-unsplash-1280.jpg\",\"datePublished\":\"2020-05-30T00:18:02+00:00\",\"dateModified\":\"2020-06-03T14:48:33+00:00\",\"author\":{\"@id\":\"https:\\\/\\\/interamerica.org\\\/fr\\\/#\\\/schema\\\/person\\\/29998f2bc2d8bd0d38662909289b54f1\"},\"breadcrumb\":{\"@id\":\"https:\\\/\\\/interamerica.org\\\/fr\\\/2020\\\/05\\\/nos-eglises-apres-la-covid-19\\\/#breadcrumb\"},\"inLanguage\":\"fr-FR\",\"potentialAction\":[{\"@type\":\"ReadAction\",\"target\":[\"https:\\\/\\\/interamerica.org\\\/fr\\\/2020\\\/05\\\/nos-eglises-apres-la-covid-19\\\/\"]}]},{\"@type\":\"ImageObject\",\"inLanguage\":\"fr-FR\",\"@id\":\"https:\\\/\\\/interamerica.org\\\/fr\\\/2020\\\/05\\\/nos-eglises-apres-la-covid-19\\\/#primaryimage\",\"url\":\"https:\\\/\\\/interamerica.org\\\/wp-content\\\/uploads\\\/2020\\\/05\\\/pew-aaron-burden-yii-e4zsevo-unsplash-1280.jpg\",\"contentUrl\":\"https:\\\/\\\/interamerica.org\\\/wp-content\\\/uploads\\\/2020\\\/05\\\/pew-aaron-burden-yii-e4zsevo-unsplash-1280.jpg\",\"width\":1280,\"height\":800,\"caption\":\"[Photo\u00a0: Aaron Burden\\\/unsplash]\"},{\"@type\":\"BreadcrumbList\",\"@id\":\"https:\\\/\\\/interamerica.org\\\/fr\\\/2020\\\/05\\\/nos-eglises-apres-la-covid-19\\\/#breadcrumb\",\"itemListElement\":[{\"@type\":\"ListItem\",\"position\":1,\"name\":\"Home\",\"item\":\"https:\\\/\\\/interamerica.org\\\/fr\\\/\"},{\"@type\":\"ListItem\",\"position\":2,\"name\":\"Nos \u00e9glises apr\u00e8s la COVID-19\"}]},{\"@type\":\"WebSite\",\"@id\":\"https:\\\/\\\/interamerica.org\\\/fr\\\/#website\",\"url\":\"https:\\\/\\\/interamerica.org\\\/fr\\\/\",\"name\":\"\u00c9glise Adventiste Du Septieme Jour - Inter Am\u00e9rique Division\",\"description\":\"\",\"potentialAction\":[{\"@type\":\"SearchAction\",\"target\":{\"@type\":\"EntryPoint\",\"urlTemplate\":\"https:\\\/\\\/interamerica.org\\\/fr\\\/?s={search_term_string}\"},\"query-input\":{\"@type\":\"PropertyValueSpecification\",\"valueRequired\":true,\"valueName\":\"search_term_string\"}}],\"inLanguage\":\"fr-FR\"},{\"@type\":\"Person\",\"@id\":\"https:\\\/\\\/interamerica.org\\\/fr\\\/#\\\/schema\\\/person\\\/29998f2bc2d8bd0d38662909289b54f1\",\"name\":\"libna\",\"image\":{\"@type\":\"ImageObject\",\"inLanguage\":\"fr-FR\",\"@id\":\"https:\\\/\\\/secure.gravatar.com\\\/avatar\\\/7c5bd30ae4b47a9ba3c856590957fd1d96dc588bf3ac05719d247e126840331f?s=96&d=mm&r=g\",\"url\":\"https:\\\/\\\/secure.gravatar.com\\\/avatar\\\/7c5bd30ae4b47a9ba3c856590957fd1d96dc588bf3ac05719d247e126840331f?s=96&d=mm&r=g\",\"contentUrl\":\"https:\\\/\\\/secure.gravatar.com\\\/avatar\\\/7c5bd30ae4b47a9ba3c856590957fd1d96dc588bf3ac05719d247e126840331f?s=96&d=mm&r=g\",\"caption\":\"libna\"}}]}<\/script>\n<!-- \/ Yoast SEO plugin. -->","yoast_head_json":{"title":"Nos \u00e9glises apr\u00e8s la COVID-19 - \u00c9glise Adventiste Du Septieme Jour - Inter Am\u00e9rique Division","robots":{"index":"index","follow":"follow","max-snippet":"max-snippet:-1","max-image-preview":"max-image-preview:large","max-video-preview":"max-video-preview:-1"},"canonical":"https:\/\/interamerica.org\/fr\/2020\/05\/nos-eglises-apres-la-covid-19\/","og_locale":"fr_FR","og_type":"article","og_title":"Nos \u00e9glises apr\u00e8s la COVID-19 - \u00c9glise Adventiste Du Septieme Jour - Inter Am\u00e9rique Division","og_description":"Le 29 mai 2020 | Silver Spring, Maryland, \u00c9tats-Unis | Stephen Chavez d\u2019Adventist Review\u00a0 Depuis l\u2019arriv\u00e9e des termes \u00ab\u00a0COVID-19\u00a0\u00bb et \u00ab\u00a0coronavirus\u00a0\u00bb dans notre vocabulaire, nous avons \u00e9t\u00e9 bombard\u00e9s d\u2019histoires et...","og_url":"https:\/\/interamerica.org\/fr\/2020\/05\/nos-eglises-apres-la-covid-19\/","og_site_name":"\u00c9glise Adventiste Du Septieme Jour - Inter Am\u00e9rique Division","article_published_time":"2020-05-30T00:18:02+00:00","article_modified_time":"2020-06-03T14:48:33+00:00","og_image":[{"width":1280,"height":800,"url":"https:\/\/interamerica.org\/wp-content\/uploads\/2020\/05\/pew-aaron-burden-yii-e4zsevo-unsplash-1280.jpg","type":"image\/jpeg"}],"author":"libna","twitter_card":"summary_large_image","twitter_misc":{"\u00c9crit par":"libna","Dur\u00e9e de lecture estim\u00e9e":"5 minutes"},"schema":{"@context":"https:\/\/schema.org","@graph":[{"@type":"Article","@id":"https:\/\/interamerica.org\/fr\/2020\/05\/nos-eglises-apres-la-covid-19\/#article","isPartOf":{"@id":"https:\/\/interamerica.org\/fr\/2020\/05\/nos-eglises-apres-la-covid-19\/"},"author":{"name":"libna","@id":"https:\/\/interamerica.org\/fr\/#\/schema\/person\/29998f2bc2d8bd0d38662909289b54f1"},"headline":"Nos \u00e9glises apr\u00e8s la COVID-19","datePublished":"2020-05-30T00:18:02+00:00","dateModified":"2020-06-03T14:48:33+00:00","mainEntityOfPage":{"@id":"https:\/\/interamerica.org\/fr\/2020\/05\/nos-eglises-apres-la-covid-19\/"},"wordCount":985,"commentCount":0,"image":{"@id":"https:\/\/interamerica.org\/fr\/2020\/05\/nos-eglises-apres-la-covid-19\/#primaryimage"},"thumbnailUrl":"https:\/\/interamerica.org\/wp-content\/uploads\/2020\/05\/pew-aaron-burden-yii-e4zsevo-unsplash-1280.jpg","articleSection":["Nouvelles de l'\u00c9glise mondiale","RSS Fran\u00e7ais"],"inLanguage":"fr-FR","potentialAction":[{"@type":"CommentAction","name":"Comment","target":["https:\/\/interamerica.org\/fr\/2020\/05\/nos-eglises-apres-la-covid-19\/#respond"]}]},{"@type":"WebPage","@id":"https:\/\/interamerica.org\/fr\/2020\/05\/nos-eglises-apres-la-covid-19\/","url":"https:\/\/interamerica.org\/fr\/2020\/05\/nos-eglises-apres-la-covid-19\/","name":"Nos \u00e9glises apr\u00e8s la COVID-19 - \u00c9glise Adventiste Du Septieme Jour - Inter Am\u00e9rique Division","isPartOf":{"@id":"https:\/\/interamerica.org\/fr\/#website"},"primaryImageOfPage":{"@id":"https:\/\/interamerica.org\/fr\/2020\/05\/nos-eglises-apres-la-covid-19\/#primaryimage"},"image":{"@id":"https:\/\/interamerica.org\/fr\/2020\/05\/nos-eglises-apres-la-covid-19\/#primaryimage"},"thumbnailUrl":"https:\/\/interamerica.org\/wp-content\/uploads\/2020\/05\/pew-aaron-burden-yii-e4zsevo-unsplash-1280.jpg","datePublished":"2020-05-30T00:18:02+00:00","dateModified":"2020-06-03T14:48:33+00:00","author":{"@id":"https:\/\/interamerica.org\/fr\/#\/schema\/person\/29998f2bc2d8bd0d38662909289b54f1"},"breadcrumb":{"@id":"https:\/\/interamerica.org\/fr\/2020\/05\/nos-eglises-apres-la-covid-19\/#breadcrumb"},"inLanguage":"fr-FR","potentialAction":[{"@type":"ReadAction","target":["https:\/\/interamerica.org\/fr\/2020\/05\/nos-eglises-apres-la-covid-19\/"]}]},{"@type":"ImageObject","inLanguage":"fr-FR","@id":"https:\/\/interamerica.org\/fr\/2020\/05\/nos-eglises-apres-la-covid-19\/#primaryimage","url":"https:\/\/interamerica.org\/wp-content\/uploads\/2020\/05\/pew-aaron-burden-yii-e4zsevo-unsplash-1280.jpg","contentUrl":"https:\/\/interamerica.org\/wp-content\/uploads\/2020\/05\/pew-aaron-burden-yii-e4zsevo-unsplash-1280.jpg","width":1280,"height":800,"caption":"[Photo\u00a0: Aaron Burden\/unsplash]"},{"@type":"BreadcrumbList","@id":"https:\/\/interamerica.org\/fr\/2020\/05\/nos-eglises-apres-la-covid-19\/#breadcrumb","itemListElement":[{"@type":"ListItem","position":1,"name":"Home","item":"https:\/\/interamerica.org\/fr\/"},{"@type":"ListItem","position":2,"name":"Nos \u00e9glises apr\u00e8s la COVID-19"}]},{"@type":"WebSite","@id":"https:\/\/interamerica.org\/fr\/#website","url":"https:\/\/interamerica.org\/fr\/","name":"\u00c9glise Adventiste Du Septieme Jour - Inter Am\u00e9rique Division","description":"","potentialAction":[{"@type":"SearchAction","target":{"@type":"EntryPoint","urlTemplate":"https:\/\/interamerica.org\/fr\/?s={search_term_string}"},"query-input":{"@type":"PropertyValueSpecification","valueRequired":true,"valueName":"search_term_string"}}],"inLanguage":"fr-FR"},{"@type":"Person","@id":"https:\/\/interamerica.org\/fr\/#\/schema\/person\/29998f2bc2d8bd0d38662909289b54f1","name":"libna","image":{"@type":"ImageObject","inLanguage":"fr-FR","@id":"https:\/\/secure.gravatar.com\/avatar\/7c5bd30ae4b47a9ba3c856590957fd1d96dc588bf3ac05719d247e126840331f?s=96&d=mm&r=g","url":"https:\/\/secure.gravatar.com\/avatar\/7c5bd30ae4b47a9ba3c856590957fd1d96dc588bf3ac05719d247e126840331f?s=96&d=mm&r=g","contentUrl":"https:\/\/secure.gravatar.com\/avatar\/7c5bd30ae4b47a9ba3c856590957fd1d96dc588bf3ac05719d247e126840331f?s=96&d=mm&r=g","caption":"libna"}}]}},"_links":{"self":[{"href":"https:\/\/interamerica.org\/fr\/wp-json\/wp\/v2\/posts\/59314","targetHints":{"allow":["GET"]}}],"collection":[{"href":"https:\/\/interamerica.org\/fr\/wp-json\/wp\/v2\/posts"}],"about":[{"href":"https:\/\/interamerica.org\/fr\/wp-json\/wp\/v2\/types\/post"}],"author":[{"embeddable":true,"href":"https:\/\/interamerica.org\/fr\/wp-json\/wp\/v2\/users\/3"}],"replies":[{"embeddable":true,"href":"https:\/\/interamerica.org\/fr\/wp-json\/wp\/v2\/comments?post=59314"}],"version-history":[{"count":0,"href":"https:\/\/interamerica.org\/fr\/wp-json\/wp\/v2\/posts\/59314\/revisions"}],"wp:featuredmedia":[{"embeddable":true,"href":"https:\/\/interamerica.org\/fr\/wp-json\/wp\/v2\/media\/59294"}],"wp:attachment":[{"href":"https:\/\/interamerica.org\/fr\/wp-json\/wp\/v2\/media?parent=59314"}],"wp:term":[{"taxonomy":"category","embeddable":true,"href":"https:\/\/interamerica.org\/fr\/wp-json\/wp\/v2\/categories?post=59314"},{"taxonomy":"post_tag","embeddable":true,"href":"https:\/\/interamerica.org\/fr\/wp-json\/wp\/v2\/tags?post=59314"}],"curies":[{"name":"wp","href":"https:\/\/api.w.org\/{rel}","templated":true}]}}