{"id":59445,"date":"2020-06-03T20:08:19","date_gmt":"2020-06-04T00:08:19","guid":{"rendered":"https:\/\/recursing-golick.147-182-135-0.plesk.page\/?p=59445"},"modified":"2020-06-04T10:56:59","modified_gmt":"2020-06-04T14:56:59","slug":"au-salvador-des-familles-adventistes-deplacees-a-cause-de-la-tempete-tropicale-amanda-adra-se-prepare-a-une-premiere-intervention","status":"publish","type":"post","link":"https:\/\/interamerica.org\/fr\/2020\/06\/au-salvador-des-familles-adventistes-deplacees-a-cause-de-la-tempete-tropicale-amanda-adra-se-prepare-a-une-premiere-intervention\/","title":{"rendered":"Au Salvador, des familles adventistes d\u00e9plac\u00e9es \u00e0 cause de la temp\u00eate tropicale Amanda, ADRA se pr\u00e9pare \u00e0 une premi\u00e8re intervention"},"content":{"rendered":"<p><div id=\"attachment_59433\" style=\"width: 808px\" class=\"wp-caption aligncenter\"><img fetchpriority=\"high\" decoding=\"async\" aria-describedby=\"caption-attachment-59433\" class=\"wp-image-59432\" src=\"https:\/\/recursing-golick.147-182-135-0.plesk.page\/wp-content\/uploads\/2020\/06\/zulma-rodriguez-ciudad-delgado-corrected.jpg\" alt=\"\" width=\"798\" height=\"499\" srcset=\"https:\/\/interamerica.org\/wp-content\/uploads\/2020\/06\/zulma-rodriguez-ciudad-delgado-corrected.jpg 1000w, https:\/\/interamerica.org\/wp-content\/uploads\/2020\/06\/zulma-rodriguez-ciudad-delgado-corrected-300x188.jpg 300w, https:\/\/interamerica.org\/wp-content\/uploads\/2020\/06\/zulma-rodriguez-ciudad-delgado-corrected-768x480.jpg 768w\" sizes=\"(max-width: 798px) 100vw, 798px\" \/><p id=\"caption-attachment-59433\" class=\"wp-caption-text\">Zulma Rodr\u00edguez, une adventiste du septi\u00e8me jour, regarde les d\u00e9g\u00e2ts qu\u2019a fait subir la temp\u00eate tropicale Amanda \u00e0 sa maison dont le toit a \u00e9t\u00e9 arrach\u00e9 et dont la structure en bois a \u00e9t\u00e9 emport\u00e9e par les pluies torrentielles le 31 mai 2020, \u00e0 San Salvador, au Salvador. Plus de 160 familles adventistes ont \u00e9t\u00e9 d\u00e9plac\u00e9es apr\u00e8s que la temp\u00eate ait touch\u00e9 ce pays d\u2019Am\u00e9rique Centrale. [Photo : Mario Gusm\u00e1n]<\/p><\/div>3 Juin 2020 | San Salvador, Le Salvador | Libna Stevens, Division Inter Am\u00e9ricaine<\/p>\n<p>La temp\u00eate tropicale Amanda s\u2019est abattue sur le Salvador le 31 mai, tuant 16 personnes et faisant subir d\u2019importants d\u00e9g\u00e2ts aux routes et aux ponts \u00e0 cause des rivi\u00e8res en crue. Des milliers de personnes se sont retrouv\u00e9es sans abri dans des zones d\u00e9j\u00e0 profond\u00e9ment touch\u00e9es par la pand\u00e9mie de coronavirus.<\/p>\n<p>Les maisons de plus de 160 familles adventistes ont \u00e9t\u00e9 d\u00e9truites ou inond\u00e9es, et beaucoup d\u2019entre elles se retrouvent dans des abris, ont indiqu\u00e9 les dirigeants de l\u2019\u00e9glise. Aucun d\u00e9c\u00e8s parmi les membres d\u2019\u00e9glise n\u2019a \u00e9t\u00e9 signal\u00e9.<\/p>\n<p>\u00ab M\u00eame \u00e0 travers cette situation que nous vivons aujourd\u2019hui ici au Salvador, avec le Covid-19 et cette catastrophe naturelle qui touche tant de personnes et tant de membres, nous pouvons tous regarder en haut en ces temps difficiles, nous pouvons compter sur Dieu, \u00bb a d\u00e9clar\u00e9 pasteur Abel Pacheco, pr\u00e9sident de l\u2019\u00c9glise adventiste au Salvador, dans un message sp\u00e9cial adress\u00e9 aux membres d\u2019\u00e9glise hier. Le pasteur Pacheco a indiqu\u00e9 que deux membres d\u2019\u00e9glise sont morts \u00e0 cause du Covid-19 et que 21 membres ont contract\u00e9 le virus.<\/p>\n<p><div id=\"attachment_59421\" style=\"width: 527px\" class=\"wp-caption aligncenter\"><img decoding=\"async\" aria-describedby=\"caption-attachment-59421\" class=\" wp-image-59420\" src=\"https:\/\/recursing-golick.147-182-135-0.plesk.page\/wp-content\/uploads\/2020\/06\/el-salvador-barrasalada-church-sonsonate.png\" alt=\"\" width=\"517\" height=\"694\" srcset=\"https:\/\/interamerica.org\/wp-content\/uploads\/2020\/06\/el-salvador-barrasalada-church-sonsonate.png 700w, https:\/\/interamerica.org\/wp-content\/uploads\/2020\/06\/el-salvador-barrasalada-church-sonsonate-223x300.png 223w\" sizes=\"(max-width: 517px) 100vw, 517px\" \/><p id=\"caption-attachment-59421\" class=\"wp-caption-text\">Jusqu\u2019ici, l\u2019\u00e9glise adventiste Barra Salada \u00e0 Sonsonate, dans la partie ouest du Salvador, est la seule \u00e9glise \u00e0 avoir signal\u00e9 des dommages \u00e0 sa structure inond\u00e9e. [Photo : Union du Salvador]<\/p><\/div>Pasteur Pacheco a encourag\u00e9 les membres \u00e0 continuer de faire confiance au \u00ab Dieu qui nous prot\u00e8ge, au Dieu des miracles et au Dieu qui aide au milieu de tout ce qui se passe dans notre pays, nous donnant de l\u2019esp\u00e9rance dans le Seigneur. \u00bb<\/p>\n<p>Jusqu\u2019\u00e0 pr\u00e9sent, une seule \u00e9glise \u2013 l\u2019\u00e9glise adventiste de Barra Salada \u00e0 Sonsonate dans la partie ouest du pays &#8211; a \u00e9t\u00e9 endommag\u00e9e, selon Fabricio Rivera, directeur de la communication de l\u2019\u00c9glise adventiste au Salvador.<\/p>\n<p>\u00ab Nous avons entendu de nombreux membres comme Zulma Rodr\u00edguez et son mari Mario Guzman de la ville de Delgado, qui ont tout perdu, \u00bb a dit Fabricio Rivera.<\/p>\n<p>Beaucoup ont pass\u00e9 des moments \u00e9prouvants, comme Josu\u00e9 Ortiz, qui vit \u00e0 Sonsonate, lorsque la rivi\u00e8re a emport\u00e9 la partie avant de sa maison, a expliqu\u00e9 Fabricio Rivera. Pasteur Josu\u00e9 Solis de Sonsonate, tout comme d\u2019autres pasteurs locaux, a rev\u00eatu son uniforme de chef-guide pour visiter la famille Ortiz et d\u2019autres familles pour offrir r\u00e9confort et pri\u00e8re.<\/p>\n<p><div id=\"attachment_59427\" style=\"width: 810px\" class=\"wp-caption aligncenter\"><img decoding=\"async\" aria-describedby=\"caption-attachment-59427\" class=\" wp-image-59426\" src=\"https:\/\/recursing-golick.147-182-135-0.plesk.page\/wp-content\/uploads\/2020\/06\/josue-solis-oriz-family-1024x640.jpg\" alt=\"\" width=\"800\" height=\"500\" srcset=\"https:\/\/interamerica.org\/wp-content\/uploads\/2020\/06\/josue-solis-oriz-family-1024x640.jpg 1024w, https:\/\/interamerica.org\/wp-content\/uploads\/2020\/06\/josue-solis-oriz-family-300x188.jpg 300w, https:\/\/interamerica.org\/wp-content\/uploads\/2020\/06\/josue-solis-oriz-family-768x480.jpg 768w, https:\/\/interamerica.org\/wp-content\/uploads\/2020\/06\/josue-solis-oriz-family.jpg 1280w\" sizes=\"(max-width: 800px) 100vw, 800px\" \/><p id=\"caption-attachment-59427\" class=\"wp-caption-text\">V\u00eatu de son uniforme de chef-guide avec un gilet portant le logo de l\u2019\u00c9glise adventiste du septi\u00e8me jour, le pasteur Josu\u00e9 Solis (\u00e0 droite) prie pour la famille Ortiz apr\u00e8s que leur maison \u00e0 Sonsonante, au Salvador, ait \u00e9t\u00e9 d\u00e9truite par la temp\u00eate tropicale Amanda. [Photo : Union du Salvador]<\/p><\/div>De nombreuses familles adventistes et leurs voisins se r\u00e9fugient dans les abris, a-t-il ajout\u00e9.<\/p>\n<p>Le gouvernement a mis 160 abris \u00e0 disposition et indique que plus de 24000 familles ont \u00e9t\u00e9 touch\u00e9es dans ce pays d\u2019Am\u00e9rique Centrale.<\/p>\n<p>L\u2019Agence Adventiste de D\u00e9veloppement et de Secours (ADRA) au Salvador a d\u00e9j\u00e0 contact\u00e9 des fournisseurs pour acheter de la nourriture afin de venir en aide \u00e0 800 familles, a d\u00e9clar\u00e9 Juan Pabro Ventura, directeur d\u2019ADRA au Salvador. ADRA International, ADRA Inter-Am\u00e9rique et les fonds locaux d\u2019ADRA aideront environ 300 familles qui recevront des denr\u00e9es alimentaires de base et du papier toilette d\u2019ici la fin de la semaine prochaine, selon ce qu\u2019a indiqu\u00e9 Juan Ventura. \u00ab Nous d\u00e9bloquons des fonds suppl\u00e9mentaires ici pour aider 300 familles de plus qui ont besoin d\u2019aide, \u00bb a-t-il ajout\u00e9.<\/p>\n<p>La distribution de nourriture se fera dans l\u2019ensemble des cinq f\u00e9d\u00e9rations locales au Salvador avec l\u2019aide des pasteurs et des volontaires de l\u2019\u00e9glise qui apporteront les provisions aux familles d\u00e9plac\u00e9es.<\/p>\n<p><div id=\"attachment_59424\" style=\"width: 810px\" class=\"wp-caption aligncenter\"><img loading=\"lazy\" decoding=\"async\" aria-describedby=\"caption-attachment-59424\" class=\" wp-image-59423\" src=\"https:\/\/recursing-golick.147-182-135-0.plesk.page\/wp-content\/uploads\/2020\/06\/josue-solis-elsalvador-looks-on-1024x640.jpg\" alt=\"\" width=\"800\" height=\"500\" srcset=\"https:\/\/interamerica.org\/wp-content\/uploads\/2020\/06\/josue-solis-elsalvador-looks-on-1024x640.jpg 1024w, https:\/\/interamerica.org\/wp-content\/uploads\/2020\/06\/josue-solis-elsalvador-looks-on-300x188.jpg 300w, https:\/\/interamerica.org\/wp-content\/uploads\/2020\/06\/josue-solis-elsalvador-looks-on-768x480.jpg 768w, https:\/\/interamerica.org\/wp-content\/uploads\/2020\/06\/josue-solis-elsalvador-looks-on.jpg 1280w\" sizes=\"(max-width: 800px) 100vw, 800px\" \/><p id=\"caption-attachment-59424\" class=\"wp-caption-text\">Le pasteur Josu\u00e9 Solis de Sonsonate, au Salvador, observe la mont\u00e9e des eaux caus\u00e9e par la temp\u00eate tropicale Amanda au d\u00e9but de cette semaine. [Photo : Union du Salvador]<\/p><\/div>Juan Ventura a d\u00e9clar\u00e9 qu\u2019ADRA Salvador a d\u00e9j\u00e0 distribu\u00e9 des v\u00eatements pour enfants et personnes \u00e2g\u00e9es \u00e0 100 familles cette semaine.<\/p>\n<p>\u00ab Hier, nous avons eu moins de pluie, mais t\u00f4t ce matin, les pluies se sont intensifi\u00e9es, ce qui a amen\u00e9 les m\u00e9t\u00e9orologues \u00e0 d\u00e9clarer qu\u2019Amanda avait d\u00e9vers\u00e9 une quantit\u00e9 d\u2019eau \u00e9quivalente \u00e0 la totalit\u00e9 des pr\u00e9cipitations de toute une ann\u00e9e dans le pays, \u00bb a dit Juan Rivera.<\/p>\n<p>Le pays se pr\u00e9pare maintenant \u00e0 faire face \u00e0 une nouvelle temp\u00eate qui menace de toucher le Salvador dans les prochains jours, a conclu Juan Rivera.<\/p>\n<p>Pour en savoir plus sur l\u2019intervention d\u2019ADRA au Salvador, visitez nous sur Facebook \u00e0 : <a href=\"https:\/\/www.facebook.com\/adra.elsalvador\/\">adra.elsalvador<\/a><\/p>\n<p>Traduction: Patrick Luciathe<\/p>\n","protected":false},"excerpt":{"rendered":"<p>3 Juin 2020 | San Salvador, Le Salvador | Libna Stevens, Division Inter Am\u00e9ricaine La temp\u00eate tropicale Amanda s\u2019est abattue sur le Salvador le 31 mai, tuant 16 personnes et&#8230;<\/p>\n","protected":false},"author":3,"featured_media":59433,"comment_status":"open","ping_status":"closed","sticky":false,"template":"","format":"standard","meta":{"_acf_changed":false,"footnotes":""},"categories":[21,19],"tags":[],"class_list":["post-59445","post","type-post","status-publish","format-standard","has-post-thumbnail","hentry","category-nouvelles-du-territoire","category-rss-francais"],"acf":[],"yoast_head":"<!-- This site is optimized with the Yoast SEO plugin v27.3 - https:\/\/yoast.com\/product\/yoast-seo-wordpress\/ -->\n<title>Au Salvador, des familles adventistes d\u00e9plac\u00e9es \u00e0 cause de la temp\u00eate tropicale Amanda, ADRA se pr\u00e9pare \u00e0 une premi\u00e8re intervention - \u00c9glise Adventiste Du Septieme Jour - Inter Am\u00e9rique Division<\/title>\n<meta name=\"robots\" content=\"index, follow, max-snippet:-1, max-image-preview:large, max-video-preview:-1\" \/>\n<link rel=\"canonical\" href=\"https:\/\/interamerica.org\/fr\/2020\/06\/au-salvador-des-familles-adventistes-deplacees-a-cause-de-la-tempete-tropicale-amanda-adra-se-prepare-a-une-premiere-intervention\/\" \/>\n<meta property=\"og:locale\" content=\"fr_FR\" \/>\n<meta property=\"og:type\" content=\"article\" \/>\n<meta property=\"og:title\" content=\"Au Salvador, des familles adventistes d\u00e9plac\u00e9es \u00e0 cause de la temp\u00eate tropicale Amanda, ADRA se pr\u00e9pare \u00e0 une premi\u00e8re intervention - \u00c9glise Adventiste Du Septieme Jour - Inter Am\u00e9rique Division\" \/>\n<meta property=\"og:description\" content=\"3 Juin 2020 | San Salvador, Le Salvador | Libna Stevens, Division Inter Am\u00e9ricaine La temp\u00eate tropicale Amanda s\u2019est abattue sur le Salvador le 31 mai, tuant 16 personnes et...\" \/>\n<meta property=\"og:url\" content=\"https:\/\/interamerica.org\/fr\/2020\/06\/au-salvador-des-familles-adventistes-deplacees-a-cause-de-la-tempete-tropicale-amanda-adra-se-prepare-a-une-premiere-intervention\/\" \/>\n<meta property=\"og:site_name\" content=\"\u00c9glise Adventiste Du Septieme Jour - Inter Am\u00e9rique Division\" \/>\n<meta property=\"article:published_time\" content=\"2020-06-04T00:08:19+00:00\" \/>\n<meta property=\"article:modified_time\" content=\"2020-06-04T14:56:59+00:00\" \/>\n<meta property=\"og:image\" content=\"https:\/\/interamerica.org\/wp-content\/uploads\/2020\/06\/zulma-rodriguez-ciudad-delgado-corrected.jpg\" \/>\n\t<meta property=\"og:image:width\" content=\"1000\" \/>\n\t<meta property=\"og:image:height\" content=\"625\" \/>\n\t<meta property=\"og:image:type\" content=\"image\/jpeg\" \/>\n<meta name=\"author\" content=\"libna\" \/>\n<meta name=\"twitter:card\" content=\"summary_large_image\" \/>\n<meta name=\"twitter:label1\" content=\"\u00c9crit par\" \/>\n\t<meta name=\"twitter:data1\" content=\"libna\" \/>\n\t<meta name=\"twitter:label2\" content=\"Dur\u00e9e de lecture estim\u00e9e\" \/>\n\t<meta name=\"twitter:data2\" content=\"4 minutes\" \/>\n<script type=\"application\/ld+json\" class=\"yoast-schema-graph\">{\"@context\":\"https:\\\/\\\/schema.org\",\"@graph\":[{\"@type\":\"Article\",\"@id\":\"https:\\\/\\\/interamerica.org\\\/fr\\\/2020\\\/06\\\/au-salvador-des-familles-adventistes-deplacees-a-cause-de-la-tempete-tropicale-amanda-adra-se-prepare-a-une-premiere-intervention\\\/#article\",\"isPartOf\":{\"@id\":\"https:\\\/\\\/interamerica.org\\\/fr\\\/2020\\\/06\\\/au-salvador-des-familles-adventistes-deplacees-a-cause-de-la-tempete-tropicale-amanda-adra-se-prepare-a-une-premiere-intervention\\\/\"},\"author\":{\"name\":\"libna\",\"@id\":\"https:\\\/\\\/interamerica.org\\\/fr\\\/#\\\/schema\\\/person\\\/29998f2bc2d8bd0d38662909289b54f1\"},\"headline\":\"Au Salvador, des familles adventistes d\u00e9plac\u00e9es \u00e0 cause de la temp\u00eate tropicale Amanda, ADRA se pr\u00e9pare \u00e0 une premi\u00e8re intervention\",\"datePublished\":\"2020-06-04T00:08:19+00:00\",\"dateModified\":\"2020-06-04T14:56:59+00:00\",\"mainEntityOfPage\":{\"@id\":\"https:\\\/\\\/interamerica.org\\\/fr\\\/2020\\\/06\\\/au-salvador-des-familles-adventistes-deplacees-a-cause-de-la-tempete-tropicale-amanda-adra-se-prepare-a-une-premiere-intervention\\\/\"},\"wordCount\":922,\"commentCount\":0,\"image\":{\"@id\":\"https:\\\/\\\/interamerica.org\\\/fr\\\/2020\\\/06\\\/au-salvador-des-familles-adventistes-deplacees-a-cause-de-la-tempete-tropicale-amanda-adra-se-prepare-a-une-premiere-intervention\\\/#primaryimage\"},\"thumbnailUrl\":\"https:\\\/\\\/interamerica.org\\\/wp-content\\\/uploads\\\/2020\\\/06\\\/zulma-rodriguez-ciudad-delgado-corrected.jpg\",\"articleSection\":[\"Nouvelles du territoire\",\"RSS Fran\u00e7ais\"],\"inLanguage\":\"fr-FR\",\"potentialAction\":[{\"@type\":\"CommentAction\",\"name\":\"Comment\",\"target\":[\"https:\\\/\\\/interamerica.org\\\/fr\\\/2020\\\/06\\\/au-salvador-des-familles-adventistes-deplacees-a-cause-de-la-tempete-tropicale-amanda-adra-se-prepare-a-une-premiere-intervention\\\/#respond\"]}]},{\"@type\":\"WebPage\",\"@id\":\"https:\\\/\\\/interamerica.org\\\/fr\\\/2020\\\/06\\\/au-salvador-des-familles-adventistes-deplacees-a-cause-de-la-tempete-tropicale-amanda-adra-se-prepare-a-une-premiere-intervention\\\/\",\"url\":\"https:\\\/\\\/interamerica.org\\\/fr\\\/2020\\\/06\\\/au-salvador-des-familles-adventistes-deplacees-a-cause-de-la-tempete-tropicale-amanda-adra-se-prepare-a-une-premiere-intervention\\\/\",\"name\":\"Au Salvador, des familles adventistes d\u00e9plac\u00e9es \u00e0 cause de la temp\u00eate tropicale Amanda, ADRA se pr\u00e9pare \u00e0 une premi\u00e8re intervention - \u00c9glise Adventiste Du Septieme Jour - Inter Am\u00e9rique Division\",\"isPartOf\":{\"@id\":\"https:\\\/\\\/interamerica.org\\\/fr\\\/#website\"},\"primaryImageOfPage\":{\"@id\":\"https:\\\/\\\/interamerica.org\\\/fr\\\/2020\\\/06\\\/au-salvador-des-familles-adventistes-deplacees-a-cause-de-la-tempete-tropicale-amanda-adra-se-prepare-a-une-premiere-intervention\\\/#primaryimage\"},\"image\":{\"@id\":\"https:\\\/\\\/interamerica.org\\\/fr\\\/2020\\\/06\\\/au-salvador-des-familles-adventistes-deplacees-a-cause-de-la-tempete-tropicale-amanda-adra-se-prepare-a-une-premiere-intervention\\\/#primaryimage\"},\"thumbnailUrl\":\"https:\\\/\\\/interamerica.org\\\/wp-content\\\/uploads\\\/2020\\\/06\\\/zulma-rodriguez-ciudad-delgado-corrected.jpg\",\"datePublished\":\"2020-06-04T00:08:19+00:00\",\"dateModified\":\"2020-06-04T14:56:59+00:00\",\"author\":{\"@id\":\"https:\\\/\\\/interamerica.org\\\/fr\\\/#\\\/schema\\\/person\\\/29998f2bc2d8bd0d38662909289b54f1\"},\"breadcrumb\":{\"@id\":\"https:\\\/\\\/interamerica.org\\\/fr\\\/2020\\\/06\\\/au-salvador-des-familles-adventistes-deplacees-a-cause-de-la-tempete-tropicale-amanda-adra-se-prepare-a-une-premiere-intervention\\\/#breadcrumb\"},\"inLanguage\":\"fr-FR\",\"potentialAction\":[{\"@type\":\"ReadAction\",\"target\":[\"https:\\\/\\\/interamerica.org\\\/fr\\\/2020\\\/06\\\/au-salvador-des-familles-adventistes-deplacees-a-cause-de-la-tempete-tropicale-amanda-adra-se-prepare-a-une-premiere-intervention\\\/\"]}]},{\"@type\":\"ImageObject\",\"inLanguage\":\"fr-FR\",\"@id\":\"https:\\\/\\\/interamerica.org\\\/fr\\\/2020\\\/06\\\/au-salvador-des-familles-adventistes-deplacees-a-cause-de-la-tempete-tropicale-amanda-adra-se-prepare-a-une-premiere-intervention\\\/#primaryimage\",\"url\":\"https:\\\/\\\/interamerica.org\\\/wp-content\\\/uploads\\\/2020\\\/06\\\/zulma-rodriguez-ciudad-delgado-corrected.jpg\",\"contentUrl\":\"https:\\\/\\\/interamerica.org\\\/wp-content\\\/uploads\\\/2020\\\/06\\\/zulma-rodriguez-ciudad-delgado-corrected.jpg\",\"width\":1000,\"height\":625},{\"@type\":\"BreadcrumbList\",\"@id\":\"https:\\\/\\\/interamerica.org\\\/fr\\\/2020\\\/06\\\/au-salvador-des-familles-adventistes-deplacees-a-cause-de-la-tempete-tropicale-amanda-adra-se-prepare-a-une-premiere-intervention\\\/#breadcrumb\",\"itemListElement\":[{\"@type\":\"ListItem\",\"position\":1,\"name\":\"Home\",\"item\":\"https:\\\/\\\/interamerica.org\\\/fr\\\/\"},{\"@type\":\"ListItem\",\"position\":2,\"name\":\"Au Salvador, des familles adventistes d\u00e9plac\u00e9es \u00e0 cause de la temp\u00eate tropicale Amanda, ADRA se pr\u00e9pare \u00e0 une premi\u00e8re intervention\"}]},{\"@type\":\"WebSite\",\"@id\":\"https:\\\/\\\/interamerica.org\\\/fr\\\/#website\",\"url\":\"https:\\\/\\\/interamerica.org\\\/fr\\\/\",\"name\":\"\u00c9glise Adventiste Du Septieme Jour - Inter Am\u00e9rique Division\",\"description\":\"\",\"potentialAction\":[{\"@type\":\"SearchAction\",\"target\":{\"@type\":\"EntryPoint\",\"urlTemplate\":\"https:\\\/\\\/interamerica.org\\\/fr\\\/?s={search_term_string}\"},\"query-input\":{\"@type\":\"PropertyValueSpecification\",\"valueRequired\":true,\"valueName\":\"search_term_string\"}}],\"inLanguage\":\"fr-FR\"},{\"@type\":\"Person\",\"@id\":\"https:\\\/\\\/interamerica.org\\\/fr\\\/#\\\/schema\\\/person\\\/29998f2bc2d8bd0d38662909289b54f1\",\"name\":\"libna\",\"image\":{\"@type\":\"ImageObject\",\"inLanguage\":\"fr-FR\",\"@id\":\"https:\\\/\\\/secure.gravatar.com\\\/avatar\\\/7c5bd30ae4b47a9ba3c856590957fd1d96dc588bf3ac05719d247e126840331f?s=96&d=mm&r=g\",\"url\":\"https:\\\/\\\/secure.gravatar.com\\\/avatar\\\/7c5bd30ae4b47a9ba3c856590957fd1d96dc588bf3ac05719d247e126840331f?s=96&d=mm&r=g\",\"contentUrl\":\"https:\\\/\\\/secure.gravatar.com\\\/avatar\\\/7c5bd30ae4b47a9ba3c856590957fd1d96dc588bf3ac05719d247e126840331f?s=96&d=mm&r=g\",\"caption\":\"libna\"}}]}<\/script>\n<!-- \/ Yoast SEO plugin. -->","yoast_head_json":{"title":"Au Salvador, des familles adventistes d\u00e9plac\u00e9es \u00e0 cause de la temp\u00eate tropicale Amanda, ADRA se pr\u00e9pare \u00e0 une premi\u00e8re intervention - \u00c9glise Adventiste Du Septieme Jour - Inter Am\u00e9rique Division","robots":{"index":"index","follow":"follow","max-snippet":"max-snippet:-1","max-image-preview":"max-image-preview:large","max-video-preview":"max-video-preview:-1"},"canonical":"https:\/\/interamerica.org\/fr\/2020\/06\/au-salvador-des-familles-adventistes-deplacees-a-cause-de-la-tempete-tropicale-amanda-adra-se-prepare-a-une-premiere-intervention\/","og_locale":"fr_FR","og_type":"article","og_title":"Au Salvador, des familles adventistes d\u00e9plac\u00e9es \u00e0 cause de la temp\u00eate tropicale Amanda, ADRA se pr\u00e9pare \u00e0 une premi\u00e8re intervention - \u00c9glise Adventiste Du Septieme Jour - Inter Am\u00e9rique Division","og_description":"3 Juin 2020 | San Salvador, Le Salvador | Libna Stevens, Division Inter Am\u00e9ricaine La temp\u00eate tropicale Amanda s\u2019est abattue sur le Salvador le 31 mai, tuant 16 personnes et...","og_url":"https:\/\/interamerica.org\/fr\/2020\/06\/au-salvador-des-familles-adventistes-deplacees-a-cause-de-la-tempete-tropicale-amanda-adra-se-prepare-a-une-premiere-intervention\/","og_site_name":"\u00c9glise Adventiste Du Septieme Jour - Inter Am\u00e9rique Division","article_published_time":"2020-06-04T00:08:19+00:00","article_modified_time":"2020-06-04T14:56:59+00:00","og_image":[{"width":1000,"height":625,"url":"https:\/\/interamerica.org\/wp-content\/uploads\/2020\/06\/zulma-rodriguez-ciudad-delgado-corrected.jpg","type":"image\/jpeg"}],"author":"libna","twitter_card":"summary_large_image","twitter_misc":{"\u00c9crit par":"libna","Dur\u00e9e de lecture estim\u00e9e":"4 minutes"},"schema":{"@context":"https:\/\/schema.org","@graph":[{"@type":"Article","@id":"https:\/\/interamerica.org\/fr\/2020\/06\/au-salvador-des-familles-adventistes-deplacees-a-cause-de-la-tempete-tropicale-amanda-adra-se-prepare-a-une-premiere-intervention\/#article","isPartOf":{"@id":"https:\/\/interamerica.org\/fr\/2020\/06\/au-salvador-des-familles-adventistes-deplacees-a-cause-de-la-tempete-tropicale-amanda-adra-se-prepare-a-une-premiere-intervention\/"},"author":{"name":"libna","@id":"https:\/\/interamerica.org\/fr\/#\/schema\/person\/29998f2bc2d8bd0d38662909289b54f1"},"headline":"Au Salvador, des familles adventistes d\u00e9plac\u00e9es \u00e0 cause de la temp\u00eate tropicale Amanda, ADRA se pr\u00e9pare \u00e0 une premi\u00e8re intervention","datePublished":"2020-06-04T00:08:19+00:00","dateModified":"2020-06-04T14:56:59+00:00","mainEntityOfPage":{"@id":"https:\/\/interamerica.org\/fr\/2020\/06\/au-salvador-des-familles-adventistes-deplacees-a-cause-de-la-tempete-tropicale-amanda-adra-se-prepare-a-une-premiere-intervention\/"},"wordCount":922,"commentCount":0,"image":{"@id":"https:\/\/interamerica.org\/fr\/2020\/06\/au-salvador-des-familles-adventistes-deplacees-a-cause-de-la-tempete-tropicale-amanda-adra-se-prepare-a-une-premiere-intervention\/#primaryimage"},"thumbnailUrl":"https:\/\/interamerica.org\/wp-content\/uploads\/2020\/06\/zulma-rodriguez-ciudad-delgado-corrected.jpg","articleSection":["Nouvelles du territoire","RSS Fran\u00e7ais"],"inLanguage":"fr-FR","potentialAction":[{"@type":"CommentAction","name":"Comment","target":["https:\/\/interamerica.org\/fr\/2020\/06\/au-salvador-des-familles-adventistes-deplacees-a-cause-de-la-tempete-tropicale-amanda-adra-se-prepare-a-une-premiere-intervention\/#respond"]}]},{"@type":"WebPage","@id":"https:\/\/interamerica.org\/fr\/2020\/06\/au-salvador-des-familles-adventistes-deplacees-a-cause-de-la-tempete-tropicale-amanda-adra-se-prepare-a-une-premiere-intervention\/","url":"https:\/\/interamerica.org\/fr\/2020\/06\/au-salvador-des-familles-adventistes-deplacees-a-cause-de-la-tempete-tropicale-amanda-adra-se-prepare-a-une-premiere-intervention\/","name":"Au Salvador, des familles adventistes d\u00e9plac\u00e9es \u00e0 cause de la temp\u00eate tropicale Amanda, ADRA se pr\u00e9pare \u00e0 une premi\u00e8re intervention - \u00c9glise Adventiste Du Septieme Jour - Inter Am\u00e9rique Division","isPartOf":{"@id":"https:\/\/interamerica.org\/fr\/#website"},"primaryImageOfPage":{"@id":"https:\/\/interamerica.org\/fr\/2020\/06\/au-salvador-des-familles-adventistes-deplacees-a-cause-de-la-tempete-tropicale-amanda-adra-se-prepare-a-une-premiere-intervention\/#primaryimage"},"image":{"@id":"https:\/\/interamerica.org\/fr\/2020\/06\/au-salvador-des-familles-adventistes-deplacees-a-cause-de-la-tempete-tropicale-amanda-adra-se-prepare-a-une-premiere-intervention\/#primaryimage"},"thumbnailUrl":"https:\/\/interamerica.org\/wp-content\/uploads\/2020\/06\/zulma-rodriguez-ciudad-delgado-corrected.jpg","datePublished":"2020-06-04T00:08:19+00:00","dateModified":"2020-06-04T14:56:59+00:00","author":{"@id":"https:\/\/interamerica.org\/fr\/#\/schema\/person\/29998f2bc2d8bd0d38662909289b54f1"},"breadcrumb":{"@id":"https:\/\/interamerica.org\/fr\/2020\/06\/au-salvador-des-familles-adventistes-deplacees-a-cause-de-la-tempete-tropicale-amanda-adra-se-prepare-a-une-premiere-intervention\/#breadcrumb"},"inLanguage":"fr-FR","potentialAction":[{"@type":"ReadAction","target":["https:\/\/interamerica.org\/fr\/2020\/06\/au-salvador-des-familles-adventistes-deplacees-a-cause-de-la-tempete-tropicale-amanda-adra-se-prepare-a-une-premiere-intervention\/"]}]},{"@type":"ImageObject","inLanguage":"fr-FR","@id":"https:\/\/interamerica.org\/fr\/2020\/06\/au-salvador-des-familles-adventistes-deplacees-a-cause-de-la-tempete-tropicale-amanda-adra-se-prepare-a-une-premiere-intervention\/#primaryimage","url":"https:\/\/interamerica.org\/wp-content\/uploads\/2020\/06\/zulma-rodriguez-ciudad-delgado-corrected.jpg","contentUrl":"https:\/\/interamerica.org\/wp-content\/uploads\/2020\/06\/zulma-rodriguez-ciudad-delgado-corrected.jpg","width":1000,"height":625},{"@type":"BreadcrumbList","@id":"https:\/\/interamerica.org\/fr\/2020\/06\/au-salvador-des-familles-adventistes-deplacees-a-cause-de-la-tempete-tropicale-amanda-adra-se-prepare-a-une-premiere-intervention\/#breadcrumb","itemListElement":[{"@type":"ListItem","position":1,"name":"Home","item":"https:\/\/interamerica.org\/fr\/"},{"@type":"ListItem","position":2,"name":"Au Salvador, des familles adventistes d\u00e9plac\u00e9es \u00e0 cause de la temp\u00eate tropicale Amanda, ADRA se pr\u00e9pare \u00e0 une premi\u00e8re intervention"}]},{"@type":"WebSite","@id":"https:\/\/interamerica.org\/fr\/#website","url":"https:\/\/interamerica.org\/fr\/","name":"\u00c9glise Adventiste Du Septieme Jour - Inter Am\u00e9rique Division","description":"","potentialAction":[{"@type":"SearchAction","target":{"@type":"EntryPoint","urlTemplate":"https:\/\/interamerica.org\/fr\/?s={search_term_string}"},"query-input":{"@type":"PropertyValueSpecification","valueRequired":true,"valueName":"search_term_string"}}],"inLanguage":"fr-FR"},{"@type":"Person","@id":"https:\/\/interamerica.org\/fr\/#\/schema\/person\/29998f2bc2d8bd0d38662909289b54f1","name":"libna","image":{"@type":"ImageObject","inLanguage":"fr-FR","@id":"https:\/\/secure.gravatar.com\/avatar\/7c5bd30ae4b47a9ba3c856590957fd1d96dc588bf3ac05719d247e126840331f?s=96&d=mm&r=g","url":"https:\/\/secure.gravatar.com\/avatar\/7c5bd30ae4b47a9ba3c856590957fd1d96dc588bf3ac05719d247e126840331f?s=96&d=mm&r=g","contentUrl":"https:\/\/secure.gravatar.com\/avatar\/7c5bd30ae4b47a9ba3c856590957fd1d96dc588bf3ac05719d247e126840331f?s=96&d=mm&r=g","caption":"libna"}}]}},"_links":{"self":[{"href":"https:\/\/interamerica.org\/fr\/wp-json\/wp\/v2\/posts\/59445","targetHints":{"allow":["GET"]}}],"collection":[{"href":"https:\/\/interamerica.org\/fr\/wp-json\/wp\/v2\/posts"}],"about":[{"href":"https:\/\/interamerica.org\/fr\/wp-json\/wp\/v2\/types\/post"}],"author":[{"embeddable":true,"href":"https:\/\/interamerica.org\/fr\/wp-json\/wp\/v2\/users\/3"}],"replies":[{"embeddable":true,"href":"https:\/\/interamerica.org\/fr\/wp-json\/wp\/v2\/comments?post=59445"}],"version-history":[{"count":0,"href":"https:\/\/interamerica.org\/fr\/wp-json\/wp\/v2\/posts\/59445\/revisions"}],"wp:featuredmedia":[{"embeddable":true,"href":"https:\/\/interamerica.org\/fr\/wp-json\/wp\/v2\/media\/59433"}],"wp:attachment":[{"href":"https:\/\/interamerica.org\/fr\/wp-json\/wp\/v2\/media?parent=59445"}],"wp:term":[{"taxonomy":"category","embeddable":true,"href":"https:\/\/interamerica.org\/fr\/wp-json\/wp\/v2\/categories?post=59445"},{"taxonomy":"post_tag","embeddable":true,"href":"https:\/\/interamerica.org\/fr\/wp-json\/wp\/v2\/tags?post=59445"}],"curies":[{"name":"wp","href":"https:\/\/api.w.org\/{rel}","templated":true}]}}