{"id":59557,"date":"2020-06-08T08:55:17","date_gmt":"2020-06-08T12:55:17","guid":{"rendered":"https:\/\/recursing-golick.147-182-135-0.plesk.page\/?p=59557"},"modified":"2020-06-10T12:49:20","modified_gmt":"2020-06-10T16:49:20","slug":"au-milieu-des-defis-de-ce-monde-dieu-nous-appelle-a-etre-ses-mains-et-ses-pieds-pour-apporter-la-guerison-et-lesperance-a-ceux-qui-nous-entourent","status":"publish","type":"post","link":"https:\/\/interamerica.org\/fr\/2020\/06\/au-milieu-des-defis-de-ce-monde-dieu-nous-appelle-a-etre-ses-mains-et-ses-pieds-pour-apporter-la-guerison-et-lesperance-a-ceux-qui-nous-entourent\/","title":{"rendered":"Malgr\u00e9 les d\u00e9fis,  soyons les mains et les pieds de Dieu pour apporter gu\u00e9rison et esp\u00e9rance"},"content":{"rendered":"<p><span class=\"byline-news\">6 Juin 2020 | Silver Spring, Maryland, \u00c9tats-Unis | Ted N.C. Wilson, pr\u00e9sident, Conf\u00e9rence G\u00e9n\u00e9rale des adventistes du septi\u00e8me jour<\/span><\/p>\n<p><span class=\"cap\">S<\/span>alutations \u00e0 chacun de vous. Cette semaine a \u00e9t\u00e9 tr\u00e8s difficile avec des situations de racisme et de pr\u00e9jug\u00e9s, et la souffrance caus\u00e9e par le COVID-19 partout dans le monde, les bouleversements \u00e9conomiques, le ch\u00f4mage et tant d\u2019autres difficult\u00e9s partout sur cette plan\u00e8te. Vous savez, dans tout cela, Dieu nous appelle \u00e0 \u00eatre Ses mains et Ses pieds pour apporter la gu\u00e9rison et l\u2019esp\u00e9rance \u00e0 ceux qui nous entourent. <a class=\"rtBibleRef\" href=\"https:\/\/biblia.com\/bible\/nkjv\/Micah%206.8\" target=\"_blank\" rel=\"noopener noreferrer\" data-reference=\"Micah 6.8\" data-version=\"nkjv\" data-purpose=\"bible-reference\">Mich\u00e9e 6:8<\/a> est l\u2019un de mes versets pr\u00e9f\u00e9r\u00e9s. Je le partage avec de nombreux dirigeants dans le monde lorsque je leur rends visite. C\u2019est un verset puissant qui dit : \u00ab On t\u2019a fait conna\u00eetre, \u00f4 homme, ce qui est bien; Et ce que l\u2019\u00c9ternel demande de toi, C\u2019est que tu pratiques la justice. . . \u00bb<\/p>\n<p>Faites ce qui est droit, pratiquez ce qui est juste. Mais vous savez quoi ? Nous ne faisons pas toujours ce qui est bien. Et donc le Seigneur dit ensuite, \u00ab d\u2019aimer la mis\u00e9ricorde. \u00bb Dieu nous fait mis\u00e9ricorde. Nous devons faire preuve de mis\u00e9ricorde envers les autres et les aider lorsqu\u2019ils sont dans le besoin, nous int\u00e9resser \u00e0 eux et les aider d\u2019une mani\u00e8re tr\u00e8s sp\u00e9ciale. Et puis le passage poursuit en disant, \u00ab de marcher humblement avec ton Dieu. \u00bb Quelle opportunit\u00e9 pour nous de proclamer Christ et de le servir avec humilit\u00e9. Accorder de la valeur \u00e0 chaque \u00eatre humain. Accorder de la valeur \u00e0 la dignit\u00e9 humaine, et amener Christ aux gens en \u00e9tant Ses mains et Ses pieds, en apportant la gu\u00e9rison et l\u2019esp\u00e9rance.<\/p>\n<p>Vous savez, l\u2019esp\u00e9rance est vraiment importante et on en a tellement besoin aujourd\u2019hui. Et au cours des derni\u00e8res semaines, pendant toute la pand\u00e9mie de coronavirus COVID-19, nous nous sommes concentr\u00e9s sur les Psaumes, et les deux derni\u00e8res semaines, sur Matthieu 24 &#8211; des passages apportant esp\u00e9rance et encouragement.<\/p>\n<p>Aujourd\u2019hui, je voudrais simplement me concentrer quelques instants sur Matthieu 24, et sur la derni\u00e8re partie \u2013 les versets 36 \u00e0 44. Et alors que nous consid\u00e9rons ce passage, il est dit : \u00ab Pour ce qui est du jour et de l&rsquo;heure, personne ne le sait, ni les anges des cieux, ni le Fils, mais le P\u00e8re seul. \u00bb Seul le P\u00e8re sait quand Christ reviendra, mais nous savons que c\u2019est pour bient\u00f4t.<\/p>\n<p>Et ensuite il est question des jours de No\u00e9, verset 37 et verset 38, les m\u00eames choses se produiront. Les gens profiteront de la vie et \u00ab mangeront et boiront, \u00bb et \u00ab se marieront et donneront en mariage, \u00bb verset 38, \u00ab et ils ne se dout\u00e8rent de rien, jusqu&rsquo;\u00e0 ce que le d\u00e9luge v\u00eent et les emport\u00e2t tous. \u00bb Ensuite, le texte parle d\u2019individus ou de personnes qui seront dans les champs \u2013 \u00ab deux hommes dans un champ, \u00bb \u00ab deux femmes qui moudront \u00e0 la meule, l&rsquo;une sera prise et l\u2019autre laiss\u00e9e, \u00bb ce qui signifie que chacun de nous doit \u00eatre pr\u00eat au moment o\u00f9 le Seigneur viendra, parce que nous ne savons pas quand viendra ce moment. Et ceux qui ne seront pas pr\u00eats demanderont que les rochers et les montagnes tombent sur eux. Et ils mourront. Mais ceux d\u2019entre nous qui attendent la venue prochaine du Christ, ceux qui ont pu proclamer l\u2019esp\u00e9rance et la gu\u00e9rison aux autres, l\u00e8veront les yeux et verront notre Seigneur venir, et nous serons vraiment enthousiasm\u00e9s !<\/p>\n<p>Le verset 42 dit : \u00ab Veillez donc, puisque vous ne savez pas quel jour votre Seigneur viendra. \u00bb Verset 44 \u2013 \u00ab C&rsquo;est pourquoi, vous aussi, tenez-vous pr\u00eats, car le Fils de l&rsquo;homme viendra \u00e0 l&rsquo;heure o\u00f9 vous n&rsquo;y penserez pas. \u00bb Quelle opportunit\u00e9 pour vous et moi d\u2019\u00eatre les mains et les pieds du Christ et d\u2019apporter la gu\u00e9rison et l\u2019esp\u00e9rance \u2013 l\u2019esp\u00e9rance en Christ &#8211; pas seulement pour l\u2019avenir, mais pour aujourd\u2019hui.<\/p>\n<p>Permettez-moi de partager avec vous une belle citation de l\u2019Esprit de Proph\u00e9tie, du livre \u00c9v\u00e8nements des Derniers Jours, page 151. C\u2019est un livre merveilleux. Si vous ne l\u2019avez pas, vous pouvez le trouver en ligne, \u00c9v\u00e8nements des Derniers Jours. Et, vous pouvez l\u2019acheter dans une librairie adventiste.<\/p>\n<p>C\u2019est un beau message qu\u2019on trouve ici \u2013 \u00ab Le dernier message de pardon qui sera donn\u00e9 au monde, c&rsquo;est la r\u00e9v\u00e9lation de son caract\u00e8re d&rsquo;amour. \u00bb Ces mains et ces pieds merveilleux de gu\u00e9rison et d\u2019esp\u00e9rance, le Saint-Esprit \u0153uvrant \u00e0 travers nous. \u00ab Les enfants de Dieu doivent manifester sa gloire. Par leur vie et leur caract\u00e8re, ils doivent r\u00e9v\u00e9ler ce que la gr\u00e2ce de Dieu a fait pour eux. \u00bb Quelle opportunit\u00e9 en ces temps tr\u00e8s troubl\u00e9s de montrer aux gens l\u2019amour de Christ dans tout ce que nous faisons.<\/p>\n<p>Laisse-moi prier avec vous. Notre P\u00e8re c\u00e9leste, nous Te remercions pour ce merveilleux encouragement, et l\u2019esp\u00e9rance que nous avons dans le prochain retour de J\u00e9sus, et la vie abondante que nous pouvons vivre ici sur cette terre alors que nous partageons avec les autres, de mani\u00e8re intelligente et attentionn\u00e9e, en \u00e9tant des mains et des pieds de gu\u00e9rison et d\u2019esp\u00e9rance. Et que l\u2019amour du Christ soit refl\u00e9t\u00e9 \u00e0 travers chacun de nous afin que les gens soient attir\u00e9s vers le Seigneur et connaissent les Messages des Trois Anges et le prochain retour de J\u00e9sus, alors que nous Le servons chaque jour, en aidant les autres \u00e0 suivre les traces du Christ. Nous te remercions de nous avoir entendus au nom de J\u00e9sus-Christ. Amen.<\/p>\n<p>Traduction: Patrick Luciathe<\/p>\n<p><iframe title=\"Weekly Pastor Wilson \/ 3Jun2020 \/ FRANCAIS\" src=\"https:\/\/player.vimeo.com\/video\/426299250?dnt=1&amp;app_id=122963\" width=\"500\" height=\"281\" frameborder=\"0\" allow=\"autoplay; fullscreen; picture-in-picture; clipboard-write\"><\/iframe><\/p>\n","protected":false},"excerpt":{"rendered":"<p>6 Juin 2020 | Silver Spring, Maryland, \u00c9tats-Unis | Ted N.C. Wilson, pr\u00e9sident, Conf\u00e9rence G\u00e9n\u00e9rale des adventistes du septi\u00e8me jour Salutations \u00e0 chacun de vous. Cette semaine a \u00e9t\u00e9 tr\u00e8s&#8230;<\/p>\n","protected":false},"author":3,"featured_media":59524,"comment_status":"open","ping_status":"closed","sticky":false,"template":"","format":"standard","meta":{"_acf_changed":false,"footnotes":""},"categories":[18,19],"tags":[],"class_list":["post-59557","post","type-post","status-publish","format-standard","has-post-thumbnail","hentry","category-nouvelles-de-leglise-mondiale","category-rss-francais"],"acf":[],"yoast_head":"<!-- This site is optimized with the Yoast SEO plugin v27.3 - https:\/\/yoast.com\/product\/yoast-seo-wordpress\/ -->\n<title>Malgr\u00e9 les d\u00e9fis, soyons les mains et les pieds de Dieu pour apporter gu\u00e9rison et esp\u00e9rance - \u00c9glise Adventiste Du Septieme Jour - Inter Am\u00e9rique Division<\/title>\n<meta name=\"robots\" content=\"index, follow, max-snippet:-1, max-image-preview:large, max-video-preview:-1\" \/>\n<link rel=\"canonical\" href=\"https:\/\/interamerica.org\/fr\/2020\/06\/au-milieu-des-defis-de-ce-monde-dieu-nous-appelle-a-etre-ses-mains-et-ses-pieds-pour-apporter-la-guerison-et-lesperance-a-ceux-qui-nous-entourent\/\" \/>\n<meta property=\"og:locale\" content=\"fr_FR\" \/>\n<meta property=\"og:type\" content=\"article\" \/>\n<meta property=\"og:title\" content=\"Malgr\u00e9 les d\u00e9fis, soyons les mains et les pieds de Dieu pour apporter gu\u00e9rison et esp\u00e9rance - \u00c9glise Adventiste Du Septieme Jour - Inter Am\u00e9rique Division\" \/>\n<meta property=\"og:description\" content=\"6 Juin 2020 | Silver Spring, Maryland, \u00c9tats-Unis | Ted N.C. Wilson, pr\u00e9sident, Conf\u00e9rence G\u00e9n\u00e9rale des adventistes du septi\u00e8me jour Salutations \u00e0 chacun de vous. Cette semaine a \u00e9t\u00e9 tr\u00e8s...\" \/>\n<meta property=\"og:url\" content=\"https:\/\/interamerica.org\/fr\/2020\/06\/au-milieu-des-defis-de-ce-monde-dieu-nous-appelle-a-etre-ses-mains-et-ses-pieds-pour-apporter-la-guerison-et-lesperance-a-ceux-qui-nous-entourent\/\" \/>\n<meta property=\"og:site_name\" content=\"\u00c9glise Adventiste Du Septieme Jour - Inter Am\u00e9rique Division\" \/>\n<meta property=\"article:published_time\" content=\"2020-06-08T12:55:17+00:00\" \/>\n<meta property=\"article:modified_time\" content=\"2020-06-10T16:49:20+00:00\" \/>\n<meta property=\"og:image\" content=\"https:\/\/interamerica.org\/wp-content\/uploads\/2020\/06\/wilson12.jpg\" \/>\n\t<meta property=\"og:image:width\" content=\"1000\" \/>\n\t<meta property=\"og:image:height\" content=\"500\" \/>\n\t<meta property=\"og:image:type\" content=\"image\/jpeg\" \/>\n<meta name=\"author\" content=\"libna\" \/>\n<meta name=\"twitter:card\" content=\"summary_large_image\" \/>\n<meta name=\"twitter:label1\" content=\"\u00c9crit par\" \/>\n\t<meta name=\"twitter:data1\" content=\"libna\" \/>\n\t<meta name=\"twitter:label2\" content=\"Dur\u00e9e de lecture estim\u00e9e\" \/>\n\t<meta name=\"twitter:data2\" content=\"5 minutes\" \/>\n<script type=\"application\/ld+json\" class=\"yoast-schema-graph\">{\"@context\":\"https:\\\/\\\/schema.org\",\"@graph\":[{\"@type\":\"Article\",\"@id\":\"https:\\\/\\\/interamerica.org\\\/fr\\\/2020\\\/06\\\/au-milieu-des-defis-de-ce-monde-dieu-nous-appelle-a-etre-ses-mains-et-ses-pieds-pour-apporter-la-guerison-et-lesperance-a-ceux-qui-nous-entourent\\\/#article\",\"isPartOf\":{\"@id\":\"https:\\\/\\\/interamerica.org\\\/fr\\\/2020\\\/06\\\/au-milieu-des-defis-de-ce-monde-dieu-nous-appelle-a-etre-ses-mains-et-ses-pieds-pour-apporter-la-guerison-et-lesperance-a-ceux-qui-nous-entourent\\\/\"},\"author\":{\"name\":\"libna\",\"@id\":\"https:\\\/\\\/interamerica.org\\\/fr\\\/#\\\/schema\\\/person\\\/29998f2bc2d8bd0d38662909289b54f1\"},\"headline\":\"Malgr\u00e9 les d\u00e9fis, soyons les mains et les pieds de Dieu pour apporter gu\u00e9rison et esp\u00e9rance\",\"datePublished\":\"2020-06-08T12:55:17+00:00\",\"dateModified\":\"2020-06-10T16:49:20+00:00\",\"mainEntityOfPage\":{\"@id\":\"https:\\\/\\\/interamerica.org\\\/fr\\\/2020\\\/06\\\/au-milieu-des-defis-de-ce-monde-dieu-nous-appelle-a-etre-ses-mains-et-ses-pieds-pour-apporter-la-guerison-et-lesperance-a-ceux-qui-nous-entourent\\\/\"},\"wordCount\":1000,\"commentCount\":0,\"image\":{\"@id\":\"https:\\\/\\\/interamerica.org\\\/fr\\\/2020\\\/06\\\/au-milieu-des-defis-de-ce-monde-dieu-nous-appelle-a-etre-ses-mains-et-ses-pieds-pour-apporter-la-guerison-et-lesperance-a-ceux-qui-nous-entourent\\\/#primaryimage\"},\"thumbnailUrl\":\"https:\\\/\\\/interamerica.org\\\/wp-content\\\/uploads\\\/2020\\\/06\\\/wilson12.jpg\",\"articleSection\":[\"Nouvelles de l'\u00c9glise mondiale\",\"RSS Fran\u00e7ais\"],\"inLanguage\":\"fr-FR\",\"potentialAction\":[{\"@type\":\"CommentAction\",\"name\":\"Comment\",\"target\":[\"https:\\\/\\\/interamerica.org\\\/fr\\\/2020\\\/06\\\/au-milieu-des-defis-de-ce-monde-dieu-nous-appelle-a-etre-ses-mains-et-ses-pieds-pour-apporter-la-guerison-et-lesperance-a-ceux-qui-nous-entourent\\\/#respond\"]}]},{\"@type\":\"WebPage\",\"@id\":\"https:\\\/\\\/interamerica.org\\\/fr\\\/2020\\\/06\\\/au-milieu-des-defis-de-ce-monde-dieu-nous-appelle-a-etre-ses-mains-et-ses-pieds-pour-apporter-la-guerison-et-lesperance-a-ceux-qui-nous-entourent\\\/\",\"url\":\"https:\\\/\\\/interamerica.org\\\/fr\\\/2020\\\/06\\\/au-milieu-des-defis-de-ce-monde-dieu-nous-appelle-a-etre-ses-mains-et-ses-pieds-pour-apporter-la-guerison-et-lesperance-a-ceux-qui-nous-entourent\\\/\",\"name\":\"Malgr\u00e9 les d\u00e9fis, soyons les mains et les pieds de Dieu pour apporter gu\u00e9rison et esp\u00e9rance - \u00c9glise Adventiste Du Septieme Jour - Inter Am\u00e9rique Division\",\"isPartOf\":{\"@id\":\"https:\\\/\\\/interamerica.org\\\/fr\\\/#website\"},\"primaryImageOfPage\":{\"@id\":\"https:\\\/\\\/interamerica.org\\\/fr\\\/2020\\\/06\\\/au-milieu-des-defis-de-ce-monde-dieu-nous-appelle-a-etre-ses-mains-et-ses-pieds-pour-apporter-la-guerison-et-lesperance-a-ceux-qui-nous-entourent\\\/#primaryimage\"},\"image\":{\"@id\":\"https:\\\/\\\/interamerica.org\\\/fr\\\/2020\\\/06\\\/au-milieu-des-defis-de-ce-monde-dieu-nous-appelle-a-etre-ses-mains-et-ses-pieds-pour-apporter-la-guerison-et-lesperance-a-ceux-qui-nous-entourent\\\/#primaryimage\"},\"thumbnailUrl\":\"https:\\\/\\\/interamerica.org\\\/wp-content\\\/uploads\\\/2020\\\/06\\\/wilson12.jpg\",\"datePublished\":\"2020-06-08T12:55:17+00:00\",\"dateModified\":\"2020-06-10T16:49:20+00:00\",\"author\":{\"@id\":\"https:\\\/\\\/interamerica.org\\\/fr\\\/#\\\/schema\\\/person\\\/29998f2bc2d8bd0d38662909289b54f1\"},\"breadcrumb\":{\"@id\":\"https:\\\/\\\/interamerica.org\\\/fr\\\/2020\\\/06\\\/au-milieu-des-defis-de-ce-monde-dieu-nous-appelle-a-etre-ses-mains-et-ses-pieds-pour-apporter-la-guerison-et-lesperance-a-ceux-qui-nous-entourent\\\/#breadcrumb\"},\"inLanguage\":\"fr-FR\",\"potentialAction\":[{\"@type\":\"ReadAction\",\"target\":[\"https:\\\/\\\/interamerica.org\\\/fr\\\/2020\\\/06\\\/au-milieu-des-defis-de-ce-monde-dieu-nous-appelle-a-etre-ses-mains-et-ses-pieds-pour-apporter-la-guerison-et-lesperance-a-ceux-qui-nous-entourent\\\/\"]}]},{\"@type\":\"ImageObject\",\"inLanguage\":\"fr-FR\",\"@id\":\"https:\\\/\\\/interamerica.org\\\/fr\\\/2020\\\/06\\\/au-milieu-des-defis-de-ce-monde-dieu-nous-appelle-a-etre-ses-mains-et-ses-pieds-pour-apporter-la-guerison-et-lesperance-a-ceux-qui-nous-entourent\\\/#primaryimage\",\"url\":\"https:\\\/\\\/interamerica.org\\\/wp-content\\\/uploads\\\/2020\\\/06\\\/wilson12.jpg\",\"contentUrl\":\"https:\\\/\\\/interamerica.org\\\/wp-content\\\/uploads\\\/2020\\\/06\\\/wilson12.jpg\",\"width\":1000,\"height\":500},{\"@type\":\"BreadcrumbList\",\"@id\":\"https:\\\/\\\/interamerica.org\\\/fr\\\/2020\\\/06\\\/au-milieu-des-defis-de-ce-monde-dieu-nous-appelle-a-etre-ses-mains-et-ses-pieds-pour-apporter-la-guerison-et-lesperance-a-ceux-qui-nous-entourent\\\/#breadcrumb\",\"itemListElement\":[{\"@type\":\"ListItem\",\"position\":1,\"name\":\"Home\",\"item\":\"https:\\\/\\\/interamerica.org\\\/fr\\\/\"},{\"@type\":\"ListItem\",\"position\":2,\"name\":\"Malgr\u00e9 les d\u00e9fis, soyons les mains et les pieds de Dieu pour apporter gu\u00e9rison et esp\u00e9rance\"}]},{\"@type\":\"WebSite\",\"@id\":\"https:\\\/\\\/interamerica.org\\\/fr\\\/#website\",\"url\":\"https:\\\/\\\/interamerica.org\\\/fr\\\/\",\"name\":\"\u00c9glise Adventiste Du Septieme Jour - Inter Am\u00e9rique Division\",\"description\":\"\",\"potentialAction\":[{\"@type\":\"SearchAction\",\"target\":{\"@type\":\"EntryPoint\",\"urlTemplate\":\"https:\\\/\\\/interamerica.org\\\/fr\\\/?s={search_term_string}\"},\"query-input\":{\"@type\":\"PropertyValueSpecification\",\"valueRequired\":true,\"valueName\":\"search_term_string\"}}],\"inLanguage\":\"fr-FR\"},{\"@type\":\"Person\",\"@id\":\"https:\\\/\\\/interamerica.org\\\/fr\\\/#\\\/schema\\\/person\\\/29998f2bc2d8bd0d38662909289b54f1\",\"name\":\"libna\",\"image\":{\"@type\":\"ImageObject\",\"inLanguage\":\"fr-FR\",\"@id\":\"https:\\\/\\\/secure.gravatar.com\\\/avatar\\\/7c5bd30ae4b47a9ba3c856590957fd1d96dc588bf3ac05719d247e126840331f?s=96&d=mm&r=g\",\"url\":\"https:\\\/\\\/secure.gravatar.com\\\/avatar\\\/7c5bd30ae4b47a9ba3c856590957fd1d96dc588bf3ac05719d247e126840331f?s=96&d=mm&r=g\",\"contentUrl\":\"https:\\\/\\\/secure.gravatar.com\\\/avatar\\\/7c5bd30ae4b47a9ba3c856590957fd1d96dc588bf3ac05719d247e126840331f?s=96&d=mm&r=g\",\"caption\":\"libna\"}}]}<\/script>\n<!-- \/ Yoast SEO plugin. -->","yoast_head_json":{"title":"Malgr\u00e9 les d\u00e9fis, soyons les mains et les pieds de Dieu pour apporter gu\u00e9rison et esp\u00e9rance - \u00c9glise Adventiste Du Septieme Jour - Inter Am\u00e9rique Division","robots":{"index":"index","follow":"follow","max-snippet":"max-snippet:-1","max-image-preview":"max-image-preview:large","max-video-preview":"max-video-preview:-1"},"canonical":"https:\/\/interamerica.org\/fr\/2020\/06\/au-milieu-des-defis-de-ce-monde-dieu-nous-appelle-a-etre-ses-mains-et-ses-pieds-pour-apporter-la-guerison-et-lesperance-a-ceux-qui-nous-entourent\/","og_locale":"fr_FR","og_type":"article","og_title":"Malgr\u00e9 les d\u00e9fis, soyons les mains et les pieds de Dieu pour apporter gu\u00e9rison et esp\u00e9rance - \u00c9glise Adventiste Du Septieme Jour - Inter Am\u00e9rique Division","og_description":"6 Juin 2020 | Silver Spring, Maryland, \u00c9tats-Unis | Ted N.C. Wilson, pr\u00e9sident, Conf\u00e9rence G\u00e9n\u00e9rale des adventistes du septi\u00e8me jour Salutations \u00e0 chacun de vous. Cette semaine a \u00e9t\u00e9 tr\u00e8s...","og_url":"https:\/\/interamerica.org\/fr\/2020\/06\/au-milieu-des-defis-de-ce-monde-dieu-nous-appelle-a-etre-ses-mains-et-ses-pieds-pour-apporter-la-guerison-et-lesperance-a-ceux-qui-nous-entourent\/","og_site_name":"\u00c9glise Adventiste Du Septieme Jour - Inter Am\u00e9rique Division","article_published_time":"2020-06-08T12:55:17+00:00","article_modified_time":"2020-06-10T16:49:20+00:00","og_image":[{"width":1000,"height":500,"url":"https:\/\/interamerica.org\/wp-content\/uploads\/2020\/06\/wilson12.jpg","type":"image\/jpeg"}],"author":"libna","twitter_card":"summary_large_image","twitter_misc":{"\u00c9crit par":"libna","Dur\u00e9e de lecture estim\u00e9e":"5 minutes"},"schema":{"@context":"https:\/\/schema.org","@graph":[{"@type":"Article","@id":"https:\/\/interamerica.org\/fr\/2020\/06\/au-milieu-des-defis-de-ce-monde-dieu-nous-appelle-a-etre-ses-mains-et-ses-pieds-pour-apporter-la-guerison-et-lesperance-a-ceux-qui-nous-entourent\/#article","isPartOf":{"@id":"https:\/\/interamerica.org\/fr\/2020\/06\/au-milieu-des-defis-de-ce-monde-dieu-nous-appelle-a-etre-ses-mains-et-ses-pieds-pour-apporter-la-guerison-et-lesperance-a-ceux-qui-nous-entourent\/"},"author":{"name":"libna","@id":"https:\/\/interamerica.org\/fr\/#\/schema\/person\/29998f2bc2d8bd0d38662909289b54f1"},"headline":"Malgr\u00e9 les d\u00e9fis, soyons les mains et les pieds de Dieu pour apporter gu\u00e9rison et esp\u00e9rance","datePublished":"2020-06-08T12:55:17+00:00","dateModified":"2020-06-10T16:49:20+00:00","mainEntityOfPage":{"@id":"https:\/\/interamerica.org\/fr\/2020\/06\/au-milieu-des-defis-de-ce-monde-dieu-nous-appelle-a-etre-ses-mains-et-ses-pieds-pour-apporter-la-guerison-et-lesperance-a-ceux-qui-nous-entourent\/"},"wordCount":1000,"commentCount":0,"image":{"@id":"https:\/\/interamerica.org\/fr\/2020\/06\/au-milieu-des-defis-de-ce-monde-dieu-nous-appelle-a-etre-ses-mains-et-ses-pieds-pour-apporter-la-guerison-et-lesperance-a-ceux-qui-nous-entourent\/#primaryimage"},"thumbnailUrl":"https:\/\/interamerica.org\/wp-content\/uploads\/2020\/06\/wilson12.jpg","articleSection":["Nouvelles de l'\u00c9glise mondiale","RSS Fran\u00e7ais"],"inLanguage":"fr-FR","potentialAction":[{"@type":"CommentAction","name":"Comment","target":["https:\/\/interamerica.org\/fr\/2020\/06\/au-milieu-des-defis-de-ce-monde-dieu-nous-appelle-a-etre-ses-mains-et-ses-pieds-pour-apporter-la-guerison-et-lesperance-a-ceux-qui-nous-entourent\/#respond"]}]},{"@type":"WebPage","@id":"https:\/\/interamerica.org\/fr\/2020\/06\/au-milieu-des-defis-de-ce-monde-dieu-nous-appelle-a-etre-ses-mains-et-ses-pieds-pour-apporter-la-guerison-et-lesperance-a-ceux-qui-nous-entourent\/","url":"https:\/\/interamerica.org\/fr\/2020\/06\/au-milieu-des-defis-de-ce-monde-dieu-nous-appelle-a-etre-ses-mains-et-ses-pieds-pour-apporter-la-guerison-et-lesperance-a-ceux-qui-nous-entourent\/","name":"Malgr\u00e9 les d\u00e9fis, soyons les mains et les pieds de Dieu pour apporter gu\u00e9rison et esp\u00e9rance - \u00c9glise Adventiste Du Septieme Jour - Inter Am\u00e9rique Division","isPartOf":{"@id":"https:\/\/interamerica.org\/fr\/#website"},"primaryImageOfPage":{"@id":"https:\/\/interamerica.org\/fr\/2020\/06\/au-milieu-des-defis-de-ce-monde-dieu-nous-appelle-a-etre-ses-mains-et-ses-pieds-pour-apporter-la-guerison-et-lesperance-a-ceux-qui-nous-entourent\/#primaryimage"},"image":{"@id":"https:\/\/interamerica.org\/fr\/2020\/06\/au-milieu-des-defis-de-ce-monde-dieu-nous-appelle-a-etre-ses-mains-et-ses-pieds-pour-apporter-la-guerison-et-lesperance-a-ceux-qui-nous-entourent\/#primaryimage"},"thumbnailUrl":"https:\/\/interamerica.org\/wp-content\/uploads\/2020\/06\/wilson12.jpg","datePublished":"2020-06-08T12:55:17+00:00","dateModified":"2020-06-10T16:49:20+00:00","author":{"@id":"https:\/\/interamerica.org\/fr\/#\/schema\/person\/29998f2bc2d8bd0d38662909289b54f1"},"breadcrumb":{"@id":"https:\/\/interamerica.org\/fr\/2020\/06\/au-milieu-des-defis-de-ce-monde-dieu-nous-appelle-a-etre-ses-mains-et-ses-pieds-pour-apporter-la-guerison-et-lesperance-a-ceux-qui-nous-entourent\/#breadcrumb"},"inLanguage":"fr-FR","potentialAction":[{"@type":"ReadAction","target":["https:\/\/interamerica.org\/fr\/2020\/06\/au-milieu-des-defis-de-ce-monde-dieu-nous-appelle-a-etre-ses-mains-et-ses-pieds-pour-apporter-la-guerison-et-lesperance-a-ceux-qui-nous-entourent\/"]}]},{"@type":"ImageObject","inLanguage":"fr-FR","@id":"https:\/\/interamerica.org\/fr\/2020\/06\/au-milieu-des-defis-de-ce-monde-dieu-nous-appelle-a-etre-ses-mains-et-ses-pieds-pour-apporter-la-guerison-et-lesperance-a-ceux-qui-nous-entourent\/#primaryimage","url":"https:\/\/interamerica.org\/wp-content\/uploads\/2020\/06\/wilson12.jpg","contentUrl":"https:\/\/interamerica.org\/wp-content\/uploads\/2020\/06\/wilson12.jpg","width":1000,"height":500},{"@type":"BreadcrumbList","@id":"https:\/\/interamerica.org\/fr\/2020\/06\/au-milieu-des-defis-de-ce-monde-dieu-nous-appelle-a-etre-ses-mains-et-ses-pieds-pour-apporter-la-guerison-et-lesperance-a-ceux-qui-nous-entourent\/#breadcrumb","itemListElement":[{"@type":"ListItem","position":1,"name":"Home","item":"https:\/\/interamerica.org\/fr\/"},{"@type":"ListItem","position":2,"name":"Malgr\u00e9 les d\u00e9fis, soyons les mains et les pieds de Dieu pour apporter gu\u00e9rison et esp\u00e9rance"}]},{"@type":"WebSite","@id":"https:\/\/interamerica.org\/fr\/#website","url":"https:\/\/interamerica.org\/fr\/","name":"\u00c9glise Adventiste Du Septieme Jour - Inter Am\u00e9rique Division","description":"","potentialAction":[{"@type":"SearchAction","target":{"@type":"EntryPoint","urlTemplate":"https:\/\/interamerica.org\/fr\/?s={search_term_string}"},"query-input":{"@type":"PropertyValueSpecification","valueRequired":true,"valueName":"search_term_string"}}],"inLanguage":"fr-FR"},{"@type":"Person","@id":"https:\/\/interamerica.org\/fr\/#\/schema\/person\/29998f2bc2d8bd0d38662909289b54f1","name":"libna","image":{"@type":"ImageObject","inLanguage":"fr-FR","@id":"https:\/\/secure.gravatar.com\/avatar\/7c5bd30ae4b47a9ba3c856590957fd1d96dc588bf3ac05719d247e126840331f?s=96&d=mm&r=g","url":"https:\/\/secure.gravatar.com\/avatar\/7c5bd30ae4b47a9ba3c856590957fd1d96dc588bf3ac05719d247e126840331f?s=96&d=mm&r=g","contentUrl":"https:\/\/secure.gravatar.com\/avatar\/7c5bd30ae4b47a9ba3c856590957fd1d96dc588bf3ac05719d247e126840331f?s=96&d=mm&r=g","caption":"libna"}}]}},"_links":{"self":[{"href":"https:\/\/interamerica.org\/fr\/wp-json\/wp\/v2\/posts\/59557","targetHints":{"allow":["GET"]}}],"collection":[{"href":"https:\/\/interamerica.org\/fr\/wp-json\/wp\/v2\/posts"}],"about":[{"href":"https:\/\/interamerica.org\/fr\/wp-json\/wp\/v2\/types\/post"}],"author":[{"embeddable":true,"href":"https:\/\/interamerica.org\/fr\/wp-json\/wp\/v2\/users\/3"}],"replies":[{"embeddable":true,"href":"https:\/\/interamerica.org\/fr\/wp-json\/wp\/v2\/comments?post=59557"}],"version-history":[{"count":0,"href":"https:\/\/interamerica.org\/fr\/wp-json\/wp\/v2\/posts\/59557\/revisions"}],"wp:featuredmedia":[{"embeddable":true,"href":"https:\/\/interamerica.org\/fr\/wp-json\/wp\/v2\/media\/59524"}],"wp:attachment":[{"href":"https:\/\/interamerica.org\/fr\/wp-json\/wp\/v2\/media?parent=59557"}],"wp:term":[{"taxonomy":"category","embeddable":true,"href":"https:\/\/interamerica.org\/fr\/wp-json\/wp\/v2\/categories?post=59557"},{"taxonomy":"post_tag","embeddable":true,"href":"https:\/\/interamerica.org\/fr\/wp-json\/wp\/v2\/tags?post=59557"}],"curies":[{"name":"wp","href":"https:\/\/api.w.org\/{rel}","templated":true}]}}