{"id":59561,"date":"2020-06-07T09:16:28","date_gmt":"2020-06-07T13:16:28","guid":{"rendered":"https:\/\/recursing-golick.147-182-135-0.plesk.page\/?p=59561"},"modified":"2020-06-09T11:06:20","modified_gmt":"2020-06-09T15:06:20","slug":"les-tomates-cuites-pourraient-reduire-les-risques-de-cancer-de-la-prostate","status":"publish","type":"post","link":"https:\/\/interamerica.org\/fr\/2020\/06\/les-tomates-cuites-pourraient-reduire-les-risques-de-cancer-de-la-prostate\/","title":{"rendered":"Les tomates cuites pourraient r\u00e9duire les risques de cancer de la prostate."},"content":{"rendered":"<p><span class=\"byline-news\"><span lang=\"FR-CA\">Le 6 juin 2020 | Loma Linda, Californie, \u00c9tats-Unis | Larry Becker, d\u00e9partement de nouvelles de <i>Loma Linda University Health<\/i><\/span><\/span><\/p>\n<p><span class=\"cap\"><span lang=\"FR-CA\">D\u2019apr\u00e8s une <a href=\"https:\/\/pubmed.ncbi.nlm.nih.gov\/32100191\/\">\u00e9tude<\/a> r\u00e9cente men\u00e9e par des chercheurs de <i>Loma Linda University Health<\/i>, les tomates cuites pourraient r\u00e9duire le risque de cancer de la prostate. En effet, l\u2019\u00e9tude <\/span><\/span><i><span lang=\"FR-CA\">Tomato Consumption and Intake of Lycopene as Predictors of the Incidence of Prostate Cancer: The Adventist Health Study-2<\/span><\/i><span lang=\"FR-CA\"> (\u00ab\u00a0Consommation de tomates et apport en lycop\u00e8ne comme pr\u00e9dicateurs d\u2019incidence de cancer de la prostate\u00a0: deuxi\u00e8me \u00e9tude sur la sant\u00e9 des adventistes\u00a0\u00bb) publi\u00e9e le 25 f\u00e9vrier dernier dans le <i>Cancer Causes and Control<\/i>, a r\u00e9v\u00e9l\u00e9 que les hommes qui consommaient des tomates cuites et en conserve cinq \u00e0 six fois par semaine voyaient leur risque de cancer de la prostate diminuer de 28\u00a0% par rapport aux hommes qui n\u2019en consommaient jamais.<\/span><\/p>\n<p><span lang=\"FR-CA\">Selon Gary Fraser, auteur principal de l\u2019article, l\u2019effet \u00e9tait toujours consid\u00e9rable, m\u00eame apr\u00e8s l\u2019ajustement d\u2019un nombre de facteurs potentiels de confusion, comme l\u2019ethnicit\u00e9, l\u2019\u00e9ducation, l\u2019ob\u00e9sit\u00e9, le niveau d\u2019exercice et la consommation d\u2019alcool.<\/span><\/p>\n<p><span lang=\"FR-CA\">\u00ab\u00a0De mani\u00e8re int\u00e9ressante, la diminution du risque n\u2019a \u00e9t\u00e9 observ\u00e9e que chez les hommes qui ont mang\u00e9 des tomates cuites et en conserve\u00a0\u00bb, a-t-il rapport\u00e9.<\/span><\/p>\n<p><span lang=\"FR-CA\">Pour examiner comment la consommation de tomates pourrait freiner le d\u00e9veloppement du cancer de la prostate, les scientifiques ont cherch\u00e9 des liens consid\u00e9rables entre l\u2019alimentation et le cancer de la prostate chez pr\u00e8s de 28\u00a0000\u00a0hommes adventistes des \u00c9tats-Unis.<\/span><\/p>\n<p><span lang=\"FR-CA\">Tous les participants \u00e0 l\u2019<i>Adventist Health Study <\/i>ont accept\u00e9 de remplir des questionnaires de fr\u00e9quence alimentaire, rapportant ainsi le nombre moyen de fois par semaine o\u00f9 ils consommaient quelque 200\u00a0aliments et boissons en plus de la taille de chaque portion. Apr\u00e8s avoir suivi les participants de l\u2019\u00e9tude (aucun n\u2019avait le cancer au d\u00e9but du projet) pendant pr\u00e8s de huit ans, 1\u00a0226 d\u2019entre eux avaient re\u00e7u un diagnostic de cancer de la prostate, dont 355 \u00e9taient des cas agressifs.<\/span><\/p>\n<p><span class=\"cap\"><span lang=\"FR-CA\">Bien que toutes les tomates et tous les produits \u00e0 base de tomate contiennent du lycop\u00e8ne, d\u2019autres \u00e9tudes ont montr\u00e9 que les diff\u00e9rents produits ne permettent pas tous le m\u00eame taux d\u2019absorption du lycop\u00e8ne. La biodisponibilit\u00e9 du lycop\u00e8ne est plus \u00e9lev\u00e9e lorsque les tomates ont \u00e9t\u00e9 chauff\u00e9es ou cuites, surtout si elles ont \u00e9t\u00e9 cuites avec de l\u2019huile, car ce type de transformation des tomates contribue \u00e0 la s\u00e9paration du lycop\u00e8ne des prot\u00e9ines porteuses.<\/span><\/span><\/p>\n<p><span class=\"cap\"><span lang=\"FR-CA\">Cette \u00e9tude sugg\u00e8re donc que ce sont particuli\u00e8rement les tomates cuites qui joueraient un r\u00f4le consid\u00e9rable dans la r\u00e9duction des risques de d\u00e9veloppement d\u2019un cancer de la prostate. Et leur contenu en lycop\u00e8ne pourrait constituer le principe actif.<\/span><\/span><\/p>\n<p><span class=\"cap\"><span lang=\"FR-CA\">Le cancer de la prostate est le deuxi\u00e8me cancer en incidence au monde. Aux \u00c9tats-Unis et en 2018 seulement, il y a eu une estimation de 165\u00a0000\u00a0nouveaux cas et pr\u00e8s de 30\u00a0000\u00a0d\u00e9c\u00e8s. Depuis 1989, une \u00e9quipe de recherche de <i>Loma Linda University Health<\/i> a examin\u00e9 bon nombre d\u2019habitudes alimentaires pour voir lesquelles sont prometteuses dans la pr\u00e9vention de maladies chroniques comme les maladies cardiaques et le cancer. Des recherches ant\u00e9rieures de l\u2019<i>Adventist Health Study<\/i> et plusieurs autres projets men\u00e9s \u00e0 l\u2019international sugg\u00e8rent un lien entre la forte consommation de lycop\u00e8ne et la r\u00e9duction des risques de cancer de la prostate. Les tomates et les produits \u00e0 base de tomate sont particuli\u00e8rement int\u00e9ressants, car ils constituent des sources majeures de lycop\u00e8ne, un carot\u00e9no\u00efde.<\/span><\/span><\/p>\n<p><span class=\"cap\"><span lang=\"FR-CA\">Le Dr Fraser, professeur de m\u00e9decine et d\u2019\u00e9pid\u00e9miologie \u00e0 l\u2019Universit\u00e9 de Loma Linda, a ajout\u00e9 que les chercheurs continueront d\u2019observer les diff\u00e9rents produits \u00e0 base de tomate et leur potentiel \u00e0 r\u00e9duire les risques de cancer de la prostate. \u00ab\u00a0Toujours est-il que les hommes qui s\u2019inqui\u00e8tent du cancer de la prostate pourraient consid\u00e9rer l\u2019ajout de tomates cuites et en conserve \u00e0 leur alimentation r\u00e9guli\u00e8re.\u00a0\u00bb<\/span><\/span><\/p>\n<p><i><span lang=\"FR-CA\">La <\/span><\/i><a href=\"https:\/\/news.llu.edu\/research\/canned-cooked-tomatoes-can-reduce-risk-of-prostate-cancer\"><i><span lang=\"FR-CA\">version originale<\/span><\/i><\/a><i><span lang=\"FR-CA\"> de cet article a \u00e9t\u00e9 publi\u00e9e sur le <\/span><\/i><a href=\"https:\/\/news.llu.edu\/\"><i><span lang=\"FR-CA\">site de nouvelles<\/span><\/i><\/a><i><span lang=\"FR-CA\"> de<\/span><\/i><span lang=\"FR-CA\"> Loma Linda University Health.<\/span><\/p>\n<p>Traduction : Marie-Mich\u00e8le Robitaille<\/p>\n","protected":false},"excerpt":{"rendered":"<p>Le 6 juin 2020 | Loma Linda, Californie, \u00c9tats-Unis | Larry Becker, d\u00e9partement de nouvelles de Loma Linda University Health D\u2019apr\u00e8s une \u00e9tude r\u00e9cente men\u00e9e par des chercheurs de Loma&#8230;<\/p>\n","protected":false},"author":3,"featured_media":59500,"comment_status":"open","ping_status":"closed","sticky":false,"template":"","format":"standard","meta":{"_acf_changed":false,"footnotes":""},"categories":[18,19],"tags":[],"class_list":["post-59561","post","type-post","status-publish","format-standard","has-post-thumbnail","hentry","category-nouvelles-de-leglise-mondiale","category-rss-francais"],"acf":[],"yoast_head":"<!-- This site is optimized with the Yoast SEO plugin v27.3 - https:\/\/yoast.com\/product\/yoast-seo-wordpress\/ -->\n<title>Les tomates cuites pourraient r\u00e9duire les risques de cancer de la prostate. - \u00c9glise Adventiste Du Septieme Jour - Inter Am\u00e9rique Division<\/title>\n<meta name=\"robots\" content=\"index, follow, max-snippet:-1, max-image-preview:large, max-video-preview:-1\" \/>\n<link rel=\"canonical\" href=\"https:\/\/interamerica.org\/fr\/2020\/06\/les-tomates-cuites-pourraient-reduire-les-risques-de-cancer-de-la-prostate\/\" \/>\n<meta property=\"og:locale\" content=\"fr_FR\" \/>\n<meta property=\"og:type\" content=\"article\" \/>\n<meta property=\"og:title\" content=\"Les tomates cuites pourraient r\u00e9duire les risques de cancer de la prostate. - \u00c9glise Adventiste Du Septieme Jour - Inter Am\u00e9rique Division\" \/>\n<meta property=\"og:description\" content=\"Le 6 juin 2020 | Loma Linda, Californie, \u00c9tats-Unis | Larry Becker, d\u00e9partement de nouvelles de Loma Linda University Health D\u2019apr\u00e8s une \u00e9tude r\u00e9cente men\u00e9e par des chercheurs de Loma...\" \/>\n<meta property=\"og:url\" content=\"https:\/\/interamerica.org\/fr\/2020\/06\/les-tomates-cuites-pourraient-reduire-les-risques-de-cancer-de-la-prostate\/\" \/>\n<meta property=\"og:site_name\" content=\"\u00c9glise Adventiste Du Septieme Jour - Inter Am\u00e9rique Division\" \/>\n<meta property=\"article:published_time\" content=\"2020-06-07T13:16:28+00:00\" \/>\n<meta property=\"article:modified_time\" content=\"2020-06-09T15:06:20+00:00\" \/>\n<meta property=\"og:image\" content=\"https:\/\/interamerica.org\/wp-content\/uploads\/2020\/06\/tomatoes-1239176-1920-pixabay.jpg\" \/>\n\t<meta property=\"og:image:width\" content=\"1280\" \/>\n\t<meta property=\"og:image:height\" content=\"800\" \/>\n\t<meta property=\"og:image:type\" content=\"image\/jpeg\" \/>\n<meta name=\"author\" content=\"libna\" \/>\n<meta name=\"twitter:card\" content=\"summary_large_image\" \/>\n<meta name=\"twitter:label1\" content=\"\u00c9crit par\" \/>\n\t<meta name=\"twitter:data1\" content=\"libna\" \/>\n\t<meta name=\"twitter:label2\" content=\"Dur\u00e9e de lecture estim\u00e9e\" \/>\n\t<meta name=\"twitter:data2\" content=\"4 minutes\" \/>\n<script type=\"application\/ld+json\" class=\"yoast-schema-graph\">{\"@context\":\"https:\\\/\\\/schema.org\",\"@graph\":[{\"@type\":\"Article\",\"@id\":\"https:\\\/\\\/interamerica.org\\\/fr\\\/2020\\\/06\\\/les-tomates-cuites-pourraient-reduire-les-risques-de-cancer-de-la-prostate\\\/#article\",\"isPartOf\":{\"@id\":\"https:\\\/\\\/interamerica.org\\\/fr\\\/2020\\\/06\\\/les-tomates-cuites-pourraient-reduire-les-risques-de-cancer-de-la-prostate\\\/\"},\"author\":{\"name\":\"libna\",\"@id\":\"https:\\\/\\\/interamerica.org\\\/fr\\\/#\\\/schema\\\/person\\\/29998f2bc2d8bd0d38662909289b54f1\"},\"headline\":\"Les tomates cuites pourraient r\u00e9duire les risques de cancer de la prostate.\",\"datePublished\":\"2020-06-07T13:16:28+00:00\",\"dateModified\":\"2020-06-09T15:06:20+00:00\",\"mainEntityOfPage\":{\"@id\":\"https:\\\/\\\/interamerica.org\\\/fr\\\/2020\\\/06\\\/les-tomates-cuites-pourraient-reduire-les-risques-de-cancer-de-la-prostate\\\/\"},\"wordCount\":723,\"commentCount\":0,\"image\":{\"@id\":\"https:\\\/\\\/interamerica.org\\\/fr\\\/2020\\\/06\\\/les-tomates-cuites-pourraient-reduire-les-risques-de-cancer-de-la-prostate\\\/#primaryimage\"},\"thumbnailUrl\":\"https:\\\/\\\/interamerica.org\\\/wp-content\\\/uploads\\\/2020\\\/06\\\/tomatoes-1239176-1920-pixabay.jpg\",\"articleSection\":[\"Nouvelles de l'\u00c9glise mondiale\",\"RSS Fran\u00e7ais\"],\"inLanguage\":\"fr-FR\",\"potentialAction\":[{\"@type\":\"CommentAction\",\"name\":\"Comment\",\"target\":[\"https:\\\/\\\/interamerica.org\\\/fr\\\/2020\\\/06\\\/les-tomates-cuites-pourraient-reduire-les-risques-de-cancer-de-la-prostate\\\/#respond\"]}]},{\"@type\":\"WebPage\",\"@id\":\"https:\\\/\\\/interamerica.org\\\/fr\\\/2020\\\/06\\\/les-tomates-cuites-pourraient-reduire-les-risques-de-cancer-de-la-prostate\\\/\",\"url\":\"https:\\\/\\\/interamerica.org\\\/fr\\\/2020\\\/06\\\/les-tomates-cuites-pourraient-reduire-les-risques-de-cancer-de-la-prostate\\\/\",\"name\":\"Les tomates cuites pourraient r\u00e9duire les risques de cancer de la prostate. - \u00c9glise Adventiste Du Septieme Jour - Inter Am\u00e9rique Division\",\"isPartOf\":{\"@id\":\"https:\\\/\\\/interamerica.org\\\/fr\\\/#website\"},\"primaryImageOfPage\":{\"@id\":\"https:\\\/\\\/interamerica.org\\\/fr\\\/2020\\\/06\\\/les-tomates-cuites-pourraient-reduire-les-risques-de-cancer-de-la-prostate\\\/#primaryimage\"},\"image\":{\"@id\":\"https:\\\/\\\/interamerica.org\\\/fr\\\/2020\\\/06\\\/les-tomates-cuites-pourraient-reduire-les-risques-de-cancer-de-la-prostate\\\/#primaryimage\"},\"thumbnailUrl\":\"https:\\\/\\\/interamerica.org\\\/wp-content\\\/uploads\\\/2020\\\/06\\\/tomatoes-1239176-1920-pixabay.jpg\",\"datePublished\":\"2020-06-07T13:16:28+00:00\",\"dateModified\":\"2020-06-09T15:06:20+00:00\",\"author\":{\"@id\":\"https:\\\/\\\/interamerica.org\\\/fr\\\/#\\\/schema\\\/person\\\/29998f2bc2d8bd0d38662909289b54f1\"},\"breadcrumb\":{\"@id\":\"https:\\\/\\\/interamerica.org\\\/fr\\\/2020\\\/06\\\/les-tomates-cuites-pourraient-reduire-les-risques-de-cancer-de-la-prostate\\\/#breadcrumb\"},\"inLanguage\":\"fr-FR\",\"potentialAction\":[{\"@type\":\"ReadAction\",\"target\":[\"https:\\\/\\\/interamerica.org\\\/fr\\\/2020\\\/06\\\/les-tomates-cuites-pourraient-reduire-les-risques-de-cancer-de-la-prostate\\\/\"]}]},{\"@type\":\"ImageObject\",\"inLanguage\":\"fr-FR\",\"@id\":\"https:\\\/\\\/interamerica.org\\\/fr\\\/2020\\\/06\\\/les-tomates-cuites-pourraient-reduire-les-risques-de-cancer-de-la-prostate\\\/#primaryimage\",\"url\":\"https:\\\/\\\/interamerica.org\\\/wp-content\\\/uploads\\\/2020\\\/06\\\/tomatoes-1239176-1920-pixabay.jpg\",\"contentUrl\":\"https:\\\/\\\/interamerica.org\\\/wp-content\\\/uploads\\\/2020\\\/06\\\/tomatoes-1239176-1920-pixabay.jpg\",\"width\":1280,\"height\":800,\"caption\":\"[Photo\u00a0: Pixabay]\"},{\"@type\":\"BreadcrumbList\",\"@id\":\"https:\\\/\\\/interamerica.org\\\/fr\\\/2020\\\/06\\\/les-tomates-cuites-pourraient-reduire-les-risques-de-cancer-de-la-prostate\\\/#breadcrumb\",\"itemListElement\":[{\"@type\":\"ListItem\",\"position\":1,\"name\":\"Home\",\"item\":\"https:\\\/\\\/interamerica.org\\\/fr\\\/\"},{\"@type\":\"ListItem\",\"position\":2,\"name\":\"Les tomates cuites pourraient r\u00e9duire les risques de cancer de la prostate.\"}]},{\"@type\":\"WebSite\",\"@id\":\"https:\\\/\\\/interamerica.org\\\/fr\\\/#website\",\"url\":\"https:\\\/\\\/interamerica.org\\\/fr\\\/\",\"name\":\"\u00c9glise Adventiste Du Septieme Jour - Inter Am\u00e9rique Division\",\"description\":\"\",\"potentialAction\":[{\"@type\":\"SearchAction\",\"target\":{\"@type\":\"EntryPoint\",\"urlTemplate\":\"https:\\\/\\\/interamerica.org\\\/fr\\\/?s={search_term_string}\"},\"query-input\":{\"@type\":\"PropertyValueSpecification\",\"valueRequired\":true,\"valueName\":\"search_term_string\"}}],\"inLanguage\":\"fr-FR\"},{\"@type\":\"Person\",\"@id\":\"https:\\\/\\\/interamerica.org\\\/fr\\\/#\\\/schema\\\/person\\\/29998f2bc2d8bd0d38662909289b54f1\",\"name\":\"libna\",\"image\":{\"@type\":\"ImageObject\",\"inLanguage\":\"fr-FR\",\"@id\":\"https:\\\/\\\/secure.gravatar.com\\\/avatar\\\/7c5bd30ae4b47a9ba3c856590957fd1d96dc588bf3ac05719d247e126840331f?s=96&d=mm&r=g\",\"url\":\"https:\\\/\\\/secure.gravatar.com\\\/avatar\\\/7c5bd30ae4b47a9ba3c856590957fd1d96dc588bf3ac05719d247e126840331f?s=96&d=mm&r=g\",\"contentUrl\":\"https:\\\/\\\/secure.gravatar.com\\\/avatar\\\/7c5bd30ae4b47a9ba3c856590957fd1d96dc588bf3ac05719d247e126840331f?s=96&d=mm&r=g\",\"caption\":\"libna\"}}]}<\/script>\n<!-- \/ Yoast SEO plugin. -->","yoast_head_json":{"title":"Les tomates cuites pourraient r\u00e9duire les risques de cancer de la prostate. - \u00c9glise Adventiste Du Septieme Jour - Inter Am\u00e9rique Division","robots":{"index":"index","follow":"follow","max-snippet":"max-snippet:-1","max-image-preview":"max-image-preview:large","max-video-preview":"max-video-preview:-1"},"canonical":"https:\/\/interamerica.org\/fr\/2020\/06\/les-tomates-cuites-pourraient-reduire-les-risques-de-cancer-de-la-prostate\/","og_locale":"fr_FR","og_type":"article","og_title":"Les tomates cuites pourraient r\u00e9duire les risques de cancer de la prostate. - \u00c9glise Adventiste Du Septieme Jour - Inter Am\u00e9rique Division","og_description":"Le 6 juin 2020 | Loma Linda, Californie, \u00c9tats-Unis | Larry Becker, d\u00e9partement de nouvelles de Loma Linda University Health D\u2019apr\u00e8s une \u00e9tude r\u00e9cente men\u00e9e par des chercheurs de Loma...","og_url":"https:\/\/interamerica.org\/fr\/2020\/06\/les-tomates-cuites-pourraient-reduire-les-risques-de-cancer-de-la-prostate\/","og_site_name":"\u00c9glise Adventiste Du Septieme Jour - Inter Am\u00e9rique Division","article_published_time":"2020-06-07T13:16:28+00:00","article_modified_time":"2020-06-09T15:06:20+00:00","og_image":[{"width":1280,"height":800,"url":"https:\/\/interamerica.org\/wp-content\/uploads\/2020\/06\/tomatoes-1239176-1920-pixabay.jpg","type":"image\/jpeg"}],"author":"libna","twitter_card":"summary_large_image","twitter_misc":{"\u00c9crit par":"libna","Dur\u00e9e de lecture estim\u00e9e":"4 minutes"},"schema":{"@context":"https:\/\/schema.org","@graph":[{"@type":"Article","@id":"https:\/\/interamerica.org\/fr\/2020\/06\/les-tomates-cuites-pourraient-reduire-les-risques-de-cancer-de-la-prostate\/#article","isPartOf":{"@id":"https:\/\/interamerica.org\/fr\/2020\/06\/les-tomates-cuites-pourraient-reduire-les-risques-de-cancer-de-la-prostate\/"},"author":{"name":"libna","@id":"https:\/\/interamerica.org\/fr\/#\/schema\/person\/29998f2bc2d8bd0d38662909289b54f1"},"headline":"Les tomates cuites pourraient r\u00e9duire les risques de cancer de la prostate.","datePublished":"2020-06-07T13:16:28+00:00","dateModified":"2020-06-09T15:06:20+00:00","mainEntityOfPage":{"@id":"https:\/\/interamerica.org\/fr\/2020\/06\/les-tomates-cuites-pourraient-reduire-les-risques-de-cancer-de-la-prostate\/"},"wordCount":723,"commentCount":0,"image":{"@id":"https:\/\/interamerica.org\/fr\/2020\/06\/les-tomates-cuites-pourraient-reduire-les-risques-de-cancer-de-la-prostate\/#primaryimage"},"thumbnailUrl":"https:\/\/interamerica.org\/wp-content\/uploads\/2020\/06\/tomatoes-1239176-1920-pixabay.jpg","articleSection":["Nouvelles de l'\u00c9glise mondiale","RSS Fran\u00e7ais"],"inLanguage":"fr-FR","potentialAction":[{"@type":"CommentAction","name":"Comment","target":["https:\/\/interamerica.org\/fr\/2020\/06\/les-tomates-cuites-pourraient-reduire-les-risques-de-cancer-de-la-prostate\/#respond"]}]},{"@type":"WebPage","@id":"https:\/\/interamerica.org\/fr\/2020\/06\/les-tomates-cuites-pourraient-reduire-les-risques-de-cancer-de-la-prostate\/","url":"https:\/\/interamerica.org\/fr\/2020\/06\/les-tomates-cuites-pourraient-reduire-les-risques-de-cancer-de-la-prostate\/","name":"Les tomates cuites pourraient r\u00e9duire les risques de cancer de la prostate. - \u00c9glise Adventiste Du Septieme Jour - Inter Am\u00e9rique Division","isPartOf":{"@id":"https:\/\/interamerica.org\/fr\/#website"},"primaryImageOfPage":{"@id":"https:\/\/interamerica.org\/fr\/2020\/06\/les-tomates-cuites-pourraient-reduire-les-risques-de-cancer-de-la-prostate\/#primaryimage"},"image":{"@id":"https:\/\/interamerica.org\/fr\/2020\/06\/les-tomates-cuites-pourraient-reduire-les-risques-de-cancer-de-la-prostate\/#primaryimage"},"thumbnailUrl":"https:\/\/interamerica.org\/wp-content\/uploads\/2020\/06\/tomatoes-1239176-1920-pixabay.jpg","datePublished":"2020-06-07T13:16:28+00:00","dateModified":"2020-06-09T15:06:20+00:00","author":{"@id":"https:\/\/interamerica.org\/fr\/#\/schema\/person\/29998f2bc2d8bd0d38662909289b54f1"},"breadcrumb":{"@id":"https:\/\/interamerica.org\/fr\/2020\/06\/les-tomates-cuites-pourraient-reduire-les-risques-de-cancer-de-la-prostate\/#breadcrumb"},"inLanguage":"fr-FR","potentialAction":[{"@type":"ReadAction","target":["https:\/\/interamerica.org\/fr\/2020\/06\/les-tomates-cuites-pourraient-reduire-les-risques-de-cancer-de-la-prostate\/"]}]},{"@type":"ImageObject","inLanguage":"fr-FR","@id":"https:\/\/interamerica.org\/fr\/2020\/06\/les-tomates-cuites-pourraient-reduire-les-risques-de-cancer-de-la-prostate\/#primaryimage","url":"https:\/\/interamerica.org\/wp-content\/uploads\/2020\/06\/tomatoes-1239176-1920-pixabay.jpg","contentUrl":"https:\/\/interamerica.org\/wp-content\/uploads\/2020\/06\/tomatoes-1239176-1920-pixabay.jpg","width":1280,"height":800,"caption":"[Photo\u00a0: Pixabay]"},{"@type":"BreadcrumbList","@id":"https:\/\/interamerica.org\/fr\/2020\/06\/les-tomates-cuites-pourraient-reduire-les-risques-de-cancer-de-la-prostate\/#breadcrumb","itemListElement":[{"@type":"ListItem","position":1,"name":"Home","item":"https:\/\/interamerica.org\/fr\/"},{"@type":"ListItem","position":2,"name":"Les tomates cuites pourraient r\u00e9duire les risques de cancer de la prostate."}]},{"@type":"WebSite","@id":"https:\/\/interamerica.org\/fr\/#website","url":"https:\/\/interamerica.org\/fr\/","name":"\u00c9glise Adventiste Du Septieme Jour - Inter Am\u00e9rique Division","description":"","potentialAction":[{"@type":"SearchAction","target":{"@type":"EntryPoint","urlTemplate":"https:\/\/interamerica.org\/fr\/?s={search_term_string}"},"query-input":{"@type":"PropertyValueSpecification","valueRequired":true,"valueName":"search_term_string"}}],"inLanguage":"fr-FR"},{"@type":"Person","@id":"https:\/\/interamerica.org\/fr\/#\/schema\/person\/29998f2bc2d8bd0d38662909289b54f1","name":"libna","image":{"@type":"ImageObject","inLanguage":"fr-FR","@id":"https:\/\/secure.gravatar.com\/avatar\/7c5bd30ae4b47a9ba3c856590957fd1d96dc588bf3ac05719d247e126840331f?s=96&d=mm&r=g","url":"https:\/\/secure.gravatar.com\/avatar\/7c5bd30ae4b47a9ba3c856590957fd1d96dc588bf3ac05719d247e126840331f?s=96&d=mm&r=g","contentUrl":"https:\/\/secure.gravatar.com\/avatar\/7c5bd30ae4b47a9ba3c856590957fd1d96dc588bf3ac05719d247e126840331f?s=96&d=mm&r=g","caption":"libna"}}]}},"_links":{"self":[{"href":"https:\/\/interamerica.org\/fr\/wp-json\/wp\/v2\/posts\/59561","targetHints":{"allow":["GET"]}}],"collection":[{"href":"https:\/\/interamerica.org\/fr\/wp-json\/wp\/v2\/posts"}],"about":[{"href":"https:\/\/interamerica.org\/fr\/wp-json\/wp\/v2\/types\/post"}],"author":[{"embeddable":true,"href":"https:\/\/interamerica.org\/fr\/wp-json\/wp\/v2\/users\/3"}],"replies":[{"embeddable":true,"href":"https:\/\/interamerica.org\/fr\/wp-json\/wp\/v2\/comments?post=59561"}],"version-history":[{"count":0,"href":"https:\/\/interamerica.org\/fr\/wp-json\/wp\/v2\/posts\/59561\/revisions"}],"wp:featuredmedia":[{"embeddable":true,"href":"https:\/\/interamerica.org\/fr\/wp-json\/wp\/v2\/media\/59500"}],"wp:attachment":[{"href":"https:\/\/interamerica.org\/fr\/wp-json\/wp\/v2\/media?parent=59561"}],"wp:term":[{"taxonomy":"category","embeddable":true,"href":"https:\/\/interamerica.org\/fr\/wp-json\/wp\/v2\/categories?post=59561"},{"taxonomy":"post_tag","embeddable":true,"href":"https:\/\/interamerica.org\/fr\/wp-json\/wp\/v2\/tags?post=59561"}],"curies":[{"name":"wp","href":"https:\/\/api.w.org\/{rel}","templated":true}]}}