{"id":59657,"date":"2020-06-11T09:51:12","date_gmt":"2020-06-11T13:51:12","guid":{"rendered":"https:\/\/recursing-golick.147-182-135-0.plesk.page\/?p=59657"},"modified":"2020-06-11T21:15:44","modified_gmt":"2020-06-12T01:15:44","slug":"une-offrande-speciale-en-reponse-a-la-covid-19-recueillie-par-les-eglises-adventistes-du-monde-entier","status":"publish","type":"post","link":"https:\/\/interamerica.org\/fr\/2020\/06\/une-offrande-speciale-en-reponse-a-la-covid-19-recueillie-par-les-eglises-adventistes-du-monde-entier\/","title":{"rendered":"Une offrande sp\u00e9ciale en r\u00e9ponse \u00e0 la COVID-19 recueillie par les \u00e9glises adventistes du monde entier"},"content":{"rendered":"<p>Le 9 juin 2020\u00a0|\u00a0Silver Spring, Maryland, \u00c9tats-Unis\u00a0|\u00a0Bureau d\u2019<em>Adventist Mission<\/em><\/p>\n<p>Le 11\u00a0juillet prochain, on demande aux \u00e9glises adventistes du monde entier de recueillir une offrande sp\u00e9ciale pour venir en aide aux communaut\u00e9s d\u00e9vast\u00e9es par la pand\u00e9mie de COVID-19. Les fonds ainsi collect\u00e9s serviront \u00e0 r\u00e9pondre aux besoins de la r\u00e9gion du monde d\u2019o\u00f9 ils proviennent.<\/p>\n<p>Par cons\u00e9quent, toutes ces offrandes apport\u00e9es par les membres seront d\u2019abord achemin\u00e9es jusqu\u2019\u00e0 la division locale. Elles seront ensuite redistribu\u00e9es sur le territoire pour le financement de projets d\u2019aide aux personnes qui souffrent des cons\u00e9quences de la pand\u00e9mie, que ce soit par l\u2019achat de masques et de fournitures essentielles, par l\u2019offre de counseling, etc. Bref, elles serviront l\u00e0 sont les besoins.<\/p>\n<p>Lorsqu\u2019une crise frappe, c\u2019est l\u2019occasion pour nous, en tant qu\u2019\u00c9glise, de nous lever et d\u2019aider les autres. Au moment d\u2019\u00e9crire cet article, plus de sept millions de personnes dans le monde avaient contract\u00e9 le virus de la COVID-19 et plus de 406\u00a0000 personnes en \u00e9taient mortes.<sup>1<\/sup><\/p>\n<p>\u00c0 notre r\u00e9veil, chaque matin, nous entendons les derniers d\u00e9veloppements quant aux chiffres \u00e9lev\u00e9s de personnes qui ont perdu la vie apr\u00e8s avoir contract\u00e9 le nouveau coronavirus. Mais ces chiffres sont plus que des statistiques, car une personne et une famille endeuill\u00e9e, qui se bat parfois elle aussi contre les effets de la maladie, se trouvent derri\u00e8re chacun des cas. Et ce fait, en lui seul, relie chaque statistique \u00e0 vous et moi. Puis, soudainement, nous sommes pouss\u00e9s \u00e0 faire plus qu\u2019un hochement de t\u00eate en lisant les tristes manchettes.<\/p>\n<p>Les membres d\u2019\u00e9glise qui veulent aider \u00e0 promouvoir cette offrande sp\u00e9ciale peuvent contacter le bureau de leur division et demander les ressources n\u00e9cessaires, qui comprennent des publicit\u00e9s pour les m\u00e9dias sociaux, une affiche et un appel \u00e0 l\u2019offrande. Tous ces \u00e9l\u00e9ments peuvent \u00eatre envoy\u00e9s par courriel.<\/p>\n<p>Ensuite, le 11\u00a0juillet, les membres d\u2019\u00e9glise pourront inscrire \u00ab\u00a0<strong>COVID-19 Response<\/strong>\u00a0\u00bb dans leur enveloppe de d\u00eemes. Si, toutefois, leur \u00e9glise locale est toujours dans l\u2019impossibilit\u00e9 de se rassembler physiquement, ils pourront contribuer en visitant le site internet de collecte de dons de leur \u00e9glise, f\u00e9d\u00e9ration, union ou division ou se rendre au <a href=\"https:\/\/am.adventistmission.org\/covid\"><strong>AdventistMission.org\/COVID<\/strong><\/a>\u00a0pour faire un don volontaire. Pour les \u00e9glises qui suivent le Plan d\u2019offrandes combin\u00e9es, les contributions \u00e0 cet appel vont au-del\u00e0 des d\u00eemes et des offrandes syst\u00e9matiques des membres par l\u2019entremise de leur \u00e9glise locale.<\/p>\n<p><sup>1<\/sup>\u00a0<a href=\"https:\/\/www.worldometers.info\/coronavirus\/?utm_campaign=homeAdUOA?Si%23countries\">https:\/\/www.worldometers.info\/coronavirus\/?utm_campaign=homeAdUOA?Si%23countries<\/a>, page consult\u00e9e le 7 juin 2020.<\/p>\n<p>Traduction : Marie-Mich\u00e8le Robitaille<\/p>\n","protected":false},"excerpt":{"rendered":"<p>Le 9 juin 2020\u00a0|\u00a0Silver Spring, Maryland, \u00c9tats-Unis\u00a0|\u00a0Bureau d\u2019Adventist Mission Le 11\u00a0juillet prochain, on demande aux \u00e9glises adventistes du monde entier de recueillir une offrande sp\u00e9ciale pour venir en aide aux&#8230;<\/p>\n","protected":false},"author":3,"featured_media":59627,"comment_status":"open","ping_status":"closed","sticky":false,"template":"","format":"standard","meta":{"_acf_changed":false,"footnotes":""},"categories":[18,19],"tags":[],"class_list":["post-59657","post","type-post","status-publish","format-standard","has-post-thumbnail","hentry","category-nouvelles-de-leglise-mondiale","category-rss-francais"],"acf":[],"yoast_head":"<!-- This site is optimized with the Yoast SEO plugin v27.3 - https:\/\/yoast.com\/product\/yoast-seo-wordpress\/ -->\n<title>Une offrande sp\u00e9ciale en r\u00e9ponse \u00e0 la COVID-19 recueillie par les \u00e9glises adventistes du monde entier - \u00c9glise Adventiste Du Septieme Jour - Inter Am\u00e9rique Division<\/title>\n<meta name=\"robots\" content=\"index, follow, max-snippet:-1, max-image-preview:large, max-video-preview:-1\" \/>\n<link rel=\"canonical\" href=\"https:\/\/interamerica.org\/fr\/2020\/06\/une-offrande-speciale-en-reponse-a-la-covid-19-recueillie-par-les-eglises-adventistes-du-monde-entier\/\" \/>\n<meta property=\"og:locale\" content=\"fr_FR\" \/>\n<meta property=\"og:type\" content=\"article\" \/>\n<meta property=\"og:title\" content=\"Une offrande sp\u00e9ciale en r\u00e9ponse \u00e0 la COVID-19 recueillie par les \u00e9glises adventistes du monde entier - \u00c9glise Adventiste Du Septieme Jour - Inter Am\u00e9rique Division\" \/>\n<meta property=\"og:description\" content=\"Le 9 juin 2020\u00a0|\u00a0Silver Spring, Maryland, \u00c9tats-Unis\u00a0|\u00a0Bureau d\u2019Adventist Mission Le 11\u00a0juillet prochain, on demande aux \u00e9glises adventistes du monde entier de recueillir une offrande sp\u00e9ciale pour venir en aide aux...\" \/>\n<meta property=\"og:url\" content=\"https:\/\/interamerica.org\/fr\/2020\/06\/une-offrande-speciale-en-reponse-a-la-covid-19-recueillie-par-les-eglises-adventistes-du-monde-entier\/\" \/>\n<meta property=\"og:site_name\" content=\"\u00c9glise Adventiste Du Septieme Jour - Inter Am\u00e9rique Division\" \/>\n<meta property=\"article:published_time\" content=\"2020-06-11T13:51:12+00:00\" \/>\n<meta property=\"article:modified_time\" content=\"2020-06-12T01:15:44+00:00\" \/>\n<meta property=\"og:image\" content=\"https:\/\/interamerica.org\/wp-content\/uploads\/2020\/06\/mask-doctor-michael-berdyugin-ywyinnk-toi-unsplash-1280.jpg\" \/>\n\t<meta property=\"og:image:width\" content=\"1280\" \/>\n\t<meta property=\"og:image:height\" content=\"800\" \/>\n\t<meta property=\"og:image:type\" content=\"image\/jpeg\" \/>\n<meta name=\"author\" content=\"libna\" \/>\n<meta name=\"twitter:card\" content=\"summary_large_image\" \/>\n<meta name=\"twitter:label1\" content=\"\u00c9crit par\" \/>\n\t<meta name=\"twitter:data1\" content=\"libna\" \/>\n\t<meta name=\"twitter:label2\" content=\"Dur\u00e9e de lecture estim\u00e9e\" \/>\n\t<meta name=\"twitter:data2\" content=\"2 minutes\" \/>\n<script type=\"application\/ld+json\" class=\"yoast-schema-graph\">{\"@context\":\"https:\\\/\\\/schema.org\",\"@graph\":[{\"@type\":\"Article\",\"@id\":\"https:\\\/\\\/interamerica.org\\\/fr\\\/2020\\\/06\\\/une-offrande-speciale-en-reponse-a-la-covid-19-recueillie-par-les-eglises-adventistes-du-monde-entier\\\/#article\",\"isPartOf\":{\"@id\":\"https:\\\/\\\/interamerica.org\\\/fr\\\/2020\\\/06\\\/une-offrande-speciale-en-reponse-a-la-covid-19-recueillie-par-les-eglises-adventistes-du-monde-entier\\\/\"},\"author\":{\"name\":\"libna\",\"@id\":\"https:\\\/\\\/interamerica.org\\\/fr\\\/#\\\/schema\\\/person\\\/29998f2bc2d8bd0d38662909289b54f1\"},\"headline\":\"Une offrande sp\u00e9ciale en r\u00e9ponse \u00e0 la COVID-19 recueillie par les \u00e9glises adventistes du monde entier\",\"datePublished\":\"2020-06-11T13:51:12+00:00\",\"dateModified\":\"2020-06-12T01:15:44+00:00\",\"mainEntityOfPage\":{\"@id\":\"https:\\\/\\\/interamerica.org\\\/fr\\\/2020\\\/06\\\/une-offrande-speciale-en-reponse-a-la-covid-19-recueillie-par-les-eglises-adventistes-du-monde-entier\\\/\"},\"wordCount\":467,\"commentCount\":0,\"image\":{\"@id\":\"https:\\\/\\\/interamerica.org\\\/fr\\\/2020\\\/06\\\/une-offrande-speciale-en-reponse-a-la-covid-19-recueillie-par-les-eglises-adventistes-du-monde-entier\\\/#primaryimage\"},\"thumbnailUrl\":\"https:\\\/\\\/interamerica.org\\\/wp-content\\\/uploads\\\/2020\\\/06\\\/mask-doctor-michael-berdyugin-ywyinnk-toi-unsplash-1280.jpg\",\"articleSection\":[\"Nouvelles de l'\u00c9glise mondiale\",\"RSS Fran\u00e7ais\"],\"inLanguage\":\"fr-FR\",\"potentialAction\":[{\"@type\":\"CommentAction\",\"name\":\"Comment\",\"target\":[\"https:\\\/\\\/interamerica.org\\\/fr\\\/2020\\\/06\\\/une-offrande-speciale-en-reponse-a-la-covid-19-recueillie-par-les-eglises-adventistes-du-monde-entier\\\/#respond\"]}]},{\"@type\":\"WebPage\",\"@id\":\"https:\\\/\\\/interamerica.org\\\/fr\\\/2020\\\/06\\\/une-offrande-speciale-en-reponse-a-la-covid-19-recueillie-par-les-eglises-adventistes-du-monde-entier\\\/\",\"url\":\"https:\\\/\\\/interamerica.org\\\/fr\\\/2020\\\/06\\\/une-offrande-speciale-en-reponse-a-la-covid-19-recueillie-par-les-eglises-adventistes-du-monde-entier\\\/\",\"name\":\"Une offrande sp\u00e9ciale en r\u00e9ponse \u00e0 la COVID-19 recueillie par les \u00e9glises adventistes du monde entier - \u00c9glise Adventiste Du Septieme Jour - Inter Am\u00e9rique Division\",\"isPartOf\":{\"@id\":\"https:\\\/\\\/interamerica.org\\\/fr\\\/#website\"},\"primaryImageOfPage\":{\"@id\":\"https:\\\/\\\/interamerica.org\\\/fr\\\/2020\\\/06\\\/une-offrande-speciale-en-reponse-a-la-covid-19-recueillie-par-les-eglises-adventistes-du-monde-entier\\\/#primaryimage\"},\"image\":{\"@id\":\"https:\\\/\\\/interamerica.org\\\/fr\\\/2020\\\/06\\\/une-offrande-speciale-en-reponse-a-la-covid-19-recueillie-par-les-eglises-adventistes-du-monde-entier\\\/#primaryimage\"},\"thumbnailUrl\":\"https:\\\/\\\/interamerica.org\\\/wp-content\\\/uploads\\\/2020\\\/06\\\/mask-doctor-michael-berdyugin-ywyinnk-toi-unsplash-1280.jpg\",\"datePublished\":\"2020-06-11T13:51:12+00:00\",\"dateModified\":\"2020-06-12T01:15:44+00:00\",\"author\":{\"@id\":\"https:\\\/\\\/interamerica.org\\\/fr\\\/#\\\/schema\\\/person\\\/29998f2bc2d8bd0d38662909289b54f1\"},\"breadcrumb\":{\"@id\":\"https:\\\/\\\/interamerica.org\\\/fr\\\/2020\\\/06\\\/une-offrande-speciale-en-reponse-a-la-covid-19-recueillie-par-les-eglises-adventistes-du-monde-entier\\\/#breadcrumb\"},\"inLanguage\":\"fr-FR\",\"potentialAction\":[{\"@type\":\"ReadAction\",\"target\":[\"https:\\\/\\\/interamerica.org\\\/fr\\\/2020\\\/06\\\/une-offrande-speciale-en-reponse-a-la-covid-19-recueillie-par-les-eglises-adventistes-du-monde-entier\\\/\"]}]},{\"@type\":\"ImageObject\",\"inLanguage\":\"fr-FR\",\"@id\":\"https:\\\/\\\/interamerica.org\\\/fr\\\/2020\\\/06\\\/une-offrande-speciale-en-reponse-a-la-covid-19-recueillie-par-les-eglises-adventistes-du-monde-entier\\\/#primaryimage\",\"url\":\"https:\\\/\\\/interamerica.org\\\/wp-content\\\/uploads\\\/2020\\\/06\\\/mask-doctor-michael-berdyugin-ywyinnk-toi-unsplash-1280.jpg\",\"contentUrl\":\"https:\\\/\\\/interamerica.org\\\/wp-content\\\/uploads\\\/2020\\\/06\\\/mask-doctor-michael-berdyugin-ywyinnk-toi-unsplash-1280.jpg\",\"width\":1280,\"height\":800,\"caption\":\"[Photo: Michael Berdyugin\\\/Unsplash]\"},{\"@type\":\"BreadcrumbList\",\"@id\":\"https:\\\/\\\/interamerica.org\\\/fr\\\/2020\\\/06\\\/une-offrande-speciale-en-reponse-a-la-covid-19-recueillie-par-les-eglises-adventistes-du-monde-entier\\\/#breadcrumb\",\"itemListElement\":[{\"@type\":\"ListItem\",\"position\":1,\"name\":\"Home\",\"item\":\"https:\\\/\\\/interamerica.org\\\/fr\\\/\"},{\"@type\":\"ListItem\",\"position\":2,\"name\":\"Une offrande sp\u00e9ciale en r\u00e9ponse \u00e0 la COVID-19 recueillie par les \u00e9glises adventistes du monde entier\"}]},{\"@type\":\"WebSite\",\"@id\":\"https:\\\/\\\/interamerica.org\\\/fr\\\/#website\",\"url\":\"https:\\\/\\\/interamerica.org\\\/fr\\\/\",\"name\":\"\u00c9glise Adventiste Du Septieme Jour - Inter Am\u00e9rique Division\",\"description\":\"\",\"potentialAction\":[{\"@type\":\"SearchAction\",\"target\":{\"@type\":\"EntryPoint\",\"urlTemplate\":\"https:\\\/\\\/interamerica.org\\\/fr\\\/?s={search_term_string}\"},\"query-input\":{\"@type\":\"PropertyValueSpecification\",\"valueRequired\":true,\"valueName\":\"search_term_string\"}}],\"inLanguage\":\"fr-FR\"},{\"@type\":\"Person\",\"@id\":\"https:\\\/\\\/interamerica.org\\\/fr\\\/#\\\/schema\\\/person\\\/29998f2bc2d8bd0d38662909289b54f1\",\"name\":\"libna\",\"image\":{\"@type\":\"ImageObject\",\"inLanguage\":\"fr-FR\",\"@id\":\"https:\\\/\\\/secure.gravatar.com\\\/avatar\\\/7c5bd30ae4b47a9ba3c856590957fd1d96dc588bf3ac05719d247e126840331f?s=96&d=mm&r=g\",\"url\":\"https:\\\/\\\/secure.gravatar.com\\\/avatar\\\/7c5bd30ae4b47a9ba3c856590957fd1d96dc588bf3ac05719d247e126840331f?s=96&d=mm&r=g\",\"contentUrl\":\"https:\\\/\\\/secure.gravatar.com\\\/avatar\\\/7c5bd30ae4b47a9ba3c856590957fd1d96dc588bf3ac05719d247e126840331f?s=96&d=mm&r=g\",\"caption\":\"libna\"}}]}<\/script>\n<!-- \/ Yoast SEO plugin. -->","yoast_head_json":{"title":"Une offrande sp\u00e9ciale en r\u00e9ponse \u00e0 la COVID-19 recueillie par les \u00e9glises adventistes du monde entier - \u00c9glise Adventiste Du Septieme Jour - Inter Am\u00e9rique Division","robots":{"index":"index","follow":"follow","max-snippet":"max-snippet:-1","max-image-preview":"max-image-preview:large","max-video-preview":"max-video-preview:-1"},"canonical":"https:\/\/interamerica.org\/fr\/2020\/06\/une-offrande-speciale-en-reponse-a-la-covid-19-recueillie-par-les-eglises-adventistes-du-monde-entier\/","og_locale":"fr_FR","og_type":"article","og_title":"Une offrande sp\u00e9ciale en r\u00e9ponse \u00e0 la COVID-19 recueillie par les \u00e9glises adventistes du monde entier - \u00c9glise Adventiste Du Septieme Jour - Inter Am\u00e9rique Division","og_description":"Le 9 juin 2020\u00a0|\u00a0Silver Spring, Maryland, \u00c9tats-Unis\u00a0|\u00a0Bureau d\u2019Adventist Mission Le 11\u00a0juillet prochain, on demande aux \u00e9glises adventistes du monde entier de recueillir une offrande sp\u00e9ciale pour venir en aide aux...","og_url":"https:\/\/interamerica.org\/fr\/2020\/06\/une-offrande-speciale-en-reponse-a-la-covid-19-recueillie-par-les-eglises-adventistes-du-monde-entier\/","og_site_name":"\u00c9glise Adventiste Du Septieme Jour - Inter Am\u00e9rique Division","article_published_time":"2020-06-11T13:51:12+00:00","article_modified_time":"2020-06-12T01:15:44+00:00","og_image":[{"width":1280,"height":800,"url":"https:\/\/interamerica.org\/wp-content\/uploads\/2020\/06\/mask-doctor-michael-berdyugin-ywyinnk-toi-unsplash-1280.jpg","type":"image\/jpeg"}],"author":"libna","twitter_card":"summary_large_image","twitter_misc":{"\u00c9crit par":"libna","Dur\u00e9e de lecture estim\u00e9e":"2 minutes"},"schema":{"@context":"https:\/\/schema.org","@graph":[{"@type":"Article","@id":"https:\/\/interamerica.org\/fr\/2020\/06\/une-offrande-speciale-en-reponse-a-la-covid-19-recueillie-par-les-eglises-adventistes-du-monde-entier\/#article","isPartOf":{"@id":"https:\/\/interamerica.org\/fr\/2020\/06\/une-offrande-speciale-en-reponse-a-la-covid-19-recueillie-par-les-eglises-adventistes-du-monde-entier\/"},"author":{"name":"libna","@id":"https:\/\/interamerica.org\/fr\/#\/schema\/person\/29998f2bc2d8bd0d38662909289b54f1"},"headline":"Une offrande sp\u00e9ciale en r\u00e9ponse \u00e0 la COVID-19 recueillie par les \u00e9glises adventistes du monde entier","datePublished":"2020-06-11T13:51:12+00:00","dateModified":"2020-06-12T01:15:44+00:00","mainEntityOfPage":{"@id":"https:\/\/interamerica.org\/fr\/2020\/06\/une-offrande-speciale-en-reponse-a-la-covid-19-recueillie-par-les-eglises-adventistes-du-monde-entier\/"},"wordCount":467,"commentCount":0,"image":{"@id":"https:\/\/interamerica.org\/fr\/2020\/06\/une-offrande-speciale-en-reponse-a-la-covid-19-recueillie-par-les-eglises-adventistes-du-monde-entier\/#primaryimage"},"thumbnailUrl":"https:\/\/interamerica.org\/wp-content\/uploads\/2020\/06\/mask-doctor-michael-berdyugin-ywyinnk-toi-unsplash-1280.jpg","articleSection":["Nouvelles de l'\u00c9glise mondiale","RSS Fran\u00e7ais"],"inLanguage":"fr-FR","potentialAction":[{"@type":"CommentAction","name":"Comment","target":["https:\/\/interamerica.org\/fr\/2020\/06\/une-offrande-speciale-en-reponse-a-la-covid-19-recueillie-par-les-eglises-adventistes-du-monde-entier\/#respond"]}]},{"@type":"WebPage","@id":"https:\/\/interamerica.org\/fr\/2020\/06\/une-offrande-speciale-en-reponse-a-la-covid-19-recueillie-par-les-eglises-adventistes-du-monde-entier\/","url":"https:\/\/interamerica.org\/fr\/2020\/06\/une-offrande-speciale-en-reponse-a-la-covid-19-recueillie-par-les-eglises-adventistes-du-monde-entier\/","name":"Une offrande sp\u00e9ciale en r\u00e9ponse \u00e0 la COVID-19 recueillie par les \u00e9glises adventistes du monde entier - \u00c9glise Adventiste Du Septieme Jour - Inter Am\u00e9rique Division","isPartOf":{"@id":"https:\/\/interamerica.org\/fr\/#website"},"primaryImageOfPage":{"@id":"https:\/\/interamerica.org\/fr\/2020\/06\/une-offrande-speciale-en-reponse-a-la-covid-19-recueillie-par-les-eglises-adventistes-du-monde-entier\/#primaryimage"},"image":{"@id":"https:\/\/interamerica.org\/fr\/2020\/06\/une-offrande-speciale-en-reponse-a-la-covid-19-recueillie-par-les-eglises-adventistes-du-monde-entier\/#primaryimage"},"thumbnailUrl":"https:\/\/interamerica.org\/wp-content\/uploads\/2020\/06\/mask-doctor-michael-berdyugin-ywyinnk-toi-unsplash-1280.jpg","datePublished":"2020-06-11T13:51:12+00:00","dateModified":"2020-06-12T01:15:44+00:00","author":{"@id":"https:\/\/interamerica.org\/fr\/#\/schema\/person\/29998f2bc2d8bd0d38662909289b54f1"},"breadcrumb":{"@id":"https:\/\/interamerica.org\/fr\/2020\/06\/une-offrande-speciale-en-reponse-a-la-covid-19-recueillie-par-les-eglises-adventistes-du-monde-entier\/#breadcrumb"},"inLanguage":"fr-FR","potentialAction":[{"@type":"ReadAction","target":["https:\/\/interamerica.org\/fr\/2020\/06\/une-offrande-speciale-en-reponse-a-la-covid-19-recueillie-par-les-eglises-adventistes-du-monde-entier\/"]}]},{"@type":"ImageObject","inLanguage":"fr-FR","@id":"https:\/\/interamerica.org\/fr\/2020\/06\/une-offrande-speciale-en-reponse-a-la-covid-19-recueillie-par-les-eglises-adventistes-du-monde-entier\/#primaryimage","url":"https:\/\/interamerica.org\/wp-content\/uploads\/2020\/06\/mask-doctor-michael-berdyugin-ywyinnk-toi-unsplash-1280.jpg","contentUrl":"https:\/\/interamerica.org\/wp-content\/uploads\/2020\/06\/mask-doctor-michael-berdyugin-ywyinnk-toi-unsplash-1280.jpg","width":1280,"height":800,"caption":"[Photo: Michael Berdyugin\/Unsplash]"},{"@type":"BreadcrumbList","@id":"https:\/\/interamerica.org\/fr\/2020\/06\/une-offrande-speciale-en-reponse-a-la-covid-19-recueillie-par-les-eglises-adventistes-du-monde-entier\/#breadcrumb","itemListElement":[{"@type":"ListItem","position":1,"name":"Home","item":"https:\/\/interamerica.org\/fr\/"},{"@type":"ListItem","position":2,"name":"Une offrande sp\u00e9ciale en r\u00e9ponse \u00e0 la COVID-19 recueillie par les \u00e9glises adventistes du monde entier"}]},{"@type":"WebSite","@id":"https:\/\/interamerica.org\/fr\/#website","url":"https:\/\/interamerica.org\/fr\/","name":"\u00c9glise Adventiste Du Septieme Jour - Inter Am\u00e9rique Division","description":"","potentialAction":[{"@type":"SearchAction","target":{"@type":"EntryPoint","urlTemplate":"https:\/\/interamerica.org\/fr\/?s={search_term_string}"},"query-input":{"@type":"PropertyValueSpecification","valueRequired":true,"valueName":"search_term_string"}}],"inLanguage":"fr-FR"},{"@type":"Person","@id":"https:\/\/interamerica.org\/fr\/#\/schema\/person\/29998f2bc2d8bd0d38662909289b54f1","name":"libna","image":{"@type":"ImageObject","inLanguage":"fr-FR","@id":"https:\/\/secure.gravatar.com\/avatar\/7c5bd30ae4b47a9ba3c856590957fd1d96dc588bf3ac05719d247e126840331f?s=96&d=mm&r=g","url":"https:\/\/secure.gravatar.com\/avatar\/7c5bd30ae4b47a9ba3c856590957fd1d96dc588bf3ac05719d247e126840331f?s=96&d=mm&r=g","contentUrl":"https:\/\/secure.gravatar.com\/avatar\/7c5bd30ae4b47a9ba3c856590957fd1d96dc588bf3ac05719d247e126840331f?s=96&d=mm&r=g","caption":"libna"}}]}},"_links":{"self":[{"href":"https:\/\/interamerica.org\/fr\/wp-json\/wp\/v2\/posts\/59657","targetHints":{"allow":["GET"]}}],"collection":[{"href":"https:\/\/interamerica.org\/fr\/wp-json\/wp\/v2\/posts"}],"about":[{"href":"https:\/\/interamerica.org\/fr\/wp-json\/wp\/v2\/types\/post"}],"author":[{"embeddable":true,"href":"https:\/\/interamerica.org\/fr\/wp-json\/wp\/v2\/users\/3"}],"replies":[{"embeddable":true,"href":"https:\/\/interamerica.org\/fr\/wp-json\/wp\/v2\/comments?post=59657"}],"version-history":[{"count":0,"href":"https:\/\/interamerica.org\/fr\/wp-json\/wp\/v2\/posts\/59657\/revisions"}],"wp:featuredmedia":[{"embeddable":true,"href":"https:\/\/interamerica.org\/fr\/wp-json\/wp\/v2\/media\/59627"}],"wp:attachment":[{"href":"https:\/\/interamerica.org\/fr\/wp-json\/wp\/v2\/media?parent=59657"}],"wp:term":[{"taxonomy":"category","embeddable":true,"href":"https:\/\/interamerica.org\/fr\/wp-json\/wp\/v2\/categories?post=59657"},{"taxonomy":"post_tag","embeddable":true,"href":"https:\/\/interamerica.org\/fr\/wp-json\/wp\/v2\/tags?post=59657"}],"curies":[{"name":"wp","href":"https:\/\/api.w.org\/{rel}","templated":true}]}}