{"id":59704,"date":"2020-06-12T13:40:27","date_gmt":"2020-06-12T17:40:27","guid":{"rendered":"https:\/\/recursing-golick.147-182-135-0.plesk.page\/?p=59704"},"modified":"2020-06-12T20:01:36","modified_gmt":"2020-06-13T00:01:36","slug":"les-services-communautaires-adventistes-de-st-thomas-et-de-st-john-aident-des-dizaines-de-familles-sans-abri","status":"publish","type":"post","link":"https:\/\/interamerica.org\/fr\/2020\/06\/les-services-communautaires-adventistes-de-st-thomas-et-de-st-john-aident-des-dizaines-de-familles-sans-abri\/","title":{"rendered":"Les services communautaires adventistes de St. Thomas et de St. John aident des dizaines de familles sans abri"},"content":{"rendered":"<p><div id=\"attachment_59696\" style=\"width: 815px\" class=\"wp-caption aligncenter\"><img fetchpriority=\"high\" decoding=\"async\" aria-describedby=\"caption-attachment-59696\" class=\" wp-image-59695\" src=\"https:\/\/recursing-golick.147-182-135-0.plesk.page\/wp-content\/uploads\/2020\/06\/st-thomas-feeding-may2020-1024x640.jpg\" alt=\"\" width=\"805\" height=\"503\" srcset=\"https:\/\/interamerica.org\/wp-content\/uploads\/2020\/06\/st-thomas-feeding-may2020-1024x640.jpg 1024w, https:\/\/interamerica.org\/wp-content\/uploads\/2020\/06\/st-thomas-feeding-may2020-300x188.jpg 300w, https:\/\/interamerica.org\/wp-content\/uploads\/2020\/06\/st-thomas-feeding-may2020-768x480.jpg 768w, https:\/\/interamerica.org\/wp-content\/uploads\/2020\/06\/st-thomas-feeding-may2020.jpg 1280w\" sizes=\"(max-width: 805px) 100vw, 805px\" \/><p id=\"caption-attachment-59696\" class=\"wp-caption-text\">Les membres de l\u2019\u00e9quipe des Services Communautaires Adventistes du septi\u00e8me jour pr\u00e9parent des plateaux \u00e0 emporter pour des dizaines de familles sans abri et n\u00e9cessiteuses sur l\u2019\u00eele de St. Thomas, le 3 mai 2020. L\u2019initiative comprenait \u00e9galement une assistance t\u00e9l\u00e9phonique pour permettre aux familles d\u2019entrer en contact avec leurs proches pendant la pand\u00e9mie de Covid- 19. [Photo : F\u00e9d\u00e9ration du Nord de la Cara\u00efbe]<\/p><\/div>12 Juin 2020 | Sainte-Croix, \u00celes Vierges am\u00e9ricaines | \u00c9quipe Information de NCC \/ \u00c9quipe Informations DIA<\/p>\n<p>Repr\u00e9sentant le visage de la compassion envers les communaut\u00e9s qui vivent dans la peur et l\u2019incertitude, l\u2019\u00e9glise adventiste d\u2019Agape \u00e0 Saint-Thomas et l\u2019\u00e9glise adventiste de Cruz Bay \u00e0 Saint-John, m\u00e8nent une s\u00e9rie d\u2019initiatives visant \u00e0 aider les individus \u00e0 faire face \u00e0 la situation au plus fort de la pand\u00e9mie de COVID-19.<\/p>\n<p>R\u00e9pondre aux besoins de la communaut\u00e9 n\u2019est pas facultatif pour l\u2019\u00c9glise adventiste, a d\u00e9clar\u00e9 Annette Small, directrice des services communautaires de l\u2019\u00e9glise adventiste de Cruz Bay \u00e0 St. John. \u00ab Bien que de nombreuses \u00e9glises aient opt\u00e9 pour des services en ligne pour des raisons de s\u00e9curit\u00e9 pendant la pand\u00e9mie de COVID-19, cela ne nous emp\u00eache pas de continuer \u00e0 servir les communaut\u00e9s de diverses mani\u00e8res. \u00bb<\/p>\n<p><div id=\"attachment_59693\" style=\"width: 810px\" class=\"wp-caption aligncenter\"><img decoding=\"async\" aria-describedby=\"caption-attachment-59693\" class=\"size-full wp-image-59692\" src=\"https:\/\/recursing-golick.147-182-135-0.plesk.page\/wp-content\/uploads\/2020\/06\/st-thomas-meal-distribution.jpg\" alt=\"\" width=\"800\" height=\"500\" srcset=\"https:\/\/interamerica.org\/wp-content\/uploads\/2020\/06\/st-thomas-meal-distribution.jpg 800w, https:\/\/interamerica.org\/wp-content\/uploads\/2020\/06\/st-thomas-meal-distribution-300x188.jpg 300w, https:\/\/interamerica.org\/wp-content\/uploads\/2020\/06\/st-thomas-meal-distribution-768x480.jpg 768w\" sizes=\"(max-width: 800px) 100vw, 800px\" \/><p id=\"caption-attachment-59693\" class=\"wp-caption-text\">Un membre de l\u2019\u00e9glise adventiste d\u2019Agape \u00e0 Saint-Thomas distribue une boisson aux personnes de la communaut\u00e9 venues chercher un repas chaud, au mois de mai. [Photo : F\u00e9d\u00e9ration du Nord de la Cara\u00efbe]<\/p><\/div>Annette Small, qui est en premi\u00e8re ligne de l\u2019action de l\u2019\u00e9glise aupr\u00e8s de la communaut\u00e9 des sans-abri depuis des ann\u00e9es, a indiqu\u00e9 que 181 sacs de provisions ont \u00e9t\u00e9 distribu\u00e9s \u00e0 40 familles lors de l\u2019initiative de distribution de nourriture du mois dernier. \u00ab Avec l\u2019aide de notre \u00e9glise et en collaboration avec une entreprise commerciale, nous avons pu toucher 106 personnes, \u00bb a dit Annette Small.<\/p>\n<p>Gr\u00e2ce au minist\u00e8re mis en place par l\u2019\u00e9glise adventiste de Cruz Bay, des repas chauds sont servis, deux \u00e0 trois fois par semaine, \u00e0 l\u2019\u00e9glise, et de la nourriture est distribu\u00e9e \u00e0 des personnes dans toute l\u2019\u00eele, a-t-elle ajout\u00e9. A travers ce minist\u00e8re, les familles n\u00e9cessiteuses peuvent avoir acc\u00e8s \u00e0 des douches, des v\u00eatements gratuits et une r\u00e9serve de nourriture.<\/p>\n<p>Le d\u00e9partement am\u00e9ricain du Logement et du D\u00e9veloppement Urbain d\u00e9finit une personne sans-abri comme \u00e9tant une personne qui vit dans la rue ou dans un refuge, ou qui dort r\u00e9guli\u00e8rement dans un endroit o\u00f9 il n\u2019y a ni appareils sanitaires, ni \u00e9lectricit\u00e9, ni r\u00e9frig\u00e9ration, a dit Annette Small. \u00ab A partir de cette d\u00e9finition, de nombreux r\u00e9sidents droits et productifs sur l\u2019\u00eele pourraient \u00eatre class\u00e9s comme \u00e9tant des sans-abri car ils vivent dans des cabanes, dans des maisons en construction ou sur des bateaux sans commodit\u00e9s. \u00bb<\/p>\n<p><div id=\"attachment_59690\" style=\"width: 809px\" class=\"wp-caption aligncenter\"><img decoding=\"async\" aria-describedby=\"caption-attachment-59690\" class=\" wp-image-59689\" src=\"https:\/\/recursing-golick.147-182-135-0.plesk.page\/wp-content\/uploads\/2020\/06\/st-john-food-pantry.jpg\" alt=\"\" width=\"799\" height=\"500\" srcset=\"https:\/\/interamerica.org\/wp-content\/uploads\/2020\/06\/st-john-food-pantry.jpg 900w, https:\/\/interamerica.org\/wp-content\/uploads\/2020\/06\/st-john-food-pantry-300x188.jpg 300w, https:\/\/interamerica.org\/wp-content\/uploads\/2020\/06\/st-john-food-pantry-768x480.jpg 768w\" sizes=\"(max-width: 799px) 100vw, 799px\" \/><p id=\"caption-attachment-59690\" class=\"wp-caption-text\">Des membres de l\u2019\u00e9glise adventiste de Cruz Bay \u00e0 Saint-John aident \u00e0 d\u00e9charger de la nourriture destin\u00e9e aux familles sans-abri dans toute l\u2019\u00eele au mois de mai. [Photo : F\u00e9d\u00e9ration du Nord de la Cara\u00efbe]<\/p><\/div>Dans l\u2019\u00e9glise adventiste d\u2019Agape \u00e0 St. Thomas, les Services Communautaires ont pr\u00e9par\u00e9 des repas nourrissants pour les personnes \u00e2g\u00e9es, les personnes en situation de handicap et pour les familles avec de jeunes enfants. En faisant le compte des vies touch\u00e9es gr\u00e2ce \u00e0 l\u2019action men\u00e9e, il apparait que l\u2019\u00e9glise a distribu\u00e9 157 repas, 72 ouvrages et a offert une assistance t\u00e9l\u00e9phonique permettant aux familles d\u2019entrer en contact avec leurs proches.<\/p>\n<p>\u00ab Quelle opportunit\u00e9 de d\u00e9montrer que nous sommes l\u00e0 pour eux, \u00bb a d\u00e9clar\u00e9 Berthiel Flemming, membre de l\u2019\u00e9quipe des Services Communautaires. \u00ab Les membres se sont r\u00e9unis dans un esprit de sollicitude et ont d\u00e9montr\u00e9 leur amour \u00e0 leur communaut\u00e9. \u00bb<\/p>\n<p>Pasteur Danny Philip, qui dirige les deux congr\u00e9gations, a d\u00e9clar\u00e9 : \u00ab Ils sont d\u00e9termin\u00e9s et font preuve de d\u00e9vouement dans ce qu\u2019ils font. Gr\u00e2ce \u00e0 leur constance, ils ont maintenant gagn\u00e9 la confiance de la communaut\u00e9 qui les soutient alors qu\u2019ils r\u00e9pondent aux besoins de la communaut\u00e9. \u00bb<\/p>\n<p>Traduction: Patrick Luciathe<\/p>\n","protected":false},"excerpt":{"rendered":"<p>12 Juin 2020 | Sainte-Croix, \u00celes Vierges am\u00e9ricaines | \u00c9quipe Information de NCC \/ \u00c9quipe Informations DIA Repr\u00e9sentant le visage de la compassion envers les communaut\u00e9s qui vivent dans la&#8230;<\/p>\n","protected":false},"author":3,"featured_media":59696,"comment_status":"open","ping_status":"closed","sticky":false,"template":"","format":"standard","meta":{"_acf_changed":false,"footnotes":""},"categories":[21,19],"tags":[],"class_list":["post-59704","post","type-post","status-publish","format-standard","has-post-thumbnail","hentry","category-nouvelles-du-territoire","category-rss-francais"],"acf":[],"yoast_head":"<!-- This site is optimized with the Yoast SEO plugin v27.3 - https:\/\/yoast.com\/product\/yoast-seo-wordpress\/ -->\n<title>Les services communautaires adventistes de St. Thomas et de St. John aident des dizaines de familles sans abri - \u00c9glise Adventiste Du Septieme Jour - Inter Am\u00e9rique Division<\/title>\n<meta name=\"robots\" content=\"index, follow, max-snippet:-1, max-image-preview:large, max-video-preview:-1\" \/>\n<link rel=\"canonical\" href=\"https:\/\/interamerica.org\/fr\/2020\/06\/les-services-communautaires-adventistes-de-st-thomas-et-de-st-john-aident-des-dizaines-de-familles-sans-abri\/\" \/>\n<meta property=\"og:locale\" content=\"fr_FR\" \/>\n<meta property=\"og:type\" content=\"article\" \/>\n<meta property=\"og:title\" content=\"Les services communautaires adventistes de St. Thomas et de St. John aident des dizaines de familles sans abri - \u00c9glise Adventiste Du Septieme Jour - Inter Am\u00e9rique Division\" \/>\n<meta property=\"og:description\" content=\"12 Juin 2020 | Sainte-Croix, \u00celes Vierges am\u00e9ricaines | \u00c9quipe Information de NCC \/ \u00c9quipe Informations DIA Repr\u00e9sentant le visage de la compassion envers les communaut\u00e9s qui vivent dans la...\" \/>\n<meta property=\"og:url\" content=\"https:\/\/interamerica.org\/fr\/2020\/06\/les-services-communautaires-adventistes-de-st-thomas-et-de-st-john-aident-des-dizaines-de-familles-sans-abri\/\" \/>\n<meta property=\"og:site_name\" content=\"\u00c9glise Adventiste Du Septieme Jour - Inter Am\u00e9rique Division\" \/>\n<meta property=\"article:published_time\" content=\"2020-06-12T17:40:27+00:00\" \/>\n<meta property=\"article:modified_time\" content=\"2020-06-13T00:01:36+00:00\" \/>\n<meta property=\"og:image\" content=\"https:\/\/interamerica.org\/wp-content\/uploads\/2020\/06\/st-thomas-feeding-may2020.jpg\" \/>\n\t<meta property=\"og:image:width\" content=\"1280\" \/>\n\t<meta property=\"og:image:height\" content=\"800\" \/>\n\t<meta property=\"og:image:type\" content=\"image\/jpeg\" \/>\n<meta name=\"author\" content=\"libna\" \/>\n<meta name=\"twitter:card\" content=\"summary_large_image\" \/>\n<meta name=\"twitter:label1\" content=\"\u00c9crit par\" \/>\n\t<meta name=\"twitter:data1\" content=\"libna\" \/>\n\t<meta name=\"twitter:label2\" content=\"Dur\u00e9e de lecture estim\u00e9e\" \/>\n\t<meta name=\"twitter:data2\" content=\"4 minutes\" \/>\n<script type=\"application\/ld+json\" class=\"yoast-schema-graph\">{\"@context\":\"https:\\\/\\\/schema.org\",\"@graph\":[{\"@type\":\"Article\",\"@id\":\"https:\\\/\\\/interamerica.org\\\/fr\\\/2020\\\/06\\\/les-services-communautaires-adventistes-de-st-thomas-et-de-st-john-aident-des-dizaines-de-familles-sans-abri\\\/#article\",\"isPartOf\":{\"@id\":\"https:\\\/\\\/interamerica.org\\\/fr\\\/2020\\\/06\\\/les-services-communautaires-adventistes-de-st-thomas-et-de-st-john-aident-des-dizaines-de-familles-sans-abri\\\/\"},\"author\":{\"name\":\"libna\",\"@id\":\"https:\\\/\\\/interamerica.org\\\/fr\\\/#\\\/schema\\\/person\\\/29998f2bc2d8bd0d38662909289b54f1\"},\"headline\":\"Les services communautaires adventistes de St. Thomas et de St. John aident des dizaines de familles sans abri\",\"datePublished\":\"2020-06-12T17:40:27+00:00\",\"dateModified\":\"2020-06-13T00:01:36+00:00\",\"mainEntityOfPage\":{\"@id\":\"https:\\\/\\\/interamerica.org\\\/fr\\\/2020\\\/06\\\/les-services-communautaires-adventistes-de-st-thomas-et-de-st-john-aident-des-dizaines-de-familles-sans-abri\\\/\"},\"wordCount\":740,\"commentCount\":0,\"image\":{\"@id\":\"https:\\\/\\\/interamerica.org\\\/fr\\\/2020\\\/06\\\/les-services-communautaires-adventistes-de-st-thomas-et-de-st-john-aident-des-dizaines-de-familles-sans-abri\\\/#primaryimage\"},\"thumbnailUrl\":\"https:\\\/\\\/interamerica.org\\\/wp-content\\\/uploads\\\/2020\\\/06\\\/st-thomas-feeding-may2020.jpg\",\"articleSection\":[\"Nouvelles du territoire\",\"RSS Fran\u00e7ais\"],\"inLanguage\":\"fr-FR\",\"potentialAction\":[{\"@type\":\"CommentAction\",\"name\":\"Comment\",\"target\":[\"https:\\\/\\\/interamerica.org\\\/fr\\\/2020\\\/06\\\/les-services-communautaires-adventistes-de-st-thomas-et-de-st-john-aident-des-dizaines-de-familles-sans-abri\\\/#respond\"]}]},{\"@type\":\"WebPage\",\"@id\":\"https:\\\/\\\/interamerica.org\\\/fr\\\/2020\\\/06\\\/les-services-communautaires-adventistes-de-st-thomas-et-de-st-john-aident-des-dizaines-de-familles-sans-abri\\\/\",\"url\":\"https:\\\/\\\/interamerica.org\\\/fr\\\/2020\\\/06\\\/les-services-communautaires-adventistes-de-st-thomas-et-de-st-john-aident-des-dizaines-de-familles-sans-abri\\\/\",\"name\":\"Les services communautaires adventistes de St. Thomas et de St. John aident des dizaines de familles sans abri - \u00c9glise Adventiste Du Septieme Jour - Inter Am\u00e9rique Division\",\"isPartOf\":{\"@id\":\"https:\\\/\\\/interamerica.org\\\/fr\\\/#website\"},\"primaryImageOfPage\":{\"@id\":\"https:\\\/\\\/interamerica.org\\\/fr\\\/2020\\\/06\\\/les-services-communautaires-adventistes-de-st-thomas-et-de-st-john-aident-des-dizaines-de-familles-sans-abri\\\/#primaryimage\"},\"image\":{\"@id\":\"https:\\\/\\\/interamerica.org\\\/fr\\\/2020\\\/06\\\/les-services-communautaires-adventistes-de-st-thomas-et-de-st-john-aident-des-dizaines-de-familles-sans-abri\\\/#primaryimage\"},\"thumbnailUrl\":\"https:\\\/\\\/interamerica.org\\\/wp-content\\\/uploads\\\/2020\\\/06\\\/st-thomas-feeding-may2020.jpg\",\"datePublished\":\"2020-06-12T17:40:27+00:00\",\"dateModified\":\"2020-06-13T00:01:36+00:00\",\"author\":{\"@id\":\"https:\\\/\\\/interamerica.org\\\/fr\\\/#\\\/schema\\\/person\\\/29998f2bc2d8bd0d38662909289b54f1\"},\"breadcrumb\":{\"@id\":\"https:\\\/\\\/interamerica.org\\\/fr\\\/2020\\\/06\\\/les-services-communautaires-adventistes-de-st-thomas-et-de-st-john-aident-des-dizaines-de-familles-sans-abri\\\/#breadcrumb\"},\"inLanguage\":\"fr-FR\",\"potentialAction\":[{\"@type\":\"ReadAction\",\"target\":[\"https:\\\/\\\/interamerica.org\\\/fr\\\/2020\\\/06\\\/les-services-communautaires-adventistes-de-st-thomas-et-de-st-john-aident-des-dizaines-de-familles-sans-abri\\\/\"]}]},{\"@type\":\"ImageObject\",\"inLanguage\":\"fr-FR\",\"@id\":\"https:\\\/\\\/interamerica.org\\\/fr\\\/2020\\\/06\\\/les-services-communautaires-adventistes-de-st-thomas-et-de-st-john-aident-des-dizaines-de-familles-sans-abri\\\/#primaryimage\",\"url\":\"https:\\\/\\\/interamerica.org\\\/wp-content\\\/uploads\\\/2020\\\/06\\\/st-thomas-feeding-may2020.jpg\",\"contentUrl\":\"https:\\\/\\\/interamerica.org\\\/wp-content\\\/uploads\\\/2020\\\/06\\\/st-thomas-feeding-may2020.jpg\",\"width\":1280,\"height\":800,\"caption\":\"[Photo : F\u00e9d\u00e9ration du Nord de la Cara\u00efbe]\"},{\"@type\":\"BreadcrumbList\",\"@id\":\"https:\\\/\\\/interamerica.org\\\/fr\\\/2020\\\/06\\\/les-services-communautaires-adventistes-de-st-thomas-et-de-st-john-aident-des-dizaines-de-familles-sans-abri\\\/#breadcrumb\",\"itemListElement\":[{\"@type\":\"ListItem\",\"position\":1,\"name\":\"Home\",\"item\":\"https:\\\/\\\/interamerica.org\\\/fr\\\/\"},{\"@type\":\"ListItem\",\"position\":2,\"name\":\"Les services communautaires adventistes de St. Thomas et de St. John aident des dizaines de familles sans abri\"}]},{\"@type\":\"WebSite\",\"@id\":\"https:\\\/\\\/interamerica.org\\\/fr\\\/#website\",\"url\":\"https:\\\/\\\/interamerica.org\\\/fr\\\/\",\"name\":\"\u00c9glise Adventiste Du Septieme Jour - Inter Am\u00e9rique Division\",\"description\":\"\",\"potentialAction\":[{\"@type\":\"SearchAction\",\"target\":{\"@type\":\"EntryPoint\",\"urlTemplate\":\"https:\\\/\\\/interamerica.org\\\/fr\\\/?s={search_term_string}\"},\"query-input\":{\"@type\":\"PropertyValueSpecification\",\"valueRequired\":true,\"valueName\":\"search_term_string\"}}],\"inLanguage\":\"fr-FR\"},{\"@type\":\"Person\",\"@id\":\"https:\\\/\\\/interamerica.org\\\/fr\\\/#\\\/schema\\\/person\\\/29998f2bc2d8bd0d38662909289b54f1\",\"name\":\"libna\",\"image\":{\"@type\":\"ImageObject\",\"inLanguage\":\"fr-FR\",\"@id\":\"https:\\\/\\\/secure.gravatar.com\\\/avatar\\\/7c5bd30ae4b47a9ba3c856590957fd1d96dc588bf3ac05719d247e126840331f?s=96&d=mm&r=g\",\"url\":\"https:\\\/\\\/secure.gravatar.com\\\/avatar\\\/7c5bd30ae4b47a9ba3c856590957fd1d96dc588bf3ac05719d247e126840331f?s=96&d=mm&r=g\",\"contentUrl\":\"https:\\\/\\\/secure.gravatar.com\\\/avatar\\\/7c5bd30ae4b47a9ba3c856590957fd1d96dc588bf3ac05719d247e126840331f?s=96&d=mm&r=g\",\"caption\":\"libna\"}}]}<\/script>\n<!-- \/ Yoast SEO plugin. -->","yoast_head_json":{"title":"Les services communautaires adventistes de St. Thomas et de St. John aident des dizaines de familles sans abri - \u00c9glise Adventiste Du Septieme Jour - Inter Am\u00e9rique Division","robots":{"index":"index","follow":"follow","max-snippet":"max-snippet:-1","max-image-preview":"max-image-preview:large","max-video-preview":"max-video-preview:-1"},"canonical":"https:\/\/interamerica.org\/fr\/2020\/06\/les-services-communautaires-adventistes-de-st-thomas-et-de-st-john-aident-des-dizaines-de-familles-sans-abri\/","og_locale":"fr_FR","og_type":"article","og_title":"Les services communautaires adventistes de St. Thomas et de St. John aident des dizaines de familles sans abri - \u00c9glise Adventiste Du Septieme Jour - Inter Am\u00e9rique Division","og_description":"12 Juin 2020 | Sainte-Croix, \u00celes Vierges am\u00e9ricaines | \u00c9quipe Information de NCC \/ \u00c9quipe Informations DIA Repr\u00e9sentant le visage de la compassion envers les communaut\u00e9s qui vivent dans la...","og_url":"https:\/\/interamerica.org\/fr\/2020\/06\/les-services-communautaires-adventistes-de-st-thomas-et-de-st-john-aident-des-dizaines-de-familles-sans-abri\/","og_site_name":"\u00c9glise Adventiste Du Septieme Jour - Inter Am\u00e9rique Division","article_published_time":"2020-06-12T17:40:27+00:00","article_modified_time":"2020-06-13T00:01:36+00:00","og_image":[{"width":1280,"height":800,"url":"https:\/\/interamerica.org\/wp-content\/uploads\/2020\/06\/st-thomas-feeding-may2020.jpg","type":"image\/jpeg"}],"author":"libna","twitter_card":"summary_large_image","twitter_misc":{"\u00c9crit par":"libna","Dur\u00e9e de lecture estim\u00e9e":"4 minutes"},"schema":{"@context":"https:\/\/schema.org","@graph":[{"@type":"Article","@id":"https:\/\/interamerica.org\/fr\/2020\/06\/les-services-communautaires-adventistes-de-st-thomas-et-de-st-john-aident-des-dizaines-de-familles-sans-abri\/#article","isPartOf":{"@id":"https:\/\/interamerica.org\/fr\/2020\/06\/les-services-communautaires-adventistes-de-st-thomas-et-de-st-john-aident-des-dizaines-de-familles-sans-abri\/"},"author":{"name":"libna","@id":"https:\/\/interamerica.org\/fr\/#\/schema\/person\/29998f2bc2d8bd0d38662909289b54f1"},"headline":"Les services communautaires adventistes de St. Thomas et de St. John aident des dizaines de familles sans abri","datePublished":"2020-06-12T17:40:27+00:00","dateModified":"2020-06-13T00:01:36+00:00","mainEntityOfPage":{"@id":"https:\/\/interamerica.org\/fr\/2020\/06\/les-services-communautaires-adventistes-de-st-thomas-et-de-st-john-aident-des-dizaines-de-familles-sans-abri\/"},"wordCount":740,"commentCount":0,"image":{"@id":"https:\/\/interamerica.org\/fr\/2020\/06\/les-services-communautaires-adventistes-de-st-thomas-et-de-st-john-aident-des-dizaines-de-familles-sans-abri\/#primaryimage"},"thumbnailUrl":"https:\/\/interamerica.org\/wp-content\/uploads\/2020\/06\/st-thomas-feeding-may2020.jpg","articleSection":["Nouvelles du territoire","RSS Fran\u00e7ais"],"inLanguage":"fr-FR","potentialAction":[{"@type":"CommentAction","name":"Comment","target":["https:\/\/interamerica.org\/fr\/2020\/06\/les-services-communautaires-adventistes-de-st-thomas-et-de-st-john-aident-des-dizaines-de-familles-sans-abri\/#respond"]}]},{"@type":"WebPage","@id":"https:\/\/interamerica.org\/fr\/2020\/06\/les-services-communautaires-adventistes-de-st-thomas-et-de-st-john-aident-des-dizaines-de-familles-sans-abri\/","url":"https:\/\/interamerica.org\/fr\/2020\/06\/les-services-communautaires-adventistes-de-st-thomas-et-de-st-john-aident-des-dizaines-de-familles-sans-abri\/","name":"Les services communautaires adventistes de St. Thomas et de St. John aident des dizaines de familles sans abri - \u00c9glise Adventiste Du Septieme Jour - Inter Am\u00e9rique Division","isPartOf":{"@id":"https:\/\/interamerica.org\/fr\/#website"},"primaryImageOfPage":{"@id":"https:\/\/interamerica.org\/fr\/2020\/06\/les-services-communautaires-adventistes-de-st-thomas-et-de-st-john-aident-des-dizaines-de-familles-sans-abri\/#primaryimage"},"image":{"@id":"https:\/\/interamerica.org\/fr\/2020\/06\/les-services-communautaires-adventistes-de-st-thomas-et-de-st-john-aident-des-dizaines-de-familles-sans-abri\/#primaryimage"},"thumbnailUrl":"https:\/\/interamerica.org\/wp-content\/uploads\/2020\/06\/st-thomas-feeding-may2020.jpg","datePublished":"2020-06-12T17:40:27+00:00","dateModified":"2020-06-13T00:01:36+00:00","author":{"@id":"https:\/\/interamerica.org\/fr\/#\/schema\/person\/29998f2bc2d8bd0d38662909289b54f1"},"breadcrumb":{"@id":"https:\/\/interamerica.org\/fr\/2020\/06\/les-services-communautaires-adventistes-de-st-thomas-et-de-st-john-aident-des-dizaines-de-familles-sans-abri\/#breadcrumb"},"inLanguage":"fr-FR","potentialAction":[{"@type":"ReadAction","target":["https:\/\/interamerica.org\/fr\/2020\/06\/les-services-communautaires-adventistes-de-st-thomas-et-de-st-john-aident-des-dizaines-de-familles-sans-abri\/"]}]},{"@type":"ImageObject","inLanguage":"fr-FR","@id":"https:\/\/interamerica.org\/fr\/2020\/06\/les-services-communautaires-adventistes-de-st-thomas-et-de-st-john-aident-des-dizaines-de-familles-sans-abri\/#primaryimage","url":"https:\/\/interamerica.org\/wp-content\/uploads\/2020\/06\/st-thomas-feeding-may2020.jpg","contentUrl":"https:\/\/interamerica.org\/wp-content\/uploads\/2020\/06\/st-thomas-feeding-may2020.jpg","width":1280,"height":800,"caption":"[Photo : F\u00e9d\u00e9ration du Nord de la Cara\u00efbe]"},{"@type":"BreadcrumbList","@id":"https:\/\/interamerica.org\/fr\/2020\/06\/les-services-communautaires-adventistes-de-st-thomas-et-de-st-john-aident-des-dizaines-de-familles-sans-abri\/#breadcrumb","itemListElement":[{"@type":"ListItem","position":1,"name":"Home","item":"https:\/\/interamerica.org\/fr\/"},{"@type":"ListItem","position":2,"name":"Les services communautaires adventistes de St. Thomas et de St. John aident des dizaines de familles sans abri"}]},{"@type":"WebSite","@id":"https:\/\/interamerica.org\/fr\/#website","url":"https:\/\/interamerica.org\/fr\/","name":"\u00c9glise Adventiste Du Septieme Jour - Inter Am\u00e9rique Division","description":"","potentialAction":[{"@type":"SearchAction","target":{"@type":"EntryPoint","urlTemplate":"https:\/\/interamerica.org\/fr\/?s={search_term_string}"},"query-input":{"@type":"PropertyValueSpecification","valueRequired":true,"valueName":"search_term_string"}}],"inLanguage":"fr-FR"},{"@type":"Person","@id":"https:\/\/interamerica.org\/fr\/#\/schema\/person\/29998f2bc2d8bd0d38662909289b54f1","name":"libna","image":{"@type":"ImageObject","inLanguage":"fr-FR","@id":"https:\/\/secure.gravatar.com\/avatar\/7c5bd30ae4b47a9ba3c856590957fd1d96dc588bf3ac05719d247e126840331f?s=96&d=mm&r=g","url":"https:\/\/secure.gravatar.com\/avatar\/7c5bd30ae4b47a9ba3c856590957fd1d96dc588bf3ac05719d247e126840331f?s=96&d=mm&r=g","contentUrl":"https:\/\/secure.gravatar.com\/avatar\/7c5bd30ae4b47a9ba3c856590957fd1d96dc588bf3ac05719d247e126840331f?s=96&d=mm&r=g","caption":"libna"}}]}},"_links":{"self":[{"href":"https:\/\/interamerica.org\/fr\/wp-json\/wp\/v2\/posts\/59704","targetHints":{"allow":["GET"]}}],"collection":[{"href":"https:\/\/interamerica.org\/fr\/wp-json\/wp\/v2\/posts"}],"about":[{"href":"https:\/\/interamerica.org\/fr\/wp-json\/wp\/v2\/types\/post"}],"author":[{"embeddable":true,"href":"https:\/\/interamerica.org\/fr\/wp-json\/wp\/v2\/users\/3"}],"replies":[{"embeddable":true,"href":"https:\/\/interamerica.org\/fr\/wp-json\/wp\/v2\/comments?post=59704"}],"version-history":[{"count":0,"href":"https:\/\/interamerica.org\/fr\/wp-json\/wp\/v2\/posts\/59704\/revisions"}],"wp:featuredmedia":[{"embeddable":true,"href":"https:\/\/interamerica.org\/fr\/wp-json\/wp\/v2\/media\/59696"}],"wp:attachment":[{"href":"https:\/\/interamerica.org\/fr\/wp-json\/wp\/v2\/media?parent=59704"}],"wp:term":[{"taxonomy":"category","embeddable":true,"href":"https:\/\/interamerica.org\/fr\/wp-json\/wp\/v2\/categories?post=59704"},{"taxonomy":"post_tag","embeddable":true,"href":"https:\/\/interamerica.org\/fr\/wp-json\/wp\/v2\/tags?post=59704"}],"curies":[{"name":"wp","href":"https:\/\/api.w.org\/{rel}","templated":true}]}}