{"id":59738,"date":"2020-06-14T20:14:09","date_gmt":"2020-06-15T00:14:09","guid":{"rendered":"https:\/\/recursing-golick.147-182-135-0.plesk.page\/?p=59738"},"modified":"2020-07-05T19:28:13","modified_gmt":"2020-07-05T23:28:13","slug":"un-message-special-du-pasteur-ted-wilson-sur-les-propheties-et-le-sabbat","status":"publish","type":"post","link":"https:\/\/interamerica.org\/fr\/2020\/06\/un-message-special-du-pasteur-ted-wilson-sur-les-propheties-et-le-sabbat\/","title":{"rendered":"Un message sp\u00e9cial du pasteur Ted Wilson sur les proph\u00e9ties et le sabbat"},"content":{"rendered":"<p><span class=\"byline-news\"><span lang=\"FR-CA\">Le 14 juin 2020 | Silver Spring, Maryland, \u00c9tats-Unis | Ted N. C.\u00a0 <\/span><\/span><span class=\"byline-news\">Wilson<\/span><\/p>\n<p><span class=\"cap\"><span lang=\"FR-CA\">Nous voil\u00e0 encore une fois rassembl\u00e9s par voie \u00e9lectronique. Cet arrangement pose de nombreux d\u00e9fis, car nous ne pouvons nous voir en personne, notamment \u00e0 l\u2019\u00e9glise. Heureusement, Dieu nous aide \u00e0 passer au travers. Je vous encourage \u00e0 avoir bon espoir, \u00e0 \u00eatre les mains et les pieds de Dieu pour aider les autres et r\u00e9pandre espoir et gu\u00e9rison.<\/span><\/span><\/p>\n<p><span class=\"cap\"><span lang=\"FR-CA\">Vous savez, Dieu veut diriger notre attention vers le proche retour du Christ, et nous avons consid\u00e9r\u00e9 plusieurs passages au cours des derni\u00e8res semaines, dont Matthieu\u00a024 et, avant cela, Daniel\u00a02, cet incroyable chapitre que j\u2019affectionne particuli\u00e8rement. J\u00e9sus revient bient\u00f4t, et c\u2019est exactement ce que les proph\u00e9ties nous r\u00e9v\u00e8lent.<\/span><\/span><\/p>\n<p><span class=\"cap\"><span lang=\"FR-CA\">Mais tournons maintenant vers Daniel\u00a07. Dans ce chapitre, certaines grandes caract\u00e9ristiques sont tr\u00e8s semblables \u00e0 celles de Daniel\u00a02, et elles sont fascinantes en ce qu\u2019elles repr\u00e9sentent diff\u00e9rents royaumes. Et comme nous n\u2019avons pas beaucoup de temps pour approfondir le sujet, nous n\u2019allons que l\u2019effleurer, mais ensuite, nous verrons qu\u2019une chose tr\u00e8s int\u00e9ressante sortira de la quatri\u00e8me b\u00eate ou de la quatri\u00e8me puissance.<\/span><\/span><\/p>\n<p><span class=\"cap\"><span lang=\"FR-CA\">Et en lisant le verset trois, nous voyons quatre grands animaux sortir de la mer, tous diff\u00e9rents les uns des autres. Puis, au verset quatre, nous d\u00e9couvrons un lion qui a des ailes d\u2019aigle. Comme nous le savons, il repr\u00e9sente Babylone, comme au chapitre deux, sauf que le royaume est repr\u00e9sent\u00e9 par des symboles diff\u00e9rents. Ensuite, soudainement, au verset cinq, un ours appara\u00eet et il se tient sur un seul c\u00f4t\u00e9, tenant trois c\u00f4tes entre ses dents; il repr\u00e9sente le royaume des M\u00e8des et des Perses.<\/span><\/span><\/p>\n<p><span class=\"cap\"><span lang=\"FR-CA\">Apr\u00e8s cela, on apprend, au verset six, que le prochain animal \u00e0 appara\u00eetre est un l\u00e9opard. \u00ab\u00a0Apr\u00e8s cela je regardais, et voici, un autre \u00e9tait semblable \u00e0 un l\u00e9opard, et avait sur le dos quatre ailes comme un oiseau; cet animal avait quatre t\u00eates, et la domination lui fut donn\u00e9e.\u00a0\u00bb Celui-ci, \u00e9videmment, repr\u00e9sente l\u2019empire de la Gr\u00e8ce et sa grande vitesse de conqu\u00eate ainsi que les quatre g\u00e9n\u00e9raux qui ont pris le pouvoir apr\u00e8s la mort d\u2019Alexandre le Grand.<\/span><\/span><\/p>\n<p><span class=\"cap\"><span lang=\"FR-CA\">Ensuite, au verset sept, il est \u00e9crit ceci\u00a0: \u00ab\u00a0Apr\u00e8s cela je regardais pendant mes visions nocturnes, et voici, il y avait un quatri\u00e8me animal, terrible, \u00e9pouvantable et extraordinairement fort; il avait de grandes dents de fer, il mangeait, brisait, et il foulait aux pieds ce qui restait; il \u00e9tait diff\u00e9rent de tous les animaux pr\u00e9c\u00e9dents, et il avait dix cornes.\u00a0\u00bb On parle ici de l\u2019Empire romain, qui s\u2019est ult\u00e9rieurement divis\u00e9 en dix royaumes.<\/span><\/span><\/p>\n<p><span class=\"cap\"><span lang=\"FR-CA\">Maintenant, le verset huit est fascinant, alors nous y jetterons un coup d\u2019\u0153il \u00e9galement\u00a0: \u00ab\u00a0Je consid\u00e9rais les cornes, et voici, une autre petite corne sortit du milieu d\u2019elles, et trois des premi\u00e8res cornes furent arrach\u00e9es devant cette corne; et voici, elle avait des yeux comme des yeux d\u2019homme, et une bouche qui parlait avec arrogance.\u00a0\u00bb<\/span><\/span><\/p>\n<p><span class=\"cap\"><span lang=\"FR-CA\">Cette petite corne est une puissance politico-religieuse qui sort des derniers royaumes qui apparaissent dans ce chapitre. Et ce royaume, cette puissance politico-religieuse, parle avec arrogance et cherche \u00e0 changer les temps et les lois. Puis, \u00e9videmment, Daniel donne plus de d\u00e9tails au chapitre huit.<\/span><\/span><\/p>\n<p><span class=\"cap\"><span lang=\"FR-CA\">Je veux vous dire que de grands efforts sont faits pour changer la loi de Dieu, et elle a \u00e9t\u00e9 chang\u00e9e, mais pas totalement, car nous pouvons toujours observer le sabbat du septi\u00e8me jour, le sceau de Dieu, son lien sp\u00e9cial avec nous. C\u2019est en l\u2019observant que nous comprenons qu\u2019il est le Cr\u00e9ateur, que toute l\u2019autorit\u00e9 lui appartient. Je veux vous dire qu\u2019\u00e0 la fin, Dieu l\u2019emportera et que cette petite corne ne parviendra pas \u00e0 ses fins, car Dieu a la ma\u00eetrise de tout.<\/span><\/span><\/p>\n<p><span class=\"cap\"><span lang=\"FR-CA\">Je voudrais lire un passage tr\u00e8s int\u00e9ressant de <i>La trag\u00e9die des si\u00e8cles<\/i>, p.\u00a0635\u00a0: \u00ab\u00a0Quand la r\u00e9forme du jour du repos et le retour au quatri\u00e8me commandement se propageront, [le rejet] de la loi deviendra quasi universel.\u00a0\u00bb Le quatri\u00e8me commandement nous ordonne \u00e9videmment d\u2019observer le jour du sabbat du septi\u00e8me jour et de nous en souvenir, par la puissance de Dieu. \u00ab\u00a0Les enseignements des conducteurs religieux ont ouvert la porte \u00e0 l\u2019incr\u00e9dulit\u00e9, au spiritisme et au m\u00e9pris de la loi de Dieu; c\u2019est sur eux que repose la responsabilit\u00e9 de l\u2019iniquit\u00e9 qui r\u00e8gne dans la chr\u00e9tient\u00e9.\u00a0\u00bb<\/span><\/span><\/p>\n<p><span class=\"cap\"><span lang=\"FR-CA\">Mes chers amis, bien que nous traversions une p\u00e9riode tr\u00e8s difficile, prenez courage! Soyez les mains et les pieds de J\u00e9sus et offrez de la gu\u00e9rison et de l\u2019espoir autour de vous, pr\u00e9sentant aux gens les Messages des trois anges d\u2019Apocalypse\u00a014 ainsi que celui du quatri\u00e8me ange d\u2019Apocalypse\u00a018, qui se rapportent tous \u00e0 Daniel\u00a07 et 8.<\/span><\/span><\/p>\n<p><span class=\"cap\"><span lang=\"FR-CA\">Dieu obtiendra la victoire, J\u00e9sus revient bient\u00f4t. Laissez-moi prier avec vous.<\/span><\/span><\/p>\n<p><span class=\"cap\"><span lang=\"FR-CA\">P\u00e8re c\u00e9leste, merci d\u2019\u00eatre en contr\u00f4le. Merci de la fa\u00e7on dont tu as la ma\u00eetrise de nos vies ainsi que de la destin\u00e9e de ce monde. Merci pour les Messages des trois anges. Merci pour les proph\u00e9ties qui nous ont \u00e9t\u00e9 donn\u00e9es pour nous aider \u00e0 savoir que, m\u00eame si des moments difficiles sont \u00e0 venir, tu l\u2019emporteras et que ton pr\u00e9cieux sabbat du septi\u00e8me jour est le sceau de Dieu. Merci du fait qu\u2019il triomphera \u00e0 la fin. Seigneur, accompagne chacun de nous alors que nous proclamons ta Parole par de merveilleux gestes de bont\u00e9 et que nous menons les gens vers la sainte Parole de Dieu et vers les proph\u00e9ties qui annoncent le proche retour de J\u00e9sus. Nous te demandons toutes ces choses au nom du Christ, amen.<\/span><\/span><\/p>\n<p><iframe title=\"Un Message Sp\u00e9cial par le Pasteur Ted Wilson\" width=\"500\" height=\"281\" src=\"https:\/\/www.youtube.com\/embed\/PTiWSNce8oM?feature=oembed\" frameborder=\"0\" allow=\"accelerometer; autoplay; clipboard-write; encrypted-media; gyroscope; picture-in-picture; web-share\" referrerpolicy=\"strict-origin-when-cross-origin\" allowfullscreen><\/iframe><\/p>\n","protected":false},"excerpt":{"rendered":"<p>Le 14 juin 2020 | Silver Spring, Maryland, \u00c9tats-Unis | Ted N. C.\u00a0 Wilson Nous voil\u00e0 encore une fois rassembl\u00e9s par voie \u00e9lectronique. Cet arrangement pose de nombreux d\u00e9fis, car&#8230;<\/p>\n","protected":false},"author":3,"featured_media":59723,"comment_status":"open","ping_status":"closed","sticky":false,"template":"","format":"standard","meta":{"_acf_changed":false,"footnotes":""},"categories":[18,19],"tags":[],"class_list":["post-59738","post","type-post","status-publish","format-standard","has-post-thumbnail","hentry","category-nouvelles-de-leglise-mondiale","category-rss-francais"],"acf":[],"yoast_head":"<!-- This site is optimized with the Yoast SEO plugin v27.3 - https:\/\/yoast.com\/product\/yoast-seo-wordpress\/ -->\n<title>Un message sp\u00e9cial du pasteur Ted Wilson sur les proph\u00e9ties et le sabbat - \u00c9glise Adventiste Du Septieme Jour - Inter Am\u00e9rique Division<\/title>\n<meta name=\"robots\" content=\"index, follow, max-snippet:-1, max-image-preview:large, max-video-preview:-1\" \/>\n<link rel=\"canonical\" href=\"https:\/\/interamerica.org\/fr\/2020\/06\/un-message-special-du-pasteur-ted-wilson-sur-les-propheties-et-le-sabbat\/\" \/>\n<meta property=\"og:locale\" content=\"fr_FR\" \/>\n<meta property=\"og:type\" content=\"article\" \/>\n<meta property=\"og:title\" content=\"Un message sp\u00e9cial du pasteur Ted Wilson sur les proph\u00e9ties et le sabbat - \u00c9glise Adventiste Du Septieme Jour - Inter Am\u00e9rique Division\" \/>\n<meta property=\"og:description\" content=\"Le 14 juin 2020 | Silver Spring, Maryland, \u00c9tats-Unis | Ted N. C.\u00a0 Wilson Nous voil\u00e0 encore une fois rassembl\u00e9s par voie \u00e9lectronique. Cet arrangement pose de nombreux d\u00e9fis, car...\" \/>\n<meta property=\"og:url\" content=\"https:\/\/interamerica.org\/fr\/2020\/06\/un-message-special-du-pasteur-ted-wilson-sur-les-propheties-et-le-sabbat\/\" \/>\n<meta property=\"og:site_name\" content=\"\u00c9glise Adventiste Du Septieme Jour - Inter Am\u00e9rique Division\" \/>\n<meta property=\"article:published_time\" content=\"2020-06-15T00:14:09+00:00\" \/>\n<meta property=\"article:modified_time\" content=\"2020-07-05T23:28:13+00:00\" \/>\n<meta property=\"og:image\" content=\"https:\/\/interamerica.org\/wp-content\/uploads\/2020\/06\/wilson15.jpg\" \/>\n\t<meta property=\"og:image:width\" content=\"1000\" \/>\n\t<meta property=\"og:image:height\" content=\"500\" \/>\n\t<meta property=\"og:image:type\" content=\"image\/jpeg\" \/>\n<meta name=\"author\" content=\"libna\" \/>\n<meta name=\"twitter:card\" content=\"summary_large_image\" \/>\n<meta name=\"twitter:label1\" content=\"\u00c9crit par\" \/>\n\t<meta name=\"twitter:data1\" content=\"libna\" \/>\n\t<meta name=\"twitter:label2\" content=\"Dur\u00e9e de lecture estim\u00e9e\" \/>\n\t<meta name=\"twitter:data2\" content=\"5 minutes\" \/>\n<script type=\"application\/ld+json\" class=\"yoast-schema-graph\">{\"@context\":\"https:\\\/\\\/schema.org\",\"@graph\":[{\"@type\":\"Article\",\"@id\":\"https:\\\/\\\/interamerica.org\\\/fr\\\/2020\\\/06\\\/un-message-special-du-pasteur-ted-wilson-sur-les-propheties-et-le-sabbat\\\/#article\",\"isPartOf\":{\"@id\":\"https:\\\/\\\/interamerica.org\\\/fr\\\/2020\\\/06\\\/un-message-special-du-pasteur-ted-wilson-sur-les-propheties-et-le-sabbat\\\/\"},\"author\":{\"name\":\"libna\",\"@id\":\"https:\\\/\\\/interamerica.org\\\/fr\\\/#\\\/schema\\\/person\\\/29998f2bc2d8bd0d38662909289b54f1\"},\"headline\":\"Un message sp\u00e9cial du pasteur Ted Wilson sur les proph\u00e9ties et le sabbat\",\"datePublished\":\"2020-06-15T00:14:09+00:00\",\"dateModified\":\"2020-07-05T23:28:13+00:00\",\"mainEntityOfPage\":{\"@id\":\"https:\\\/\\\/interamerica.org\\\/fr\\\/2020\\\/06\\\/un-message-special-du-pasteur-ted-wilson-sur-les-propheties-et-le-sabbat\\\/\"},\"wordCount\":1030,\"commentCount\":0,\"image\":{\"@id\":\"https:\\\/\\\/interamerica.org\\\/fr\\\/2020\\\/06\\\/un-message-special-du-pasteur-ted-wilson-sur-les-propheties-et-le-sabbat\\\/#primaryimage\"},\"thumbnailUrl\":\"https:\\\/\\\/interamerica.org\\\/wp-content\\\/uploads\\\/2020\\\/06\\\/wilson15.jpg\",\"articleSection\":[\"Nouvelles de l'\u00c9glise mondiale\",\"RSS Fran\u00e7ais\"],\"inLanguage\":\"fr-FR\",\"potentialAction\":[{\"@type\":\"CommentAction\",\"name\":\"Comment\",\"target\":[\"https:\\\/\\\/interamerica.org\\\/fr\\\/2020\\\/06\\\/un-message-special-du-pasteur-ted-wilson-sur-les-propheties-et-le-sabbat\\\/#respond\"]}]},{\"@type\":\"WebPage\",\"@id\":\"https:\\\/\\\/interamerica.org\\\/fr\\\/2020\\\/06\\\/un-message-special-du-pasteur-ted-wilson-sur-les-propheties-et-le-sabbat\\\/\",\"url\":\"https:\\\/\\\/interamerica.org\\\/fr\\\/2020\\\/06\\\/un-message-special-du-pasteur-ted-wilson-sur-les-propheties-et-le-sabbat\\\/\",\"name\":\"Un message sp\u00e9cial du pasteur Ted Wilson sur les proph\u00e9ties et le sabbat - \u00c9glise Adventiste Du Septieme Jour - Inter Am\u00e9rique Division\",\"isPartOf\":{\"@id\":\"https:\\\/\\\/interamerica.org\\\/fr\\\/#website\"},\"primaryImageOfPage\":{\"@id\":\"https:\\\/\\\/interamerica.org\\\/fr\\\/2020\\\/06\\\/un-message-special-du-pasteur-ted-wilson-sur-les-propheties-et-le-sabbat\\\/#primaryimage\"},\"image\":{\"@id\":\"https:\\\/\\\/interamerica.org\\\/fr\\\/2020\\\/06\\\/un-message-special-du-pasteur-ted-wilson-sur-les-propheties-et-le-sabbat\\\/#primaryimage\"},\"thumbnailUrl\":\"https:\\\/\\\/interamerica.org\\\/wp-content\\\/uploads\\\/2020\\\/06\\\/wilson15.jpg\",\"datePublished\":\"2020-06-15T00:14:09+00:00\",\"dateModified\":\"2020-07-05T23:28:13+00:00\",\"author\":{\"@id\":\"https:\\\/\\\/interamerica.org\\\/fr\\\/#\\\/schema\\\/person\\\/29998f2bc2d8bd0d38662909289b54f1\"},\"breadcrumb\":{\"@id\":\"https:\\\/\\\/interamerica.org\\\/fr\\\/2020\\\/06\\\/un-message-special-du-pasteur-ted-wilson-sur-les-propheties-et-le-sabbat\\\/#breadcrumb\"},\"inLanguage\":\"fr-FR\",\"potentialAction\":[{\"@type\":\"ReadAction\",\"target\":[\"https:\\\/\\\/interamerica.org\\\/fr\\\/2020\\\/06\\\/un-message-special-du-pasteur-ted-wilson-sur-les-propheties-et-le-sabbat\\\/\"]}]},{\"@type\":\"ImageObject\",\"inLanguage\":\"fr-FR\",\"@id\":\"https:\\\/\\\/interamerica.org\\\/fr\\\/2020\\\/06\\\/un-message-special-du-pasteur-ted-wilson-sur-les-propheties-et-le-sabbat\\\/#primaryimage\",\"url\":\"https:\\\/\\\/interamerica.org\\\/wp-content\\\/uploads\\\/2020\\\/06\\\/wilson15.jpg\",\"contentUrl\":\"https:\\\/\\\/interamerica.org\\\/wp-content\\\/uploads\\\/2020\\\/06\\\/wilson15.jpg\",\"width\":1000,\"height\":500},{\"@type\":\"BreadcrumbList\",\"@id\":\"https:\\\/\\\/interamerica.org\\\/fr\\\/2020\\\/06\\\/un-message-special-du-pasteur-ted-wilson-sur-les-propheties-et-le-sabbat\\\/#breadcrumb\",\"itemListElement\":[{\"@type\":\"ListItem\",\"position\":1,\"name\":\"Home\",\"item\":\"https:\\\/\\\/interamerica.org\\\/fr\\\/\"},{\"@type\":\"ListItem\",\"position\":2,\"name\":\"Un message sp\u00e9cial du pasteur Ted Wilson sur les proph\u00e9ties et le sabbat\"}]},{\"@type\":\"WebSite\",\"@id\":\"https:\\\/\\\/interamerica.org\\\/fr\\\/#website\",\"url\":\"https:\\\/\\\/interamerica.org\\\/fr\\\/\",\"name\":\"\u00c9glise Adventiste Du Septieme Jour - Inter Am\u00e9rique Division\",\"description\":\"\",\"potentialAction\":[{\"@type\":\"SearchAction\",\"target\":{\"@type\":\"EntryPoint\",\"urlTemplate\":\"https:\\\/\\\/interamerica.org\\\/fr\\\/?s={search_term_string}\"},\"query-input\":{\"@type\":\"PropertyValueSpecification\",\"valueRequired\":true,\"valueName\":\"search_term_string\"}}],\"inLanguage\":\"fr-FR\"},{\"@type\":\"Person\",\"@id\":\"https:\\\/\\\/interamerica.org\\\/fr\\\/#\\\/schema\\\/person\\\/29998f2bc2d8bd0d38662909289b54f1\",\"name\":\"libna\",\"image\":{\"@type\":\"ImageObject\",\"inLanguage\":\"fr-FR\",\"@id\":\"https:\\\/\\\/secure.gravatar.com\\\/avatar\\\/7c5bd30ae4b47a9ba3c856590957fd1d96dc588bf3ac05719d247e126840331f?s=96&d=mm&r=g\",\"url\":\"https:\\\/\\\/secure.gravatar.com\\\/avatar\\\/7c5bd30ae4b47a9ba3c856590957fd1d96dc588bf3ac05719d247e126840331f?s=96&d=mm&r=g\",\"contentUrl\":\"https:\\\/\\\/secure.gravatar.com\\\/avatar\\\/7c5bd30ae4b47a9ba3c856590957fd1d96dc588bf3ac05719d247e126840331f?s=96&d=mm&r=g\",\"caption\":\"libna\"}}]}<\/script>\n<!-- \/ Yoast SEO plugin. -->","yoast_head_json":{"title":"Un message sp\u00e9cial du pasteur Ted Wilson sur les proph\u00e9ties et le sabbat - \u00c9glise Adventiste Du Septieme Jour - Inter Am\u00e9rique Division","robots":{"index":"index","follow":"follow","max-snippet":"max-snippet:-1","max-image-preview":"max-image-preview:large","max-video-preview":"max-video-preview:-1"},"canonical":"https:\/\/interamerica.org\/fr\/2020\/06\/un-message-special-du-pasteur-ted-wilson-sur-les-propheties-et-le-sabbat\/","og_locale":"fr_FR","og_type":"article","og_title":"Un message sp\u00e9cial du pasteur Ted Wilson sur les proph\u00e9ties et le sabbat - \u00c9glise Adventiste Du Septieme Jour - Inter Am\u00e9rique Division","og_description":"Le 14 juin 2020 | Silver Spring, Maryland, \u00c9tats-Unis | Ted N. C.\u00a0 Wilson Nous voil\u00e0 encore une fois rassembl\u00e9s par voie \u00e9lectronique. Cet arrangement pose de nombreux d\u00e9fis, car...","og_url":"https:\/\/interamerica.org\/fr\/2020\/06\/un-message-special-du-pasteur-ted-wilson-sur-les-propheties-et-le-sabbat\/","og_site_name":"\u00c9glise Adventiste Du Septieme Jour - Inter Am\u00e9rique Division","article_published_time":"2020-06-15T00:14:09+00:00","article_modified_time":"2020-07-05T23:28:13+00:00","og_image":[{"width":1000,"height":500,"url":"https:\/\/interamerica.org\/wp-content\/uploads\/2020\/06\/wilson15.jpg","type":"image\/jpeg"}],"author":"libna","twitter_card":"summary_large_image","twitter_misc":{"\u00c9crit par":"libna","Dur\u00e9e de lecture estim\u00e9e":"5 minutes"},"schema":{"@context":"https:\/\/schema.org","@graph":[{"@type":"Article","@id":"https:\/\/interamerica.org\/fr\/2020\/06\/un-message-special-du-pasteur-ted-wilson-sur-les-propheties-et-le-sabbat\/#article","isPartOf":{"@id":"https:\/\/interamerica.org\/fr\/2020\/06\/un-message-special-du-pasteur-ted-wilson-sur-les-propheties-et-le-sabbat\/"},"author":{"name":"libna","@id":"https:\/\/interamerica.org\/fr\/#\/schema\/person\/29998f2bc2d8bd0d38662909289b54f1"},"headline":"Un message sp\u00e9cial du pasteur Ted Wilson sur les proph\u00e9ties et le sabbat","datePublished":"2020-06-15T00:14:09+00:00","dateModified":"2020-07-05T23:28:13+00:00","mainEntityOfPage":{"@id":"https:\/\/interamerica.org\/fr\/2020\/06\/un-message-special-du-pasteur-ted-wilson-sur-les-propheties-et-le-sabbat\/"},"wordCount":1030,"commentCount":0,"image":{"@id":"https:\/\/interamerica.org\/fr\/2020\/06\/un-message-special-du-pasteur-ted-wilson-sur-les-propheties-et-le-sabbat\/#primaryimage"},"thumbnailUrl":"https:\/\/interamerica.org\/wp-content\/uploads\/2020\/06\/wilson15.jpg","articleSection":["Nouvelles de l'\u00c9glise mondiale","RSS Fran\u00e7ais"],"inLanguage":"fr-FR","potentialAction":[{"@type":"CommentAction","name":"Comment","target":["https:\/\/interamerica.org\/fr\/2020\/06\/un-message-special-du-pasteur-ted-wilson-sur-les-propheties-et-le-sabbat\/#respond"]}]},{"@type":"WebPage","@id":"https:\/\/interamerica.org\/fr\/2020\/06\/un-message-special-du-pasteur-ted-wilson-sur-les-propheties-et-le-sabbat\/","url":"https:\/\/interamerica.org\/fr\/2020\/06\/un-message-special-du-pasteur-ted-wilson-sur-les-propheties-et-le-sabbat\/","name":"Un message sp\u00e9cial du pasteur Ted Wilson sur les proph\u00e9ties et le sabbat - \u00c9glise Adventiste Du Septieme Jour - Inter Am\u00e9rique Division","isPartOf":{"@id":"https:\/\/interamerica.org\/fr\/#website"},"primaryImageOfPage":{"@id":"https:\/\/interamerica.org\/fr\/2020\/06\/un-message-special-du-pasteur-ted-wilson-sur-les-propheties-et-le-sabbat\/#primaryimage"},"image":{"@id":"https:\/\/interamerica.org\/fr\/2020\/06\/un-message-special-du-pasteur-ted-wilson-sur-les-propheties-et-le-sabbat\/#primaryimage"},"thumbnailUrl":"https:\/\/interamerica.org\/wp-content\/uploads\/2020\/06\/wilson15.jpg","datePublished":"2020-06-15T00:14:09+00:00","dateModified":"2020-07-05T23:28:13+00:00","author":{"@id":"https:\/\/interamerica.org\/fr\/#\/schema\/person\/29998f2bc2d8bd0d38662909289b54f1"},"breadcrumb":{"@id":"https:\/\/interamerica.org\/fr\/2020\/06\/un-message-special-du-pasteur-ted-wilson-sur-les-propheties-et-le-sabbat\/#breadcrumb"},"inLanguage":"fr-FR","potentialAction":[{"@type":"ReadAction","target":["https:\/\/interamerica.org\/fr\/2020\/06\/un-message-special-du-pasteur-ted-wilson-sur-les-propheties-et-le-sabbat\/"]}]},{"@type":"ImageObject","inLanguage":"fr-FR","@id":"https:\/\/interamerica.org\/fr\/2020\/06\/un-message-special-du-pasteur-ted-wilson-sur-les-propheties-et-le-sabbat\/#primaryimage","url":"https:\/\/interamerica.org\/wp-content\/uploads\/2020\/06\/wilson15.jpg","contentUrl":"https:\/\/interamerica.org\/wp-content\/uploads\/2020\/06\/wilson15.jpg","width":1000,"height":500},{"@type":"BreadcrumbList","@id":"https:\/\/interamerica.org\/fr\/2020\/06\/un-message-special-du-pasteur-ted-wilson-sur-les-propheties-et-le-sabbat\/#breadcrumb","itemListElement":[{"@type":"ListItem","position":1,"name":"Home","item":"https:\/\/interamerica.org\/fr\/"},{"@type":"ListItem","position":2,"name":"Un message sp\u00e9cial du pasteur Ted Wilson sur les proph\u00e9ties et le sabbat"}]},{"@type":"WebSite","@id":"https:\/\/interamerica.org\/fr\/#website","url":"https:\/\/interamerica.org\/fr\/","name":"\u00c9glise Adventiste Du Septieme Jour - Inter Am\u00e9rique Division","description":"","potentialAction":[{"@type":"SearchAction","target":{"@type":"EntryPoint","urlTemplate":"https:\/\/interamerica.org\/fr\/?s={search_term_string}"},"query-input":{"@type":"PropertyValueSpecification","valueRequired":true,"valueName":"search_term_string"}}],"inLanguage":"fr-FR"},{"@type":"Person","@id":"https:\/\/interamerica.org\/fr\/#\/schema\/person\/29998f2bc2d8bd0d38662909289b54f1","name":"libna","image":{"@type":"ImageObject","inLanguage":"fr-FR","@id":"https:\/\/secure.gravatar.com\/avatar\/7c5bd30ae4b47a9ba3c856590957fd1d96dc588bf3ac05719d247e126840331f?s=96&d=mm&r=g","url":"https:\/\/secure.gravatar.com\/avatar\/7c5bd30ae4b47a9ba3c856590957fd1d96dc588bf3ac05719d247e126840331f?s=96&d=mm&r=g","contentUrl":"https:\/\/secure.gravatar.com\/avatar\/7c5bd30ae4b47a9ba3c856590957fd1d96dc588bf3ac05719d247e126840331f?s=96&d=mm&r=g","caption":"libna"}}]}},"_links":{"self":[{"href":"https:\/\/interamerica.org\/fr\/wp-json\/wp\/v2\/posts\/59738","targetHints":{"allow":["GET"]}}],"collection":[{"href":"https:\/\/interamerica.org\/fr\/wp-json\/wp\/v2\/posts"}],"about":[{"href":"https:\/\/interamerica.org\/fr\/wp-json\/wp\/v2\/types\/post"}],"author":[{"embeddable":true,"href":"https:\/\/interamerica.org\/fr\/wp-json\/wp\/v2\/users\/3"}],"replies":[{"embeddable":true,"href":"https:\/\/interamerica.org\/fr\/wp-json\/wp\/v2\/comments?post=59738"}],"version-history":[{"count":0,"href":"https:\/\/interamerica.org\/fr\/wp-json\/wp\/v2\/posts\/59738\/revisions"}],"wp:featuredmedia":[{"embeddable":true,"href":"https:\/\/interamerica.org\/fr\/wp-json\/wp\/v2\/media\/59723"}],"wp:attachment":[{"href":"https:\/\/interamerica.org\/fr\/wp-json\/wp\/v2\/media?parent=59738"}],"wp:term":[{"taxonomy":"category","embeddable":true,"href":"https:\/\/interamerica.org\/fr\/wp-json\/wp\/v2\/categories?post=59738"},{"taxonomy":"post_tag","embeddable":true,"href":"https:\/\/interamerica.org\/fr\/wp-json\/wp\/v2\/tags?post=59738"}],"curies":[{"name":"wp","href":"https:\/\/api.w.org\/{rel}","templated":true}]}}