{"id":59794,"date":"2020-06-15T20:45:29","date_gmt":"2020-06-16T00:45:29","guid":{"rendered":"https:\/\/recursing-golick.147-182-135-0.plesk.page\/?p=59794"},"modified":"2020-06-16T16:24:25","modified_gmt":"2020-06-16T20:24:25","slug":"prudente-reouverture-des-eglises-adventistes-en-jamaique","status":"publish","type":"post","link":"https:\/\/interamerica.org\/fr\/2020\/06\/prudente-reouverture-des-eglises-adventistes-en-jamaique\/","title":{"rendered":"Prudente r\u00e9ouverture des \u00e9glises adventistes en Jama\u00efque"},"content":{"rendered":"<div id=\"attachment_59753\" style=\"width: 812px\" class=\"wp-caption aligncenter\"><img fetchpriority=\"high\" decoding=\"async\" aria-describedby=\"caption-attachment-59753\" class=\" wp-image-59752\" src=\"https:\/\/recursing-golick.147-182-135-0.plesk.page\/wp-content\/uploads\/2020\/06\/jamu-mandeville-sdai-prayer.jpg\" alt=\"\" width=\"802\" height=\"602\" srcset=\"https:\/\/interamerica.org\/wp-content\/uploads\/2020\/06\/jamu-mandeville-sdai-prayer.jpg 950w, https:\/\/interamerica.org\/wp-content\/uploads\/2020\/06\/jamu-mandeville-sdai-prayer-300x225.jpg 300w, https:\/\/interamerica.org\/wp-content\/uploads\/2020\/06\/jamu-mandeville-sdai-prayer-768x576.jpg 768w\" sizes=\"(max-width: 802px) 100vw, 802px\" \/><p id=\"caption-attachment-59753\" class=\"wp-caption-text\"><span lang=\"FR-CA\">Un membre d\u2019\u00e9glise agenouill\u00e9 pour prier lors du culte d\u2019adoration tenu \u00e0 l\u2019\u00e9glise adventiste de Mandeville, dans la paroisse jama\u00efcaine de Manchester, le 13 juin dernier. Depuis le 30 mai, les \u00e9glises de la Jama\u00efque ont la permission d\u2019ouvrir leurs portes pour l\u2019adoration, mais doivent imposer de strictes directives \u00e0 leurs fid\u00e8les. Une photo de Nigel Coke. <\/span><\/p><\/div>\n<p><span lang=\"FR-CA\">Le 15 juin 2020 | Mandeville, Jama\u00efque | Union jama\u00efcaine et d\u00e9partement de nouvelles de la DIA<\/span><\/p>\n<p>Bien que le gouvernement jama\u00efcain ait all\u00e9g\u00e9 les restrictions sur le nombre de personnes pouvant se rassembler en un seul lieu, la plupart des adventistes du septi\u00e8me jour de l\u2019\u00eele continuent d\u2019adorer de mani\u00e8re virtuelle.<\/p>\n<p>Depuis le premier cas positif de coronavirus en Jama\u00efque en mars dernier, le gouvernement jama\u00efcain a impos\u00e9 plusieurs restrictions sur les lieux de grands rassemblements, ce qui a forc\u00e9 plus de 750\u00a0\u00e9glises adventistes ainsi que d\u2019autres groupes religieux \u00e0 fermer leur lieu de culte.<\/p>\n<p>Puis, le 16 mai dernier, les \u00e9glises ont re\u00e7u la permission de rouvrir leurs portes sous de strictes directives, comme la v\u00e9rification de la temp\u00e9rature \u00e0 l\u2019entr\u00e9e, la distanciation sociale et le port du masque. Ce n\u2019est toutefois pas avant le 30 mai que la plupart des \u00e9glises ont \u00e9t\u00e9 rouvertes. Dans une lettre aux \u00e9glises, le pasteur Everett Brown, pr\u00e9sident de l\u2019\u00c9glise en Jama\u00efque, a recommand\u00e9 aux membres de poursuivre leur adoration virtuelle.<\/p>\n<p>\u00ab\u00a0Le pr\u00e9sident de l\u2019Union jama\u00efcaine recommande que nos membres d\u2019\u00e9glise continuent d\u2019adorer virtuellement de la maison comme nous le faisons depuis le 21 mars, et ce pour les prochaines semaines. Les f\u00e9d\u00e9rations locales devraient entamer le processus de r\u00e9ouverture par phases de nos b\u00e2timents d\u2019\u00e9glise pour l\u2019adoration \u00e0 compter du sabbat 30 mai 2020. Les \u00e9glises doivent faire cela en visant l\u2019\u00e9quilibre entre la s\u00e9curit\u00e9 des membres en ces temps de pand\u00e9mie et la possibilit\u00e9 de fraterniser et d\u2019adorer dans leur \u00e9glise.\u00a0\u00bb<\/p>\n<div id=\"attachment_59747\" style=\"width: 811px\" class=\"wp-caption aligncenter\"><img decoding=\"async\" aria-describedby=\"caption-attachment-59747\" class=\" wp-image-59746\" src=\"https:\/\/recursing-golick.147-182-135-0.plesk.page\/wp-content\/uploads\/2020\/06\/jamu-mandeville-sda-church-socialdistancing.jpg\" alt=\"\" width=\"801\" height=\"601\" srcset=\"https:\/\/interamerica.org\/wp-content\/uploads\/2020\/06\/jamu-mandeville-sda-church-socialdistancing.jpg 1024w, https:\/\/interamerica.org\/wp-content\/uploads\/2020\/06\/jamu-mandeville-sda-church-socialdistancing-300x225.jpg 300w, https:\/\/interamerica.org\/wp-content\/uploads\/2020\/06\/jamu-mandeville-sda-church-socialdistancing-768x576.jpg 768w\" sizes=\"(max-width: 801px) 100vw, 801px\" \/><p id=\"caption-attachment-59747\" class=\"wp-caption-text\">Le sabbat 13 juin dernier, 150 personnes \u00e9taient assises \u00e0 des endroits d\u00e9sign\u00e9s sur les bancs pour adorer dans l\u2019\u00e9glise adventiste de Mandeville, qui compte plus de 2\u00a0000 membres, dont la plupart suivent toujours le culte en ligne. Une photo de Nigel Coke.<\/p><\/div>\n<p>Entre temps, certaines \u00e9glises qui offraient une version simplifi\u00e9e de leur programme d\u2019adoration sur internet durant la p\u00e9riode de fermeture ont poursuivi en ligne alors que d\u2019autres ont repris leur programmation le 30\u00a0mai.<\/p>\n<p>\u00ab\u00a0Nous nous assurons que tout soit en place pour la mise en \u0153uvre efficace des directives, et les \u00e9glises adventistes qui sont en mesure d\u2019observer les directives sont all\u00e9es de l\u2019avant et ont accueilli des membres\u00a0\u00bb, a dit Nigel Coke, directeur des communications de l\u2019\u00c9glise en Jama\u00efque.<\/p>\n<p>\u00ab\u00a0Beaucoup de nos b\u00e2timents d\u2019\u00e9glise sont petits. Comme il faut acheter des articles tels que des thermom\u00e8tres et des produits d\u00e9sinfectants avant que les membres puissent y entrer, certaines \u00e9glises ont pris plus de temps\u00a0\u00bb, a-t-il expliqu\u00e9.<\/p>\n<p>Tous les bureaux de f\u00e9d\u00e9rations et un certain nombre d\u2019\u00e9glises maintiennent une pr\u00e9sence virtuelle, offrant \u00e9galement des programmes les mercredis et dimanches soirs en plus du culte d\u2019adoration habituel du sabbat.<\/p>\n<p>\u00ab\u00a0Je suis tr\u00e8s reconnaissante de pouvoir retourner \u00e0 l\u2019\u00e9glise et fraterniser avec mes fr\u00e8res et s\u0153urs de mani\u00e8re plus personnelle, a dit Claudette Morgan, membre de l\u2019\u00e9glise adventiste de Boundbrook, dans la paroisse de Portland. Par contre, je ressens un grand vide, car les contacts de proximit\u00e9 que nous avions avant me manquent.\u00a0\u00bb Ne pas pouvoir prendre les autres dans nos bras et nous en approcher n\u2019est pas normal, a-t-elle expliqu\u00e9. \u00ab\u00a0L\u2019ambiance de l\u2019\u00e9glise a vraiment chang\u00e9.\u00a0\u00bb<\/p>\n<div id=\"attachment_59756\" style=\"width: 811px\" class=\"wp-caption aligncenter\"><img decoding=\"async\" aria-describedby=\"caption-attachment-59756\" class=\" wp-image-59755\" src=\"https:\/\/recursing-golick.147-182-135-0.plesk.page\/wp-content\/uploads\/2020\/06\/jamu-mandeville-congregation.jpg\" alt=\"\" width=\"801\" height=\"601\" srcset=\"https:\/\/interamerica.org\/wp-content\/uploads\/2020\/06\/jamu-mandeville-congregation.jpg 950w, https:\/\/interamerica.org\/wp-content\/uploads\/2020\/06\/jamu-mandeville-congregation-300x225.jpg 300w, https:\/\/interamerica.org\/wp-content\/uploads\/2020\/06\/jamu-mandeville-congregation-768x576.jpg 768w\" sizes=\"(max-width: 801px) 100vw, 801px\" \/><p id=\"caption-attachment-59756\" class=\"wp-caption-text\">Certains membres ont assist\u00e9 physiquement au service d\u2019\u00e9glise du 13 juin dernier. De nombreuses \u00e9glises adventistes de la Jama\u00efque commencent \u00e0 rouvrir leurs portes tout en diffusant \u00e9galement leurs cultes d\u2019adoration en ligne. Une photo de Nigel Coke.<\/p><\/div>\n<p>Elle a ajout\u00e9 qu\u2019il r\u00e8gne un sentiment d\u2019incompl\u00e9tude, parce que beaucoup de membres sont absents. \u00ab\u00a0\u00c0 l\u2019\u00e9glise, j\u2019aime particuli\u00e8rement le m\u00e9lange de nos voix en louange. Dieu merci, cet aspect est toujours l\u00e0!\u00a0\u00bb<\/p>\n<p>L\u2019Union jama\u00efcaine a cr\u00e9\u00e9 la marque <em>JA Adventist Online<\/em>, qui aide chacune des cinq f\u00e9d\u00e9rations \u00e0 se rassembler chaque semaine pour un culte d\u2019adoration virtuel diffus\u00e9 en direct \u00e0 la radio et \u00e0 la t\u00e9l\u00e9vision de la NCU (pour <em>Northern Caribbean University<\/em>).<\/p>\n<p>L\u2019\u00e9glise adventiste de Mandeville, \u00e9glise de 2\u00a0000\u00a0membres dans la paroisse de Manchester, peut accueillir 150\u00a0personnes. Celles-ci observent la directive gouvernementale qui consiste \u00e0 maintenir une distance de deux m\u00e8tres entre les fid\u00e8les. L\u2019\u00e9glise offre un service de culte le sabbat matin alors que le programme d\u2019apr\u00e8s-midi est pr\u00e9sent\u00e9 sur Zoom.<\/p>\n<p>D\u2019apr\u00e8s Francis West, pasteur de l\u2019\u00e9glise de Mandeville, \u00ab\u00a0L\u2019exp\u00e9rience est positive jusqu\u2019\u00e0 maintenant. En plus de la diffusion en direct de notre programme, la fraternisation par des t\u00e9moignages et des chants, que le port du masque n\u2019affecte pas, apporte quelque chose de plus. Nous chantons pendant une quinzaine de minutes et l\u2019assembl\u00e9e appr\u00e9cie particuli\u00e8rement cette partie du culte.\u00a0\u00bb<\/p>\n<p>L\u2019\u00e9glise a \u00e9galement accueilli des visiteurs, anciens et nouveaux, et elle offre des masques aux personnes qui n\u2019en ont pas, a ajout\u00e9 le pasteur West.<\/p>\n<p>Selon les dirigeants locaux, de plus en plus d\u2019\u00e9glises ouvriront ce mois-ci leurs portes \u00e0 un nombre limit\u00e9 de personnes pour le culte d\u2019adoration du sabbat.<\/p>\n<p>Pour en apprendre davantage sur l\u2019\u00c9glise adventiste du septi\u00e8me jour en Jama\u00efque, veuillez visiter le <a href=\"https:\/\/jmunion.org\/\">jmunion.org<\/a>.<\/p>\n<p>Traduction : Marie-Mich\u00e8le Robitaille<\/p>\n","protected":false},"excerpt":{"rendered":"<p>Le 15 juin 2020 | Mandeville, Jama\u00efque | Union jama\u00efcaine et d\u00e9partement de nouvelles de la DIA Bien que le gouvernement jama\u00efcain ait all\u00e9g\u00e9 les restrictions sur le nombre de&#8230;<\/p>\n","protected":false},"author":3,"featured_media":59753,"comment_status":"open","ping_status":"closed","sticky":false,"template":"","format":"standard","meta":{"_acf_changed":false,"footnotes":""},"categories":[21,19],"tags":[],"class_list":["post-59794","post","type-post","status-publish","format-standard","has-post-thumbnail","hentry","category-nouvelles-du-territoire","category-rss-francais"],"acf":[],"yoast_head":"<!-- This site is optimized with the Yoast SEO plugin v27.3 - https:\/\/yoast.com\/product\/yoast-seo-wordpress\/ -->\n<title>Prudente r\u00e9ouverture des \u00e9glises adventistes en Jama\u00efque - \u00c9glise Adventiste Du Septieme Jour - Inter Am\u00e9rique Division<\/title>\n<meta name=\"robots\" content=\"index, follow, max-snippet:-1, max-image-preview:large, max-video-preview:-1\" \/>\n<link rel=\"canonical\" href=\"https:\/\/interamerica.org\/fr\/2020\/06\/prudente-reouverture-des-eglises-adventistes-en-jamaique\/\" \/>\n<meta property=\"og:locale\" content=\"fr_FR\" \/>\n<meta property=\"og:type\" content=\"article\" \/>\n<meta property=\"og:title\" content=\"Prudente r\u00e9ouverture des \u00e9glises adventistes en Jama\u00efque - \u00c9glise Adventiste Du Septieme Jour - Inter Am\u00e9rique Division\" \/>\n<meta property=\"og:description\" content=\"Le 15 juin 2020 | Mandeville, Jama\u00efque | Union jama\u00efcaine et d\u00e9partement de nouvelles de la DIA Bien que le gouvernement jama\u00efcain ait all\u00e9g\u00e9 les restrictions sur le nombre de...\" \/>\n<meta property=\"og:url\" content=\"https:\/\/interamerica.org\/fr\/2020\/06\/prudente-reouverture-des-eglises-adventistes-en-jamaique\/\" \/>\n<meta property=\"og:site_name\" content=\"\u00c9glise Adventiste Du Septieme Jour - Inter Am\u00e9rique Division\" \/>\n<meta property=\"article:published_time\" content=\"2020-06-16T00:45:29+00:00\" \/>\n<meta property=\"article:modified_time\" content=\"2020-06-16T20:24:25+00:00\" \/>\n<meta property=\"og:image\" content=\"https:\/\/interamerica.org\/wp-content\/uploads\/2020\/06\/jamu-mandeville-sdai-prayer.jpg\" \/>\n\t<meta property=\"og:image:width\" content=\"950\" \/>\n\t<meta property=\"og:image:height\" content=\"713\" \/>\n\t<meta property=\"og:image:type\" content=\"image\/jpeg\" \/>\n<meta name=\"author\" content=\"libna\" \/>\n<meta name=\"twitter:card\" content=\"summary_large_image\" \/>\n<meta name=\"twitter:label1\" content=\"\u00c9crit par\" \/>\n\t<meta name=\"twitter:data1\" content=\"libna\" \/>\n\t<meta name=\"twitter:label2\" content=\"Dur\u00e9e de lecture estim\u00e9e\" \/>\n\t<meta name=\"twitter:data2\" content=\"5 minutes\" \/>\n<script type=\"application\/ld+json\" class=\"yoast-schema-graph\">{\"@context\":\"https:\\\/\\\/schema.org\",\"@graph\":[{\"@type\":\"Article\",\"@id\":\"https:\\\/\\\/interamerica.org\\\/fr\\\/2020\\\/06\\\/prudente-reouverture-des-eglises-adventistes-en-jamaique\\\/#article\",\"isPartOf\":{\"@id\":\"https:\\\/\\\/interamerica.org\\\/fr\\\/2020\\\/06\\\/prudente-reouverture-des-eglises-adventistes-en-jamaique\\\/\"},\"author\":{\"name\":\"libna\",\"@id\":\"https:\\\/\\\/interamerica.org\\\/fr\\\/#\\\/schema\\\/person\\\/29998f2bc2d8bd0d38662909289b54f1\"},\"headline\":\"Prudente r\u00e9ouverture des \u00e9glises adventistes en Jama\u00efque\",\"datePublished\":\"2020-06-16T00:45:29+00:00\",\"dateModified\":\"2020-06-16T20:24:25+00:00\",\"mainEntityOfPage\":{\"@id\":\"https:\\\/\\\/interamerica.org\\\/fr\\\/2020\\\/06\\\/prudente-reouverture-des-eglises-adventistes-en-jamaique\\\/\"},\"wordCount\":988,\"commentCount\":0,\"image\":{\"@id\":\"https:\\\/\\\/interamerica.org\\\/fr\\\/2020\\\/06\\\/prudente-reouverture-des-eglises-adventistes-en-jamaique\\\/#primaryimage\"},\"thumbnailUrl\":\"https:\\\/\\\/interamerica.org\\\/wp-content\\\/uploads\\\/2020\\\/06\\\/jamu-mandeville-sdai-prayer.jpg\",\"articleSection\":[\"Nouvelles du territoire\",\"RSS Fran\u00e7ais\"],\"inLanguage\":\"fr-FR\",\"potentialAction\":[{\"@type\":\"CommentAction\",\"name\":\"Comment\",\"target\":[\"https:\\\/\\\/interamerica.org\\\/fr\\\/2020\\\/06\\\/prudente-reouverture-des-eglises-adventistes-en-jamaique\\\/#respond\"]}]},{\"@type\":\"WebPage\",\"@id\":\"https:\\\/\\\/interamerica.org\\\/fr\\\/2020\\\/06\\\/prudente-reouverture-des-eglises-adventistes-en-jamaique\\\/\",\"url\":\"https:\\\/\\\/interamerica.org\\\/fr\\\/2020\\\/06\\\/prudente-reouverture-des-eglises-adventistes-en-jamaique\\\/\",\"name\":\"Prudente r\u00e9ouverture des \u00e9glises adventistes en Jama\u00efque - \u00c9glise Adventiste Du Septieme Jour - Inter Am\u00e9rique Division\",\"isPartOf\":{\"@id\":\"https:\\\/\\\/interamerica.org\\\/fr\\\/#website\"},\"primaryImageOfPage\":{\"@id\":\"https:\\\/\\\/interamerica.org\\\/fr\\\/2020\\\/06\\\/prudente-reouverture-des-eglises-adventistes-en-jamaique\\\/#primaryimage\"},\"image\":{\"@id\":\"https:\\\/\\\/interamerica.org\\\/fr\\\/2020\\\/06\\\/prudente-reouverture-des-eglises-adventistes-en-jamaique\\\/#primaryimage\"},\"thumbnailUrl\":\"https:\\\/\\\/interamerica.org\\\/wp-content\\\/uploads\\\/2020\\\/06\\\/jamu-mandeville-sdai-prayer.jpg\",\"datePublished\":\"2020-06-16T00:45:29+00:00\",\"dateModified\":\"2020-06-16T20:24:25+00:00\",\"author\":{\"@id\":\"https:\\\/\\\/interamerica.org\\\/fr\\\/#\\\/schema\\\/person\\\/29998f2bc2d8bd0d38662909289b54f1\"},\"breadcrumb\":{\"@id\":\"https:\\\/\\\/interamerica.org\\\/fr\\\/2020\\\/06\\\/prudente-reouverture-des-eglises-adventistes-en-jamaique\\\/#breadcrumb\"},\"inLanguage\":\"fr-FR\",\"potentialAction\":[{\"@type\":\"ReadAction\",\"target\":[\"https:\\\/\\\/interamerica.org\\\/fr\\\/2020\\\/06\\\/prudente-reouverture-des-eglises-adventistes-en-jamaique\\\/\"]}]},{\"@type\":\"ImageObject\",\"inLanguage\":\"fr-FR\",\"@id\":\"https:\\\/\\\/interamerica.org\\\/fr\\\/2020\\\/06\\\/prudente-reouverture-des-eglises-adventistes-en-jamaique\\\/#primaryimage\",\"url\":\"https:\\\/\\\/interamerica.org\\\/wp-content\\\/uploads\\\/2020\\\/06\\\/jamu-mandeville-sdai-prayer.jpg\",\"contentUrl\":\"https:\\\/\\\/interamerica.org\\\/wp-content\\\/uploads\\\/2020\\\/06\\\/jamu-mandeville-sdai-prayer.jpg\",\"width\":950,\"height\":713,\"caption\":\"Un membre d\u2019\u00e9glise agenouill\u00e9 pour prier lors du culte d\u2019adoration tenu \u00e0 l\u2019\u00e9glise adventiste de Mandeville, dans la paroisse jama\u00efcaine de Manchester, le 13 juin dernier. Depuis le 30 mai, les \u00e9glises de la Jama\u00efque ont la permission d\u2019ouvrir leurs portes pour l\u2019adoration, mais doivent imposer de strictes directives \u00e0 leurs fid\u00e8les. Une photo de Nigel Coke.\"},{\"@type\":\"BreadcrumbList\",\"@id\":\"https:\\\/\\\/interamerica.org\\\/fr\\\/2020\\\/06\\\/prudente-reouverture-des-eglises-adventistes-en-jamaique\\\/#breadcrumb\",\"itemListElement\":[{\"@type\":\"ListItem\",\"position\":1,\"name\":\"Home\",\"item\":\"https:\\\/\\\/interamerica.org\\\/fr\\\/\"},{\"@type\":\"ListItem\",\"position\":2,\"name\":\"Prudente r\u00e9ouverture des \u00e9glises adventistes en Jama\u00efque\"}]},{\"@type\":\"WebSite\",\"@id\":\"https:\\\/\\\/interamerica.org\\\/fr\\\/#website\",\"url\":\"https:\\\/\\\/interamerica.org\\\/fr\\\/\",\"name\":\"\u00c9glise Adventiste Du Septieme Jour - Inter Am\u00e9rique Division\",\"description\":\"\",\"potentialAction\":[{\"@type\":\"SearchAction\",\"target\":{\"@type\":\"EntryPoint\",\"urlTemplate\":\"https:\\\/\\\/interamerica.org\\\/fr\\\/?s={search_term_string}\"},\"query-input\":{\"@type\":\"PropertyValueSpecification\",\"valueRequired\":true,\"valueName\":\"search_term_string\"}}],\"inLanguage\":\"fr-FR\"},{\"@type\":\"Person\",\"@id\":\"https:\\\/\\\/interamerica.org\\\/fr\\\/#\\\/schema\\\/person\\\/29998f2bc2d8bd0d38662909289b54f1\",\"name\":\"libna\",\"image\":{\"@type\":\"ImageObject\",\"inLanguage\":\"fr-FR\",\"@id\":\"https:\\\/\\\/secure.gravatar.com\\\/avatar\\\/7c5bd30ae4b47a9ba3c856590957fd1d96dc588bf3ac05719d247e126840331f?s=96&d=mm&r=g\",\"url\":\"https:\\\/\\\/secure.gravatar.com\\\/avatar\\\/7c5bd30ae4b47a9ba3c856590957fd1d96dc588bf3ac05719d247e126840331f?s=96&d=mm&r=g\",\"contentUrl\":\"https:\\\/\\\/secure.gravatar.com\\\/avatar\\\/7c5bd30ae4b47a9ba3c856590957fd1d96dc588bf3ac05719d247e126840331f?s=96&d=mm&r=g\",\"caption\":\"libna\"}}]}<\/script>\n<!-- \/ Yoast SEO plugin. -->","yoast_head_json":{"title":"Prudente r\u00e9ouverture des \u00e9glises adventistes en Jama\u00efque - \u00c9glise Adventiste Du Septieme Jour - Inter Am\u00e9rique Division","robots":{"index":"index","follow":"follow","max-snippet":"max-snippet:-1","max-image-preview":"max-image-preview:large","max-video-preview":"max-video-preview:-1"},"canonical":"https:\/\/interamerica.org\/fr\/2020\/06\/prudente-reouverture-des-eglises-adventistes-en-jamaique\/","og_locale":"fr_FR","og_type":"article","og_title":"Prudente r\u00e9ouverture des \u00e9glises adventistes en Jama\u00efque - \u00c9glise Adventiste Du Septieme Jour - Inter Am\u00e9rique Division","og_description":"Le 15 juin 2020 | Mandeville, Jama\u00efque | Union jama\u00efcaine et d\u00e9partement de nouvelles de la DIA Bien que le gouvernement jama\u00efcain ait all\u00e9g\u00e9 les restrictions sur le nombre de...","og_url":"https:\/\/interamerica.org\/fr\/2020\/06\/prudente-reouverture-des-eglises-adventistes-en-jamaique\/","og_site_name":"\u00c9glise Adventiste Du Septieme Jour - Inter Am\u00e9rique Division","article_published_time":"2020-06-16T00:45:29+00:00","article_modified_time":"2020-06-16T20:24:25+00:00","og_image":[{"width":950,"height":713,"url":"https:\/\/interamerica.org\/wp-content\/uploads\/2020\/06\/jamu-mandeville-sdai-prayer.jpg","type":"image\/jpeg"}],"author":"libna","twitter_card":"summary_large_image","twitter_misc":{"\u00c9crit par":"libna","Dur\u00e9e de lecture estim\u00e9e":"5 minutes"},"schema":{"@context":"https:\/\/schema.org","@graph":[{"@type":"Article","@id":"https:\/\/interamerica.org\/fr\/2020\/06\/prudente-reouverture-des-eglises-adventistes-en-jamaique\/#article","isPartOf":{"@id":"https:\/\/interamerica.org\/fr\/2020\/06\/prudente-reouverture-des-eglises-adventistes-en-jamaique\/"},"author":{"name":"libna","@id":"https:\/\/interamerica.org\/fr\/#\/schema\/person\/29998f2bc2d8bd0d38662909289b54f1"},"headline":"Prudente r\u00e9ouverture des \u00e9glises adventistes en Jama\u00efque","datePublished":"2020-06-16T00:45:29+00:00","dateModified":"2020-06-16T20:24:25+00:00","mainEntityOfPage":{"@id":"https:\/\/interamerica.org\/fr\/2020\/06\/prudente-reouverture-des-eglises-adventistes-en-jamaique\/"},"wordCount":988,"commentCount":0,"image":{"@id":"https:\/\/interamerica.org\/fr\/2020\/06\/prudente-reouverture-des-eglises-adventistes-en-jamaique\/#primaryimage"},"thumbnailUrl":"https:\/\/interamerica.org\/wp-content\/uploads\/2020\/06\/jamu-mandeville-sdai-prayer.jpg","articleSection":["Nouvelles du territoire","RSS Fran\u00e7ais"],"inLanguage":"fr-FR","potentialAction":[{"@type":"CommentAction","name":"Comment","target":["https:\/\/interamerica.org\/fr\/2020\/06\/prudente-reouverture-des-eglises-adventistes-en-jamaique\/#respond"]}]},{"@type":"WebPage","@id":"https:\/\/interamerica.org\/fr\/2020\/06\/prudente-reouverture-des-eglises-adventistes-en-jamaique\/","url":"https:\/\/interamerica.org\/fr\/2020\/06\/prudente-reouverture-des-eglises-adventistes-en-jamaique\/","name":"Prudente r\u00e9ouverture des \u00e9glises adventistes en Jama\u00efque - \u00c9glise Adventiste Du Septieme Jour - Inter Am\u00e9rique Division","isPartOf":{"@id":"https:\/\/interamerica.org\/fr\/#website"},"primaryImageOfPage":{"@id":"https:\/\/interamerica.org\/fr\/2020\/06\/prudente-reouverture-des-eglises-adventistes-en-jamaique\/#primaryimage"},"image":{"@id":"https:\/\/interamerica.org\/fr\/2020\/06\/prudente-reouverture-des-eglises-adventistes-en-jamaique\/#primaryimage"},"thumbnailUrl":"https:\/\/interamerica.org\/wp-content\/uploads\/2020\/06\/jamu-mandeville-sdai-prayer.jpg","datePublished":"2020-06-16T00:45:29+00:00","dateModified":"2020-06-16T20:24:25+00:00","author":{"@id":"https:\/\/interamerica.org\/fr\/#\/schema\/person\/29998f2bc2d8bd0d38662909289b54f1"},"breadcrumb":{"@id":"https:\/\/interamerica.org\/fr\/2020\/06\/prudente-reouverture-des-eglises-adventistes-en-jamaique\/#breadcrumb"},"inLanguage":"fr-FR","potentialAction":[{"@type":"ReadAction","target":["https:\/\/interamerica.org\/fr\/2020\/06\/prudente-reouverture-des-eglises-adventistes-en-jamaique\/"]}]},{"@type":"ImageObject","inLanguage":"fr-FR","@id":"https:\/\/interamerica.org\/fr\/2020\/06\/prudente-reouverture-des-eglises-adventistes-en-jamaique\/#primaryimage","url":"https:\/\/interamerica.org\/wp-content\/uploads\/2020\/06\/jamu-mandeville-sdai-prayer.jpg","contentUrl":"https:\/\/interamerica.org\/wp-content\/uploads\/2020\/06\/jamu-mandeville-sdai-prayer.jpg","width":950,"height":713,"caption":"Un membre d\u2019\u00e9glise agenouill\u00e9 pour prier lors du culte d\u2019adoration tenu \u00e0 l\u2019\u00e9glise adventiste de Mandeville, dans la paroisse jama\u00efcaine de Manchester, le 13 juin dernier. Depuis le 30 mai, les \u00e9glises de la Jama\u00efque ont la permission d\u2019ouvrir leurs portes pour l\u2019adoration, mais doivent imposer de strictes directives \u00e0 leurs fid\u00e8les. Une photo de Nigel Coke."},{"@type":"BreadcrumbList","@id":"https:\/\/interamerica.org\/fr\/2020\/06\/prudente-reouverture-des-eglises-adventistes-en-jamaique\/#breadcrumb","itemListElement":[{"@type":"ListItem","position":1,"name":"Home","item":"https:\/\/interamerica.org\/fr\/"},{"@type":"ListItem","position":2,"name":"Prudente r\u00e9ouverture des \u00e9glises adventistes en Jama\u00efque"}]},{"@type":"WebSite","@id":"https:\/\/interamerica.org\/fr\/#website","url":"https:\/\/interamerica.org\/fr\/","name":"\u00c9glise Adventiste Du Septieme Jour - Inter Am\u00e9rique Division","description":"","potentialAction":[{"@type":"SearchAction","target":{"@type":"EntryPoint","urlTemplate":"https:\/\/interamerica.org\/fr\/?s={search_term_string}"},"query-input":{"@type":"PropertyValueSpecification","valueRequired":true,"valueName":"search_term_string"}}],"inLanguage":"fr-FR"},{"@type":"Person","@id":"https:\/\/interamerica.org\/fr\/#\/schema\/person\/29998f2bc2d8bd0d38662909289b54f1","name":"libna","image":{"@type":"ImageObject","inLanguage":"fr-FR","@id":"https:\/\/secure.gravatar.com\/avatar\/7c5bd30ae4b47a9ba3c856590957fd1d96dc588bf3ac05719d247e126840331f?s=96&d=mm&r=g","url":"https:\/\/secure.gravatar.com\/avatar\/7c5bd30ae4b47a9ba3c856590957fd1d96dc588bf3ac05719d247e126840331f?s=96&d=mm&r=g","contentUrl":"https:\/\/secure.gravatar.com\/avatar\/7c5bd30ae4b47a9ba3c856590957fd1d96dc588bf3ac05719d247e126840331f?s=96&d=mm&r=g","caption":"libna"}}]}},"_links":{"self":[{"href":"https:\/\/interamerica.org\/fr\/wp-json\/wp\/v2\/posts\/59794","targetHints":{"allow":["GET"]}}],"collection":[{"href":"https:\/\/interamerica.org\/fr\/wp-json\/wp\/v2\/posts"}],"about":[{"href":"https:\/\/interamerica.org\/fr\/wp-json\/wp\/v2\/types\/post"}],"author":[{"embeddable":true,"href":"https:\/\/interamerica.org\/fr\/wp-json\/wp\/v2\/users\/3"}],"replies":[{"embeddable":true,"href":"https:\/\/interamerica.org\/fr\/wp-json\/wp\/v2\/comments?post=59794"}],"version-history":[{"count":0,"href":"https:\/\/interamerica.org\/fr\/wp-json\/wp\/v2\/posts\/59794\/revisions"}],"wp:featuredmedia":[{"embeddable":true,"href":"https:\/\/interamerica.org\/fr\/wp-json\/wp\/v2\/media\/59753"}],"wp:attachment":[{"href":"https:\/\/interamerica.org\/fr\/wp-json\/wp\/v2\/media?parent=59794"}],"wp:term":[{"taxonomy":"category","embeddable":true,"href":"https:\/\/interamerica.org\/fr\/wp-json\/wp\/v2\/categories?post=59794"},{"taxonomy":"post_tag","embeddable":true,"href":"https:\/\/interamerica.org\/fr\/wp-json\/wp\/v2\/tags?post=59794"}],"curies":[{"name":"wp","href":"https:\/\/api.w.org\/{rel}","templated":true}]}}