{"id":59892,"date":"2020-06-18T10:56:38","date_gmt":"2020-06-18T14:56:38","guid":{"rendered":"https:\/\/recursing-golick.147-182-135-0.plesk.page\/?p=59892"},"modified":"2020-06-18T20:53:03","modified_gmt":"2020-06-19T00:53:03","slug":"dans-le-nord-de-la-colombie-des-dizaines-de-familles-indigenes-beneficient-de-linitiative-de-distribution-alimentaire-de-leglise","status":"publish","type":"post","link":"https:\/\/interamerica.org\/fr\/2020\/06\/dans-le-nord-de-la-colombie-des-dizaines-de-familles-indigenes-beneficient-de-linitiative-de-distribution-alimentaire-de-leglise\/","title":{"rendered":"Dans le Nord de la Colombie, des dizaines de familles indig\u00e8nes b\u00e9n\u00e9ficient de l\u2019initiative de distribution alimentaire de l\u2019\u00e9glise"},"content":{"rendered":"<p><div id=\"attachment_59865\" style=\"width: 813px\" class=\"wp-caption aligncenter\"><img fetchpriority=\"high\" decoding=\"async\" aria-describedby=\"caption-attachment-59865\" class=\" wp-image-59864\" src=\"https:\/\/recursing-golick.147-182-135-0.plesk.page\/wp-content\/uploads\/2020\/06\/wayuu-food-family-1024x768.jpg\" alt=\"\" width=\"803\" height=\"602\" srcset=\"https:\/\/interamerica.org\/wp-content\/uploads\/2020\/06\/wayuu-food-family-1024x768.jpg 1024w, https:\/\/interamerica.org\/wp-content\/uploads\/2020\/06\/wayuu-food-family-300x225.jpg 300w, https:\/\/interamerica.org\/wp-content\/uploads\/2020\/06\/wayuu-food-family-768x576.jpg 768w, https:\/\/interamerica.org\/wp-content\/uploads\/2020\/06\/wayuu-food-family.jpg 1040w\" sizes=\"(max-width: 803px) 100vw, 803px\" \/><p id=\"caption-attachment-59865\" class=\"wp-caption-text\">Une famille Way\u00fau \u00e0 La Guajira, dans le Nord de la Colombie, sourit alors qu\u2019une photo est prise le 28 mai 2020, apr\u00e8s qu\u2019elle ait re\u00e7u un sac de provisions qui les permettra de se nourrir pendant une semaine. L\u2019initiative intervenait dans le cadre d\u2019un projet men\u00e9 par l\u2019\u00c9glise adventiste et ADRA Colombie visant \u00e0 apporter de la nourriture \u00e0 92 familles indig\u00e8nes n\u00e9cessiteuses touch\u00e9es par la crise caus\u00e9e par la pand\u00e9mie dans la r\u00e9gion. [Photo : ADRA Colombie]<\/p><\/div>18 Juin 2020 | Medellin, Colombie | Daniela Arrierta \/ \u00c9quipe Actualit\u00e9s DIA<\/p>\n<p>Des dizaines de familles indig\u00e8nes Way\u00fau \u00e0 La Guarija, dans le Nord de la Colombie, ont re\u00e7u des paniers de nourriture, gr\u00e2ce \u00e0 une initiative de l\u2019\u00c9glise adventiste du septi\u00e8me jour et de l\u2019Agence Adventiste de D\u00e9veloppement et de Secours (ADRA) en Colombie.<\/p>\n<p>Les familles Way\u00fau ont \u00e9t\u00e9 forc\u00e9es de suivre les directives de confinement en raison de la pand\u00e9mie de coronavirus, et beaucoup n\u2019ont pas pu travailler et gagner de l\u2019argent pour se nourrir. Pr\u00e8s de 100 familles parmi les plus n\u00e9cessiteuses ont \u00e9t\u00e9 r\u00e9cemment s\u00e9lectionn\u00e9es et adopt\u00e9es pendant plusieurs semaines, au cours desquelles elles ont re\u00e7u de la nourriture.<\/p>\n<p>\u00ab Les besoins des communaut\u00e9s indig\u00e8nes sont bien concrets, \u00bb a d\u00e9clar\u00e9 Eliezer Taboada, pasteur du district de Maicao dans le d\u00e9partement de La Guajira, qui comprend les districts municipaux de Paraguach\u00f3n, Uribia et Manaure. \u00ab Beaucoup de gens vendent du charbon fabriqu\u00e9 de fa\u00e7on artisanale, mais vu que la police a restreint leur mobilit\u00e9, ils n\u2019ont pas pu travailler. \u00bb<\/p>\n<p><div id=\"attachment_59862\" style=\"width: 814px\" class=\"wp-caption aligncenter\"><img decoding=\"async\" aria-describedby=\"caption-attachment-59862\" class=\" wp-image-59861\" src=\"https:\/\/recursing-golick.147-182-135-0.plesk.page\/wp-content\/uploads\/2020\/06\/wayuu-family-food-2.jpg\" alt=\"\" width=\"804\" height=\"536\" srcset=\"https:\/\/interamerica.org\/wp-content\/uploads\/2020\/06\/wayuu-family-food-2.jpg 1000w, https:\/\/interamerica.org\/wp-content\/uploads\/2020\/06\/wayuu-family-food-2-300x200.jpg 300w, https:\/\/interamerica.org\/wp-content\/uploads\/2020\/06\/wayuu-family-food-2-768x512.jpg 768w\" sizes=\"(max-width: 804px) 100vw, 804px\" \/><p id=\"caption-attachment-59862\" class=\"wp-caption-text\">Une famille de la communaut\u00e9 Way\u00fau \u00e0 La Guajira sourit apr\u00e8s avoir re\u00e7u des provisions d\u2019ADRA Colombie le mois dernier. L\u2019initiative a permis \u00e0 92 familles d\u2019\u00eatre nourries en avril et en mai 2020. [Photo : ADRA Colombie]<\/p><\/div>Le pasteur Taboada, qui supervise \u00e9galement le travail de l\u2019\u00e9glise dans le district municipal de Paraguach\u00f3n pr\u00e8s du Venezuela, a d\u00e9clar\u00e9 que beaucoup ont \u00e9galement \u00e9t\u00e9 durement touch\u00e9s dans la r\u00e9gion. \u00ab Leur \u00e9conomie d\u00e9pend uniquement de la vente de marchandises \u00e0 la fronti\u00e8re entre la Colombie et le Venezuela, et vu qu\u2019elle est ferm\u00e9e depuis le 14 mars \u00e0 cause du coronavirus, il y a une grave crise \u00e9conomique, et c\u2019est encore plus vrai avec l\u2019augmentation des cas de besoins fondamentaux \u00e0 satisfaire, \u00bb a-t-il expliqu\u00e9.<\/p>\n<p>Alors que la situation devenait plus pr\u00e9occupante, les dirigeants de l\u2019\u00e9glise ont lanc\u00e9 des appels pour recevoir des dons et suite \u00e0 cela, ils ont ainsi pu aider les familles Way\u00fau en leur apportant du riz, des haricots, des lentilles, de la farine, des \u0153ufs, des p\u00e2tes, du lait, du sel et de l\u2019huile. Le d\u00e9partement de La Guajira compte une communaut\u00e9 Way\u00fau de plus de 270400 habitants.<\/p>\n<p>Les provisions ont \u00e9t\u00e9 distribu\u00e9s au cours des mois d\u2019avril et mai par ADRA Colombie, en collaboration avec la Fondation Samaritaine, et des membres qui ont fait don de leurs propres ressources pour aider la communaut\u00e9 Way\u00fau, ont d\u00e9clar\u00e9 les dirigeants de l\u2019\u00e9glise.<\/p>\n<p><div id=\"attachment_59856\" style=\"width: 814px\" class=\"wp-caption aligncenter\"><img decoding=\"async\" aria-describedby=\"caption-attachment-59856\" class=\" wp-image-59855\" src=\"https:\/\/recursing-golick.147-182-135-0.plesk.page\/wp-content\/uploads\/2020\/06\/wayuu-distribution-food-2.jpg\" alt=\"\" width=\"804\" height=\"602\" srcset=\"https:\/\/interamerica.org\/wp-content\/uploads\/2020\/06\/wayuu-distribution-food-2.jpg 950w, https:\/\/interamerica.org\/wp-content\/uploads\/2020\/06\/wayuu-distribution-food-2-300x225.jpg 300w, https:\/\/interamerica.org\/wp-content\/uploads\/2020\/06\/wayuu-distribution-food-2-768x575.jpg 768w\" sizes=\"(max-width: 804px) 100vw, 804px\" \/><p id=\"caption-attachment-59856\" class=\"wp-caption-text\">Un coordinateur d\u2019ADRA et des b\u00e9n\u00e9voles commencent \u00e0 distribuer des provisions aux familles n\u00e9cessiteuses de la communaut\u00e9 Way\u00fau dans le Nord de la Colombie. [Photo : ADRA Colombie]<\/p><\/div>Jusqu\u2019ici, les dirigeants de l\u2019\u00e9glise ont distribu\u00e9 220 lots de provisions dans le district municipal de Maicao dans le cadre de l\u2019action aupr\u00e8s des 92 familles retenues \u00e0 La Guajira.<\/p>\n<p>\u00ab Un jour, je rendais visite \u00e0 des familles du ranch de Pupuren et \u00e7a m\u2019a fait mal de voir tant de personnes qui n\u2019avaient pas encore eu de d\u00e9jeuner, \u00bb a dit pasteur Taboada. \u00ab Gr\u00e2ce \u00e0 Dieu et au c\u0153ur de nombreux membres d\u2019\u00e9glise, nous avons pu distribuer de la nourriture \u00e0 de nombreuses familles Way\u00fau dans le besoin, en les aidant \u00e0 subvenir \u00e0 leurs besoins de base pendant des semaines. \u00bb<\/p>\n<p>Cecilia Uriana Epiayu faisait partie de ceux qui ont re\u00e7u de la nourriture dans la communaut\u00e9 Way\u00fau. \u00ab Je remercie Dieu et l\u2019\u00e9glise de se souvenir de nous. Dieu a \u00e9t\u00e9 si bon et nous avons pu avoir de la nourriture \u00e0 la maison, \u00bb a dit Cecilia Uriana.<\/p>\n<p><div id=\"attachment_59859\" style=\"width: 812px\" class=\"wp-caption aligncenter\"><img loading=\"lazy\" decoding=\"async\" aria-describedby=\"caption-attachment-59859\" class=\" wp-image-59858\" src=\"https:\/\/recursing-golick.147-182-135-0.plesk.page\/wp-content\/uploads\/2020\/06\/wayuu-food-distribution.jpg\" alt=\"\" width=\"802\" height=\"526\" srcset=\"https:\/\/interamerica.org\/wp-content\/uploads\/2020\/06\/wayuu-food-distribution.jpg 1000w, https:\/\/interamerica.org\/wp-content\/uploads\/2020\/06\/wayuu-food-distribution-300x197.jpg 300w, https:\/\/interamerica.org\/wp-content\/uploads\/2020\/06\/wayuu-food-distribution-768x504.jpg 768w\" sizes=\"(max-width: 802px) 100vw, 802px\" \/><p id=\"caption-attachment-59859\" class=\"wp-caption-text\">Une partie des sacs de nourriture contenant du riz, des haricots, des lentilles, des p\u00e2tes, de la farine, des \u0153ufs, de l\u2019huile et du sel qui ont \u00e9t\u00e9 distribu\u00e9s \u00e0 des dizaines de familles Way\u00fau dans le besoin. [Photo : ADRA Colombie]<\/p><\/div>Le pasteur Taboada a remerci\u00e9 tous ceux qui ont pris part au projet pour aider les communaut\u00e9s Way\u00fau au cours des deux derniers mois.<\/p>\n<p>\u00ab Ce que nous faisons est peu de chose, mais cela veut dire beaucoup pour eux, \u00bb a dit pasteur Taboada. \u00ab Nous sommes tr\u00e8s heureux de pouvoir travailler pour le Seigneur et de transmettre le message d\u2019esp\u00e9rance \u00e0 chaque personne en r\u00e9pondant \u00e0 ses besoins fondamentaux.<\/p>\n<p>Des plans sont en place pour continuer \u00e0 aider davantage de familles necessiteuses qui luttent pendant les restrictions d\u00fbes au confinement dans les communaut\u00e9s Way\u00fau. \u00ab Nous avons parl\u00e9 \u00e0 des entit\u00e9s gouvernementales et au bureau du maire les invitant \u00e0 prendre part \u00e0 notre projet avec des dons de nourriture pour continuer \u00e0 aider les familles dans le besoin, \u00bb a dit pasteur Taboada.<\/p>\n<p>Pour en savoir plus sur l\u2019\u00c9glise adventiste dans le Nord de la Colombie et sur ses initiatives et projets, visitez le site <a href=\"https:\/\/www.unioncolombiana.org.co\/\">unioncolombiana.org.co<\/a><\/p>\n<p>Traduction: Patrick Luciathe<\/p>\n","protected":false},"excerpt":{"rendered":"<p>18 Juin 2020 | Medellin, Colombie | Daniela Arrierta \/ \u00c9quipe Actualit\u00e9s DIA Des dizaines de familles indig\u00e8nes Way\u00fau \u00e0 La Guarija, dans le Nord de la Colombie, ont re\u00e7u&#8230;<\/p>\n","protected":false},"author":3,"featured_media":59865,"comment_status":"open","ping_status":"closed","sticky":false,"template":"","format":"standard","meta":{"_acf_changed":false,"footnotes":""},"categories":[21,19],"tags":[],"class_list":["post-59892","post","type-post","status-publish","format-standard","has-post-thumbnail","hentry","category-nouvelles-du-territoire","category-rss-francais"],"acf":[],"yoast_head":"<!-- This site is optimized with the Yoast SEO plugin v27.3 - https:\/\/yoast.com\/product\/yoast-seo-wordpress\/ -->\n<title>Dans le Nord de la Colombie, des dizaines de familles indig\u00e8nes b\u00e9n\u00e9ficient de l\u2019initiative de distribution alimentaire de l\u2019\u00e9glise - \u00c9glise Adventiste Du Septieme Jour - Inter Am\u00e9rique Division<\/title>\n<meta name=\"robots\" content=\"index, follow, max-snippet:-1, max-image-preview:large, max-video-preview:-1\" \/>\n<link rel=\"canonical\" href=\"https:\/\/interamerica.org\/fr\/2020\/06\/dans-le-nord-de-la-colombie-des-dizaines-de-familles-indigenes-beneficient-de-linitiative-de-distribution-alimentaire-de-leglise\/\" \/>\n<meta property=\"og:locale\" content=\"fr_FR\" \/>\n<meta property=\"og:type\" content=\"article\" \/>\n<meta property=\"og:title\" content=\"Dans le Nord de la Colombie, des dizaines de familles indig\u00e8nes b\u00e9n\u00e9ficient de l\u2019initiative de distribution alimentaire de l\u2019\u00e9glise - \u00c9glise Adventiste Du Septieme Jour - Inter Am\u00e9rique Division\" \/>\n<meta property=\"og:description\" content=\"18 Juin 2020 | Medellin, Colombie | Daniela Arrierta \/ \u00c9quipe Actualit\u00e9s DIA Des dizaines de familles indig\u00e8nes Way\u00fau \u00e0 La Guarija, dans le Nord de la Colombie, ont re\u00e7u...\" \/>\n<meta property=\"og:url\" content=\"https:\/\/interamerica.org\/fr\/2020\/06\/dans-le-nord-de-la-colombie-des-dizaines-de-familles-indigenes-beneficient-de-linitiative-de-distribution-alimentaire-de-leglise\/\" \/>\n<meta property=\"og:site_name\" content=\"\u00c9glise Adventiste Du Septieme Jour - Inter Am\u00e9rique Division\" \/>\n<meta property=\"article:published_time\" content=\"2020-06-18T14:56:38+00:00\" \/>\n<meta property=\"article:modified_time\" content=\"2020-06-19T00:53:03+00:00\" \/>\n<meta property=\"og:image\" content=\"https:\/\/interamerica.org\/wp-content\/uploads\/2020\/06\/wayuu-food-family.jpg\" \/>\n\t<meta property=\"og:image:width\" content=\"1040\" \/>\n\t<meta property=\"og:image:height\" content=\"780\" \/>\n\t<meta property=\"og:image:type\" content=\"image\/jpeg\" \/>\n<meta name=\"author\" content=\"libna\" \/>\n<meta name=\"twitter:card\" content=\"summary_large_image\" \/>\n<meta name=\"twitter:label1\" content=\"\u00c9crit par\" \/>\n\t<meta name=\"twitter:data1\" content=\"libna\" \/>\n\t<meta name=\"twitter:label2\" content=\"Dur\u00e9e de lecture estim\u00e9e\" \/>\n\t<meta name=\"twitter:data2\" content=\"5 minutes\" \/>\n<script type=\"application\/ld+json\" class=\"yoast-schema-graph\">{\"@context\":\"https:\\\/\\\/schema.org\",\"@graph\":[{\"@type\":\"Article\",\"@id\":\"https:\\\/\\\/interamerica.org\\\/fr\\\/2020\\\/06\\\/dans-le-nord-de-la-colombie-des-dizaines-de-familles-indigenes-beneficient-de-linitiative-de-distribution-alimentaire-de-leglise\\\/#article\",\"isPartOf\":{\"@id\":\"https:\\\/\\\/interamerica.org\\\/fr\\\/2020\\\/06\\\/dans-le-nord-de-la-colombie-des-dizaines-de-familles-indigenes-beneficient-de-linitiative-de-distribution-alimentaire-de-leglise\\\/\"},\"author\":{\"name\":\"libna\",\"@id\":\"https:\\\/\\\/interamerica.org\\\/fr\\\/#\\\/schema\\\/person\\\/29998f2bc2d8bd0d38662909289b54f1\"},\"headline\":\"Dans le Nord de la Colombie, des dizaines de familles indig\u00e8nes b\u00e9n\u00e9ficient de l\u2019initiative de distribution alimentaire de l\u2019\u00e9glise\",\"datePublished\":\"2020-06-18T14:56:38+00:00\",\"dateModified\":\"2020-06-19T00:53:03+00:00\",\"mainEntityOfPage\":{\"@id\":\"https:\\\/\\\/interamerica.org\\\/fr\\\/2020\\\/06\\\/dans-le-nord-de-la-colombie-des-dizaines-de-familles-indigenes-beneficient-de-linitiative-de-distribution-alimentaire-de-leglise\\\/\"},\"wordCount\":973,\"commentCount\":0,\"image\":{\"@id\":\"https:\\\/\\\/interamerica.org\\\/fr\\\/2020\\\/06\\\/dans-le-nord-de-la-colombie-des-dizaines-de-familles-indigenes-beneficient-de-linitiative-de-distribution-alimentaire-de-leglise\\\/#primaryimage\"},\"thumbnailUrl\":\"https:\\\/\\\/interamerica.org\\\/wp-content\\\/uploads\\\/2020\\\/06\\\/wayuu-food-family.jpg\",\"articleSection\":[\"Nouvelles du territoire\",\"RSS Fran\u00e7ais\"],\"inLanguage\":\"fr-FR\",\"potentialAction\":[{\"@type\":\"CommentAction\",\"name\":\"Comment\",\"target\":[\"https:\\\/\\\/interamerica.org\\\/fr\\\/2020\\\/06\\\/dans-le-nord-de-la-colombie-des-dizaines-de-familles-indigenes-beneficient-de-linitiative-de-distribution-alimentaire-de-leglise\\\/#respond\"]}]},{\"@type\":\"WebPage\",\"@id\":\"https:\\\/\\\/interamerica.org\\\/fr\\\/2020\\\/06\\\/dans-le-nord-de-la-colombie-des-dizaines-de-familles-indigenes-beneficient-de-linitiative-de-distribution-alimentaire-de-leglise\\\/\",\"url\":\"https:\\\/\\\/interamerica.org\\\/fr\\\/2020\\\/06\\\/dans-le-nord-de-la-colombie-des-dizaines-de-familles-indigenes-beneficient-de-linitiative-de-distribution-alimentaire-de-leglise\\\/\",\"name\":\"Dans le Nord de la Colombie, des dizaines de familles indig\u00e8nes b\u00e9n\u00e9ficient de l\u2019initiative de distribution alimentaire de l\u2019\u00e9glise - \u00c9glise Adventiste Du Septieme Jour - Inter Am\u00e9rique Division\",\"isPartOf\":{\"@id\":\"https:\\\/\\\/interamerica.org\\\/fr\\\/#website\"},\"primaryImageOfPage\":{\"@id\":\"https:\\\/\\\/interamerica.org\\\/fr\\\/2020\\\/06\\\/dans-le-nord-de-la-colombie-des-dizaines-de-familles-indigenes-beneficient-de-linitiative-de-distribution-alimentaire-de-leglise\\\/#primaryimage\"},\"image\":{\"@id\":\"https:\\\/\\\/interamerica.org\\\/fr\\\/2020\\\/06\\\/dans-le-nord-de-la-colombie-des-dizaines-de-familles-indigenes-beneficient-de-linitiative-de-distribution-alimentaire-de-leglise\\\/#primaryimage\"},\"thumbnailUrl\":\"https:\\\/\\\/interamerica.org\\\/wp-content\\\/uploads\\\/2020\\\/06\\\/wayuu-food-family.jpg\",\"datePublished\":\"2020-06-18T14:56:38+00:00\",\"dateModified\":\"2020-06-19T00:53:03+00:00\",\"author\":{\"@id\":\"https:\\\/\\\/interamerica.org\\\/fr\\\/#\\\/schema\\\/person\\\/29998f2bc2d8bd0d38662909289b54f1\"},\"breadcrumb\":{\"@id\":\"https:\\\/\\\/interamerica.org\\\/fr\\\/2020\\\/06\\\/dans-le-nord-de-la-colombie-des-dizaines-de-familles-indigenes-beneficient-de-linitiative-de-distribution-alimentaire-de-leglise\\\/#breadcrumb\"},\"inLanguage\":\"fr-FR\",\"potentialAction\":[{\"@type\":\"ReadAction\",\"target\":[\"https:\\\/\\\/interamerica.org\\\/fr\\\/2020\\\/06\\\/dans-le-nord-de-la-colombie-des-dizaines-de-familles-indigenes-beneficient-de-linitiative-de-distribution-alimentaire-de-leglise\\\/\"]}]},{\"@type\":\"ImageObject\",\"inLanguage\":\"fr-FR\",\"@id\":\"https:\\\/\\\/interamerica.org\\\/fr\\\/2020\\\/06\\\/dans-le-nord-de-la-colombie-des-dizaines-de-familles-indigenes-beneficient-de-linitiative-de-distribution-alimentaire-de-leglise\\\/#primaryimage\",\"url\":\"https:\\\/\\\/interamerica.org\\\/wp-content\\\/uploads\\\/2020\\\/06\\\/wayuu-food-family.jpg\",\"contentUrl\":\"https:\\\/\\\/interamerica.org\\\/wp-content\\\/uploads\\\/2020\\\/06\\\/wayuu-food-family.jpg\",\"width\":1040,\"height\":780,\"caption\":\"[Photo: ADRA Colombia]\"},{\"@type\":\"BreadcrumbList\",\"@id\":\"https:\\\/\\\/interamerica.org\\\/fr\\\/2020\\\/06\\\/dans-le-nord-de-la-colombie-des-dizaines-de-familles-indigenes-beneficient-de-linitiative-de-distribution-alimentaire-de-leglise\\\/#breadcrumb\",\"itemListElement\":[{\"@type\":\"ListItem\",\"position\":1,\"name\":\"Home\",\"item\":\"https:\\\/\\\/interamerica.org\\\/fr\\\/\"},{\"@type\":\"ListItem\",\"position\":2,\"name\":\"Dans le Nord de la Colombie, des dizaines de familles indig\u00e8nes b\u00e9n\u00e9ficient de l\u2019initiative de distribution alimentaire de l\u2019\u00e9glise\"}]},{\"@type\":\"WebSite\",\"@id\":\"https:\\\/\\\/interamerica.org\\\/fr\\\/#website\",\"url\":\"https:\\\/\\\/interamerica.org\\\/fr\\\/\",\"name\":\"\u00c9glise Adventiste Du Septieme Jour - Inter Am\u00e9rique Division\",\"description\":\"\",\"potentialAction\":[{\"@type\":\"SearchAction\",\"target\":{\"@type\":\"EntryPoint\",\"urlTemplate\":\"https:\\\/\\\/interamerica.org\\\/fr\\\/?s={search_term_string}\"},\"query-input\":{\"@type\":\"PropertyValueSpecification\",\"valueRequired\":true,\"valueName\":\"search_term_string\"}}],\"inLanguage\":\"fr-FR\"},{\"@type\":\"Person\",\"@id\":\"https:\\\/\\\/interamerica.org\\\/fr\\\/#\\\/schema\\\/person\\\/29998f2bc2d8bd0d38662909289b54f1\",\"name\":\"libna\",\"image\":{\"@type\":\"ImageObject\",\"inLanguage\":\"fr-FR\",\"@id\":\"https:\\\/\\\/secure.gravatar.com\\\/avatar\\\/7c5bd30ae4b47a9ba3c856590957fd1d96dc588bf3ac05719d247e126840331f?s=96&d=mm&r=g\",\"url\":\"https:\\\/\\\/secure.gravatar.com\\\/avatar\\\/7c5bd30ae4b47a9ba3c856590957fd1d96dc588bf3ac05719d247e126840331f?s=96&d=mm&r=g\",\"contentUrl\":\"https:\\\/\\\/secure.gravatar.com\\\/avatar\\\/7c5bd30ae4b47a9ba3c856590957fd1d96dc588bf3ac05719d247e126840331f?s=96&d=mm&r=g\",\"caption\":\"libna\"}}]}<\/script>\n<!-- \/ Yoast SEO plugin. -->","yoast_head_json":{"title":"Dans le Nord de la Colombie, des dizaines de familles indig\u00e8nes b\u00e9n\u00e9ficient de l\u2019initiative de distribution alimentaire de l\u2019\u00e9glise - \u00c9glise Adventiste Du Septieme Jour - Inter Am\u00e9rique Division","robots":{"index":"index","follow":"follow","max-snippet":"max-snippet:-1","max-image-preview":"max-image-preview:large","max-video-preview":"max-video-preview:-1"},"canonical":"https:\/\/interamerica.org\/fr\/2020\/06\/dans-le-nord-de-la-colombie-des-dizaines-de-familles-indigenes-beneficient-de-linitiative-de-distribution-alimentaire-de-leglise\/","og_locale":"fr_FR","og_type":"article","og_title":"Dans le Nord de la Colombie, des dizaines de familles indig\u00e8nes b\u00e9n\u00e9ficient de l\u2019initiative de distribution alimentaire de l\u2019\u00e9glise - \u00c9glise Adventiste Du Septieme Jour - Inter Am\u00e9rique Division","og_description":"18 Juin 2020 | Medellin, Colombie | Daniela Arrierta \/ \u00c9quipe Actualit\u00e9s DIA Des dizaines de familles indig\u00e8nes Way\u00fau \u00e0 La Guarija, dans le Nord de la Colombie, ont re\u00e7u...","og_url":"https:\/\/interamerica.org\/fr\/2020\/06\/dans-le-nord-de-la-colombie-des-dizaines-de-familles-indigenes-beneficient-de-linitiative-de-distribution-alimentaire-de-leglise\/","og_site_name":"\u00c9glise Adventiste Du Septieme Jour - Inter Am\u00e9rique Division","article_published_time":"2020-06-18T14:56:38+00:00","article_modified_time":"2020-06-19T00:53:03+00:00","og_image":[{"width":1040,"height":780,"url":"https:\/\/interamerica.org\/wp-content\/uploads\/2020\/06\/wayuu-food-family.jpg","type":"image\/jpeg"}],"author":"libna","twitter_card":"summary_large_image","twitter_misc":{"\u00c9crit par":"libna","Dur\u00e9e de lecture estim\u00e9e":"5 minutes"},"schema":{"@context":"https:\/\/schema.org","@graph":[{"@type":"Article","@id":"https:\/\/interamerica.org\/fr\/2020\/06\/dans-le-nord-de-la-colombie-des-dizaines-de-familles-indigenes-beneficient-de-linitiative-de-distribution-alimentaire-de-leglise\/#article","isPartOf":{"@id":"https:\/\/interamerica.org\/fr\/2020\/06\/dans-le-nord-de-la-colombie-des-dizaines-de-familles-indigenes-beneficient-de-linitiative-de-distribution-alimentaire-de-leglise\/"},"author":{"name":"libna","@id":"https:\/\/interamerica.org\/fr\/#\/schema\/person\/29998f2bc2d8bd0d38662909289b54f1"},"headline":"Dans le Nord de la Colombie, des dizaines de familles indig\u00e8nes b\u00e9n\u00e9ficient de l\u2019initiative de distribution alimentaire de l\u2019\u00e9glise","datePublished":"2020-06-18T14:56:38+00:00","dateModified":"2020-06-19T00:53:03+00:00","mainEntityOfPage":{"@id":"https:\/\/interamerica.org\/fr\/2020\/06\/dans-le-nord-de-la-colombie-des-dizaines-de-familles-indigenes-beneficient-de-linitiative-de-distribution-alimentaire-de-leglise\/"},"wordCount":973,"commentCount":0,"image":{"@id":"https:\/\/interamerica.org\/fr\/2020\/06\/dans-le-nord-de-la-colombie-des-dizaines-de-familles-indigenes-beneficient-de-linitiative-de-distribution-alimentaire-de-leglise\/#primaryimage"},"thumbnailUrl":"https:\/\/interamerica.org\/wp-content\/uploads\/2020\/06\/wayuu-food-family.jpg","articleSection":["Nouvelles du territoire","RSS Fran\u00e7ais"],"inLanguage":"fr-FR","potentialAction":[{"@type":"CommentAction","name":"Comment","target":["https:\/\/interamerica.org\/fr\/2020\/06\/dans-le-nord-de-la-colombie-des-dizaines-de-familles-indigenes-beneficient-de-linitiative-de-distribution-alimentaire-de-leglise\/#respond"]}]},{"@type":"WebPage","@id":"https:\/\/interamerica.org\/fr\/2020\/06\/dans-le-nord-de-la-colombie-des-dizaines-de-familles-indigenes-beneficient-de-linitiative-de-distribution-alimentaire-de-leglise\/","url":"https:\/\/interamerica.org\/fr\/2020\/06\/dans-le-nord-de-la-colombie-des-dizaines-de-familles-indigenes-beneficient-de-linitiative-de-distribution-alimentaire-de-leglise\/","name":"Dans le Nord de la Colombie, des dizaines de familles indig\u00e8nes b\u00e9n\u00e9ficient de l\u2019initiative de distribution alimentaire de l\u2019\u00e9glise - \u00c9glise Adventiste Du Septieme Jour - Inter Am\u00e9rique Division","isPartOf":{"@id":"https:\/\/interamerica.org\/fr\/#website"},"primaryImageOfPage":{"@id":"https:\/\/interamerica.org\/fr\/2020\/06\/dans-le-nord-de-la-colombie-des-dizaines-de-familles-indigenes-beneficient-de-linitiative-de-distribution-alimentaire-de-leglise\/#primaryimage"},"image":{"@id":"https:\/\/interamerica.org\/fr\/2020\/06\/dans-le-nord-de-la-colombie-des-dizaines-de-familles-indigenes-beneficient-de-linitiative-de-distribution-alimentaire-de-leglise\/#primaryimage"},"thumbnailUrl":"https:\/\/interamerica.org\/wp-content\/uploads\/2020\/06\/wayuu-food-family.jpg","datePublished":"2020-06-18T14:56:38+00:00","dateModified":"2020-06-19T00:53:03+00:00","author":{"@id":"https:\/\/interamerica.org\/fr\/#\/schema\/person\/29998f2bc2d8bd0d38662909289b54f1"},"breadcrumb":{"@id":"https:\/\/interamerica.org\/fr\/2020\/06\/dans-le-nord-de-la-colombie-des-dizaines-de-familles-indigenes-beneficient-de-linitiative-de-distribution-alimentaire-de-leglise\/#breadcrumb"},"inLanguage":"fr-FR","potentialAction":[{"@type":"ReadAction","target":["https:\/\/interamerica.org\/fr\/2020\/06\/dans-le-nord-de-la-colombie-des-dizaines-de-familles-indigenes-beneficient-de-linitiative-de-distribution-alimentaire-de-leglise\/"]}]},{"@type":"ImageObject","inLanguage":"fr-FR","@id":"https:\/\/interamerica.org\/fr\/2020\/06\/dans-le-nord-de-la-colombie-des-dizaines-de-familles-indigenes-beneficient-de-linitiative-de-distribution-alimentaire-de-leglise\/#primaryimage","url":"https:\/\/interamerica.org\/wp-content\/uploads\/2020\/06\/wayuu-food-family.jpg","contentUrl":"https:\/\/interamerica.org\/wp-content\/uploads\/2020\/06\/wayuu-food-family.jpg","width":1040,"height":780,"caption":"[Photo: ADRA Colombia]"},{"@type":"BreadcrumbList","@id":"https:\/\/interamerica.org\/fr\/2020\/06\/dans-le-nord-de-la-colombie-des-dizaines-de-familles-indigenes-beneficient-de-linitiative-de-distribution-alimentaire-de-leglise\/#breadcrumb","itemListElement":[{"@type":"ListItem","position":1,"name":"Home","item":"https:\/\/interamerica.org\/fr\/"},{"@type":"ListItem","position":2,"name":"Dans le Nord de la Colombie, des dizaines de familles indig\u00e8nes b\u00e9n\u00e9ficient de l\u2019initiative de distribution alimentaire de l\u2019\u00e9glise"}]},{"@type":"WebSite","@id":"https:\/\/interamerica.org\/fr\/#website","url":"https:\/\/interamerica.org\/fr\/","name":"\u00c9glise Adventiste Du Septieme Jour - Inter Am\u00e9rique Division","description":"","potentialAction":[{"@type":"SearchAction","target":{"@type":"EntryPoint","urlTemplate":"https:\/\/interamerica.org\/fr\/?s={search_term_string}"},"query-input":{"@type":"PropertyValueSpecification","valueRequired":true,"valueName":"search_term_string"}}],"inLanguage":"fr-FR"},{"@type":"Person","@id":"https:\/\/interamerica.org\/fr\/#\/schema\/person\/29998f2bc2d8bd0d38662909289b54f1","name":"libna","image":{"@type":"ImageObject","inLanguage":"fr-FR","@id":"https:\/\/secure.gravatar.com\/avatar\/7c5bd30ae4b47a9ba3c856590957fd1d96dc588bf3ac05719d247e126840331f?s=96&d=mm&r=g","url":"https:\/\/secure.gravatar.com\/avatar\/7c5bd30ae4b47a9ba3c856590957fd1d96dc588bf3ac05719d247e126840331f?s=96&d=mm&r=g","contentUrl":"https:\/\/secure.gravatar.com\/avatar\/7c5bd30ae4b47a9ba3c856590957fd1d96dc588bf3ac05719d247e126840331f?s=96&d=mm&r=g","caption":"libna"}}]}},"_links":{"self":[{"href":"https:\/\/interamerica.org\/fr\/wp-json\/wp\/v2\/posts\/59892","targetHints":{"allow":["GET"]}}],"collection":[{"href":"https:\/\/interamerica.org\/fr\/wp-json\/wp\/v2\/posts"}],"about":[{"href":"https:\/\/interamerica.org\/fr\/wp-json\/wp\/v2\/types\/post"}],"author":[{"embeddable":true,"href":"https:\/\/interamerica.org\/fr\/wp-json\/wp\/v2\/users\/3"}],"replies":[{"embeddable":true,"href":"https:\/\/interamerica.org\/fr\/wp-json\/wp\/v2\/comments?post=59892"}],"version-history":[{"count":0,"href":"https:\/\/interamerica.org\/fr\/wp-json\/wp\/v2\/posts\/59892\/revisions"}],"wp:featuredmedia":[{"embeddable":true,"href":"https:\/\/interamerica.org\/fr\/wp-json\/wp\/v2\/media\/59865"}],"wp:attachment":[{"href":"https:\/\/interamerica.org\/fr\/wp-json\/wp\/v2\/media?parent=59892"}],"wp:term":[{"taxonomy":"category","embeddable":true,"href":"https:\/\/interamerica.org\/fr\/wp-json\/wp\/v2\/categories?post=59892"},{"taxonomy":"post_tag","embeddable":true,"href":"https:\/\/interamerica.org\/fr\/wp-json\/wp\/v2\/tags?post=59892"}],"curies":[{"name":"wp","href":"https:\/\/api.w.org\/{rel}","templated":true}]}}