{"id":59922,"date":"2020-06-22T11:32:51","date_gmt":"2020-06-22T15:32:51","guid":{"rendered":"https:\/\/recursing-golick.147-182-135-0.plesk.page\/?p=59922"},"modified":"2020-06-22T15:47:57","modified_gmt":"2020-06-22T19:47:57","slug":"pasteur-ted-wilson-un-regard-special-sur-la-prophetie-dans-le-livre-de-daniel","status":"publish","type":"post","link":"https:\/\/interamerica.org\/fr\/2020\/06\/pasteur-ted-wilson-un-regard-special-sur-la-prophetie-dans-le-livre-de-daniel\/","title":{"rendered":"Pasteur Ted Wilson : un regard sp\u00e9cial sur la proph\u00e9tie dans le livre de Daniel"},"content":{"rendered":"<p>21 Juin 2020 | Silver Spring, Maryland, \u00c9tats-Unis | Par : Ted N.C. Wilson<\/p>\n<p>Mes amis, je suis heureux de vous retrouver alors qu\u2019une autre semaine s\u2019ach\u00e8ve. Alors que le monde continue de sortir lentement de la situation caus\u00e9e par le coronavirus, nous voyons certains endroits ouvrir et les gens commencent \u00e0 entrer dans ce qu\u2019on appelle la \u00ab nouvelle normalit\u00e9. \u00bb<\/p>\n<p>Alors que nous faisons face aux \u00e9v\u00e8nements qui arrivent, nous avons une excellente occasion de plonger dans la Parole de Dieu &#8211; qui ne change jamais &#8211; et en particulier dans la proph\u00e9tie, car elle donne l\u2019assurance que la Parole de Dieu est vraie.<\/p>\n<p>Au cours des deux derni\u00e8res semaines, nous avons examin\u00e9 les proph\u00e9ties qui se trouvent dans le livre de Daniel, et aujourd\u2019hui nous examinerons bri\u00e8vement le chapitre cl\u00e9 de qu\u2019est Daniel 8.<br \/>\nVous savez, ce chapitre est vraiment profond &#8211; nous ne pouvons pas couvrir tout ce qu\u2019il contient pendant cette courte p\u00e9riode que nous passerons ensemble. Cependant, consid\u00e9rons quelques points saillants :<\/p>\n<p>Daniel 8 commence \u00e0 l\u2019\u00e9poque de l\u2019empire M\u00e9do-Perse, symbolis\u00e9 par le b\u00e9lier \u00e0 deux cornes, comme l\u2019explique l\u2019ange au verset 20. Le b\u00e9lier est vaincu par le bouc, qui vient de l\u2019occident sans toucher le sol et qui a une grande corne, symbolisant la Gr\u00e8ce et la conqu\u00eate extraordinairement rapide d\u2019Alexandre. Les quatre cornes qui ont remplac\u00e9 la grande corne symbolisent la division de la Gr\u00e8ce entre quatre des g\u00e9n\u00e9raux d\u2019Alexandre. De l\u2019un des quatre vents apparait une \u00ab petite corne \u00bb qui s\u2019est agrandie d\u2019abord horizontalement, comme nous le voyons au verset 9, symbolisant la conqu\u00eate de la Gr\u00e8ce par la Rome pa\u00efenne, puis verticalement, comme nous le voyons aux versets 10 \u00e0 12, symbolisant la Rome papale usurpant les pouvoirs et les pr\u00e9rogatives qui appartiennent \u00e0 J\u00e9sus, appel\u00e9 ici \u00ab le chef de l\u2019arm\u00e9e. \u00bb<\/p>\n<p>Le fait de jeter \u00e0 terre les \u00e9toiles et l\u2019arm\u00e9e repr\u00e9sente la pers\u00e9cution du peuple de Dieu et le fait de renverser le \u00ab lieu du sanctuaire \u00bb indique que le pouvoir papal chercherait \u00e0 remplacer le minist\u00e8re de J\u00e9sus dans le sanctuaire c\u00e9leste par une contrefa\u00e7on du sacerdoce et du plan du salut.<\/p>\n<p>Et maintenant, on retrouve le point culminant de cette vision dans <a class=\"rtBibleRef\" href=\"https:\/\/biblia.com\/bible\/nkjv\/Dan%208.%2013\" target=\"_blank\" rel=\"noopener noreferrer\" data-reference=\"Dan 8. 13\" data-version=\"nkjv\" data-purpose=\"bible-reference\">Daniel 8: 13<\/a>,<a class=\"rtBibleRef\" href=\"https:\/\/biblia.com\/bible\/nkjv\/Daniel%208.14\" target=\"_blank\" rel=\"noopener noreferrer\" data-reference=\"Daniel 8.14\" data-version=\"nkjv\" data-purpose=\"bible-reference\">14<\/a>:<\/p>\n<p>\u00ab J\u2019entendis parler un saint; et un autre saint dit \u2026: Pendant combien de temps s\u2019accomplira la vision sur le sacrifice perp\u00e9tuel et sur le p\u00e9ch\u00e9 d\u00e9vastateur ? Jusques \u00e0 quand le sanctuaire et l&rsquo;arm\u00e9e seront-ils foul\u00e9s? Et il me dit: Deux mille trois cents soirs et matins; puis le sanctuaire sera purifi\u00e9. \u00bb<\/p>\n<p>Vous savez, cette question de savoir \u00ab combien de temps ? \u00bb a \u00e9t\u00e9 pos\u00e9e \u00e0 maintes reprises par le peuple de Dieu. Par exemple, dans <a class=\"rtBibleRef\" href=\"https:\/\/biblia.com\/bible\/nkjv\/Josh%2018.3\" target=\"_blank\" rel=\"noopener noreferrer\" data-reference=\"Josh 18.3\" data-version=\"nkjv\" data-purpose=\"bible-reference\">Josu\u00e9 18:3<\/a>, Josu\u00e9 a demand\u00e9 combien de temps Isra\u00ebl attendrait et n\u00e9gligerait d\u2019aller et de prendre possession du pays que Dieu lui donnait. Dans <a class=\"rtBibleRef\" href=\"https:\/\/biblia.com\/bible\/nkjv\/1%20Kings%2018.21\" target=\"_blank\" rel=\"noopener noreferrer\" data-reference=\"1 Kings 18.21\" data-version=\"nkjv\" data-purpose=\"bible-reference\">1 Rois 18:21<\/a>, \u00c9lie demande au peuple : \u00ab Jusqu\u2019\u00e0 quand clocherez-vous des deux c\u00f4t\u00e9s ? \u00bb Dans <a class=\"rtBibleRef\" href=\"https:\/\/biblia.com\/bible\/nkjv\/Ps%2094.3\" target=\"_blank\" rel=\"noopener noreferrer\" data-reference=\"Ps 94.3\" data-version=\"nkjv\" data-purpose=\"bible-reference\">Psaume 94:3<\/a> nous lisons : \u00ab \u00f4 \u00c9ternel! Jusques \u00e0 quand les m\u00e9chants triompheront-ils ? \u00bb et dans <a class=\"rtBibleRef\" href=\"https:\/\/biblia.com\/bible\/nkjv\/Dan%2012.6\" target=\"_blank\" rel=\"noopener noreferrer\" data-reference=\"Dan 12.6\" data-version=\"nkjv\" data-purpose=\"bible-reference\">Daniel 12:6<\/a>,<a class=\"rtBibleRef\" href=\"https:\/\/biblia.com\/bible\/nkjv\/Daniel%2012.7\" target=\"_blank\" rel=\"noopener noreferrer\" data-reference=\"Daniel 12.7\" data-version=\"nkjv\" data-purpose=\"bible-reference\">7<\/a> nous lisons: \u00ab Quand sera la fin de ces prodiges ? \u00bb Et la r\u00e9ponse est donn\u00e9e : \u00ab ce sera dans un temps, des temps, et la moiti\u00e9 d&rsquo;un temps, et que toutes ces choses finiront quand la force du peuple saint sera enti\u00e8rement bris\u00e9e. \u00bb<\/p>\n<p>Comme nous avons tr\u00e8s peu de temps, r\u00e9sumons quelques-uns des points cl\u00e9s :<\/p>\n<p>En connectant les deux passages de Daniel 8 et Daniel 12, nous apprenons qu\u2019apr\u00e8s la fin des \u00ab 3 temps et demi \u00bb ou 1260 jours proph\u00e9tiques, symbolisant 1260 ann\u00e9es litt\u00e9rales, la petite corne serait arr\u00eat\u00e9e (ce qui s\u2019est produit en 1798), menant \u00e0 la fin des 2300 jours (ou ann\u00e9es) en 1844, lorsque la v\u00e9rit\u00e9 du minist\u00e8re c\u00e9leste du Christ commencerait \u00e0 \u00eatre r\u00e9tablie. En 1844, la \u00ab purification \u00bb du sanctuaire c\u00e9leste commence, une r\u00e9f\u00e9rence au jugement du peuple de Dieu r\u00e9v\u00e9lant qui fera partie du royaume de Christ.<\/p>\n<p>Vous savez, mes amis, il est vraiment important pour nous de comprendre le sujet du minist\u00e8re du Christ dans le sanctuaire c\u00e9leste. Dans le livre, La Trag\u00e9die des Si\u00e8cles, p. 429, nous lisons : \u00ab Le peuple de Dieu devrait comprendre parfaitement le sujet du sanctuaire et du jugement [investigatif]. Chacun devrait \u00eatre au courant de la position et de l\u2019\u0153uvre de notre souverain sacrificateur. Sans cette connaissance, il n\u2019est pas possible d\u2019exercer la foi indispensable en ce temps-ci, ni d\u2019occuper le poste que Dieu nous assigne. \u00bb<\/p>\n<p>Dans notre vid\u00e9o de la semaine prochaine, nous parlerons davantage du sanctuaire c\u00e9leste, de ce que J\u00e9sus y fait, et de la fa\u00e7on dont cela nous concerne maintenant. C\u2019est un message vraiment vital et pertinent pour nous aujourd\u2019hui !<\/p>\n<p>En terminant, je voudrais vous encourager &#8211; Soyez de bon courage ! J\u00e9sus-Christ, notre Souverain Sacrificateur, exerce actuellement son minist\u00e8re pour nous dans le sanctuaire c\u00e9leste, comme l\u2019ont indiqu\u00e9 les \u00c9critures. Nous pouvons avoir confiance en Lui et en Sa Sainte Parole.<\/p>\n<p>Prions. Notre P\u00e8re qui es au cieux, sois en ce moment avec chaque personne \u00e0 travers le monde et aide-nous \u00e0 r\u00e9aliser que la proph\u00e9tie nous a \u00e9t\u00e9 donn\u00e9e pour nous rassurer, et pour nous encourager sachant que tu as pourvu \u00e0 tout pour nous alors que nous entrons dans ces derniers jours de l\u2019histoire du monde, et que J\u00e9sus \u0153uvre pour nous dans le Lieu Tr\u00e8s Saint du sanctuaire c\u00e9leste en ce moment. Merci pour ce qu\u2019il fait dans le jugement investigatif. Et nous sommes vraiment reconnaissants que son sang et sa gr\u00e2ce puissent nous couvrir alors que nous nous soumettons \u00e0 lui tous les jours. Merci pour la promesse de ta prochaine venue. Et Seigneur, aide-nous \u00e0 \u00eatre tes mains et tes pieds pour amener la gu\u00e9rison et l\u2019esp\u00e9rance dont ce monde a tant besoin. Au nom de J\u00e9sus, amen.<\/p>\n<p>Traduction: Patrick Luciathe<\/p>\n<p><iframe title=\"Un Message Sp\u00e9cial par le Pasteur Ted Wilson \/ FRANCAIS \/ 06-19-2020\" src=\"https:\/\/player.vimeo.com\/video\/430842784?dnt=1&amp;app_id=122963\" width=\"500\" height=\"281\" frameborder=\"0\" allow=\"autoplay; fullscreen; picture-in-picture; clipboard-write\"><\/iframe><\/p>\n","protected":false},"excerpt":{"rendered":"<p>21 Juin 2020 | Silver Spring, Maryland, \u00c9tats-Unis | Par : Ted N.C. Wilson Mes amis, je suis heureux de vous retrouver alors qu\u2019une autre semaine s\u2019ach\u00e8ve. Alors que le&#8230;<\/p>\n","protected":false},"author":3,"featured_media":59907,"comment_status":"open","ping_status":"closed","sticky":false,"template":"","format":"standard","meta":{"_acf_changed":false,"footnotes":""},"categories":[18,19],"tags":[],"class_list":["post-59922","post","type-post","status-publish","format-standard","has-post-thumbnail","hentry","category-nouvelles-de-leglise-mondiale","category-rss-francais"],"acf":[],"yoast_head":"<!-- This site is optimized with the Yoast SEO plugin v27.3 - https:\/\/yoast.com\/product\/yoast-seo-wordpress\/ -->\n<title>Pasteur Ted Wilson : un regard sp\u00e9cial sur la proph\u00e9tie dans le livre de Daniel - \u00c9glise Adventiste Du Septieme Jour - Inter Am\u00e9rique Division<\/title>\n<meta name=\"robots\" content=\"index, follow, max-snippet:-1, max-image-preview:large, max-video-preview:-1\" \/>\n<link rel=\"canonical\" href=\"https:\/\/interamerica.org\/fr\/2020\/06\/pasteur-ted-wilson-un-regard-special-sur-la-prophetie-dans-le-livre-de-daniel\/\" \/>\n<meta property=\"og:locale\" content=\"fr_FR\" \/>\n<meta property=\"og:type\" content=\"article\" \/>\n<meta property=\"og:title\" content=\"Pasteur Ted Wilson : un regard sp\u00e9cial sur la proph\u00e9tie dans le livre de Daniel - \u00c9glise Adventiste Du Septieme Jour - Inter Am\u00e9rique Division\" \/>\n<meta property=\"og:description\" content=\"21 Juin 2020 | Silver Spring, Maryland, \u00c9tats-Unis | Par : Ted N.C. Wilson Mes amis, je suis heureux de vous retrouver alors qu\u2019une autre semaine s\u2019ach\u00e8ve. Alors que le...\" \/>\n<meta property=\"og:url\" content=\"https:\/\/interamerica.org\/fr\/2020\/06\/pasteur-ted-wilson-un-regard-special-sur-la-prophetie-dans-le-livre-de-daniel\/\" \/>\n<meta property=\"og:site_name\" content=\"\u00c9glise Adventiste Du Septieme Jour - Inter Am\u00e9rique Division\" \/>\n<meta property=\"article:published_time\" content=\"2020-06-22T15:32:51+00:00\" \/>\n<meta property=\"article:modified_time\" content=\"2020-06-22T19:47:57+00:00\" \/>\n<meta property=\"og:image\" content=\"https:\/\/interamerica.org\/wp-content\/uploads\/2020\/06\/pastor-ted-wilson-a-special-look-at-prophecy-in-the-book-of-daniel-1280.jpg\" \/>\n\t<meta property=\"og:image:width\" content=\"1280\" \/>\n\t<meta property=\"og:image:height\" content=\"800\" \/>\n\t<meta property=\"og:image:type\" content=\"image\/jpeg\" \/>\n<meta name=\"author\" content=\"libna\" \/>\n<meta name=\"twitter:card\" content=\"summary_large_image\" \/>\n<meta name=\"twitter:label1\" content=\"\u00c9crit par\" \/>\n\t<meta name=\"twitter:data1\" content=\"libna\" \/>\n\t<meta name=\"twitter:label2\" content=\"Dur\u00e9e de lecture estim\u00e9e\" \/>\n\t<meta name=\"twitter:data2\" content=\"5 minutes\" \/>\n<script type=\"application\/ld+json\" class=\"yoast-schema-graph\">{\"@context\":\"https:\\\/\\\/schema.org\",\"@graph\":[{\"@type\":\"Article\",\"@id\":\"https:\\\/\\\/interamerica.org\\\/fr\\\/2020\\\/06\\\/pasteur-ted-wilson-un-regard-special-sur-la-prophetie-dans-le-livre-de-daniel\\\/#article\",\"isPartOf\":{\"@id\":\"https:\\\/\\\/interamerica.org\\\/fr\\\/2020\\\/06\\\/pasteur-ted-wilson-un-regard-special-sur-la-prophetie-dans-le-livre-de-daniel\\\/\"},\"author\":{\"name\":\"libna\",\"@id\":\"https:\\\/\\\/interamerica.org\\\/fr\\\/#\\\/schema\\\/person\\\/29998f2bc2d8bd0d38662909289b54f1\"},\"headline\":\"Pasteur Ted Wilson : un regard sp\u00e9cial sur la proph\u00e9tie dans le livre de Daniel\",\"datePublished\":\"2020-06-22T15:32:51+00:00\",\"dateModified\":\"2020-06-22T19:47:57+00:00\",\"mainEntityOfPage\":{\"@id\":\"https:\\\/\\\/interamerica.org\\\/fr\\\/2020\\\/06\\\/pasteur-ted-wilson-un-regard-special-sur-la-prophetie-dans-le-livre-de-daniel\\\/\"},\"wordCount\":1038,\"commentCount\":0,\"image\":{\"@id\":\"https:\\\/\\\/interamerica.org\\\/fr\\\/2020\\\/06\\\/pasteur-ted-wilson-un-regard-special-sur-la-prophetie-dans-le-livre-de-daniel\\\/#primaryimage\"},\"thumbnailUrl\":\"https:\\\/\\\/interamerica.org\\\/wp-content\\\/uploads\\\/2020\\\/06\\\/pastor-ted-wilson-a-special-look-at-prophecy-in-the-book-of-daniel-1280.jpg\",\"articleSection\":[\"Nouvelles de l'\u00c9glise mondiale\",\"RSS Fran\u00e7ais\"],\"inLanguage\":\"fr-FR\",\"potentialAction\":[{\"@type\":\"CommentAction\",\"name\":\"Comment\",\"target\":[\"https:\\\/\\\/interamerica.org\\\/fr\\\/2020\\\/06\\\/pasteur-ted-wilson-un-regard-special-sur-la-prophetie-dans-le-livre-de-daniel\\\/#respond\"]}]},{\"@type\":\"WebPage\",\"@id\":\"https:\\\/\\\/interamerica.org\\\/fr\\\/2020\\\/06\\\/pasteur-ted-wilson-un-regard-special-sur-la-prophetie-dans-le-livre-de-daniel\\\/\",\"url\":\"https:\\\/\\\/interamerica.org\\\/fr\\\/2020\\\/06\\\/pasteur-ted-wilson-un-regard-special-sur-la-prophetie-dans-le-livre-de-daniel\\\/\",\"name\":\"Pasteur Ted Wilson : un regard sp\u00e9cial sur la proph\u00e9tie dans le livre de Daniel - \u00c9glise Adventiste Du Septieme Jour - Inter Am\u00e9rique Division\",\"isPartOf\":{\"@id\":\"https:\\\/\\\/interamerica.org\\\/fr\\\/#website\"},\"primaryImageOfPage\":{\"@id\":\"https:\\\/\\\/interamerica.org\\\/fr\\\/2020\\\/06\\\/pasteur-ted-wilson-un-regard-special-sur-la-prophetie-dans-le-livre-de-daniel\\\/#primaryimage\"},\"image\":{\"@id\":\"https:\\\/\\\/interamerica.org\\\/fr\\\/2020\\\/06\\\/pasteur-ted-wilson-un-regard-special-sur-la-prophetie-dans-le-livre-de-daniel\\\/#primaryimage\"},\"thumbnailUrl\":\"https:\\\/\\\/interamerica.org\\\/wp-content\\\/uploads\\\/2020\\\/06\\\/pastor-ted-wilson-a-special-look-at-prophecy-in-the-book-of-daniel-1280.jpg\",\"datePublished\":\"2020-06-22T15:32:51+00:00\",\"dateModified\":\"2020-06-22T19:47:57+00:00\",\"author\":{\"@id\":\"https:\\\/\\\/interamerica.org\\\/fr\\\/#\\\/schema\\\/person\\\/29998f2bc2d8bd0d38662909289b54f1\"},\"breadcrumb\":{\"@id\":\"https:\\\/\\\/interamerica.org\\\/fr\\\/2020\\\/06\\\/pasteur-ted-wilson-un-regard-special-sur-la-prophetie-dans-le-livre-de-daniel\\\/#breadcrumb\"},\"inLanguage\":\"fr-FR\",\"potentialAction\":[{\"@type\":\"ReadAction\",\"target\":[\"https:\\\/\\\/interamerica.org\\\/fr\\\/2020\\\/06\\\/pasteur-ted-wilson-un-regard-special-sur-la-prophetie-dans-le-livre-de-daniel\\\/\"]}]},{\"@type\":\"ImageObject\",\"inLanguage\":\"fr-FR\",\"@id\":\"https:\\\/\\\/interamerica.org\\\/fr\\\/2020\\\/06\\\/pasteur-ted-wilson-un-regard-special-sur-la-prophetie-dans-le-livre-de-daniel\\\/#primaryimage\",\"url\":\"https:\\\/\\\/interamerica.org\\\/wp-content\\\/uploads\\\/2020\\\/06\\\/pastor-ted-wilson-a-special-look-at-prophecy-in-the-book-of-daniel-1280.jpg\",\"contentUrl\":\"https:\\\/\\\/interamerica.org\\\/wp-content\\\/uploads\\\/2020\\\/06\\\/pastor-ted-wilson-a-special-look-at-prophecy-in-the-book-of-daniel-1280.jpg\",\"width\":1280,\"height\":800},{\"@type\":\"BreadcrumbList\",\"@id\":\"https:\\\/\\\/interamerica.org\\\/fr\\\/2020\\\/06\\\/pasteur-ted-wilson-un-regard-special-sur-la-prophetie-dans-le-livre-de-daniel\\\/#breadcrumb\",\"itemListElement\":[{\"@type\":\"ListItem\",\"position\":1,\"name\":\"Home\",\"item\":\"https:\\\/\\\/interamerica.org\\\/fr\\\/\"},{\"@type\":\"ListItem\",\"position\":2,\"name\":\"Pasteur Ted Wilson : un regard sp\u00e9cial sur la proph\u00e9tie dans le livre de Daniel\"}]},{\"@type\":\"WebSite\",\"@id\":\"https:\\\/\\\/interamerica.org\\\/fr\\\/#website\",\"url\":\"https:\\\/\\\/interamerica.org\\\/fr\\\/\",\"name\":\"\u00c9glise Adventiste Du Septieme Jour - Inter Am\u00e9rique Division\",\"description\":\"\",\"potentialAction\":[{\"@type\":\"SearchAction\",\"target\":{\"@type\":\"EntryPoint\",\"urlTemplate\":\"https:\\\/\\\/interamerica.org\\\/fr\\\/?s={search_term_string}\"},\"query-input\":{\"@type\":\"PropertyValueSpecification\",\"valueRequired\":true,\"valueName\":\"search_term_string\"}}],\"inLanguage\":\"fr-FR\"},{\"@type\":\"Person\",\"@id\":\"https:\\\/\\\/interamerica.org\\\/fr\\\/#\\\/schema\\\/person\\\/29998f2bc2d8bd0d38662909289b54f1\",\"name\":\"libna\",\"image\":{\"@type\":\"ImageObject\",\"inLanguage\":\"fr-FR\",\"@id\":\"https:\\\/\\\/secure.gravatar.com\\\/avatar\\\/7c5bd30ae4b47a9ba3c856590957fd1d96dc588bf3ac05719d247e126840331f?s=96&d=mm&r=g\",\"url\":\"https:\\\/\\\/secure.gravatar.com\\\/avatar\\\/7c5bd30ae4b47a9ba3c856590957fd1d96dc588bf3ac05719d247e126840331f?s=96&d=mm&r=g\",\"contentUrl\":\"https:\\\/\\\/secure.gravatar.com\\\/avatar\\\/7c5bd30ae4b47a9ba3c856590957fd1d96dc588bf3ac05719d247e126840331f?s=96&d=mm&r=g\",\"caption\":\"libna\"}}]}<\/script>\n<!-- \/ Yoast SEO plugin. -->","yoast_head_json":{"title":"Pasteur Ted Wilson : un regard sp\u00e9cial sur la proph\u00e9tie dans le livre de Daniel - \u00c9glise Adventiste Du Septieme Jour - Inter Am\u00e9rique Division","robots":{"index":"index","follow":"follow","max-snippet":"max-snippet:-1","max-image-preview":"max-image-preview:large","max-video-preview":"max-video-preview:-1"},"canonical":"https:\/\/interamerica.org\/fr\/2020\/06\/pasteur-ted-wilson-un-regard-special-sur-la-prophetie-dans-le-livre-de-daniel\/","og_locale":"fr_FR","og_type":"article","og_title":"Pasteur Ted Wilson : un regard sp\u00e9cial sur la proph\u00e9tie dans le livre de Daniel - \u00c9glise Adventiste Du Septieme Jour - Inter Am\u00e9rique Division","og_description":"21 Juin 2020 | Silver Spring, Maryland, \u00c9tats-Unis | Par : Ted N.C. Wilson Mes amis, je suis heureux de vous retrouver alors qu\u2019une autre semaine s\u2019ach\u00e8ve. Alors que le...","og_url":"https:\/\/interamerica.org\/fr\/2020\/06\/pasteur-ted-wilson-un-regard-special-sur-la-prophetie-dans-le-livre-de-daniel\/","og_site_name":"\u00c9glise Adventiste Du Septieme Jour - Inter Am\u00e9rique Division","article_published_time":"2020-06-22T15:32:51+00:00","article_modified_time":"2020-06-22T19:47:57+00:00","og_image":[{"width":1280,"height":800,"url":"https:\/\/interamerica.org\/wp-content\/uploads\/2020\/06\/pastor-ted-wilson-a-special-look-at-prophecy-in-the-book-of-daniel-1280.jpg","type":"image\/jpeg"}],"author":"libna","twitter_card":"summary_large_image","twitter_misc":{"\u00c9crit par":"libna","Dur\u00e9e de lecture estim\u00e9e":"5 minutes"},"schema":{"@context":"https:\/\/schema.org","@graph":[{"@type":"Article","@id":"https:\/\/interamerica.org\/fr\/2020\/06\/pasteur-ted-wilson-un-regard-special-sur-la-prophetie-dans-le-livre-de-daniel\/#article","isPartOf":{"@id":"https:\/\/interamerica.org\/fr\/2020\/06\/pasteur-ted-wilson-un-regard-special-sur-la-prophetie-dans-le-livre-de-daniel\/"},"author":{"name":"libna","@id":"https:\/\/interamerica.org\/fr\/#\/schema\/person\/29998f2bc2d8bd0d38662909289b54f1"},"headline":"Pasteur Ted Wilson : un regard sp\u00e9cial sur la proph\u00e9tie dans le livre de Daniel","datePublished":"2020-06-22T15:32:51+00:00","dateModified":"2020-06-22T19:47:57+00:00","mainEntityOfPage":{"@id":"https:\/\/interamerica.org\/fr\/2020\/06\/pasteur-ted-wilson-un-regard-special-sur-la-prophetie-dans-le-livre-de-daniel\/"},"wordCount":1038,"commentCount":0,"image":{"@id":"https:\/\/interamerica.org\/fr\/2020\/06\/pasteur-ted-wilson-un-regard-special-sur-la-prophetie-dans-le-livre-de-daniel\/#primaryimage"},"thumbnailUrl":"https:\/\/interamerica.org\/wp-content\/uploads\/2020\/06\/pastor-ted-wilson-a-special-look-at-prophecy-in-the-book-of-daniel-1280.jpg","articleSection":["Nouvelles de l'\u00c9glise mondiale","RSS Fran\u00e7ais"],"inLanguage":"fr-FR","potentialAction":[{"@type":"CommentAction","name":"Comment","target":["https:\/\/interamerica.org\/fr\/2020\/06\/pasteur-ted-wilson-un-regard-special-sur-la-prophetie-dans-le-livre-de-daniel\/#respond"]}]},{"@type":"WebPage","@id":"https:\/\/interamerica.org\/fr\/2020\/06\/pasteur-ted-wilson-un-regard-special-sur-la-prophetie-dans-le-livre-de-daniel\/","url":"https:\/\/interamerica.org\/fr\/2020\/06\/pasteur-ted-wilson-un-regard-special-sur-la-prophetie-dans-le-livre-de-daniel\/","name":"Pasteur Ted Wilson : un regard sp\u00e9cial sur la proph\u00e9tie dans le livre de Daniel - \u00c9glise Adventiste Du Septieme Jour - Inter Am\u00e9rique Division","isPartOf":{"@id":"https:\/\/interamerica.org\/fr\/#website"},"primaryImageOfPage":{"@id":"https:\/\/interamerica.org\/fr\/2020\/06\/pasteur-ted-wilson-un-regard-special-sur-la-prophetie-dans-le-livre-de-daniel\/#primaryimage"},"image":{"@id":"https:\/\/interamerica.org\/fr\/2020\/06\/pasteur-ted-wilson-un-regard-special-sur-la-prophetie-dans-le-livre-de-daniel\/#primaryimage"},"thumbnailUrl":"https:\/\/interamerica.org\/wp-content\/uploads\/2020\/06\/pastor-ted-wilson-a-special-look-at-prophecy-in-the-book-of-daniel-1280.jpg","datePublished":"2020-06-22T15:32:51+00:00","dateModified":"2020-06-22T19:47:57+00:00","author":{"@id":"https:\/\/interamerica.org\/fr\/#\/schema\/person\/29998f2bc2d8bd0d38662909289b54f1"},"breadcrumb":{"@id":"https:\/\/interamerica.org\/fr\/2020\/06\/pasteur-ted-wilson-un-regard-special-sur-la-prophetie-dans-le-livre-de-daniel\/#breadcrumb"},"inLanguage":"fr-FR","potentialAction":[{"@type":"ReadAction","target":["https:\/\/interamerica.org\/fr\/2020\/06\/pasteur-ted-wilson-un-regard-special-sur-la-prophetie-dans-le-livre-de-daniel\/"]}]},{"@type":"ImageObject","inLanguage":"fr-FR","@id":"https:\/\/interamerica.org\/fr\/2020\/06\/pasteur-ted-wilson-un-regard-special-sur-la-prophetie-dans-le-livre-de-daniel\/#primaryimage","url":"https:\/\/interamerica.org\/wp-content\/uploads\/2020\/06\/pastor-ted-wilson-a-special-look-at-prophecy-in-the-book-of-daniel-1280.jpg","contentUrl":"https:\/\/interamerica.org\/wp-content\/uploads\/2020\/06\/pastor-ted-wilson-a-special-look-at-prophecy-in-the-book-of-daniel-1280.jpg","width":1280,"height":800},{"@type":"BreadcrumbList","@id":"https:\/\/interamerica.org\/fr\/2020\/06\/pasteur-ted-wilson-un-regard-special-sur-la-prophetie-dans-le-livre-de-daniel\/#breadcrumb","itemListElement":[{"@type":"ListItem","position":1,"name":"Home","item":"https:\/\/interamerica.org\/fr\/"},{"@type":"ListItem","position":2,"name":"Pasteur Ted Wilson : un regard sp\u00e9cial sur la proph\u00e9tie dans le livre de Daniel"}]},{"@type":"WebSite","@id":"https:\/\/interamerica.org\/fr\/#website","url":"https:\/\/interamerica.org\/fr\/","name":"\u00c9glise Adventiste Du Septieme Jour - Inter Am\u00e9rique Division","description":"","potentialAction":[{"@type":"SearchAction","target":{"@type":"EntryPoint","urlTemplate":"https:\/\/interamerica.org\/fr\/?s={search_term_string}"},"query-input":{"@type":"PropertyValueSpecification","valueRequired":true,"valueName":"search_term_string"}}],"inLanguage":"fr-FR"},{"@type":"Person","@id":"https:\/\/interamerica.org\/fr\/#\/schema\/person\/29998f2bc2d8bd0d38662909289b54f1","name":"libna","image":{"@type":"ImageObject","inLanguage":"fr-FR","@id":"https:\/\/secure.gravatar.com\/avatar\/7c5bd30ae4b47a9ba3c856590957fd1d96dc588bf3ac05719d247e126840331f?s=96&d=mm&r=g","url":"https:\/\/secure.gravatar.com\/avatar\/7c5bd30ae4b47a9ba3c856590957fd1d96dc588bf3ac05719d247e126840331f?s=96&d=mm&r=g","contentUrl":"https:\/\/secure.gravatar.com\/avatar\/7c5bd30ae4b47a9ba3c856590957fd1d96dc588bf3ac05719d247e126840331f?s=96&d=mm&r=g","caption":"libna"}}]}},"_links":{"self":[{"href":"https:\/\/interamerica.org\/fr\/wp-json\/wp\/v2\/posts\/59922","targetHints":{"allow":["GET"]}}],"collection":[{"href":"https:\/\/interamerica.org\/fr\/wp-json\/wp\/v2\/posts"}],"about":[{"href":"https:\/\/interamerica.org\/fr\/wp-json\/wp\/v2\/types\/post"}],"author":[{"embeddable":true,"href":"https:\/\/interamerica.org\/fr\/wp-json\/wp\/v2\/users\/3"}],"replies":[{"embeddable":true,"href":"https:\/\/interamerica.org\/fr\/wp-json\/wp\/v2\/comments?post=59922"}],"version-history":[{"count":0,"href":"https:\/\/interamerica.org\/fr\/wp-json\/wp\/v2\/posts\/59922\/revisions"}],"wp:featuredmedia":[{"embeddable":true,"href":"https:\/\/interamerica.org\/fr\/wp-json\/wp\/v2\/media\/59907"}],"wp:attachment":[{"href":"https:\/\/interamerica.org\/fr\/wp-json\/wp\/v2\/media?parent=59922"}],"wp:term":[{"taxonomy":"category","embeddable":true,"href":"https:\/\/interamerica.org\/fr\/wp-json\/wp\/v2\/categories?post=59922"},{"taxonomy":"post_tag","embeddable":true,"href":"https:\/\/interamerica.org\/fr\/wp-json\/wp\/v2\/tags?post=59922"}],"curies":[{"name":"wp","href":"https:\/\/api.w.org\/{rel}","templated":true}]}}