{"id":60082,"date":"2020-06-26T05:21:04","date_gmt":"2020-06-26T09:21:04","guid":{"rendered":"https:\/\/recursing-golick.147-182-135-0.plesk.page\/?p=60082"},"modified":"2020-07-01T10:11:24","modified_gmt":"2020-07-01T14:11:24","slug":"leglise-adventiste-aide-les-residents-sans-emploi-a-saint-martin","status":"publish","type":"post","link":"https:\/\/interamerica.org\/fr\/2020\/06\/leglise-adventiste-aide-les-residents-sans-emploi-a-saint-martin\/","title":{"rendered":"L\u2019\u00c9glise adventiste aide les r\u00e9sidents sans emploi \u00e0 Saint Martin"},"content":{"rendered":"<p><div id=\"attachment_60045\" style=\"width: 813px\" class=\"wp-caption aligncenter\"><img fetchpriority=\"high\" decoding=\"async\" aria-describedby=\"caption-attachment-60045\" class=\"wp-image-60044\" src=\"https:\/\/recursing-golick.147-182-135-0.plesk.page\/wp-content\/uploads\/2020\/06\/sint-maarten-peters-cs-1.jpg\" alt=\"\" width=\"803\" height=\"603\" srcset=\"https:\/\/interamerica.org\/wp-content\/uploads\/2020\/06\/sint-maarten-peters-cs-1.jpg 950w, https:\/\/interamerica.org\/wp-content\/uploads\/2020\/06\/sint-maarten-peters-cs-1-300x225.jpg 300w, https:\/\/interamerica.org\/wp-content\/uploads\/2020\/06\/sint-maarten-peters-cs-1-768x576.jpg 768w\" sizes=\"(max-width: 803px) 100vw, 803px\" \/><p id=\"caption-attachment-60045\" class=\"wp-caption-text\">Des membres de l\u2019\u00e9glise adventiste du septi\u00e8me jour de Saint Peter \u00e0 Saint-Martin offrent une bo\u00eete de nourriture sp\u00e9cialement emball\u00e9e pour aider un r\u00e9sident qui a \u00e9t\u00e9 affect\u00e9 par le confinement mis en place sur l\u2019\u00eele. 49 personnes ayant perdu leur emploi ont re\u00e7u une aide de l\u2019\u00e9glise leur permettant de nourrir leur famille.[Photo: Julien Grell]<\/p><\/div>26 Juin 2020 | Sainte-Croix, \u00celes Vierges am\u00e9ricaines | Personnel de la NCC \/ \u00c9quipe Informations de la DIA<\/p>\n<p>Des membres de l\u2019\u00e9glise adventiste du septi\u00e8me jour de Saint Peter \u00e0 Saint-Martin sont r\u00e9cemment all\u00e9s \u00e0 la recherche des membres les plus n\u00e9cessiteux de leur congr\u00e9gation et des r\u00e9sidents de la communaut\u00e9 environnante pour les aider en leur apportant des vivres et des kits d\u2019articles de soins personnels alors que la crise caus\u00e9e par la pand\u00e9mie perdure.<\/p>\n<p>Les restrictions mises en place sur l\u2019\u00eele en mati\u00e8re de vols ont entra\u00een\u00e9 le d\u00e9clin du tourisme, ce qui a consid\u00e9rablement affect\u00e9 l\u2019activit\u00e9 \u00e9conomique et mis des centaines de personnes au ch\u00f4mage. L\u2019\u00e9glise a donc r\u00e9agi rapidement pour collecter des articles et les distribuer \u00e0 plus de 49 familles.<\/p>\n<p>Gr\u00e2ce \u00e0 l\u2019un des supermarch\u00e9s locaux qui a \u00e9tabli un partenariat avec l\u2019\u00e9glise en r\u00e9duisant les prix des articles n\u00e9cessaires \u00e0 l\u2019initiative de distribution de nourriture, et les fonds r\u00e9colt\u00e9s lors de la campagne de collecte annuelle de l\u2019\u00e9glise, de nombreuses familles ont \u00e9t\u00e9 b\u00e9nies en recevant des bo\u00eetes de nourriture distribu\u00e9es le 6 juin 2020.<\/p>\n<p><div id=\"attachment_60039\" style=\"width: 812px\" class=\"wp-caption aligncenter\"><img decoding=\"async\" aria-describedby=\"caption-attachment-60039\" class=\" wp-image-60038\" src=\"https:\/\/recursing-golick.147-182-135-0.plesk.page\/wp-content\/uploads\/2020\/06\/sint-maarten-peters-cs-3.jpg\" alt=\"\" width=\"802\" height=\"602\" srcset=\"https:\/\/interamerica.org\/wp-content\/uploads\/2020\/06\/sint-maarten-peters-cs-3.jpg 950w, https:\/\/interamerica.org\/wp-content\/uploads\/2020\/06\/sint-maarten-peters-cs-3-300x225.jpg 300w, https:\/\/interamerica.org\/wp-content\/uploads\/2020\/06\/sint-maarten-peters-cs-3-768x576.jpg 768w\" sizes=\"(max-width: 802px) 100vw, 802px\" \/><p id=\"caption-attachment-60039\" class=\"wp-caption-text\">Des b\u00e9n\u00e9voles des Services Communautaires Adventistes de l\u2019\u00e9glise adventiste Saint Peter \u00e0 Saint-Martin se tiennent \u00e0 c\u00f4t\u00e9 de quatre r\u00e9sidents de la communaut\u00e9 lors de la distribution de nourriture effectu\u00e9e ce mois-ci pour aider les personnes touch\u00e9es par la crise amen\u00e9e par la pand\u00e9mie. [Photo: Julien Grell]<\/p><\/div>Le d\u00e9partement des services communautaires de l\u2019\u00e9glise a aid\u00e9 \u00e0 la distribution de nourriture ainsi qu\u2019\u00e0 la pr\u00e9paration et \u00e0 l\u2019emballage, a expliqu\u00e9 Charlotte Jacob, membre de l\u2019\u00e9glise adventiste de Saint Peter qui \u00e9tait en charge de l\u2019initiative.<\/p>\n<p>Il y a eu vraiment beaucoup de personnes reconnaissantes, a expliqu\u00e9 Mme Jacob. \u00ab L\u2019une des personnes a dit qu\u2019elle \u00e9tait reconnaissante pour la bo\u00eete de nourriture car elle est m\u00e8re c\u00e9libataire de trois enfants et a exprim\u00e9 le d\u00e9sir de venir \u00e0 l\u2019\u00e9glise, \u00bb a dit Charlotte Jacob. \u00ab Une autre nous a dit qu\u2019elle est au ch\u00f4mage depuis avril et qu\u2019elle \u00e9tait dans le besoin financi\u00e8rement et que l\u2019aide avait \u00e9t\u00e9 envoy\u00e9e par Dieu. \u00bb<\/p>\n<p>Mme Jacob a d\u00e9clar\u00e9 que \u00ab la s\u00e9curit\u00e9 et le bien-\u00eatre des b\u00e9n\u00e9voles et des b\u00e9n\u00e9ficiaires de l\u2019aide \u00e9taient de la plus haute importance et les r\u00e9glementations gouvernementales relatives au port du masque, \u00e0 la d\u00e9sinfection, \u00e0 la gestion des foules et \u00e0 la distanciation physique, ont \u00e9t\u00e9 respect\u00e9es pendant la distribution. \u00bb<\/p>\n<p>Un groupe de messagerie instantan\u00e9e a \u00e9t\u00e9 cr\u00e9\u00e9 pour rester en contact avec les familles n\u00e9cessiteuses qui ont re\u00e7u de l\u2019aide, en particulier celles qui ne sont pas membres, alors que l\u2019\u00e9glise continue d\u2019exercer un minist\u00e8re pendant la pand\u00e9mie avec les fonds qui sont disponibles, a ajout\u00e9 Charlotte Jacob.<\/p>\n<p><div id=\"attachment_60042\" style=\"width: 709px\" class=\"wp-caption aligncenter\"><img decoding=\"async\" aria-describedby=\"caption-attachment-60042\" class=\" wp-image-60041\" src=\"https:\/\/recursing-golick.147-182-135-0.plesk.page\/wp-content\/uploads\/2020\/06\/sint-maarten-peters-cs-packaging.jpg\" alt=\"\" width=\"699\" height=\"437\" srcset=\"https:\/\/interamerica.org\/wp-content\/uploads\/2020\/06\/sint-maarten-peters-cs-packaging.jpg 1000w, https:\/\/interamerica.org\/wp-content\/uploads\/2020\/06\/sint-maarten-peters-cs-packaging-300x188.jpg 300w, https:\/\/interamerica.org\/wp-content\/uploads\/2020\/06\/sint-maarten-peters-cs-packaging-768x480.jpg 768w\" sizes=\"(max-width: 699px) 100vw, 699px\" \/><p id=\"caption-attachment-60042\" class=\"wp-caption-text\">Des b\u00e9n\u00e9voles de l\u2019\u00e9glise adventiste de Saint Peter emballent des dizaines de bo\u00eetes de nourriture pour aider les familles n\u00e9cessiteuses \u00e0 Saint-Martin. [Photo: Virgil Sams]<\/p><\/div>Des plans sont faits pour enseigner la couture, et d\u2019autres comp\u00e9tences, \u00e0 des personnes actuellement sans emploi. \u00ab Nous voulons qu\u2019ils apprennent un m\u00e9tier et puissent travailler \u00e0 leur compte, \u00bb a dit Charlotte Jacob.<\/p>\n<p>Une aide suppl\u00e9mentaire est pr\u00e9vue avec la distribution de repas chauds prochainement dans toute la communaut\u00e9.<\/p>\n<p>Le pasteur Virgil Sams, le responsable de la congr\u00e9gation, a d\u00e9clar\u00e9 : \u00ab En tant qu\u2019\u00e9glise, nous nous sommes engag\u00e9s \u00e0 utiliser nos ressources pour r\u00e9pondre aux besoins des divers groupes ethniques et socio-\u00e9conomiques, repr\u00e9sent\u00e9s dans la communaut\u00e9. \u00bb<\/p>\n<p>Il s\u2019agit de faire preuve d\u2019une v\u00e9ritable attention et d\u2019avoir une r\u00e9elle compassion pour les autres, a dit pasteur Sams. \u00ab Notre mission est enracin\u00e9e dans l\u2019amour inconditionnel de Dieu pour tous, elle comprend \u00e0 la fois l\u2019action envers les autres et l\u2019enseignement. \u00bb<\/p>\n<p>Traduction: Patrick Luciathe<\/p>\n","protected":false},"excerpt":{"rendered":"<p>26 Juin 2020 | Sainte-Croix, \u00celes Vierges am\u00e9ricaines | Personnel de la NCC \/ \u00c9quipe Informations de la DIA Des membres de l\u2019\u00e9glise adventiste du septi\u00e8me jour de Saint Peter&#8230;<\/p>\n","protected":false},"author":3,"featured_media":60045,"comment_status":"open","ping_status":"closed","sticky":false,"template":"","format":"standard","meta":{"_acf_changed":false,"footnotes":""},"categories":[21,19],"tags":[],"class_list":["post-60082","post","type-post","status-publish","format-standard","has-post-thumbnail","hentry","category-nouvelles-du-territoire","category-rss-francais"],"acf":[],"yoast_head":"<!-- This site is optimized with the Yoast SEO plugin v27.3 - https:\/\/yoast.com\/product\/yoast-seo-wordpress\/ -->\n<title>L\u2019\u00c9glise adventiste aide les r\u00e9sidents sans emploi \u00e0 Saint Martin - \u00c9glise Adventiste Du Septieme Jour - Inter Am\u00e9rique Division<\/title>\n<meta name=\"robots\" content=\"index, follow, max-snippet:-1, max-image-preview:large, max-video-preview:-1\" \/>\n<link rel=\"canonical\" href=\"https:\/\/interamerica.org\/fr\/2020\/06\/leglise-adventiste-aide-les-residents-sans-emploi-a-saint-martin\/\" \/>\n<meta property=\"og:locale\" content=\"fr_FR\" \/>\n<meta property=\"og:type\" content=\"article\" \/>\n<meta property=\"og:title\" content=\"L\u2019\u00c9glise adventiste aide les r\u00e9sidents sans emploi \u00e0 Saint Martin - \u00c9glise Adventiste Du Septieme Jour - Inter Am\u00e9rique Division\" \/>\n<meta property=\"og:description\" content=\"26 Juin 2020 | Sainte-Croix, \u00celes Vierges am\u00e9ricaines | Personnel de la NCC \/ \u00c9quipe Informations de la DIA Des membres de l\u2019\u00e9glise adventiste du septi\u00e8me jour de Saint Peter...\" \/>\n<meta property=\"og:url\" content=\"https:\/\/interamerica.org\/fr\/2020\/06\/leglise-adventiste-aide-les-residents-sans-emploi-a-saint-martin\/\" \/>\n<meta property=\"og:site_name\" content=\"\u00c9glise Adventiste Du Septieme Jour - Inter Am\u00e9rique Division\" \/>\n<meta property=\"article:published_time\" content=\"2020-06-26T09:21:04+00:00\" \/>\n<meta property=\"article:modified_time\" content=\"2020-07-01T14:11:24+00:00\" \/>\n<meta property=\"og:image\" content=\"https:\/\/interamerica.org\/wp-content\/uploads\/2020\/06\/sint-maarten-peters-cs-1.jpg\" \/>\n\t<meta property=\"og:image:width\" content=\"950\" \/>\n\t<meta property=\"og:image:height\" content=\"713\" \/>\n\t<meta property=\"og:image:type\" content=\"image\/jpeg\" \/>\n<meta name=\"author\" content=\"libna\" \/>\n<meta name=\"twitter:card\" content=\"summary_large_image\" \/>\n<meta name=\"twitter:label1\" content=\"\u00c9crit par\" \/>\n\t<meta name=\"twitter:data1\" content=\"libna\" \/>\n\t<meta name=\"twitter:label2\" content=\"Dur\u00e9e de lecture estim\u00e9e\" \/>\n\t<meta name=\"twitter:data2\" content=\"4 minutes\" \/>\n<script type=\"application\/ld+json\" class=\"yoast-schema-graph\">{\"@context\":\"https:\\\/\\\/schema.org\",\"@graph\":[{\"@type\":\"Article\",\"@id\":\"https:\\\/\\\/interamerica.org\\\/fr\\\/2020\\\/06\\\/leglise-adventiste-aide-les-residents-sans-emploi-a-saint-martin\\\/#article\",\"isPartOf\":{\"@id\":\"https:\\\/\\\/interamerica.org\\\/fr\\\/2020\\\/06\\\/leglise-adventiste-aide-les-residents-sans-emploi-a-saint-martin\\\/\"},\"author\":{\"name\":\"libna\",\"@id\":\"https:\\\/\\\/interamerica.org\\\/fr\\\/#\\\/schema\\\/person\\\/29998f2bc2d8bd0d38662909289b54f1\"},\"headline\":\"L\u2019\u00c9glise adventiste aide les r\u00e9sidents sans emploi \u00e0 Saint Martin\",\"datePublished\":\"2020-06-26T09:21:04+00:00\",\"dateModified\":\"2020-07-01T14:11:24+00:00\",\"mainEntityOfPage\":{\"@id\":\"https:\\\/\\\/interamerica.org\\\/fr\\\/2020\\\/06\\\/leglise-adventiste-aide-les-residents-sans-emploi-a-saint-martin\\\/\"},\"wordCount\":773,\"commentCount\":0,\"image\":{\"@id\":\"https:\\\/\\\/interamerica.org\\\/fr\\\/2020\\\/06\\\/leglise-adventiste-aide-les-residents-sans-emploi-a-saint-martin\\\/#primaryimage\"},\"thumbnailUrl\":\"https:\\\/\\\/interamerica.org\\\/wp-content\\\/uploads\\\/2020\\\/06\\\/sint-maarten-peters-cs-1.jpg\",\"articleSection\":[\"Nouvelles du territoire\",\"RSS Fran\u00e7ais\"],\"inLanguage\":\"fr-FR\",\"potentialAction\":[{\"@type\":\"CommentAction\",\"name\":\"Comment\",\"target\":[\"https:\\\/\\\/interamerica.org\\\/fr\\\/2020\\\/06\\\/leglise-adventiste-aide-les-residents-sans-emploi-a-saint-martin\\\/#respond\"]}]},{\"@type\":\"WebPage\",\"@id\":\"https:\\\/\\\/interamerica.org\\\/fr\\\/2020\\\/06\\\/leglise-adventiste-aide-les-residents-sans-emploi-a-saint-martin\\\/\",\"url\":\"https:\\\/\\\/interamerica.org\\\/fr\\\/2020\\\/06\\\/leglise-adventiste-aide-les-residents-sans-emploi-a-saint-martin\\\/\",\"name\":\"L\u2019\u00c9glise adventiste aide les r\u00e9sidents sans emploi \u00e0 Saint Martin - \u00c9glise Adventiste Du Septieme Jour - Inter Am\u00e9rique Division\",\"isPartOf\":{\"@id\":\"https:\\\/\\\/interamerica.org\\\/fr\\\/#website\"},\"primaryImageOfPage\":{\"@id\":\"https:\\\/\\\/interamerica.org\\\/fr\\\/2020\\\/06\\\/leglise-adventiste-aide-les-residents-sans-emploi-a-saint-martin\\\/#primaryimage\"},\"image\":{\"@id\":\"https:\\\/\\\/interamerica.org\\\/fr\\\/2020\\\/06\\\/leglise-adventiste-aide-les-residents-sans-emploi-a-saint-martin\\\/#primaryimage\"},\"thumbnailUrl\":\"https:\\\/\\\/interamerica.org\\\/wp-content\\\/uploads\\\/2020\\\/06\\\/sint-maarten-peters-cs-1.jpg\",\"datePublished\":\"2020-06-26T09:21:04+00:00\",\"dateModified\":\"2020-07-01T14:11:24+00:00\",\"author\":{\"@id\":\"https:\\\/\\\/interamerica.org\\\/fr\\\/#\\\/schema\\\/person\\\/29998f2bc2d8bd0d38662909289b54f1\"},\"breadcrumb\":{\"@id\":\"https:\\\/\\\/interamerica.org\\\/fr\\\/2020\\\/06\\\/leglise-adventiste-aide-les-residents-sans-emploi-a-saint-martin\\\/#breadcrumb\"},\"inLanguage\":\"fr-FR\",\"potentialAction\":[{\"@type\":\"ReadAction\",\"target\":[\"https:\\\/\\\/interamerica.org\\\/fr\\\/2020\\\/06\\\/leglise-adventiste-aide-les-residents-sans-emploi-a-saint-martin\\\/\"]}]},{\"@type\":\"ImageObject\",\"inLanguage\":\"fr-FR\",\"@id\":\"https:\\\/\\\/interamerica.org\\\/fr\\\/2020\\\/06\\\/leglise-adventiste-aide-les-residents-sans-emploi-a-saint-martin\\\/#primaryimage\",\"url\":\"https:\\\/\\\/interamerica.org\\\/wp-content\\\/uploads\\\/2020\\\/06\\\/sint-maarten-peters-cs-1.jpg\",\"contentUrl\":\"https:\\\/\\\/interamerica.org\\\/wp-content\\\/uploads\\\/2020\\\/06\\\/sint-maarten-peters-cs-1.jpg\",\"width\":950,\"height\":713},{\"@type\":\"BreadcrumbList\",\"@id\":\"https:\\\/\\\/interamerica.org\\\/fr\\\/2020\\\/06\\\/leglise-adventiste-aide-les-residents-sans-emploi-a-saint-martin\\\/#breadcrumb\",\"itemListElement\":[{\"@type\":\"ListItem\",\"position\":1,\"name\":\"Home\",\"item\":\"https:\\\/\\\/interamerica.org\\\/fr\\\/\"},{\"@type\":\"ListItem\",\"position\":2,\"name\":\"L\u2019\u00c9glise adventiste aide les r\u00e9sidents sans emploi \u00e0 Saint Martin\"}]},{\"@type\":\"WebSite\",\"@id\":\"https:\\\/\\\/interamerica.org\\\/fr\\\/#website\",\"url\":\"https:\\\/\\\/interamerica.org\\\/fr\\\/\",\"name\":\"\u00c9glise Adventiste Du Septieme Jour - Inter Am\u00e9rique Division\",\"description\":\"\",\"potentialAction\":[{\"@type\":\"SearchAction\",\"target\":{\"@type\":\"EntryPoint\",\"urlTemplate\":\"https:\\\/\\\/interamerica.org\\\/fr\\\/?s={search_term_string}\"},\"query-input\":{\"@type\":\"PropertyValueSpecification\",\"valueRequired\":true,\"valueName\":\"search_term_string\"}}],\"inLanguage\":\"fr-FR\"},{\"@type\":\"Person\",\"@id\":\"https:\\\/\\\/interamerica.org\\\/fr\\\/#\\\/schema\\\/person\\\/29998f2bc2d8bd0d38662909289b54f1\",\"name\":\"libna\",\"image\":{\"@type\":\"ImageObject\",\"inLanguage\":\"fr-FR\",\"@id\":\"https:\\\/\\\/secure.gravatar.com\\\/avatar\\\/7c5bd30ae4b47a9ba3c856590957fd1d96dc588bf3ac05719d247e126840331f?s=96&d=mm&r=g\",\"url\":\"https:\\\/\\\/secure.gravatar.com\\\/avatar\\\/7c5bd30ae4b47a9ba3c856590957fd1d96dc588bf3ac05719d247e126840331f?s=96&d=mm&r=g\",\"contentUrl\":\"https:\\\/\\\/secure.gravatar.com\\\/avatar\\\/7c5bd30ae4b47a9ba3c856590957fd1d96dc588bf3ac05719d247e126840331f?s=96&d=mm&r=g\",\"caption\":\"libna\"}}]}<\/script>\n<!-- \/ Yoast SEO plugin. -->","yoast_head_json":{"title":"L\u2019\u00c9glise adventiste aide les r\u00e9sidents sans emploi \u00e0 Saint Martin - \u00c9glise Adventiste Du Septieme Jour - Inter Am\u00e9rique Division","robots":{"index":"index","follow":"follow","max-snippet":"max-snippet:-1","max-image-preview":"max-image-preview:large","max-video-preview":"max-video-preview:-1"},"canonical":"https:\/\/interamerica.org\/fr\/2020\/06\/leglise-adventiste-aide-les-residents-sans-emploi-a-saint-martin\/","og_locale":"fr_FR","og_type":"article","og_title":"L\u2019\u00c9glise adventiste aide les r\u00e9sidents sans emploi \u00e0 Saint Martin - \u00c9glise Adventiste Du Septieme Jour - Inter Am\u00e9rique Division","og_description":"26 Juin 2020 | Sainte-Croix, \u00celes Vierges am\u00e9ricaines | Personnel de la NCC \/ \u00c9quipe Informations de la DIA Des membres de l\u2019\u00e9glise adventiste du septi\u00e8me jour de Saint Peter...","og_url":"https:\/\/interamerica.org\/fr\/2020\/06\/leglise-adventiste-aide-les-residents-sans-emploi-a-saint-martin\/","og_site_name":"\u00c9glise Adventiste Du Septieme Jour - Inter Am\u00e9rique Division","article_published_time":"2020-06-26T09:21:04+00:00","article_modified_time":"2020-07-01T14:11:24+00:00","og_image":[{"width":950,"height":713,"url":"https:\/\/interamerica.org\/wp-content\/uploads\/2020\/06\/sint-maarten-peters-cs-1.jpg","type":"image\/jpeg"}],"author":"libna","twitter_card":"summary_large_image","twitter_misc":{"\u00c9crit par":"libna","Dur\u00e9e de lecture estim\u00e9e":"4 minutes"},"schema":{"@context":"https:\/\/schema.org","@graph":[{"@type":"Article","@id":"https:\/\/interamerica.org\/fr\/2020\/06\/leglise-adventiste-aide-les-residents-sans-emploi-a-saint-martin\/#article","isPartOf":{"@id":"https:\/\/interamerica.org\/fr\/2020\/06\/leglise-adventiste-aide-les-residents-sans-emploi-a-saint-martin\/"},"author":{"name":"libna","@id":"https:\/\/interamerica.org\/fr\/#\/schema\/person\/29998f2bc2d8bd0d38662909289b54f1"},"headline":"L\u2019\u00c9glise adventiste aide les r\u00e9sidents sans emploi \u00e0 Saint Martin","datePublished":"2020-06-26T09:21:04+00:00","dateModified":"2020-07-01T14:11:24+00:00","mainEntityOfPage":{"@id":"https:\/\/interamerica.org\/fr\/2020\/06\/leglise-adventiste-aide-les-residents-sans-emploi-a-saint-martin\/"},"wordCount":773,"commentCount":0,"image":{"@id":"https:\/\/interamerica.org\/fr\/2020\/06\/leglise-adventiste-aide-les-residents-sans-emploi-a-saint-martin\/#primaryimage"},"thumbnailUrl":"https:\/\/interamerica.org\/wp-content\/uploads\/2020\/06\/sint-maarten-peters-cs-1.jpg","articleSection":["Nouvelles du territoire","RSS Fran\u00e7ais"],"inLanguage":"fr-FR","potentialAction":[{"@type":"CommentAction","name":"Comment","target":["https:\/\/interamerica.org\/fr\/2020\/06\/leglise-adventiste-aide-les-residents-sans-emploi-a-saint-martin\/#respond"]}]},{"@type":"WebPage","@id":"https:\/\/interamerica.org\/fr\/2020\/06\/leglise-adventiste-aide-les-residents-sans-emploi-a-saint-martin\/","url":"https:\/\/interamerica.org\/fr\/2020\/06\/leglise-adventiste-aide-les-residents-sans-emploi-a-saint-martin\/","name":"L\u2019\u00c9glise adventiste aide les r\u00e9sidents sans emploi \u00e0 Saint Martin - \u00c9glise Adventiste Du Septieme Jour - Inter Am\u00e9rique Division","isPartOf":{"@id":"https:\/\/interamerica.org\/fr\/#website"},"primaryImageOfPage":{"@id":"https:\/\/interamerica.org\/fr\/2020\/06\/leglise-adventiste-aide-les-residents-sans-emploi-a-saint-martin\/#primaryimage"},"image":{"@id":"https:\/\/interamerica.org\/fr\/2020\/06\/leglise-adventiste-aide-les-residents-sans-emploi-a-saint-martin\/#primaryimage"},"thumbnailUrl":"https:\/\/interamerica.org\/wp-content\/uploads\/2020\/06\/sint-maarten-peters-cs-1.jpg","datePublished":"2020-06-26T09:21:04+00:00","dateModified":"2020-07-01T14:11:24+00:00","author":{"@id":"https:\/\/interamerica.org\/fr\/#\/schema\/person\/29998f2bc2d8bd0d38662909289b54f1"},"breadcrumb":{"@id":"https:\/\/interamerica.org\/fr\/2020\/06\/leglise-adventiste-aide-les-residents-sans-emploi-a-saint-martin\/#breadcrumb"},"inLanguage":"fr-FR","potentialAction":[{"@type":"ReadAction","target":["https:\/\/interamerica.org\/fr\/2020\/06\/leglise-adventiste-aide-les-residents-sans-emploi-a-saint-martin\/"]}]},{"@type":"ImageObject","inLanguage":"fr-FR","@id":"https:\/\/interamerica.org\/fr\/2020\/06\/leglise-adventiste-aide-les-residents-sans-emploi-a-saint-martin\/#primaryimage","url":"https:\/\/interamerica.org\/wp-content\/uploads\/2020\/06\/sint-maarten-peters-cs-1.jpg","contentUrl":"https:\/\/interamerica.org\/wp-content\/uploads\/2020\/06\/sint-maarten-peters-cs-1.jpg","width":950,"height":713},{"@type":"BreadcrumbList","@id":"https:\/\/interamerica.org\/fr\/2020\/06\/leglise-adventiste-aide-les-residents-sans-emploi-a-saint-martin\/#breadcrumb","itemListElement":[{"@type":"ListItem","position":1,"name":"Home","item":"https:\/\/interamerica.org\/fr\/"},{"@type":"ListItem","position":2,"name":"L\u2019\u00c9glise adventiste aide les r\u00e9sidents sans emploi \u00e0 Saint Martin"}]},{"@type":"WebSite","@id":"https:\/\/interamerica.org\/fr\/#website","url":"https:\/\/interamerica.org\/fr\/","name":"\u00c9glise Adventiste Du Septieme Jour - Inter Am\u00e9rique Division","description":"","potentialAction":[{"@type":"SearchAction","target":{"@type":"EntryPoint","urlTemplate":"https:\/\/interamerica.org\/fr\/?s={search_term_string}"},"query-input":{"@type":"PropertyValueSpecification","valueRequired":true,"valueName":"search_term_string"}}],"inLanguage":"fr-FR"},{"@type":"Person","@id":"https:\/\/interamerica.org\/fr\/#\/schema\/person\/29998f2bc2d8bd0d38662909289b54f1","name":"libna","image":{"@type":"ImageObject","inLanguage":"fr-FR","@id":"https:\/\/secure.gravatar.com\/avatar\/7c5bd30ae4b47a9ba3c856590957fd1d96dc588bf3ac05719d247e126840331f?s=96&d=mm&r=g","url":"https:\/\/secure.gravatar.com\/avatar\/7c5bd30ae4b47a9ba3c856590957fd1d96dc588bf3ac05719d247e126840331f?s=96&d=mm&r=g","contentUrl":"https:\/\/secure.gravatar.com\/avatar\/7c5bd30ae4b47a9ba3c856590957fd1d96dc588bf3ac05719d247e126840331f?s=96&d=mm&r=g","caption":"libna"}}]}},"_links":{"self":[{"href":"https:\/\/interamerica.org\/fr\/wp-json\/wp\/v2\/posts\/60082","targetHints":{"allow":["GET"]}}],"collection":[{"href":"https:\/\/interamerica.org\/fr\/wp-json\/wp\/v2\/posts"}],"about":[{"href":"https:\/\/interamerica.org\/fr\/wp-json\/wp\/v2\/types\/post"}],"author":[{"embeddable":true,"href":"https:\/\/interamerica.org\/fr\/wp-json\/wp\/v2\/users\/3"}],"replies":[{"embeddable":true,"href":"https:\/\/interamerica.org\/fr\/wp-json\/wp\/v2\/comments?post=60082"}],"version-history":[{"count":0,"href":"https:\/\/interamerica.org\/fr\/wp-json\/wp\/v2\/posts\/60082\/revisions"}],"wp:featuredmedia":[{"embeddable":true,"href":"https:\/\/interamerica.org\/fr\/wp-json\/wp\/v2\/media\/60045"}],"wp:attachment":[{"href":"https:\/\/interamerica.org\/fr\/wp-json\/wp\/v2\/media?parent=60082"}],"wp:term":[{"taxonomy":"category","embeddable":true,"href":"https:\/\/interamerica.org\/fr\/wp-json\/wp\/v2\/categories?post=60082"},{"taxonomy":"post_tag","embeddable":true,"href":"https:\/\/interamerica.org\/fr\/wp-json\/wp\/v2\/tags?post=60082"}],"curies":[{"name":"wp","href":"https:\/\/api.w.org\/{rel}","templated":true}]}}