{"id":60175,"date":"2020-06-30T20:12:46","date_gmt":"2020-07-01T00:12:46","guid":{"rendered":"https:\/\/recursing-golick.147-182-135-0.plesk.page\/?p=60175"},"modified":"2020-07-01T10:24:08","modified_gmt":"2020-07-01T14:24:08","slug":"des-bourses-pour-les-etudiants-noirs-et-hispanophones-de-psychologie","status":"publish","type":"post","link":"https:\/\/interamerica.org\/fr\/2020\/06\/des-bourses-pour-les-etudiants-noirs-et-hispanophones-de-psychologie\/","title":{"rendered":"Des bourses pour les \u00e9tudiants noirs et hispanophones de psychologie"},"content":{"rendered":"<div id=\"attachment_60154\" style=\"width: 810px\" class=\"wp-caption aligncenter\"><img fetchpriority=\"high\" decoding=\"async\" aria-describedby=\"caption-attachment-60154\" class=\" wp-image-60153\" src=\"https:\/\/recursing-golick.147-182-135-0.plesk.page\/wp-content\/uploads\/2020\/06\/scholarships-will-support-black-and-hispanic-psychology-students.jpg\" alt=\"\" width=\"800\" height=\"400\" \/><p id=\"caption-attachment-60154\" class=\"wp-caption-text\"><span lang=\"FR-CA\">Au cours des cinq prochaines ann\u00e9es, la facult\u00e9 de sant\u00e9 comportementale de l\u2019Universit\u00e9 de Loma Linda distribuera 2,97 millions de dollars am\u00e9ricains en bourses aux \u00e9tudiants du d\u00e9partement de psychologie. Les fonds proviennent du d\u00e9partement des <i>Health and Human Services<\/i> des \u00c9tats-Unis dans le cadre d\u2019un programme ax\u00e9 sur le soutien des groupes raciaux et ethniques sous repr\u00e9sent\u00e9s, l\u2019objectif \u00e9tant d\u2019augmenter la diversit\u00e9 chez les professionnels de sant\u00e9 mentale. Une photo de <i>Loma Linda University Health<\/i>.<\/span><\/p><\/div>\n<p>Le 29 juin 2020 | Loma Linda, Californie, \u00c9tats-Unis |\u00a0Larry Becker du d\u00e9partement de nouvelles de <em>Loma Linda University Health<\/em><\/p>\n<p>Gr\u00e2ce \u00e0 la r\u00e9ception d\u2019une subvention du d\u00e9partement des services aux personnes et en mati\u00e8re de sant\u00e9 (HHS pour <em>Health and Human Services<\/em>) des \u00c9tats-Unis, la facult\u00e9 de sant\u00e9 comportementale de l\u2019Universit\u00e9 de Loma Linda distribuera 2,97\u00a0millions de dollars am\u00e9ricains en bourses aux \u00e9tudiants du d\u00e9partement de psychologie durant les cinq prochaines ann\u00e9es.<\/p>\n<p>Issue du programme de bourses des HHS destin\u00e9es aux services et aux ressources en soins de sant\u00e9 pour les \u00e9tudiants d\u00e9favoris\u00e9s, la subvention sera supervis\u00e9e par Bridgette Peteet, chercheuse principale et professeure adjointe de psychologie, et par Patricia Flynn, chercheuse adjointe et professeure adjointe de psychologie et de m\u00e9decine pr\u00e9ventive.<\/p>\n<p>Les bourses offriront de l\u2019aide financi\u00e8re \u00e0 42\u00a0\u00e9tudiants au doctorat en psychologie dont l\u2019historique est caract\u00e9ris\u00e9 par les difficult\u00e9s \u00e9conomiques ou scolaires. Le programme des HHS est ax\u00e9 sur le soutien des groupes raciaux et ethniques sous repr\u00e9sent\u00e9s et con\u00e7u pour augmenter la diversit\u00e9 parmi les professionnels de la sant\u00e9 mentale.<\/p>\n<p>Selon Beverly Buckles, doyenne de la facult\u00e9 de sant\u00e9 comportementale, \u00ab\u00a0Notre objectif, c\u2019est l\u2019engagement des \u00e9tudiants de ce programme \u00e0 am\u00e9liorer la distribution, la diversit\u00e9 et la comp\u00e9tence des professionnels en soins psychologiques de premiers recours au sein de la r\u00e9gion du comt\u00e9 de San Bernardino dont l\u2019offre des services m\u00e9dicaux est insuffisante\u00a0\u00bb.<\/p>\n<p>Pour ce faire, le programme de liaison en psychologie de premier recours (4P pour <em>Primary Care Psychology Pipeline Program<\/em>) offrira aux \u00e9tudiants admissibles jusqu\u2019\u00e0 30\u00a0000\u00a0$ par ann\u00e9e (90\u00a0000\u00a0$ sur trois ans) aux \u00e9tudiants qui manifestent un engagement envers la mission de la subvention de r\u00e9pondre aux besoins en sant\u00e9 mentale des patients issus de communaut\u00e9s au sien desquelles l\u2019offre de services m\u00e9dicaux est insuffisante. Les bourses peuvent servir \u00e0 payer notamment les frais de scolarit\u00e9, les livres et les frais de subsistance. Les \u00e9tudiants commenceront \u00e0 recevoir ces fonds d\u00e8s l\u2019automne\u00a02020.<\/p>\n<p>Cherchant \u00e0 augmenter le nombre de b\u00e9n\u00e9ficiaires admissibles potentiels, le d\u00e9partement de psychologie a ouvert un canal de communication avec les d\u00e9partements de psychologie d\u2019autres \u00e9tablissements adventistes du septi\u00e8me jour, comme l\u2019Universit\u00e9 Oakwood et l\u2019Universit\u00e9 adventiste des Antilles. D\u2019autres universit\u00e9s et coll\u00e8ges fr\u00e9quent\u00e9s principalement par des \u00e9tudiants noirs et hispanophones sont aussi inform\u00e9s du programme dans un effort de diversifier le bassin de futurs psychologues de premiers recours.<\/p>\n<p><em>La <a href=\"https:\/\/news.llu.edu\/academics\/scholarship-program-designed-increase-diversity-of-mental-health-workforce\">version originale<\/a> de cet article a \u00e9t\u00e9 publi\u00e9e sur le <a href=\"https:\/\/news.llu.edu\/\">site de nouvelles<\/a> de<\/em> Loma Linda University Health.<\/p>\n","protected":false},"excerpt":{"rendered":"<p>Le 29 juin 2020 | Loma Linda, Californie, \u00c9tats-Unis |\u00a0Larry Becker du d\u00e9partement de nouvelles de Loma Linda University Health Gr\u00e2ce \u00e0 la r\u00e9ception d\u2019une subvention du d\u00e9partement des services&#8230;<\/p>\n","protected":false},"author":3,"featured_media":60185,"comment_status":"open","ping_status":"closed","sticky":false,"template":"","format":"standard","meta":{"_acf_changed":false,"footnotes":""},"categories":[18,19],"tags":[],"class_list":["post-60175","post","type-post","status-publish","format-standard","has-post-thumbnail","hentry","category-nouvelles-de-leglise-mondiale","category-rss-francais"],"acf":[],"yoast_head":"<!-- This site is optimized with the Yoast SEO plugin v27.3 - https:\/\/yoast.com\/product\/yoast-seo-wordpress\/ -->\n<title>Des bourses pour les \u00e9tudiants noirs et hispanophones de psychologie - \u00c9glise Adventiste Du Septieme Jour - Inter Am\u00e9rique Division<\/title>\n<meta name=\"robots\" content=\"index, follow, max-snippet:-1, max-image-preview:large, max-video-preview:-1\" \/>\n<link rel=\"canonical\" href=\"https:\/\/interamerica.org\/fr\/2020\/06\/des-bourses-pour-les-etudiants-noirs-et-hispanophones-de-psychologie\/\" \/>\n<meta property=\"og:locale\" content=\"fr_FR\" \/>\n<meta property=\"og:type\" content=\"article\" \/>\n<meta property=\"og:title\" content=\"Des bourses pour les \u00e9tudiants noirs et hispanophones de psychologie - \u00c9glise Adventiste Du Septieme Jour - Inter Am\u00e9rique Division\" \/>\n<meta property=\"og:description\" content=\"Le 29 juin 2020 | Loma Linda, Californie, \u00c9tats-Unis |\u00a0Larry Becker du d\u00e9partement de nouvelles de Loma Linda University Health Gr\u00e2ce \u00e0 la r\u00e9ception d\u2019une subvention du d\u00e9partement des services...\" \/>\n<meta property=\"og:url\" content=\"https:\/\/interamerica.org\/fr\/2020\/06\/des-bourses-pour-les-etudiants-noirs-et-hispanophones-de-psychologie\/\" \/>\n<meta property=\"og:site_name\" content=\"\u00c9glise Adventiste Du Septieme Jour - Inter Am\u00e9rique Division\" \/>\n<meta property=\"article:published_time\" content=\"2020-07-01T00:12:46+00:00\" \/>\n<meta property=\"article:modified_time\" content=\"2020-07-01T14:24:08+00:00\" \/>\n<meta property=\"og:image\" content=\"https:\/\/interamerica.org\/wp-content\/uploads\/2020\/07\/llu-scholarships-psychology-students-1280.jpg\" \/>\n\t<meta property=\"og:image:width\" content=\"1280\" \/>\n\t<meta property=\"og:image:height\" content=\"800\" \/>\n\t<meta property=\"og:image:type\" content=\"image\/jpeg\" \/>\n<meta name=\"author\" content=\"libna\" \/>\n<meta name=\"twitter:card\" content=\"summary_large_image\" \/>\n<meta name=\"twitter:label1\" content=\"\u00c9crit par\" \/>\n\t<meta name=\"twitter:data1\" content=\"libna\" \/>\n\t<meta name=\"twitter:label2\" content=\"Dur\u00e9e de lecture estim\u00e9e\" \/>\n\t<meta name=\"twitter:data2\" content=\"3 minutes\" \/>\n<script type=\"application\/ld+json\" class=\"yoast-schema-graph\">{\"@context\":\"https:\\\/\\\/schema.org\",\"@graph\":[{\"@type\":\"Article\",\"@id\":\"https:\\\/\\\/interamerica.org\\\/fr\\\/2020\\\/06\\\/des-bourses-pour-les-etudiants-noirs-et-hispanophones-de-psychologie\\\/#article\",\"isPartOf\":{\"@id\":\"https:\\\/\\\/interamerica.org\\\/fr\\\/2020\\\/06\\\/des-bourses-pour-les-etudiants-noirs-et-hispanophones-de-psychologie\\\/\"},\"author\":{\"name\":\"libna\",\"@id\":\"https:\\\/\\\/interamerica.org\\\/fr\\\/#\\\/schema\\\/person\\\/29998f2bc2d8bd0d38662909289b54f1\"},\"headline\":\"Des bourses pour les \u00e9tudiants noirs et hispanophones de psychologie\",\"datePublished\":\"2020-07-01T00:12:46+00:00\",\"dateModified\":\"2020-07-01T14:24:08+00:00\",\"mainEntityOfPage\":{\"@id\":\"https:\\\/\\\/interamerica.org\\\/fr\\\/2020\\\/06\\\/des-bourses-pour-les-etudiants-noirs-et-hispanophones-de-psychologie\\\/\"},\"wordCount\":549,\"commentCount\":0,\"image\":{\"@id\":\"https:\\\/\\\/interamerica.org\\\/fr\\\/2020\\\/06\\\/des-bourses-pour-les-etudiants-noirs-et-hispanophones-de-psychologie\\\/#primaryimage\"},\"thumbnailUrl\":\"https:\\\/\\\/interamerica.org\\\/wp-content\\\/uploads\\\/2020\\\/07\\\/llu-scholarships-psychology-students-1280.jpg\",\"articleSection\":[\"Nouvelles de l'\u00c9glise mondiale\",\"RSS Fran\u00e7ais\"],\"inLanguage\":\"fr-FR\",\"potentialAction\":[{\"@type\":\"CommentAction\",\"name\":\"Comment\",\"target\":[\"https:\\\/\\\/interamerica.org\\\/fr\\\/2020\\\/06\\\/des-bourses-pour-les-etudiants-noirs-et-hispanophones-de-psychologie\\\/#respond\"]}]},{\"@type\":\"WebPage\",\"@id\":\"https:\\\/\\\/interamerica.org\\\/fr\\\/2020\\\/06\\\/des-bourses-pour-les-etudiants-noirs-et-hispanophones-de-psychologie\\\/\",\"url\":\"https:\\\/\\\/interamerica.org\\\/fr\\\/2020\\\/06\\\/des-bourses-pour-les-etudiants-noirs-et-hispanophones-de-psychologie\\\/\",\"name\":\"Des bourses pour les \u00e9tudiants noirs et hispanophones de psychologie - \u00c9glise Adventiste Du Septieme Jour - Inter Am\u00e9rique Division\",\"isPartOf\":{\"@id\":\"https:\\\/\\\/interamerica.org\\\/fr\\\/#website\"},\"primaryImageOfPage\":{\"@id\":\"https:\\\/\\\/interamerica.org\\\/fr\\\/2020\\\/06\\\/des-bourses-pour-les-etudiants-noirs-et-hispanophones-de-psychologie\\\/#primaryimage\"},\"image\":{\"@id\":\"https:\\\/\\\/interamerica.org\\\/fr\\\/2020\\\/06\\\/des-bourses-pour-les-etudiants-noirs-et-hispanophones-de-psychologie\\\/#primaryimage\"},\"thumbnailUrl\":\"https:\\\/\\\/interamerica.org\\\/wp-content\\\/uploads\\\/2020\\\/07\\\/llu-scholarships-psychology-students-1280.jpg\",\"datePublished\":\"2020-07-01T00:12:46+00:00\",\"dateModified\":\"2020-07-01T14:24:08+00:00\",\"author\":{\"@id\":\"https:\\\/\\\/interamerica.org\\\/fr\\\/#\\\/schema\\\/person\\\/29998f2bc2d8bd0d38662909289b54f1\"},\"breadcrumb\":{\"@id\":\"https:\\\/\\\/interamerica.org\\\/fr\\\/2020\\\/06\\\/des-bourses-pour-les-etudiants-noirs-et-hispanophones-de-psychologie\\\/#breadcrumb\"},\"inLanguage\":\"fr-FR\",\"potentialAction\":[{\"@type\":\"ReadAction\",\"target\":[\"https:\\\/\\\/interamerica.org\\\/fr\\\/2020\\\/06\\\/des-bourses-pour-les-etudiants-noirs-et-hispanophones-de-psychologie\\\/\"]}]},{\"@type\":\"ImageObject\",\"inLanguage\":\"fr-FR\",\"@id\":\"https:\\\/\\\/interamerica.org\\\/fr\\\/2020\\\/06\\\/des-bourses-pour-les-etudiants-noirs-et-hispanophones-de-psychologie\\\/#primaryimage\",\"url\":\"https:\\\/\\\/interamerica.org\\\/wp-content\\\/uploads\\\/2020\\\/07\\\/llu-scholarships-psychology-students-1280.jpg\",\"contentUrl\":\"https:\\\/\\\/interamerica.org\\\/wp-content\\\/uploads\\\/2020\\\/07\\\/llu-scholarships-psychology-students-1280.jpg\",\"width\":1280,\"height\":800,\"caption\":\"Loma Linda University\u2019s School of Behavioral Health will be distributing US$2.97 million in scholarship funds to students in the Department of Psychology during the coming five years. The funding comes from the United States Department of Health and Human Services. It is part of a program emphasizing support for underrepresented racial and ethnic groups and seeking to increase the diversity of the workforce in the mental health profession. [Photo: Loma Linda University Health]\"},{\"@type\":\"BreadcrumbList\",\"@id\":\"https:\\\/\\\/interamerica.org\\\/fr\\\/2020\\\/06\\\/des-bourses-pour-les-etudiants-noirs-et-hispanophones-de-psychologie\\\/#breadcrumb\",\"itemListElement\":[{\"@type\":\"ListItem\",\"position\":1,\"name\":\"Home\",\"item\":\"https:\\\/\\\/interamerica.org\\\/fr\\\/\"},{\"@type\":\"ListItem\",\"position\":2,\"name\":\"Des bourses pour les \u00e9tudiants noirs et hispanophones de psychologie\"}]},{\"@type\":\"WebSite\",\"@id\":\"https:\\\/\\\/interamerica.org\\\/fr\\\/#website\",\"url\":\"https:\\\/\\\/interamerica.org\\\/fr\\\/\",\"name\":\"\u00c9glise Adventiste Du Septieme Jour - Inter Am\u00e9rique Division\",\"description\":\"\",\"potentialAction\":[{\"@type\":\"SearchAction\",\"target\":{\"@type\":\"EntryPoint\",\"urlTemplate\":\"https:\\\/\\\/interamerica.org\\\/fr\\\/?s={search_term_string}\"},\"query-input\":{\"@type\":\"PropertyValueSpecification\",\"valueRequired\":true,\"valueName\":\"search_term_string\"}}],\"inLanguage\":\"fr-FR\"},{\"@type\":\"Person\",\"@id\":\"https:\\\/\\\/interamerica.org\\\/fr\\\/#\\\/schema\\\/person\\\/29998f2bc2d8bd0d38662909289b54f1\",\"name\":\"libna\",\"image\":{\"@type\":\"ImageObject\",\"inLanguage\":\"fr-FR\",\"@id\":\"https:\\\/\\\/secure.gravatar.com\\\/avatar\\\/7c5bd30ae4b47a9ba3c856590957fd1d96dc588bf3ac05719d247e126840331f?s=96&d=mm&r=g\",\"url\":\"https:\\\/\\\/secure.gravatar.com\\\/avatar\\\/7c5bd30ae4b47a9ba3c856590957fd1d96dc588bf3ac05719d247e126840331f?s=96&d=mm&r=g\",\"contentUrl\":\"https:\\\/\\\/secure.gravatar.com\\\/avatar\\\/7c5bd30ae4b47a9ba3c856590957fd1d96dc588bf3ac05719d247e126840331f?s=96&d=mm&r=g\",\"caption\":\"libna\"}}]}<\/script>\n<!-- \/ Yoast SEO plugin. -->","yoast_head_json":{"title":"Des bourses pour les \u00e9tudiants noirs et hispanophones de psychologie - \u00c9glise Adventiste Du Septieme Jour - Inter Am\u00e9rique Division","robots":{"index":"index","follow":"follow","max-snippet":"max-snippet:-1","max-image-preview":"max-image-preview:large","max-video-preview":"max-video-preview:-1"},"canonical":"https:\/\/interamerica.org\/fr\/2020\/06\/des-bourses-pour-les-etudiants-noirs-et-hispanophones-de-psychologie\/","og_locale":"fr_FR","og_type":"article","og_title":"Des bourses pour les \u00e9tudiants noirs et hispanophones de psychologie - \u00c9glise Adventiste Du Septieme Jour - Inter Am\u00e9rique Division","og_description":"Le 29 juin 2020 | Loma Linda, Californie, \u00c9tats-Unis |\u00a0Larry Becker du d\u00e9partement de nouvelles de Loma Linda University Health Gr\u00e2ce \u00e0 la r\u00e9ception d\u2019une subvention du d\u00e9partement des services...","og_url":"https:\/\/interamerica.org\/fr\/2020\/06\/des-bourses-pour-les-etudiants-noirs-et-hispanophones-de-psychologie\/","og_site_name":"\u00c9glise Adventiste Du Septieme Jour - Inter Am\u00e9rique Division","article_published_time":"2020-07-01T00:12:46+00:00","article_modified_time":"2020-07-01T14:24:08+00:00","og_image":[{"width":1280,"height":800,"url":"https:\/\/interamerica.org\/wp-content\/uploads\/2020\/07\/llu-scholarships-psychology-students-1280.jpg","type":"image\/jpeg"}],"author":"libna","twitter_card":"summary_large_image","twitter_misc":{"\u00c9crit par":"libna","Dur\u00e9e de lecture estim\u00e9e":"3 minutes"},"schema":{"@context":"https:\/\/schema.org","@graph":[{"@type":"Article","@id":"https:\/\/interamerica.org\/fr\/2020\/06\/des-bourses-pour-les-etudiants-noirs-et-hispanophones-de-psychologie\/#article","isPartOf":{"@id":"https:\/\/interamerica.org\/fr\/2020\/06\/des-bourses-pour-les-etudiants-noirs-et-hispanophones-de-psychologie\/"},"author":{"name":"libna","@id":"https:\/\/interamerica.org\/fr\/#\/schema\/person\/29998f2bc2d8bd0d38662909289b54f1"},"headline":"Des bourses pour les \u00e9tudiants noirs et hispanophones de psychologie","datePublished":"2020-07-01T00:12:46+00:00","dateModified":"2020-07-01T14:24:08+00:00","mainEntityOfPage":{"@id":"https:\/\/interamerica.org\/fr\/2020\/06\/des-bourses-pour-les-etudiants-noirs-et-hispanophones-de-psychologie\/"},"wordCount":549,"commentCount":0,"image":{"@id":"https:\/\/interamerica.org\/fr\/2020\/06\/des-bourses-pour-les-etudiants-noirs-et-hispanophones-de-psychologie\/#primaryimage"},"thumbnailUrl":"https:\/\/interamerica.org\/wp-content\/uploads\/2020\/07\/llu-scholarships-psychology-students-1280.jpg","articleSection":["Nouvelles de l'\u00c9glise mondiale","RSS Fran\u00e7ais"],"inLanguage":"fr-FR","potentialAction":[{"@type":"CommentAction","name":"Comment","target":["https:\/\/interamerica.org\/fr\/2020\/06\/des-bourses-pour-les-etudiants-noirs-et-hispanophones-de-psychologie\/#respond"]}]},{"@type":"WebPage","@id":"https:\/\/interamerica.org\/fr\/2020\/06\/des-bourses-pour-les-etudiants-noirs-et-hispanophones-de-psychologie\/","url":"https:\/\/interamerica.org\/fr\/2020\/06\/des-bourses-pour-les-etudiants-noirs-et-hispanophones-de-psychologie\/","name":"Des bourses pour les \u00e9tudiants noirs et hispanophones de psychologie - \u00c9glise Adventiste Du Septieme Jour - Inter Am\u00e9rique Division","isPartOf":{"@id":"https:\/\/interamerica.org\/fr\/#website"},"primaryImageOfPage":{"@id":"https:\/\/interamerica.org\/fr\/2020\/06\/des-bourses-pour-les-etudiants-noirs-et-hispanophones-de-psychologie\/#primaryimage"},"image":{"@id":"https:\/\/interamerica.org\/fr\/2020\/06\/des-bourses-pour-les-etudiants-noirs-et-hispanophones-de-psychologie\/#primaryimage"},"thumbnailUrl":"https:\/\/interamerica.org\/wp-content\/uploads\/2020\/07\/llu-scholarships-psychology-students-1280.jpg","datePublished":"2020-07-01T00:12:46+00:00","dateModified":"2020-07-01T14:24:08+00:00","author":{"@id":"https:\/\/interamerica.org\/fr\/#\/schema\/person\/29998f2bc2d8bd0d38662909289b54f1"},"breadcrumb":{"@id":"https:\/\/interamerica.org\/fr\/2020\/06\/des-bourses-pour-les-etudiants-noirs-et-hispanophones-de-psychologie\/#breadcrumb"},"inLanguage":"fr-FR","potentialAction":[{"@type":"ReadAction","target":["https:\/\/interamerica.org\/fr\/2020\/06\/des-bourses-pour-les-etudiants-noirs-et-hispanophones-de-psychologie\/"]}]},{"@type":"ImageObject","inLanguage":"fr-FR","@id":"https:\/\/interamerica.org\/fr\/2020\/06\/des-bourses-pour-les-etudiants-noirs-et-hispanophones-de-psychologie\/#primaryimage","url":"https:\/\/interamerica.org\/wp-content\/uploads\/2020\/07\/llu-scholarships-psychology-students-1280.jpg","contentUrl":"https:\/\/interamerica.org\/wp-content\/uploads\/2020\/07\/llu-scholarships-psychology-students-1280.jpg","width":1280,"height":800,"caption":"Loma Linda University\u2019s School of Behavioral Health will be distributing US$2.97 million in scholarship funds to students in the Department of Psychology during the coming five years. The funding comes from the United States Department of Health and Human Services. It is part of a program emphasizing support for underrepresented racial and ethnic groups and seeking to increase the diversity of the workforce in the mental health profession. [Photo: Loma Linda University Health]"},{"@type":"BreadcrumbList","@id":"https:\/\/interamerica.org\/fr\/2020\/06\/des-bourses-pour-les-etudiants-noirs-et-hispanophones-de-psychologie\/#breadcrumb","itemListElement":[{"@type":"ListItem","position":1,"name":"Home","item":"https:\/\/interamerica.org\/fr\/"},{"@type":"ListItem","position":2,"name":"Des bourses pour les \u00e9tudiants noirs et hispanophones de psychologie"}]},{"@type":"WebSite","@id":"https:\/\/interamerica.org\/fr\/#website","url":"https:\/\/interamerica.org\/fr\/","name":"\u00c9glise Adventiste Du Septieme Jour - Inter Am\u00e9rique Division","description":"","potentialAction":[{"@type":"SearchAction","target":{"@type":"EntryPoint","urlTemplate":"https:\/\/interamerica.org\/fr\/?s={search_term_string}"},"query-input":{"@type":"PropertyValueSpecification","valueRequired":true,"valueName":"search_term_string"}}],"inLanguage":"fr-FR"},{"@type":"Person","@id":"https:\/\/interamerica.org\/fr\/#\/schema\/person\/29998f2bc2d8bd0d38662909289b54f1","name":"libna","image":{"@type":"ImageObject","inLanguage":"fr-FR","@id":"https:\/\/secure.gravatar.com\/avatar\/7c5bd30ae4b47a9ba3c856590957fd1d96dc588bf3ac05719d247e126840331f?s=96&d=mm&r=g","url":"https:\/\/secure.gravatar.com\/avatar\/7c5bd30ae4b47a9ba3c856590957fd1d96dc588bf3ac05719d247e126840331f?s=96&d=mm&r=g","contentUrl":"https:\/\/secure.gravatar.com\/avatar\/7c5bd30ae4b47a9ba3c856590957fd1d96dc588bf3ac05719d247e126840331f?s=96&d=mm&r=g","caption":"libna"}}]}},"_links":{"self":[{"href":"https:\/\/interamerica.org\/fr\/wp-json\/wp\/v2\/posts\/60175","targetHints":{"allow":["GET"]}}],"collection":[{"href":"https:\/\/interamerica.org\/fr\/wp-json\/wp\/v2\/posts"}],"about":[{"href":"https:\/\/interamerica.org\/fr\/wp-json\/wp\/v2\/types\/post"}],"author":[{"embeddable":true,"href":"https:\/\/interamerica.org\/fr\/wp-json\/wp\/v2\/users\/3"}],"replies":[{"embeddable":true,"href":"https:\/\/interamerica.org\/fr\/wp-json\/wp\/v2\/comments?post=60175"}],"version-history":[{"count":0,"href":"https:\/\/interamerica.org\/fr\/wp-json\/wp\/v2\/posts\/60175\/revisions"}],"wp:featuredmedia":[{"embeddable":true,"href":"https:\/\/interamerica.org\/fr\/wp-json\/wp\/v2\/media\/60185"}],"wp:attachment":[{"href":"https:\/\/interamerica.org\/fr\/wp-json\/wp\/v2\/media?parent=60175"}],"wp:term":[{"taxonomy":"category","embeddable":true,"href":"https:\/\/interamerica.org\/fr\/wp-json\/wp\/v2\/categories?post=60175"},{"taxonomy":"post_tag","embeddable":true,"href":"https:\/\/interamerica.org\/fr\/wp-json\/wp\/v2\/tags?post=60175"}],"curies":[{"name":"wp","href":"https:\/\/api.w.org\/{rel}","templated":true}]}}