{"id":60194,"date":"2020-06-30T08:56:33","date_gmt":"2020-06-30T12:56:33","guid":{"rendered":"https:\/\/recursing-golick.147-182-135-0.plesk.page\/?p=60194"},"modified":"2020-07-30T21:08:33","modified_gmt":"2020-07-31T01:08:33","slug":"la-division-nord-americaine-vote-un-plan-daide-de-10-millions-de-dollars-us-suite-au-covid-19","status":"publish","type":"post","link":"https:\/\/interamerica.org\/fr\/2020\/06\/la-division-nord-americaine-vote-un-plan-daide-de-10-millions-de-dollars-us-suite-au-covid-19\/","title":{"rendered":"La Division Nord-Am\u00e9ricaine vote un plan d\u2019aide de 10 millions de dollars US suite au COVID-19"},"content":{"rendered":"<p><span class=\"byline-news\">28 Juin 2020 | Columbia, Maryland, \u00c9tats-Unis | Par : Kimberly Luste Maran, P\u00f4le Informations de la Division Nord-Am\u00e9ricaine <\/span><\/p>\n<p><span class=\"cap\">L<\/span>e 23 juin 2020, le Comit\u00e9 de la Division Nord-Am\u00e9ricaine (NAD) a vot\u00e9 un plan d\u2019aide de 10 millions de dollars pour apporter une assistance financi\u00e8re aux f\u00e9d\u00e9rations de la division par le biais de ses unions. Cette action intervient \u00e0 un moment o\u00f9 le COVID-19 a touch\u00e9 beaucoup de membres et de nombreuses entit\u00e9s adventistes.<\/p>\n<p>\u00ab La Division Nord-Am\u00e9ricaine reconna\u00eet les difficult\u00e9s financi\u00e8res auxquelles est confront\u00e9e l\u2019\u00c9glise adventiste du septi\u00e8me jour en Am\u00e9rique du Nord en raison du COVID-19, \u00bb est-il indiqu\u00e9 dans la proposition. \u00ab Une attention particuli\u00e8re a \u00e9t\u00e9 accord\u00e9e \u00e0 la sant\u00e9 financi\u00e8re actuelle et future de la Division Nord-Am\u00e9ricaine par rapport au montant de la dotation accord\u00e9e. \u00bb<\/p>\n<p>La proposition a reconnu que la division doit conserver la capacit\u00e9 de continuer \u00e0 offrir des services essentiels et qu\u2019elle existe pour servir son champ.<\/p>\n<p>\u00ab La Division Nord-Am\u00e9ricaine souhaite accomplir deux choses avec cette d\u00e9cision, \u00bb a d\u00e9clar\u00e9 Randy Robinson, tr\u00e9sorier de la NAD. \u00ab Premi\u00e8rement, donner un coup de pouce financier suppl\u00e9mentaire aux f\u00e9d\u00e9rations qui sont en souffrance \u00e0 cause du COVID-19, et deuxi\u00e8mement, nous assurer que nous pouvons maintenir les niveaux actuels des dotations r\u00e9guli\u00e8res aussi longtemps que possible, m\u00eame dans une situation \u00e9conomique difficile. \u00bb<\/p>\n<p>La tr\u00e9sorerie de la NAD a utilis\u00e9 des informations financi\u00e8res d\u00e9taill\u00e9es, y compris des param\u00e8tres pour mesurer la sant\u00e9 de l\u2019organisation au niveau de la division, afin de d\u00e9terminer une allocation recommand\u00e9e d\u2019un montant de 10 millions de dollars US. La formule utilis\u00e9e pour d\u00e9terminer ce montant, en termes simples, est la suivante : bilan de tr\u00e9sorerie (liquidit\u00e9s plus investissements) moins (actif net affect\u00e9 plus toutes les sommes \u00e0 payer).<\/p>\n<p>\u00ab En utilisant les informations financi\u00e8res de fin d\u2019ann\u00e9e pour 2019 et de la p\u00e9riode allant jusqu\u2019\u00e0 avril 2020, il a \u00e9t\u00e9 d\u00e9termin\u00e9 que la NAD est en capacit\u00e9 d\u2019allouer jusqu\u2019\u00e0 un total de 10000000 de dollars US aux f\u00e9d\u00e9rations en difficult\u00e9 financi\u00e8re suite \u00e0 la crise du COVID-19, \u00bb indique la proposition.<\/p>\n<p>Les fonds seraient divis\u00e9s en deux cycles de financement pour les f\u00e9d\u00e9rations et une source de financement suppl\u00e9mentaire pour les minist\u00e8res de la NAD: 5 millions de dollars de financement non restreint pour la premi\u00e8re phase de financement devant \u00eatre distribu\u00e9s aux neuf unions de la NAD ainsi qu\u2019\u00e0 la Mission de Guam-Micron\u00e9sie (GMM) allou\u00e9s principalement sur la base des contributions en d\u00eeme; 3 millions de dollars US dans la deuxi\u00e8me phase de financement mis \u00e0 disposition des neuf unions et de la GMM, la distribution devant \u00eatre d\u00e9termin\u00e9e en fonction des besoins uniquement plus tard en 2020 apr\u00e8s une \u00e9valuation des dotations faites lors de la premi\u00e8re phase; et 2 millions de dollars US destin\u00e9s \u00e0 une distribution uniquement pour les besoins des autres entit\u00e9s de la NAD, y compris les Minist\u00e8res Adventistes de l\u2019Information, l\u2019Institut de la Division Nord-Am\u00e9ricaine pour l\u2019\u00c9vang\u00e9lisation, Christian Record Services pour les aveugles, la maison d\u2019\u00e9dition Pacific Press Publishing Association, l\u2019Universit\u00e9 d\u2019Oakwood, AdventSource, Seminars Unlimited et Adventist Media Ministries.<\/p>\n<p>\u00ab Nous sommes heureux de pouvoir offrir ces fonds aux secteurs de l\u2019\u00e9glise qui sont le plus en souffrance, \u00bb a dit Randy Robinson. \u00ab Nous sommes une famille, et quand l\u2019un de nous est en souffrance, alors nous souffrons tous. Nous voulons faire notre part pour all\u00e9ger cette souffrance, et nous sommes heureux de nous associer \u00e0 nos unions pour ce faire. \u00bb<\/p>\n<p>\u00ab Si la NAD peut aider nos \u00e9glises et nos autres entit\u00e9s en cette p\u00e9riode d\u2019\u00e9preuve et d\u2019incertitude, alors nous devons le faire, \u00bb a dit Daniel R. Jackson, pr\u00e9sident de la NAD. \u00ab Je l\u2019ai d\u00e9j\u00e0 dit et je crois que c\u2019est encore vrai : cette division est la division la plus fid\u00e8le et la plus coop\u00e9rative du monde. La mission et la proclamation des messages d\u2019esp\u00e9rance et de pl\u00e9nitude du Christ font partie de ce que nous sommes en tant qu\u2019adventistes. \u00bb<\/p>\n<p>Dan Jackson a ajout\u00e9 : \u00ab cela me remplit d\u2019humilit\u00e9 quand je consid\u00e8re la fid\u00e9lit\u00e9 et la g\u00e9n\u00e9rosit\u00e9 de notre peuple &#8211; au-del\u00e0 de l\u2019argent. Dieu est fid\u00e8le et il sera avec son peuple jusqu\u2019au bout. \u00bb<\/p>\n<p><em>La<\/em><a href=\"https:\/\/www.nadadventist.org\/news\/north-american-division-votes-10-million-covid-19-stimulus-package\" target=\"_blank\" rel=\"noopener noreferrer\"><em>version originale<\/em><\/a><em> de ce r\u00e9cit a \u00e9t\u00e9 publi\u00e9e sur le <\/em><a href=\"https:\/\/www.nadadventist.org\/news\" target=\"_blank\" rel=\"noopener noreferrer\"><em>site d&rsquo;informations<\/em><\/a><em>de la Division Nord-Am\u00e9ricaine.<\/em><\/p>\n<p>Traduction: Patrick Luciathe<\/p>\n","protected":false},"excerpt":{"rendered":"<p>28 Juin 2020 | Columbia, Maryland, \u00c9tats-Unis | Par : Kimberly Luste Maran, P\u00f4le Informations de la Division Nord-Am\u00e9ricaine Le 23 juin 2020, le Comit\u00e9 de la Division Nord-Am\u00e9ricaine (NAD)&#8230;<\/p>\n","protected":false},"author":3,"featured_media":60170,"comment_status":"open","ping_status":"closed","sticky":false,"template":"","format":"standard","meta":{"_acf_changed":false,"footnotes":""},"categories":[18,19],"tags":[],"class_list":["post-60194","post","type-post","status-publish","format-standard","has-post-thumbnail","hentry","category-nouvelles-de-leglise-mondiale","category-rss-francais"],"acf":[],"yoast_head":"<!-- This site is optimized with the Yoast SEO plugin v27.3 - https:\/\/yoast.com\/product\/yoast-seo-wordpress\/ -->\n<title>La Division Nord-Am\u00e9ricaine vote un plan d\u2019aide de 10 millions de dollars US suite au COVID-19 - \u00c9glise Adventiste Du Septieme Jour - Inter Am\u00e9rique Division<\/title>\n<meta name=\"robots\" content=\"index, follow, max-snippet:-1, max-image-preview:large, max-video-preview:-1\" \/>\n<link rel=\"canonical\" href=\"https:\/\/interamerica.org\/fr\/2020\/06\/la-division-nord-americaine-vote-un-plan-daide-de-10-millions-de-dollars-us-suite-au-covid-19\/\" \/>\n<meta property=\"og:locale\" content=\"fr_FR\" \/>\n<meta property=\"og:type\" content=\"article\" \/>\n<meta property=\"og:title\" content=\"La Division Nord-Am\u00e9ricaine vote un plan d\u2019aide de 10 millions de dollars US suite au COVID-19 - \u00c9glise Adventiste Du Septieme Jour - Inter Am\u00e9rique Division\" \/>\n<meta property=\"og:description\" content=\"28 Juin 2020 | Columbia, Maryland, \u00c9tats-Unis | Par : Kimberly Luste Maran, P\u00f4le Informations de la Division Nord-Am\u00e9ricaine Le 23 juin 2020, le Comit\u00e9 de la Division Nord-Am\u00e9ricaine (NAD)...\" \/>\n<meta property=\"og:url\" content=\"https:\/\/interamerica.org\/fr\/2020\/06\/la-division-nord-americaine-vote-un-plan-daide-de-10-millions-de-dollars-us-suite-au-covid-19\/\" \/>\n<meta property=\"og:site_name\" content=\"\u00c9glise Adventiste Du Septieme Jour - Inter Am\u00e9rique Division\" \/>\n<meta property=\"article:published_time\" content=\"2020-06-30T12:56:33+00:00\" \/>\n<meta property=\"article:modified_time\" content=\"2020-07-31T01:08:33+00:00\" \/>\n<meta property=\"og:image\" content=\"https:\/\/interamerica.org\/wp-content\/uploads\/2020\/06\/business-861325-1920-1280.jpg\" \/>\n\t<meta property=\"og:image:width\" content=\"1280\" \/>\n\t<meta property=\"og:image:height\" content=\"800\" \/>\n\t<meta property=\"og:image:type\" content=\"image\/jpeg\" \/>\n<meta name=\"author\" content=\"libna\" \/>\n<meta name=\"twitter:card\" content=\"summary_large_image\" \/>\n<meta name=\"twitter:label1\" content=\"\u00c9crit par\" \/>\n\t<meta name=\"twitter:data1\" content=\"libna\" \/>\n\t<meta name=\"twitter:label2\" content=\"Dur\u00e9e de lecture estim\u00e9e\" \/>\n\t<meta name=\"twitter:data2\" content=\"4 minutes\" \/>\n<script type=\"application\/ld+json\" class=\"yoast-schema-graph\">{\"@context\":\"https:\\\/\\\/schema.org\",\"@graph\":[{\"@type\":\"Article\",\"@id\":\"https:\\\/\\\/interamerica.org\\\/fr\\\/2020\\\/06\\\/la-division-nord-americaine-vote-un-plan-daide-de-10-millions-de-dollars-us-suite-au-covid-19\\\/#article\",\"isPartOf\":{\"@id\":\"https:\\\/\\\/interamerica.org\\\/fr\\\/2020\\\/06\\\/la-division-nord-americaine-vote-un-plan-daide-de-10-millions-de-dollars-us-suite-au-covid-19\\\/\"},\"author\":{\"name\":\"libna\",\"@id\":\"https:\\\/\\\/interamerica.org\\\/fr\\\/#\\\/schema\\\/person\\\/29998f2bc2d8bd0d38662909289b54f1\"},\"headline\":\"La Division Nord-Am\u00e9ricaine vote un plan d\u2019aide de 10 millions de dollars US suite au COVID-19\",\"datePublished\":\"2020-06-30T12:56:33+00:00\",\"dateModified\":\"2020-07-31T01:08:33+00:00\",\"mainEntityOfPage\":{\"@id\":\"https:\\\/\\\/interamerica.org\\\/fr\\\/2020\\\/06\\\/la-division-nord-americaine-vote-un-plan-daide-de-10-millions-de-dollars-us-suite-au-covid-19\\\/\"},\"wordCount\":794,\"commentCount\":0,\"image\":{\"@id\":\"https:\\\/\\\/interamerica.org\\\/fr\\\/2020\\\/06\\\/la-division-nord-americaine-vote-un-plan-daide-de-10-millions-de-dollars-us-suite-au-covid-19\\\/#primaryimage\"},\"thumbnailUrl\":\"https:\\\/\\\/interamerica.org\\\/wp-content\\\/uploads\\\/2020\\\/06\\\/business-861325-1920-1280.jpg\",\"articleSection\":[\"Nouvelles de l'\u00c9glise mondiale\",\"RSS Fran\u00e7ais\"],\"inLanguage\":\"fr-FR\",\"potentialAction\":[{\"@type\":\"CommentAction\",\"name\":\"Comment\",\"target\":[\"https:\\\/\\\/interamerica.org\\\/fr\\\/2020\\\/06\\\/la-division-nord-americaine-vote-un-plan-daide-de-10-millions-de-dollars-us-suite-au-covid-19\\\/#respond\"]}]},{\"@type\":\"WebPage\",\"@id\":\"https:\\\/\\\/interamerica.org\\\/fr\\\/2020\\\/06\\\/la-division-nord-americaine-vote-un-plan-daide-de-10-millions-de-dollars-us-suite-au-covid-19\\\/\",\"url\":\"https:\\\/\\\/interamerica.org\\\/fr\\\/2020\\\/06\\\/la-division-nord-americaine-vote-un-plan-daide-de-10-millions-de-dollars-us-suite-au-covid-19\\\/\",\"name\":\"La Division Nord-Am\u00e9ricaine vote un plan d\u2019aide de 10 millions de dollars US suite au COVID-19 - \u00c9glise Adventiste Du Septieme Jour - Inter Am\u00e9rique Division\",\"isPartOf\":{\"@id\":\"https:\\\/\\\/interamerica.org\\\/fr\\\/#website\"},\"primaryImageOfPage\":{\"@id\":\"https:\\\/\\\/interamerica.org\\\/fr\\\/2020\\\/06\\\/la-division-nord-americaine-vote-un-plan-daide-de-10-millions-de-dollars-us-suite-au-covid-19\\\/#primaryimage\"},\"image\":{\"@id\":\"https:\\\/\\\/interamerica.org\\\/fr\\\/2020\\\/06\\\/la-division-nord-americaine-vote-un-plan-daide-de-10-millions-de-dollars-us-suite-au-covid-19\\\/#primaryimage\"},\"thumbnailUrl\":\"https:\\\/\\\/interamerica.org\\\/wp-content\\\/uploads\\\/2020\\\/06\\\/business-861325-1920-1280.jpg\",\"datePublished\":\"2020-06-30T12:56:33+00:00\",\"dateModified\":\"2020-07-31T01:08:33+00:00\",\"author\":{\"@id\":\"https:\\\/\\\/interamerica.org\\\/fr\\\/#\\\/schema\\\/person\\\/29998f2bc2d8bd0d38662909289b54f1\"},\"breadcrumb\":{\"@id\":\"https:\\\/\\\/interamerica.org\\\/fr\\\/2020\\\/06\\\/la-division-nord-americaine-vote-un-plan-daide-de-10-millions-de-dollars-us-suite-au-covid-19\\\/#breadcrumb\"},\"inLanguage\":\"fr-FR\",\"potentialAction\":[{\"@type\":\"ReadAction\",\"target\":[\"https:\\\/\\\/interamerica.org\\\/fr\\\/2020\\\/06\\\/la-division-nord-americaine-vote-un-plan-daide-de-10-millions-de-dollars-us-suite-au-covid-19\\\/\"]}]},{\"@type\":\"ImageObject\",\"inLanguage\":\"fr-FR\",\"@id\":\"https:\\\/\\\/interamerica.org\\\/fr\\\/2020\\\/06\\\/la-division-nord-americaine-vote-un-plan-daide-de-10-millions-de-dollars-us-suite-au-covid-19\\\/#primaryimage\",\"url\":\"https:\\\/\\\/interamerica.org\\\/wp-content\\\/uploads\\\/2020\\\/06\\\/business-861325-1920-1280.jpg\",\"contentUrl\":\"https:\\\/\\\/interamerica.org\\\/wp-content\\\/uploads\\\/2020\\\/06\\\/business-861325-1920-1280.jpg\",\"width\":1280,\"height\":800,\"caption\":\"[Photo: Pixabay]\"},{\"@type\":\"BreadcrumbList\",\"@id\":\"https:\\\/\\\/interamerica.org\\\/fr\\\/2020\\\/06\\\/la-division-nord-americaine-vote-un-plan-daide-de-10-millions-de-dollars-us-suite-au-covid-19\\\/#breadcrumb\",\"itemListElement\":[{\"@type\":\"ListItem\",\"position\":1,\"name\":\"Home\",\"item\":\"https:\\\/\\\/interamerica.org\\\/fr\\\/\"},{\"@type\":\"ListItem\",\"position\":2,\"name\":\"La Division Nord-Am\u00e9ricaine vote un plan d\u2019aide de 10 millions de dollars US suite au COVID-19\"}]},{\"@type\":\"WebSite\",\"@id\":\"https:\\\/\\\/interamerica.org\\\/fr\\\/#website\",\"url\":\"https:\\\/\\\/interamerica.org\\\/fr\\\/\",\"name\":\"\u00c9glise Adventiste Du Septieme Jour - Inter Am\u00e9rique Division\",\"description\":\"\",\"potentialAction\":[{\"@type\":\"SearchAction\",\"target\":{\"@type\":\"EntryPoint\",\"urlTemplate\":\"https:\\\/\\\/interamerica.org\\\/fr\\\/?s={search_term_string}\"},\"query-input\":{\"@type\":\"PropertyValueSpecification\",\"valueRequired\":true,\"valueName\":\"search_term_string\"}}],\"inLanguage\":\"fr-FR\"},{\"@type\":\"Person\",\"@id\":\"https:\\\/\\\/interamerica.org\\\/fr\\\/#\\\/schema\\\/person\\\/29998f2bc2d8bd0d38662909289b54f1\",\"name\":\"libna\",\"image\":{\"@type\":\"ImageObject\",\"inLanguage\":\"fr-FR\",\"@id\":\"https:\\\/\\\/secure.gravatar.com\\\/avatar\\\/7c5bd30ae4b47a9ba3c856590957fd1d96dc588bf3ac05719d247e126840331f?s=96&d=mm&r=g\",\"url\":\"https:\\\/\\\/secure.gravatar.com\\\/avatar\\\/7c5bd30ae4b47a9ba3c856590957fd1d96dc588bf3ac05719d247e126840331f?s=96&d=mm&r=g\",\"contentUrl\":\"https:\\\/\\\/secure.gravatar.com\\\/avatar\\\/7c5bd30ae4b47a9ba3c856590957fd1d96dc588bf3ac05719d247e126840331f?s=96&d=mm&r=g\",\"caption\":\"libna\"}}]}<\/script>\n<!-- \/ Yoast SEO plugin. -->","yoast_head_json":{"title":"La Division Nord-Am\u00e9ricaine vote un plan d\u2019aide de 10 millions de dollars US suite au COVID-19 - \u00c9glise Adventiste Du Septieme Jour - Inter Am\u00e9rique Division","robots":{"index":"index","follow":"follow","max-snippet":"max-snippet:-1","max-image-preview":"max-image-preview:large","max-video-preview":"max-video-preview:-1"},"canonical":"https:\/\/interamerica.org\/fr\/2020\/06\/la-division-nord-americaine-vote-un-plan-daide-de-10-millions-de-dollars-us-suite-au-covid-19\/","og_locale":"fr_FR","og_type":"article","og_title":"La Division Nord-Am\u00e9ricaine vote un plan d\u2019aide de 10 millions de dollars US suite au COVID-19 - \u00c9glise Adventiste Du Septieme Jour - Inter Am\u00e9rique Division","og_description":"28 Juin 2020 | Columbia, Maryland, \u00c9tats-Unis | Par : Kimberly Luste Maran, P\u00f4le Informations de la Division Nord-Am\u00e9ricaine Le 23 juin 2020, le Comit\u00e9 de la Division Nord-Am\u00e9ricaine (NAD)...","og_url":"https:\/\/interamerica.org\/fr\/2020\/06\/la-division-nord-americaine-vote-un-plan-daide-de-10-millions-de-dollars-us-suite-au-covid-19\/","og_site_name":"\u00c9glise Adventiste Du Septieme Jour - Inter Am\u00e9rique Division","article_published_time":"2020-06-30T12:56:33+00:00","article_modified_time":"2020-07-31T01:08:33+00:00","og_image":[{"width":1280,"height":800,"url":"https:\/\/interamerica.org\/wp-content\/uploads\/2020\/06\/business-861325-1920-1280.jpg","type":"image\/jpeg"}],"author":"libna","twitter_card":"summary_large_image","twitter_misc":{"\u00c9crit par":"libna","Dur\u00e9e de lecture estim\u00e9e":"4 minutes"},"schema":{"@context":"https:\/\/schema.org","@graph":[{"@type":"Article","@id":"https:\/\/interamerica.org\/fr\/2020\/06\/la-division-nord-americaine-vote-un-plan-daide-de-10-millions-de-dollars-us-suite-au-covid-19\/#article","isPartOf":{"@id":"https:\/\/interamerica.org\/fr\/2020\/06\/la-division-nord-americaine-vote-un-plan-daide-de-10-millions-de-dollars-us-suite-au-covid-19\/"},"author":{"name":"libna","@id":"https:\/\/interamerica.org\/fr\/#\/schema\/person\/29998f2bc2d8bd0d38662909289b54f1"},"headline":"La Division Nord-Am\u00e9ricaine vote un plan d\u2019aide de 10 millions de dollars US suite au COVID-19","datePublished":"2020-06-30T12:56:33+00:00","dateModified":"2020-07-31T01:08:33+00:00","mainEntityOfPage":{"@id":"https:\/\/interamerica.org\/fr\/2020\/06\/la-division-nord-americaine-vote-un-plan-daide-de-10-millions-de-dollars-us-suite-au-covid-19\/"},"wordCount":794,"commentCount":0,"image":{"@id":"https:\/\/interamerica.org\/fr\/2020\/06\/la-division-nord-americaine-vote-un-plan-daide-de-10-millions-de-dollars-us-suite-au-covid-19\/#primaryimage"},"thumbnailUrl":"https:\/\/interamerica.org\/wp-content\/uploads\/2020\/06\/business-861325-1920-1280.jpg","articleSection":["Nouvelles de l'\u00c9glise mondiale","RSS Fran\u00e7ais"],"inLanguage":"fr-FR","potentialAction":[{"@type":"CommentAction","name":"Comment","target":["https:\/\/interamerica.org\/fr\/2020\/06\/la-division-nord-americaine-vote-un-plan-daide-de-10-millions-de-dollars-us-suite-au-covid-19\/#respond"]}]},{"@type":"WebPage","@id":"https:\/\/interamerica.org\/fr\/2020\/06\/la-division-nord-americaine-vote-un-plan-daide-de-10-millions-de-dollars-us-suite-au-covid-19\/","url":"https:\/\/interamerica.org\/fr\/2020\/06\/la-division-nord-americaine-vote-un-plan-daide-de-10-millions-de-dollars-us-suite-au-covid-19\/","name":"La Division Nord-Am\u00e9ricaine vote un plan d\u2019aide de 10 millions de dollars US suite au COVID-19 - \u00c9glise Adventiste Du Septieme Jour - Inter Am\u00e9rique Division","isPartOf":{"@id":"https:\/\/interamerica.org\/fr\/#website"},"primaryImageOfPage":{"@id":"https:\/\/interamerica.org\/fr\/2020\/06\/la-division-nord-americaine-vote-un-plan-daide-de-10-millions-de-dollars-us-suite-au-covid-19\/#primaryimage"},"image":{"@id":"https:\/\/interamerica.org\/fr\/2020\/06\/la-division-nord-americaine-vote-un-plan-daide-de-10-millions-de-dollars-us-suite-au-covid-19\/#primaryimage"},"thumbnailUrl":"https:\/\/interamerica.org\/wp-content\/uploads\/2020\/06\/business-861325-1920-1280.jpg","datePublished":"2020-06-30T12:56:33+00:00","dateModified":"2020-07-31T01:08:33+00:00","author":{"@id":"https:\/\/interamerica.org\/fr\/#\/schema\/person\/29998f2bc2d8bd0d38662909289b54f1"},"breadcrumb":{"@id":"https:\/\/interamerica.org\/fr\/2020\/06\/la-division-nord-americaine-vote-un-plan-daide-de-10-millions-de-dollars-us-suite-au-covid-19\/#breadcrumb"},"inLanguage":"fr-FR","potentialAction":[{"@type":"ReadAction","target":["https:\/\/interamerica.org\/fr\/2020\/06\/la-division-nord-americaine-vote-un-plan-daide-de-10-millions-de-dollars-us-suite-au-covid-19\/"]}]},{"@type":"ImageObject","inLanguage":"fr-FR","@id":"https:\/\/interamerica.org\/fr\/2020\/06\/la-division-nord-americaine-vote-un-plan-daide-de-10-millions-de-dollars-us-suite-au-covid-19\/#primaryimage","url":"https:\/\/interamerica.org\/wp-content\/uploads\/2020\/06\/business-861325-1920-1280.jpg","contentUrl":"https:\/\/interamerica.org\/wp-content\/uploads\/2020\/06\/business-861325-1920-1280.jpg","width":1280,"height":800,"caption":"[Photo: Pixabay]"},{"@type":"BreadcrumbList","@id":"https:\/\/interamerica.org\/fr\/2020\/06\/la-division-nord-americaine-vote-un-plan-daide-de-10-millions-de-dollars-us-suite-au-covid-19\/#breadcrumb","itemListElement":[{"@type":"ListItem","position":1,"name":"Home","item":"https:\/\/interamerica.org\/fr\/"},{"@type":"ListItem","position":2,"name":"La Division Nord-Am\u00e9ricaine vote un plan d\u2019aide de 10 millions de dollars US suite au COVID-19"}]},{"@type":"WebSite","@id":"https:\/\/interamerica.org\/fr\/#website","url":"https:\/\/interamerica.org\/fr\/","name":"\u00c9glise Adventiste Du Septieme Jour - Inter Am\u00e9rique Division","description":"","potentialAction":[{"@type":"SearchAction","target":{"@type":"EntryPoint","urlTemplate":"https:\/\/interamerica.org\/fr\/?s={search_term_string}"},"query-input":{"@type":"PropertyValueSpecification","valueRequired":true,"valueName":"search_term_string"}}],"inLanguage":"fr-FR"},{"@type":"Person","@id":"https:\/\/interamerica.org\/fr\/#\/schema\/person\/29998f2bc2d8bd0d38662909289b54f1","name":"libna","image":{"@type":"ImageObject","inLanguage":"fr-FR","@id":"https:\/\/secure.gravatar.com\/avatar\/7c5bd30ae4b47a9ba3c856590957fd1d96dc588bf3ac05719d247e126840331f?s=96&d=mm&r=g","url":"https:\/\/secure.gravatar.com\/avatar\/7c5bd30ae4b47a9ba3c856590957fd1d96dc588bf3ac05719d247e126840331f?s=96&d=mm&r=g","contentUrl":"https:\/\/secure.gravatar.com\/avatar\/7c5bd30ae4b47a9ba3c856590957fd1d96dc588bf3ac05719d247e126840331f?s=96&d=mm&r=g","caption":"libna"}}]}},"_links":{"self":[{"href":"https:\/\/interamerica.org\/fr\/wp-json\/wp\/v2\/posts\/60194","targetHints":{"allow":["GET"]}}],"collection":[{"href":"https:\/\/interamerica.org\/fr\/wp-json\/wp\/v2\/posts"}],"about":[{"href":"https:\/\/interamerica.org\/fr\/wp-json\/wp\/v2\/types\/post"}],"author":[{"embeddable":true,"href":"https:\/\/interamerica.org\/fr\/wp-json\/wp\/v2\/users\/3"}],"replies":[{"embeddable":true,"href":"https:\/\/interamerica.org\/fr\/wp-json\/wp\/v2\/comments?post=60194"}],"version-history":[{"count":0,"href":"https:\/\/interamerica.org\/fr\/wp-json\/wp\/v2\/posts\/60194\/revisions"}],"wp:featuredmedia":[{"embeddable":true,"href":"https:\/\/interamerica.org\/fr\/wp-json\/wp\/v2\/media\/60170"}],"wp:attachment":[{"href":"https:\/\/interamerica.org\/fr\/wp-json\/wp\/v2\/media?parent=60194"}],"wp:term":[{"taxonomy":"category","embeddable":true,"href":"https:\/\/interamerica.org\/fr\/wp-json\/wp\/v2\/categories?post=60194"},{"taxonomy":"post_tag","embeddable":true,"href":"https:\/\/interamerica.org\/fr\/wp-json\/wp\/v2\/tags?post=60194"}],"curies":[{"name":"wp","href":"https:\/\/api.w.org\/{rel}","templated":true}]}}