{"id":60306,"date":"2020-07-03T11:46:15","date_gmt":"2020-07-03T15:46:15","guid":{"rendered":"https:\/\/recursing-golick.147-182-135-0.plesk.page\/?p=60306"},"modified":"2020-07-04T20:26:30","modified_gmt":"2020-07-05T00:26:30","slug":"leglise-adventiste-du-septieme-jour-devoile-son-emphase-strategique","status":"publish","type":"post","link":"https:\/\/interamerica.org\/fr\/2020\/07\/leglise-adventiste-du-septieme-jour-devoile-son-emphase-strategique\/","title":{"rendered":"L\u2019\u00c9glise adventiste du septi\u00e8me jour d\u00e9voile son emphase strat\u00e9gique"},"content":{"rendered":"<p><span class=\"byline-news\">3 Juillet 2020 | Silver Spring, Maryland, \u00c9tats-Unis | Par : Beth Thomas, pour Adventist News Network, et <\/span><em><span class=\"byline-news\">Adventist Review<\/span><\/em><\/p>\n<p><span class=\"cap\">L<\/span>ors d\u2019un programme sp\u00e9cial diffus\u00e9 en direct les 3 et 4 juillet 2020, l\u2019\u00c9glise adventiste du septi\u00e8me jour d\u00e9voilera son emphase strat\u00e9gique pour la p\u00e9riode 2020-2025. Les cinq prochaines ann\u00e9es se concentreront sur la mission \u00e0 travers l\u2019initiative <em>Atteindre le Monde : J\u2019Irai,<\/em>\u00a0ont d\u00e9clar\u00e9 les dirigeants de l\u2019\u00e9glise.<\/p>\n<p>Initialement pr\u00e9vus pour la Session de la Conf\u00e9rence G\u00e9n\u00e9rale de 2020 \u00e0 Indianapolis, les plans de pr\u00e9sentation de l\u2019initiative \u00e0 l\u2019\u00e9glise mondiale ont d\u00fb \u00eatre ajust\u00e9s en raison de la pand\u00e9mie de coronavirus. Le programme aura finalement lieu lors d\u2019un week-end de c\u00e9l\u00e9bration, diffus\u00e9 sur Hope Channel, sur la page Facebook de l\u2019\u00c9glise adventiste du septi\u00e8me jour et sur d\u2019autres plateformes de r\u00e9seaux sociaux.<\/p>\n<p><strong>J\u2019Irai : un Outil Important<\/strong><\/p>\n<p><em>I Will Go (J&rsquo;Irai)<\/em> est \u00ab un outil pour aider l\u2019\u00e9glise \u00e0 \u00eatre plus concentr\u00e9e et plus efficace dans la r\u00e9alisation de t\u00e2ches cl\u00e9s. Ce plan strat\u00e9gique est enracin\u00e9 dans le Mandat \u00c9vang\u00e9lique qui se trouve dans Matthieu 28, et qui appelle ceux qui suivent J\u00e9sus \u00e0 aller faire des disciples de toutes les nations, \u00bb selon ce qu\u2019indique le<a href=\"https:\/\/iwillgo2020.org\/\" target=\"_blank\" rel=\"noopener noreferrer\">site web de l&rsquo;initiative<\/a>.<\/p>\n<p>Ted N. C. Wilson, pr\u00e9sident de l\u2019\u00c9glise adventiste a d\u00e9clar\u00e9 qu\u2019\u00e0 travers cette emphase, les dirigeants de l\u2019\u00c9glise esp\u00e8rent voir \u00ab une implication mondiale et massive de tous nos membres d\u2019\u00e9glise dans leur engagement \u00e0 \u00e9vang\u00e9liser et \u00e0 t\u00e9moigner durant ces derniers jours de l\u2019histoire de la Terre. \u00bb<\/p>\n<p>Le plan a \u00e9t\u00e9 \u00e9labor\u00e9 par le Comit\u00e9 de Supervision de la Recherche et de Planification Strat\u00e9gique du Groupe de Travail sur les Plans Futurs, pr\u00e9sid\u00e9 par Michael Ryan, ancien vice-pr\u00e9sident g\u00e9n\u00e9ral de l\u2019\u00c9glise adventiste, apr\u00e8s consultation des divisions.<\/p>\n<p>Le directeur du bureau de la Mission Adventiste, Gary Krause, fait une br\u00e8ve pr\u00e9sentation de l\u2019objectif de l\u2019initiative :<\/p>\n<p>\u00ab Le plan se r\u00e9sume en dix objectifs cl\u00e9s &#8211; quatre objectifs missionnaires, trois objectifs de croissance spirituelle et trois objectifs de leadership. Mais un autre objectif cl\u00e9 a \u00e9t\u00e9 ajout\u00e9 : \u2018Objectifs du Saint-Esprit : \u00e0 d\u00e9finir selon la direction du Saint-Esprit. \u00bb Ceci est une fa\u00e7on de reconnaitre que, bien que nous ayons fait des plans en tant que bons intendants, nous devons \u00eatre ouverts aux ajustements voulus par le Saint-Esprit ou \u00e0 ce qu\u2019Il ajouterait \u00e0 nos priorit\u00e9s de mission. \u00bb<\/p>\n<p>Selon le directeur du Bureau des Archives, des Statistiques et de la Recherche, David Trim, des recherches presque sans pr\u00e9c\u00e9dent ont \u00e9clair\u00e9 la direction pour cette nouvelle initiative.<\/p>\n<p>apr\u00e8s les sondages men\u00e9s aupr\u00e8s des membres d\u2019\u00e9glise dans les 13 divisions en 2018, il y a eu 63756 r\u00e9ponses aux questions portant sur les pratiques spirituelles personnelles, le contexte de l\u2019\u00e9glise locale et un \u00e9ventail de croyances bibliques. Ces donn\u00e9es permettent aux dirigeants de l\u2019\u00e9glise de prendre le pouls de l\u2019\u00e9glise et de savoir comment encourager au mieux la croissance spirituelle et l\u2019engagement, ont d\u00e9clar\u00e9 les dirigeants.<\/p>\n<p>Les efforts de recherche se poursuivront au cours des cinq prochaines ann\u00e9es pour \u00e9valuer l\u2019efficacit\u00e9 du plan et aider \u00e0 d\u00e9terminer l\u2019emphase pour le prochain quinquennat.<\/p>\n<p><strong>O\u00f9 et Quand Regarder<\/strong><\/p>\n<p>Vous trouverez ci-dessous un calendrier des diffusions du programme de lancement,<\/p>\n<p>Vendredi 3 juillet 2020<\/p>\n<p>J\u2019Irai (premi\u00e8re du programme du soir)<br \/>\n21h00 &#8211; 22h00, heure de l\u2019Est \/ 20h00 &#8211; 2100, heure Centrale \/ 19h00 &#8211; 20h00, heure des Rocheuses \/ 18h00 &#8211; 19h00, heure du Pacifique<\/p>\n<p>Sabbat matin, 4 juillet 2020<br \/>\nde l\u2019Esp\u00e9rance \u00e0 la Maison : J\u2019Irai (premi\u00e8re du sabbat)<\/p>\n<p><em>\u00c9cole du Sabbat<\/em><br \/>\nMark Finley: \u00ab\u00a0Pourquoi T\u00e9moigner ?\u00a0\u00bb<\/p>\n<p><em>Service d&rsquo;Adoration<\/em><br \/>\nTed Wilson: \u00ab\u00a0J&rsquo;Irai\u00a0\u00bb<\/p>\n<p>9h00 \u2013 11h30, heure de l\u2019Est \/ 8h00 &#8211; 10h30, heure Centrale \/ 7h00 \u2013 9h30, heure des Rocheuses \/ 6h00 \u2013 8h30, heure du Pacifique<\/p>\n<p>Sabbat apr\u00e8s-midi, 4 juillet 2020 (rediffusion)<\/p>\n<p>12h00 &#8211; 14h30, heure de l\u2019Est \/ 11h00 &#8211; 13h30, heure Centrale \/ 10h00 &#8211; 12h30, heure des Rocheuses \/ 9h00 &#8211; 11h30, heure du Pacifique<\/p>\n<p>Dimanche matin, 5 juillet 2020 (rediffusion)<br \/>\n9h00 \u2013 11h30, heure de l\u2019Est \/ 8h00 \u2013 10h30, heure Centrale \/ 7h00 \u2013 9h30, heure des Rocheuses \/ 6h00 \u2013 8h30, heure du Pacifique<br \/>\nVous pouvez regarder le programme du lancement sur<br \/>\n<a href=\"https:\/\/www.hopetv.org\/watch\/hope-channel\/\" target=\"_blank\" rel=\"noopener noreferrer\">Hope Channel<\/a>, <a href=\"https:\/\/www.facebook.com\/TheAdventistChurch\/\" target=\"_blank\" rel=\"noopener noreferrer\">Facebook<\/a>, ou <a href=\"https:\/\/www.youtube.com\/user\/Adventistsaboutlife\" target=\"_blank\" rel=\"noopener noreferrer\">YouTube<\/a>.<\/p>\n<p><em>La <\/em><a href=\"https:\/\/news.adventist.org\/en\/all-news\/news\/go\/2020-06-19\/new-strategic-focus-reach-the-world-i-will-go-rooted-in-the-great-commission\/\" target=\"_blank\" rel=\"noopener noreferrer\"><em>version originale<\/em><\/a><em> de ce r\u00e9cit a \u00e9t\u00e9 publi\u00e9e sur <\/em><a href=\"https:\/\/news.adventist.org\/\" target=\"_blank\" rel=\"noopener noreferrer\"><em>Adventist News Network<\/em><\/a><em>.<\/em><\/p>\n<p>Traduction: Patrick Luciathe<\/p>\n","protected":false},"excerpt":{"rendered":"<p>3 Juillet 2020 | Silver Spring, Maryland, \u00c9tats-Unis | Par : Beth Thomas, pour Adventist News Network, et Adventist Review Lors d\u2019un programme sp\u00e9cial diffus\u00e9 en direct les 3 et&#8230;<\/p>\n","protected":false},"author":3,"featured_media":60302,"comment_status":"closed","ping_status":"closed","sticky":false,"template":"","format":"standard","meta":{"_acf_changed":false,"footnotes":""},"categories":[18,19],"tags":[],"class_list":["post-60306","post","type-post","status-publish","format-standard","has-post-thumbnail","hentry","category-nouvelles-de-leglise-mondiale","category-rss-francais"],"acf":[],"yoast_head":"<!-- This site is optimized with the Yoast SEO plugin v27.3 - https:\/\/yoast.com\/product\/yoast-seo-wordpress\/ -->\n<title>L\u2019\u00c9glise adventiste du septi\u00e8me jour d\u00e9voile son emphase strat\u00e9gique - \u00c9glise Adventiste Du Septieme Jour - Inter Am\u00e9rique Division<\/title>\n<meta name=\"robots\" content=\"index, follow, max-snippet:-1, max-image-preview:large, max-video-preview:-1\" \/>\n<link rel=\"canonical\" href=\"https:\/\/interamerica.org\/fr\/2020\/07\/leglise-adventiste-du-septieme-jour-devoile-son-emphase-strategique\/\" \/>\n<meta property=\"og:locale\" content=\"fr_FR\" \/>\n<meta property=\"og:type\" content=\"article\" \/>\n<meta property=\"og:title\" content=\"L\u2019\u00c9glise adventiste du septi\u00e8me jour d\u00e9voile son emphase strat\u00e9gique - \u00c9glise Adventiste Du Septieme Jour - Inter Am\u00e9rique Division\" \/>\n<meta property=\"og:description\" content=\"3 Juillet 2020 | Silver Spring, Maryland, \u00c9tats-Unis | Par : Beth Thomas, pour Adventist News Network, et Adventist Review Lors d\u2019un programme sp\u00e9cial diffus\u00e9 en direct les 3 et...\" \/>\n<meta property=\"og:url\" content=\"https:\/\/interamerica.org\/fr\/2020\/07\/leglise-adventiste-du-septieme-jour-devoile-son-emphase-strategique\/\" \/>\n<meta property=\"og:site_name\" content=\"\u00c9glise Adventiste Du Septieme Jour - Inter Am\u00e9rique Division\" \/>\n<meta property=\"article:published_time\" content=\"2020-07-03T15:46:15+00:00\" \/>\n<meta property=\"article:modified_time\" content=\"2020-07-05T00:26:30+00:00\" \/>\n<meta property=\"og:image\" content=\"https:\/\/interamerica.org\/wp-content\/uploads\/2020\/07\/seventh-day-adventist-church-will-unveil-its-strategic-focus-1280.jpg\" \/>\n\t<meta property=\"og:image:width\" content=\"1280\" \/>\n\t<meta property=\"og:image:height\" content=\"800\" \/>\n\t<meta property=\"og:image:type\" content=\"image\/jpeg\" \/>\n<meta name=\"author\" content=\"libna\" \/>\n<meta name=\"twitter:card\" content=\"summary_large_image\" \/>\n<meta name=\"twitter:label1\" content=\"\u00c9crit par\" \/>\n\t<meta name=\"twitter:data1\" content=\"libna\" \/>\n\t<meta name=\"twitter:label2\" content=\"Dur\u00e9e de lecture estim\u00e9e\" \/>\n\t<meta name=\"twitter:data2\" content=\"4 minutes\" \/>\n<script type=\"application\/ld+json\" class=\"yoast-schema-graph\">{\"@context\":\"https:\\\/\\\/schema.org\",\"@graph\":[{\"@type\":\"Article\",\"@id\":\"https:\\\/\\\/interamerica.org\\\/fr\\\/2020\\\/07\\\/leglise-adventiste-du-septieme-jour-devoile-son-emphase-strategique\\\/#article\",\"isPartOf\":{\"@id\":\"https:\\\/\\\/interamerica.org\\\/fr\\\/2020\\\/07\\\/leglise-adventiste-du-septieme-jour-devoile-son-emphase-strategique\\\/\"},\"author\":{\"name\":\"libna\",\"@id\":\"https:\\\/\\\/interamerica.org\\\/fr\\\/#\\\/schema\\\/person\\\/29998f2bc2d8bd0d38662909289b54f1\"},\"headline\":\"L\u2019\u00c9glise adventiste du septi\u00e8me jour d\u00e9voile son emphase strat\u00e9gique\",\"datePublished\":\"2020-07-03T15:46:15+00:00\",\"dateModified\":\"2020-07-05T00:26:30+00:00\",\"mainEntityOfPage\":{\"@id\":\"https:\\\/\\\/interamerica.org\\\/fr\\\/2020\\\/07\\\/leglise-adventiste-du-septieme-jour-devoile-son-emphase-strategique\\\/\"},\"wordCount\":757,\"image\":{\"@id\":\"https:\\\/\\\/interamerica.org\\\/fr\\\/2020\\\/07\\\/leglise-adventiste-du-septieme-jour-devoile-son-emphase-strategique\\\/#primaryimage\"},\"thumbnailUrl\":\"https:\\\/\\\/interamerica.org\\\/wp-content\\\/uploads\\\/2020\\\/07\\\/seventh-day-adventist-church-will-unveil-its-strategic-focus-1280.jpg\",\"articleSection\":[\"Nouvelles de l'\u00c9glise mondiale\",\"RSS Fran\u00e7ais\"],\"inLanguage\":\"fr-FR\"},{\"@type\":\"WebPage\",\"@id\":\"https:\\\/\\\/interamerica.org\\\/fr\\\/2020\\\/07\\\/leglise-adventiste-du-septieme-jour-devoile-son-emphase-strategique\\\/\",\"url\":\"https:\\\/\\\/interamerica.org\\\/fr\\\/2020\\\/07\\\/leglise-adventiste-du-septieme-jour-devoile-son-emphase-strategique\\\/\",\"name\":\"L\u2019\u00c9glise adventiste du septi\u00e8me jour d\u00e9voile son emphase strat\u00e9gique - \u00c9glise Adventiste Du Septieme Jour - Inter Am\u00e9rique Division\",\"isPartOf\":{\"@id\":\"https:\\\/\\\/interamerica.org\\\/fr\\\/#website\"},\"primaryImageOfPage\":{\"@id\":\"https:\\\/\\\/interamerica.org\\\/fr\\\/2020\\\/07\\\/leglise-adventiste-du-septieme-jour-devoile-son-emphase-strategique\\\/#primaryimage\"},\"image\":{\"@id\":\"https:\\\/\\\/interamerica.org\\\/fr\\\/2020\\\/07\\\/leglise-adventiste-du-septieme-jour-devoile-son-emphase-strategique\\\/#primaryimage\"},\"thumbnailUrl\":\"https:\\\/\\\/interamerica.org\\\/wp-content\\\/uploads\\\/2020\\\/07\\\/seventh-day-adventist-church-will-unveil-its-strategic-focus-1280.jpg\",\"datePublished\":\"2020-07-03T15:46:15+00:00\",\"dateModified\":\"2020-07-05T00:26:30+00:00\",\"author\":{\"@id\":\"https:\\\/\\\/interamerica.org\\\/fr\\\/#\\\/schema\\\/person\\\/29998f2bc2d8bd0d38662909289b54f1\"},\"breadcrumb\":{\"@id\":\"https:\\\/\\\/interamerica.org\\\/fr\\\/2020\\\/07\\\/leglise-adventiste-du-septieme-jour-devoile-son-emphase-strategique\\\/#breadcrumb\"},\"inLanguage\":\"fr-FR\",\"potentialAction\":[{\"@type\":\"ReadAction\",\"target\":[\"https:\\\/\\\/interamerica.org\\\/fr\\\/2020\\\/07\\\/leglise-adventiste-du-septieme-jour-devoile-son-emphase-strategique\\\/\"]}]},{\"@type\":\"ImageObject\",\"inLanguage\":\"fr-FR\",\"@id\":\"https:\\\/\\\/interamerica.org\\\/fr\\\/2020\\\/07\\\/leglise-adventiste-du-septieme-jour-devoile-son-emphase-strategique\\\/#primaryimage\",\"url\":\"https:\\\/\\\/interamerica.org\\\/wp-content\\\/uploads\\\/2020\\\/07\\\/seventh-day-adventist-church-will-unveil-its-strategic-focus-1280.jpg\",\"contentUrl\":\"https:\\\/\\\/interamerica.org\\\/wp-content\\\/uploads\\\/2020\\\/07\\\/seventh-day-adventist-church-will-unveil-its-strategic-focus-1280.jpg\",\"width\":1280,\"height\":800},{\"@type\":\"BreadcrumbList\",\"@id\":\"https:\\\/\\\/interamerica.org\\\/fr\\\/2020\\\/07\\\/leglise-adventiste-du-septieme-jour-devoile-son-emphase-strategique\\\/#breadcrumb\",\"itemListElement\":[{\"@type\":\"ListItem\",\"position\":1,\"name\":\"Home\",\"item\":\"https:\\\/\\\/interamerica.org\\\/fr\\\/\"},{\"@type\":\"ListItem\",\"position\":2,\"name\":\"L\u2019\u00c9glise adventiste du septi\u00e8me jour d\u00e9voile son emphase strat\u00e9gique\"}]},{\"@type\":\"WebSite\",\"@id\":\"https:\\\/\\\/interamerica.org\\\/fr\\\/#website\",\"url\":\"https:\\\/\\\/interamerica.org\\\/fr\\\/\",\"name\":\"\u00c9glise Adventiste Du Septieme Jour - Inter Am\u00e9rique Division\",\"description\":\"\",\"potentialAction\":[{\"@type\":\"SearchAction\",\"target\":{\"@type\":\"EntryPoint\",\"urlTemplate\":\"https:\\\/\\\/interamerica.org\\\/fr\\\/?s={search_term_string}\"},\"query-input\":{\"@type\":\"PropertyValueSpecification\",\"valueRequired\":true,\"valueName\":\"search_term_string\"}}],\"inLanguage\":\"fr-FR\"},{\"@type\":\"Person\",\"@id\":\"https:\\\/\\\/interamerica.org\\\/fr\\\/#\\\/schema\\\/person\\\/29998f2bc2d8bd0d38662909289b54f1\",\"name\":\"libna\",\"image\":{\"@type\":\"ImageObject\",\"inLanguage\":\"fr-FR\",\"@id\":\"https:\\\/\\\/secure.gravatar.com\\\/avatar\\\/7c5bd30ae4b47a9ba3c856590957fd1d96dc588bf3ac05719d247e126840331f?s=96&d=mm&r=g\",\"url\":\"https:\\\/\\\/secure.gravatar.com\\\/avatar\\\/7c5bd30ae4b47a9ba3c856590957fd1d96dc588bf3ac05719d247e126840331f?s=96&d=mm&r=g\",\"contentUrl\":\"https:\\\/\\\/secure.gravatar.com\\\/avatar\\\/7c5bd30ae4b47a9ba3c856590957fd1d96dc588bf3ac05719d247e126840331f?s=96&d=mm&r=g\",\"caption\":\"libna\"}}]}<\/script>\n<!-- \/ Yoast SEO plugin. -->","yoast_head_json":{"title":"L\u2019\u00c9glise adventiste du septi\u00e8me jour d\u00e9voile son emphase strat\u00e9gique - \u00c9glise Adventiste Du Septieme Jour - Inter Am\u00e9rique Division","robots":{"index":"index","follow":"follow","max-snippet":"max-snippet:-1","max-image-preview":"max-image-preview:large","max-video-preview":"max-video-preview:-1"},"canonical":"https:\/\/interamerica.org\/fr\/2020\/07\/leglise-adventiste-du-septieme-jour-devoile-son-emphase-strategique\/","og_locale":"fr_FR","og_type":"article","og_title":"L\u2019\u00c9glise adventiste du septi\u00e8me jour d\u00e9voile son emphase strat\u00e9gique - \u00c9glise Adventiste Du Septieme Jour - Inter Am\u00e9rique Division","og_description":"3 Juillet 2020 | Silver Spring, Maryland, \u00c9tats-Unis | Par : Beth Thomas, pour Adventist News Network, et Adventist Review Lors d\u2019un programme sp\u00e9cial diffus\u00e9 en direct les 3 et...","og_url":"https:\/\/interamerica.org\/fr\/2020\/07\/leglise-adventiste-du-septieme-jour-devoile-son-emphase-strategique\/","og_site_name":"\u00c9glise Adventiste Du Septieme Jour - Inter Am\u00e9rique Division","article_published_time":"2020-07-03T15:46:15+00:00","article_modified_time":"2020-07-05T00:26:30+00:00","og_image":[{"width":1280,"height":800,"url":"https:\/\/interamerica.org\/wp-content\/uploads\/2020\/07\/seventh-day-adventist-church-will-unveil-its-strategic-focus-1280.jpg","type":"image\/jpeg"}],"author":"libna","twitter_card":"summary_large_image","twitter_misc":{"\u00c9crit par":"libna","Dur\u00e9e de lecture estim\u00e9e":"4 minutes"},"schema":{"@context":"https:\/\/schema.org","@graph":[{"@type":"Article","@id":"https:\/\/interamerica.org\/fr\/2020\/07\/leglise-adventiste-du-septieme-jour-devoile-son-emphase-strategique\/#article","isPartOf":{"@id":"https:\/\/interamerica.org\/fr\/2020\/07\/leglise-adventiste-du-septieme-jour-devoile-son-emphase-strategique\/"},"author":{"name":"libna","@id":"https:\/\/interamerica.org\/fr\/#\/schema\/person\/29998f2bc2d8bd0d38662909289b54f1"},"headline":"L\u2019\u00c9glise adventiste du septi\u00e8me jour d\u00e9voile son emphase strat\u00e9gique","datePublished":"2020-07-03T15:46:15+00:00","dateModified":"2020-07-05T00:26:30+00:00","mainEntityOfPage":{"@id":"https:\/\/interamerica.org\/fr\/2020\/07\/leglise-adventiste-du-septieme-jour-devoile-son-emphase-strategique\/"},"wordCount":757,"image":{"@id":"https:\/\/interamerica.org\/fr\/2020\/07\/leglise-adventiste-du-septieme-jour-devoile-son-emphase-strategique\/#primaryimage"},"thumbnailUrl":"https:\/\/interamerica.org\/wp-content\/uploads\/2020\/07\/seventh-day-adventist-church-will-unveil-its-strategic-focus-1280.jpg","articleSection":["Nouvelles de l'\u00c9glise mondiale","RSS Fran\u00e7ais"],"inLanguage":"fr-FR"},{"@type":"WebPage","@id":"https:\/\/interamerica.org\/fr\/2020\/07\/leglise-adventiste-du-septieme-jour-devoile-son-emphase-strategique\/","url":"https:\/\/interamerica.org\/fr\/2020\/07\/leglise-adventiste-du-septieme-jour-devoile-son-emphase-strategique\/","name":"L\u2019\u00c9glise adventiste du septi\u00e8me jour d\u00e9voile son emphase strat\u00e9gique - \u00c9glise Adventiste Du Septieme Jour - Inter Am\u00e9rique Division","isPartOf":{"@id":"https:\/\/interamerica.org\/fr\/#website"},"primaryImageOfPage":{"@id":"https:\/\/interamerica.org\/fr\/2020\/07\/leglise-adventiste-du-septieme-jour-devoile-son-emphase-strategique\/#primaryimage"},"image":{"@id":"https:\/\/interamerica.org\/fr\/2020\/07\/leglise-adventiste-du-septieme-jour-devoile-son-emphase-strategique\/#primaryimage"},"thumbnailUrl":"https:\/\/interamerica.org\/wp-content\/uploads\/2020\/07\/seventh-day-adventist-church-will-unveil-its-strategic-focus-1280.jpg","datePublished":"2020-07-03T15:46:15+00:00","dateModified":"2020-07-05T00:26:30+00:00","author":{"@id":"https:\/\/interamerica.org\/fr\/#\/schema\/person\/29998f2bc2d8bd0d38662909289b54f1"},"breadcrumb":{"@id":"https:\/\/interamerica.org\/fr\/2020\/07\/leglise-adventiste-du-septieme-jour-devoile-son-emphase-strategique\/#breadcrumb"},"inLanguage":"fr-FR","potentialAction":[{"@type":"ReadAction","target":["https:\/\/interamerica.org\/fr\/2020\/07\/leglise-adventiste-du-septieme-jour-devoile-son-emphase-strategique\/"]}]},{"@type":"ImageObject","inLanguage":"fr-FR","@id":"https:\/\/interamerica.org\/fr\/2020\/07\/leglise-adventiste-du-septieme-jour-devoile-son-emphase-strategique\/#primaryimage","url":"https:\/\/interamerica.org\/wp-content\/uploads\/2020\/07\/seventh-day-adventist-church-will-unveil-its-strategic-focus-1280.jpg","contentUrl":"https:\/\/interamerica.org\/wp-content\/uploads\/2020\/07\/seventh-day-adventist-church-will-unveil-its-strategic-focus-1280.jpg","width":1280,"height":800},{"@type":"BreadcrumbList","@id":"https:\/\/interamerica.org\/fr\/2020\/07\/leglise-adventiste-du-septieme-jour-devoile-son-emphase-strategique\/#breadcrumb","itemListElement":[{"@type":"ListItem","position":1,"name":"Home","item":"https:\/\/interamerica.org\/fr\/"},{"@type":"ListItem","position":2,"name":"L\u2019\u00c9glise adventiste du septi\u00e8me jour d\u00e9voile son emphase strat\u00e9gique"}]},{"@type":"WebSite","@id":"https:\/\/interamerica.org\/fr\/#website","url":"https:\/\/interamerica.org\/fr\/","name":"\u00c9glise Adventiste Du Septieme Jour - Inter Am\u00e9rique Division","description":"","potentialAction":[{"@type":"SearchAction","target":{"@type":"EntryPoint","urlTemplate":"https:\/\/interamerica.org\/fr\/?s={search_term_string}"},"query-input":{"@type":"PropertyValueSpecification","valueRequired":true,"valueName":"search_term_string"}}],"inLanguage":"fr-FR"},{"@type":"Person","@id":"https:\/\/interamerica.org\/fr\/#\/schema\/person\/29998f2bc2d8bd0d38662909289b54f1","name":"libna","image":{"@type":"ImageObject","inLanguage":"fr-FR","@id":"https:\/\/secure.gravatar.com\/avatar\/7c5bd30ae4b47a9ba3c856590957fd1d96dc588bf3ac05719d247e126840331f?s=96&d=mm&r=g","url":"https:\/\/secure.gravatar.com\/avatar\/7c5bd30ae4b47a9ba3c856590957fd1d96dc588bf3ac05719d247e126840331f?s=96&d=mm&r=g","contentUrl":"https:\/\/secure.gravatar.com\/avatar\/7c5bd30ae4b47a9ba3c856590957fd1d96dc588bf3ac05719d247e126840331f?s=96&d=mm&r=g","caption":"libna"}}]}},"_links":{"self":[{"href":"https:\/\/interamerica.org\/fr\/wp-json\/wp\/v2\/posts\/60306","targetHints":{"allow":["GET"]}}],"collection":[{"href":"https:\/\/interamerica.org\/fr\/wp-json\/wp\/v2\/posts"}],"about":[{"href":"https:\/\/interamerica.org\/fr\/wp-json\/wp\/v2\/types\/post"}],"author":[{"embeddable":true,"href":"https:\/\/interamerica.org\/fr\/wp-json\/wp\/v2\/users\/3"}],"replies":[{"embeddable":true,"href":"https:\/\/interamerica.org\/fr\/wp-json\/wp\/v2\/comments?post=60306"}],"version-history":[{"count":0,"href":"https:\/\/interamerica.org\/fr\/wp-json\/wp\/v2\/posts\/60306\/revisions"}],"wp:featuredmedia":[{"embeddable":true,"href":"https:\/\/interamerica.org\/fr\/wp-json\/wp\/v2\/media\/60302"}],"wp:attachment":[{"href":"https:\/\/interamerica.org\/fr\/wp-json\/wp\/v2\/media?parent=60306"}],"wp:term":[{"taxonomy":"category","embeddable":true,"href":"https:\/\/interamerica.org\/fr\/wp-json\/wp\/v2\/categories?post=60306"},{"taxonomy":"post_tag","embeddable":true,"href":"https:\/\/interamerica.org\/fr\/wp-json\/wp\/v2\/tags?post=60306"}],"curies":[{"name":"wp","href":"https:\/\/api.w.org\/{rel}","templated":true}]}}