{"id":60470,"date":"2020-07-09T13:54:05","date_gmt":"2020-07-09T17:54:05","guid":{"rendered":"https:\/\/recursing-golick.147-182-135-0.plesk.page\/?p=60470"},"modified":"2020-07-10T13:32:35","modified_gmt":"2020-07-10T17:32:35","slug":"g-alexander-bryant-nomme-president-de-la-division-nord-americaine","status":"publish","type":"post","link":"https:\/\/interamerica.org\/fr\/2020\/07\/g-alexander-bryant-nomme-president-de-la-division-nord-americaine\/","title":{"rendered":"G. Alexander Bryant nomm\u00e9 pr\u00e9sident de la Division nord-am\u00e9ricaine"},"content":{"rendered":"<p>Le 9 juillet 2020 | Columbia, Maryland, \u00c9tats-Unis | Kimberly Luste Maran<\/p>\n<p>Le 9\u00a0juillet 2020, le comit\u00e9 ex\u00e9cutif de la Conf\u00e9rence g\u00e9n\u00e9rale (CG) de l\u2019\u00c9glise adventiste du septi\u00e8me jour a tenu une r\u00e9union virtuelle afin de recevoir le nom de G. Alexander Bryant, recommandation au titre de pr\u00e9sident de division des comit\u00e9s de nomination et ex\u00e9cutif de la Division nord-am\u00e9ricaine (DNA). La nomination a \u00e9t\u00e9 confirm\u00e9e par un vote de 153\u00a0voix contre 3.<\/p>\n<p>Ted N. C. Wilson, pr\u00e9sident de la Conf\u00e9rence g\u00e9n\u00e9rale et, conform\u00e9ment \u00e0 la politique concernant la nomination d\u2019un pr\u00e9sident de division, pr\u00e9sident des comit\u00e9s de nomination et ex\u00e9cutif de la DNA dont les r\u00e9unions se sont tenues les 6 et 7\u00a0juillet, a dit, \u00ab\u00a0Je me r\u00e9jouis \u00e0 la perspective d\u2019une attention renouvel\u00e9e envers les messages des trois anges et je crois que le pasteur Bryant peut agir comme leader dans cette grande aventure, car c\u2019est la mission qui nous est tous confi\u00e9e. Il est ax\u00e9 sur la mission. Il est \u00e0 l\u2019\u00e9coute des autres. Il pr\u00e9sentera ses pr\u00e9occupations devant le Seigneur et lui demandera de le guider\u2026 Je crois que Dieu peut l\u2019utiliser de mani\u00e8re tr\u00e8s, tr\u00e8s sp\u00e9ciale.\u00a0\u00bb<\/p>\n<p>En r\u00e9ponse \u00e0 sa nomination, le pasteur Bryant s\u2019est exprim\u00e9 ainsi\u00a0: \u00ab\u00a0Je suis d\u2019abord redevable envers Dieu pour son appel au minist\u00e8re et \u00e0 ceux qui ont \u00e9t\u00e9 dans ma vie au fil des ans. Je suis profond\u00e9ment touch\u00e9 par la confiance que le pasteur Wilson, pr\u00e9sident de notre comit\u00e9, et que les comit\u00e9s ex\u00e9cutifs de la DNA et de la CG ont plac\u00e9e en moi pour cette t\u00e2che, d\u2019ailleurs trop vaste pour une seule personne ou un seul poste. Il est \u00e9vident \u00e0 mes yeux qu\u2019il nous faudra tous travailler ensemble \u00e0 l\u2019avancement du royaume de Dieu et je convoite enti\u00e8rement vos pri\u00e8res.\u00a0\u00bb<\/p>\n<div id=\"attachment_60436\" style=\"width: 484px\" class=\"wp-caption aligncenter\"><img fetchpriority=\"high\" decoding=\"async\" aria-describedby=\"caption-attachment-60436\" class=\" wp-image-60435\" src=\"https:\/\/recursing-golick.147-182-135-0.plesk.page\/wp-content\/uploads\/2020\/07\/g-alexander-bryant-portrait-p4240198-17-1.jpg\" alt=\"\" width=\"474\" height=\"632\" srcset=\"https:\/\/interamerica.org\/wp-content\/uploads\/2020\/07\/g-alexander-bryant-portrait-p4240198-17-1.jpg 700w, https:\/\/interamerica.org\/wp-content\/uploads\/2020\/07\/g-alexander-bryant-portrait-p4240198-17-1-225x300.jpg 225w\" sizes=\"(max-width: 474px) 100vw, 474px\" \/><p id=\"caption-attachment-60436\" class=\"wp-caption-text\">G. Alexander Bryant, pr\u00e9sident de la Division nord-am\u00e9ricaine. Une photo de Dan Weber de la DNA.<\/p><\/div>\n<p>Puis il a ajout\u00e9, \u00ab\u00a0Je vous demande de continuer de nous \u00e9lever, ma femme et moi, en pri\u00e8re tous les jours, comme nous le ferons pour vous\u2026 Esp\u00e9rons que, par nos efforts collectifs, nous pourrons h\u00e2ter le retour du Seigneur avec notre travail missionnaire sur notre territoire et au-del\u00e0 de celui-ci et que J\u00e9sus viendra afin que nous rentrions \u00e0 la maison.\u00a0\u00bb<\/p>\n<p>Le pasteur Wilson a appuy\u00e9 la d\u00e9cision de nomination du nouveau pr\u00e9sident de la DNA en disant, \u00ab\u00a0Alex, tu seras dans nos pri\u00e8res afin que Dieu soit avec toi, Desiree et votre famille de mani\u00e8re puissante au moment o\u00f9 vous acceptez ces nouvelles responsabilit\u00e9s\u2026 Je sais qu\u2019il laissera une profonde empreinte \u00e9vang\u00e9lique sur l\u2019Am\u00e9rique du Nord et ce sera un privil\u00e8ge de collaborer avec lui.\u00a0\u00bb<\/p>\n<p>Tous les officiers des divisions du monde servent en tant qu\u2019officiers nomm\u00e9s de la Conf\u00e9rence g\u00e9n\u00e9rale, et leur nomination par le territoire qu\u2019ils repr\u00e9sentent doit \u00eatre approuv\u00e9e par le comit\u00e9 ex\u00e9cutif de la Conf\u00e9rence g\u00e9n\u00e9rale. Le comit\u00e9 de nomination de la Division constitue un comit\u00e9 permanent, lequel a \u00e9t\u00e9 nomm\u00e9 par le comit\u00e9 ex\u00e9cutif de la DNA en 2015. Au cours des cinq derni\u00e8res ann\u00e9es, ce comit\u00e9 de nomination a recommand\u00e9 le nom de personnes au comit\u00e9 ex\u00e9cutif dans le but de pourvoir \u00e0 des postes de la Division qui \u00e9taient vacants.<\/p>\n<p>Suivant un <a href=\"https:\/\/nadadventist.us2.list-manage.com\/track\/click?u=84ac041b8b705798057dab6f2&amp;id=e7367c738c&amp;e=c801a5e09f\">processus \u00e9tabli r\u00e9v\u00e9l\u00e9 pr\u00e9c\u00e9demment<\/a>, le comit\u00e9 de nomination de la Division s\u2019est r\u00e9uni le 6\u00a0juillet dernier, o\u00f9 il a retenu le nom du pasteur Bryant, qui a \u00e9t\u00e9 pr\u00e9sent\u00e9 et accept\u00e9 par un vote du comit\u00e9 ex\u00e9cutif de la DNA le 7\u00a0juillet. Le nom du pasteur Bryant a ensuite \u00e9t\u00e9 recommand\u00e9 au comit\u00e9 ex\u00e9cutif de la CG. Toutes les r\u00e9unions ont \u00e9t\u00e9 tenues virtuellement sur Zoom avec une m\u00e9thode de suffrage \u00e9lectronique d\u00e9j\u00e0 utilis\u00e9e.<\/p>\n<p>Le pasteur Bryant remplace Daniel R.\u00a0Jackson, qui servait aux bureaux de la DNA depuis sa nomination en juin 2010 lors de la Session de la CG \u00e0 Atlanta, en G\u00e9orgie, et sa r\u00e9\u00e9lection en 2015 \u00e0 San Antonio, au Texas, jusqu\u2019\u00e0 <a href=\"https:\/\/nadadventist.us2.list-manage.com\/track\/click?u=84ac041b8b705798057dab6f2&amp;id=8fd0523d0f&amp;e=c801a5e09f\">sa retraite le 1<sup>er<\/sup>\u00a0juillet 2020<\/a>. De plus, le processus de recherche d\u2019un nouveau secr\u00e9taire administratif est en cours.<\/p>\n<p>Glenward Alexander (\u00ab\u00a0Alex\u00a0\u00bb) Bryant servait jusqu\u2019ici en tant que secr\u00e9taire administratif de la Division nord-am\u00e9ricaine et secr\u00e9taire adjoint de la CG, postes qu\u2019il tenait depuis octobre 2008, lorsqu\u2019il y a \u00e9t\u00e9 nomm\u00e9 au Conseil annuel de la CG \u00e0 Manille, aux Philippines. Pendant qu\u2019il \u00e9tait secr\u00e9taire de la Division, il a dirig\u00e9 des ateliers sur le leadership, form\u00e9 les officiers administratifs des F\u00e9d\u00e9rations, organis\u00e9 un sommet sur la diversit\u00e9 pour tout le territoire de la Division, coordonn\u00e9 la num\u00e9risation du secr\u00e9tariat de la DNA et men\u00e9 des s\u00e9ries d\u2019\u00e9vang\u00e9lisation annuelles.<\/p>\n<p>Avant de travailler pour la Division, le pasteur Bryant a servi comme pr\u00e9sident de la F\u00e9d\u00e9ration des \u00c9tats du centre \u00e0 Kansas City, au Kansas.<\/p>\n<p>Il a obtenu un double dipl\u00f4me en th\u00e9ologie et en administration des affaires du Coll\u00e8ge Oakwood (maintenant l\u2019Universit\u00e9 Oakwood) en 1982.<\/p>\n<p>Il a entam\u00e9 son minist\u00e8re la m\u00eame ann\u00e9e \u00e0 Springfield, au Missouri, ainsi qu\u2019\u00e0 Coffeyville et \u00e0 Independence, au Kansas. Il a \u00e9t\u00e9 consacr\u00e9 en 1986 avant de poursuivre des \u00e9tudes et d\u2019obtenir une ma\u00eetrise en divinit\u00e9 de l\u2019Universit\u00e9 Andrews en 1988. En 1990, la F\u00e9d\u00e9ration des \u00c9tats du centre l\u2019a nomm\u00e9 directeur de Jeunesse, des Explorateurs, de l\u2019Organisation du service national et de la Temp\u00e9rance et surintendant de l\u2019\u00c9ducation. Il en est devenu le pr\u00e9sident en 1997.<\/p>\n<p>En plus d\u2019avoir \u00e9t\u00e9 le pasteur de plusieurs \u00e9glises au d\u00e9but de sa carri\u00e8re, le pasteur Bryant a \u00e9galement pass\u00e9 une ann\u00e9e au Japon comme missionnaire \u00e9tudiant. Durant ses ann\u00e9es coll\u00e9giales, ses comp\u00e9tences administratives l\u2019ont aid\u00e9 \u00e0 servir comme directeur de Jeunesse adventiste au Coll\u00e8ge Oakwood et comme pr\u00e9sident de l\u2019Association des \u00e9tudiants noirs au s\u00e9minaire de l\u2019Universit\u00e9 Andrews.<\/p>\n<p>Le pasteur Bryant est le second Afro-Am\u00e9ricain \u00e0 \u00eatre nomm\u00e9 pr\u00e9sident de la DNA. Charles E. Bradford, le premier pr\u00e9sident de la Division, \u00e9tait \u00e9galement Afro-Am\u00e9ricain. L\u2019ont ensuite succ\u00e9d\u00e9 Alfred C. McClure, Don C. Schneider et Daniel R. Jackson.<\/p>\n<p>Il est mari\u00e9 \u00e0 Desiree (anciennement Wimbish), qui occup\u00e9 les postes de surintendante de l\u2019\u00c9ducation \u00e0 la F\u00e9d\u00e9ration des \u00c9tats du centre et de directrice de l\u2019\u00e9cole adventiste du septi\u00e8me jour V. Lindsay \u00e0 Kansas City, au Kansas. Elle sert actuellement comme directrice adjointe et coordonnatrice de projets pour l\u2019\u00c9ducation adventiste de la DNA. Les Bryant ont trois enfants adultes et trois petits-enfants.<\/p>\n<p>Traduction : Marie-Mich\u00e8le Robitaille<\/p>\n","protected":false},"excerpt":{"rendered":"<p>Le 9 juillet 2020 | Columbia, Maryland, \u00c9tats-Unis | Kimberly Luste Maran Le 9\u00a0juillet 2020, le comit\u00e9 ex\u00e9cutif de la Conf\u00e9rence g\u00e9n\u00e9rale (CG) de l\u2019\u00c9glise adventiste du septi\u00e8me jour a&#8230;<\/p>\n","protected":false},"author":3,"featured_media":60439,"comment_status":"closed","ping_status":"closed","sticky":false,"template":"","format":"standard","meta":{"_acf_changed":false,"footnotes":""},"categories":[18,19],"tags":[],"class_list":["post-60470","post","type-post","status-publish","format-standard","has-post-thumbnail","hentry","category-nouvelles-de-leglise-mondiale","category-rss-francais"],"acf":[],"yoast_head":"<!-- This site is optimized with the Yoast SEO plugin v27.3 - https:\/\/yoast.com\/product\/yoast-seo-wordpress\/ -->\n<title>G. Alexander Bryant nomm\u00e9 pr\u00e9sident de la Division nord-am\u00e9ricaine - \u00c9glise Adventiste Du Septieme Jour - Inter Am\u00e9rique Division<\/title>\n<meta name=\"robots\" content=\"index, follow, max-snippet:-1, max-image-preview:large, max-video-preview:-1\" \/>\n<link rel=\"canonical\" href=\"https:\/\/interamerica.org\/fr\/2020\/07\/g-alexander-bryant-nomme-president-de-la-division-nord-americaine\/\" \/>\n<meta property=\"og:locale\" content=\"fr_FR\" \/>\n<meta property=\"og:type\" content=\"article\" \/>\n<meta property=\"og:title\" content=\"G. Alexander Bryant nomm\u00e9 pr\u00e9sident de la Division nord-am\u00e9ricaine - \u00c9glise Adventiste Du Septieme Jour - Inter Am\u00e9rique Division\" \/>\n<meta property=\"og:description\" content=\"Le 9 juillet 2020 | Columbia, Maryland, \u00c9tats-Unis | Kimberly Luste Maran Le 9\u00a0juillet 2020, le comit\u00e9 ex\u00e9cutif de la Conf\u00e9rence g\u00e9n\u00e9rale (CG) de l\u2019\u00c9glise adventiste du septi\u00e8me jour a...\" \/>\n<meta property=\"og:url\" content=\"https:\/\/interamerica.org\/fr\/2020\/07\/g-alexander-bryant-nomme-president-de-la-division-nord-americaine\/\" \/>\n<meta property=\"og:site_name\" content=\"\u00c9glise Adventiste Du Septieme Jour - Inter Am\u00e9rique Division\" \/>\n<meta property=\"article:published_time\" content=\"2020-07-09T17:54:05+00:00\" \/>\n<meta property=\"article:modified_time\" content=\"2020-07-10T17:32:35+00:00\" \/>\n<meta property=\"og:image\" content=\"https:\/\/interamerica.org\/wp-content\/uploads\/2020\/07\/nad-leadership-provides-guidance-on-government-funding-assistance-due-to-covid-19-crisis-1280.jpg\" \/>\n\t<meta property=\"og:image:width\" content=\"1280\" \/>\n\t<meta property=\"og:image:height\" content=\"800\" \/>\n\t<meta property=\"og:image:type\" content=\"image\/jpeg\" \/>\n<meta name=\"author\" content=\"libna\" \/>\n<meta name=\"twitter:card\" content=\"summary_large_image\" \/>\n<meta name=\"twitter:label1\" content=\"\u00c9crit par\" \/>\n\t<meta name=\"twitter:data1\" content=\"libna\" \/>\n\t<meta name=\"twitter:label2\" content=\"Dur\u00e9e de lecture estim\u00e9e\" \/>\n\t<meta name=\"twitter:data2\" content=\"6 minutes\" \/>\n<script type=\"application\/ld+json\" class=\"yoast-schema-graph\">{\"@context\":\"https:\\\/\\\/schema.org\",\"@graph\":[{\"@type\":\"Article\",\"@id\":\"https:\\\/\\\/interamerica.org\\\/fr\\\/2020\\\/07\\\/g-alexander-bryant-nomme-president-de-la-division-nord-americaine\\\/#article\",\"isPartOf\":{\"@id\":\"https:\\\/\\\/interamerica.org\\\/fr\\\/2020\\\/07\\\/g-alexander-bryant-nomme-president-de-la-division-nord-americaine\\\/\"},\"author\":{\"name\":\"libna\",\"@id\":\"https:\\\/\\\/interamerica.org\\\/fr\\\/#\\\/schema\\\/person\\\/29998f2bc2d8bd0d38662909289b54f1\"},\"headline\":\"G. Alexander Bryant nomm\u00e9 pr\u00e9sident de la Division nord-am\u00e9ricaine\",\"datePublished\":\"2020-07-09T17:54:05+00:00\",\"dateModified\":\"2020-07-10T17:32:35+00:00\",\"mainEntityOfPage\":{\"@id\":\"https:\\\/\\\/interamerica.org\\\/fr\\\/2020\\\/07\\\/g-alexander-bryant-nomme-president-de-la-division-nord-americaine\\\/\"},\"wordCount\":1187,\"image\":{\"@id\":\"https:\\\/\\\/interamerica.org\\\/fr\\\/2020\\\/07\\\/g-alexander-bryant-nomme-president-de-la-division-nord-americaine\\\/#primaryimage\"},\"thumbnailUrl\":\"https:\\\/\\\/interamerica.org\\\/wp-content\\\/uploads\\\/2020\\\/07\\\/nad-leadership-provides-guidance-on-government-funding-assistance-due-to-covid-19-crisis-1280.jpg\",\"articleSection\":[\"Nouvelles de l'\u00c9glise mondiale\",\"RSS Fran\u00e7ais\"],\"inLanguage\":\"fr-FR\"},{\"@type\":\"WebPage\",\"@id\":\"https:\\\/\\\/interamerica.org\\\/fr\\\/2020\\\/07\\\/g-alexander-bryant-nomme-president-de-la-division-nord-americaine\\\/\",\"url\":\"https:\\\/\\\/interamerica.org\\\/fr\\\/2020\\\/07\\\/g-alexander-bryant-nomme-president-de-la-division-nord-americaine\\\/\",\"name\":\"G. Alexander Bryant nomm\u00e9 pr\u00e9sident de la Division nord-am\u00e9ricaine - \u00c9glise Adventiste Du Septieme Jour - Inter Am\u00e9rique Division\",\"isPartOf\":{\"@id\":\"https:\\\/\\\/interamerica.org\\\/fr\\\/#website\"},\"primaryImageOfPage\":{\"@id\":\"https:\\\/\\\/interamerica.org\\\/fr\\\/2020\\\/07\\\/g-alexander-bryant-nomme-president-de-la-division-nord-americaine\\\/#primaryimage\"},\"image\":{\"@id\":\"https:\\\/\\\/interamerica.org\\\/fr\\\/2020\\\/07\\\/g-alexander-bryant-nomme-president-de-la-division-nord-americaine\\\/#primaryimage\"},\"thumbnailUrl\":\"https:\\\/\\\/interamerica.org\\\/wp-content\\\/uploads\\\/2020\\\/07\\\/nad-leadership-provides-guidance-on-government-funding-assistance-due-to-covid-19-crisis-1280.jpg\",\"datePublished\":\"2020-07-09T17:54:05+00:00\",\"dateModified\":\"2020-07-10T17:32:35+00:00\",\"author\":{\"@id\":\"https:\\\/\\\/interamerica.org\\\/fr\\\/#\\\/schema\\\/person\\\/29998f2bc2d8bd0d38662909289b54f1\"},\"breadcrumb\":{\"@id\":\"https:\\\/\\\/interamerica.org\\\/fr\\\/2020\\\/07\\\/g-alexander-bryant-nomme-president-de-la-division-nord-americaine\\\/#breadcrumb\"},\"inLanguage\":\"fr-FR\",\"potentialAction\":[{\"@type\":\"ReadAction\",\"target\":[\"https:\\\/\\\/interamerica.org\\\/fr\\\/2020\\\/07\\\/g-alexander-bryant-nomme-president-de-la-division-nord-americaine\\\/\"]}]},{\"@type\":\"ImageObject\",\"inLanguage\":\"fr-FR\",\"@id\":\"https:\\\/\\\/interamerica.org\\\/fr\\\/2020\\\/07\\\/g-alexander-bryant-nomme-president-de-la-division-nord-americaine\\\/#primaryimage\",\"url\":\"https:\\\/\\\/interamerica.org\\\/wp-content\\\/uploads\\\/2020\\\/07\\\/nad-leadership-provides-guidance-on-government-funding-assistance-due-to-covid-19-crisis-1280.jpg\",\"contentUrl\":\"https:\\\/\\\/interamerica.org\\\/wp-content\\\/uploads\\\/2020\\\/07\\\/nad-leadership-provides-guidance-on-government-funding-assistance-due-to-covid-19-crisis-1280.jpg\",\"width\":1280,\"height\":800},{\"@type\":\"BreadcrumbList\",\"@id\":\"https:\\\/\\\/interamerica.org\\\/fr\\\/2020\\\/07\\\/g-alexander-bryant-nomme-president-de-la-division-nord-americaine\\\/#breadcrumb\",\"itemListElement\":[{\"@type\":\"ListItem\",\"position\":1,\"name\":\"Home\",\"item\":\"https:\\\/\\\/interamerica.org\\\/fr\\\/\"},{\"@type\":\"ListItem\",\"position\":2,\"name\":\"G. Alexander Bryant nomm\u00e9 pr\u00e9sident de la Division nord-am\u00e9ricaine\"}]},{\"@type\":\"WebSite\",\"@id\":\"https:\\\/\\\/interamerica.org\\\/fr\\\/#website\",\"url\":\"https:\\\/\\\/interamerica.org\\\/fr\\\/\",\"name\":\"\u00c9glise Adventiste Du Septieme Jour - Inter Am\u00e9rique Division\",\"description\":\"\",\"potentialAction\":[{\"@type\":\"SearchAction\",\"target\":{\"@type\":\"EntryPoint\",\"urlTemplate\":\"https:\\\/\\\/interamerica.org\\\/fr\\\/?s={search_term_string}\"},\"query-input\":{\"@type\":\"PropertyValueSpecification\",\"valueRequired\":true,\"valueName\":\"search_term_string\"}}],\"inLanguage\":\"fr-FR\"},{\"@type\":\"Person\",\"@id\":\"https:\\\/\\\/interamerica.org\\\/fr\\\/#\\\/schema\\\/person\\\/29998f2bc2d8bd0d38662909289b54f1\",\"name\":\"libna\",\"image\":{\"@type\":\"ImageObject\",\"inLanguage\":\"fr-FR\",\"@id\":\"https:\\\/\\\/secure.gravatar.com\\\/avatar\\\/7c5bd30ae4b47a9ba3c856590957fd1d96dc588bf3ac05719d247e126840331f?s=96&d=mm&r=g\",\"url\":\"https:\\\/\\\/secure.gravatar.com\\\/avatar\\\/7c5bd30ae4b47a9ba3c856590957fd1d96dc588bf3ac05719d247e126840331f?s=96&d=mm&r=g\",\"contentUrl\":\"https:\\\/\\\/secure.gravatar.com\\\/avatar\\\/7c5bd30ae4b47a9ba3c856590957fd1d96dc588bf3ac05719d247e126840331f?s=96&d=mm&r=g\",\"caption\":\"libna\"}}]}<\/script>\n<!-- \/ Yoast SEO plugin. -->","yoast_head_json":{"title":"G. Alexander Bryant nomm\u00e9 pr\u00e9sident de la Division nord-am\u00e9ricaine - \u00c9glise Adventiste Du Septieme Jour - Inter Am\u00e9rique Division","robots":{"index":"index","follow":"follow","max-snippet":"max-snippet:-1","max-image-preview":"max-image-preview:large","max-video-preview":"max-video-preview:-1"},"canonical":"https:\/\/interamerica.org\/fr\/2020\/07\/g-alexander-bryant-nomme-president-de-la-division-nord-americaine\/","og_locale":"fr_FR","og_type":"article","og_title":"G. Alexander Bryant nomm\u00e9 pr\u00e9sident de la Division nord-am\u00e9ricaine - \u00c9glise Adventiste Du Septieme Jour - Inter Am\u00e9rique Division","og_description":"Le 9 juillet 2020 | Columbia, Maryland, \u00c9tats-Unis | Kimberly Luste Maran Le 9\u00a0juillet 2020, le comit\u00e9 ex\u00e9cutif de la Conf\u00e9rence g\u00e9n\u00e9rale (CG) de l\u2019\u00c9glise adventiste du septi\u00e8me jour a...","og_url":"https:\/\/interamerica.org\/fr\/2020\/07\/g-alexander-bryant-nomme-president-de-la-division-nord-americaine\/","og_site_name":"\u00c9glise Adventiste Du Septieme Jour - Inter Am\u00e9rique Division","article_published_time":"2020-07-09T17:54:05+00:00","article_modified_time":"2020-07-10T17:32:35+00:00","og_image":[{"width":1280,"height":800,"url":"https:\/\/interamerica.org\/wp-content\/uploads\/2020\/07\/nad-leadership-provides-guidance-on-government-funding-assistance-due-to-covid-19-crisis-1280.jpg","type":"image\/jpeg"}],"author":"libna","twitter_card":"summary_large_image","twitter_misc":{"\u00c9crit par":"libna","Dur\u00e9e de lecture estim\u00e9e":"6 minutes"},"schema":{"@context":"https:\/\/schema.org","@graph":[{"@type":"Article","@id":"https:\/\/interamerica.org\/fr\/2020\/07\/g-alexander-bryant-nomme-president-de-la-division-nord-americaine\/#article","isPartOf":{"@id":"https:\/\/interamerica.org\/fr\/2020\/07\/g-alexander-bryant-nomme-president-de-la-division-nord-americaine\/"},"author":{"name":"libna","@id":"https:\/\/interamerica.org\/fr\/#\/schema\/person\/29998f2bc2d8bd0d38662909289b54f1"},"headline":"G. Alexander Bryant nomm\u00e9 pr\u00e9sident de la Division nord-am\u00e9ricaine","datePublished":"2020-07-09T17:54:05+00:00","dateModified":"2020-07-10T17:32:35+00:00","mainEntityOfPage":{"@id":"https:\/\/interamerica.org\/fr\/2020\/07\/g-alexander-bryant-nomme-president-de-la-division-nord-americaine\/"},"wordCount":1187,"image":{"@id":"https:\/\/interamerica.org\/fr\/2020\/07\/g-alexander-bryant-nomme-president-de-la-division-nord-americaine\/#primaryimage"},"thumbnailUrl":"https:\/\/interamerica.org\/wp-content\/uploads\/2020\/07\/nad-leadership-provides-guidance-on-government-funding-assistance-due-to-covid-19-crisis-1280.jpg","articleSection":["Nouvelles de l'\u00c9glise mondiale","RSS Fran\u00e7ais"],"inLanguage":"fr-FR"},{"@type":"WebPage","@id":"https:\/\/interamerica.org\/fr\/2020\/07\/g-alexander-bryant-nomme-president-de-la-division-nord-americaine\/","url":"https:\/\/interamerica.org\/fr\/2020\/07\/g-alexander-bryant-nomme-president-de-la-division-nord-americaine\/","name":"G. Alexander Bryant nomm\u00e9 pr\u00e9sident de la Division nord-am\u00e9ricaine - \u00c9glise Adventiste Du Septieme Jour - Inter Am\u00e9rique Division","isPartOf":{"@id":"https:\/\/interamerica.org\/fr\/#website"},"primaryImageOfPage":{"@id":"https:\/\/interamerica.org\/fr\/2020\/07\/g-alexander-bryant-nomme-president-de-la-division-nord-americaine\/#primaryimage"},"image":{"@id":"https:\/\/interamerica.org\/fr\/2020\/07\/g-alexander-bryant-nomme-president-de-la-division-nord-americaine\/#primaryimage"},"thumbnailUrl":"https:\/\/interamerica.org\/wp-content\/uploads\/2020\/07\/nad-leadership-provides-guidance-on-government-funding-assistance-due-to-covid-19-crisis-1280.jpg","datePublished":"2020-07-09T17:54:05+00:00","dateModified":"2020-07-10T17:32:35+00:00","author":{"@id":"https:\/\/interamerica.org\/fr\/#\/schema\/person\/29998f2bc2d8bd0d38662909289b54f1"},"breadcrumb":{"@id":"https:\/\/interamerica.org\/fr\/2020\/07\/g-alexander-bryant-nomme-president-de-la-division-nord-americaine\/#breadcrumb"},"inLanguage":"fr-FR","potentialAction":[{"@type":"ReadAction","target":["https:\/\/interamerica.org\/fr\/2020\/07\/g-alexander-bryant-nomme-president-de-la-division-nord-americaine\/"]}]},{"@type":"ImageObject","inLanguage":"fr-FR","@id":"https:\/\/interamerica.org\/fr\/2020\/07\/g-alexander-bryant-nomme-president-de-la-division-nord-americaine\/#primaryimage","url":"https:\/\/interamerica.org\/wp-content\/uploads\/2020\/07\/nad-leadership-provides-guidance-on-government-funding-assistance-due-to-covid-19-crisis-1280.jpg","contentUrl":"https:\/\/interamerica.org\/wp-content\/uploads\/2020\/07\/nad-leadership-provides-guidance-on-government-funding-assistance-due-to-covid-19-crisis-1280.jpg","width":1280,"height":800},{"@type":"BreadcrumbList","@id":"https:\/\/interamerica.org\/fr\/2020\/07\/g-alexander-bryant-nomme-president-de-la-division-nord-americaine\/#breadcrumb","itemListElement":[{"@type":"ListItem","position":1,"name":"Home","item":"https:\/\/interamerica.org\/fr\/"},{"@type":"ListItem","position":2,"name":"G. Alexander Bryant nomm\u00e9 pr\u00e9sident de la Division nord-am\u00e9ricaine"}]},{"@type":"WebSite","@id":"https:\/\/interamerica.org\/fr\/#website","url":"https:\/\/interamerica.org\/fr\/","name":"\u00c9glise Adventiste Du Septieme Jour - Inter Am\u00e9rique Division","description":"","potentialAction":[{"@type":"SearchAction","target":{"@type":"EntryPoint","urlTemplate":"https:\/\/interamerica.org\/fr\/?s={search_term_string}"},"query-input":{"@type":"PropertyValueSpecification","valueRequired":true,"valueName":"search_term_string"}}],"inLanguage":"fr-FR"},{"@type":"Person","@id":"https:\/\/interamerica.org\/fr\/#\/schema\/person\/29998f2bc2d8bd0d38662909289b54f1","name":"libna","image":{"@type":"ImageObject","inLanguage":"fr-FR","@id":"https:\/\/secure.gravatar.com\/avatar\/7c5bd30ae4b47a9ba3c856590957fd1d96dc588bf3ac05719d247e126840331f?s=96&d=mm&r=g","url":"https:\/\/secure.gravatar.com\/avatar\/7c5bd30ae4b47a9ba3c856590957fd1d96dc588bf3ac05719d247e126840331f?s=96&d=mm&r=g","contentUrl":"https:\/\/secure.gravatar.com\/avatar\/7c5bd30ae4b47a9ba3c856590957fd1d96dc588bf3ac05719d247e126840331f?s=96&d=mm&r=g","caption":"libna"}}]}},"_links":{"self":[{"href":"https:\/\/interamerica.org\/fr\/wp-json\/wp\/v2\/posts\/60470","targetHints":{"allow":["GET"]}}],"collection":[{"href":"https:\/\/interamerica.org\/fr\/wp-json\/wp\/v2\/posts"}],"about":[{"href":"https:\/\/interamerica.org\/fr\/wp-json\/wp\/v2\/types\/post"}],"author":[{"embeddable":true,"href":"https:\/\/interamerica.org\/fr\/wp-json\/wp\/v2\/users\/3"}],"replies":[{"embeddable":true,"href":"https:\/\/interamerica.org\/fr\/wp-json\/wp\/v2\/comments?post=60470"}],"version-history":[{"count":0,"href":"https:\/\/interamerica.org\/fr\/wp-json\/wp\/v2\/posts\/60470\/revisions"}],"wp:featuredmedia":[{"embeddable":true,"href":"https:\/\/interamerica.org\/fr\/wp-json\/wp\/v2\/media\/60439"}],"wp:attachment":[{"href":"https:\/\/interamerica.org\/fr\/wp-json\/wp\/v2\/media?parent=60470"}],"wp:term":[{"taxonomy":"category","embeddable":true,"href":"https:\/\/interamerica.org\/fr\/wp-json\/wp\/v2\/categories?post=60470"},{"taxonomy":"post_tag","embeddable":true,"href":"https:\/\/interamerica.org\/fr\/wp-json\/wp\/v2\/tags?post=60470"}],"curies":[{"name":"wp","href":"https:\/\/api.w.org\/{rel}","templated":true}]}}