{"id":60576,"date":"2020-07-13T12:54:03","date_gmt":"2020-07-13T16:54:03","guid":{"rendered":"https:\/\/recursing-golick.147-182-135-0.plesk.page\/?p=60576"},"modified":"2020-07-14T13:24:34","modified_gmt":"2020-07-14T17:24:34","slug":"un-homme-qui-a-preche-a-ses-propres-funerailles","status":"publish","type":"post","link":"https:\/\/interamerica.org\/fr\/2020\/07\/un-homme-qui-a-preche-a-ses-propres-funerailles\/","title":{"rendered":"Un homme qui a pr\u00each\u00e9 \u00e0 ses propres fun\u00e9railles"},"content":{"rendered":"<p><span class=\"byline-news\">12 juillet 2020 | Silver Spring, Maryland, \u00c9tats-Unis | Par Ella Smith Simmons<\/span><\/p>\n<p>L\u2019Encyclop\u00e9die des adventistes du septi\u00e8me jour <em>\u00a0(ESDA) est maintenant librement accessible sur \u00a0<\/em><a href=\"http:\/\/encyclopedia.adventist.org\" target=\"_blank\" rel=\"noopener noreferrer\">encyclopedia.adventist.org<\/a><em>. Lanc\u00e9 le mercredi 1er juillet au si\u00e8ge de l\u2019\u00c9glise adventiste du septi\u00e8me jour, le projet a impliqu\u00e9 pr\u00e8s de 1000 auteurs venant de toutes les divisions de l\u2019\u00c9glise adventiste mondiale et des champs rattach\u00e9s ; il comprend plus de 2100 articles, photographies et autres documents historiques significatifs. De nouveaux articles sont ajout\u00e9s \u00e0 l\u2019encyclop\u00e9die au fil du temps. Nous vous invitons \u00e0 visiter\u00a0<\/em><a href=\"http:\/\/encyclopedia.adventist.org\" target=\"_blank\" rel=\"noopener noreferrer\">encyclopedia.adventist.org<\/a><em>\u00a0pour \u00eatre inform\u00e9s et avoir un \u00e9clairage sur l\u2019histoire, la structure, la culture, la th\u00e9ologie de l\u2019\u00c9glise adventiste dans le monde, et bien plus encore. L\u2019histoire suivante est tir\u00e9e d\u2019un article plus long de \u00a0<\/em><em>l&rsquo;encyclop\u00e9die\u2014 Les Editeurs<\/em><\/p>\n<p><span class=\"cap\">S<\/span>es coll\u00e8gues et les membres d\u2019\u00e9glise se souviennent de lui comme un pr\u00e9dicateur plein de ressources, puissant, et un pasteur compatissant et attentif. R. T. Hudson a servi l\u2019\u00c9glise adventiste pendant 31 ans en tant que pasteur, \u00e9vang\u00e9liste et administrateur. Il \u00e9tait un activiste communautaire orient\u00e9 vers la mission qui amenait souvent la communaut\u00e9 dans son \u00e9glise et amenait son \u00e9glise dans la communaut\u00e9.<\/p>\n<p>R.T. Hudson est n\u00e9 le 4 d\u00e9cembre 1912 \u00e0 Jackson, dans le Mississippi, de Joseph B. et Annie Lee Cotton Hudson. Son p\u00e8re \u00e9tait pasteur baptiste avant de rejoindre l\u2019\u00c9glise adventiste. Selon les descendants de la famille Hudson, les Hudson ont donn\u00e9 \u00e0 tous leurs enfants, sauf un, des initiales en guise de pr\u00e9nom et de deuxi\u00e8me pr\u00e9nom afin de protester contre les influences persistantes de l\u2019esclavage.<\/p>\n<p>\u00c0 partir de 1935, le minist\u00e8re pastoral de R.T. Hudson a couvert une demi-douzaine de grandes villes, dont Des Moines, dans l\u2019Iowa, <sup>1<\/sup>\u00a0Dallas, au Texas (1943-1945); Pittsburgh, en Pennsylvanie (1946-1949); Washington, D.C. (1950-1952); Cleveland, dans l&rsquo;Ohio (1953-1955); et New York City (1956-1962).<\/p>\n<div id=\"attachment_60511\" style=\"width: 390px\" class=\"wp-caption alignleft\"><img fetchpriority=\"high\" decoding=\"async\" aria-describedby=\"caption-attachment-60511\" class=\" wp-image-60510\" src=\"https:\/\/recursing-golick.147-182-135-0.plesk.page\/wp-content\/uploads\/2020\/07\/r-t-hudson-2.png\" alt=\"\" width=\"380\" height=\"468\" srcset=\"https:\/\/interamerica.org\/wp-content\/uploads\/2020\/07\/r-t-hudson-2.png 487w, https:\/\/interamerica.org\/wp-content\/uploads\/2020\/07\/r-t-hudson-2-244x300.png 244w\" sizes=\"(max-width: 380px) 100vw, 380px\" \/><p id=\"caption-attachment-60511\" class=\"wp-caption-text\">R. T. Hudson [Rapport d&rsquo;informations de la F\u00e9d\u00e9ration du Nord-Est]<\/p><\/div>\n<p>Alors qu\u2019il \u00e9tait pasteur de l\u2019\u00e9glise d\u2019Ephese \u00e0 Harlem, \u00e0 New York, R.T. Hudson a acquis une certaine notori\u00e9t\u00e9 gr\u00e2ce \u00e0 sa s\u00e9rie de r\u00e9unions du dimanche soir qui attirait des foules de milliers de personnes venues \u00e9couter des intervenants invit\u00e9s influents. Les sujets des intervenants portaient sur des th\u00e8mes d\u2019actualit\u00e9, et \u00e9taient ensuite suivis par les messages de R.T. Hudson liant les sujets aux v\u00e9rit\u00e9s bibliques. Ces rencontres, au cours desquelles intervenaient des invit\u00e9s d\u2019Afrique, d\u2019Asie, d\u2019Europe, du Moyen-Orient et de r\u00e9gions des \u00c9tats-Unis, ont permis de fusionner les objectifs de Hudson en mati\u00e8re de service communautaire et d\u2019\u00e9vang\u00e9lisation<sup>2<\/sup><\/p>\n<p>La participation de la communaut\u00e9 de R.T. Hudson comprenait la lutte contre l\u2019installation \u00e0 Harlem d\u2019un \u00e9tablissement vendant des boissons alcoolis\u00e9es et le combat pour am\u00e9liorer l\u2019acc\u00e8s \u00e0 des soins de sant\u00e9 de qualit\u00e9 dans la communaut\u00e9 notoirement mal desservie.<\/p>\n<p>Pendant son s\u00e9jour \u00e0 New York, R.T. Hudson est devenu le premier pasteur adventiste \u00e0 \u00eatre invit\u00e9 \u00e0 offrir une pri\u00e8re pour l\u2019assembl\u00e9e l\u00e9gislative de l\u2019\u00e9tat en session. Cela a conduit \u00e0 d\u2019autres contacts qui ont permis d\u2019\u00e9tendre son influence et son combat sur les questions communautaires. En raison de sa large reconnaissance en tant que leader communautaire, il est \u00e9galement intervenu devant l\u2019assembl\u00e9e l\u00e9gislative de l\u2019\u00e9tat pour d\u00e9fendre la cause de la libert\u00e9 religieuse. En 1960, il \u00e9tait l\u2019un des cinq pasteurs choisis pour repr\u00e9senter les \u00c9tats-Unis \u00e0 la station de radio de la Reine \u00e0 Londres, en Angleterre<sup>3<\/sup><\/p>\n<p>R.T. Hudson a \u00e9galement jou\u00e9 un r\u00f4le important dans l\u2019am\u00e9lioration des relations raciales dans la d\u00e9nomination. Bien que profond\u00e9ment fid\u00e8le \u00e0 l\u2019\u00c9glise adventiste, R.T. Hudson dans un sermon a fait remarquer : \u00ab Les pr\u00e9jug\u00e9s raciaux et la discrimination sont dans le mouvement adventiste\u2026. Mais de tels pr\u00e9jug\u00e9s ne constituent pas l\u2019esprit du mouvement adventiste. \u00bb<sup>4<\/sup>\u00a0R.T. Hudson a fait face \u00e0 des limites dans les opportunit\u00e9s d\u2019\u00e9volution dans le leadership de l\u2019\u00e9glise ainsi qu\u2019\u00e0 des \u00e9tiquettes telles que \u00ab notre interne de couleur. \u00bb <sup>5<\/sup>\u00a0Malgr\u00e9 les difficult\u00e9s, R.T. Hudson est rest\u00e9 un fervent \u00e9vang\u00e9liste adventiste. Les journaux de l\u2019\u00e9glise faisaient fr\u00e9quemment \u00e9tat des bapt\u00eames qui d\u00e9coulaient de ses efforts d&rsquo;\u00e9vang\u00e9lisation. D\u2019autres r\u00e9cits rapportent des exploits tels que ce jour de pluie en 1936 o\u00f9 il a vendu 100 magazines\u00a0<em>Message\u00a0<\/em>.<\/p>\n<p>R.T. Hudson a \u00e9t\u00e9 \u00e9lu pr\u00e9sident de la F\u00e9d\u00e9ration du Nord-Est le 30 ao\u00fbt 1962. Stennett Brooks, secr\u00e9taire-tr\u00e9sorier de la conf\u00e9rence, se rappelle que R.T. Hudson avait rapidement et \u00e9nergiquement commenc\u00e9 \u00e0 planifier l\u2019acquisition de nouveaux lieux de culte, le remboursement de plusieurs pr\u00eats importants, l\u2019\u00e9tablissement d\u2019un abri pour les membres \u00e2g\u00e9s, la cr\u00e9ation d\u2019\u00e9coles d\u2019\u00e9glise suppl\u00e9mentaires, et il a revu \u00e0 la hausse les objectifs d\u2019\u00e9vang\u00e9lisation. En 1966, il a r\u00e9alis\u00e9 son r\u00eave de parvenir \u00e0 1000 bapt\u00eames \u00e0 l\u2019\u00e9chelle de la f\u00e9d\u00e9ration en un an.<sup>6<\/sup>\u00a0Hudson \u00e9tait un leader enthousiaste, tenace et motiv\u00e9 qui a manifest\u00e9 un sentiment d\u2019urgence dans son travail.<\/p>\n<p>Il a \u00e9t\u00e9 dit que R. T. Hudson \u00e9tait un homme qui a pr\u00each\u00e9 \u00e0 ses propres fun\u00e9railles. Cela s&rsquo;est produit l\u2019apr\u00e8s-midi du sabbat 10 d\u00e9cembre 1966, \u00e0 Flint, dans le Michigan, o\u00f9 il a prononc\u00e9 l\u2019hom\u00e9lie lors des fun\u00e9railles de son ancienne secr\u00e9taire, Yvonne Miller. Il a d\u00e9clar\u00e9 qu\u2019il voulait \u00eatre pr\u00eat quand son heure de mourir viendrait et il a termin\u00e9 en citant <a class=\"rtBibleRef\" href=\"https:\/\/biblia.com\/bible\/nkjv\/2%20Tim%204.7\" target=\"_blank\" rel=\"noopener noreferrer\" data-reference=\"2 Tim 4.7\" data-version=\"nkjv\" data-purpose=\"bible-reference\">2 Timoth\u00e9e 4:7<\/a>: \u00ab J\u2019ai combattu le bon combat, j&rsquo;ai achev\u00e9 la course, j&rsquo;ai gard\u00e9 la foi. \u00bb Ces mots se sont av\u00e9r\u00e9s \u00eatre son dernier sermon. Apr\u00e8s ces paroles, les derni\u00e8res qu\u2019il ait prononc\u00e9es, il a \u00e9t\u00e9 victime d\u2019une crise cardiaque, s\u2019est effondr\u00e9, puis est d\u00e9c\u00e9d\u00e9 en route vers l\u2019h\u00f4pital.<\/p>\n<p>Ceux qui ont servi avec lui ont d\u00e9crit fr\u00e8re R. T. Hudson comme un homme d\u2019une foi solide et d\u2019une int\u00e9grit\u00e9 in\u00e9branlable.<\/p>\n<p><em><strong>Ella Smith Simmons<\/strong>\u00a0est vice-pr\u00e9sidente g\u00e9n\u00e9rale de la Conf\u00e9rence G\u00e9n\u00e9rale des adventistes du septi\u00e8me jour.<\/em><\/p>\n<hr \/>\n<p><sup>1<\/sup>R. T. Hudson, \u201cAirdome Effort,\u201d\u00a0<em>Lake Union Herald<\/em>, July 10, 1934; F. L. Jones, \u201cThree New Conference Presidents Elected,\u201d\u00a0<em>North American Informant<\/em>, Nov.-Dec. 1962.<\/p>\n<p><sup>2<\/sup>Wesley Curtwright, \u201cUnited Nations Diplomats Visit Ephesus in New York,\u201d\u00a0<em>Atlantic<\/em>\u00a0<em>Union Gleaner<\/em>, <a class=\"rtBibleRef\" href=\"https:\/\/biblia.com\/bible\/nkjv\/Mark.%204\" target=\"_blank\" rel=\"noopener noreferrer\" data-reference=\"Mark. 4\" data-version=\"nkjv\" data-purpose=\"bible-reference\">Mar. 4<\/a>, <a class=\"rtBibleRef\" href=\"https:\/\/biblia.com\/bible\/nkjv\/Mar%204.195\" target=\"_blank\" rel=\"noopener noreferrer\" data-reference=\"Mar 4.195\" data-version=\"nkjv\" data-purpose=\"bible-reference\">195<\/a><a class=\"rtBibleRef\" href=\"https:\/\/biblia.com\/bible\/nkjv\/Mar%204.6\" target=\"_blank\" rel=\"noopener noreferrer\" data-reference=\"Mar 4.6\" data-version=\"nkjv\" data-purpose=\"bible-reference\">6<\/a>.<\/p>\n<p><sup>3<\/sup>F. L. Jones, \u201cNortheastern Ministers Attend New York State Assembly,\u201d\u00a0<em>Atlantic Union Gleaner<\/em>, <a class=\"rtBibleRef\" href=\"https:\/\/biblia.com\/bible\/nkjv\/Mark.%205\" target=\"_blank\" rel=\"noopener noreferrer\" data-reference=\"Mark. 5\" data-version=\"nkjv\" data-purpose=\"bible-reference\">Mar. 5<\/a>, <a class=\"rtBibleRef\" href=\"https:\/\/biblia.com\/bible\/nkjv\/Mar%205.196\" target=\"_blank\" rel=\"noopener noreferrer\" data-reference=\"Mar 5.196\" data-version=\"nkjv\" data-purpose=\"bible-reference\">196<\/a><a class=\"rtBibleRef\" href=\"https:\/\/biblia.com\/bible\/nkjv\/Mar%205.2\" target=\"_blank\" rel=\"noopener noreferrer\" data-reference=\"Mar 5.2\" data-version=\"nkjv\" data-purpose=\"bible-reference\">2<\/a>.<\/p>\n<p><sup>4<\/sup>\u201cSees Race Prejudice in Adventist Movement,\u201d\u00a0<em>New York Amsterdam News<\/em>, 9 D\u00e9c. 1961.<\/p>\n<p><sup>5<\/sup>DeWitt S. Osgood, \u201cEvangelism in Iowa,\u201d\u00a0<em>Advent Review and Sabbath Herald,\u00a0<\/em>25 F\u00e9v. 1937.<\/p>\n<p><sup>6<\/sup>L. H. Davis, \u201cNortheastern Workers\u2019 Meeting,\u201d\u00a0<em>Atlantic Union Gleaner<\/em>, 14 F\u00e9v. 1966.<\/p>\n<p>Traduction: Patrick Luciathe<\/p>\n","protected":false},"excerpt":{"rendered":"<p>12 juillet 2020 | Silver Spring, Maryland, \u00c9tats-Unis | Par Ella Smith Simmons L\u2019Encyclop\u00e9die des adventistes du septi\u00e8me jour \u00a0(ESDA) est maintenant librement accessible sur \u00a0encyclopedia.adventist.org. Lanc\u00e9 le mercredi 1er&#8230;<\/p>\n","protected":false},"author":3,"featured_media":60505,"comment_status":"closed","ping_status":"closed","sticky":false,"template":"","format":"standard","meta":{"_acf_changed":false,"footnotes":""},"categories":[18,19],"tags":[],"class_list":["post-60576","post","type-post","status-publish","format-standard","has-post-thumbnail","hentry","category-nouvelles-de-leglise-mondiale","category-rss-francais"],"acf":[],"yoast_head":"<!-- This site is optimized with the Yoast SEO plugin v27.3 - https:\/\/yoast.com\/product\/yoast-seo-wordpress\/ -->\n<title>Un homme qui a pr\u00each\u00e9 \u00e0 ses propres fun\u00e9railles - \u00c9glise Adventiste Du Septieme Jour - Inter Am\u00e9rique Division<\/title>\n<meta name=\"robots\" content=\"index, follow, max-snippet:-1, max-image-preview:large, max-video-preview:-1\" \/>\n<link rel=\"canonical\" href=\"https:\/\/interamerica.org\/fr\/2020\/07\/un-homme-qui-a-preche-a-ses-propres-funerailles\/\" \/>\n<meta property=\"og:locale\" content=\"fr_FR\" \/>\n<meta property=\"og:type\" content=\"article\" \/>\n<meta property=\"og:title\" content=\"Un homme qui a pr\u00each\u00e9 \u00e0 ses propres fun\u00e9railles - \u00c9glise Adventiste Du Septieme Jour - Inter Am\u00e9rique Division\" \/>\n<meta property=\"og:description\" content=\"12 juillet 2020 | Silver Spring, Maryland, \u00c9tats-Unis | Par Ella Smith Simmons L\u2019Encyclop\u00e9die des adventistes du septi\u00e8me jour \u00a0(ESDA) est maintenant librement accessible sur \u00a0encyclopedia.adventist.org. Lanc\u00e9 le mercredi 1er...\" \/>\n<meta property=\"og:url\" content=\"https:\/\/interamerica.org\/fr\/2020\/07\/un-homme-qui-a-preche-a-ses-propres-funerailles\/\" \/>\n<meta property=\"og:site_name\" content=\"\u00c9glise Adventiste Du Septieme Jour - Inter Am\u00e9rique Division\" \/>\n<meta property=\"article:published_time\" content=\"2020-07-13T16:54:03+00:00\" \/>\n<meta property=\"article:modified_time\" content=\"2020-07-14T17:24:34+00:00\" \/>\n<meta property=\"og:image\" content=\"https:\/\/interamerica.org\/wp-content\/uploads\/2020\/07\/ar-encyclopedia-banner-1280.jpg\" \/>\n\t<meta property=\"og:image:width\" content=\"1280\" \/>\n\t<meta property=\"og:image:height\" content=\"800\" \/>\n\t<meta property=\"og:image:type\" content=\"image\/jpeg\" \/>\n<meta name=\"author\" content=\"libna\" \/>\n<meta name=\"twitter:card\" content=\"summary_large_image\" \/>\n<meta name=\"twitter:label1\" content=\"\u00c9crit par\" \/>\n\t<meta name=\"twitter:data1\" content=\"libna\" \/>\n\t<meta name=\"twitter:label2\" content=\"Dur\u00e9e de lecture estim\u00e9e\" \/>\n\t<meta name=\"twitter:data2\" content=\"6 minutes\" \/>\n<script type=\"application\/ld+json\" class=\"yoast-schema-graph\">{\"@context\":\"https:\\\/\\\/schema.org\",\"@graph\":[{\"@type\":\"Article\",\"@id\":\"https:\\\/\\\/interamerica.org\\\/fr\\\/2020\\\/07\\\/un-homme-qui-a-preche-a-ses-propres-funerailles\\\/#article\",\"isPartOf\":{\"@id\":\"https:\\\/\\\/interamerica.org\\\/fr\\\/2020\\\/07\\\/un-homme-qui-a-preche-a-ses-propres-funerailles\\\/\"},\"author\":{\"name\":\"libna\",\"@id\":\"https:\\\/\\\/interamerica.org\\\/fr\\\/#\\\/schema\\\/person\\\/29998f2bc2d8bd0d38662909289b54f1\"},\"headline\":\"Un homme qui a pr\u00each\u00e9 \u00e0 ses propres fun\u00e9railles\",\"datePublished\":\"2020-07-13T16:54:03+00:00\",\"dateModified\":\"2020-07-14T17:24:34+00:00\",\"mainEntityOfPage\":{\"@id\":\"https:\\\/\\\/interamerica.org\\\/fr\\\/2020\\\/07\\\/un-homme-qui-a-preche-a-ses-propres-funerailles\\\/\"},\"wordCount\":1181,\"image\":{\"@id\":\"https:\\\/\\\/interamerica.org\\\/fr\\\/2020\\\/07\\\/un-homme-qui-a-preche-a-ses-propres-funerailles\\\/#primaryimage\"},\"thumbnailUrl\":\"https:\\\/\\\/interamerica.org\\\/wp-content\\\/uploads\\\/2020\\\/07\\\/ar-encyclopedia-banner-1280.jpg\",\"articleSection\":[\"Nouvelles de l'\u00c9glise mondiale\",\"RSS Fran\u00e7ais\"],\"inLanguage\":\"fr-FR\"},{\"@type\":\"WebPage\",\"@id\":\"https:\\\/\\\/interamerica.org\\\/fr\\\/2020\\\/07\\\/un-homme-qui-a-preche-a-ses-propres-funerailles\\\/\",\"url\":\"https:\\\/\\\/interamerica.org\\\/fr\\\/2020\\\/07\\\/un-homme-qui-a-preche-a-ses-propres-funerailles\\\/\",\"name\":\"Un homme qui a pr\u00each\u00e9 \u00e0 ses propres fun\u00e9railles - \u00c9glise Adventiste Du Septieme Jour - Inter Am\u00e9rique Division\",\"isPartOf\":{\"@id\":\"https:\\\/\\\/interamerica.org\\\/fr\\\/#website\"},\"primaryImageOfPage\":{\"@id\":\"https:\\\/\\\/interamerica.org\\\/fr\\\/2020\\\/07\\\/un-homme-qui-a-preche-a-ses-propres-funerailles\\\/#primaryimage\"},\"image\":{\"@id\":\"https:\\\/\\\/interamerica.org\\\/fr\\\/2020\\\/07\\\/un-homme-qui-a-preche-a-ses-propres-funerailles\\\/#primaryimage\"},\"thumbnailUrl\":\"https:\\\/\\\/interamerica.org\\\/wp-content\\\/uploads\\\/2020\\\/07\\\/ar-encyclopedia-banner-1280.jpg\",\"datePublished\":\"2020-07-13T16:54:03+00:00\",\"dateModified\":\"2020-07-14T17:24:34+00:00\",\"author\":{\"@id\":\"https:\\\/\\\/interamerica.org\\\/fr\\\/#\\\/schema\\\/person\\\/29998f2bc2d8bd0d38662909289b54f1\"},\"breadcrumb\":{\"@id\":\"https:\\\/\\\/interamerica.org\\\/fr\\\/2020\\\/07\\\/un-homme-qui-a-preche-a-ses-propres-funerailles\\\/#breadcrumb\"},\"inLanguage\":\"fr-FR\",\"potentialAction\":[{\"@type\":\"ReadAction\",\"target\":[\"https:\\\/\\\/interamerica.org\\\/fr\\\/2020\\\/07\\\/un-homme-qui-a-preche-a-ses-propres-funerailles\\\/\"]}]},{\"@type\":\"ImageObject\",\"inLanguage\":\"fr-FR\",\"@id\":\"https:\\\/\\\/interamerica.org\\\/fr\\\/2020\\\/07\\\/un-homme-qui-a-preche-a-ses-propres-funerailles\\\/#primaryimage\",\"url\":\"https:\\\/\\\/interamerica.org\\\/wp-content\\\/uploads\\\/2020\\\/07\\\/ar-encyclopedia-banner-1280.jpg\",\"contentUrl\":\"https:\\\/\\\/interamerica.org\\\/wp-content\\\/uploads\\\/2020\\\/07\\\/ar-encyclopedia-banner-1280.jpg\",\"width\":1280,\"height\":800,\"caption\":\"Montage photo d'Adventist Review.\"},{\"@type\":\"BreadcrumbList\",\"@id\":\"https:\\\/\\\/interamerica.org\\\/fr\\\/2020\\\/07\\\/un-homme-qui-a-preche-a-ses-propres-funerailles\\\/#breadcrumb\",\"itemListElement\":[{\"@type\":\"ListItem\",\"position\":1,\"name\":\"Home\",\"item\":\"https:\\\/\\\/interamerica.org\\\/fr\\\/\"},{\"@type\":\"ListItem\",\"position\":2,\"name\":\"Un homme qui a pr\u00each\u00e9 \u00e0 ses propres fun\u00e9railles\"}]},{\"@type\":\"WebSite\",\"@id\":\"https:\\\/\\\/interamerica.org\\\/fr\\\/#website\",\"url\":\"https:\\\/\\\/interamerica.org\\\/fr\\\/\",\"name\":\"\u00c9glise Adventiste Du Septieme Jour - Inter Am\u00e9rique Division\",\"description\":\"\",\"potentialAction\":[{\"@type\":\"SearchAction\",\"target\":{\"@type\":\"EntryPoint\",\"urlTemplate\":\"https:\\\/\\\/interamerica.org\\\/fr\\\/?s={search_term_string}\"},\"query-input\":{\"@type\":\"PropertyValueSpecification\",\"valueRequired\":true,\"valueName\":\"search_term_string\"}}],\"inLanguage\":\"fr-FR\"},{\"@type\":\"Person\",\"@id\":\"https:\\\/\\\/interamerica.org\\\/fr\\\/#\\\/schema\\\/person\\\/29998f2bc2d8bd0d38662909289b54f1\",\"name\":\"libna\",\"image\":{\"@type\":\"ImageObject\",\"inLanguage\":\"fr-FR\",\"@id\":\"https:\\\/\\\/secure.gravatar.com\\\/avatar\\\/7c5bd30ae4b47a9ba3c856590957fd1d96dc588bf3ac05719d247e126840331f?s=96&d=mm&r=g\",\"url\":\"https:\\\/\\\/secure.gravatar.com\\\/avatar\\\/7c5bd30ae4b47a9ba3c856590957fd1d96dc588bf3ac05719d247e126840331f?s=96&d=mm&r=g\",\"contentUrl\":\"https:\\\/\\\/secure.gravatar.com\\\/avatar\\\/7c5bd30ae4b47a9ba3c856590957fd1d96dc588bf3ac05719d247e126840331f?s=96&d=mm&r=g\",\"caption\":\"libna\"}}]}<\/script>\n<!-- \/ Yoast SEO plugin. -->","yoast_head_json":{"title":"Un homme qui a pr\u00each\u00e9 \u00e0 ses propres fun\u00e9railles - \u00c9glise Adventiste Du Septieme Jour - Inter Am\u00e9rique Division","robots":{"index":"index","follow":"follow","max-snippet":"max-snippet:-1","max-image-preview":"max-image-preview:large","max-video-preview":"max-video-preview:-1"},"canonical":"https:\/\/interamerica.org\/fr\/2020\/07\/un-homme-qui-a-preche-a-ses-propres-funerailles\/","og_locale":"fr_FR","og_type":"article","og_title":"Un homme qui a pr\u00each\u00e9 \u00e0 ses propres fun\u00e9railles - \u00c9glise Adventiste Du Septieme Jour - Inter Am\u00e9rique Division","og_description":"12 juillet 2020 | Silver Spring, Maryland, \u00c9tats-Unis | Par Ella Smith Simmons L\u2019Encyclop\u00e9die des adventistes du septi\u00e8me jour \u00a0(ESDA) est maintenant librement accessible sur \u00a0encyclopedia.adventist.org. Lanc\u00e9 le mercredi 1er...","og_url":"https:\/\/interamerica.org\/fr\/2020\/07\/un-homme-qui-a-preche-a-ses-propres-funerailles\/","og_site_name":"\u00c9glise Adventiste Du Septieme Jour - Inter Am\u00e9rique Division","article_published_time":"2020-07-13T16:54:03+00:00","article_modified_time":"2020-07-14T17:24:34+00:00","og_image":[{"width":1280,"height":800,"url":"https:\/\/interamerica.org\/wp-content\/uploads\/2020\/07\/ar-encyclopedia-banner-1280.jpg","type":"image\/jpeg"}],"author":"libna","twitter_card":"summary_large_image","twitter_misc":{"\u00c9crit par":"libna","Dur\u00e9e de lecture estim\u00e9e":"6 minutes"},"schema":{"@context":"https:\/\/schema.org","@graph":[{"@type":"Article","@id":"https:\/\/interamerica.org\/fr\/2020\/07\/un-homme-qui-a-preche-a-ses-propres-funerailles\/#article","isPartOf":{"@id":"https:\/\/interamerica.org\/fr\/2020\/07\/un-homme-qui-a-preche-a-ses-propres-funerailles\/"},"author":{"name":"libna","@id":"https:\/\/interamerica.org\/fr\/#\/schema\/person\/29998f2bc2d8bd0d38662909289b54f1"},"headline":"Un homme qui a pr\u00each\u00e9 \u00e0 ses propres fun\u00e9railles","datePublished":"2020-07-13T16:54:03+00:00","dateModified":"2020-07-14T17:24:34+00:00","mainEntityOfPage":{"@id":"https:\/\/interamerica.org\/fr\/2020\/07\/un-homme-qui-a-preche-a-ses-propres-funerailles\/"},"wordCount":1181,"image":{"@id":"https:\/\/interamerica.org\/fr\/2020\/07\/un-homme-qui-a-preche-a-ses-propres-funerailles\/#primaryimage"},"thumbnailUrl":"https:\/\/interamerica.org\/wp-content\/uploads\/2020\/07\/ar-encyclopedia-banner-1280.jpg","articleSection":["Nouvelles de l'\u00c9glise mondiale","RSS Fran\u00e7ais"],"inLanguage":"fr-FR"},{"@type":"WebPage","@id":"https:\/\/interamerica.org\/fr\/2020\/07\/un-homme-qui-a-preche-a-ses-propres-funerailles\/","url":"https:\/\/interamerica.org\/fr\/2020\/07\/un-homme-qui-a-preche-a-ses-propres-funerailles\/","name":"Un homme qui a pr\u00each\u00e9 \u00e0 ses propres fun\u00e9railles - \u00c9glise Adventiste Du Septieme Jour - Inter Am\u00e9rique Division","isPartOf":{"@id":"https:\/\/interamerica.org\/fr\/#website"},"primaryImageOfPage":{"@id":"https:\/\/interamerica.org\/fr\/2020\/07\/un-homme-qui-a-preche-a-ses-propres-funerailles\/#primaryimage"},"image":{"@id":"https:\/\/interamerica.org\/fr\/2020\/07\/un-homme-qui-a-preche-a-ses-propres-funerailles\/#primaryimage"},"thumbnailUrl":"https:\/\/interamerica.org\/wp-content\/uploads\/2020\/07\/ar-encyclopedia-banner-1280.jpg","datePublished":"2020-07-13T16:54:03+00:00","dateModified":"2020-07-14T17:24:34+00:00","author":{"@id":"https:\/\/interamerica.org\/fr\/#\/schema\/person\/29998f2bc2d8bd0d38662909289b54f1"},"breadcrumb":{"@id":"https:\/\/interamerica.org\/fr\/2020\/07\/un-homme-qui-a-preche-a-ses-propres-funerailles\/#breadcrumb"},"inLanguage":"fr-FR","potentialAction":[{"@type":"ReadAction","target":["https:\/\/interamerica.org\/fr\/2020\/07\/un-homme-qui-a-preche-a-ses-propres-funerailles\/"]}]},{"@type":"ImageObject","inLanguage":"fr-FR","@id":"https:\/\/interamerica.org\/fr\/2020\/07\/un-homme-qui-a-preche-a-ses-propres-funerailles\/#primaryimage","url":"https:\/\/interamerica.org\/wp-content\/uploads\/2020\/07\/ar-encyclopedia-banner-1280.jpg","contentUrl":"https:\/\/interamerica.org\/wp-content\/uploads\/2020\/07\/ar-encyclopedia-banner-1280.jpg","width":1280,"height":800,"caption":"Montage photo d'Adventist Review."},{"@type":"BreadcrumbList","@id":"https:\/\/interamerica.org\/fr\/2020\/07\/un-homme-qui-a-preche-a-ses-propres-funerailles\/#breadcrumb","itemListElement":[{"@type":"ListItem","position":1,"name":"Home","item":"https:\/\/interamerica.org\/fr\/"},{"@type":"ListItem","position":2,"name":"Un homme qui a pr\u00each\u00e9 \u00e0 ses propres fun\u00e9railles"}]},{"@type":"WebSite","@id":"https:\/\/interamerica.org\/fr\/#website","url":"https:\/\/interamerica.org\/fr\/","name":"\u00c9glise Adventiste Du Septieme Jour - Inter Am\u00e9rique Division","description":"","potentialAction":[{"@type":"SearchAction","target":{"@type":"EntryPoint","urlTemplate":"https:\/\/interamerica.org\/fr\/?s={search_term_string}"},"query-input":{"@type":"PropertyValueSpecification","valueRequired":true,"valueName":"search_term_string"}}],"inLanguage":"fr-FR"},{"@type":"Person","@id":"https:\/\/interamerica.org\/fr\/#\/schema\/person\/29998f2bc2d8bd0d38662909289b54f1","name":"libna","image":{"@type":"ImageObject","inLanguage":"fr-FR","@id":"https:\/\/secure.gravatar.com\/avatar\/7c5bd30ae4b47a9ba3c856590957fd1d96dc588bf3ac05719d247e126840331f?s=96&d=mm&r=g","url":"https:\/\/secure.gravatar.com\/avatar\/7c5bd30ae4b47a9ba3c856590957fd1d96dc588bf3ac05719d247e126840331f?s=96&d=mm&r=g","contentUrl":"https:\/\/secure.gravatar.com\/avatar\/7c5bd30ae4b47a9ba3c856590957fd1d96dc588bf3ac05719d247e126840331f?s=96&d=mm&r=g","caption":"libna"}}]}},"_links":{"self":[{"href":"https:\/\/interamerica.org\/fr\/wp-json\/wp\/v2\/posts\/60576","targetHints":{"allow":["GET"]}}],"collection":[{"href":"https:\/\/interamerica.org\/fr\/wp-json\/wp\/v2\/posts"}],"about":[{"href":"https:\/\/interamerica.org\/fr\/wp-json\/wp\/v2\/types\/post"}],"author":[{"embeddable":true,"href":"https:\/\/interamerica.org\/fr\/wp-json\/wp\/v2\/users\/3"}],"replies":[{"embeddable":true,"href":"https:\/\/interamerica.org\/fr\/wp-json\/wp\/v2\/comments?post=60576"}],"version-history":[{"count":0,"href":"https:\/\/interamerica.org\/fr\/wp-json\/wp\/v2\/posts\/60576\/revisions"}],"wp:featuredmedia":[{"embeddable":true,"href":"https:\/\/interamerica.org\/fr\/wp-json\/wp\/v2\/media\/60505"}],"wp:attachment":[{"href":"https:\/\/interamerica.org\/fr\/wp-json\/wp\/v2\/media?parent=60576"}],"wp:term":[{"taxonomy":"category","embeddable":true,"href":"https:\/\/interamerica.org\/fr\/wp-json\/wp\/v2\/categories?post=60576"},{"taxonomy":"post_tag","embeddable":true,"href":"https:\/\/interamerica.org\/fr\/wp-json\/wp\/v2\/tags?post=60576"}],"curies":[{"name":"wp","href":"https:\/\/api.w.org\/{rel}","templated":true}]}}