{"id":60617,"date":"2020-07-13T19:34:27","date_gmt":"2020-07-13T23:34:27","guid":{"rendered":"https:\/\/recursing-golick.147-182-135-0.plesk.page\/?p=60617"},"modified":"2020-07-15T10:57:41","modified_gmt":"2020-07-15T14:57:41","slug":"a-la-television-nationale-le-pdg-dadventhealth-discute-des-soins-pour-le-covid-des-masques-et-de-louverture-de-disney","status":"publish","type":"post","link":"https:\/\/interamerica.org\/fr\/2020\/07\/a-la-television-nationale-le-pdg-dadventhealth-discute-des-soins-pour-le-covid-des-masques-et-de-louverture-de-disney\/","title":{"rendered":"\u00c0 la t\u00e9l\u00e9vision nationale, le PDG d\u2019AdventHealth discute des soins pour le COVID, des masques et de l\u2019ouverture de Disney"},"content":{"rendered":"<p><span class=\"byline-news\">13 Juillet 2020 | Silver Spring, Maryland, \u00c9tats-Unis | Par Marcos Paseggi, <\/span><em><span class=\"byline-news\">Adventist Review<\/span><\/em><\/p>\n<p><span class=\"cap\">D<\/span>ans une interview sur une t\u00e9l\u00e9vision nationale diffus\u00e9e en direct le 12 juillet 2020, le PDG d\u2019AdventHealth, Terry Shaw, a mis l\u2019accent sur les pr\u00e9paratifs minutieux faits par le r\u00e9seau hospitalier et sur la qualit\u00e9 de soin offerte par les \u00e9quipes qu&rsquo;il dirige alors qu\u2019une vague sans pr\u00e9c\u00e9dent de COVID-19 s\u00e9vit dans l\u2019\u00e9tat am\u00e9ricain de Floride et au-del\u00e0.<\/p>\n<p>Dans une interview donn\u00e9e en direct dans l\u2019\u00e9mission de longue date de CBS News <em>Face the Nation<\/em>, Terry Shaw a mis l\u2019accent sur les actions proactives prises par AdventHealth, alors qu\u2019il faisait l\u2019\u00e9loge de ce qu\u2019il a qualifi\u00e9 \u00ab d\u2019extraordinaire travail \u00bb des \u00e9quipes cliniques de l\u2019organisation.<\/p>\n<p>\u00ab Je suis reconnaissant de ce que nous ayons eu plusieurs mois pour apprendre \u00e0 traiter la maladie, \u00bb a dit Terry Shaw en r\u00e9pondant \u00e0 la question de Margaret Brennan sur l\u2019\u00e9tat actuel des pr\u00e9paratifs. \u00ab Nous sommes bien mieux pr\u00e9par\u00e9s en juillet que nous ne l\u2019\u00e9tions en mars. Nous avons un \u00e9quipement de protection individuelle [EPI] ad\u00e9quat. Nous avons un stock de respirateurs, et nous avons une \u00e9quipe clinique incroyable qui a pris les meilleures pratiques en place dans le monde entier et les a int\u00e9gr\u00e9es \u00e0 nos protocoles de traitement. \u00bb<\/p>\n<p><strong>Les R\u00e9sultats<\/strong><\/p>\n<p>Terry Shaw a poursuivi en expliquant que suite \u00e0 la mise en place de ces protocoles stricts, le nombre de patients atteints du COVID-19 dans les unit\u00e9s de soins intensifs dans les dizaines d\u2019h\u00f4pitaux du r\u00e9seau AdventHealth en Floride, a \u00e9t\u00e9 r\u00e9duit de moiti\u00e9. C\u2019est aussi le cas pour le nombre de personnes venant dans les h\u00f4pitaux AdventHealth et qui ont besoin d\u2019un respirateur. \u00ab Et par rapport \u00e0 tout cela, notre taux de mortalit\u00e9 a \u00e9galement \u00e9t\u00e9 r\u00e9duit de moiti\u00e9 pendant cette p\u00e9riode, \u00bb a-t-il d\u00e9clar\u00e9 \u00e0 Margaret Brennan.<\/p>\n<p><div id=\"attachment_60555\" style=\"width: 810px\" class=\"wp-caption aligncenter\"><img fetchpriority=\"high\" decoding=\"async\" aria-describedby=\"caption-attachment-60555\" class=\"wp-image-60554\" src=\"https:\/\/recursing-golick.147-182-135-0.plesk.page\/wp-content\/uploads\/2020\/07\/terry-shaw-adventhealth-cnn-1280-1024x640.jpg\" alt=\"\" width=\"800\" height=\"500\" srcset=\"https:\/\/interamerica.org\/wp-content\/uploads\/2020\/07\/terry-shaw-adventhealth-cnn-1280-1024x640.jpg 1024w, https:\/\/interamerica.org\/wp-content\/uploads\/2020\/07\/terry-shaw-adventhealth-cnn-1280-300x187.jpg 300w, https:\/\/interamerica.org\/wp-content\/uploads\/2020\/07\/terry-shaw-adventhealth-cnn-1280-768x480.jpg 768w, https:\/\/interamerica.org\/wp-content\/uploads\/2020\/07\/terry-shaw-adventhealth-cnn-1280.jpg 1050w\" sizes=\"(max-width: 800px) 100vw, 800px\" \/><p id=\"caption-attachment-60555\" class=\"wp-caption-text\">[Capture d&rsquo;\u00e9cran de : CBS News]<\/p><\/div>Interrog\u00e9 sur le pic des hospitalisations, Terry Shaw a d\u00e9clar\u00e9 qu\u2019il pensait que la Floride n\u2019avait pas encore atteint le pic. Il a appel\u00e9 les gens \u00e0 suivre les conseils relatifs au port du masque et au maintien d\u2019une distance physique. \u00ab Le COVID se transmet d\u2019une personne \u00e0 une autre, et nous pouvons tous faire mieux en nous assurant que nous prenons soin les uns des autres juste en portant un simple masque et en restant \u00e0 2 m\u00e8tres de distance des autres personnes, \u00bb a conseill\u00e9 Terry Shaw.<\/p>\n<p><strong>Investissement Substantiel<\/strong><\/p>\n<p>Terry Shaw a pr\u00e9cis\u00e9 que les r\u00e9sultats positifs obtenus actuellement par AdventHealth ne sont pas le fruit du hasard. Les \u00e9quipes d\u2019AdventHealth ont appris tout ce qu\u2019elles pouvaient pour d\u00e9velopper et am\u00e9liorer leurs protocoles, mais ont \u00e9galement \u00e9t\u00e9 soutenues par l\u2019engagement pr\u00e9coce de l\u2019organisation en mati\u00e8re de pr\u00e9paration.<\/p>\n<p>\u00ab En mars et avril, nous avons d\u00e9pens\u00e9 \u00e9norm\u00e9ment d\u2019argent en EPI, et nous continuons \u00e0 stocker les EPI dont nous avons si d\u00e9sesp\u00e9r\u00e9ment besoin en ce moment, \u00bb a d\u00e9clar\u00e9 Terry Shaw. Il a ajout\u00e9 que AdventHealth re\u00e7oit des envois de Remdesivir, un m\u00e9dicament antiviral \u00e0 large spectre, afin qu\u2019ils en \u00ab aient suffisamment pour continuer \u00e0 soigner les gens. \u00bb<\/p>\n<p><strong>Un syst\u00e8me Multi-\u00e9tats<\/strong><\/p>\n<p>Lors de l\u2019\u00e9mission du 12 juillet, qui comprenait des entretiens avec le chirurgien g\u00e9n\u00e9ral am\u00e9ricain Jerome Adams et d\u2019autres, Terry Shaw a soulign\u00e9 la nature multi-\u00e9tats des soins de sant\u00e9 adventistes. Il a dit qu\u2019ils travaillaient avec des institutions au Colorado pour amener des cliniciens \u00e0 r\u00e9pondre aux besoins du personnel de la Floride. Cela est essentiel pour maintenir le niveau de soins, a-t-il d\u00e9clar\u00e9.<\/p>\n<p>\u00ab Il est tr\u00e8s important que vous ayez la possibilit\u00e9 de d\u00e9placer le personnel au sein de l\u2019\u00e9tat, \u00bb a d\u00e9clar\u00e9 Terry Shaw. \u00ab [Nous avons d\u00e9velopp\u00e9] un programme de red\u00e9ploiement du personnel qui nous a permis de d\u00e9placer des ressources essentielles au sein de notre organisation, \u00e0 la fois dans l\u2019\u00e9tat de Floride, et de l\u2019ext\u00e9rieur de l\u2019\u00e9tat vers la Floride, ou vice versa, en fonction de l\u2019endroit o\u00f9 les pics se produisaient et de l\u2019endroit o\u00f9 l\u2019on avait besoin le plus de ces personnes. \u00bb<\/p>\n<p>Chaque d\u00e9cision, a soulign\u00e9 Terry Shaw, a \u00e9t\u00e9 prise pour mettre l\u2019accent sur la fa\u00e7on de mieux soigner les gens.<\/p>\n<p><strong>Conseils <\/strong><strong>\u00e0 Walt Disney World Resort<\/strong><\/p>\n<p>L\u2019interview de Terry Shaw a eu lieu le m\u00eame jour o\u00f9 le Walt Disney World Resort pr\u00e8s d\u2019Orlando, en Floride, a ouvert ses portes au public apr\u00e8s des semaines de fermeture. De nombreux experts se demandent si cela a \u00e9t\u00e9 une sage d\u00e9cision \u00e0 un moment o\u00f9 le nombre de cas est mont\u00e9 en fl\u00e8che dans la r\u00e9gion. AdventHealth fournit des conseils et un soutien au plan de r\u00e9ouverture de Disney. La derni\u00e8re question de Margaret Brennan \u00e0 Terry Shaw cherchait \u00e0 obtenir son avis.<\/p>\n<p>\u00ab En tant qu\u2019organisation fournissant des soins de sant\u00e9, mon travail consiste \u00e0 aider les gens \u00e0 faire les choses en toute s\u00e9curit\u00e9, \u00bb a r\u00e9pondu Terry Shaw. \u00ab Vu l\u2019approche adopt\u00e9e par Disney sur cette question : limite du nombre de personnes, tous les examens auxquels ils proc\u00e8dent \u2026 Je n\u2019h\u00e9siterais pas \u00e0 me rendre \u00e0 Disney en tant que PDG d\u2019un \u00e9tablissement de de sant\u00e9, \u00e9tant donn\u00e9 qu\u2019ils travaillent tr\u00e8s dur pour faire en sorte que les gens restent en s\u00e9curit\u00e9. \u00bb<\/p>\n<p><strong>Confiant et rassurant<\/strong><\/p>\n<p>Le r\u00e9dacteur en chef d&rsquo;<i>Adventist Review<\/i>\u00a0Bill Knott, a d\u00e9clar\u00e9 qu\u2019il avait appr\u00e9ci\u00e9 l\u2019interview. \u00ab J\u2019ai appr\u00e9ci\u00e9 les r\u00e9ponses de Terry Shaw qui ont permis d\u2019expliquer clairement la n\u00e9cessit\u00e9 pour le syst\u00e8me hospitalier d\u2019avoir une planification minutieuse, ainsi que l\u2019importance du d\u00e9ploiement strat\u00e9gique du personnel n\u00e9cessaire dans le syst\u00e8me [AdventHealth]. \u00bb<\/p>\n<p>Selon Bill Knott, Terry Shaw a g\u00e9r\u00e9 les questions et les probl\u00e8mes avec assurance.<\/p>\n<p>&nbsp;<\/p>\n<p><i>Face the Nation<\/i>\u00a0Face the Nation est un programme d\u2019information hebdomadaire am\u00e9ricain diffus\u00e9 le dimanche. Cr\u00e9\u00e9 en 1954, il figure sur la liste des programmes d\u2019information les plus anciens de l\u2019histoire de la t\u00e9l\u00e9vision. Il comprend g\u00e9n\u00e9ralement des interviews de personnalit\u00e9s \u00e9minentes, de politiciens et d\u2019auteurs.<\/p>\n<p><strong>A propos d&rsquo;AdventHealth<\/strong><\/p>\n<p>Avec sa mission d\u00e9clar\u00e9e \u00ab d\u2019\u00e9tendre le minist\u00e8re de gu\u00e9rison du Christ, \u00bb AdventHealth emploie plus de 80000 personnes dans pr\u00e8s de 50 \u00e9tablissements sanitaires dans douze \u00e9tats am\u00e9ricains. D\u2019apr\u00e8s le site web du r\u00e9seau sanitaire, l\u2019organisation a pour mission d\u2019\u00eatre les mains et les pieds de J\u00e9sus pour aider les gens \u00e0 retrouver la sant\u00e9.<\/p>\n<p>Elle ajoute : \u00ab Notre histoire est une histoire d\u2019esp\u00e9rance, une histoire qui s\u2019efforce de gu\u00e9rir et de restaurer le corps et l\u2019esprit. \u00bb<\/p>\n<p>Traduction: Patrick Luciathe<\/p>\n","protected":false},"excerpt":{"rendered":"<p>13 Juillet 2020 | Silver Spring, Maryland, \u00c9tats-Unis | Par Marcos Paseggi, Adventist Review Dans une interview sur une t\u00e9l\u00e9vision nationale diffus\u00e9e en direct le 12 juillet 2020, le PDG&#8230;<\/p>\n","protected":false},"author":3,"featured_media":60552,"comment_status":"closed","ping_status":"closed","sticky":false,"template":"","format":"standard","meta":{"_acf_changed":false,"footnotes":""},"categories":[18,19],"tags":[],"class_list":["post-60617","post","type-post","status-publish","format-standard","has-post-thumbnail","hentry","category-nouvelles-de-leglise-mondiale","category-rss-francais"],"acf":[],"yoast_head":"<!-- This site is optimized with the Yoast SEO plugin v27.3 - https:\/\/yoast.com\/product\/yoast-seo-wordpress\/ -->\n<title>\u00c0 la t\u00e9l\u00e9vision nationale, le PDG d\u2019AdventHealth discute des soins pour le COVID, des masques et de l\u2019ouverture de Disney - \u00c9glise Adventiste Du Septieme Jour - Inter Am\u00e9rique Division<\/title>\n<meta name=\"robots\" content=\"index, follow, max-snippet:-1, max-image-preview:large, max-video-preview:-1\" \/>\n<link rel=\"canonical\" href=\"https:\/\/interamerica.org\/fr\/2020\/07\/a-la-television-nationale-le-pdg-dadventhealth-discute-des-soins-pour-le-covid-des-masques-et-de-louverture-de-disney\/\" \/>\n<meta property=\"og:locale\" content=\"fr_FR\" \/>\n<meta property=\"og:type\" content=\"article\" \/>\n<meta property=\"og:title\" content=\"\u00c0 la t\u00e9l\u00e9vision nationale, le PDG d\u2019AdventHealth discute des soins pour le COVID, des masques et de l\u2019ouverture de Disney - \u00c9glise Adventiste Du Septieme Jour - Inter Am\u00e9rique Division\" \/>\n<meta property=\"og:description\" content=\"13 Juillet 2020 | Silver Spring, Maryland, \u00c9tats-Unis | Par Marcos Paseggi, Adventist Review Dans une interview sur une t\u00e9l\u00e9vision nationale diffus\u00e9e en direct le 12 juillet 2020, le PDG...\" \/>\n<meta property=\"og:url\" content=\"https:\/\/interamerica.org\/fr\/2020\/07\/a-la-television-nationale-le-pdg-dadventhealth-discute-des-soins-pour-le-covid-des-masques-et-de-louverture-de-disney\/\" \/>\n<meta property=\"og:site_name\" content=\"\u00c9glise Adventiste Du Septieme Jour - Inter Am\u00e9rique Division\" \/>\n<meta property=\"article:published_time\" content=\"2020-07-13T23:34:27+00:00\" \/>\n<meta property=\"article:modified_time\" content=\"2020-07-15T14:57:41+00:00\" \/>\n<meta property=\"og:image\" content=\"https:\/\/interamerica.org\/wp-content\/uploads\/2020\/07\/on-national-television-adventhealth-ceo-discusses-covid-care-masks-and-disney-opening-1280.jpg\" \/>\n\t<meta property=\"og:image:width\" content=\"1280\" \/>\n\t<meta property=\"og:image:height\" content=\"800\" \/>\n\t<meta property=\"og:image:type\" content=\"image\/jpeg\" \/>\n<meta name=\"author\" content=\"libna\" \/>\n<meta name=\"twitter:card\" content=\"summary_large_image\" \/>\n<meta name=\"twitter:label1\" content=\"\u00c9crit par\" \/>\n\t<meta name=\"twitter:data1\" content=\"libna\" \/>\n\t<meta name=\"twitter:label2\" content=\"Dur\u00e9e de lecture estim\u00e9e\" \/>\n\t<meta name=\"twitter:data2\" content=\"6 minutes\" \/>\n<script type=\"application\/ld+json\" class=\"yoast-schema-graph\">{\"@context\":\"https:\\\/\\\/schema.org\",\"@graph\":[{\"@type\":\"Article\",\"@id\":\"https:\\\/\\\/interamerica.org\\\/fr\\\/2020\\\/07\\\/a-la-television-nationale-le-pdg-dadventhealth-discute-des-soins-pour-le-covid-des-masques-et-de-louverture-de-disney\\\/#article\",\"isPartOf\":{\"@id\":\"https:\\\/\\\/interamerica.org\\\/fr\\\/2020\\\/07\\\/a-la-television-nationale-le-pdg-dadventhealth-discute-des-soins-pour-le-covid-des-masques-et-de-louverture-de-disney\\\/\"},\"author\":{\"name\":\"libna\",\"@id\":\"https:\\\/\\\/interamerica.org\\\/fr\\\/#\\\/schema\\\/person\\\/29998f2bc2d8bd0d38662909289b54f1\"},\"headline\":\"\u00c0 la t\u00e9l\u00e9vision nationale, le PDG d\u2019AdventHealth discute des soins pour le COVID, des masques et de l\u2019ouverture de Disney\",\"datePublished\":\"2020-07-13T23:34:27+00:00\",\"dateModified\":\"2020-07-15T14:57:41+00:00\",\"mainEntityOfPage\":{\"@id\":\"https:\\\/\\\/interamerica.org\\\/fr\\\/2020\\\/07\\\/a-la-television-nationale-le-pdg-dadventhealth-discute-des-soins-pour-le-covid-des-masques-et-de-louverture-de-disney\\\/\"},\"wordCount\":1198,\"image\":{\"@id\":\"https:\\\/\\\/interamerica.org\\\/fr\\\/2020\\\/07\\\/a-la-television-nationale-le-pdg-dadventhealth-discute-des-soins-pour-le-covid-des-masques-et-de-louverture-de-disney\\\/#primaryimage\"},\"thumbnailUrl\":\"https:\\\/\\\/interamerica.org\\\/wp-content\\\/uploads\\\/2020\\\/07\\\/on-national-television-adventhealth-ceo-discusses-covid-care-masks-and-disney-opening-1280.jpg\",\"articleSection\":[\"Nouvelles de l'\u00c9glise mondiale\",\"RSS Fran\u00e7ais\"],\"inLanguage\":\"fr-FR\"},{\"@type\":\"WebPage\",\"@id\":\"https:\\\/\\\/interamerica.org\\\/fr\\\/2020\\\/07\\\/a-la-television-nationale-le-pdg-dadventhealth-discute-des-soins-pour-le-covid-des-masques-et-de-louverture-de-disney\\\/\",\"url\":\"https:\\\/\\\/interamerica.org\\\/fr\\\/2020\\\/07\\\/a-la-television-nationale-le-pdg-dadventhealth-discute-des-soins-pour-le-covid-des-masques-et-de-louverture-de-disney\\\/\",\"name\":\"\u00c0 la t\u00e9l\u00e9vision nationale, le PDG d\u2019AdventHealth discute des soins pour le COVID, des masques et de l\u2019ouverture de Disney - \u00c9glise Adventiste Du Septieme Jour - Inter Am\u00e9rique Division\",\"isPartOf\":{\"@id\":\"https:\\\/\\\/interamerica.org\\\/fr\\\/#website\"},\"primaryImageOfPage\":{\"@id\":\"https:\\\/\\\/interamerica.org\\\/fr\\\/2020\\\/07\\\/a-la-television-nationale-le-pdg-dadventhealth-discute-des-soins-pour-le-covid-des-masques-et-de-louverture-de-disney\\\/#primaryimage\"},\"image\":{\"@id\":\"https:\\\/\\\/interamerica.org\\\/fr\\\/2020\\\/07\\\/a-la-television-nationale-le-pdg-dadventhealth-discute-des-soins-pour-le-covid-des-masques-et-de-louverture-de-disney\\\/#primaryimage\"},\"thumbnailUrl\":\"https:\\\/\\\/interamerica.org\\\/wp-content\\\/uploads\\\/2020\\\/07\\\/on-national-television-adventhealth-ceo-discusses-covid-care-masks-and-disney-opening-1280.jpg\",\"datePublished\":\"2020-07-13T23:34:27+00:00\",\"dateModified\":\"2020-07-15T14:57:41+00:00\",\"author\":{\"@id\":\"https:\\\/\\\/interamerica.org\\\/fr\\\/#\\\/schema\\\/person\\\/29998f2bc2d8bd0d38662909289b54f1\"},\"breadcrumb\":{\"@id\":\"https:\\\/\\\/interamerica.org\\\/fr\\\/2020\\\/07\\\/a-la-television-nationale-le-pdg-dadventhealth-discute-des-soins-pour-le-covid-des-masques-et-de-louverture-de-disney\\\/#breadcrumb\"},\"inLanguage\":\"fr-FR\",\"potentialAction\":[{\"@type\":\"ReadAction\",\"target\":[\"https:\\\/\\\/interamerica.org\\\/fr\\\/2020\\\/07\\\/a-la-television-nationale-le-pdg-dadventhealth-discute-des-soins-pour-le-covid-des-masques-et-de-louverture-de-disney\\\/\"]}]},{\"@type\":\"ImageObject\",\"inLanguage\":\"fr-FR\",\"@id\":\"https:\\\/\\\/interamerica.org\\\/fr\\\/2020\\\/07\\\/a-la-television-nationale-le-pdg-dadventhealth-discute-des-soins-pour-le-covid-des-masques-et-de-louverture-de-disney\\\/#primaryimage\",\"url\":\"https:\\\/\\\/interamerica.org\\\/wp-content\\\/uploads\\\/2020\\\/07\\\/on-national-television-adventhealth-ceo-discusses-covid-care-masks-and-disney-opening-1280.jpg\",\"contentUrl\":\"https:\\\/\\\/interamerica.org\\\/wp-content\\\/uploads\\\/2020\\\/07\\\/on-national-television-adventhealth-ceo-discusses-covid-care-masks-and-disney-opening-1280.jpg\",\"width\":1280,\"height\":800},{\"@type\":\"BreadcrumbList\",\"@id\":\"https:\\\/\\\/interamerica.org\\\/fr\\\/2020\\\/07\\\/a-la-television-nationale-le-pdg-dadventhealth-discute-des-soins-pour-le-covid-des-masques-et-de-louverture-de-disney\\\/#breadcrumb\",\"itemListElement\":[{\"@type\":\"ListItem\",\"position\":1,\"name\":\"Home\",\"item\":\"https:\\\/\\\/interamerica.org\\\/fr\\\/\"},{\"@type\":\"ListItem\",\"position\":2,\"name\":\"\u00c0 la t\u00e9l\u00e9vision nationale, le PDG d\u2019AdventHealth discute des soins pour le COVID, des masques et de l\u2019ouverture de Disney\"}]},{\"@type\":\"WebSite\",\"@id\":\"https:\\\/\\\/interamerica.org\\\/fr\\\/#website\",\"url\":\"https:\\\/\\\/interamerica.org\\\/fr\\\/\",\"name\":\"\u00c9glise Adventiste Du Septieme Jour - Inter Am\u00e9rique Division\",\"description\":\"\",\"potentialAction\":[{\"@type\":\"SearchAction\",\"target\":{\"@type\":\"EntryPoint\",\"urlTemplate\":\"https:\\\/\\\/interamerica.org\\\/fr\\\/?s={search_term_string}\"},\"query-input\":{\"@type\":\"PropertyValueSpecification\",\"valueRequired\":true,\"valueName\":\"search_term_string\"}}],\"inLanguage\":\"fr-FR\"},{\"@type\":\"Person\",\"@id\":\"https:\\\/\\\/interamerica.org\\\/fr\\\/#\\\/schema\\\/person\\\/29998f2bc2d8bd0d38662909289b54f1\",\"name\":\"libna\",\"image\":{\"@type\":\"ImageObject\",\"inLanguage\":\"fr-FR\",\"@id\":\"https:\\\/\\\/secure.gravatar.com\\\/avatar\\\/7c5bd30ae4b47a9ba3c856590957fd1d96dc588bf3ac05719d247e126840331f?s=96&d=mm&r=g\",\"url\":\"https:\\\/\\\/secure.gravatar.com\\\/avatar\\\/7c5bd30ae4b47a9ba3c856590957fd1d96dc588bf3ac05719d247e126840331f?s=96&d=mm&r=g\",\"contentUrl\":\"https:\\\/\\\/secure.gravatar.com\\\/avatar\\\/7c5bd30ae4b47a9ba3c856590957fd1d96dc588bf3ac05719d247e126840331f?s=96&d=mm&r=g\",\"caption\":\"libna\"}}]}<\/script>\n<!-- \/ Yoast SEO plugin. -->","yoast_head_json":{"title":"\u00c0 la t\u00e9l\u00e9vision nationale, le PDG d\u2019AdventHealth discute des soins pour le COVID, des masques et de l\u2019ouverture de Disney - \u00c9glise Adventiste Du Septieme Jour - Inter Am\u00e9rique Division","robots":{"index":"index","follow":"follow","max-snippet":"max-snippet:-1","max-image-preview":"max-image-preview:large","max-video-preview":"max-video-preview:-1"},"canonical":"https:\/\/interamerica.org\/fr\/2020\/07\/a-la-television-nationale-le-pdg-dadventhealth-discute-des-soins-pour-le-covid-des-masques-et-de-louverture-de-disney\/","og_locale":"fr_FR","og_type":"article","og_title":"\u00c0 la t\u00e9l\u00e9vision nationale, le PDG d\u2019AdventHealth discute des soins pour le COVID, des masques et de l\u2019ouverture de Disney - \u00c9glise Adventiste Du Septieme Jour - Inter Am\u00e9rique Division","og_description":"13 Juillet 2020 | Silver Spring, Maryland, \u00c9tats-Unis | Par Marcos Paseggi, Adventist Review Dans une interview sur une t\u00e9l\u00e9vision nationale diffus\u00e9e en direct le 12 juillet 2020, le PDG...","og_url":"https:\/\/interamerica.org\/fr\/2020\/07\/a-la-television-nationale-le-pdg-dadventhealth-discute-des-soins-pour-le-covid-des-masques-et-de-louverture-de-disney\/","og_site_name":"\u00c9glise Adventiste Du Septieme Jour - Inter Am\u00e9rique Division","article_published_time":"2020-07-13T23:34:27+00:00","article_modified_time":"2020-07-15T14:57:41+00:00","og_image":[{"width":1280,"height":800,"url":"https:\/\/interamerica.org\/wp-content\/uploads\/2020\/07\/on-national-television-adventhealth-ceo-discusses-covid-care-masks-and-disney-opening-1280.jpg","type":"image\/jpeg"}],"author":"libna","twitter_card":"summary_large_image","twitter_misc":{"\u00c9crit par":"libna","Dur\u00e9e de lecture estim\u00e9e":"6 minutes"},"schema":{"@context":"https:\/\/schema.org","@graph":[{"@type":"Article","@id":"https:\/\/interamerica.org\/fr\/2020\/07\/a-la-television-nationale-le-pdg-dadventhealth-discute-des-soins-pour-le-covid-des-masques-et-de-louverture-de-disney\/#article","isPartOf":{"@id":"https:\/\/interamerica.org\/fr\/2020\/07\/a-la-television-nationale-le-pdg-dadventhealth-discute-des-soins-pour-le-covid-des-masques-et-de-louverture-de-disney\/"},"author":{"name":"libna","@id":"https:\/\/interamerica.org\/fr\/#\/schema\/person\/29998f2bc2d8bd0d38662909289b54f1"},"headline":"\u00c0 la t\u00e9l\u00e9vision nationale, le PDG d\u2019AdventHealth discute des soins pour le COVID, des masques et de l\u2019ouverture de Disney","datePublished":"2020-07-13T23:34:27+00:00","dateModified":"2020-07-15T14:57:41+00:00","mainEntityOfPage":{"@id":"https:\/\/interamerica.org\/fr\/2020\/07\/a-la-television-nationale-le-pdg-dadventhealth-discute-des-soins-pour-le-covid-des-masques-et-de-louverture-de-disney\/"},"wordCount":1198,"image":{"@id":"https:\/\/interamerica.org\/fr\/2020\/07\/a-la-television-nationale-le-pdg-dadventhealth-discute-des-soins-pour-le-covid-des-masques-et-de-louverture-de-disney\/#primaryimage"},"thumbnailUrl":"https:\/\/interamerica.org\/wp-content\/uploads\/2020\/07\/on-national-television-adventhealth-ceo-discusses-covid-care-masks-and-disney-opening-1280.jpg","articleSection":["Nouvelles de l'\u00c9glise mondiale","RSS Fran\u00e7ais"],"inLanguage":"fr-FR"},{"@type":"WebPage","@id":"https:\/\/interamerica.org\/fr\/2020\/07\/a-la-television-nationale-le-pdg-dadventhealth-discute-des-soins-pour-le-covid-des-masques-et-de-louverture-de-disney\/","url":"https:\/\/interamerica.org\/fr\/2020\/07\/a-la-television-nationale-le-pdg-dadventhealth-discute-des-soins-pour-le-covid-des-masques-et-de-louverture-de-disney\/","name":"\u00c0 la t\u00e9l\u00e9vision nationale, le PDG d\u2019AdventHealth discute des soins pour le COVID, des masques et de l\u2019ouverture de Disney - \u00c9glise Adventiste Du Septieme Jour - Inter Am\u00e9rique Division","isPartOf":{"@id":"https:\/\/interamerica.org\/fr\/#website"},"primaryImageOfPage":{"@id":"https:\/\/interamerica.org\/fr\/2020\/07\/a-la-television-nationale-le-pdg-dadventhealth-discute-des-soins-pour-le-covid-des-masques-et-de-louverture-de-disney\/#primaryimage"},"image":{"@id":"https:\/\/interamerica.org\/fr\/2020\/07\/a-la-television-nationale-le-pdg-dadventhealth-discute-des-soins-pour-le-covid-des-masques-et-de-louverture-de-disney\/#primaryimage"},"thumbnailUrl":"https:\/\/interamerica.org\/wp-content\/uploads\/2020\/07\/on-national-television-adventhealth-ceo-discusses-covid-care-masks-and-disney-opening-1280.jpg","datePublished":"2020-07-13T23:34:27+00:00","dateModified":"2020-07-15T14:57:41+00:00","author":{"@id":"https:\/\/interamerica.org\/fr\/#\/schema\/person\/29998f2bc2d8bd0d38662909289b54f1"},"breadcrumb":{"@id":"https:\/\/interamerica.org\/fr\/2020\/07\/a-la-television-nationale-le-pdg-dadventhealth-discute-des-soins-pour-le-covid-des-masques-et-de-louverture-de-disney\/#breadcrumb"},"inLanguage":"fr-FR","potentialAction":[{"@type":"ReadAction","target":["https:\/\/interamerica.org\/fr\/2020\/07\/a-la-television-nationale-le-pdg-dadventhealth-discute-des-soins-pour-le-covid-des-masques-et-de-louverture-de-disney\/"]}]},{"@type":"ImageObject","inLanguage":"fr-FR","@id":"https:\/\/interamerica.org\/fr\/2020\/07\/a-la-television-nationale-le-pdg-dadventhealth-discute-des-soins-pour-le-covid-des-masques-et-de-louverture-de-disney\/#primaryimage","url":"https:\/\/interamerica.org\/wp-content\/uploads\/2020\/07\/on-national-television-adventhealth-ceo-discusses-covid-care-masks-and-disney-opening-1280.jpg","contentUrl":"https:\/\/interamerica.org\/wp-content\/uploads\/2020\/07\/on-national-television-adventhealth-ceo-discusses-covid-care-masks-and-disney-opening-1280.jpg","width":1280,"height":800},{"@type":"BreadcrumbList","@id":"https:\/\/interamerica.org\/fr\/2020\/07\/a-la-television-nationale-le-pdg-dadventhealth-discute-des-soins-pour-le-covid-des-masques-et-de-louverture-de-disney\/#breadcrumb","itemListElement":[{"@type":"ListItem","position":1,"name":"Home","item":"https:\/\/interamerica.org\/fr\/"},{"@type":"ListItem","position":2,"name":"\u00c0 la t\u00e9l\u00e9vision nationale, le PDG d\u2019AdventHealth discute des soins pour le COVID, des masques et de l\u2019ouverture de Disney"}]},{"@type":"WebSite","@id":"https:\/\/interamerica.org\/fr\/#website","url":"https:\/\/interamerica.org\/fr\/","name":"\u00c9glise Adventiste Du Septieme Jour - Inter Am\u00e9rique Division","description":"","potentialAction":[{"@type":"SearchAction","target":{"@type":"EntryPoint","urlTemplate":"https:\/\/interamerica.org\/fr\/?s={search_term_string}"},"query-input":{"@type":"PropertyValueSpecification","valueRequired":true,"valueName":"search_term_string"}}],"inLanguage":"fr-FR"},{"@type":"Person","@id":"https:\/\/interamerica.org\/fr\/#\/schema\/person\/29998f2bc2d8bd0d38662909289b54f1","name":"libna","image":{"@type":"ImageObject","inLanguage":"fr-FR","@id":"https:\/\/secure.gravatar.com\/avatar\/7c5bd30ae4b47a9ba3c856590957fd1d96dc588bf3ac05719d247e126840331f?s=96&d=mm&r=g","url":"https:\/\/secure.gravatar.com\/avatar\/7c5bd30ae4b47a9ba3c856590957fd1d96dc588bf3ac05719d247e126840331f?s=96&d=mm&r=g","contentUrl":"https:\/\/secure.gravatar.com\/avatar\/7c5bd30ae4b47a9ba3c856590957fd1d96dc588bf3ac05719d247e126840331f?s=96&d=mm&r=g","caption":"libna"}}]}},"_links":{"self":[{"href":"https:\/\/interamerica.org\/fr\/wp-json\/wp\/v2\/posts\/60617","targetHints":{"allow":["GET"]}}],"collection":[{"href":"https:\/\/interamerica.org\/fr\/wp-json\/wp\/v2\/posts"}],"about":[{"href":"https:\/\/interamerica.org\/fr\/wp-json\/wp\/v2\/types\/post"}],"author":[{"embeddable":true,"href":"https:\/\/interamerica.org\/fr\/wp-json\/wp\/v2\/users\/3"}],"replies":[{"embeddable":true,"href":"https:\/\/interamerica.org\/fr\/wp-json\/wp\/v2\/comments?post=60617"}],"version-history":[{"count":0,"href":"https:\/\/interamerica.org\/fr\/wp-json\/wp\/v2\/posts\/60617\/revisions"}],"wp:featuredmedia":[{"embeddable":true,"href":"https:\/\/interamerica.org\/fr\/wp-json\/wp\/v2\/media\/60552"}],"wp:attachment":[{"href":"https:\/\/interamerica.org\/fr\/wp-json\/wp\/v2\/media?parent=60617"}],"wp:term":[{"taxonomy":"category","embeddable":true,"href":"https:\/\/interamerica.org\/fr\/wp-json\/wp\/v2\/categories?post=60617"},{"taxonomy":"post_tag","embeddable":true,"href":"https:\/\/interamerica.org\/fr\/wp-json\/wp\/v2\/tags?post=60617"}],"curies":[{"name":"wp","href":"https:\/\/api.w.org\/{rel}","templated":true}]}}