{"id":60618,"date":"2020-07-14T14:13:26","date_gmt":"2020-07-14T18:13:26","guid":{"rendered":"https:\/\/recursing-golick.147-182-135-0.plesk.page\/?p=60618"},"modified":"2020-07-15T10:59:03","modified_gmt":"2020-07-15T14:59:03","slug":"selon-un-expert-le-confinement-a-peut-etre-fait-augmenter-les-risques-de-cancer-de-la-peau","status":"publish","type":"post","link":"https:\/\/interamerica.org\/fr\/2020\/07\/selon-un-expert-le-confinement-a-peut-etre-fait-augmenter-les-risques-de-cancer-de-la-peau\/","title":{"rendered":"Selon un expert, le confinement a peut-\u00eatre fait augmenter les risques de cancer de la peau"},"content":{"rendered":"<p><span class=\"byline-news\">14 Juillet 2020 | Loma Linda, Californie, \u00c9tats-Unis | Par: Heather Jackson, P\u00f4le Sant\u00e9 de l\u2019Universit\u00e9 de Loma Linda et <\/span><em><span class=\"byline-news\">Adventist Review<\/span><\/em><\/p>\n<p><span class=\"cap\">L<\/span>es injonctions de confinement, le travail \u00e0 domicile et les restrictions sur les loisirs en plein air ont amen\u00e9 de nombreuses personnes \u00e0 rester \u00e0 l\u2019int\u00e9rieur de leurs maisons pendant la pand\u00e9mie de COVID-19. Aller \u00e0 l\u2019ext\u00e9rieur pendant de longues p\u00e9riodes apr\u00e8s \u00eatre rest\u00e9 longtemps \u00e0 l\u2019int\u00e9rieur a expos\u00e9 de nombreuses personnes au risque de contracter la forme la plus mortelle de cancer de la peau : le m\u00e9lanome.<\/p>\n<p>Un expert du cancer de la peau du Centre contre le Cancer \u00e0 l\u2019Universit\u00e9 de Loma Linda a r\u00e9cemment expliqu\u00e9 comment cette exposition int\u00e9rieure et ext\u00e9rieure peut \u00eatre d\u00e9sastreuse et comment les gens peuvent se prot\u00e9ger s\u2019ils choisissent de s\u2019aventurer \u00e0 l\u2019ext\u00e9rieur apr\u00e8s une longue p\u00e9riode de temps pass\u00e9e \u00e0 l\u2019int\u00e9rieur.<\/p>\n<p>Mark Reeves, directeur du Centre contre le Cancer \u00e0 l\u2019Universit\u00e9 de Loma Linda et expert du cancer de la peau, dit qu\u2019il assimile la pand\u00e9mie actuelle \u00e0 l\u2019hiver. Il dit que trop souvent il a vu des gens rester principalement \u00e0 l\u2019int\u00e9rieur pendant l\u2019hiver, ce qui limite leur exposition au soleil. Une fois l\u2019arriv\u00e9e du printemps ou de l\u2019\u00e9t\u00e9, les patients sortent souvent pour s\u2019exposer au soleil pendant de longues p\u00e9riodes.<\/p>\n<p>\u00ab Quand quelqu\u2019un reste \u00e0 la maison, sa peau n\u2019est plus habitu\u00e9e au soleil, \u00bb a expliqu\u00e9 Mark Reeves. \u00ab Quand ils sortent pour la premi\u00e8re fois, s\u2019endorment dans un parc, s\u2019endorment dans leur arri\u00e8re-cour ou restent dehors trop longtemps, ils finissent par avoir un mauvais coup de soleil en raison d\u2019une exposition intense au soleil. Je l\u2019ai vu maintes et maintes fois, et ce type de relation avec le soleil peut conduire \u00e0 un m\u00e9lanome. \u00bb<\/p>\n<p>Les rayons UV provenant d\u2019une exposition intense au soleil, p\u00e9n\u00e8trent et endommagent l\u2019ADN dans les cellules de la peau, ce qui provoque des mutations pouvant entra\u00eener un cancer de la peau. Vous assurer que vous restez en s\u00e9curit\u00e9 lorsque vous vous aventurez \u00e0 l\u2019ext\u00e9rieur est essentiel pour r\u00e9duire votre risque de m\u00e9lanome.<\/p>\n<p><strong>Quelques conseils pour profiter du soleil en toute s\u00e9curit\u00e9<\/strong><\/p>\n<p>Mark Reeves propose les conseils suivants pour rester en s\u00e9curit\u00e9 tout en profitant du soleil<\/p>\n<p><em>R\u00e9gulez votre temps d\u2019exposition au soleil.<\/em>\u00a0Mark Reeves dit que le fait de r\u00e9guler la quantit\u00e9 de soleil \u00e0 laquelle vous exposez votre peau, permettra \u00e0 votre corps de s\u2019adapter aux rayons UV. Si vous \u00eates rest\u00e9 \u00e0 l\u2019int\u00e9rieur pendant plusieurs mois, il n\u2019est pas sage d\u2019aller courir sur la plage pendant des heures ou de faire un barbecue dans la cour pendant plusieurs heures. R\u00e9gulez votre exposition en passant de courtes p\u00e9riodes au soleil, puis en augmentant lentement la dur\u00e9e au fil du temps. Les intervalles peuvent r\u00e9duire les dommages caus\u00e9s \u00e0 votre peau.<\/p>\n<p><em>Prot\u00e9gez-vous avec les v\u00eatements appropri\u00e9s<\/em>.\u00a0Assurez-vous de porter des manches longues et un chapeau si vous avez une activit\u00e9 n\u00e9cessitant une longue exposition \u00e0 l\u2019ext\u00e9rieur. Trouvez des moyens de couvrir votre peau si vous devez rester \u00e0 l\u2019ext\u00e9rieur pendant plusieurs heures.<\/p>\n<p><em>Pr\u00eatez attention aux r\u00e9glementations locales.<\/em>\u00a0Dans le cas sp\u00e9cifique de la Californie, certaines plages ne sont ouvertes que pour les activit\u00e9s physiques. Certaines personnes sont assises sous des parasols, et certaines plages n\u2019autorisent pas que l\u2019on s\u2019y pr\u00e9lasse, alors Mark Reeves avertit les gens de ne pas oublier le risque encouru suite \u00e0 une exposition au soleil sans la s\u00e9curit\u00e9 d\u2019un parasol. De plus, il dit que c\u2019est le bon moment pour vous assurer de porter les v\u00eatements appropri\u00e9s afin de rester en s\u00e9curit\u00e9.<\/p>\n<p>N\u2019oubliez jamais la cr\u00e8me solaire<em>.<\/em> L\u2019utilisation d\u2019un \u00e9cran solaire est le conseil le plus important. Choisissez un indice SPF 50 et sup\u00e9rieur, recommande Mark Reeves. Par-dessus tout, la cr\u00e8me solaire constitue votre meilleure d\u00e9fense contre le soleil. Il est tout aussi essentiel de mettre la cr\u00e8me lorsque vous sortez vous promener, lorsque vous vous pr\u00e9lassez dans la cour ou m\u00eame lorsque vous jardinez. Aucune activit\u00e9 simple faite \u00e0 l\u2019ext\u00e9rieur n\u2019est trop minime pour ne pas utiliser cette cr\u00e8me comme d\u00e9fense. Toute exposition au soleil n\u00e9cessite un \u00e9cran solaire.<\/p>\n<p><em>La<\/em><a href=\"https:\/\/news.llu.edu\/health-wellness\/staying-indoors-during-covid-pandemic-raises-possible-risk-for-deadliest-form-of-skin-cancer\" target=\"_blank\" rel=\"noopener noreferrer\"><em>version originale<\/em><\/a><em> de ce r\u00e9cit a \u00e9t\u00e9 publi\u00e9e sur le <\/em><a href=\"https:\/\/news.llu.edu\/\" target=\"_blank\" rel=\"noopener noreferrer\"><em>site d&rsquo;informations<\/em><\/a><em>du P\u00f4le Sant\u00e9 de l\u2019Universit\u00e9 de Loma Linda.<\/em><\/p>\n<p>Traduction: Patrick Luciathe<\/p>\n","protected":false},"excerpt":{"rendered":"<p>14 Juillet 2020 | Loma Linda, Californie, \u00c9tats-Unis | Par: Heather Jackson, P\u00f4le Sant\u00e9 de l\u2019Universit\u00e9 de Loma Linda et Adventist Review Les injonctions de confinement, le travail \u00e0 domicile&#8230;<\/p>\n","protected":false},"author":3,"featured_media":60571,"comment_status":"closed","ping_status":"closed","sticky":false,"template":"","format":"standard","meta":{"_acf_changed":false,"footnotes":""},"categories":[18,19],"tags":[],"class_list":["post-60618","post","type-post","status-publish","format-standard","has-post-thumbnail","hentry","category-nouvelles-de-leglise-mondiale","category-rss-francais"],"acf":[],"yoast_head":"<!-- This site is optimized with the Yoast SEO plugin v27.3 - https:\/\/yoast.com\/product\/yoast-seo-wordpress\/ -->\n<title>Selon un expert, le confinement a peut-\u00eatre fait augmenter les risques de cancer de la peau - \u00c9glise Adventiste Du Septieme Jour - Inter Am\u00e9rique Division<\/title>\n<meta name=\"robots\" content=\"index, follow, max-snippet:-1, max-image-preview:large, max-video-preview:-1\" \/>\n<link rel=\"canonical\" href=\"https:\/\/interamerica.org\/fr\/2020\/07\/selon-un-expert-le-confinement-a-peut-etre-fait-augmenter-les-risques-de-cancer-de-la-peau\/\" \/>\n<meta property=\"og:locale\" content=\"fr_FR\" \/>\n<meta property=\"og:type\" content=\"article\" \/>\n<meta property=\"og:title\" content=\"Selon un expert, le confinement a peut-\u00eatre fait augmenter les risques de cancer de la peau - \u00c9glise Adventiste Du Septieme Jour - Inter Am\u00e9rique Division\" \/>\n<meta property=\"og:description\" content=\"14 Juillet 2020 | Loma Linda, Californie, \u00c9tats-Unis | Par: Heather Jackson, P\u00f4le Sant\u00e9 de l\u2019Universit\u00e9 de Loma Linda et Adventist Review Les injonctions de confinement, le travail \u00e0 domicile...\" \/>\n<meta property=\"og:url\" content=\"https:\/\/interamerica.org\/fr\/2020\/07\/selon-un-expert-le-confinement-a-peut-etre-fait-augmenter-les-risques-de-cancer-de-la-peau\/\" \/>\n<meta property=\"og:site_name\" content=\"\u00c9glise Adventiste Du Septieme Jour - Inter Am\u00e9rique Division\" \/>\n<meta property=\"article:published_time\" content=\"2020-07-14T18:13:26+00:00\" \/>\n<meta property=\"article:modified_time\" content=\"2020-07-15T14:59:03+00:00\" \/>\n<meta property=\"og:image\" content=\"https:\/\/interamerica.org\/wp-content\/uploads\/2020\/07\/stay-at-home-4986802-1920-1280.jpg\" \/>\n\t<meta property=\"og:image:width\" content=\"1280\" \/>\n\t<meta property=\"og:image:height\" content=\"800\" \/>\n\t<meta property=\"og:image:type\" content=\"image\/jpeg\" \/>\n<meta name=\"author\" content=\"libna\" \/>\n<meta name=\"twitter:card\" content=\"summary_large_image\" \/>\n<meta name=\"twitter:label1\" content=\"\u00c9crit par\" \/>\n\t<meta name=\"twitter:data1\" content=\"libna\" \/>\n\t<meta name=\"twitter:label2\" content=\"Dur\u00e9e de lecture estim\u00e9e\" \/>\n\t<meta name=\"twitter:data2\" content=\"4 minutes\" \/>\n<script type=\"application\/ld+json\" class=\"yoast-schema-graph\">{\"@context\":\"https:\\\/\\\/schema.org\",\"@graph\":[{\"@type\":\"Article\",\"@id\":\"https:\\\/\\\/interamerica.org\\\/fr\\\/2020\\\/07\\\/selon-un-expert-le-confinement-a-peut-etre-fait-augmenter-les-risques-de-cancer-de-la-peau\\\/#article\",\"isPartOf\":{\"@id\":\"https:\\\/\\\/interamerica.org\\\/fr\\\/2020\\\/07\\\/selon-un-expert-le-confinement-a-peut-etre-fait-augmenter-les-risques-de-cancer-de-la-peau\\\/\"},\"author\":{\"name\":\"libna\",\"@id\":\"https:\\\/\\\/interamerica.org\\\/fr\\\/#\\\/schema\\\/person\\\/29998f2bc2d8bd0d38662909289b54f1\"},\"headline\":\"Selon un expert, le confinement a peut-\u00eatre fait augmenter les risques de cancer de la peau\",\"datePublished\":\"2020-07-14T18:13:26+00:00\",\"dateModified\":\"2020-07-15T14:59:03+00:00\",\"mainEntityOfPage\":{\"@id\":\"https:\\\/\\\/interamerica.org\\\/fr\\\/2020\\\/07\\\/selon-un-expert-le-confinement-a-peut-etre-fait-augmenter-les-risques-de-cancer-de-la-peau\\\/\"},\"wordCount\":800,\"image\":{\"@id\":\"https:\\\/\\\/interamerica.org\\\/fr\\\/2020\\\/07\\\/selon-un-expert-le-confinement-a-peut-etre-fait-augmenter-les-risques-de-cancer-de-la-peau\\\/#primaryimage\"},\"thumbnailUrl\":\"https:\\\/\\\/interamerica.org\\\/wp-content\\\/uploads\\\/2020\\\/07\\\/stay-at-home-4986802-1920-1280.jpg\",\"articleSection\":[\"Nouvelles de l'\u00c9glise mondiale\",\"RSS Fran\u00e7ais\"],\"inLanguage\":\"fr-FR\"},{\"@type\":\"WebPage\",\"@id\":\"https:\\\/\\\/interamerica.org\\\/fr\\\/2020\\\/07\\\/selon-un-expert-le-confinement-a-peut-etre-fait-augmenter-les-risques-de-cancer-de-la-peau\\\/\",\"url\":\"https:\\\/\\\/interamerica.org\\\/fr\\\/2020\\\/07\\\/selon-un-expert-le-confinement-a-peut-etre-fait-augmenter-les-risques-de-cancer-de-la-peau\\\/\",\"name\":\"Selon un expert, le confinement a peut-\u00eatre fait augmenter les risques de cancer de la peau - \u00c9glise Adventiste Du Septieme Jour - Inter Am\u00e9rique Division\",\"isPartOf\":{\"@id\":\"https:\\\/\\\/interamerica.org\\\/fr\\\/#website\"},\"primaryImageOfPage\":{\"@id\":\"https:\\\/\\\/interamerica.org\\\/fr\\\/2020\\\/07\\\/selon-un-expert-le-confinement-a-peut-etre-fait-augmenter-les-risques-de-cancer-de-la-peau\\\/#primaryimage\"},\"image\":{\"@id\":\"https:\\\/\\\/interamerica.org\\\/fr\\\/2020\\\/07\\\/selon-un-expert-le-confinement-a-peut-etre-fait-augmenter-les-risques-de-cancer-de-la-peau\\\/#primaryimage\"},\"thumbnailUrl\":\"https:\\\/\\\/interamerica.org\\\/wp-content\\\/uploads\\\/2020\\\/07\\\/stay-at-home-4986802-1920-1280.jpg\",\"datePublished\":\"2020-07-14T18:13:26+00:00\",\"dateModified\":\"2020-07-15T14:59:03+00:00\",\"author\":{\"@id\":\"https:\\\/\\\/interamerica.org\\\/fr\\\/#\\\/schema\\\/person\\\/29998f2bc2d8bd0d38662909289b54f1\"},\"breadcrumb\":{\"@id\":\"https:\\\/\\\/interamerica.org\\\/fr\\\/2020\\\/07\\\/selon-un-expert-le-confinement-a-peut-etre-fait-augmenter-les-risques-de-cancer-de-la-peau\\\/#breadcrumb\"},\"inLanguage\":\"fr-FR\",\"potentialAction\":[{\"@type\":\"ReadAction\",\"target\":[\"https:\\\/\\\/interamerica.org\\\/fr\\\/2020\\\/07\\\/selon-un-expert-le-confinement-a-peut-etre-fait-augmenter-les-risques-de-cancer-de-la-peau\\\/\"]}]},{\"@type\":\"ImageObject\",\"inLanguage\":\"fr-FR\",\"@id\":\"https:\\\/\\\/interamerica.org\\\/fr\\\/2020\\\/07\\\/selon-un-expert-le-confinement-a-peut-etre-fait-augmenter-les-risques-de-cancer-de-la-peau\\\/#primaryimage\",\"url\":\"https:\\\/\\\/interamerica.org\\\/wp-content\\\/uploads\\\/2020\\\/07\\\/stay-at-home-4986802-1920-1280.jpg\",\"contentUrl\":\"https:\\\/\\\/interamerica.org\\\/wp-content\\\/uploads\\\/2020\\\/07\\\/stay-at-home-4986802-1920-1280.jpg\",\"width\":1280,\"height\":800,\"caption\":\"[Photo: Pixabay]\"},{\"@type\":\"BreadcrumbList\",\"@id\":\"https:\\\/\\\/interamerica.org\\\/fr\\\/2020\\\/07\\\/selon-un-expert-le-confinement-a-peut-etre-fait-augmenter-les-risques-de-cancer-de-la-peau\\\/#breadcrumb\",\"itemListElement\":[{\"@type\":\"ListItem\",\"position\":1,\"name\":\"Home\",\"item\":\"https:\\\/\\\/interamerica.org\\\/fr\\\/\"},{\"@type\":\"ListItem\",\"position\":2,\"name\":\"Selon un expert, le confinement a peut-\u00eatre fait augmenter les risques de cancer de la peau\"}]},{\"@type\":\"WebSite\",\"@id\":\"https:\\\/\\\/interamerica.org\\\/fr\\\/#website\",\"url\":\"https:\\\/\\\/interamerica.org\\\/fr\\\/\",\"name\":\"\u00c9glise Adventiste Du Septieme Jour - Inter Am\u00e9rique Division\",\"description\":\"\",\"potentialAction\":[{\"@type\":\"SearchAction\",\"target\":{\"@type\":\"EntryPoint\",\"urlTemplate\":\"https:\\\/\\\/interamerica.org\\\/fr\\\/?s={search_term_string}\"},\"query-input\":{\"@type\":\"PropertyValueSpecification\",\"valueRequired\":true,\"valueName\":\"search_term_string\"}}],\"inLanguage\":\"fr-FR\"},{\"@type\":\"Person\",\"@id\":\"https:\\\/\\\/interamerica.org\\\/fr\\\/#\\\/schema\\\/person\\\/29998f2bc2d8bd0d38662909289b54f1\",\"name\":\"libna\",\"image\":{\"@type\":\"ImageObject\",\"inLanguage\":\"fr-FR\",\"@id\":\"https:\\\/\\\/secure.gravatar.com\\\/avatar\\\/7c5bd30ae4b47a9ba3c856590957fd1d96dc588bf3ac05719d247e126840331f?s=96&d=mm&r=g\",\"url\":\"https:\\\/\\\/secure.gravatar.com\\\/avatar\\\/7c5bd30ae4b47a9ba3c856590957fd1d96dc588bf3ac05719d247e126840331f?s=96&d=mm&r=g\",\"contentUrl\":\"https:\\\/\\\/secure.gravatar.com\\\/avatar\\\/7c5bd30ae4b47a9ba3c856590957fd1d96dc588bf3ac05719d247e126840331f?s=96&d=mm&r=g\",\"caption\":\"libna\"}}]}<\/script>\n<!-- \/ Yoast SEO plugin. -->","yoast_head_json":{"title":"Selon un expert, le confinement a peut-\u00eatre fait augmenter les risques de cancer de la peau - \u00c9glise Adventiste Du Septieme Jour - Inter Am\u00e9rique Division","robots":{"index":"index","follow":"follow","max-snippet":"max-snippet:-1","max-image-preview":"max-image-preview:large","max-video-preview":"max-video-preview:-1"},"canonical":"https:\/\/interamerica.org\/fr\/2020\/07\/selon-un-expert-le-confinement-a-peut-etre-fait-augmenter-les-risques-de-cancer-de-la-peau\/","og_locale":"fr_FR","og_type":"article","og_title":"Selon un expert, le confinement a peut-\u00eatre fait augmenter les risques de cancer de la peau - \u00c9glise Adventiste Du Septieme Jour - Inter Am\u00e9rique Division","og_description":"14 Juillet 2020 | Loma Linda, Californie, \u00c9tats-Unis | Par: Heather Jackson, P\u00f4le Sant\u00e9 de l\u2019Universit\u00e9 de Loma Linda et Adventist Review Les injonctions de confinement, le travail \u00e0 domicile...","og_url":"https:\/\/interamerica.org\/fr\/2020\/07\/selon-un-expert-le-confinement-a-peut-etre-fait-augmenter-les-risques-de-cancer-de-la-peau\/","og_site_name":"\u00c9glise Adventiste Du Septieme Jour - Inter Am\u00e9rique Division","article_published_time":"2020-07-14T18:13:26+00:00","article_modified_time":"2020-07-15T14:59:03+00:00","og_image":[{"width":1280,"height":800,"url":"https:\/\/interamerica.org\/wp-content\/uploads\/2020\/07\/stay-at-home-4986802-1920-1280.jpg","type":"image\/jpeg"}],"author":"libna","twitter_card":"summary_large_image","twitter_misc":{"\u00c9crit par":"libna","Dur\u00e9e de lecture estim\u00e9e":"4 minutes"},"schema":{"@context":"https:\/\/schema.org","@graph":[{"@type":"Article","@id":"https:\/\/interamerica.org\/fr\/2020\/07\/selon-un-expert-le-confinement-a-peut-etre-fait-augmenter-les-risques-de-cancer-de-la-peau\/#article","isPartOf":{"@id":"https:\/\/interamerica.org\/fr\/2020\/07\/selon-un-expert-le-confinement-a-peut-etre-fait-augmenter-les-risques-de-cancer-de-la-peau\/"},"author":{"name":"libna","@id":"https:\/\/interamerica.org\/fr\/#\/schema\/person\/29998f2bc2d8bd0d38662909289b54f1"},"headline":"Selon un expert, le confinement a peut-\u00eatre fait augmenter les risques de cancer de la peau","datePublished":"2020-07-14T18:13:26+00:00","dateModified":"2020-07-15T14:59:03+00:00","mainEntityOfPage":{"@id":"https:\/\/interamerica.org\/fr\/2020\/07\/selon-un-expert-le-confinement-a-peut-etre-fait-augmenter-les-risques-de-cancer-de-la-peau\/"},"wordCount":800,"image":{"@id":"https:\/\/interamerica.org\/fr\/2020\/07\/selon-un-expert-le-confinement-a-peut-etre-fait-augmenter-les-risques-de-cancer-de-la-peau\/#primaryimage"},"thumbnailUrl":"https:\/\/interamerica.org\/wp-content\/uploads\/2020\/07\/stay-at-home-4986802-1920-1280.jpg","articleSection":["Nouvelles de l'\u00c9glise mondiale","RSS Fran\u00e7ais"],"inLanguage":"fr-FR"},{"@type":"WebPage","@id":"https:\/\/interamerica.org\/fr\/2020\/07\/selon-un-expert-le-confinement-a-peut-etre-fait-augmenter-les-risques-de-cancer-de-la-peau\/","url":"https:\/\/interamerica.org\/fr\/2020\/07\/selon-un-expert-le-confinement-a-peut-etre-fait-augmenter-les-risques-de-cancer-de-la-peau\/","name":"Selon un expert, le confinement a peut-\u00eatre fait augmenter les risques de cancer de la peau - \u00c9glise Adventiste Du Septieme Jour - Inter Am\u00e9rique Division","isPartOf":{"@id":"https:\/\/interamerica.org\/fr\/#website"},"primaryImageOfPage":{"@id":"https:\/\/interamerica.org\/fr\/2020\/07\/selon-un-expert-le-confinement-a-peut-etre-fait-augmenter-les-risques-de-cancer-de-la-peau\/#primaryimage"},"image":{"@id":"https:\/\/interamerica.org\/fr\/2020\/07\/selon-un-expert-le-confinement-a-peut-etre-fait-augmenter-les-risques-de-cancer-de-la-peau\/#primaryimage"},"thumbnailUrl":"https:\/\/interamerica.org\/wp-content\/uploads\/2020\/07\/stay-at-home-4986802-1920-1280.jpg","datePublished":"2020-07-14T18:13:26+00:00","dateModified":"2020-07-15T14:59:03+00:00","author":{"@id":"https:\/\/interamerica.org\/fr\/#\/schema\/person\/29998f2bc2d8bd0d38662909289b54f1"},"breadcrumb":{"@id":"https:\/\/interamerica.org\/fr\/2020\/07\/selon-un-expert-le-confinement-a-peut-etre-fait-augmenter-les-risques-de-cancer-de-la-peau\/#breadcrumb"},"inLanguage":"fr-FR","potentialAction":[{"@type":"ReadAction","target":["https:\/\/interamerica.org\/fr\/2020\/07\/selon-un-expert-le-confinement-a-peut-etre-fait-augmenter-les-risques-de-cancer-de-la-peau\/"]}]},{"@type":"ImageObject","inLanguage":"fr-FR","@id":"https:\/\/interamerica.org\/fr\/2020\/07\/selon-un-expert-le-confinement-a-peut-etre-fait-augmenter-les-risques-de-cancer-de-la-peau\/#primaryimage","url":"https:\/\/interamerica.org\/wp-content\/uploads\/2020\/07\/stay-at-home-4986802-1920-1280.jpg","contentUrl":"https:\/\/interamerica.org\/wp-content\/uploads\/2020\/07\/stay-at-home-4986802-1920-1280.jpg","width":1280,"height":800,"caption":"[Photo: Pixabay]"},{"@type":"BreadcrumbList","@id":"https:\/\/interamerica.org\/fr\/2020\/07\/selon-un-expert-le-confinement-a-peut-etre-fait-augmenter-les-risques-de-cancer-de-la-peau\/#breadcrumb","itemListElement":[{"@type":"ListItem","position":1,"name":"Home","item":"https:\/\/interamerica.org\/fr\/"},{"@type":"ListItem","position":2,"name":"Selon un expert, le confinement a peut-\u00eatre fait augmenter les risques de cancer de la peau"}]},{"@type":"WebSite","@id":"https:\/\/interamerica.org\/fr\/#website","url":"https:\/\/interamerica.org\/fr\/","name":"\u00c9glise Adventiste Du Septieme Jour - Inter Am\u00e9rique Division","description":"","potentialAction":[{"@type":"SearchAction","target":{"@type":"EntryPoint","urlTemplate":"https:\/\/interamerica.org\/fr\/?s={search_term_string}"},"query-input":{"@type":"PropertyValueSpecification","valueRequired":true,"valueName":"search_term_string"}}],"inLanguage":"fr-FR"},{"@type":"Person","@id":"https:\/\/interamerica.org\/fr\/#\/schema\/person\/29998f2bc2d8bd0d38662909289b54f1","name":"libna","image":{"@type":"ImageObject","inLanguage":"fr-FR","@id":"https:\/\/secure.gravatar.com\/avatar\/7c5bd30ae4b47a9ba3c856590957fd1d96dc588bf3ac05719d247e126840331f?s=96&d=mm&r=g","url":"https:\/\/secure.gravatar.com\/avatar\/7c5bd30ae4b47a9ba3c856590957fd1d96dc588bf3ac05719d247e126840331f?s=96&d=mm&r=g","contentUrl":"https:\/\/secure.gravatar.com\/avatar\/7c5bd30ae4b47a9ba3c856590957fd1d96dc588bf3ac05719d247e126840331f?s=96&d=mm&r=g","caption":"libna"}}]}},"_links":{"self":[{"href":"https:\/\/interamerica.org\/fr\/wp-json\/wp\/v2\/posts\/60618","targetHints":{"allow":["GET"]}}],"collection":[{"href":"https:\/\/interamerica.org\/fr\/wp-json\/wp\/v2\/posts"}],"about":[{"href":"https:\/\/interamerica.org\/fr\/wp-json\/wp\/v2\/types\/post"}],"author":[{"embeddable":true,"href":"https:\/\/interamerica.org\/fr\/wp-json\/wp\/v2\/users\/3"}],"replies":[{"embeddable":true,"href":"https:\/\/interamerica.org\/fr\/wp-json\/wp\/v2\/comments?post=60618"}],"version-history":[{"count":0,"href":"https:\/\/interamerica.org\/fr\/wp-json\/wp\/v2\/posts\/60618\/revisions"}],"wp:featuredmedia":[{"embeddable":true,"href":"https:\/\/interamerica.org\/fr\/wp-json\/wp\/v2\/media\/60571"}],"wp:attachment":[{"href":"https:\/\/interamerica.org\/fr\/wp-json\/wp\/v2\/media?parent=60618"}],"wp:term":[{"taxonomy":"category","embeddable":true,"href":"https:\/\/interamerica.org\/fr\/wp-json\/wp\/v2\/categories?post=60618"},{"taxonomy":"post_tag","embeddable":true,"href":"https:\/\/interamerica.org\/fr\/wp-json\/wp\/v2\/tags?post=60618"}],"curies":[{"name":"wp","href":"https:\/\/api.w.org\/{rel}","templated":true}]}}